{"id":7937,"date":"2020-06-27T08:00:26","date_gmt":"2020-06-27T07:00:26","guid":{"rendered":"https:\/\/www.welovecycling.com\/hu\/?p=7937"},"modified":"2020-06-19T12:50:20","modified_gmt":"2020-06-19T11:50:20","slug":"sorra-dolnek-az-everest-rekordok","status":"publish","type":"post","link":"https:\/\/www.welovecycling.com\/hu\/edzes-es-eletmod\/sorra-dolnek-az-everest-rekordok\/","title":{"rendered":"Sorra d\u0151lnek az Everest-rekordok"},"content":{"rendered":"<p><strong>Az ut\u00f3bbi p\u00e1r h\u00f3napban igen felkapott\u00e1 v\u00e1lt az \u201eEveresting\u201d. A sok egy\u00e9b otthoni elfoglalts\u00e1g mellett, az Everest megm\u00e1sz\u00e1s\u00e1r\u00f3l is kider\u00fclt, hogy otthon is meg lehet csin\u00e1lni, vagy legal\u00e1bbis a lak\u00f3helyed k\u00f6zel\u00e9ben. Csak egy szimpatikus \u00fatvonal \u00e9s rengeteg akarater\u0151 kell hozz\u00e1.<\/strong><!--more--><\/p>\n<p>A kih\u00edv\u00e1s c\u00e9lja el\u00e9rni 8848 m\u00e9teres szintemelked\u00e9st. Jelenleg nem csak, hogy sokan igyekeznek ezt teljes\u00edteni, de a profik k\u00f6z\u00f6tt az\u00e9rt d\u00fal a harc, hogy ki tudja a legr\u00f6videbb id\u0151 alatt megtenni. Phil Gaimon kezdte a hat\u00e1rok feszeget\u00e9s\u00e9t n\u00e9h\u00e1ny h\u00f3nappal ezel\u0151tt, azonban Keegan Swenson n\u00e9gy nappal k\u00e9s\u0151bb meg is d\u00f6nt\u00f6tte rekordj\u00e1t: 7 \u00f3ra 40 perc alatt fent is volt a k\u00e9pzeletbeli cs\u00facson.<\/p>\n<figure id=\"attachment_7939\" aria-describedby=\"caption-attachment-7939\" style=\"width: 1000px\" class=\"wp-caption aligncenter\"><img loading=\"lazy\" decoding=\"async\" class=\"size-full wp-image-7939\" src=\"https:\/\/d2p6e6u75xmxt8.cloudfront.net\/12\/2020\/06\/iHNcb5kZZ84m94hvMpQdZU-1200-80.jpg\" alt=\"\" width=\"1000\" height=\"668\" \/><figcaption id=\"caption-attachment-7939\" class=\"wp-caption-text\">Keegan Swanson k\u00fczd az Everest\u00e9rt<\/figcaption><\/figure>\n<p>A n\u0151i ker\u00e9kp\u00e1rosok sem n\u00e9zik t\u00e9tlen\u00fcl a k\u00fczdelmet: Lauren De Crescenzo l\u00e9pte \u00e1t el\u0151sz\u00f6r a 10 \u00f3r\u00e1s hat\u00e1rt, ezzel megd\u00f6ntve Katie Hall 10 \u00f3ra 25 perces rekordj\u00e1t.<\/p>\n<p>https:\/\/www.instagram.com\/p\/CBZc238p7JF\/<\/p>\n<p>Ekkor l\u00e9pett a sz\u00ednre Lachlan Morton \u00e9s minden v\u00e1rakoz\u00e1st fel\u00fclm\u00falt. A hegyiker\u00e9kp\u00e1ros m\u00falttal is b\u00fcszk\u00e9lkedhet\u0151 bring\u00e1snak j\u00f3l j\u00f6tt, hogy a Rist Canyon k\u00f6zel\u00e9ben \u00e9l: a 11%-os \u00e1tlagos emelked\u00e9s \u00e9s a 2200 m\u00e9teren fekv\u0151 kiindul\u00f3pont t\u00f6k\u00e9letes terepet ny\u00fajtott a kih\u00edv\u00e1s teljes\u00edt\u00e9s\u00e9hez. Mind\u00f6ssze negyvenk\u00e9t alkalommal kellett megtennie a hegyi szakaszt, \u00e9s m\u00e1r meg is volt a 8848 m\u00e9teres szintk\u00fcl\u00f6nbs\u00e9g, 7 \u00f3ra 32 perc 54 m\u00e1sodperc alatt.<\/p>\n<figure id=\"attachment_7941\" aria-describedby=\"caption-attachment-7941\" style=\"width: 1200px\" class=\"wp-caption aligncenter\"><img loading=\"lazy\" decoding=\"async\" class=\"size-full wp-image-7941\" src=\"https:\/\/d2p6e6u75xmxt8.cloudfront.net\/12\/2020\/06\/z6zp9Jr.jpg\" alt=\"\" width=\"1200\" height=\"675\" \/><figcaption id=\"caption-attachment-7941\" class=\"wp-caption-text\">A Rist Canyon<\/figcaption><\/figure>\n<p>Mondanunk sem kell, nem mindenki viselte j\u00f3l, amikor megd\u00f6nt\u00f6tt\u00e9k a rekordj\u00e1t: a kor\u00e1bbi cs\u00facstart\u00f3 &#8211; aki a 2017-es rekordot d\u00f6nt\u00f6tte meg id\u00e9n m\u00e1jusban &#8211; Phil Gaimon m\u00e9g vide\u00f3t is k\u00e9sz\u00edtett, melyben megfogadta, hogy hamarosan megpr\u00f3b\u00e1lja visszaszerezni a vezet\u00e9st! (Miut\u00e1n persze abbahagyta a s\u00edr\u00e1st.)<\/p>\n<lite-youtube videoid=0gTJIlgXVyo params=\"enablejsapi=1\" style=\"background-image: url('https:\/\/i.ytimg.com\/vi_webp\/0gTJIlgXVyo\/maxresdefault.webp');\"><\/lite-youtube>\n<p>Ha kedvet kapt\u00e1l a hegym\u00e1sz\u00e1shoz, <a href=\"https:\/\/www.welovecycling.com\/hu\/orszaguti-kerekpar\/5-tipp-hogy-meglegyen-a-8848-meter\/\">kor\u00e1bbi cikk\u00fcnkben<\/a> \u00f6sszegy\u0171jt\u00f6tt\u00fcnk p\u00e1r tippet, ami seg\u00edthet a felk\u00e9sz\u00fcl\u00e9sben! Ha belev\u00e1gsz, oszd meg vel\u00fcnk a <a href=\"https:\/\/www.strava.com\/clubs\/wlchu\">We Love Cycling Magyarorsz\u00e1g Strava Klubj\u00e1ban<\/a> az eredm\u00e9nyt!<\/p>\n<p><em>Forr\u00e1s: <\/em><a href=\"http:\/\/www.velo.hu\/nem-csitul-az-everest-ride-mania-lachlan-morton-az-uj-csucstarto.html\"><em>www.velo.hu<\/em><\/a><\/p>\n","protected":false},"excerpt":{"rendered":"<p>Az ut\u00f3bbi p\u00e1r h\u00f3napban igen felkapott\u00e1 v\u00e1lt az \u201eEveresting\u201d. A sok egy\u00e9b otthoni elfoglalts\u00e1g mellett, az Everest megm\u00e1sz\u00e1s\u00e1r\u00f3l is kider\u00fclt, [&hellip;]<\/p>\n","protected":false},"author":71,"featured_media":7938,"comment_status":"open","ping_status":"open","sticky":false,"template":"","format":"standard","meta":{"footnotes":""},"categories":[6],"tags":[],"global-categories":[],"class_list":["post-7937","post","type-post","status-publish","format-standard","has-post-thumbnail","hentry","category-edzes-es-eletmod"],"yoast_head":"<!-- This site is optimized with the Yoast SEO Premium plugin v25.3 (Yoast SEO v25.9) - https:\/\/yoast.com\/wordpress\/plugins\/seo\/ -->\n<title>Sorra d\u0151lnek az Everest-rekordok - \u0160koda We Love Cycling - Magyarorsz\u00e1g<\/title>\n<meta name=\"robots\" content=\"index, follow, max-snippet:-1, max-image-preview:large, max-video-preview:-1\" \/>\n<link rel=\"canonical\" href=\"https:\/\/www.welovecycling.com\/hu\/edzes-es-eletmod\/sorra-dolnek-az-everest-rekordok\/\" \/>\n<meta property=\"og:locale\" content=\"hu_HU\" \/>\n<meta property=\"og:type\" content=\"article\" \/>\n<meta property=\"og:title\" content=\"Sorra d\u0151lnek az Everest-rekordok\" \/>\n<meta property=\"og:description\" content=\"Az ut\u00f3bbi p\u00e1r h\u00f3napban igen felkapott\u00e1 v\u00e1lt az \u201eEveresting\u201d. A sok egy\u00e9b otthoni elfoglalts\u00e1g mellett, az Everest megm\u00e1sz\u00e1s\u00e1r\u00f3l is kider\u00fclt, [&hellip;]\" \/>\n<meta property=\"og:url\" content=\"https:\/\/www.welovecycling.com\/hu\/edzes-es-eletmod\/sorra-dolnek-az-everest-rekordok\/\" \/>\n<meta property=\"og:site_name\" content=\"\u0160koda We Love Cycling - Magyarorsz\u00e1g\" \/>\n<meta property=\"article:publisher\" content=\"https:\/\/www.facebook.com\/WeLoveCyclingHungary\/\" \/>\n<meta property=\"article:published_time\" content=\"2020-06-27T07:00:26+00:00\" \/>\n<meta property=\"og:image\" content=\"https:\/\/d2p6e6u75xmxt8.cloudfront.net\/12\/2020\/06\/mount-everest-1502349_1920.jpg\" \/>\n\t<meta property=\"og:image:width\" content=\"1920\" \/>\n\t<meta property=\"og:image:height\" content=\"1280\" \/>\n\t<meta property=\"og:image:type\" content=\"image\/jpeg\" \/>\n<meta name=\"author\" content=\"hegyizs\" \/>\n<meta name=\"twitter:card\" content=\"summary_large_image\" \/>\n<meta name=\"twitter:label1\" content=\"Written by\" \/>\n\t<meta name=\"twitter:data1\" content=\"WLC\" \/>\n\t<meta name=\"twitter:label2\" content=\"Est. reading time\" \/>\n\t<meta name=\"twitter:data2\" content=\"2 minutes\" \/>\n<script type=\"application\/ld+json\" class=\"yoast-schema-graph\">{\"@context\":\"https:\/\/schema.org\",\"@graph\":[{\"@type\":\"WebPage\",\"@id\":\"https:\/\/www.welovecycling.com\/hu\/edzes-es-eletmod\/sorra-dolnek-az-everest-rekordok\/\",\"url\":\"https:\/\/www.welovecycling.com\/hu\/edzes-es-eletmod\/sorra-dolnek-az-everest-rekordok\/\",\"name\":\"Sorra d\u0151lnek az Everest-rekordok - \u0160koda We Love Cycling - Magyarorsz\u00e1g\",\"isPartOf\":{\"@id\":\"https:\/\/www.welovecycling.com\/hu\/#website\"},\"primaryImageOfPage\":{\"@id\":\"https:\/\/www.welovecycling.com\/hu\/edzes-es-eletmod\/sorra-dolnek-az-everest-rekordok\/#primaryimage\"},\"image\":{\"@id\":\"https:\/\/www.welovecycling.com\/hu\/edzes-es-eletmod\/sorra-dolnek-az-everest-rekordok\/#primaryimage\"},\"thumbnailUrl\":\"https:\/\/d2p6e6u75xmxt8.cloudfront.net\/12\/2020\/06\/mount-everest-1502349_1920.jpg\",\"datePublished\":\"2020-06-27T07:00:26+00:00\",\"author\":{\"@id\":\"https:\/\/www.welovecycling.com\/hu\/#\/schema\/person\/414a2aebf1801691a5320edb6468e194\"},\"breadcrumb\":{\"@id\":\"https:\/\/www.welovecycling.com\/hu\/edzes-es-eletmod\/sorra-dolnek-az-everest-rekordok\/#breadcrumb\"},\"inLanguage\":\"hu\",\"potentialAction\":[{\"@type\":\"ReadAction\",\"target\":[\"https:\/\/www.welovecycling.com\/hu\/edzes-es-eletmod\/sorra-dolnek-az-everest-rekordok\/\"]}]},{\"@type\":\"ImageObject\",\"inLanguage\":\"hu\",\"@id\":\"https:\/\/www.welovecycling.com\/hu\/edzes-es-eletmod\/sorra-dolnek-az-everest-rekordok\/#primaryimage\",\"url\":\"https:\/\/d2p6e6u75xmxt8.cloudfront.net\/12\/2020\/06\/mount-everest-1502349_1920.jpg\",\"contentUrl\":\"https:\/\/d2p6e6u75xmxt8.cloudfront.net\/12\/2020\/06\/mount-everest-1502349_1920.jpg\",\"width\":1920,\"height\":1280},{\"@type\":\"BreadcrumbList\",\"@id\":\"https:\/\/www.welovecycling.com\/hu\/edzes-es-eletmod\/sorra-dolnek-az-everest-rekordok\/#breadcrumb\",\"itemListElement\":[{\"@type\":\"ListItem\",\"position\":1,\"name\":\"Home\",\"item\":\"https:\/\/www.welovecycling.com\/hu\/\"},{\"@type\":\"ListItem\",\"position\":2,\"name\":\"Sorra d\u0151lnek az Everest-rekordok\"}]},{\"@type\":\"WebSite\",\"@id\":\"https:\/\/www.welovecycling.com\/hu\/#website\",\"url\":\"https:\/\/www.welovecycling.com\/hu\/\",\"name\":\"\u0160koda We Love Cycling - Magyarorsz\u00e1g\",\"description\":\"\u0160koda WeLoveCycling\",\"potentialAction\":[{\"@type\":\"SearchAction\",\"target\":{\"@type\":\"EntryPoint\",\"urlTemplate\":\"https:\/\/www.welovecycling.com\/hu\/?s={search_term_string}\"},\"query-input\":{\"@type\":\"PropertyValueSpecification\",\"valueRequired\":true,\"valueName\":\"search_term_string\"}}],\"inLanguage\":\"hu\"},{\"@type\":\"Person\",\"@id\":\"https:\/\/www.welovecycling.com\/hu\/#\/schema\/person\/414a2aebf1801691a5320edb6468e194\",\"name\":\"hegyizs\",\"image\":{\"@type\":\"ImageObject\",\"inLanguage\":\"hu\",\"@id\":\"https:\/\/www.welovecycling.com\/hu\/#\/schema\/person\/image\/\",\"url\":\"https:\/\/secure.gravatar.com\/avatar\/02cf8a7906b8cf90cecb4679defac7cfd33a1c2e3b88e4903d947f3bb58eedd3?s=96&d=mm&r=g\",\"contentUrl\":\"https:\/\/secure.gravatar.com\/avatar\/02cf8a7906b8cf90cecb4679defac7cfd33a1c2e3b88e4903d947f3bb58eedd3?s=96&d=mm&r=g\",\"caption\":\"hegyizs\"},\"url\":\"https:\/\/www.welovecycling.com\/hu\/author\/hegyizs\/\"}]}<\/script>\n<!-- \/ Yoast SEO Premium plugin. -->","yoast_head_json":{"title":"Sorra d\u0151lnek az Everest-rekordok - \u0160koda We Love Cycling - Magyarorsz\u00e1g","robots":{"index":"index","follow":"follow","max-snippet":"max-snippet:-1","max-image-preview":"max-image-preview:large","max-video-preview":"max-video-preview:-1"},"canonical":"https:\/\/www.welovecycling.com\/hu\/edzes-es-eletmod\/sorra-dolnek-az-everest-rekordok\/","og_locale":"hu_HU","og_type":"article","og_title":"Sorra d\u0151lnek az Everest-rekordok","og_description":"Az ut\u00f3bbi p\u00e1r h\u00f3napban igen felkapott\u00e1 v\u00e1lt az \u201eEveresting\u201d. A sok egy\u00e9b otthoni elfoglalts\u00e1g mellett, az Everest megm\u00e1sz\u00e1s\u00e1r\u00f3l is kider\u00fclt, [&hellip;]","og_url":"https:\/\/www.welovecycling.com\/hu\/edzes-es-eletmod\/sorra-dolnek-az-everest-rekordok\/","og_site_name":"\u0160koda We Love Cycling - Magyarorsz\u00e1g","article_publisher":"https:\/\/www.facebook.com\/WeLoveCyclingHungary\/","article_published_time":"2020-06-27T07:00:26+00:00","og_image":[{"width":1920,"height":1280,"url":"https:\/\/d2p6e6u75xmxt8.cloudfront.net\/12\/2020\/06\/mount-everest-1502349_1920.jpg","type":"image\/jpeg"}],"author":"hegyizs","twitter_card":"summary_large_image","twitter_misc":{"Written by":"WLC","Est. reading time":"2 minutes"},"schema":{"@context":"https:\/\/schema.org","@graph":[{"@type":"WebPage","@id":"https:\/\/www.welovecycling.com\/hu\/edzes-es-eletmod\/sorra-dolnek-az-everest-rekordok\/","url":"https:\/\/www.welovecycling.com\/hu\/edzes-es-eletmod\/sorra-dolnek-az-everest-rekordok\/","name":"Sorra d\u0151lnek az Everest-rekordok - \u0160koda We Love Cycling - Magyarorsz\u00e1g","isPartOf":{"@id":"https:\/\/www.welovecycling.com\/hu\/#website"},"primaryImageOfPage":{"@id":"https:\/\/www.welovecycling.com\/hu\/edzes-es-eletmod\/sorra-dolnek-az-everest-rekordok\/#primaryimage"},"image":{"@id":"https:\/\/www.welovecycling.com\/hu\/edzes-es-eletmod\/sorra-dolnek-az-everest-rekordok\/#primaryimage"},"thumbnailUrl":"https:\/\/d2p6e6u75xmxt8.cloudfront.net\/12\/2020\/06\/mount-everest-1502349_1920.jpg","datePublished":"2020-06-27T07:00:26+00:00","author":{"@id":"https:\/\/www.welovecycling.com\/hu\/#\/schema\/person\/414a2aebf1801691a5320edb6468e194"},"breadcrumb":{"@id":"https:\/\/www.welovecycling.com\/hu\/edzes-es-eletmod\/sorra-dolnek-az-everest-rekordok\/#breadcrumb"},"inLanguage":"hu","potentialAction":[{"@type":"ReadAction","target":["https:\/\/www.welovecycling.com\/hu\/edzes-es-eletmod\/sorra-dolnek-az-everest-rekordok\/"]}]},{"@type":"ImageObject","inLanguage":"hu","@id":"https:\/\/www.welovecycling.com\/hu\/edzes-es-eletmod\/sorra-dolnek-az-everest-rekordok\/#primaryimage","url":"https:\/\/d2p6e6u75xmxt8.cloudfront.net\/12\/2020\/06\/mount-everest-1502349_1920.jpg","contentUrl":"https:\/\/d2p6e6u75xmxt8.cloudfront.net\/12\/2020\/06\/mount-everest-1502349_1920.jpg","width":1920,"height":1280},{"@type":"BreadcrumbList","@id":"https:\/\/www.welovecycling.com\/hu\/edzes-es-eletmod\/sorra-dolnek-az-everest-rekordok\/#breadcrumb","itemListElement":[{"@type":"ListItem","position":1,"name":"Home","item":"https:\/\/www.welovecycling.com\/hu\/"},{"@type":"ListItem","position":2,"name":"Sorra d\u0151lnek az Everest-rekordok"}]},{"@type":"WebSite","@id":"https:\/\/www.welovecycling.com\/hu\/#website","url":"https:\/\/www.welovecycling.com\/hu\/","name":"\u0160koda We Love Cycling - Magyarorsz\u00e1g","description":"\u0160koda WeLoveCycling","potentialAction":[{"@type":"SearchAction","target":{"@type":"EntryPoint","urlTemplate":"https:\/\/www.welovecycling.com\/hu\/?s={search_term_string}"},"query-input":{"@type":"PropertyValueSpecification","valueRequired":true,"valueName":"search_term_string"}}],"inLanguage":"hu"},{"@type":"Person","@id":"https:\/\/www.welovecycling.com\/hu\/#\/schema\/person\/414a2aebf1801691a5320edb6468e194","name":"hegyizs","image":{"@type":"ImageObject","inLanguage":"hu","@id":"https:\/\/www.welovecycling.com\/hu\/#\/schema\/person\/image\/","url":"https:\/\/secure.gravatar.com\/avatar\/02cf8a7906b8cf90cecb4679defac7cfd33a1c2e3b88e4903d947f3bb58eedd3?s=96&d=mm&r=g","contentUrl":"https:\/\/secure.gravatar.com\/avatar\/02cf8a7906b8cf90cecb4679defac7cfd33a1c2e3b88e4903d947f3bb58eedd3?s=96&d=mm&r=g","caption":"hegyizs"},"url":"https:\/\/www.welovecycling.com\/hu\/author\/hegyizs\/"}]}},"_links":{"self":[{"href":"https:\/\/www.welovecycling.com\/hu\/wp-json\/wp\/v2\/posts\/7937","targetHints":{"allow":["GET"]}}],"collection":[{"href":"https:\/\/www.welovecycling.com\/hu\/wp-json\/wp\/v2\/posts"}],"about":[{"href":"https:\/\/www.welovecycling.com\/hu\/wp-json\/wp\/v2\/types\/post"}],"author":[{"embeddable":true,"href":"https:\/\/www.welovecycling.com\/hu\/wp-json\/wp\/v2\/users\/71"}],"replies":[{"embeddable":true,"href":"https:\/\/www.welovecycling.com\/hu\/wp-json\/wp\/v2\/comments?post=7937"}],"version-history":[{"count":1,"href":"https:\/\/www.welovecycling.com\/hu\/wp-json\/wp\/v2\/posts\/7937\/revisions"}],"predecessor-version":[{"id":7942,"href":"https:\/\/www.welovecycling.com\/hu\/wp-json\/wp\/v2\/posts\/7937\/revisions\/7942"}],"wp:featuredmedia":[{"embeddable":true,"href":"https:\/\/www.welovecycling.com\/hu\/wp-json\/wp\/v2\/media\/7938"}],"wp:attachment":[{"href":"https:\/\/www.welovecycling.com\/hu\/wp-json\/wp\/v2\/media?parent=7937"}],"wp:term":[{"taxonomy":"category","embeddable":true,"href":"https:\/\/www.welovecycling.com\/hu\/wp-json\/wp\/v2\/categories?post=7937"},{"taxonomy":"post_tag","embeddable":true,"href":"https:\/\/www.welovecycling.com\/hu\/wp-json\/wp\/v2\/tags?post=7937"},{"taxonomy":"global-categories","embeddable":true,"href":"https:\/\/www.welovecycling.com\/hu\/wp-json\/wp\/v2\/global-categories?post=7937"}],"curies":[{"name":"wp","href":"https:\/\/api.w.org\/{rel}","templated":true}]}}