{"id":792,"date":"2018-05-10T08:25:02","date_gmt":"2018-05-10T08:25:02","guid":{"rendered":"https:\/\/www.welovecycling.com\/hu\/?p=792"},"modified":"2018-05-10T08:25:02","modified_gmt":"2018-05-10T08:25:02","slug":"keresztul-merned-bringazni-ugandat-ezekkel-a-sracokkal","status":"publish","type":"post","link":"https:\/\/www.welovecycling.com\/hu\/uncategorized\/keresztul-merned-bringazni-ugandat-ezekkel-a-sracokkal\/","title":{"rendered":"Kereszt\u00fcl mern\u00e9d bring\u00e1zni Ugand\u00e1t ezekkel a sr\u00e1cokkal?"},"content":{"rendered":"<p><strong>Elmenn\u00e9l bring\u00e1zni egy k\u00fcl\u00f6nleges helyre? Inspir\u00e1ljon a cseh Adam, Peter \u00e9s \u201ePanky\u201d kalandja, akik Ugand\u00e1ba utaztak h\u00e1rom h\u00e9tre, \u00e9s leny\u0171g\u00f6z\u0151 \u00e9lm\u00e9nyekkel t\u00e9rtek haza.<\/strong><\/p>\n<p><!--more--><\/p>\n<h2>Mi\u00e9rt pont Uganda?<\/h2>\n<p>Adam: Eredetileg Panky \u00f6tlete volt. Egyik nap csak \u00fagy megk\u00e9rdezte t\u0151lem, hogy elmenn\u00e9k-e vele egy bringat\u00far\u00e1ra Ugand\u00e1ba. Sim\u00e1n igent mondtam r\u00e1. \u00cdgy kezd\u0151d\u00f6tt. Ahogy megt\u00f6rt\u00e9nt az elhat\u00e1roz\u00e1s, elkezdt\u00fck \u00f6sszegy\u0171jteni a rendelkez\u00e9sre \u00e1ll\u00f3 inf\u00f3kat. El\u0151sz\u00f6r is a biztons\u00e1g \u00e9rdekelt minket. Mik\u00f6zben az egyik tennival\u00f3n \u00fcgyk\u00f6dt\u00fcnk, megismerkedt\u00fcnk Peter \u201eNo Control\u201d bar\u00e1tunkkal, akit ugyancsak \u00e9rdekelni kezdett a dolog \u00e9s csatlakozott a csapathoz.<\/p>\n<p><a href=\"https:\/\/d2p6e6u75xmxt8.cloudfront.net\/12\/2018\/05\/keresztul-tekerned-ugandat-veluk-01.jpg\"><img loading=\"lazy\" decoding=\"async\" class=\"size-full wp-image-793\" src=\"https:\/\/d2p6e6u75xmxt8.cloudfront.net\/12\/2018\/05\/keresztul-tekerned-ugandat-veluk-01.jpg\" alt=\"kerekparozas-ugandaban\" width=\"1080\" height=\"810\" srcset=\"https:\/\/d2p6e6u75xmxt8.cloudfront.net\/12\/2018\/05\/keresztul-tekerned-ugandat-veluk-01.jpg 1080w, https:\/\/d2p6e6u75xmxt8.cloudfront.net\/12\/2018\/05\/keresztul-tekerned-ugandat-veluk-01-300x225.jpg 300w, https:\/\/d2p6e6u75xmxt8.cloudfront.net\/12\/2018\/05\/keresztul-tekerned-ugandat-veluk-01-768x576.jpg 768w, https:\/\/d2p6e6u75xmxt8.cloudfront.net\/12\/2018\/05\/keresztul-tekerned-ugandat-veluk-01-1024x768.jpg 1024w\" sizes=\"auto, (max-width: 1080px) 100vw, 1080px\" \/><\/a><\/p>\n<h2>Mennyi ideig k\u00e9sz\u00fcltetek a t\u00far\u00e1ra?<\/h2>\n<p>Legal\u00e1bb hat h\u00f3napig. Az elej\u00e9n csak \u00e1tbesz\u00e9lt\u00fck az \u00f6sszes lehets\u00e9ges k\u00f6r\u00fclm\u00e9nyt. K\u00e9t f\u0151 opci\u00f3 \u00e1llt el\u0151tt\u00fcnk: vagy aut\u00f3t b\u00e9rl\u00fcnk, \u00e9s azzal utazunk a helysz\u00ednek k\u00f6z\u00f6tt, vagy igazi bringat\u00far\u00e1t csin\u00e1lunk, \u00e9s minden cuccunkat a bicikliken vissz\u00fck. V\u00e9g\u00fcl az ut\u00f3bbi mellett d\u00f6nt\u00f6tt\u00fcnk. Nem sokkal k\u00e9s\u0151bb r\u00e1eszm\u00e9lt\u00fcnk, mekkora kih\u00edv\u00e1st is jelent majd, hogy csup\u00e1n a legfontosabb dolgokat v\u00e1lasszuk ki, mivel persze sz\u00fcks\u00e9g\u00fcnk volt \u00e9telre, szersz\u00e1mokra, kamer\u00e1kra, h\u00e1l\u00f3zs\u00e1kokra, s\u00e1torra, ruh\u00e1kra&#8230; Ami persze t\u00fal sok. K\u00e9t Ugand\u00e1ban t\u00f6lt\u00f6tt nap ut\u00e1n meggondoltuk magunkat \u00e9s b\u00e9relt\u00fcnk egy furgont: egy el\u00e9g \u00f6reg Toyota Hiace Super Custom volt, 546.872 kilom\u00e9terrel. Vezet\u00e9s k\u00f6zben egy pillanatra sem engedhett\u00fck el a korm\u00e1nyt, k\u00fcl\u00f6nben azonnal az \u00fat menti \u00e1rokban k\u00f6t\u00f6tt\u00fcnk volna ki. M\u00e1sfel\u0151l bebizonyosodott, hogy az aut\u00f3 elpuszt\u00edthatatlan.<\/p>\n<h2>Mi m\u00e1st vittetek m\u00e9g Afrik\u00e1ba?<\/h2>\n<p>Mindent, amit \u00e9rdemes volt, \u00edgy gy\u00f3gyszert, els\u0151seg\u00e9lycsomagot, alkatr\u00e9szeket, rovarriaszt\u00f3t, h\u00e1rom kulacsnyi szeszt, digit\u00e1lis kamer\u00e1t, sz\u00e1raz\u00e9teleket, v\u00edz\u00e1ll\u00f3 ultrak\u00f6nny\u0171 es\u0151kab\u00e1tokat, t\u00f6lt\u0151ket, napelemes t\u00f6lt\u0151t, power banket, kilom\u00e9ternyi k\u00e1belt\u2026. Miut\u00e1n meg\u00e9rkezt\u00fcnk Ugand\u00e1ba, r\u00e1j\u00f6tt\u00fcnk, hogy a cuccok fel\u00e9t a helyi boltokban is megvehett\u00fck volna.<\/p>\n<p><a href=\"https:\/\/d2p6e6u75xmxt8.cloudfront.net\/12\/2018\/05\/keresztul-tekerned-ugandat-veluk-02.jpg\"><img loading=\"lazy\" decoding=\"async\" class=\"alignnone size-full wp-image-794\" src=\"https:\/\/d2p6e6u75xmxt8.cloudfront.net\/12\/2018\/05\/keresztul-tekerned-ugandat-veluk-02.jpg\" alt=\"kerekparozas-ugandaban\" width=\"1080\" height=\"718\" srcset=\"https:\/\/d2p6e6u75xmxt8.cloudfront.net\/12\/2018\/05\/keresztul-tekerned-ugandat-veluk-02.jpg 1080w, https:\/\/d2p6e6u75xmxt8.cloudfront.net\/12\/2018\/05\/keresztul-tekerned-ugandat-veluk-02-300x199.jpg 300w, https:\/\/d2p6e6u75xmxt8.cloudfront.net\/12\/2018\/05\/keresztul-tekerned-ugandat-veluk-02-768x511.jpg 768w, https:\/\/d2p6e6u75xmxt8.cloudfront.net\/12\/2018\/05\/keresztul-tekerned-ugandat-veluk-02-1024x681.jpg 1024w, https:\/\/d2p6e6u75xmxt8.cloudfront.net\/12\/2018\/05\/keresztul-tekerned-ugandat-veluk-02-272x182.jpg 272w\" sizes=\"auto, (max-width: 1080px) 100vw, 1080px\" \/><\/a><\/p>\n<h2>Mi volt az els\u0151 benyom\u00e1sotok?<\/h2>\n<p>H\u0151s\u00e9g \u00e9s p\u00e1ra. Kb. reggel 4-kor sz\u00e1lltunk le a rep\u00fcl\u0151r\u0151l Entebb\u00e9ben, \u00e9s az els\u0151 dolog, amire gondoltam az volt, hogy ilyen k\u00f6r\u00fclm\u00e9nyek k\u00f6z\u00f6tt lehetetlen bring\u00e1zni. Olyan \u00e9rz\u00e9s volt, mint \u00fclni egy szaun\u00e1ban \u00e9s \u00fagy l\u00e9legezni, hogy egy nedves rongy van a sz\u00e1d el\u00e9 k\u00f6tve. Szerencs\u00e9re az id\u0151j\u00e1r\u00e1s megv\u00e1ltozott \u00e9s minden jobb lett.<\/p>\n<h2>Mi volt a tervetek?<\/h2>\n<p>\u00d6t gyermekbiciklit akartunk \u00e1tadni a csehorsz\u00e1gi Charitas \u00e1ltal alap\u00edtott \u00e9s \u00e9p\u00edtett Jan Nepomucky iskola j\u00f3volt\u00e1b\u00f3l. Miut\u00e1n \u00e1tadtuk a gyerekeknek a bicikliket, elindultunk t\u00far\u00e1zni.<\/p>\n<h2>\u00dctk\u00f6ztetek neh\u00e9zs\u00e9gekbe?<\/h2>\n<p>Minden remek volt, kiv\u00e9ve, hogy Ugand\u00e1ban senki nem \u00e1rul h\u0171t\u00f6tt s\u00f6rt. M\u00e9g ha h\u0171t\u0151ben is volt a s\u00f6r, a h\u0171t\u0151 nem volt bedugva.<\/p>\n<p><a href=\"https:\/\/d2p6e6u75xmxt8.cloudfront.net\/12\/2018\/05\/keresztul-tekerned-ugandat-veluk-03.jpg\"><img loading=\"lazy\" decoding=\"async\" class=\"alignnone size-full wp-image-795\" src=\"https:\/\/d2p6e6u75xmxt8.cloudfront.net\/12\/2018\/05\/keresztul-tekerned-ugandat-veluk-03.jpg\" alt=\"kerekparozas-ugandaban\" width=\"1080\" height=\"812\" srcset=\"https:\/\/d2p6e6u75xmxt8.cloudfront.net\/12\/2018\/05\/keresztul-tekerned-ugandat-veluk-03.jpg 1080w, https:\/\/d2p6e6u75xmxt8.cloudfront.net\/12\/2018\/05\/keresztul-tekerned-ugandat-veluk-03-300x226.jpg 300w, https:\/\/d2p6e6u75xmxt8.cloudfront.net\/12\/2018\/05\/keresztul-tekerned-ugandat-veluk-03-768x577.jpg 768w, https:\/\/d2p6e6u75xmxt8.cloudfront.net\/12\/2018\/05\/keresztul-tekerned-ugandat-veluk-03-1024x770.jpg 1024w\" sizes=\"auto, (max-width: 1080px) 100vw, 1080px\" \/><\/a><\/p>\n<h2>Meg\u00faszt\u00e1tok baleset n\u00e9lk\u00fcl?<\/h2>\n<p>A legnagyobb baj akkor t\u00f6rt\u00e9nt, amikor egy ugrat\u00f3n\u00e1l \u00fagy \u00e9rtem f\u00f6ldet, hogy t\u00f6nkrement a cip\u0151m. Szerencs\u00e9re a cip\u0151 bels\u0151 r\u00e9sz\u00e9t \u00f6ssze tudtam fogni egy s\u00f6rnyit\u00f3val. M\u0171k\u00f6d\u00f6tt a megold\u00e1s, \u00e9s csak h\u00e1rom nappal a hazat\u00e9r\u00e9s\u00fcnk el\u0151tt esett sz\u00e9t a cip\u0151. L\u00e1ncszakad\u00e1son k\u00edv\u00fcl semmi gondunk nem volt.<\/p>\n<h2>Tal\u00e1lkoztatok vesz\u00e9lyes \u00e1llatokkal?<\/h2>\n<p>T\u00e1j\u00e9koztattak benn\u00fcnket az Ugand\u00e1ban vadon \u00e9l\u0151 ragadoz\u00f3kr\u00f3l, p\u00f3kokr\u00f3l \u00e9s k\u00edgy\u00f3kr\u00f3l, de nem l\u00e1ttunk egyet sem, pedig egy \u00e9jszak\u00e1t m\u00e9g a dzsungelben is t\u00f6lt\u00f6tt\u00fcnk.<\/p>\n<p><a href=\"https:\/\/d2p6e6u75xmxt8.cloudfront.net\/12\/2018\/05\/keresztul-tekerned-ugandat-veluk-04.jpg\"><img loading=\"lazy\" decoding=\"async\" class=\"alignnone size-full wp-image-796\" src=\"https:\/\/d2p6e6u75xmxt8.cloudfront.net\/12\/2018\/05\/keresztul-tekerned-ugandat-veluk-04.jpg\" alt=\"kerekparozas-ugandaban\" width=\"1080\" height=\"810\" srcset=\"https:\/\/d2p6e6u75xmxt8.cloudfront.net\/12\/2018\/05\/keresztul-tekerned-ugandat-veluk-04.jpg 1080w, https:\/\/d2p6e6u75xmxt8.cloudfront.net\/12\/2018\/05\/keresztul-tekerned-ugandat-veluk-04-300x225.jpg 300w, https:\/\/d2p6e6u75xmxt8.cloudfront.net\/12\/2018\/05\/keresztul-tekerned-ugandat-veluk-04-768x576.jpg 768w, https:\/\/d2p6e6u75xmxt8.cloudfront.net\/12\/2018\/05\/keresztul-tekerned-ugandat-veluk-04-1024x768.jpg 1024w\" sizes=\"auto, (max-width: 1080px) 100vw, 1080px\" \/><\/a><\/p>\n<h2>Mi a helyzet a biciklitekkel?<\/h2>\n<p>Giant \u00e9s Trek Enduro MTB bring\u00e1kat vitt\u00fcnk, amik nagyon j\u00f3 v\u00e1laszt\u00e1snak bizonyultak.<\/p>\n<h2>Milyen a helyi bring\u00e1s \u00e9let?<\/h2>\n<p>Vicces jelens\u00e9g voltunk a helyiek sz\u00e1m\u00e1ra, mivel Ugand\u00e1ban nincsenek hegyiker\u00e9kp\u00e1roz\u00f3k, csak mi. Ahol eltekert\u00fcnk, csak gyalogosokkal tal\u00e1lkoztunk. Az egyetlen biciklis Will volt \u2013 a Mt. Elgon vulk\u00e1nhoz k\u00f6zeli kemping tulajdonosa. Pazar GT Force biciklije volt, amit 10 \u00e9ve hajtott. M\u00e1sok, akik megl\u00e1ttak minket a biciklin, \u201emuzung\u00f3nak\u201d h\u00edvtak minket, ami feh\u00e9ret jelent. F\u0151leg a gyerekek sz\u00f3rakoztak rendk\u00edv\u00fcl j\u00f3l, \u00e9s sok\u00e1ig j\u00f6ttek a nyomunkban.<\/p>\n<p>&nbsp;<\/p>\n<p><a href=\"https:\/\/d2p6e6u75xmxt8.cloudfront.net\/12\/2018\/05\/keresztul-tekerned-ugandat-veluk-05.jpg\"><img loading=\"lazy\" decoding=\"async\" class=\"alignnone size-full wp-image-797\" src=\"https:\/\/d2p6e6u75xmxt8.cloudfront.net\/12\/2018\/05\/keresztul-tekerned-ugandat-veluk-05.jpg\" alt=\"kerekparozas-ugandaban\" width=\"1080\" height=\"810\" srcset=\"https:\/\/d2p6e6u75xmxt8.cloudfront.net\/12\/2018\/05\/keresztul-tekerned-ugandat-veluk-05.jpg 1080w, https:\/\/d2p6e6u75xmxt8.cloudfront.net\/12\/2018\/05\/keresztul-tekerned-ugandat-veluk-05-300x225.jpg 300w, https:\/\/d2p6e6u75xmxt8.cloudfront.net\/12\/2018\/05\/keresztul-tekerned-ugandat-veluk-05-768x576.jpg 768w, https:\/\/d2p6e6u75xmxt8.cloudfront.net\/12\/2018\/05\/keresztul-tekerned-ugandat-veluk-05-1024x768.jpg 1024w\" sizes=\"auto, (max-width: 1080px) 100vw, 1080px\" \/><\/a><\/p>\n<h2>Hogy n\u00e9zett ki egy \u00e1tlagos napotok?<\/h2>\n<p>Anan\u00e1szt, ban\u00e1nt \u00e9s k\u00e1v\u00e9t reggelizt\u00fcnk. Eb\u00e9dre helyi boltokban v\u00e1s\u00e1roltunk \u00e9lelmiszert, majd gur\u00edtottunk r\u00e1 egy s\u00f6rt, vacsor\u00e1ra pedig s\u00f6r volt, k\u00e1v\u00e9, majd s\u00f6r. Legink\u00e1bb rizst ett\u00fcnk, matok\u00e9t \u2013 t\u00f6rt ban\u00e1nt \u2013 vagy posh\u00f3t \u2013 t\u00f6rt kukoric\u00e1t \u2013, chapatu kenyeret, \u00e9s helyi h\u00fasleveseket. Szerett\u00fck a tilap\u00e9t is, ami birkah\u00fas ny\u00e1rson. Emellett rengeteg \u00edzletes gy\u00fcm\u00f6lcs\u00f6t ett\u00fcnk. Az \u00e9tkez\u00e9sek k\u00f6z\u00f6tt bring\u00e1ztunk, vagy azt tervezt\u00fck, hova teker\u00fcnk el m\u00e1snap.<\/p>\n<h2>Nem volt vesz\u00e9lyes? Milyen volt a forgalom?<\/h2>\n<p>Az olyan nagyv\u00e1rosokban, mint Ninjas vagy Kampala, mindig dug\u00f3 van. Ak\u00e1rmikor indulsz neki aut\u00f3val, beragadsz. Az \u00fat bal oldal\u00e1n vezetnek \u00e9s az utak nagy r\u00e9sze elk\u00e9peszt\u0151en s\u00e1ros. Tudtunk a gyakori rabl\u00e1sokr\u00f3l, de nem t\u00f6rt\u00e9nt vel\u00fcnk ilyen.<\/p>\n<p><a href=\"https:\/\/d2p6e6u75xmxt8.cloudfront.net\/12\/2018\/05\/keresztul-tekerned-ugandat-veluk-06.jpg\"><img loading=\"lazy\" decoding=\"async\" class=\"alignnone size-full wp-image-798\" src=\"https:\/\/d2p6e6u75xmxt8.cloudfront.net\/12\/2018\/05\/keresztul-tekerned-ugandat-veluk-06.jpg\" alt=\"kerekparozas-ugandaban\" width=\"1080\" height=\"810\" srcset=\"https:\/\/d2p6e6u75xmxt8.cloudfront.net\/12\/2018\/05\/keresztul-tekerned-ugandat-veluk-06.jpg 1080w, https:\/\/d2p6e6u75xmxt8.cloudfront.net\/12\/2018\/05\/keresztul-tekerned-ugandat-veluk-06-300x225.jpg 300w, https:\/\/d2p6e6u75xmxt8.cloudfront.net\/12\/2018\/05\/keresztul-tekerned-ugandat-veluk-06-768x576.jpg 768w, https:\/\/d2p6e6u75xmxt8.cloudfront.net\/12\/2018\/05\/keresztul-tekerned-ugandat-veluk-06-1024x768.jpg 1024w\" sizes=\"auto, (max-width: 1080px) 100vw, 1080px\" \/><\/a><\/p>\n<p>&nbsp;<\/p>\n","protected":false},"excerpt":{"rendered":"<p>Elmenn\u00e9l bring\u00e1zni egy k\u00fcl\u00f6nleges helyre? Inspir\u00e1ljon a cseh Adam, Peter \u00e9s \u201ePanky\u201d kalandja, akik Ugand\u00e1ba utaztak h\u00e1rom h\u00e9tre, \u00e9s leny\u0171g\u00f6z\u0151 [&hellip;]<\/p>\n","protected":false},"author":71,"featured_media":799,"comment_status":"open","ping_status":"open","sticky":false,"template":"","format":"standard","meta":{"footnotes":""},"categories":[1],"tags":[17,18,16,29,14,40,39],"global-categories":[],"class_list":["post-792","post","type-post","status-publish","format-standard","has-post-thumbnail","hentry","category-uncategorized","tag-bicikli","tag-biciklizes","tag-kerekpar","tag-mountain-bike","tag-mtb","tag-uganda","tag-utazas"],"yoast_head":"<!-- This site is optimized with the Yoast SEO Premium plugin v25.3 (Yoast SEO v25.9) - https:\/\/yoast.com\/wordpress\/plugins\/seo\/ -->\n<title>Kereszt\u00fcl mern\u00e9d bring\u00e1zni Ugand\u00e1t ezekkel a sr\u00e1cokkal? - \u0160koda We Love Cycling - Magyarorsz\u00e1g<\/title>\n<meta name=\"description\" content=\"Elmenn\u00e9l bring\u00e1zni egy olyan orsz\u00e1gba, ahol teljesen m\u00e1s az \u00e9ghajlat? Ezek a sr\u00e1cok Ugand\u00e1ban tekertek, \u00e9s egy perc\u00e9t sem b\u00e1nt\u00e1k meg.\" \/>\n<meta name=\"robots\" content=\"index, follow, max-snippet:-1, max-image-preview:large, max-video-preview:-1\" \/>\n<link rel=\"canonical\" href=\"https:\/\/www.welovecycling.com\/hu\/uncategorized\/keresztul-merned-bringazni-ugandat-ezekkel-a-sracokkal\/\" \/>\n<meta property=\"og:locale\" content=\"hu_HU\" \/>\n<meta property=\"og:type\" content=\"article\" \/>\n<meta property=\"og:title\" content=\"Kereszt\u00fcl mern\u00e9d bring\u00e1zni Ugand\u00e1t ezekkel a sr\u00e1cokkal?\" \/>\n<meta property=\"og:description\" content=\"Elmenn\u00e9l bring\u00e1zni egy olyan orsz\u00e1gba, ahol teljesen m\u00e1s az \u00e9ghajlat? Ezek a sr\u00e1cok Ugand\u00e1ban tekertek, \u00e9s egy perc\u00e9t sem b\u00e1nt\u00e1k meg.\" \/>\n<meta property=\"og:url\" content=\"https:\/\/www.welovecycling.com\/hu\/uncategorized\/keresztul-merned-bringazni-ugandat-ezekkel-a-sracokkal\/\" \/>\n<meta property=\"og:site_name\" content=\"\u0160koda We Love Cycling - Magyarorsz\u00e1g\" \/>\n<meta property=\"article:publisher\" content=\"https:\/\/www.facebook.com\/WeLoveCyclingHungary\/\" \/>\n<meta property=\"article:published_time\" content=\"2018-05-10T08:25:02+00:00\" \/>\n<meta property=\"og:image\" content=\"https:\/\/d2p6e6u75xmxt8.cloudfront.net\/12\/2018\/05\/keresztul-tekerned-ugandat-veluk.jpg\" \/>\n\t<meta property=\"og:image:width\" content=\"1366\" \/>\n\t<meta property=\"og:image:height\" content=\"600\" \/>\n\t<meta property=\"og:image:type\" content=\"image\/jpeg\" \/>\n<meta name=\"author\" content=\"hegyizs\" \/>\n<meta name=\"twitter:card\" content=\"summary_large_image\" \/>\n<meta name=\"twitter:label1\" content=\"Written by\" \/>\n\t<meta name=\"twitter:data1\" content=\"hegyizs\" \/>\n\t<meta name=\"twitter:label2\" content=\"Est. reading time\" \/>\n\t<meta name=\"twitter:data2\" content=\"5 minutes\" \/>\n<script type=\"application\/ld+json\" class=\"yoast-schema-graph\">{\"@context\":\"https:\/\/schema.org\",\"@graph\":[{\"@type\":\"WebPage\",\"@id\":\"https:\/\/www.welovecycling.com\/hu\/uncategorized\/keresztul-merned-bringazni-ugandat-ezekkel-a-sracokkal\/\",\"url\":\"https:\/\/www.welovecycling.com\/hu\/uncategorized\/keresztul-merned-bringazni-ugandat-ezekkel-a-sracokkal\/\",\"name\":\"Kereszt\u00fcl mern\u00e9d bring\u00e1zni Ugand\u00e1t ezekkel a sr\u00e1cokkal? - \u0160koda We Love Cycling - Magyarorsz\u00e1g\",\"isPartOf\":{\"@id\":\"https:\/\/www.welovecycling.com\/hu\/#website\"},\"primaryImageOfPage\":{\"@id\":\"https:\/\/www.welovecycling.com\/hu\/uncategorized\/keresztul-merned-bringazni-ugandat-ezekkel-a-sracokkal\/#primaryimage\"},\"image\":{\"@id\":\"https:\/\/www.welovecycling.com\/hu\/uncategorized\/keresztul-merned-bringazni-ugandat-ezekkel-a-sracokkal\/#primaryimage\"},\"thumbnailUrl\":\"https:\/\/d2p6e6u75xmxt8.cloudfront.net\/12\/2018\/05\/keresztul-tekerned-ugandat-veluk.jpg\",\"datePublished\":\"2018-05-10T08:25:02+00:00\",\"author\":{\"@id\":\"https:\/\/www.welovecycling.com\/hu\/#\/schema\/person\/414a2aebf1801691a5320edb6468e194\"},\"description\":\"Elmenn\u00e9l bring\u00e1zni egy olyan orsz\u00e1gba, ahol teljesen m\u00e1s az \u00e9ghajlat? Ezek a sr\u00e1cok Ugand\u00e1ban tekertek, \u00e9s egy perc\u00e9t sem b\u00e1nt\u00e1k meg.\",\"breadcrumb\":{\"@id\":\"https:\/\/www.welovecycling.com\/hu\/uncategorized\/keresztul-merned-bringazni-ugandat-ezekkel-a-sracokkal\/#breadcrumb\"},\"inLanguage\":\"hu\",\"potentialAction\":[{\"@type\":\"ReadAction\",\"target\":[\"https:\/\/www.welovecycling.com\/hu\/uncategorized\/keresztul-merned-bringazni-ugandat-ezekkel-a-sracokkal\/\"]}]},{\"@type\":\"ImageObject\",\"inLanguage\":\"hu\",\"@id\":\"https:\/\/www.welovecycling.com\/hu\/uncategorized\/keresztul-merned-bringazni-ugandat-ezekkel-a-sracokkal\/#primaryimage\",\"url\":\"https:\/\/d2p6e6u75xmxt8.cloudfront.net\/12\/2018\/05\/keresztul-tekerned-ugandat-veluk.jpg\",\"contentUrl\":\"https:\/\/d2p6e6u75xmxt8.cloudfront.net\/12\/2018\/05\/keresztul-tekerned-ugandat-veluk.jpg\",\"width\":1366,\"height\":600},{\"@type\":\"BreadcrumbList\",\"@id\":\"https:\/\/www.welovecycling.com\/hu\/uncategorized\/keresztul-merned-bringazni-ugandat-ezekkel-a-sracokkal\/#breadcrumb\",\"itemListElement\":[{\"@type\":\"ListItem\",\"position\":1,\"name\":\"Home\",\"item\":\"https:\/\/www.welovecycling.com\/hu\/\"},{\"@type\":\"ListItem\",\"position\":2,\"name\":\"Kereszt\u00fcl mern\u00e9d bring\u00e1zni Ugand\u00e1t ezekkel a sr\u00e1cokkal?\"}]},{\"@type\":\"WebSite\",\"@id\":\"https:\/\/www.welovecycling.com\/hu\/#website\",\"url\":\"https:\/\/www.welovecycling.com\/hu\/\",\"name\":\"\u0160koda We Love Cycling - Magyarorsz\u00e1g\",\"description\":\"\u0160koda WeLoveCycling\",\"potentialAction\":[{\"@type\":\"SearchAction\",\"target\":{\"@type\":\"EntryPoint\",\"urlTemplate\":\"https:\/\/www.welovecycling.com\/hu\/?s={search_term_string}\"},\"query-input\":{\"@type\":\"PropertyValueSpecification\",\"valueRequired\":true,\"valueName\":\"search_term_string\"}}],\"inLanguage\":\"hu\"},{\"@type\":\"Person\",\"@id\":\"https:\/\/www.welovecycling.com\/hu\/#\/schema\/person\/414a2aebf1801691a5320edb6468e194\",\"name\":\"hegyizs\",\"image\":{\"@type\":\"ImageObject\",\"inLanguage\":\"hu\",\"@id\":\"https:\/\/www.welovecycling.com\/hu\/#\/schema\/person\/image\/\",\"url\":\"https:\/\/secure.gravatar.com\/avatar\/02cf8a7906b8cf90cecb4679defac7cfd33a1c2e3b88e4903d947f3bb58eedd3?s=96&d=mm&r=g\",\"contentUrl\":\"https:\/\/secure.gravatar.com\/avatar\/02cf8a7906b8cf90cecb4679defac7cfd33a1c2e3b88e4903d947f3bb58eedd3?s=96&d=mm&r=g\",\"caption\":\"hegyizs\"},\"url\":\"https:\/\/www.welovecycling.com\/hu\/author\/hegyizs\/\"}]}<\/script>\n<!-- \/ Yoast SEO Premium plugin. -->","yoast_head_json":{"title":"Kereszt\u00fcl mern\u00e9d bring\u00e1zni Ugand\u00e1t ezekkel a sr\u00e1cokkal? - \u0160koda We Love Cycling - Magyarorsz\u00e1g","description":"Elmenn\u00e9l bring\u00e1zni egy olyan orsz\u00e1gba, ahol teljesen m\u00e1s az \u00e9ghajlat? Ezek a sr\u00e1cok Ugand\u00e1ban tekertek, \u00e9s egy perc\u00e9t sem b\u00e1nt\u00e1k meg.","robots":{"index":"index","follow":"follow","max-snippet":"max-snippet:-1","max-image-preview":"max-image-preview:large","max-video-preview":"max-video-preview:-1"},"canonical":"https:\/\/www.welovecycling.com\/hu\/uncategorized\/keresztul-merned-bringazni-ugandat-ezekkel-a-sracokkal\/","og_locale":"hu_HU","og_type":"article","og_title":"Kereszt\u00fcl mern\u00e9d bring\u00e1zni Ugand\u00e1t ezekkel a sr\u00e1cokkal?","og_description":"Elmenn\u00e9l bring\u00e1zni egy olyan orsz\u00e1gba, ahol teljesen m\u00e1s az \u00e9ghajlat? Ezek a sr\u00e1cok Ugand\u00e1ban tekertek, \u00e9s egy perc\u00e9t sem b\u00e1nt\u00e1k meg.","og_url":"https:\/\/www.welovecycling.com\/hu\/uncategorized\/keresztul-merned-bringazni-ugandat-ezekkel-a-sracokkal\/","og_site_name":"\u0160koda We Love Cycling - Magyarorsz\u00e1g","article_publisher":"https:\/\/www.facebook.com\/WeLoveCyclingHungary\/","article_published_time":"2018-05-10T08:25:02+00:00","og_image":[{"width":1366,"height":600,"url":"https:\/\/d2p6e6u75xmxt8.cloudfront.net\/12\/2018\/05\/keresztul-tekerned-ugandat-veluk.jpg","type":"image\/jpeg"}],"author":"hegyizs","twitter_card":"summary_large_image","twitter_misc":{"Written by":"hegyizs","Est. reading time":"5 minutes"},"schema":{"@context":"https:\/\/schema.org","@graph":[{"@type":"WebPage","@id":"https:\/\/www.welovecycling.com\/hu\/uncategorized\/keresztul-merned-bringazni-ugandat-ezekkel-a-sracokkal\/","url":"https:\/\/www.welovecycling.com\/hu\/uncategorized\/keresztul-merned-bringazni-ugandat-ezekkel-a-sracokkal\/","name":"Kereszt\u00fcl mern\u00e9d bring\u00e1zni Ugand\u00e1t ezekkel a sr\u00e1cokkal? - \u0160koda We Love Cycling - Magyarorsz\u00e1g","isPartOf":{"@id":"https:\/\/www.welovecycling.com\/hu\/#website"},"primaryImageOfPage":{"@id":"https:\/\/www.welovecycling.com\/hu\/uncategorized\/keresztul-merned-bringazni-ugandat-ezekkel-a-sracokkal\/#primaryimage"},"image":{"@id":"https:\/\/www.welovecycling.com\/hu\/uncategorized\/keresztul-merned-bringazni-ugandat-ezekkel-a-sracokkal\/#primaryimage"},"thumbnailUrl":"https:\/\/d2p6e6u75xmxt8.cloudfront.net\/12\/2018\/05\/keresztul-tekerned-ugandat-veluk.jpg","datePublished":"2018-05-10T08:25:02+00:00","author":{"@id":"https:\/\/www.welovecycling.com\/hu\/#\/schema\/person\/414a2aebf1801691a5320edb6468e194"},"description":"Elmenn\u00e9l bring\u00e1zni egy olyan orsz\u00e1gba, ahol teljesen m\u00e1s az \u00e9ghajlat? Ezek a sr\u00e1cok Ugand\u00e1ban tekertek, \u00e9s egy perc\u00e9t sem b\u00e1nt\u00e1k meg.","breadcrumb":{"@id":"https:\/\/www.welovecycling.com\/hu\/uncategorized\/keresztul-merned-bringazni-ugandat-ezekkel-a-sracokkal\/#breadcrumb"},"inLanguage":"hu","potentialAction":[{"@type":"ReadAction","target":["https:\/\/www.welovecycling.com\/hu\/uncategorized\/keresztul-merned-bringazni-ugandat-ezekkel-a-sracokkal\/"]}]},{"@type":"ImageObject","inLanguage":"hu","@id":"https:\/\/www.welovecycling.com\/hu\/uncategorized\/keresztul-merned-bringazni-ugandat-ezekkel-a-sracokkal\/#primaryimage","url":"https:\/\/d2p6e6u75xmxt8.cloudfront.net\/12\/2018\/05\/keresztul-tekerned-ugandat-veluk.jpg","contentUrl":"https:\/\/d2p6e6u75xmxt8.cloudfront.net\/12\/2018\/05\/keresztul-tekerned-ugandat-veluk.jpg","width":1366,"height":600},{"@type":"BreadcrumbList","@id":"https:\/\/www.welovecycling.com\/hu\/uncategorized\/keresztul-merned-bringazni-ugandat-ezekkel-a-sracokkal\/#breadcrumb","itemListElement":[{"@type":"ListItem","position":1,"name":"Home","item":"https:\/\/www.welovecycling.com\/hu\/"},{"@type":"ListItem","position":2,"name":"Kereszt\u00fcl mern\u00e9d bring\u00e1zni Ugand\u00e1t ezekkel a sr\u00e1cokkal?"}]},{"@type":"WebSite","@id":"https:\/\/www.welovecycling.com\/hu\/#website","url":"https:\/\/www.welovecycling.com\/hu\/","name":"\u0160koda We Love Cycling - Magyarorsz\u00e1g","description":"\u0160koda WeLoveCycling","potentialAction":[{"@type":"SearchAction","target":{"@type":"EntryPoint","urlTemplate":"https:\/\/www.welovecycling.com\/hu\/?s={search_term_string}"},"query-input":{"@type":"PropertyValueSpecification","valueRequired":true,"valueName":"search_term_string"}}],"inLanguage":"hu"},{"@type":"Person","@id":"https:\/\/www.welovecycling.com\/hu\/#\/schema\/person\/414a2aebf1801691a5320edb6468e194","name":"hegyizs","image":{"@type":"ImageObject","inLanguage":"hu","@id":"https:\/\/www.welovecycling.com\/hu\/#\/schema\/person\/image\/","url":"https:\/\/secure.gravatar.com\/avatar\/02cf8a7906b8cf90cecb4679defac7cfd33a1c2e3b88e4903d947f3bb58eedd3?s=96&d=mm&r=g","contentUrl":"https:\/\/secure.gravatar.com\/avatar\/02cf8a7906b8cf90cecb4679defac7cfd33a1c2e3b88e4903d947f3bb58eedd3?s=96&d=mm&r=g","caption":"hegyizs"},"url":"https:\/\/www.welovecycling.com\/hu\/author\/hegyizs\/"}]}},"_links":{"self":[{"href":"https:\/\/www.welovecycling.com\/hu\/wp-json\/wp\/v2\/posts\/792","targetHints":{"allow":["GET"]}}],"collection":[{"href":"https:\/\/www.welovecycling.com\/hu\/wp-json\/wp\/v2\/posts"}],"about":[{"href":"https:\/\/www.welovecycling.com\/hu\/wp-json\/wp\/v2\/types\/post"}],"author":[{"embeddable":true,"href":"https:\/\/www.welovecycling.com\/hu\/wp-json\/wp\/v2\/users\/71"}],"replies":[{"embeddable":true,"href":"https:\/\/www.welovecycling.com\/hu\/wp-json\/wp\/v2\/comments?post=792"}],"version-history":[{"count":2,"href":"https:\/\/www.welovecycling.com\/hu\/wp-json\/wp\/v2\/posts\/792\/revisions"}],"predecessor-version":[{"id":801,"href":"https:\/\/www.welovecycling.com\/hu\/wp-json\/wp\/v2\/posts\/792\/revisions\/801"}],"wp:featuredmedia":[{"embeddable":true,"href":"https:\/\/www.welovecycling.com\/hu\/wp-json\/wp\/v2\/media\/799"}],"wp:attachment":[{"href":"https:\/\/www.welovecycling.com\/hu\/wp-json\/wp\/v2\/media?parent=792"}],"wp:term":[{"taxonomy":"category","embeddable":true,"href":"https:\/\/www.welovecycling.com\/hu\/wp-json\/wp\/v2\/categories?post=792"},{"taxonomy":"post_tag","embeddable":true,"href":"https:\/\/www.welovecycling.com\/hu\/wp-json\/wp\/v2\/tags?post=792"},{"taxonomy":"global-categories","embeddable":true,"href":"https:\/\/www.welovecycling.com\/hu\/wp-json\/wp\/v2\/global-categories?post=792"}],"curies":[{"name":"wp","href":"https:\/\/api.w.org\/{rel}","templated":true}]}}