{"id":7914,"date":"2020-06-25T08:00:15","date_gmt":"2020-06-25T07:00:15","guid":{"rendered":"https:\/\/www.welovecycling.com\/hu\/?p=7914"},"modified":"2020-06-19T12:49:01","modified_gmt":"2020-06-19T11:49:01","slug":"azok-a-nok-akik-2-3-kavet-isznak-naponta-kevesebb-testzsirral-rendelkeznek","status":"publish","type":"post","link":"https:\/\/www.welovecycling.com\/hu\/edzes-es-eletmod\/azok-a-nok-akik-2-3-kavet-isznak-naponta-kevesebb-testzsirral-rendelkeznek\/","title":{"rendered":"Azok a n\u0151k, akik 2-3 k\u00e1v\u00e9t isznak naponta, kevesebb testzs\u00edrral rendelkeznek"},"content":{"rendered":"<p><strong>Szereted a k\u00e1v\u00e9t? Hogyne szeretn\u00e9d, hiszen bring\u00e1s vagy! Lehet, hogy ennek k\u00f6ze van egy nemr\u00e9g megjelent tanulm\u00e1ny eredm\u00e9nyeihez, amelyek azt mutatt\u00e1k, hogy a naponta fogyasztott k\u00e1v\u00e9 kapcsolatba hozhat\u00f3 az alacsonyabb testzs\u00edrmennyis\u00e9ggel. L\u00e1ssuk a r\u00e9szleteket!<\/strong><!--more--><\/p>\n<p>A brit Ruskin Egyetem kutat\u00f3i a <em>National Health and Nutrition Examination Survey<\/em> (Orsz\u00e1gos eg\u00e9szs\u00e9g\u00fcgyi \u00e9s t\u00e1pl\u00e1lkoz\u00e1si felm\u00e9r\u00e9s) adatait elemezve igyekeztek meg\u00e1llap\u00edtani a k\u00e1v\u00e9fogyaszt\u00e1s, valamint a teljes testzs\u00edrsz\u00e1zal\u00e9k \u00e9s hasi zs\u00edrt\u00f6meg k\u00f6z\u00f6tti \u00f6sszef\u00fcgg\u00e9st.<\/p>\n<p><img loading=\"lazy\" decoding=\"async\" class=\"alignnone size-full wp-image-7915\" src=\"https:\/\/d2p6e6u75xmxt8.cloudfront.net\/12\/2020\/06\/coffee-beans-2-pexels-861090.jpeg\" alt=\"\" width=\"1280\" height=\"853\" \/><\/p>\n<h2><strong>A k\u00e1v\u00e9nak 4,1%-kal kevesebb testzs\u00edrt tulajdon\u00edtanak<\/strong><\/h2>\n<p>A kutat\u00f3k jelent\u0151s elt\u00e9r\u00e9seket tal\u00e1ltak a k\u00e1v\u00e9t fogyaszt\u00f3, \u00e9s nem fogyaszt\u00f3 n\u0151k eredm\u00e9nyei k\u00f6z\u00f6tt. Azok a 20 \u00e9s 44 \u00e9v k\u00f6z\u00f6tti n\u0151k, akik 2-3 k\u00e1v\u00e9t isznak naponta, 3,4%-kal alacsonyabb szint\u0171 elh\u00edz\u00e1st mutattak, mint azok, akik egy\u00e1ltal\u00e1n nem k\u00e1v\u00e9znak. A k\u00fcl\u00f6nbs\u00e9g m\u00e9g nagyobb volt a 45-69 k\u00f6z\u00f6tti korcsoportban, ahol a k\u00e1v\u00e9z\u00f3 n\u0151k 4,1%-kal kisebb ar\u00e1nyban voltak elh\u00edzva. \u00d6sszess\u00e9g\u00e9ben azoknak a n\u0151knek a teljes testzs\u00edrsz\u00e1zal\u00e9ka, akik napi 2-3 cs\u00e9sze k\u00e1v\u00e9t fogyasztottak, valamennyi korcsoportban 2,8%-kal alacsonyabb volt az egy\u00e1ltal\u00e1n nem k\u00e1v\u00e9z\u00f3k\u00e9hoz k\u00e9pest.<\/p>\n<h2><strong>Nem a koffein miatt<\/strong><\/h2>\n<p>Ezek az eredm\u00e9nyek \u00e9rdekes m\u00f3don mind a koffeines, mind a koffeinmentes k\u00e1v\u00e9 eset\u00e9ben k\u00f6vetkezetesen beigazol\u00f3dtak. Az\u00e9rt lenne mindez, mert a legt\u00f6bb k\u00e1v\u00e9z\u00f3 bring\u00e1zik \u00e9s a s\u00falyvesztes\u00e9g ink\u00e1bb a teker\u00e9snek tulajdon\u00edthat\u00f3? A tanulm\u00e1ny vezet\u0151 szerz\u0151je, dr. Lee Smith, m\u00e1ssal magyar\u00e1zza.<\/p>\n<p><em>\u201eKutat\u00e1sunk azt sugallja, hogy a koffeinen k\u00edv\u00fcl olyan bioakt\u00edv vegy\u00fcletek lehetnek a k\u00e1v\u00e9ban, amelyek szab\u00e1lyozz\u00e1k a tests\u00falyt.\u201d<\/em><\/p>\n<h2><img loading=\"lazy\" decoding=\"async\" class=\"alignnone size-full wp-image-7916\" src=\"https:\/\/d2p6e6u75xmxt8.cloudfront.net\/12\/2020\/06\/close-up-photography-of-roasted-coffee-beans-773958.jpg\" alt=\"\" width=\"1280\" height=\"853\" \/><\/h2>\n<h2><strong>Az \u00f6sszef\u00fcgg\u00e9s nem ilyen egy\u00e9rtelm\u0171 a f\u00e9rfiak eset\u00e9ben<\/strong><\/h2>\n<p>A tanulm\u00e1ny azt is meg\u00e1llap\u00edtotta, hogy az \u00f6sszef\u00fcgg\u00e9s k\u00f6vetkezetesen kimutathat\u00f3 a doh\u00e1nyosok \u00e9s a nemdoh\u00e1nyz\u00f3k, valamint a kr\u00f3nikus betegs\u00e9gben szenved\u0151k \u00e9s a teljesen eg\u00e9szs\u00e9gesek k\u00f6z\u00f6tt is. Ugyancsak kider\u00fclt, hogy a f\u00e9rfiakn\u00e1l a kapcsolat k\u00f6zel sem ennyire egy\u00e9rtelm\u0171. Azok a 22 \u00e9s 44 \u00e9v k\u00f6z\u00f6tti f\u00e9rfiak, akik 2-3 k\u00e1v\u00e9t fogyasztottak naponta, 1,3%-kal kevesebb testzs\u00edrar\u00e1nnyal \u00e9s 1,8%-kal kevesebb oldalh\u00e1jjal rendelkeztek, mint azok, akik egy\u00e1ltal\u00e1n nem k\u00e1v\u00e9ztak.<\/p>\n<p><em>\u201eFontos, hogy a tanulm\u00e1ny eredm\u00e9nyeit a korl\u00e1tai f\u00e9ny\u00e9ben \u00e9rtelmezz\u00fck \u2013 egy bizonyos id\u0151pontban v\u00e9gezt\u00e9k el, teh\u00e1t nem \u00e1ll\u00edthat\u00f3k fel trendek. Ugyanakkor nem hissz\u00fck, hogy valaki s\u00falya befoly\u00e1soln\u00e1 a k\u00e1v\u00e9fogyaszt\u00e1s\u00e1t\u201d<\/em> \u2013 mondta dr. Smith.<\/p>\n<h2><strong>A k\u00e1v\u00e9 az elh\u00edz\u00e1s elleni harcban is bevethet\u0151<\/strong><\/h2>\n<p>Korl\u00e1tai ellen\u00e9re a tanulm\u00e1ny okot szolg\u00e1ltat arra, hogy a k\u00e1v\u00e9fogyaszt\u00e1st az elh\u00edz\u00e1s elleni harcban is alkalmazzuk. A szerz\u0151 \u00edgy foglalja \u00f6ssze: <em>\u201eLehets\u00e9ges, hogy a k\u00e1v\u00e9 vagy a hat\u00f3anyagai beilleszthet\u0151k a j\u00e1rv\u00e1nyk\u00e9nt terjed\u0151 kr\u00f3nikus elh\u00edz\u00e1s terh\u00e9nek cs\u00f6kkent\u00e9s\u00e9re kialak\u00edtott eg\u00e9szs\u00e9ges \u00e9trend-strat\u00e9gi\u00e1ba.\u201d<\/em><\/p>\n","protected":false},"excerpt":{"rendered":"<p>Szereted a k\u00e1v\u00e9t? Hogyne szeretn\u00e9d, hiszen bring\u00e1s vagy! Lehet, hogy ennek k\u00f6ze van egy nemr\u00e9g megjelent tanulm\u00e1ny eredm\u00e9nyeihez, amelyek azt [&hellip;]<\/p>\n","protected":false},"author":71,"featured_media":7918,"comment_status":"open","ping_status":"open","sticky":false,"template":"","format":"standard","meta":{"footnotes":""},"categories":[6],"tags":[],"global-categories":[],"class_list":["post-7914","post","type-post","status-publish","format-standard","has-post-thumbnail","hentry","category-edzes-es-eletmod"],"yoast_head":"<!-- This site is optimized with the Yoast SEO Premium plugin v25.3 (Yoast SEO v25.9) - https:\/\/yoast.com\/wordpress\/plugins\/seo\/ -->\n<title>Azok a n\u0151k, akik 2-3 k\u00e1v\u00e9t isznak naponta, kevesebb testzs\u00edrral rendelkeznek - \u0160koda We Love Cycling - Magyarorsz\u00e1g<\/title>\n<meta name=\"robots\" content=\"index, follow, max-snippet:-1, max-image-preview:large, max-video-preview:-1\" \/>\n<link rel=\"canonical\" href=\"https:\/\/www.welovecycling.com\/hu\/edzes-es-eletmod\/azok-a-nok-akik-2-3-kavet-isznak-naponta-kevesebb-testzsirral-rendelkeznek\/\" \/>\n<meta property=\"og:locale\" content=\"hu_HU\" \/>\n<meta property=\"og:type\" content=\"article\" \/>\n<meta property=\"og:title\" content=\"Azok a n\u0151k, akik 2-3 k\u00e1v\u00e9t isznak naponta, kevesebb testzs\u00edrral rendelkeznek\" \/>\n<meta property=\"og:description\" content=\"Szereted a k\u00e1v\u00e9t? Hogyne szeretn\u00e9d, hiszen bring\u00e1s vagy! Lehet, hogy ennek k\u00f6ze van egy nemr\u00e9g megjelent tanulm\u00e1ny eredm\u00e9nyeihez, amelyek azt [&hellip;]\" \/>\n<meta property=\"og:url\" content=\"https:\/\/www.welovecycling.com\/hu\/edzes-es-eletmod\/azok-a-nok-akik-2-3-kavet-isznak-naponta-kevesebb-testzsirral-rendelkeznek\/\" \/>\n<meta property=\"og:site_name\" content=\"\u0160koda We Love Cycling - Magyarorsz\u00e1g\" \/>\n<meta property=\"article:publisher\" content=\"https:\/\/www.facebook.com\/WeLoveCyclingHungary\/\" \/>\n<meta property=\"article:published_time\" content=\"2020-06-25T07:00:15+00:00\" \/>\n<meta property=\"og:image\" content=\"https:\/\/d2p6e6u75xmxt8.cloudfront.net\/12\/2020\/06\/Coffee-CVR.jpg\" \/>\n\t<meta property=\"og:image:width\" content=\"1366\" \/>\n\t<meta property=\"og:image:height\" content=\"600\" \/>\n\t<meta property=\"og:image:type\" content=\"image\/jpeg\" \/>\n<meta name=\"author\" content=\"hegyizs\" \/>\n<meta name=\"twitter:card\" content=\"summary_large_image\" \/>\n<meta name=\"twitter:label1\" content=\"Written by\" \/>\n\t<meta name=\"twitter:data1\" content=\"Jiri Kaloc\" \/>\n\t<meta name=\"twitter:label2\" content=\"Est. reading time\" \/>\n\t<meta name=\"twitter:data2\" content=\"5\" \/>\n<script type=\"application\/ld+json\" class=\"yoast-schema-graph\">{\"@context\":\"https:\/\/schema.org\",\"@graph\":[{\"@type\":\"WebPage\",\"@id\":\"https:\/\/www.welovecycling.com\/hu\/edzes-es-eletmod\/azok-a-nok-akik-2-3-kavet-isznak-naponta-kevesebb-testzsirral-rendelkeznek\/\",\"url\":\"https:\/\/www.welovecycling.com\/hu\/edzes-es-eletmod\/azok-a-nok-akik-2-3-kavet-isznak-naponta-kevesebb-testzsirral-rendelkeznek\/\",\"name\":\"Azok a n\u0151k, akik 2-3 k\u00e1v\u00e9t isznak naponta, kevesebb testzs\u00edrral rendelkeznek - \u0160koda We Love Cycling - Magyarorsz\u00e1g\",\"isPartOf\":{\"@id\":\"https:\/\/www.welovecycling.com\/hu\/#website\"},\"primaryImageOfPage\":{\"@id\":\"https:\/\/www.welovecycling.com\/hu\/edzes-es-eletmod\/azok-a-nok-akik-2-3-kavet-isznak-naponta-kevesebb-testzsirral-rendelkeznek\/#primaryimage\"},\"image\":{\"@id\":\"https:\/\/www.welovecycling.com\/hu\/edzes-es-eletmod\/azok-a-nok-akik-2-3-kavet-isznak-naponta-kevesebb-testzsirral-rendelkeznek\/#primaryimage\"},\"thumbnailUrl\":\"https:\/\/d2p6e6u75xmxt8.cloudfront.net\/12\/2020\/06\/Coffee-CVR.jpg\",\"datePublished\":\"2020-06-25T07:00:15+00:00\",\"author\":{\"@id\":\"https:\/\/www.welovecycling.com\/hu\/#\/schema\/person\/414a2aebf1801691a5320edb6468e194\"},\"breadcrumb\":{\"@id\":\"https:\/\/www.welovecycling.com\/hu\/edzes-es-eletmod\/azok-a-nok-akik-2-3-kavet-isznak-naponta-kevesebb-testzsirral-rendelkeznek\/#breadcrumb\"},\"inLanguage\":\"hu\",\"potentialAction\":[{\"@type\":\"ReadAction\",\"target\":[\"https:\/\/www.welovecycling.com\/hu\/edzes-es-eletmod\/azok-a-nok-akik-2-3-kavet-isznak-naponta-kevesebb-testzsirral-rendelkeznek\/\"]}]},{\"@type\":\"ImageObject\",\"inLanguage\":\"hu\",\"@id\":\"https:\/\/www.welovecycling.com\/hu\/edzes-es-eletmod\/azok-a-nok-akik-2-3-kavet-isznak-naponta-kevesebb-testzsirral-rendelkeznek\/#primaryimage\",\"url\":\"https:\/\/d2p6e6u75xmxt8.cloudfront.net\/12\/2020\/06\/Coffee-CVR.jpg\",\"contentUrl\":\"https:\/\/d2p6e6u75xmxt8.cloudfront.net\/12\/2020\/06\/Coffee-CVR.jpg\",\"width\":1366,\"height\":600},{\"@type\":\"BreadcrumbList\",\"@id\":\"https:\/\/www.welovecycling.com\/hu\/edzes-es-eletmod\/azok-a-nok-akik-2-3-kavet-isznak-naponta-kevesebb-testzsirral-rendelkeznek\/#breadcrumb\",\"itemListElement\":[{\"@type\":\"ListItem\",\"position\":1,\"name\":\"Home\",\"item\":\"https:\/\/www.welovecycling.com\/hu\/\"},{\"@type\":\"ListItem\",\"position\":2,\"name\":\"Azok a n\u0151k, akik 2-3 k\u00e1v\u00e9t isznak naponta, kevesebb testzs\u00edrral rendelkeznek\"}]},{\"@type\":\"WebSite\",\"@id\":\"https:\/\/www.welovecycling.com\/hu\/#website\",\"url\":\"https:\/\/www.welovecycling.com\/hu\/\",\"name\":\"\u0160koda We Love Cycling - Magyarorsz\u00e1g\",\"description\":\"\u0160koda WeLoveCycling\",\"potentialAction\":[{\"@type\":\"SearchAction\",\"target\":{\"@type\":\"EntryPoint\",\"urlTemplate\":\"https:\/\/www.welovecycling.com\/hu\/?s={search_term_string}\"},\"query-input\":{\"@type\":\"PropertyValueSpecification\",\"valueRequired\":true,\"valueName\":\"search_term_string\"}}],\"inLanguage\":\"hu\"},{\"@type\":\"Person\",\"@id\":\"https:\/\/www.welovecycling.com\/hu\/#\/schema\/person\/414a2aebf1801691a5320edb6468e194\",\"name\":\"hegyizs\",\"image\":{\"@type\":\"ImageObject\",\"inLanguage\":\"hu\",\"@id\":\"https:\/\/www.welovecycling.com\/hu\/#\/schema\/person\/image\/\",\"url\":\"https:\/\/secure.gravatar.com\/avatar\/02cf8a7906b8cf90cecb4679defac7cfd33a1c2e3b88e4903d947f3bb58eedd3?s=96&d=mm&r=g\",\"contentUrl\":\"https:\/\/secure.gravatar.com\/avatar\/02cf8a7906b8cf90cecb4679defac7cfd33a1c2e3b88e4903d947f3bb58eedd3?s=96&d=mm&r=g\",\"caption\":\"hegyizs\"},\"url\":\"https:\/\/www.welovecycling.com\/hu\/author\/hegyizs\/\"}]}<\/script>\n<!-- \/ Yoast SEO Premium plugin. -->","yoast_head_json":{"title":"Azok a n\u0151k, akik 2-3 k\u00e1v\u00e9t isznak naponta, kevesebb testzs\u00edrral rendelkeznek - \u0160koda We Love Cycling - Magyarorsz\u00e1g","robots":{"index":"index","follow":"follow","max-snippet":"max-snippet:-1","max-image-preview":"max-image-preview:large","max-video-preview":"max-video-preview:-1"},"canonical":"https:\/\/www.welovecycling.com\/hu\/edzes-es-eletmod\/azok-a-nok-akik-2-3-kavet-isznak-naponta-kevesebb-testzsirral-rendelkeznek\/","og_locale":"hu_HU","og_type":"article","og_title":"Azok a n\u0151k, akik 2-3 k\u00e1v\u00e9t isznak naponta, kevesebb testzs\u00edrral rendelkeznek","og_description":"Szereted a k\u00e1v\u00e9t? Hogyne szeretn\u00e9d, hiszen bring\u00e1s vagy! Lehet, hogy ennek k\u00f6ze van egy nemr\u00e9g megjelent tanulm\u00e1ny eredm\u00e9nyeihez, amelyek azt [&hellip;]","og_url":"https:\/\/www.welovecycling.com\/hu\/edzes-es-eletmod\/azok-a-nok-akik-2-3-kavet-isznak-naponta-kevesebb-testzsirral-rendelkeznek\/","og_site_name":"\u0160koda We Love Cycling - Magyarorsz\u00e1g","article_publisher":"https:\/\/www.facebook.com\/WeLoveCyclingHungary\/","article_published_time":"2020-06-25T07:00:15+00:00","og_image":[{"width":1366,"height":600,"url":"https:\/\/d2p6e6u75xmxt8.cloudfront.net\/12\/2020\/06\/Coffee-CVR.jpg","type":"image\/jpeg"}],"author":"hegyizs","twitter_card":"summary_large_image","twitter_misc":{"Written by":"Jiri Kaloc","Est. reading time":"5"},"schema":{"@context":"https:\/\/schema.org","@graph":[{"@type":"WebPage","@id":"https:\/\/www.welovecycling.com\/hu\/edzes-es-eletmod\/azok-a-nok-akik-2-3-kavet-isznak-naponta-kevesebb-testzsirral-rendelkeznek\/","url":"https:\/\/www.welovecycling.com\/hu\/edzes-es-eletmod\/azok-a-nok-akik-2-3-kavet-isznak-naponta-kevesebb-testzsirral-rendelkeznek\/","name":"Azok a n\u0151k, akik 2-3 k\u00e1v\u00e9t isznak naponta, kevesebb testzs\u00edrral rendelkeznek - \u0160koda We Love Cycling - Magyarorsz\u00e1g","isPartOf":{"@id":"https:\/\/www.welovecycling.com\/hu\/#website"},"primaryImageOfPage":{"@id":"https:\/\/www.welovecycling.com\/hu\/edzes-es-eletmod\/azok-a-nok-akik-2-3-kavet-isznak-naponta-kevesebb-testzsirral-rendelkeznek\/#primaryimage"},"image":{"@id":"https:\/\/www.welovecycling.com\/hu\/edzes-es-eletmod\/azok-a-nok-akik-2-3-kavet-isznak-naponta-kevesebb-testzsirral-rendelkeznek\/#primaryimage"},"thumbnailUrl":"https:\/\/d2p6e6u75xmxt8.cloudfront.net\/12\/2020\/06\/Coffee-CVR.jpg","datePublished":"2020-06-25T07:00:15+00:00","author":{"@id":"https:\/\/www.welovecycling.com\/hu\/#\/schema\/person\/414a2aebf1801691a5320edb6468e194"},"breadcrumb":{"@id":"https:\/\/www.welovecycling.com\/hu\/edzes-es-eletmod\/azok-a-nok-akik-2-3-kavet-isznak-naponta-kevesebb-testzsirral-rendelkeznek\/#breadcrumb"},"inLanguage":"hu","potentialAction":[{"@type":"ReadAction","target":["https:\/\/www.welovecycling.com\/hu\/edzes-es-eletmod\/azok-a-nok-akik-2-3-kavet-isznak-naponta-kevesebb-testzsirral-rendelkeznek\/"]}]},{"@type":"ImageObject","inLanguage":"hu","@id":"https:\/\/www.welovecycling.com\/hu\/edzes-es-eletmod\/azok-a-nok-akik-2-3-kavet-isznak-naponta-kevesebb-testzsirral-rendelkeznek\/#primaryimage","url":"https:\/\/d2p6e6u75xmxt8.cloudfront.net\/12\/2020\/06\/Coffee-CVR.jpg","contentUrl":"https:\/\/d2p6e6u75xmxt8.cloudfront.net\/12\/2020\/06\/Coffee-CVR.jpg","width":1366,"height":600},{"@type":"BreadcrumbList","@id":"https:\/\/www.welovecycling.com\/hu\/edzes-es-eletmod\/azok-a-nok-akik-2-3-kavet-isznak-naponta-kevesebb-testzsirral-rendelkeznek\/#breadcrumb","itemListElement":[{"@type":"ListItem","position":1,"name":"Home","item":"https:\/\/www.welovecycling.com\/hu\/"},{"@type":"ListItem","position":2,"name":"Azok a n\u0151k, akik 2-3 k\u00e1v\u00e9t isznak naponta, kevesebb testzs\u00edrral rendelkeznek"}]},{"@type":"WebSite","@id":"https:\/\/www.welovecycling.com\/hu\/#website","url":"https:\/\/www.welovecycling.com\/hu\/","name":"\u0160koda We Love Cycling - Magyarorsz\u00e1g","description":"\u0160koda WeLoveCycling","potentialAction":[{"@type":"SearchAction","target":{"@type":"EntryPoint","urlTemplate":"https:\/\/www.welovecycling.com\/hu\/?s={search_term_string}"},"query-input":{"@type":"PropertyValueSpecification","valueRequired":true,"valueName":"search_term_string"}}],"inLanguage":"hu"},{"@type":"Person","@id":"https:\/\/www.welovecycling.com\/hu\/#\/schema\/person\/414a2aebf1801691a5320edb6468e194","name":"hegyizs","image":{"@type":"ImageObject","inLanguage":"hu","@id":"https:\/\/www.welovecycling.com\/hu\/#\/schema\/person\/image\/","url":"https:\/\/secure.gravatar.com\/avatar\/02cf8a7906b8cf90cecb4679defac7cfd33a1c2e3b88e4903d947f3bb58eedd3?s=96&d=mm&r=g","contentUrl":"https:\/\/secure.gravatar.com\/avatar\/02cf8a7906b8cf90cecb4679defac7cfd33a1c2e3b88e4903d947f3bb58eedd3?s=96&d=mm&r=g","caption":"hegyizs"},"url":"https:\/\/www.welovecycling.com\/hu\/author\/hegyizs\/"}]}},"_links":{"self":[{"href":"https:\/\/www.welovecycling.com\/hu\/wp-json\/wp\/v2\/posts\/7914","targetHints":{"allow":["GET"]}}],"collection":[{"href":"https:\/\/www.welovecycling.com\/hu\/wp-json\/wp\/v2\/posts"}],"about":[{"href":"https:\/\/www.welovecycling.com\/hu\/wp-json\/wp\/v2\/types\/post"}],"author":[{"embeddable":true,"href":"https:\/\/www.welovecycling.com\/hu\/wp-json\/wp\/v2\/users\/71"}],"replies":[{"embeddable":true,"href":"https:\/\/www.welovecycling.com\/hu\/wp-json\/wp\/v2\/comments?post=7914"}],"version-history":[{"count":2,"href":"https:\/\/www.welovecycling.com\/hu\/wp-json\/wp\/v2\/posts\/7914\/revisions"}],"predecessor-version":[{"id":7923,"href":"https:\/\/www.welovecycling.com\/hu\/wp-json\/wp\/v2\/posts\/7914\/revisions\/7923"}],"wp:featuredmedia":[{"embeddable":true,"href":"https:\/\/www.welovecycling.com\/hu\/wp-json\/wp\/v2\/media\/7918"}],"wp:attachment":[{"href":"https:\/\/www.welovecycling.com\/hu\/wp-json\/wp\/v2\/media?parent=7914"}],"wp:term":[{"taxonomy":"category","embeddable":true,"href":"https:\/\/www.welovecycling.com\/hu\/wp-json\/wp\/v2\/categories?post=7914"},{"taxonomy":"post_tag","embeddable":true,"href":"https:\/\/www.welovecycling.com\/hu\/wp-json\/wp\/v2\/tags?post=7914"},{"taxonomy":"global-categories","embeddable":true,"href":"https:\/\/www.welovecycling.com\/hu\/wp-json\/wp\/v2\/global-categories?post=7914"}],"curies":[{"name":"wp","href":"https:\/\/api.w.org\/{rel}","templated":true}]}}