{"id":7896,"date":"2020-06-22T08:00:07","date_gmt":"2020-06-22T07:00:07","guid":{"rendered":"https:\/\/www.welovecycling.com\/hu\/?p=7896"},"modified":"2020-06-19T12:46:32","modified_gmt":"2020-06-19T11:46:32","slug":"gino-bartali-az-orszaguti-hos","status":"publish","type":"post","link":"https:\/\/www.welovecycling.com\/hu\/orszaguti-kerekpar\/gino-bartali-az-orszaguti-hos\/","title":{"rendered":"Gino Bartali, az orsz\u00e1g\u00fati h\u0151s"},"content":{"rendered":"<p><strong>Az elm\u00falt k\u00e9t h\u00e9t egyes\u00fclt \u00e1llamokbeli esem\u00e9nyei remek aprop\u00f3t adnak egy olyan ember eml\u00e9k\u00e9nek felid\u00e9z\u00e9s\u00e9re, aki egy id\u0151ben naponta tette kock\u00e1ra az \u00e9let\u00e9t, k\u00fczdve az \u00fajkori t\u00f6rt\u00e9nelem egyik legbrut\u00e1lisabb hajt\u00f3vad\u00e1szata: a n\u00e1cik zsid\u00f3\u00fcld\u00f6z\u00e9se ellen. \u00c9s mivel ez az ember, Gino Bartali, orsz\u00e1g\u00fatiker\u00e9kp\u00e1r-bajnok volt, m\u00e9g k\u00fcl\u00f6nlegesebb a t\u00f6rt\u00e9nete.<\/strong><br \/>\n<!--more--><\/p>\n<p>Az, hogy a n\u00e1cik egyar\u00e1nt \u00fcld\u00f6zt\u00e9k \u00e9s gyilkolt\u00e1k a rom\u00e1kat, a szl\u00e1vokat \u00e9s a homoszexu\u00e1lisokat, t\u00f6k\u00e9letesen mutatja uralmuk, \u00e9s seg\u00edt\u0151ik kiv\u00e9teles h\u00e1borodotts\u00e1g\u00e1t, valamint a rasszizmus \u00e9s a nacionalizmus elmebaj\u00e1t. A hith\u0171 r\u00f3mai katolikus Bartali (akinek \u201eJ\u00e1mbor Gino\u201d volt a beceneve) az igazs\u00e1gtalans\u00e1g valamennyi form\u00e1j\u00e1t el\u00edt\u00e9lte, ez\u00e9rt is sz\u00e1llt szembe Benito Mussolini olaszorsz\u00e1gi fasiszta rendszer\u00e9vel.<\/p>\n<p>Bartali 1914. j\u00falius 18-\u00e1n sz\u00fcletett egy Firenz\u00e9hez k\u00f6zeli faluban. Az apja napsz\u00e1mos volt, anyja pedig mez\u0151gazdas\u00e1gi munk\u00e1b\u00f3l \u00e9s h\u00edmz\u00e9sb\u0151l seg\u00edtett eltartani a hattag\u00fa csal\u00e1dot. Els\u0151 ker\u00e9kp\u00e1rj\u00e1t 11 \u00e9ves kor\u00e1ban vette, hogy be tudjon j\u00e1rni a firenzei iskol\u00e1ba, \u00e9s a vid\u00e9k dimbes-dombos \u00fatjain remek bring\u00e1s k\u00e9pess\u00e9geket fejlesztett. Els\u0151 ker\u00e9kp\u00e1rverseny\u00e9t 17 \u00e9vesen, 1931-ben nyerte.<\/p>\n<figure id=\"attachment_7897\" aria-describedby=\"caption-attachment-7897\" style=\"width: 1800px\" class=\"wp-caption alignnone\"><img loading=\"lazy\" decoding=\"async\" class=\"size-full wp-image-7897\" src=\"https:\/\/d2p6e6u75xmxt8.cloudfront.net\/12\/2020\/06\/profimedia-0067995633.jpg\" alt=\"\" width=\"1800\" height=\"1300\" \/><figcaption id=\"caption-attachment-7897\" class=\"wp-caption-text\"><em>Csapata sportigazgat\u00f3ja, Costante Girardengo gratul\u00e1l Gino Bartalinak, miut\u00e1n 1938. j\u00falius 18-\u00e1n els\u0151 lett a Tour de France 11. szakasz\u00e1n. Ezut\u00e1n Bartali megnyerte els\u0151 Tour de France verseny\u00e9t P\u00e1rizsban.<\/em> <em>\u00a9 AFP PHOTO<\/em><\/figcaption><\/figure>\n<p>Mes\u00e9s karrier kezdete volt ez. 1935-ben, 20 \u00e9vesen, megnyerte a Giro d\u2019Italia egyik szakasz\u00e1t \u00e9s elnyerte a hegyek kir\u00e1lya c\u00edmet. Egy \u00e9vvel k\u00e9s\u0151bb megnyerte a Gir\u00f3t \u00e9s megint a hegyek kir\u00e1lya lett, az azt k\u00f6vet\u0151 \u00e9vben pedig megism\u00e9telte ezt a dupla brav\u00fart.<\/p>\n<p>1938-ban megnyerte a Tour de France-t (\u00e9s igen, a hegyikir\u00e1ly is \u0151 lett), de nem aj\u00e1nlotta gy\u0151zelm\u00e9t Mussolininek, ahogy a hagyom\u00e1ny dikt\u00e1lta volna, ez\u00e9rt olaszorsz\u00e1gi hazat\u00e9r\u00e9sekor nem kapott kit\u00fcntet\u00e9st. Bartali a II. vil\u00e1gh\u00e1bor\u00fat k\u00f6vet\u0151en m\u00e9g egyszer megnyerte a Gir\u00f3t (1946-ban) \u00e9s a Tourt (1948-ban), \u00edgy \u0151 az egyetlen versenyz\u0151, aki a vil\u00e1gh\u00e1bor\u00fa el\u0151tt \u00e9s ut\u00e1n is diadalmaskodott a k\u00e9t nagy k\u00f6rversenyen.<\/p>\n<p>Ren\u00e9 de Latour francia-amerikai sport\u00fajs\u00e1g\u00edr\u00f3 a k\u00f6vetkez\u0151 szavakkal \u00edrta le Bartali 1948-as Tour-gy\u0151zelm\u00e9t: <em>\u201eSz\u00e1m\u00e1ra a gy\u0151zelem szimpla formalit\u00e1s volt. Nem csup\u00e1n a legjobb hegyimen\u0151 volt 34 \u00e9vesen, de s\u00edkon is \u0151 volt a leggyorsabb\u2026 Gino m\u00e9lt\u00e1n lehetett b\u00fcszke mag\u00e1ra, hiszen h\u00e9t szakaszt megnyert. \u00c9s az el\u0151z\u0151 \u00e9vi Tourok legend\u00e1s nagyjainak h\u0151sies m\u00f3dj\u00e1n nyerte meg. Elvitte a nyit\u00f3 szakaszt, azt\u00e1n k\u00e9t egym\u00e1st k\u00f6vet\u0151t a Pireneusokn\u00e1l, majd ezeket tet\u0151zte a h\u00e1rom alpesi szakasszal. Bartali az 1948-as Tourt nem p\u00e1r m\u00e1sodperccel, hanem t\u00f6bb mint 26 perccel nyerte a m\u00e1sodikk\u00e9nt befut\u00f3 Briek Schotte el\u0151tt.\u201d<\/em><\/p>\n<figure id=\"attachment_7898\" aria-describedby=\"caption-attachment-7898\" style=\"width: 1250px\" class=\"wp-caption alignnone\"><img loading=\"lazy\" decoding=\"async\" class=\"size-full wp-image-7898\" src=\"https:\/\/d2p6e6u75xmxt8.cloudfront.net\/12\/2020\/06\/Gino-Bartali-profimedia-0017382743.jpg\" alt=\"\" width=\"1250\" height=\"844\" \/><figcaption id=\"caption-attachment-7898\" class=\"wp-caption-text\">Gino Bartali 1952-ben\u00a0 \u00a9 AFP PHOTO<\/figcaption><\/figure>\n<p>Mindent egybevetve Bartali \u00f6t nagy Tourt nyert meg, kilenc nagy Touron volt p\u00f6tty\u00f6s trik\u00f3s, n\u00e9gy egy\u00e9b szakaszversenyen, \u00e9s t\u00f6bb mint egy tucat egynapos versenyen \u00e9s klasszikuson diadalmaskodott. Ha a h\u00e1bor\u00fa nem szak\u00edtja f\u00e9lbe a nemzetk\u00f6zi karrierj\u00e9t, ma tal\u00e1n minden id\u0151k egyik legnagyszer\u0171bb orsz\u00e1g\u00fati versenyz\u0151jek\u00e9nt emlegetj\u00fck. \u00c1m a szememben a versenysikerei elt\u00f6rp\u00fclnek a h\u00e1bor\u00fa alatti tettei mellett. 1943-ban, Mussolini buk\u00e1s\u00e1t k\u00f6vet\u0151en, N\u00e9metorsz\u00e1g megsz\u00e1llta Olaszorsz\u00e1g \u00e9szaki r\u00e9gi\u00f3it, \u00edgy Bartali lak\u00f3hely\u00e9t, Toszk\u00e1n\u00e1t is. Ennek k\u00f6vetkezt\u00e9ben a zsid\u00f3\u00fcld\u00f6z\u00e9s m\u00e9g nagyobb m\u00e9reteket \u00f6lt\u00f6tt.<\/p>\n<p>Ebben az id\u0151ben Ellia Dalla Costa b\u00edboros, aki eur\u00f3pai orsz\u00e1gokb\u00f3l menek\u00fcl\u0151 zsid\u00f3kat seg\u00edtett, tal\u00e1lkoz\u00f3t k\u00e9rt Bartalit\u00f3l. Az \u00fcld\u00f6z\u00f6tteknek hamis szem\u00e9lyi igazolv\u00e1nyokra volt sz\u00fcks\u00e9g\u00fck. Bartali elv\u00e1llalta, hogy ezeket a hamis iratokat \u00e9s f\u00e9nyk\u00e9peket edz\u00e9seket sz\u00ednlelve a ker\u00e9kp\u00e1rja v\u00e1z\u00fcreg\u00e9ben fogja sz\u00e1ll\u00edtani. Amikor az ellen\u0151rz\u0151pontokn\u00e1l meg\u00e1ll\u00edtott\u00e1k, megk\u00e9rte a katon\u00e1kat, hogy ne ny\u00faljanak a bring\u00e1j\u00e1hoz, mert az a teker\u00e9si st\u00edlus\u00e1hoz van be\u00e1ll\u00edtva.<\/p>\n<p>Bartali ugyanakkor egy ismer\u0151s zsid\u00f3 csal\u00e1dot is rejtegetett a h\u00e1z\u00e1ban. A h\u00e1romtag\u00fa csal\u00e1d a pinc\u00e9j\u00e9ben \u00e9lt, am\u00edg a sz\u00f6vets\u00e9gesek fel nem szabad\u00edtott\u00e1k Firenz\u00e9t. Amennyiben lebukik \u00e9s a n\u00e1cik kez\u00e9be ker\u00fcl, b\u00e1rmelyik tett\u00e9\u00e9rt kiv\u00e9gzik. 1944 j\u00falius\u00e1ban kihallgatt\u00e1k a firenzei Villa Trist\u00e9ben, ahol a helyi fasiszta vezet\u0151k politikai foglyokat tartottak fogva \u00e9s k\u00ednoztak. Szerencs\u00e9j\u00e9re az egyik vallat\u00f3ja egy volt katonai felettese volt, aki meggy\u0151zte a t\u00f6bbi tisztet, hogy engedj\u00e9k szabadon.<\/p>\n<p><img loading=\"lazy\" decoding=\"async\" class=\"size-full wp-image-7899\" src=\"https:\/\/d2p6e6u75xmxt8.cloudfront.net\/12\/2020\/06\/Gino-Bartali-profimedia-0067995198-1.jpg\" alt=\"\" width=\"1250\" height=\"1233\" \/><\/p>\n<p>Bartali semmit nem \u00e1rult el tev\u00e9kenys\u00e9geir\u0151l a kihallgat\u00f3inak \u00e9s soha nem besz\u00e9lt senki m\u00e1snak sem ezekr\u0151l, m\u00e9g a fi\u00e1nak sem. \u00cdgy szeretett err\u0151l besz\u00e9lni: <em>\u201eAz igazi j\u00f3t teszik, nem pedig besz\u00e9lnek r\u00f3la. \u00c9s bizonyos kit\u00fcntet\u00e9sek az ember lelk\u00e9n l\u00f3gnak, nem az egyenruh\u00e1j\u00e1n.\u201d <\/em>2013-ban, 13 \u00e9vvel a hal\u00e1la ut\u00e1n, a Jad Vasem Holokauszt Eml\u00e9khat\u00f3s\u00e1g Bartalinak \u00edt\u00e9lte a \u201eVil\u00e1g Igaza\u201d d\u00edjat a h\u00e1bor\u00fa alatt az \u00fcld\u00f6z\u00f6tt olaszorsz\u00e1gi zsid\u00f3k v\u00e9delm\u00e9\u00e9rt tett er\u0151fesz\u00edt\u00e9sei\u00e9rt.<\/p>\n<p>A sz\u00fcletett ker\u00e9kp\u00e1ros h\u0151sr\u0151l b\u0151vebben <em>Aili McConnon \u00e9s Andres McConnon Road to Valor: A True Story of WWII Italy, the Nazis, and the Cyclist Who Inspired a Nation<\/em> vagy <em>Alberto Toscano A Champion Cyclist Against the Nazis <\/em>c\u00edm\u0171 k\u00f6nyv\u00e9ben tudsz olvasni; illetve az Amazon Prime-on megn\u00e9zheted a <em>\u201eMy Italian Secret: The Forgotten Heroes\u201d<\/em> c\u00edm\u0171 filmet.<\/p>\n<p>Azokban az id\u0151kben, amikor a szisztematikus rasszista elnyom\u00e1s m\u00e9g mindig \u00e1ldozatokat szed, ahogy ezt tette George Floyddal, eml\u00e9kezn\u00fcnk kell n\u00e9h\u00e1ny emberre, akik mindent kock\u00e1ra tettek, hogy harcoljanak ellene \u2013 ahogy Gino Bartali is.<\/p>\n","protected":false},"excerpt":{"rendered":"<p>Az elm\u00falt k\u00e9t h\u00e9t egyes\u00fclt \u00e1llamokbeli esem\u00e9nyei remek aprop\u00f3t adnak egy olyan ember eml\u00e9k\u00e9nek felid\u00e9z\u00e9s\u00e9re, aki egy id\u0151ben naponta tette [&hellip;]<\/p>\n","protected":false},"author":71,"featured_media":7901,"comment_status":"open","ping_status":"open","sticky":false,"template":"","format":"standard","meta":{"footnotes":""},"categories":[8],"tags":[],"global-categories":[],"class_list":["post-7896","post","type-post","status-publish","format-standard","has-post-thumbnail","hentry","category-orszaguti-kerekpar"],"yoast_head":"<!-- This site is optimized with the Yoast SEO Premium plugin v25.3 (Yoast SEO v25.9) - https:\/\/yoast.com\/wordpress\/plugins\/seo\/ -->\n<title>Gino Bartali, az orsz\u00e1g\u00fati h\u0151s - \u0160koda We Love Cycling - Magyarorsz\u00e1g<\/title>\n<meta name=\"robots\" content=\"index, follow, max-snippet:-1, max-image-preview:large, max-video-preview:-1\" \/>\n<link rel=\"canonical\" href=\"https:\/\/www.welovecycling.com\/hu\/orszaguti-kerekpar\/gino-bartali-az-orszaguti-hos\/\" \/>\n<meta property=\"og:locale\" content=\"hu_HU\" \/>\n<meta property=\"og:type\" content=\"article\" \/>\n<meta property=\"og:title\" content=\"Gino Bartali, az orsz\u00e1g\u00fati h\u0151s\" \/>\n<meta property=\"og:description\" content=\"Az elm\u00falt k\u00e9t h\u00e9t egyes\u00fclt \u00e1llamokbeli esem\u00e9nyei remek aprop\u00f3t adnak egy olyan ember eml\u00e9k\u00e9nek felid\u00e9z\u00e9s\u00e9re, aki egy id\u0151ben naponta tette [&hellip;]\" \/>\n<meta property=\"og:url\" content=\"https:\/\/www.welovecycling.com\/hu\/orszaguti-kerekpar\/gino-bartali-az-orszaguti-hos\/\" \/>\n<meta property=\"og:site_name\" content=\"\u0160koda We Love Cycling - Magyarorsz\u00e1g\" \/>\n<meta property=\"article:publisher\" content=\"https:\/\/www.facebook.com\/WeLoveCyclingHungary\/\" \/>\n<meta property=\"article:published_time\" content=\"2020-06-22T07:00:07+00:00\" \/>\n<meta property=\"og:image\" content=\"https:\/\/d2p6e6u75xmxt8.cloudfront.net\/12\/2020\/06\/Gino-Bartali-CVR-profimedia-0017382744.jpg\" \/>\n\t<meta property=\"og:image:width\" content=\"1366\" \/>\n\t<meta property=\"og:image:height\" content=\"600\" \/>\n\t<meta property=\"og:image:type\" content=\"image\/jpeg\" \/>\n<meta name=\"author\" content=\"hegyizs\" \/>\n<meta name=\"twitter:card\" content=\"summary_large_image\" \/>\n<meta name=\"twitter:label1\" content=\"Written by\" \/>\n\t<meta name=\"twitter:data1\" content=\"Siegfried Mortkowitz\" \/>\n\t<meta name=\"twitter:label2\" content=\"Est. reading time\" \/>\n\t<meta name=\"twitter:data2\" content=\"7\" \/>\n<script type=\"application\/ld+json\" class=\"yoast-schema-graph\">{\"@context\":\"https:\/\/schema.org\",\"@graph\":[{\"@type\":\"WebPage\",\"@id\":\"https:\/\/www.welovecycling.com\/hu\/orszaguti-kerekpar\/gino-bartali-az-orszaguti-hos\/\",\"url\":\"https:\/\/www.welovecycling.com\/hu\/orszaguti-kerekpar\/gino-bartali-az-orszaguti-hos\/\",\"name\":\"Gino Bartali, az orsz\u00e1g\u00fati h\u0151s - \u0160koda We Love Cycling - Magyarorsz\u00e1g\",\"isPartOf\":{\"@id\":\"https:\/\/www.welovecycling.com\/hu\/#website\"},\"primaryImageOfPage\":{\"@id\":\"https:\/\/www.welovecycling.com\/hu\/orszaguti-kerekpar\/gino-bartali-az-orszaguti-hos\/#primaryimage\"},\"image\":{\"@id\":\"https:\/\/www.welovecycling.com\/hu\/orszaguti-kerekpar\/gino-bartali-az-orszaguti-hos\/#primaryimage\"},\"thumbnailUrl\":\"https:\/\/d2p6e6u75xmxt8.cloudfront.net\/12\/2020\/06\/Gino-Bartali-CVR-profimedia-0017382744.jpg\",\"datePublished\":\"2020-06-22T07:00:07+00:00\",\"author\":{\"@id\":\"https:\/\/www.welovecycling.com\/hu\/#\/schema\/person\/414a2aebf1801691a5320edb6468e194\"},\"breadcrumb\":{\"@id\":\"https:\/\/www.welovecycling.com\/hu\/orszaguti-kerekpar\/gino-bartali-az-orszaguti-hos\/#breadcrumb\"},\"inLanguage\":\"hu\",\"potentialAction\":[{\"@type\":\"ReadAction\",\"target\":[\"https:\/\/www.welovecycling.com\/hu\/orszaguti-kerekpar\/gino-bartali-az-orszaguti-hos\/\"]}]},{\"@type\":\"ImageObject\",\"inLanguage\":\"hu\",\"@id\":\"https:\/\/www.welovecycling.com\/hu\/orszaguti-kerekpar\/gino-bartali-az-orszaguti-hos\/#primaryimage\",\"url\":\"https:\/\/d2p6e6u75xmxt8.cloudfront.net\/12\/2020\/06\/Gino-Bartali-CVR-profimedia-0017382744.jpg\",\"contentUrl\":\"https:\/\/d2p6e6u75xmxt8.cloudfront.net\/12\/2020\/06\/Gino-Bartali-CVR-profimedia-0017382744.jpg\",\"width\":1366,\"height\":600},{\"@type\":\"BreadcrumbList\",\"@id\":\"https:\/\/www.welovecycling.com\/hu\/orszaguti-kerekpar\/gino-bartali-az-orszaguti-hos\/#breadcrumb\",\"itemListElement\":[{\"@type\":\"ListItem\",\"position\":1,\"name\":\"Home\",\"item\":\"https:\/\/www.welovecycling.com\/hu\/\"},{\"@type\":\"ListItem\",\"position\":2,\"name\":\"Gino Bartali, az orsz\u00e1g\u00fati h\u0151s\"}]},{\"@type\":\"WebSite\",\"@id\":\"https:\/\/www.welovecycling.com\/hu\/#website\",\"url\":\"https:\/\/www.welovecycling.com\/hu\/\",\"name\":\"\u0160koda We Love Cycling - Magyarorsz\u00e1g\",\"description\":\"\u0160koda WeLoveCycling\",\"potentialAction\":[{\"@type\":\"SearchAction\",\"target\":{\"@type\":\"EntryPoint\",\"urlTemplate\":\"https:\/\/www.welovecycling.com\/hu\/?s={search_term_string}\"},\"query-input\":{\"@type\":\"PropertyValueSpecification\",\"valueRequired\":true,\"valueName\":\"search_term_string\"}}],\"inLanguage\":\"hu\"},{\"@type\":\"Person\",\"@id\":\"https:\/\/www.welovecycling.com\/hu\/#\/schema\/person\/414a2aebf1801691a5320edb6468e194\",\"name\":\"hegyizs\",\"image\":{\"@type\":\"ImageObject\",\"inLanguage\":\"hu\",\"@id\":\"https:\/\/www.welovecycling.com\/hu\/#\/schema\/person\/image\/\",\"url\":\"https:\/\/secure.gravatar.com\/avatar\/02cf8a7906b8cf90cecb4679defac7cfd33a1c2e3b88e4903d947f3bb58eedd3?s=96&d=mm&r=g\",\"contentUrl\":\"https:\/\/secure.gravatar.com\/avatar\/02cf8a7906b8cf90cecb4679defac7cfd33a1c2e3b88e4903d947f3bb58eedd3?s=96&d=mm&r=g\",\"caption\":\"hegyizs\"},\"url\":\"https:\/\/www.welovecycling.com\/hu\/author\/hegyizs\/\"}]}<\/script>\n<!-- \/ Yoast SEO Premium plugin. -->","yoast_head_json":{"title":"Gino Bartali, az orsz\u00e1g\u00fati h\u0151s - \u0160koda We Love Cycling - Magyarorsz\u00e1g","robots":{"index":"index","follow":"follow","max-snippet":"max-snippet:-1","max-image-preview":"max-image-preview:large","max-video-preview":"max-video-preview:-1"},"canonical":"https:\/\/www.welovecycling.com\/hu\/orszaguti-kerekpar\/gino-bartali-az-orszaguti-hos\/","og_locale":"hu_HU","og_type":"article","og_title":"Gino Bartali, az orsz\u00e1g\u00fati h\u0151s","og_description":"Az elm\u00falt k\u00e9t h\u00e9t egyes\u00fclt \u00e1llamokbeli esem\u00e9nyei remek aprop\u00f3t adnak egy olyan ember eml\u00e9k\u00e9nek felid\u00e9z\u00e9s\u00e9re, aki egy id\u0151ben naponta tette [&hellip;]","og_url":"https:\/\/www.welovecycling.com\/hu\/orszaguti-kerekpar\/gino-bartali-az-orszaguti-hos\/","og_site_name":"\u0160koda We Love Cycling - Magyarorsz\u00e1g","article_publisher":"https:\/\/www.facebook.com\/WeLoveCyclingHungary\/","article_published_time":"2020-06-22T07:00:07+00:00","og_image":[{"width":1366,"height":600,"url":"https:\/\/d2p6e6u75xmxt8.cloudfront.net\/12\/2020\/06\/Gino-Bartali-CVR-profimedia-0017382744.jpg","type":"image\/jpeg"}],"author":"hegyizs","twitter_card":"summary_large_image","twitter_misc":{"Written by":"Siegfried Mortkowitz","Est. reading time":"7"},"schema":{"@context":"https:\/\/schema.org","@graph":[{"@type":"WebPage","@id":"https:\/\/www.welovecycling.com\/hu\/orszaguti-kerekpar\/gino-bartali-az-orszaguti-hos\/","url":"https:\/\/www.welovecycling.com\/hu\/orszaguti-kerekpar\/gino-bartali-az-orszaguti-hos\/","name":"Gino Bartali, az orsz\u00e1g\u00fati h\u0151s - \u0160koda We Love Cycling - Magyarorsz\u00e1g","isPartOf":{"@id":"https:\/\/www.welovecycling.com\/hu\/#website"},"primaryImageOfPage":{"@id":"https:\/\/www.welovecycling.com\/hu\/orszaguti-kerekpar\/gino-bartali-az-orszaguti-hos\/#primaryimage"},"image":{"@id":"https:\/\/www.welovecycling.com\/hu\/orszaguti-kerekpar\/gino-bartali-az-orszaguti-hos\/#primaryimage"},"thumbnailUrl":"https:\/\/d2p6e6u75xmxt8.cloudfront.net\/12\/2020\/06\/Gino-Bartali-CVR-profimedia-0017382744.jpg","datePublished":"2020-06-22T07:00:07+00:00","author":{"@id":"https:\/\/www.welovecycling.com\/hu\/#\/schema\/person\/414a2aebf1801691a5320edb6468e194"},"breadcrumb":{"@id":"https:\/\/www.welovecycling.com\/hu\/orszaguti-kerekpar\/gino-bartali-az-orszaguti-hos\/#breadcrumb"},"inLanguage":"hu","potentialAction":[{"@type":"ReadAction","target":["https:\/\/www.welovecycling.com\/hu\/orszaguti-kerekpar\/gino-bartali-az-orszaguti-hos\/"]}]},{"@type":"ImageObject","inLanguage":"hu","@id":"https:\/\/www.welovecycling.com\/hu\/orszaguti-kerekpar\/gino-bartali-az-orszaguti-hos\/#primaryimage","url":"https:\/\/d2p6e6u75xmxt8.cloudfront.net\/12\/2020\/06\/Gino-Bartali-CVR-profimedia-0017382744.jpg","contentUrl":"https:\/\/d2p6e6u75xmxt8.cloudfront.net\/12\/2020\/06\/Gino-Bartali-CVR-profimedia-0017382744.jpg","width":1366,"height":600},{"@type":"BreadcrumbList","@id":"https:\/\/www.welovecycling.com\/hu\/orszaguti-kerekpar\/gino-bartali-az-orszaguti-hos\/#breadcrumb","itemListElement":[{"@type":"ListItem","position":1,"name":"Home","item":"https:\/\/www.welovecycling.com\/hu\/"},{"@type":"ListItem","position":2,"name":"Gino Bartali, az orsz\u00e1g\u00fati h\u0151s"}]},{"@type":"WebSite","@id":"https:\/\/www.welovecycling.com\/hu\/#website","url":"https:\/\/www.welovecycling.com\/hu\/","name":"\u0160koda We Love Cycling - Magyarorsz\u00e1g","description":"\u0160koda WeLoveCycling","potentialAction":[{"@type":"SearchAction","target":{"@type":"EntryPoint","urlTemplate":"https:\/\/www.welovecycling.com\/hu\/?s={search_term_string}"},"query-input":{"@type":"PropertyValueSpecification","valueRequired":true,"valueName":"search_term_string"}}],"inLanguage":"hu"},{"@type":"Person","@id":"https:\/\/www.welovecycling.com\/hu\/#\/schema\/person\/414a2aebf1801691a5320edb6468e194","name":"hegyizs","image":{"@type":"ImageObject","inLanguage":"hu","@id":"https:\/\/www.welovecycling.com\/hu\/#\/schema\/person\/image\/","url":"https:\/\/secure.gravatar.com\/avatar\/02cf8a7906b8cf90cecb4679defac7cfd33a1c2e3b88e4903d947f3bb58eedd3?s=96&d=mm&r=g","contentUrl":"https:\/\/secure.gravatar.com\/avatar\/02cf8a7906b8cf90cecb4679defac7cfd33a1c2e3b88e4903d947f3bb58eedd3?s=96&d=mm&r=g","caption":"hegyizs"},"url":"https:\/\/www.welovecycling.com\/hu\/author\/hegyizs\/"}]}},"_links":{"self":[{"href":"https:\/\/www.welovecycling.com\/hu\/wp-json\/wp\/v2\/posts\/7896","targetHints":{"allow":["GET"]}}],"collection":[{"href":"https:\/\/www.welovecycling.com\/hu\/wp-json\/wp\/v2\/posts"}],"about":[{"href":"https:\/\/www.welovecycling.com\/hu\/wp-json\/wp\/v2\/types\/post"}],"author":[{"embeddable":true,"href":"https:\/\/www.welovecycling.com\/hu\/wp-json\/wp\/v2\/users\/71"}],"replies":[{"embeddable":true,"href":"https:\/\/www.welovecycling.com\/hu\/wp-json\/wp\/v2\/comments?post=7896"}],"version-history":[{"count":2,"href":"https:\/\/www.welovecycling.com\/hu\/wp-json\/wp\/v2\/posts\/7896\/revisions"}],"predecessor-version":[{"id":7919,"href":"https:\/\/www.welovecycling.com\/hu\/wp-json\/wp\/v2\/posts\/7896\/revisions\/7919"}],"wp:featuredmedia":[{"embeddable":true,"href":"https:\/\/www.welovecycling.com\/hu\/wp-json\/wp\/v2\/media\/7901"}],"wp:attachment":[{"href":"https:\/\/www.welovecycling.com\/hu\/wp-json\/wp\/v2\/media?parent=7896"}],"wp:term":[{"taxonomy":"category","embeddable":true,"href":"https:\/\/www.welovecycling.com\/hu\/wp-json\/wp\/v2\/categories?post=7896"},{"taxonomy":"post_tag","embeddable":true,"href":"https:\/\/www.welovecycling.com\/hu\/wp-json\/wp\/v2\/tags?post=7896"},{"taxonomy":"global-categories","embeddable":true,"href":"https:\/\/www.welovecycling.com\/hu\/wp-json\/wp\/v2\/global-categories?post=7896"}],"curies":[{"name":"wp","href":"https:\/\/api.w.org\/{rel}","templated":true}]}}