{"id":7891,"date":"2020-06-24T08:00:59","date_gmt":"2020-06-24T07:00:59","guid":{"rendered":"https:\/\/www.welovecycling.com\/hu\/?p=7891"},"modified":"2020-06-19T12:48:12","modified_gmt":"2020-06-19T11:48:12","slug":"andy-schleck-barmit-is-csinalok-100-ig-odateszem-magam","status":"publish","type":"post","link":"https:\/\/www.welovecycling.com\/hu\/blog\/andy-schleck-barmit-is-csinalok-100-ig-odateszem-magam\/","title":{"rendered":"Andy Schleck: \u201eB\u00e1rmit is csin\u00e1lok, 100%-ig odateszem magam\u201d"},"content":{"rendered":"<p><strong>#Ride2Unite kamp\u00e1nyunk, melynek c\u00e9lja a bring\u00e1s k\u00f6z\u00f6ss\u00e9g t\u00e1mogat\u00e1sa \u00e9s sz\u00f3rakoztat\u00e1sa, \u00fajabb \u00e9l\u0151 interj\u00fara hozta \u00f6ssze a Eurosport spanyol komment\u00e1tor\u00e1t, Laura Meseguert \u00e9s az ismert luxemburgi ex-ker\u00e9kp\u00e1ros legend\u00e1t, Andy Schlecket, aki n\u00e9mi bepillant\u00e1st ny\u00fajtott akkori \u00e9s mostani \u00e9let\u00e9be, \u00f6sszevetve a kor\u00e1n elkezdett profi \u00e9letet a kis biciklibolt tulajdonosak\u00e9nt \u00e9s bring\u00e1s nagyk\u00f6vetk\u00e9nt t\u00f6lt\u00f6tt, lassabb h\u00e9tk\u00f6znapokkal. L\u00e1ssunk n\u00e9h\u00e1ny fontosabb r\u00e9szletet!<\/strong><\/p>\n<p><!--more--><\/p>\n<p>Ahogy <a href=\"https:\/\/www.welovecycling.com\/hu\/blog\/a-luxemburgi-orszagutis-andy-shleck-a-ride2unite-elo-adasaban\/\">el\u0151z\u0151 cikk\u00fcnkben<\/a> is eml\u00edtett\u00fck, Andy gyakorlatilag egy \u00e9jszaka alatt v\u00e1lt \u00fcnnepeltt\u00e9, amikor mind\u00f6ssze 21 \u00e9vesen, szinte ismeretlenk\u00e9nt, m\u00e1sodik helyen \u00e9rt c\u00e9lba a 2007-es Giro d\u2019Itali\u00e1n. B\u00e1tyja, apja \u00e9s nagyapja \u00e9let\u00fatj\u00e1b\u00f3l kiindulva nem meglep\u0151, hogy a ker\u00e9kp\u00e1roz\u00e1st v\u00e1lasztotta, azonnali sikere azonban v\u00e1ratlan volt. Ezt az els\u0151 k\u00e9rd\u00e9sek k\u00f6zt vitatta meg Laur\u00e1val: milyen j\u00f3l es\u0151 \u00e9s nagyszer\u0171 dolog volt, de az elej\u00e9n nem volt minden fen\u00e9kig tejfel \u2013 \u00f3ri\u00e1si nyom\u00e1ssal \u00e9s nyilv\u00e1noss\u00e1ggal kellett ilyen fiatalon megk\u00fczdenie.<\/p>\n<p>https:\/\/www.instagram.com\/p\/CA7a46hgpGK\/<\/p>\n<p>Most, miut\u00e1n megd\u00f6bbent\u0151 mennyis\u00e9g\u0171 gy\u0151zelmet \u00e9s sikert aratott, azzal t\u00f6lti boldogan idej\u00e9t, hogy ker\u00e9kp\u00e1rosokat edz, egy kis bringaboltot \u00fczemeltet Luxembourgban, valamint \u00fajabban a \u0160koda Tour de Luxembourg eln\u00f6ks\u00e9gi tagja \u00e9s Tour de France \u0160koda vend\u00e9gprogramj\u00e1nak nagyk\u00f6vete. Csup\u00e1n arra panaszkodott viccel\u0151dve Laur\u00e1nak, hogy \u00fczleti tev\u00e9kenys\u00e9gei miatt nem tud annyit tekerni, amennyit szeretne, de ezt \u00fasz\u00e1ssal \u00e9s fut\u00e1ssal kompenz\u00e1lja. Kit\u00e9rt kedvenc \u00fatvonalaira, edz\u00e9sterveire \u00e9s id\u0151t\u00f6lt\u00e9seire is.<\/p>\n<p>Az \u00e9l\u0151 ad\u00e1st k\u00f6vetve egy rajong\u00f3 megk\u00e9rdezte t\u0151le, hogy melyik jelentette p\u00e1lyafut\u00e1s\u00e1nak cs\u00facs\u00e1t: a 2011-es Tour de France Col Du Galibier hegyi szakasz\u00e1n aratott gy\u0151zelme vagy a \u00a02009-es Liege-Bastogne-Liege-en el\u00e9rt els\u0151 hely. R\u00f6vid gondolkod\u00e1s \u00e9s m\u00e9rlegel\u00e9s ut\u00e1n Andy a 2011-es Touron el\u00e9rt diadalt v\u00e1lasztotta.<\/p>\n<figure id=\"attachment_7893\" aria-describedby=\"caption-attachment-7893\" style=\"width: 1250px\" class=\"wp-caption alignnone\"><img loading=\"lazy\" decoding=\"async\" class=\"size-full wp-image-7893\" src=\"https:\/\/d2p6e6u75xmxt8.cloudfront.net\/12\/2020\/06\/profimedia-0228057512.jpg\" alt=\"\" width=\"1250\" height=\"859\" \/><figcaption id=\"caption-attachment-7893\" class=\"wp-caption-text\"><em>2012-ben Contador dopping-\u00fcgye miatt elvesztette a 2010-es Tour els\u0151 hely\u00e9t. \u00a9 Profimedia, TEMP EPA<\/em><\/figcaption><\/figure>\n<p>2012 febru\u00e1rj\u00e1ban, miut\u00e1n Contadort a dopping-\u00fcgyben meghallgatta a Nemzetk\u00f6zi Sportb\u00edr\u00f3s\u00e1g (CAS), visszamen\u0151legesen Schlecknek \u00edt\u00e9lt\u00e9k a 2010-es Tour de France els\u0151 hely\u00e9t.<\/p>\n<p>Ne felejts\u00fck el, hogy Andy Schleck a k\u00f6rversenyek t\u00f6rt\u00e9net\u00e9nek m\u00e1sodik olyan bring\u00e1sa, aki 3 egym\u00e1st k\u00f6vet\u0151 alkalommal viselte a legjobb fiatal versenyz\u0151nek j\u00e1r\u00f3 feh\u00e9r trik\u00f3t a 2010-es Tour de France-on, ahol k\u00e9t hegyi szakaszt is megnyert \u00e9s 6 napon kereszt\u00fcl tekert s\u00e1rga trik\u00f3ban. A 2010-es Tour sajn\u00e1latos pillanata volt, amikor Andy l\u00e1nca leesett \u00e9s Alberto Contador \u00e1tvette a vezet\u00e9st \u00e9s v\u00e9g\u00fcl meg is nyerte a versenyt. 2012 febru\u00e1rj\u00e1ban, miut\u00e1n Contadort a dopping-\u00fcgyben meghallgatta a Nemzetk\u00f6zi Sportb\u00edr\u00f3s\u00e1g (CAS), visszamen\u0151legesen Schlecknek \u00edt\u00e9lt\u00e9k a 2010-es Tour de France els\u0151 hely\u00e9t.<\/p>\n<p>E sorsd\u00f6nt\u0151 Tour eml\u00edt\u00e9se kapcs\u00e1n Andy kiemelte, hogy b\u00e1rmit is csin\u00e1l, 100%-ig odateszi mag\u00e1t \u2013 ebben nagyon hasonl\u00edt legnagyobb riv\u00e1lis\u00e1ra, Alberto Contadorra, \u00e9s tal\u00e1n ebb\u0151l fakad egym\u00e1s ir\u00e1nti k\u00f6lcs\u00f6n\u00f6s tisztelet\u00fck. Azzal kapcsolatban, hogy valamibe minden energi\u00e1j\u00e1t beleadja az ember, Andy besz\u00e9lt arr\u00f3l is, hogyan lett a \u0160koda Tour de France vend\u00e9gprogramj\u00e1nak nagyk\u00f6vete. Minden reggel 5 \u00f3rakor kel, hogy vend\u00e9geinek el\u0151k\u00e9sz\u00edtse a teker\u00e9st \u00e9s a napi programot. Ahogy Andy a tavalyi vend\u00e9gprogram s\u00fcrg\u00e9s-forg\u00e1s\u00e1r\u00f3l mes\u00e9l, az az \u00e9rz\u00e9s\u00fcnk t\u00e1mad, hogy \u0151 akkor a legboldogabb, ha p\u00f6r\u00f6g a napja.<\/p>\n<p>Tov\u00e1bbi \u00e9l\u0151 ad\u00e1sainkat a We Love Cycling honlapj\u00e1nak <a href=\"https:\/\/www.welovecycling.com\/wide\/category\/ride2unite\/\">#Ride2Unite<\/a> oldal\u00e1n tal\u00e1lod!<\/p>\n","protected":false},"excerpt":{"rendered":"<p>#Ride2Unite kamp\u00e1nyunk, melynek c\u00e9lja a bring\u00e1s k\u00f6z\u00f6ss\u00e9g t\u00e1mogat\u00e1sa \u00e9s sz\u00f3rakoztat\u00e1sa, \u00fajabb \u00e9l\u0151 interj\u00fara hozta \u00f6ssze a Eurosport spanyol komment\u00e1tor\u00e1t, Laura [&hellip;]<\/p>\n","protected":false},"author":71,"featured_media":7895,"comment_status":"open","ping_status":"open","sticky":false,"template":"","format":"standard","meta":{"footnotes":""},"categories":[13],"tags":[],"global-categories":[],"class_list":["post-7891","post","type-post","status-publish","format-standard","has-post-thumbnail","hentry","category-blog"],"yoast_head":"<!-- This site is optimized with the Yoast SEO Premium plugin v25.3 (Yoast SEO v25.9) - https:\/\/yoast.com\/wordpress\/plugins\/seo\/ -->\n<title>Andy Schleck: \u201eB\u00e1rmit is csin\u00e1lok, 100%-ig odateszem magam\u201d - \u0160koda We Love Cycling - Magyarorsz\u00e1g<\/title>\n<meta name=\"robots\" content=\"index, follow, max-snippet:-1, max-image-preview:large, max-video-preview:-1\" \/>\n<link rel=\"canonical\" href=\"https:\/\/www.welovecycling.com\/hu\/blog\/andy-schleck-barmit-is-csinalok-100-ig-odateszem-magam\/\" \/>\n<meta property=\"og:locale\" content=\"hu_HU\" \/>\n<meta property=\"og:type\" content=\"article\" \/>\n<meta property=\"og:title\" content=\"Andy Schleck: \u201eB\u00e1rmit is csin\u00e1lok, 100%-ig odateszem magam\u201d\" \/>\n<meta property=\"og:description\" content=\"#Ride2Unite kamp\u00e1nyunk, melynek c\u00e9lja a bring\u00e1s k\u00f6z\u00f6ss\u00e9g t\u00e1mogat\u00e1sa \u00e9s sz\u00f3rakoztat\u00e1sa, \u00fajabb \u00e9l\u0151 interj\u00fara hozta \u00f6ssze a Eurosport spanyol komment\u00e1tor\u00e1t, Laura [&hellip;]\" \/>\n<meta property=\"og:url\" content=\"https:\/\/www.welovecycling.com\/hu\/blog\/andy-schleck-barmit-is-csinalok-100-ig-odateszem-magam\/\" \/>\n<meta property=\"og:site_name\" content=\"\u0160koda We Love Cycling - Magyarorsz\u00e1g\" \/>\n<meta property=\"article:publisher\" content=\"https:\/\/www.facebook.com\/WeLoveCyclingHungary\/\" \/>\n<meta property=\"article:published_time\" content=\"2020-06-24T07:00:59+00:00\" \/>\n<meta property=\"og:image\" content=\"https:\/\/d2p6e6u75xmxt8.cloudfront.net\/12\/2020\/06\/Andy-Schleck-profimedia-0458999318.jpg\" \/>\n\t<meta property=\"og:image:width\" content=\"1366\" \/>\n\t<meta property=\"og:image:height\" content=\"600\" \/>\n\t<meta property=\"og:image:type\" content=\"image\/jpeg\" \/>\n<meta name=\"author\" content=\"hegyizs\" \/>\n<meta name=\"twitter:card\" content=\"summary_large_image\" \/>\n<meta name=\"twitter:label1\" content=\"Written by\" \/>\n\t<meta name=\"twitter:data1\" content=\"Frantiska Blazkova\" \/>\n\t<meta name=\"twitter:label2\" content=\"Est. reading time\" \/>\n\t<meta name=\"twitter:data2\" content=\"5\" \/>\n<script type=\"application\/ld+json\" class=\"yoast-schema-graph\">{\"@context\":\"https:\/\/schema.org\",\"@graph\":[{\"@type\":\"WebPage\",\"@id\":\"https:\/\/www.welovecycling.com\/hu\/blog\/andy-schleck-barmit-is-csinalok-100-ig-odateszem-magam\/\",\"url\":\"https:\/\/www.welovecycling.com\/hu\/blog\/andy-schleck-barmit-is-csinalok-100-ig-odateszem-magam\/\",\"name\":\"Andy Schleck: \u201eB\u00e1rmit is csin\u00e1lok, 100%-ig odateszem magam\u201d - \u0160koda We Love Cycling - Magyarorsz\u00e1g\",\"isPartOf\":{\"@id\":\"https:\/\/www.welovecycling.com\/hu\/#website\"},\"primaryImageOfPage\":{\"@id\":\"https:\/\/www.welovecycling.com\/hu\/blog\/andy-schleck-barmit-is-csinalok-100-ig-odateszem-magam\/#primaryimage\"},\"image\":{\"@id\":\"https:\/\/www.welovecycling.com\/hu\/blog\/andy-schleck-barmit-is-csinalok-100-ig-odateszem-magam\/#primaryimage\"},\"thumbnailUrl\":\"https:\/\/d2p6e6u75xmxt8.cloudfront.net\/12\/2020\/06\/Andy-Schleck-profimedia-0458999318.jpg\",\"datePublished\":\"2020-06-24T07:00:59+00:00\",\"author\":{\"@id\":\"https:\/\/www.welovecycling.com\/hu\/#\/schema\/person\/414a2aebf1801691a5320edb6468e194\"},\"breadcrumb\":{\"@id\":\"https:\/\/www.welovecycling.com\/hu\/blog\/andy-schleck-barmit-is-csinalok-100-ig-odateszem-magam\/#breadcrumb\"},\"inLanguage\":\"hu\",\"potentialAction\":[{\"@type\":\"ReadAction\",\"target\":[\"https:\/\/www.welovecycling.com\/hu\/blog\/andy-schleck-barmit-is-csinalok-100-ig-odateszem-magam\/\"]}]},{\"@type\":\"ImageObject\",\"inLanguage\":\"hu\",\"@id\":\"https:\/\/www.welovecycling.com\/hu\/blog\/andy-schleck-barmit-is-csinalok-100-ig-odateszem-magam\/#primaryimage\",\"url\":\"https:\/\/d2p6e6u75xmxt8.cloudfront.net\/12\/2020\/06\/Andy-Schleck-profimedia-0458999318.jpg\",\"contentUrl\":\"https:\/\/d2p6e6u75xmxt8.cloudfront.net\/12\/2020\/06\/Andy-Schleck-profimedia-0458999318.jpg\",\"width\":1366,\"height\":600},{\"@type\":\"BreadcrumbList\",\"@id\":\"https:\/\/www.welovecycling.com\/hu\/blog\/andy-schleck-barmit-is-csinalok-100-ig-odateszem-magam\/#breadcrumb\",\"itemListElement\":[{\"@type\":\"ListItem\",\"position\":1,\"name\":\"Home\",\"item\":\"https:\/\/www.welovecycling.com\/hu\/\"},{\"@type\":\"ListItem\",\"position\":2,\"name\":\"Andy Schleck: \u201eB\u00e1rmit is csin\u00e1lok, 100%-ig odateszem magam\u201d\"}]},{\"@type\":\"WebSite\",\"@id\":\"https:\/\/www.welovecycling.com\/hu\/#website\",\"url\":\"https:\/\/www.welovecycling.com\/hu\/\",\"name\":\"\u0160koda We Love Cycling - Magyarorsz\u00e1g\",\"description\":\"\u0160koda WeLoveCycling\",\"potentialAction\":[{\"@type\":\"SearchAction\",\"target\":{\"@type\":\"EntryPoint\",\"urlTemplate\":\"https:\/\/www.welovecycling.com\/hu\/?s={search_term_string}\"},\"query-input\":{\"@type\":\"PropertyValueSpecification\",\"valueRequired\":true,\"valueName\":\"search_term_string\"}}],\"inLanguage\":\"hu\"},{\"@type\":\"Person\",\"@id\":\"https:\/\/www.welovecycling.com\/hu\/#\/schema\/person\/414a2aebf1801691a5320edb6468e194\",\"name\":\"hegyizs\",\"image\":{\"@type\":\"ImageObject\",\"inLanguage\":\"hu\",\"@id\":\"https:\/\/www.welovecycling.com\/hu\/#\/schema\/person\/image\/\",\"url\":\"https:\/\/secure.gravatar.com\/avatar\/02cf8a7906b8cf90cecb4679defac7cfd33a1c2e3b88e4903d947f3bb58eedd3?s=96&d=mm&r=g\",\"contentUrl\":\"https:\/\/secure.gravatar.com\/avatar\/02cf8a7906b8cf90cecb4679defac7cfd33a1c2e3b88e4903d947f3bb58eedd3?s=96&d=mm&r=g\",\"caption\":\"hegyizs\"},\"url\":\"https:\/\/www.welovecycling.com\/hu\/author\/hegyizs\/\"}]}<\/script>\n<!-- \/ Yoast SEO Premium plugin. -->","yoast_head_json":{"title":"Andy Schleck: \u201eB\u00e1rmit is csin\u00e1lok, 100%-ig odateszem magam\u201d - \u0160koda We Love Cycling - Magyarorsz\u00e1g","robots":{"index":"index","follow":"follow","max-snippet":"max-snippet:-1","max-image-preview":"max-image-preview:large","max-video-preview":"max-video-preview:-1"},"canonical":"https:\/\/www.welovecycling.com\/hu\/blog\/andy-schleck-barmit-is-csinalok-100-ig-odateszem-magam\/","og_locale":"hu_HU","og_type":"article","og_title":"Andy Schleck: \u201eB\u00e1rmit is csin\u00e1lok, 100%-ig odateszem magam\u201d","og_description":"#Ride2Unite kamp\u00e1nyunk, melynek c\u00e9lja a bring\u00e1s k\u00f6z\u00f6ss\u00e9g t\u00e1mogat\u00e1sa \u00e9s sz\u00f3rakoztat\u00e1sa, \u00fajabb \u00e9l\u0151 interj\u00fara hozta \u00f6ssze a Eurosport spanyol komment\u00e1tor\u00e1t, Laura [&hellip;]","og_url":"https:\/\/www.welovecycling.com\/hu\/blog\/andy-schleck-barmit-is-csinalok-100-ig-odateszem-magam\/","og_site_name":"\u0160koda We Love Cycling - Magyarorsz\u00e1g","article_publisher":"https:\/\/www.facebook.com\/WeLoveCyclingHungary\/","article_published_time":"2020-06-24T07:00:59+00:00","og_image":[{"width":1366,"height":600,"url":"https:\/\/d2p6e6u75xmxt8.cloudfront.net\/12\/2020\/06\/Andy-Schleck-profimedia-0458999318.jpg","type":"image\/jpeg"}],"author":"hegyizs","twitter_card":"summary_large_image","twitter_misc":{"Written by":"Frantiska Blazkova","Est. reading time":"5"},"schema":{"@context":"https:\/\/schema.org","@graph":[{"@type":"WebPage","@id":"https:\/\/www.welovecycling.com\/hu\/blog\/andy-schleck-barmit-is-csinalok-100-ig-odateszem-magam\/","url":"https:\/\/www.welovecycling.com\/hu\/blog\/andy-schleck-barmit-is-csinalok-100-ig-odateszem-magam\/","name":"Andy Schleck: \u201eB\u00e1rmit is csin\u00e1lok, 100%-ig odateszem magam\u201d - \u0160koda We Love Cycling - Magyarorsz\u00e1g","isPartOf":{"@id":"https:\/\/www.welovecycling.com\/hu\/#website"},"primaryImageOfPage":{"@id":"https:\/\/www.welovecycling.com\/hu\/blog\/andy-schleck-barmit-is-csinalok-100-ig-odateszem-magam\/#primaryimage"},"image":{"@id":"https:\/\/www.welovecycling.com\/hu\/blog\/andy-schleck-barmit-is-csinalok-100-ig-odateszem-magam\/#primaryimage"},"thumbnailUrl":"https:\/\/d2p6e6u75xmxt8.cloudfront.net\/12\/2020\/06\/Andy-Schleck-profimedia-0458999318.jpg","datePublished":"2020-06-24T07:00:59+00:00","author":{"@id":"https:\/\/www.welovecycling.com\/hu\/#\/schema\/person\/414a2aebf1801691a5320edb6468e194"},"breadcrumb":{"@id":"https:\/\/www.welovecycling.com\/hu\/blog\/andy-schleck-barmit-is-csinalok-100-ig-odateszem-magam\/#breadcrumb"},"inLanguage":"hu","potentialAction":[{"@type":"ReadAction","target":["https:\/\/www.welovecycling.com\/hu\/blog\/andy-schleck-barmit-is-csinalok-100-ig-odateszem-magam\/"]}]},{"@type":"ImageObject","inLanguage":"hu","@id":"https:\/\/www.welovecycling.com\/hu\/blog\/andy-schleck-barmit-is-csinalok-100-ig-odateszem-magam\/#primaryimage","url":"https:\/\/d2p6e6u75xmxt8.cloudfront.net\/12\/2020\/06\/Andy-Schleck-profimedia-0458999318.jpg","contentUrl":"https:\/\/d2p6e6u75xmxt8.cloudfront.net\/12\/2020\/06\/Andy-Schleck-profimedia-0458999318.jpg","width":1366,"height":600},{"@type":"BreadcrumbList","@id":"https:\/\/www.welovecycling.com\/hu\/blog\/andy-schleck-barmit-is-csinalok-100-ig-odateszem-magam\/#breadcrumb","itemListElement":[{"@type":"ListItem","position":1,"name":"Home","item":"https:\/\/www.welovecycling.com\/hu\/"},{"@type":"ListItem","position":2,"name":"Andy Schleck: \u201eB\u00e1rmit is csin\u00e1lok, 100%-ig odateszem magam\u201d"}]},{"@type":"WebSite","@id":"https:\/\/www.welovecycling.com\/hu\/#website","url":"https:\/\/www.welovecycling.com\/hu\/","name":"\u0160koda We Love Cycling - Magyarorsz\u00e1g","description":"\u0160koda WeLoveCycling","potentialAction":[{"@type":"SearchAction","target":{"@type":"EntryPoint","urlTemplate":"https:\/\/www.welovecycling.com\/hu\/?s={search_term_string}"},"query-input":{"@type":"PropertyValueSpecification","valueRequired":true,"valueName":"search_term_string"}}],"inLanguage":"hu"},{"@type":"Person","@id":"https:\/\/www.welovecycling.com\/hu\/#\/schema\/person\/414a2aebf1801691a5320edb6468e194","name":"hegyizs","image":{"@type":"ImageObject","inLanguage":"hu","@id":"https:\/\/www.welovecycling.com\/hu\/#\/schema\/person\/image\/","url":"https:\/\/secure.gravatar.com\/avatar\/02cf8a7906b8cf90cecb4679defac7cfd33a1c2e3b88e4903d947f3bb58eedd3?s=96&d=mm&r=g","contentUrl":"https:\/\/secure.gravatar.com\/avatar\/02cf8a7906b8cf90cecb4679defac7cfd33a1c2e3b88e4903d947f3bb58eedd3?s=96&d=mm&r=g","caption":"hegyizs"},"url":"https:\/\/www.welovecycling.com\/hu\/author\/hegyizs\/"}]}},"_links":{"self":[{"href":"https:\/\/www.welovecycling.com\/hu\/wp-json\/wp\/v2\/posts\/7891","targetHints":{"allow":["GET"]}}],"collection":[{"href":"https:\/\/www.welovecycling.com\/hu\/wp-json\/wp\/v2\/posts"}],"about":[{"href":"https:\/\/www.welovecycling.com\/hu\/wp-json\/wp\/v2\/types\/post"}],"author":[{"embeddable":true,"href":"https:\/\/www.welovecycling.com\/hu\/wp-json\/wp\/v2\/users\/71"}],"replies":[{"embeddable":true,"href":"https:\/\/www.welovecycling.com\/hu\/wp-json\/wp\/v2\/comments?post=7891"}],"version-history":[{"count":2,"href":"https:\/\/www.welovecycling.com\/hu\/wp-json\/wp\/v2\/posts\/7891\/revisions"}],"predecessor-version":[{"id":7920,"href":"https:\/\/www.welovecycling.com\/hu\/wp-json\/wp\/v2\/posts\/7891\/revisions\/7920"}],"wp:featuredmedia":[{"embeddable":true,"href":"https:\/\/www.welovecycling.com\/hu\/wp-json\/wp\/v2\/media\/7895"}],"wp:attachment":[{"href":"https:\/\/www.welovecycling.com\/hu\/wp-json\/wp\/v2\/media?parent=7891"}],"wp:term":[{"taxonomy":"category","embeddable":true,"href":"https:\/\/www.welovecycling.com\/hu\/wp-json\/wp\/v2\/categories?post=7891"},{"taxonomy":"post_tag","embeddable":true,"href":"https:\/\/www.welovecycling.com\/hu\/wp-json\/wp\/v2\/tags?post=7891"},{"taxonomy":"global-categories","embeddable":true,"href":"https:\/\/www.welovecycling.com\/hu\/wp-json\/wp\/v2\/global-categories?post=7891"}],"curies":[{"name":"wp","href":"https:\/\/api.w.org\/{rel}","templated":true}]}}