{"id":7884,"date":"2020-06-16T08:00:14","date_gmt":"2020-06-16T07:00:14","guid":{"rendered":"https:\/\/www.welovecycling.com\/hu\/?p=7884"},"modified":"2020-06-16T10:20:22","modified_gmt":"2020-06-16T09:20:22","slug":"hogyan-kerulheto-el-a-leepules-mi-az-a-leepules","status":"publish","type":"post","link":"https:\/\/www.welovecycling.com\/hu\/edzes-es-eletmod\/hogyan-kerulheto-el-a-leepules-mi-az-a-leepules\/","title":{"rendered":"Hogyan ker\u00fclhet\u0151 el a le\u00e9p\u00fcl\u00e9s? \u2013 Mi az a le\u00e9p\u00fcl\u00e9s?"},"content":{"rendered":"<p><strong>Lehet, hogy m\u00e9g soha nem hallott\u00e1l r\u00f3la, de szinte biztos, hogy m\u00e1r tapasztaltad. Az edz\u00e9s ellent\u00e9te. Valah\u00e1nyszor le\u00e1llsz a szabads\u00e1god alatti teker\u00e9ssel, t\u00e9lv\u00edz vagy j\u00e1rv\u00e1ny idej\u00e9n, a tested vesz\u00edt az \u00e1ll\u00f3k\u00e9pess\u00e9g\u00e9b\u0151l, izomt\u00f6meg\u00e9b\u0151l, sebess\u00e9g\u00e9b\u0151l \u00e9s erej\u00e9b\u0151l. Megfelel\u0151 hozz\u00e1\u00e1ll\u00e1s eset\u00e9n minim\u00e1lis er\u0151fesz\u00edt\u00e9ssel fenntarthatod a kondidat \u2013 erre tan\u00edt meg ez a sorozat.<\/strong><\/p>\n<h2><!--more--><\/h2>\n<h2><strong>A le\u00e9p\u00fcl\u00e9s gyorsan megt\u00f6rt\u00e9nik<\/strong><\/h2>\n<p>Az emberi test semmi olyat nem szeret fenntartani, amire nincs sz\u00fcks\u00e9ge. Ez\u00e9rt ahogy le\u00e1llsz az edz\u00e9ssel, a tested elkezdi le\u00e9p\u00edteni az \u00e1ltalad el\u00e9rt kondit. Egy r\u00f6vid, egy-k\u00e9t hetes edz\u00e9s n\u00e9lk\u00fcli id\u0151szak nem okoz nagy gondot. S\u0151t, m\u00e9g \u00e1ld\u00e1sos is lehet, ha j\u00f3l csin\u00e1lod. De k\u00e9t h\u00e9t inaktivit\u00e1s ut\u00e1n nagyon gyorsan el fogod vesz\u00edteni a kond\u00edci\u00f3dat.<\/p>\n<figure id=\"attachment_7885\" aria-describedby=\"caption-attachment-7885\" style=\"width: 1024px\" class=\"wp-caption alignnone\"><a href=\"https:\/\/d2p6e6u75xmxt8.cloudfront.net\/2\/2019\/03\/Woman-Exercise-profimedia-0282224331.jpg\"><img loading=\"lazy\" decoding=\"async\" class=\"wp-image-7885 size-large\" src=\"https:\/\/d2p6e6u75xmxt8.cloudfront.net\/12\/2020\/06\/Woman-Exercise-profimedia-0282224331.jpg\" alt=\"\" width=\"1024\" height=\"731\" \/><\/a><figcaption id=\"caption-attachment-7885\" class=\"wp-caption-text\"><em>Ahogy le\u00e1llsz az edz\u00e9ssel, a tested elkezdi le\u00e9p\u00edteni az \u00e1ltalad el\u00e9rt kondit. \u00a9 Profimedia, Caia Image<\/em><\/figcaption><\/figure>\n<h2><strong>Az els\u0151 h\u00e9ten elkezd\u0151dik<\/strong><\/h2>\n<p>Az edz\u00e9s abbahagy\u00e1sakor els\u0151k\u00e9nt a v\u00e9rplazma mennyis\u00e9ge indul fogy\u00e1snak. Ez cs\u00f6kkenti a perct\u00e9rfogatot, \u00e9s kev\u00e9sb\u00e9 tudod a h\u0151m\u00e9rs\u00e9kleted izzad\u00e1ssal szab\u00e1lyozni. Az izmaid glikog\u00e9nk\u00e9szletei ugyancsak apad\u00e1snak indulnak. Noha ezek a reakci\u00f3k hamar begyorsulnak, m\u00e1r az els\u0151 h\u00e9ten, j\u00f3 h\u00edr, hogy ugyanilyen temp\u00f3ban vissza\u00e1ll minden, amikor \u00fajra elkezdesz edzeni.<\/p>\n<h2><strong>A dolgok a 2. h\u00e9tt\u0151l felgyorsulnak<\/strong><\/h2>\n<p>Akkor kezdhetsz igaz\u00e1n agg\u00f3dni, ha egyhuzamban t\u00f6bb mint k\u00e9t h\u00e9tig nem edzett\u00e9l. Ekkor kezdesz el olyan dolgokat elvesz\u00edteni, amiket nem lehet gyorsan p\u00f3tolni az edz\u00e9s \u00fajrakezd\u00e9s\u00e9vel. A maxim\u00e1lis oxig\u00e9nfelv\u00e9teli szinted 4-14%-kal cs\u00f6kkenhet az els\u0151 h\u00f3napban, ugyanolyan intenzit\u00e1s\u00fa mozg\u00e1sn\u00e1l sokkal magasabb lesz a pulzusod, \u00e9s a szervezeted kevesebb oxig\u00e9nt tud kivonni a v\u00e9rb\u0151l.<\/p>\n<figure id=\"attachment_4255\" aria-describedby=\"caption-attachment-4255\" style=\"width: 1024px\" class=\"wp-caption alignnone\"><a href=\"https:\/\/d2p6e6u75xmxt8.cloudfront.net\/2\/2019\/06\/bicycle-cycling-cyclist-38296-1.jpg\"><img loading=\"lazy\" decoding=\"async\" class=\"wp-image-4255 size-large\" src=\"https:\/\/d2p6e6u75xmxt8.cloudfront.net\/12\/2019\/06\/bicycle-cycling-cyclist-38296-1-1024x731.jpg\" alt=\"\" width=\"1024\" height=\"731\" srcset=\"https:\/\/d2p6e6u75xmxt8.cloudfront.net\/12\/2019\/06\/bicycle-cycling-cyclist-38296-1-1024x731.jpg 1024w, https:\/\/d2p6e6u75xmxt8.cloudfront.net\/12\/2019\/06\/bicycle-cycling-cyclist-38296-1-300x214.jpg 300w, https:\/\/d2p6e6u75xmxt8.cloudfront.net\/12\/2019\/06\/bicycle-cycling-cyclist-38296-1-768x548.jpg 768w, https:\/\/d2p6e6u75xmxt8.cloudfront.net\/12\/2019\/06\/bicycle-cycling-cyclist-38296-1.jpg 1280w\" sizes=\"auto, (max-width: 1024px) 100vw, 1024px\" \/><\/a><figcaption id=\"caption-attachment-4255\" class=\"wp-caption-text\"><em>Akkor kezdhetsz igaz\u00e1n agg\u00f3dni, ha egyhuzamban t\u00f6bb mint k\u00e9t h\u00e9tig nem edzett\u00e9l.<\/em><\/figcaption><\/figure>\n<h2><strong>Egy h\u00f3nap ut\u00e1n tov\u00e1bb romlik a helyzet<\/strong><\/h2>\n<p>Ha eltelik egy h\u00f3nap edz\u00e9s n\u00e9lk\u00fcl, a v\u00e9rsejtt\u00f6meged cs\u00f6kkenni kezd, az els\u0151 h\u00f3napban ak\u00e1r 3%-kal. Ez tov\u00e1bb gyeng\u00edti az oxig\u00e9nsz\u00e1ll\u00edt\u00e1si kapacit\u00e1sod. A szervezetednek eg\u00e9sz egyszer\u0171en nincs sz\u00fcks\u00e9ge olyan nagy oxig\u00e9nell\u00e1t\u00e1sra, ez\u00e9rt kevesebb v\u00f6r\u00f6sv\u00e9rsejt is el tudja l\u00e1tni ezt a feladatot. Elkezded elvesz\u00edteni az \u00e1ll\u00f3k\u00e9pess\u00e9gi sportok \u0171z\u0151inek egyik leg\u00e9rt\u00e9kesebb alkalmazkod\u00e1si eredm\u00e9ny\u00e9t: a sejtek energiatermel\u00e9s\u00e9\u00e9rt felel\u0151s er\u0151m\u0171vekk\u00e9nt m\u0171k\u00f6d\u0151 mitokondriumok m\u00e9ret\u00e9nek \u00e9s sz\u00e1m\u00e1nak n\u00f6veked\u00e9s\u00e9t.<\/p>\n<p>Vil\u00e1gosan l\u00e1that\u00f3, hogy 1-2 h\u00e9t sz\u00fcnet m\u00e9g nem a vil\u00e1gv\u00e9ge, ha ut\u00e1na \u00fajra elkezdesz edzeni \u2013 gyorsan vissza fogod nyerni, amit elvesztett\u00e9l. A hosszabb kihagy\u00e1ssal kezd\u0151dik el az igazi le\u00e9p\u00fcl\u00e9s. Ez a sorozat olyan strat\u00e9gi\u00e1kat tekint \u00e1t, amelyek seg\u00edts\u00e9g\u00e9vel hosszabb sz\u00fcnet eset\u00e9n minim\u00e1lis er\u0151fesz\u00edt\u00e9ssel fenntarthatod a kondidat, \u00e9s bemutatja, hogyan \u00e9rdemes \u00fajrakezdeni az edz\u00e9st, ha hosszabb ideig k\u00e9nytelen vagy kihagyni a kondiz\u00e1st.<\/p>\n<p>K\u00f6vetkez\u0151 cikk\u00fcnk a Hogyan ker\u00fclhet\u0151 el a le\u00e9p\u00fcl\u00e9s? sorozatban<\/p>\n","protected":false},"excerpt":{"rendered":"<p>Lehet, hogy m\u00e9g soha nem hallott\u00e1l r\u00f3la, de szinte biztos, hogy m\u00e1r tapasztaltad. Az edz\u00e9s ellent\u00e9te. Valah\u00e1nyszor le\u00e1llsz a szabads\u00e1god [&hellip;]<\/p>\n","protected":false},"author":71,"featured_media":7887,"comment_status":"open","ping_status":"open","sticky":false,"template":"","format":"standard","meta":{"footnotes":""},"categories":[6],"tags":[],"global-categories":[],"class_list":["post-7884","post","type-post","status-publish","format-standard","has-post-thumbnail","hentry","category-edzes-es-eletmod"],"yoast_head":"<!-- This site is optimized with the Yoast SEO Premium plugin v25.3 (Yoast SEO v25.9) - https:\/\/yoast.com\/wordpress\/plugins\/seo\/ -->\n<title>Hogyan ker\u00fclhet\u0151 el a le\u00e9p\u00fcl\u00e9s? \u2013 Mi az a le\u00e9p\u00fcl\u00e9s? - \u0160koda We Love Cycling - Magyarorsz\u00e1g<\/title>\n<meta name=\"robots\" content=\"index, follow, max-snippet:-1, max-image-preview:large, max-video-preview:-1\" \/>\n<link rel=\"canonical\" href=\"https:\/\/www.welovecycling.com\/hu\/edzes-es-eletmod\/hogyan-kerulheto-el-a-leepules-mi-az-a-leepules\/\" \/>\n<meta property=\"og:locale\" content=\"hu_HU\" \/>\n<meta property=\"og:type\" content=\"article\" \/>\n<meta property=\"og:title\" content=\"Hogyan ker\u00fclhet\u0151 el a le\u00e9p\u00fcl\u00e9s? \u2013 Mi az a le\u00e9p\u00fcl\u00e9s?\" \/>\n<meta property=\"og:description\" content=\"Lehet, hogy m\u00e9g soha nem hallott\u00e1l r\u00f3la, de szinte biztos, hogy m\u00e1r tapasztaltad. Az edz\u00e9s ellent\u00e9te. Valah\u00e1nyszor le\u00e1llsz a szabads\u00e1god [&hellip;]\" \/>\n<meta property=\"og:url\" content=\"https:\/\/www.welovecycling.com\/hu\/edzes-es-eletmod\/hogyan-kerulheto-el-a-leepules-mi-az-a-leepules\/\" \/>\n<meta property=\"og:site_name\" content=\"\u0160koda We Love Cycling - Magyarorsz\u00e1g\" \/>\n<meta property=\"article:publisher\" content=\"https:\/\/www.facebook.com\/WeLoveCyclingHungary\/\" \/>\n<meta property=\"article:published_time\" content=\"2020-06-16T07:00:14+00:00\" \/>\n<meta property=\"article:modified_time\" content=\"2020-06-16T09:20:22+00:00\" \/>\n<meta property=\"og:image\" content=\"https:\/\/d2p6e6u75xmxt8.cloudfront.net\/12\/2020\/06\/bicycle-outside-profimedia-0384222445-CVR.jpg\" \/>\n\t<meta property=\"og:image:width\" content=\"1366\" \/>\n\t<meta property=\"og:image:height\" content=\"600\" \/>\n\t<meta property=\"og:image:type\" content=\"image\/jpeg\" \/>\n<meta name=\"author\" content=\"hegyizs\" \/>\n<meta name=\"twitter:card\" content=\"summary_large_image\" \/>\n<meta name=\"twitter:label1\" content=\"Written by\" \/>\n\t<meta name=\"twitter:data1\" content=\"Jiri Kaloc\" \/>\n\t<meta name=\"twitter:label2\" content=\"Est. reading time\" \/>\n\t<meta name=\"twitter:data2\" content=\"5\" \/>\n<script type=\"application\/ld+json\" class=\"yoast-schema-graph\">{\"@context\":\"https:\/\/schema.org\",\"@graph\":[{\"@type\":\"WebPage\",\"@id\":\"https:\/\/www.welovecycling.com\/hu\/edzes-es-eletmod\/hogyan-kerulheto-el-a-leepules-mi-az-a-leepules\/\",\"url\":\"https:\/\/www.welovecycling.com\/hu\/edzes-es-eletmod\/hogyan-kerulheto-el-a-leepules-mi-az-a-leepules\/\",\"name\":\"Hogyan ker\u00fclhet\u0151 el a le\u00e9p\u00fcl\u00e9s? \u2013 Mi az a le\u00e9p\u00fcl\u00e9s? - \u0160koda We Love Cycling - Magyarorsz\u00e1g\",\"isPartOf\":{\"@id\":\"https:\/\/www.welovecycling.com\/hu\/#website\"},\"primaryImageOfPage\":{\"@id\":\"https:\/\/www.welovecycling.com\/hu\/edzes-es-eletmod\/hogyan-kerulheto-el-a-leepules-mi-az-a-leepules\/#primaryimage\"},\"image\":{\"@id\":\"https:\/\/www.welovecycling.com\/hu\/edzes-es-eletmod\/hogyan-kerulheto-el-a-leepules-mi-az-a-leepules\/#primaryimage\"},\"thumbnailUrl\":\"https:\/\/d2p6e6u75xmxt8.cloudfront.net\/12\/2020\/06\/bicycle-outside-profimedia-0384222445-CVR.jpg\",\"datePublished\":\"2020-06-16T07:00:14+00:00\",\"dateModified\":\"2020-06-16T09:20:22+00:00\",\"author\":{\"@id\":\"https:\/\/www.welovecycling.com\/hu\/#\/schema\/person\/414a2aebf1801691a5320edb6468e194\"},\"breadcrumb\":{\"@id\":\"https:\/\/www.welovecycling.com\/hu\/edzes-es-eletmod\/hogyan-kerulheto-el-a-leepules-mi-az-a-leepules\/#breadcrumb\"},\"inLanguage\":\"hu\",\"potentialAction\":[{\"@type\":\"ReadAction\",\"target\":[\"https:\/\/www.welovecycling.com\/hu\/edzes-es-eletmod\/hogyan-kerulheto-el-a-leepules-mi-az-a-leepules\/\"]}]},{\"@type\":\"ImageObject\",\"inLanguage\":\"hu\",\"@id\":\"https:\/\/www.welovecycling.com\/hu\/edzes-es-eletmod\/hogyan-kerulheto-el-a-leepules-mi-az-a-leepules\/#primaryimage\",\"url\":\"https:\/\/d2p6e6u75xmxt8.cloudfront.net\/12\/2020\/06\/bicycle-outside-profimedia-0384222445-CVR.jpg\",\"contentUrl\":\"https:\/\/d2p6e6u75xmxt8.cloudfront.net\/12\/2020\/06\/bicycle-outside-profimedia-0384222445-CVR.jpg\",\"width\":1366,\"height\":600},{\"@type\":\"BreadcrumbList\",\"@id\":\"https:\/\/www.welovecycling.com\/hu\/edzes-es-eletmod\/hogyan-kerulheto-el-a-leepules-mi-az-a-leepules\/#breadcrumb\",\"itemListElement\":[{\"@type\":\"ListItem\",\"position\":1,\"name\":\"Home\",\"item\":\"https:\/\/www.welovecycling.com\/hu\/\"},{\"@type\":\"ListItem\",\"position\":2,\"name\":\"Hogyan ker\u00fclhet\u0151 el a le\u00e9p\u00fcl\u00e9s? \u2013 Mi az a le\u00e9p\u00fcl\u00e9s?\"}]},{\"@type\":\"WebSite\",\"@id\":\"https:\/\/www.welovecycling.com\/hu\/#website\",\"url\":\"https:\/\/www.welovecycling.com\/hu\/\",\"name\":\"\u0160koda We Love Cycling - Magyarorsz\u00e1g\",\"description\":\"\u0160koda WeLoveCycling\",\"potentialAction\":[{\"@type\":\"SearchAction\",\"target\":{\"@type\":\"EntryPoint\",\"urlTemplate\":\"https:\/\/www.welovecycling.com\/hu\/?s={search_term_string}\"},\"query-input\":{\"@type\":\"PropertyValueSpecification\",\"valueRequired\":true,\"valueName\":\"search_term_string\"}}],\"inLanguage\":\"hu\"},{\"@type\":\"Person\",\"@id\":\"https:\/\/www.welovecycling.com\/hu\/#\/schema\/person\/414a2aebf1801691a5320edb6468e194\",\"name\":\"hegyizs\",\"image\":{\"@type\":\"ImageObject\",\"inLanguage\":\"hu\",\"@id\":\"https:\/\/www.welovecycling.com\/hu\/#\/schema\/person\/image\/\",\"url\":\"https:\/\/secure.gravatar.com\/avatar\/02cf8a7906b8cf90cecb4679defac7cfd33a1c2e3b88e4903d947f3bb58eedd3?s=96&d=mm&r=g\",\"contentUrl\":\"https:\/\/secure.gravatar.com\/avatar\/02cf8a7906b8cf90cecb4679defac7cfd33a1c2e3b88e4903d947f3bb58eedd3?s=96&d=mm&r=g\",\"caption\":\"hegyizs\"},\"url\":\"https:\/\/www.welovecycling.com\/hu\/author\/hegyizs\/\"}]}<\/script>\n<!-- \/ Yoast SEO Premium plugin. -->","yoast_head_json":{"title":"Hogyan ker\u00fclhet\u0151 el a le\u00e9p\u00fcl\u00e9s? \u2013 Mi az a le\u00e9p\u00fcl\u00e9s? - \u0160koda We Love Cycling - Magyarorsz\u00e1g","robots":{"index":"index","follow":"follow","max-snippet":"max-snippet:-1","max-image-preview":"max-image-preview:large","max-video-preview":"max-video-preview:-1"},"canonical":"https:\/\/www.welovecycling.com\/hu\/edzes-es-eletmod\/hogyan-kerulheto-el-a-leepules-mi-az-a-leepules\/","og_locale":"hu_HU","og_type":"article","og_title":"Hogyan ker\u00fclhet\u0151 el a le\u00e9p\u00fcl\u00e9s? \u2013 Mi az a le\u00e9p\u00fcl\u00e9s?","og_description":"Lehet, hogy m\u00e9g soha nem hallott\u00e1l r\u00f3la, de szinte biztos, hogy m\u00e1r tapasztaltad. Az edz\u00e9s ellent\u00e9te. Valah\u00e1nyszor le\u00e1llsz a szabads\u00e1god [&hellip;]","og_url":"https:\/\/www.welovecycling.com\/hu\/edzes-es-eletmod\/hogyan-kerulheto-el-a-leepules-mi-az-a-leepules\/","og_site_name":"\u0160koda We Love Cycling - Magyarorsz\u00e1g","article_publisher":"https:\/\/www.facebook.com\/WeLoveCyclingHungary\/","article_published_time":"2020-06-16T07:00:14+00:00","article_modified_time":"2020-06-16T09:20:22+00:00","og_image":[{"width":1366,"height":600,"url":"https:\/\/d2p6e6u75xmxt8.cloudfront.net\/12\/2020\/06\/bicycle-outside-profimedia-0384222445-CVR.jpg","type":"image\/jpeg"}],"author":"hegyizs","twitter_card":"summary_large_image","twitter_misc":{"Written by":"Jiri Kaloc","Est. reading time":"5"},"schema":{"@context":"https:\/\/schema.org","@graph":[{"@type":"WebPage","@id":"https:\/\/www.welovecycling.com\/hu\/edzes-es-eletmod\/hogyan-kerulheto-el-a-leepules-mi-az-a-leepules\/","url":"https:\/\/www.welovecycling.com\/hu\/edzes-es-eletmod\/hogyan-kerulheto-el-a-leepules-mi-az-a-leepules\/","name":"Hogyan ker\u00fclhet\u0151 el a le\u00e9p\u00fcl\u00e9s? \u2013 Mi az a le\u00e9p\u00fcl\u00e9s? - \u0160koda We Love Cycling - Magyarorsz\u00e1g","isPartOf":{"@id":"https:\/\/www.welovecycling.com\/hu\/#website"},"primaryImageOfPage":{"@id":"https:\/\/www.welovecycling.com\/hu\/edzes-es-eletmod\/hogyan-kerulheto-el-a-leepules-mi-az-a-leepules\/#primaryimage"},"image":{"@id":"https:\/\/www.welovecycling.com\/hu\/edzes-es-eletmod\/hogyan-kerulheto-el-a-leepules-mi-az-a-leepules\/#primaryimage"},"thumbnailUrl":"https:\/\/d2p6e6u75xmxt8.cloudfront.net\/12\/2020\/06\/bicycle-outside-profimedia-0384222445-CVR.jpg","datePublished":"2020-06-16T07:00:14+00:00","dateModified":"2020-06-16T09:20:22+00:00","author":{"@id":"https:\/\/www.welovecycling.com\/hu\/#\/schema\/person\/414a2aebf1801691a5320edb6468e194"},"breadcrumb":{"@id":"https:\/\/www.welovecycling.com\/hu\/edzes-es-eletmod\/hogyan-kerulheto-el-a-leepules-mi-az-a-leepules\/#breadcrumb"},"inLanguage":"hu","potentialAction":[{"@type":"ReadAction","target":["https:\/\/www.welovecycling.com\/hu\/edzes-es-eletmod\/hogyan-kerulheto-el-a-leepules-mi-az-a-leepules\/"]}]},{"@type":"ImageObject","inLanguage":"hu","@id":"https:\/\/www.welovecycling.com\/hu\/edzes-es-eletmod\/hogyan-kerulheto-el-a-leepules-mi-az-a-leepules\/#primaryimage","url":"https:\/\/d2p6e6u75xmxt8.cloudfront.net\/12\/2020\/06\/bicycle-outside-profimedia-0384222445-CVR.jpg","contentUrl":"https:\/\/d2p6e6u75xmxt8.cloudfront.net\/12\/2020\/06\/bicycle-outside-profimedia-0384222445-CVR.jpg","width":1366,"height":600},{"@type":"BreadcrumbList","@id":"https:\/\/www.welovecycling.com\/hu\/edzes-es-eletmod\/hogyan-kerulheto-el-a-leepules-mi-az-a-leepules\/#breadcrumb","itemListElement":[{"@type":"ListItem","position":1,"name":"Home","item":"https:\/\/www.welovecycling.com\/hu\/"},{"@type":"ListItem","position":2,"name":"Hogyan ker\u00fclhet\u0151 el a le\u00e9p\u00fcl\u00e9s? \u2013 Mi az a le\u00e9p\u00fcl\u00e9s?"}]},{"@type":"WebSite","@id":"https:\/\/www.welovecycling.com\/hu\/#website","url":"https:\/\/www.welovecycling.com\/hu\/","name":"\u0160koda We Love Cycling - Magyarorsz\u00e1g","description":"\u0160koda WeLoveCycling","potentialAction":[{"@type":"SearchAction","target":{"@type":"EntryPoint","urlTemplate":"https:\/\/www.welovecycling.com\/hu\/?s={search_term_string}"},"query-input":{"@type":"PropertyValueSpecification","valueRequired":true,"valueName":"search_term_string"}}],"inLanguage":"hu"},{"@type":"Person","@id":"https:\/\/www.welovecycling.com\/hu\/#\/schema\/person\/414a2aebf1801691a5320edb6468e194","name":"hegyizs","image":{"@type":"ImageObject","inLanguage":"hu","@id":"https:\/\/www.welovecycling.com\/hu\/#\/schema\/person\/image\/","url":"https:\/\/secure.gravatar.com\/avatar\/02cf8a7906b8cf90cecb4679defac7cfd33a1c2e3b88e4903d947f3bb58eedd3?s=96&d=mm&r=g","contentUrl":"https:\/\/secure.gravatar.com\/avatar\/02cf8a7906b8cf90cecb4679defac7cfd33a1c2e3b88e4903d947f3bb58eedd3?s=96&d=mm&r=g","caption":"hegyizs"},"url":"https:\/\/www.welovecycling.com\/hu\/author\/hegyizs\/"}]}},"_links":{"self":[{"href":"https:\/\/www.welovecycling.com\/hu\/wp-json\/wp\/v2\/posts\/7884","targetHints":{"allow":["GET"]}}],"collection":[{"href":"https:\/\/www.welovecycling.com\/hu\/wp-json\/wp\/v2\/posts"}],"about":[{"href":"https:\/\/www.welovecycling.com\/hu\/wp-json\/wp\/v2\/types\/post"}],"author":[{"embeddable":true,"href":"https:\/\/www.welovecycling.com\/hu\/wp-json\/wp\/v2\/users\/71"}],"replies":[{"embeddable":true,"href":"https:\/\/www.welovecycling.com\/hu\/wp-json\/wp\/v2\/comments?post=7884"}],"version-history":[{"count":2,"href":"https:\/\/www.welovecycling.com\/hu\/wp-json\/wp\/v2\/posts\/7884\/revisions"}],"predecessor-version":[{"id":7889,"href":"https:\/\/www.welovecycling.com\/hu\/wp-json\/wp\/v2\/posts\/7884\/revisions\/7889"}],"wp:featuredmedia":[{"embeddable":true,"href":"https:\/\/www.welovecycling.com\/hu\/wp-json\/wp\/v2\/media\/7887"}],"wp:attachment":[{"href":"https:\/\/www.welovecycling.com\/hu\/wp-json\/wp\/v2\/media?parent=7884"}],"wp:term":[{"taxonomy":"category","embeddable":true,"href":"https:\/\/www.welovecycling.com\/hu\/wp-json\/wp\/v2\/categories?post=7884"},{"taxonomy":"post_tag","embeddable":true,"href":"https:\/\/www.welovecycling.com\/hu\/wp-json\/wp\/v2\/tags?post=7884"},{"taxonomy":"global-categories","embeddable":true,"href":"https:\/\/www.welovecycling.com\/hu\/wp-json\/wp\/v2\/global-categories?post=7884"}],"curies":[{"name":"wp","href":"https:\/\/api.w.org\/{rel}","templated":true}]}}