{"id":7876,"date":"2020-06-15T08:00:58","date_gmt":"2020-06-15T07:00:58","guid":{"rendered":"https:\/\/www.welovecycling.com\/hu\/?p=7876"},"modified":"2020-06-12T16:09:02","modified_gmt":"2020-06-12T15:09:02","slug":"a-the-crippled-trip-cimu-film-ket-mozgasserult-bringas-egyedulallo-utjat-mutatja-be-a-whistler-bringaparkba","status":"publish","type":"post","link":"https:\/\/www.welovecycling.com\/hu\/kozosseg-es-kultura\/a-the-crippled-trip-cimu-film-ket-mozgasserult-bringas-egyedulallo-utjat-mutatja-be-a-whistler-bringaparkba\/","title":{"rendered":"A The Crippled Trip c\u00edm\u0171 film k\u00e9t mozg\u00e1ss\u00e9r\u00fclt bring\u00e1s egyed\u00fcl\u00e1ll\u00f3 \u00fatj\u00e1t mutatja be a Whistler Bringaparkba"},"content":{"rendered":"<p><strong>Az, hogy egy \u00e9letre kerekessz\u00e9khez lett k\u00f6tve vagy hogy elvesztette egyik l\u00e1b\u00e1t, egyik fiatalembert\u0151l sem vette el abb\u00e9li hit\u00e9t, hogy egyszer m\u00e9g bring\u00e1zni fog a Whistler Bringaparkban. V\u00e9g\u00fcl szponzorok m\u00e9rhetetlen seg\u00edts\u00e9g\u00e9vel \u00e9s j\u00f3 bar\u00e1tok t\u00e1mogat\u00e1s\u00e1val Michal Kosik \u00e9s Daniel Barak eljutottak Kanad\u00e1ba, hogy megval\u00f3s\u00edts\u00e1k r\u00e9g\u00f3ta d\u00e9delgetett \u00e1lmukat. A Fullface produkci\u00f3s c\u00e9g filmese, Martin Vrbicky \u00e1ltal forgatott film nem csak a bring\u00e1s k\u00f6z\u00f6ss\u00e9ghez sz\u00f3l.<\/strong><\/p>\n<p><!--more--><\/p>\n<p>N\u00e9h\u00e1nyan \u00fagy vesztegetik el az \u00e9let\u00fcket, hogy \u00e9szre sem veszik, hogy az \u00e1lmaik szertefoszlottak. Nem \u00edgy a csehorsz\u00e1gi Plzenben lak\u00f3 Michal Kosik! Ez az amb\u00edci\u00f3zus hegyiker\u00e9kp\u00e1ros sok mindenr\u0151l \u00e1lmodozott: r\u00e9sztvenni az Orsz\u00e1gos Downhill Kup\u00e1n vagy eljutni Whistlerbe, erre az egyed\u00fcl\u00e1ll\u00f3 kanadai hegyi nyaral\u00f3helyre, amelynek r\u00e9sze a vil\u00e1g legjobbnak mondott bringaparkja.<\/p>\n<p>Michal lelki szemei el\u0151tt l\u00e1tta mag\u00e1t, ahogy viharzik lefel\u00e9 a t\u00f6k\u00e9letesen kik\u00e9pzett csap\u00e1sokon Brit Kolumbia fest\u0151i vid\u00e9k\u00e9n, sz\u00e1mtalan ugrat\u00f3n \u00e9s \u00edven \u00e1t. B\u00e1r Kanada t\u00fal messzinek, az oda sz\u00f3l\u00f3 rep\u00fcl\u0151jegy pedig t\u00fal dr\u00e1g\u00e1nak t\u0171nt, Michal v\u00e9gig szent\u00fcl hitt abban, hogy a j\u00f6v\u0151beli utaz\u00e1s csak id\u0151 k\u00e9rd\u00e9se, am\u00edg az ember \u00f6sszeszedi az ahhoz sz\u00fcks\u00e9ges p\u00e9nzt.<\/p>\n<figure id=\"attachment_7878\" aria-describedby=\"caption-attachment-7878\" style=\"width: 1000px\" class=\"wp-caption alignnone\"><a href=\"https:\/\/d2p6e6u75xmxt8.cloudfront.net\/12\/2020\/06\/crippled-trip-1-MG_3199.jpg\"><img loading=\"lazy\" decoding=\"async\" class=\"wp-image-7878 size-full\" src=\"https:\/\/d2p6e6u75xmxt8.cloudfront.net\/12\/2020\/06\/crippled-trip-1-MG_3199.jpg\" alt=\"\" width=\"1000\" height=\"667\" \/><\/a><figcaption id=\"caption-attachment-7878\" class=\"wp-caption-text\">\u00a9 Radek Sieber<\/figcaption><\/figure>\n<h2><strong>Egy szerencs\u00e9tlen ugr\u00e1s<\/strong><\/h2>\n<p>Mindezt hirtelen megtorpantotta egyetlen es\u00e9s egy t\u00e9li ugrat\u00f3show-n. Ha Michalnak siker\u00fcl v\u00e9gigcsin\u00e1lnia a tr\u00fckk\u00f6t, nem s\u00e9r\u00fcl meg. De sajnos t\u00fal nagy sebess\u00e9ggel \u00e9rkezett a r\u00e1mp\u00e1ra, az t\u00falp\u00f6rd\u00edtette a leveg\u0151ben \u00e9s fejjel \u00e9rkezett a j\u00e9gg\u00e9 fagyott talajra.<\/p>\n<p>\u201eAmikor visszanyertem az eszm\u00e9letem, el\u0151sz\u00f6r azt hittem, az\u00e9rt nem tudom mozgatni a l\u00e1bamat, mert elt\u00f6rt. M\u00e1sodpercekkel k\u00e9s\u0151bb azt\u00e1n rekonstru\u00e1ltam magamban az es\u00e9st \u00e9s r\u00e1j\u00f6ttem, hogy enn\u00e9l durv\u00e1bb dolog t\u00f6rt\u00e9nt, sokkal durv\u00e1bb\u201d \u2013 id\u00e9zi fel Michal a balesetet, amely 16 \u00e9vvel ezel\u0151tt megv\u00e1ltoztatta az \u00e9let\u00e9t.<\/p>\n<p>A whistleri kir\u00e1ndul\u00e1s nem az egyetlen olyan \u00e1lom volt, amely aznap szertefoszlott. Az es\u00e9s k\u00f6vetkezt\u00e9ben Michalnak elt\u00f6rt a nyolcadik \u00e9s kilencedik csigoly\u00e1ja, \u00e9s helyrehozhatatlanul megs\u00e9r\u00fclt a gerincvel\u0151je, ez\u00e9rt \u00f6r\u00f6k \u00e9let\u00e9re kerekessz\u00e9khez lett k\u00f6tve. De nem adta fel, komplex rehabilit\u00e1ci\u00f3s folyamaton ment kereszt\u00fcl, hogy a lehet\u0151 legjobb form\u00e1ba hozza test\u00e9t.<\/p>\n<p>Bar\u00e1tai seg\u00edts\u00e9g\u00e9vel siker\u00fclt egy egyedi, n\u00e9gykerek\u0171 terepbring\u00e1t terveznie \u00e9s legy\u00e1rtatnia, majd \u00fajra nyeregbe \u00fclt. Ahogy teltek az \u00e9vek, a whistleri \u00fat gondolata sz\u00e9p lassan \u00fajra visszalop\u00f3zott a tudat\u00e1ba. Ekkor sodorta \u00f6ssze egy szerencs\u00e9s v\u00e9letlen Daniellel, a m\u00e1sik balsors s\u00fajtotta bring\u00e1ssal.<\/p>\n<figure id=\"attachment_7879\" aria-describedby=\"caption-attachment-7879\" style=\"width: 1000px\" class=\"wp-caption alignnone\"><a href=\"https:\/\/d2p6e6u75xmxt8.cloudfront.net\/12\/2020\/06\/crippled-trip-4.jpg\"><img loading=\"lazy\" decoding=\"async\" class=\"wp-image-7879 size-full\" src=\"https:\/\/d2p6e6u75xmxt8.cloudfront.net\/12\/2020\/06\/crippled-trip-4.jpg\" alt=\"\" width=\"1000\" height=\"667\" \/><\/a><figcaption id=\"caption-attachment-7879\" class=\"wp-caption-text\">\u00a9 Radek Sieber<\/figcaption><\/figure>\n<h2><strong>K\u00e9t\u00e9ves kor\u00e1ban s\u00e9r\u00fclt meg<\/strong><\/h2>\n<p>Daniel Barak, egy vasm\u0171 ac\u00e9lipari m\u00e9rn\u00f6ke, 2 \u00e9ves kor\u00e1ban egy \u00e9ppen arat\u00f3 kukoricakomb\u00e1jn al\u00e1 esett. Miel\u0151tt a vezet\u0151 le tudta volna \u00e1ll\u00edtani a motort, a g\u00e9p lev\u00e1gta Dan bal l\u00e1b\u00e1t, k\u00f6zvetlen\u00fcl\u00a0 a cs\u00edp\u0151je alatt. \u201eA komb\u00e1jn bizonyos \u00e9rtelemben megnyomor\u00edtott vagy tal\u00e1n jobb\u00e1 tett. Csak a J\u00f3isten tudja megmondani, melyik igaz\u201d \u2013 mondja nevetve Daniel, aki k\u00f6zeli bar\u00e1tait arra biztatja, hogy nyugodtan h\u00edvj\u00e1k Pahylnak, azaz Csonk\u00e1nak, \u00e9s b\u00fcszk\u00e9n viseli ezt a nevet a meze h\u00e1tulj\u00e1n is.<\/p>\n<p>Mivel eg\u00e9szen kicsi gyermekk\u00e9nt s\u00e9r\u00fclt meg, Daniel hozz\u00e1szokott a k\u00f6vetkezm\u00e9nyekhez \u00e9s nyugodtan besz\u00e9l ny\u00edltan arr\u00f3l, ami \u00f6r\u00f6kre megv\u00e1ltoztatta az \u00e9let\u00e9t. \u201eMa m\u00e1r \u00fagy t\u0171nik, jobban j\u00e1rtam, mint azok az emberek, akiket k\u00e9s\u0151bbi \u00e9let\u00fckben \u00e9r ilyen vesztes\u00e9g.\u201d<\/p>\n<figure id=\"attachment_7880\" aria-describedby=\"caption-attachment-7880\" style=\"width: 1022px\" class=\"wp-caption alignnone\"><a href=\"https:\/\/d2p6e6u75xmxt8.cloudfront.net\/12\/2020\/06\/crippled-trip-3-IMG_9936.jpg\"><img loading=\"lazy\" decoding=\"async\" class=\"wp-image-7880 size-full\" src=\"https:\/\/d2p6e6u75xmxt8.cloudfront.net\/12\/2020\/06\/crippled-trip-3-IMG_9936.jpg\" alt=\"\" width=\"1022\" height=\"681\" \/><\/a><figcaption id=\"caption-attachment-7880\" class=\"wp-caption-text\">\u00a9 Radek Sieber<\/figcaption><\/figure>\n<h2><strong>Azonos szeml\u00e9let<\/strong><\/h2>\n<p>Amikor Michal \u00e9s Daniel megismerkedtek egym\u00e1ssal, hamar r\u00e1j\u00f6ttek, hogy mindketten ugyanarr\u00f3l \u00e1lmodnak: eljutni Whistlerbe \u2013 b\u00e1rmi \u00e1ron. Ekkor j\u00f6tt be a k\u00e9pbe Petr Rund, a Nero Drinks alap\u00edt\u00f3ja \u00e9s deus ex machinak\u00e9nt megseg\u00edtette \u0151ket. Az alkoholmentes italokat gy\u00e1rt\u00f3 plzeni v\u00e1llalat minden eladott doboz ital \u00e1r\u00e1b\u00f3l 5 cseh koron\u00e1t adom\u00e1nyoz egy k\u00fcl\u00f6nleges alap\u00edtv\u00e1nynak, amely fogyat\u00e9kkal \u00e9l\u0151 sportol\u00f3kat, k\u00f6zt\u00fck sz\u00e1mos paralimpiai dobog\u00f3st t\u00e1mogat. Michal \u00e9s Daniel \u00f6tlete nagyon megtetszett Petrnek, aki meg\u00edg\u00e9rte, hogy kieg\u00e9sz\u00edti a hi\u00e1nyz\u00f3 forr\u00e1st.<\/p>\n<p>K\u00f6vetkez\u0151 l\u00e9p\u00e9sk\u00e9nt tal\u00e1lni kellett egy profi filmest, aki olyan dokumentumfilmet k\u00e9sz\u00edt, amely a hasonl\u00f3 fogyat\u00e9kkal \u00e9l\u0151 sportol\u00f3kat tov\u00e1bbi er\u0151fesz\u00edt\u00e9sekre \u00f6szt\u00f6n\u00f6zheti. H\u00e1la a k\u00f6z\u00f6ss\u00e9gi m\u00e9di\u00e1nak, \u00fajabb t\u00e1mogat\u00e1sok \u00e9rkeztek a filmk\u00e9sz\u00edt\u00e9s k\u00f6lts\u00e9geinek fedez\u00e9s\u00e9re, \u00e9s a Fullface Produkci\u00f3 munkat\u00e1rsa, Martin Vrbicky is csatlakozott a csapathoz. Olyan legend\u00e1kkal forgatott kor\u00e1bban, mint Tom\u00e1\u0161 Slav\u00edk, Martin S\u00f6derstr\u00f6m, Guido Tschugg, Szymon Godziek, Eva Samkov\u00e1, Tina Maze vagy Travis Rise, \u00edgy sejteni lehetett, hogy t\u00f6k\u00e9letes munk\u00e1t fog v\u00e9gezni. Radek Fieber operat\u0151rrel \u00e9s Petr Maloun orvosasszisztenssel \u00f6t f\u0151re eg\u00e9sz\u00fclt ki a st\u00e1b.<\/p>\n<figure id=\"attachment_7881\" aria-describedby=\"caption-attachment-7881\" style=\"width: 1022px\" class=\"wp-caption alignnone\"><a href=\"https:\/\/d2p6e6u75xmxt8.cloudfront.net\/12\/2020\/06\/crippled-trip-2-IMG_9689.jpg\"><img loading=\"lazy\" decoding=\"async\" class=\"wp-image-7881 size-full\" src=\"https:\/\/d2p6e6u75xmxt8.cloudfront.net\/12\/2020\/06\/crippled-trip-2-IMG_9689.jpg\" alt=\"\" width=\"1022\" height=\"681\" \/><\/a><figcaption id=\"caption-attachment-7881\" class=\"wp-caption-text\">\u00a9 Radek Sieber<\/figcaption><\/figure>\n<h2><strong>H\u00e1rom h\u00e9t a mennyorsz\u00e1gban<\/strong><\/h2>\n<p>2019 nyar\u00e1ra tervezt\u00e9k az utat. A bring\u00e1k \u00e9s quadok sz\u00e1ll\u00edt\u00e1s\u00e1ra k\u00f6lt\u00f6tt horribilis \u00f6sszegek ellen\u00e9re a sr\u00e1cok nem l\u00e9pt\u00e9k t\u00fal a k\u00f6lts\u00e9gvet\u00e9si keretet, mert \u00fagy d\u00f6nt\u00f6ttek, a Riverside kempingben sz\u00e1llnak meg a h\u00e1rom h\u00e9t alatt. M\u00edg a bring\u00e1sok s\u00e1torban aludtak, a st\u00e1b t\u00f6bbi tagja a szabad \u00e9g alatt \u00e9jszak\u00e1zott. \u201eA vid\u00e9k csod\u00e1latos volt, minden tekintetben fel\u00fclm\u00falta a v\u00e1rakoz\u00e1saimat. Egyszer m\u00e9g barib\u00e1lt is l\u00e1ttunk a foly\u00f3n\u00e1l cammogni\u201d \u2013 mes\u00e9li Michal Kosik.<\/p>\n<p>A filmes el\u00e9g hamar felismerte, hogy val\u00f3di extr\u00e9msportfilmet k\u00e9sz\u00fcl forgatni k\u00e9t er\u0151s sportol\u00f3val. \u201eEdzett bring\u00e1snak tartom magam, de el voltam k\u00e9pedve, hogy milyen sebess\u00e9ggel sz\u00e1guldottak le ezek a sr\u00e1cok a p\u00e1ly\u00e1kon. N\u00e9ha alig b\u00edrtam tartani a temp\u00f3t vel\u00fck\u201d \u2013 eml\u00e9kezik vissza a kameraman. \u201eA vel\u00fck t\u00f6lt\u00f6tt h\u00e1rom h\u00e9t nagyszer\u0171 lecke volt sz\u00e1momra az \u00e9letr\u0151l. A szem\u00e9lyes bajaim nagy r\u00e9sz\u00e9r\u0151l kider\u00fclt, hogy elhanyagolhat\u00f3 ahhoz k\u00e9pest, amin ezek a sr\u00e1cok kereszt\u00fclmentek.\u201d<\/p>\n<lite-youtube videoid=KKo12MmFA7s params=\"enablejsapi=1\" style=\"background-image: url('https:\/\/i.ytimg.com\/vi_webp\/KKo12MmFA7s\/maxresdefault.webp');\"><\/lite-youtube>\n<p>A \u201e<em>The Crippled Trip<\/em>\u201d (\u201eRokkant T\u00fara\u201d a ford.) filmc\u00edm egyesek sz\u00e1m\u00e1ra tal\u00e1n b\u00e1nt\u00f3an hangzik, de a film f\u0151szerepl\u0151i hangs\u00falyozt\u00e1k, hogy a fogyat\u00e9kkal \u00e9l\u0151k \u00e1ltal\u00e1ban szeretik a morbid humort. Ez\u00e9rt ez lett. A teljes st\u00e1b rem\u00e9li, hogy legal\u00e1bb annyira tetszeni fog a film, mint amennyire nekik tetszett a helysz\u00edn, ahol v\u00e9g\u00fclis val\u00f3ra v\u00e1ltak az \u00e1lmaik.<\/p>\n","protected":false},"excerpt":{"rendered":"<p>Az, hogy egy \u00e9letre kerekessz\u00e9khez lett k\u00f6tve vagy hogy elvesztette egyik l\u00e1b\u00e1t, egyik fiatalembert\u0151l sem vette el abb\u00e9li hit\u00e9t, hogy [&hellip;]<\/p>\n","protected":false},"author":71,"featured_media":7883,"comment_status":"open","ping_status":"open","sticky":false,"template":"","format":"standard","meta":{"footnotes":""},"categories":[12],"tags":[],"global-categories":[],"class_list":["post-7876","post","type-post","status-publish","format-standard","has-post-thumbnail","hentry","category-kozosseg-es-kultura"],"yoast_head":"<!-- This site is optimized with the Yoast SEO Premium plugin v25.3 (Yoast SEO v25.9) - https:\/\/yoast.com\/wordpress\/plugins\/seo\/ -->\n<title>A The Crippled Trip c\u00edm\u0171 film k\u00e9t mozg\u00e1ss\u00e9r\u00fclt bring\u00e1s egyed\u00fcl\u00e1ll\u00f3 \u00fatj\u00e1t mutatja be a Whistler Bringaparkba - \u0160koda We Love Cycling - Magyarorsz\u00e1g<\/title>\n<meta name=\"robots\" content=\"index, follow, max-snippet:-1, max-image-preview:large, max-video-preview:-1\" \/>\n<link rel=\"canonical\" href=\"https:\/\/www.welovecycling.com\/hu\/kozosseg-es-kultura\/a-the-crippled-trip-cimu-film-ket-mozgasserult-bringas-egyedulallo-utjat-mutatja-be-a-whistler-bringaparkba\/\" \/>\n<meta property=\"og:locale\" content=\"hu_HU\" \/>\n<meta property=\"og:type\" content=\"article\" \/>\n<meta property=\"og:title\" content=\"A The Crippled Trip c\u00edm\u0171 film k\u00e9t mozg\u00e1ss\u00e9r\u00fclt bring\u00e1s egyed\u00fcl\u00e1ll\u00f3 \u00fatj\u00e1t mutatja be a Whistler Bringaparkba\" \/>\n<meta property=\"og:description\" content=\"Az, hogy egy \u00e9letre kerekessz\u00e9khez lett k\u00f6tve vagy hogy elvesztette egyik l\u00e1b\u00e1t, egyik fiatalembert\u0151l sem vette el abb\u00e9li hit\u00e9t, hogy [&hellip;]\" \/>\n<meta property=\"og:url\" content=\"https:\/\/www.welovecycling.com\/hu\/kozosseg-es-kultura\/a-the-crippled-trip-cimu-film-ket-mozgasserult-bringas-egyedulallo-utjat-mutatja-be-a-whistler-bringaparkba\/\" \/>\n<meta property=\"og:site_name\" content=\"\u0160koda We Love Cycling - Magyarorsz\u00e1g\" \/>\n<meta property=\"article:publisher\" content=\"https:\/\/www.facebook.com\/WeLoveCyclingHungary\/\" \/>\n<meta property=\"article:published_time\" content=\"2020-06-15T07:00:58+00:00\" \/>\n<meta property=\"og:image\" content=\"https:\/\/d2p6e6u75xmxt8.cloudfront.net\/12\/2020\/06\/crippled-trip-CVR.jpg\" \/>\n\t<meta property=\"og:image:width\" content=\"1366\" \/>\n\t<meta property=\"og:image:height\" content=\"600\" \/>\n\t<meta property=\"og:image:type\" content=\"image\/jpeg\" \/>\n<meta name=\"author\" content=\"hegyizs\" \/>\n<meta name=\"twitter:card\" content=\"summary_large_image\" \/>\n<meta name=\"twitter:label1\" content=\"Written by\" \/>\n\t<meta name=\"twitter:data1\" content=\"Adam Marsal\" \/>\n\t<meta name=\"twitter:label2\" content=\"Est. reading time\" \/>\n\t<meta name=\"twitter:data2\" content=\"7\" \/>\n<script type=\"application\/ld+json\" class=\"yoast-schema-graph\">{\"@context\":\"https:\/\/schema.org\",\"@graph\":[{\"@type\":\"WebPage\",\"@id\":\"https:\/\/www.welovecycling.com\/hu\/kozosseg-es-kultura\/a-the-crippled-trip-cimu-film-ket-mozgasserult-bringas-egyedulallo-utjat-mutatja-be-a-whistler-bringaparkba\/\",\"url\":\"https:\/\/www.welovecycling.com\/hu\/kozosseg-es-kultura\/a-the-crippled-trip-cimu-film-ket-mozgasserult-bringas-egyedulallo-utjat-mutatja-be-a-whistler-bringaparkba\/\",\"name\":\"A The Crippled Trip c\u00edm\u0171 film k\u00e9t mozg\u00e1ss\u00e9r\u00fclt bring\u00e1s egyed\u00fcl\u00e1ll\u00f3 \u00fatj\u00e1t mutatja be a Whistler Bringaparkba - \u0160koda We Love Cycling - Magyarorsz\u00e1g\",\"isPartOf\":{\"@id\":\"https:\/\/www.welovecycling.com\/hu\/#website\"},\"primaryImageOfPage\":{\"@id\":\"https:\/\/www.welovecycling.com\/hu\/kozosseg-es-kultura\/a-the-crippled-trip-cimu-film-ket-mozgasserult-bringas-egyedulallo-utjat-mutatja-be-a-whistler-bringaparkba\/#primaryimage\"},\"image\":{\"@id\":\"https:\/\/www.welovecycling.com\/hu\/kozosseg-es-kultura\/a-the-crippled-trip-cimu-film-ket-mozgasserult-bringas-egyedulallo-utjat-mutatja-be-a-whistler-bringaparkba\/#primaryimage\"},\"thumbnailUrl\":\"https:\/\/d2p6e6u75xmxt8.cloudfront.net\/12\/2020\/06\/crippled-trip-CVR.jpg\",\"datePublished\":\"2020-06-15T07:00:58+00:00\",\"author\":{\"@id\":\"https:\/\/www.welovecycling.com\/hu\/#\/schema\/person\/414a2aebf1801691a5320edb6468e194\"},\"breadcrumb\":{\"@id\":\"https:\/\/www.welovecycling.com\/hu\/kozosseg-es-kultura\/a-the-crippled-trip-cimu-film-ket-mozgasserult-bringas-egyedulallo-utjat-mutatja-be-a-whistler-bringaparkba\/#breadcrumb\"},\"inLanguage\":\"hu\",\"potentialAction\":[{\"@type\":\"ReadAction\",\"target\":[\"https:\/\/www.welovecycling.com\/hu\/kozosseg-es-kultura\/a-the-crippled-trip-cimu-film-ket-mozgasserult-bringas-egyedulallo-utjat-mutatja-be-a-whistler-bringaparkba\/\"]}]},{\"@type\":\"ImageObject\",\"inLanguage\":\"hu\",\"@id\":\"https:\/\/www.welovecycling.com\/hu\/kozosseg-es-kultura\/a-the-crippled-trip-cimu-film-ket-mozgasserult-bringas-egyedulallo-utjat-mutatja-be-a-whistler-bringaparkba\/#primaryimage\",\"url\":\"https:\/\/d2p6e6u75xmxt8.cloudfront.net\/12\/2020\/06\/crippled-trip-CVR.jpg\",\"contentUrl\":\"https:\/\/d2p6e6u75xmxt8.cloudfront.net\/12\/2020\/06\/crippled-trip-CVR.jpg\",\"width\":1366,\"height\":600},{\"@type\":\"BreadcrumbList\",\"@id\":\"https:\/\/www.welovecycling.com\/hu\/kozosseg-es-kultura\/a-the-crippled-trip-cimu-film-ket-mozgasserult-bringas-egyedulallo-utjat-mutatja-be-a-whistler-bringaparkba\/#breadcrumb\",\"itemListElement\":[{\"@type\":\"ListItem\",\"position\":1,\"name\":\"Home\",\"item\":\"https:\/\/www.welovecycling.com\/hu\/\"},{\"@type\":\"ListItem\",\"position\":2,\"name\":\"A The Crippled Trip c\u00edm\u0171 film k\u00e9t mozg\u00e1ss\u00e9r\u00fclt bring\u00e1s egyed\u00fcl\u00e1ll\u00f3 \u00fatj\u00e1t mutatja be a Whistler Bringaparkba\"}]},{\"@type\":\"WebSite\",\"@id\":\"https:\/\/www.welovecycling.com\/hu\/#website\",\"url\":\"https:\/\/www.welovecycling.com\/hu\/\",\"name\":\"\u0160koda We Love Cycling - Magyarorsz\u00e1g\",\"description\":\"\u0160koda WeLoveCycling\",\"potentialAction\":[{\"@type\":\"SearchAction\",\"target\":{\"@type\":\"EntryPoint\",\"urlTemplate\":\"https:\/\/www.welovecycling.com\/hu\/?s={search_term_string}\"},\"query-input\":{\"@type\":\"PropertyValueSpecification\",\"valueRequired\":true,\"valueName\":\"search_term_string\"}}],\"inLanguage\":\"hu\"},{\"@type\":\"Person\",\"@id\":\"https:\/\/www.welovecycling.com\/hu\/#\/schema\/person\/414a2aebf1801691a5320edb6468e194\",\"name\":\"hegyizs\",\"image\":{\"@type\":\"ImageObject\",\"inLanguage\":\"hu\",\"@id\":\"https:\/\/www.welovecycling.com\/hu\/#\/schema\/person\/image\/\",\"url\":\"https:\/\/secure.gravatar.com\/avatar\/02cf8a7906b8cf90cecb4679defac7cfd33a1c2e3b88e4903d947f3bb58eedd3?s=96&d=mm&r=g\",\"contentUrl\":\"https:\/\/secure.gravatar.com\/avatar\/02cf8a7906b8cf90cecb4679defac7cfd33a1c2e3b88e4903d947f3bb58eedd3?s=96&d=mm&r=g\",\"caption\":\"hegyizs\"},\"url\":\"https:\/\/www.welovecycling.com\/hu\/author\/hegyizs\/\"}]}<\/script>\n<!-- \/ Yoast SEO Premium plugin. -->","yoast_head_json":{"title":"A The Crippled Trip c\u00edm\u0171 film k\u00e9t mozg\u00e1ss\u00e9r\u00fclt bring\u00e1s egyed\u00fcl\u00e1ll\u00f3 \u00fatj\u00e1t mutatja be a Whistler Bringaparkba - \u0160koda We Love Cycling - Magyarorsz\u00e1g","robots":{"index":"index","follow":"follow","max-snippet":"max-snippet:-1","max-image-preview":"max-image-preview:large","max-video-preview":"max-video-preview:-1"},"canonical":"https:\/\/www.welovecycling.com\/hu\/kozosseg-es-kultura\/a-the-crippled-trip-cimu-film-ket-mozgasserult-bringas-egyedulallo-utjat-mutatja-be-a-whistler-bringaparkba\/","og_locale":"hu_HU","og_type":"article","og_title":"A The Crippled Trip c\u00edm\u0171 film k\u00e9t mozg\u00e1ss\u00e9r\u00fclt bring\u00e1s egyed\u00fcl\u00e1ll\u00f3 \u00fatj\u00e1t mutatja be a Whistler Bringaparkba","og_description":"Az, hogy egy \u00e9letre kerekessz\u00e9khez lett k\u00f6tve vagy hogy elvesztette egyik l\u00e1b\u00e1t, egyik fiatalembert\u0151l sem vette el abb\u00e9li hit\u00e9t, hogy [&hellip;]","og_url":"https:\/\/www.welovecycling.com\/hu\/kozosseg-es-kultura\/a-the-crippled-trip-cimu-film-ket-mozgasserult-bringas-egyedulallo-utjat-mutatja-be-a-whistler-bringaparkba\/","og_site_name":"\u0160koda We Love Cycling - Magyarorsz\u00e1g","article_publisher":"https:\/\/www.facebook.com\/WeLoveCyclingHungary\/","article_published_time":"2020-06-15T07:00:58+00:00","og_image":[{"width":1366,"height":600,"url":"https:\/\/d2p6e6u75xmxt8.cloudfront.net\/12\/2020\/06\/crippled-trip-CVR.jpg","type":"image\/jpeg"}],"author":"hegyizs","twitter_card":"summary_large_image","twitter_misc":{"Written by":"Adam Marsal","Est. reading time":"7"},"schema":{"@context":"https:\/\/schema.org","@graph":[{"@type":"WebPage","@id":"https:\/\/www.welovecycling.com\/hu\/kozosseg-es-kultura\/a-the-crippled-trip-cimu-film-ket-mozgasserult-bringas-egyedulallo-utjat-mutatja-be-a-whistler-bringaparkba\/","url":"https:\/\/www.welovecycling.com\/hu\/kozosseg-es-kultura\/a-the-crippled-trip-cimu-film-ket-mozgasserult-bringas-egyedulallo-utjat-mutatja-be-a-whistler-bringaparkba\/","name":"A The Crippled Trip c\u00edm\u0171 film k\u00e9t mozg\u00e1ss\u00e9r\u00fclt bring\u00e1s egyed\u00fcl\u00e1ll\u00f3 \u00fatj\u00e1t mutatja be a Whistler Bringaparkba - \u0160koda We Love Cycling - Magyarorsz\u00e1g","isPartOf":{"@id":"https:\/\/www.welovecycling.com\/hu\/#website"},"primaryImageOfPage":{"@id":"https:\/\/www.welovecycling.com\/hu\/kozosseg-es-kultura\/a-the-crippled-trip-cimu-film-ket-mozgasserult-bringas-egyedulallo-utjat-mutatja-be-a-whistler-bringaparkba\/#primaryimage"},"image":{"@id":"https:\/\/www.welovecycling.com\/hu\/kozosseg-es-kultura\/a-the-crippled-trip-cimu-film-ket-mozgasserult-bringas-egyedulallo-utjat-mutatja-be-a-whistler-bringaparkba\/#primaryimage"},"thumbnailUrl":"https:\/\/d2p6e6u75xmxt8.cloudfront.net\/12\/2020\/06\/crippled-trip-CVR.jpg","datePublished":"2020-06-15T07:00:58+00:00","author":{"@id":"https:\/\/www.welovecycling.com\/hu\/#\/schema\/person\/414a2aebf1801691a5320edb6468e194"},"breadcrumb":{"@id":"https:\/\/www.welovecycling.com\/hu\/kozosseg-es-kultura\/a-the-crippled-trip-cimu-film-ket-mozgasserult-bringas-egyedulallo-utjat-mutatja-be-a-whistler-bringaparkba\/#breadcrumb"},"inLanguage":"hu","potentialAction":[{"@type":"ReadAction","target":["https:\/\/www.welovecycling.com\/hu\/kozosseg-es-kultura\/a-the-crippled-trip-cimu-film-ket-mozgasserult-bringas-egyedulallo-utjat-mutatja-be-a-whistler-bringaparkba\/"]}]},{"@type":"ImageObject","inLanguage":"hu","@id":"https:\/\/www.welovecycling.com\/hu\/kozosseg-es-kultura\/a-the-crippled-trip-cimu-film-ket-mozgasserult-bringas-egyedulallo-utjat-mutatja-be-a-whistler-bringaparkba\/#primaryimage","url":"https:\/\/d2p6e6u75xmxt8.cloudfront.net\/12\/2020\/06\/crippled-trip-CVR.jpg","contentUrl":"https:\/\/d2p6e6u75xmxt8.cloudfront.net\/12\/2020\/06\/crippled-trip-CVR.jpg","width":1366,"height":600},{"@type":"BreadcrumbList","@id":"https:\/\/www.welovecycling.com\/hu\/kozosseg-es-kultura\/a-the-crippled-trip-cimu-film-ket-mozgasserult-bringas-egyedulallo-utjat-mutatja-be-a-whistler-bringaparkba\/#breadcrumb","itemListElement":[{"@type":"ListItem","position":1,"name":"Home","item":"https:\/\/www.welovecycling.com\/hu\/"},{"@type":"ListItem","position":2,"name":"A The Crippled Trip c\u00edm\u0171 film k\u00e9t mozg\u00e1ss\u00e9r\u00fclt bring\u00e1s egyed\u00fcl\u00e1ll\u00f3 \u00fatj\u00e1t mutatja be a Whistler Bringaparkba"}]},{"@type":"WebSite","@id":"https:\/\/www.welovecycling.com\/hu\/#website","url":"https:\/\/www.welovecycling.com\/hu\/","name":"\u0160koda We Love Cycling - Magyarorsz\u00e1g","description":"\u0160koda WeLoveCycling","potentialAction":[{"@type":"SearchAction","target":{"@type":"EntryPoint","urlTemplate":"https:\/\/www.welovecycling.com\/hu\/?s={search_term_string}"},"query-input":{"@type":"PropertyValueSpecification","valueRequired":true,"valueName":"search_term_string"}}],"inLanguage":"hu"},{"@type":"Person","@id":"https:\/\/www.welovecycling.com\/hu\/#\/schema\/person\/414a2aebf1801691a5320edb6468e194","name":"hegyizs","image":{"@type":"ImageObject","inLanguage":"hu","@id":"https:\/\/www.welovecycling.com\/hu\/#\/schema\/person\/image\/","url":"https:\/\/secure.gravatar.com\/avatar\/02cf8a7906b8cf90cecb4679defac7cfd33a1c2e3b88e4903d947f3bb58eedd3?s=96&d=mm&r=g","contentUrl":"https:\/\/secure.gravatar.com\/avatar\/02cf8a7906b8cf90cecb4679defac7cfd33a1c2e3b88e4903d947f3bb58eedd3?s=96&d=mm&r=g","caption":"hegyizs"},"url":"https:\/\/www.welovecycling.com\/hu\/author\/hegyizs\/"}]}},"_links":{"self":[{"href":"https:\/\/www.welovecycling.com\/hu\/wp-json\/wp\/v2\/posts\/7876","targetHints":{"allow":["GET"]}}],"collection":[{"href":"https:\/\/www.welovecycling.com\/hu\/wp-json\/wp\/v2\/posts"}],"about":[{"href":"https:\/\/www.welovecycling.com\/hu\/wp-json\/wp\/v2\/types\/post"}],"author":[{"embeddable":true,"href":"https:\/\/www.welovecycling.com\/hu\/wp-json\/wp\/v2\/users\/71"}],"replies":[{"embeddable":true,"href":"https:\/\/www.welovecycling.com\/hu\/wp-json\/wp\/v2\/comments?post=7876"}],"version-history":[{"count":2,"href":"https:\/\/www.welovecycling.com\/hu\/wp-json\/wp\/v2\/posts\/7876\/revisions"}],"predecessor-version":[{"id":7888,"href":"https:\/\/www.welovecycling.com\/hu\/wp-json\/wp\/v2\/posts\/7876\/revisions\/7888"}],"wp:featuredmedia":[{"embeddable":true,"href":"https:\/\/www.welovecycling.com\/hu\/wp-json\/wp\/v2\/media\/7883"}],"wp:attachment":[{"href":"https:\/\/www.welovecycling.com\/hu\/wp-json\/wp\/v2\/media?parent=7876"}],"wp:term":[{"taxonomy":"category","embeddable":true,"href":"https:\/\/www.welovecycling.com\/hu\/wp-json\/wp\/v2\/categories?post=7876"},{"taxonomy":"post_tag","embeddable":true,"href":"https:\/\/www.welovecycling.com\/hu\/wp-json\/wp\/v2\/tags?post=7876"},{"taxonomy":"global-categories","embeddable":true,"href":"https:\/\/www.welovecycling.com\/hu\/wp-json\/wp\/v2\/global-categories?post=7876"}],"curies":[{"name":"wp","href":"https:\/\/api.w.org\/{rel}","templated":true}]}}