{"id":7855,"date":"2020-06-17T08:00:53","date_gmt":"2020-06-17T07:00:53","guid":{"rendered":"https:\/\/www.welovecycling.com\/hu\/?p=7855"},"modified":"2020-06-11T13:52:38","modified_gmt":"2020-06-11T12:52:38","slug":"hogyan-szerettessuk-meg-gyermekunkkel-a-bringazast","status":"publish","type":"post","link":"https:\/\/www.welovecycling.com\/hu\/csalad\/hogyan-szerettessuk-meg-gyermekunkkel-a-bringazast\/","title":{"rendered":"Hogyan szerettess\u00fck meg gyermek\u00fcnkkel a bring\u00e1z\u00e1st?"},"content":{"rendered":"<p><strong>K\u00e9ts\u00e9gtelen, hogy a bring\u00e1z\u00e1s valamennyi koroszt\u00e1ly sz\u00e1m\u00e1ra remek id\u0151t\u00f6lt\u00e9s, \u00e9s mi, a We Love Cyclingn\u00e1l szent\u00fcl hissz\u00fck, hogy megtan\u00edtani valakit biciklizni az egyik legnagyszer\u0171bb j\u00f3tett a vil\u00e1gon. Sz\u00e1mtalan sz\u00fcl\u0151, gondvisel\u0151 \u00e9s id\u0151sebb testv\u00e9r v\u00e1llalkozik \u00f6r\u00f6mmel arra, hogy az apr\u00f3s\u00e1ggal bring\u00e1zni menjen, \u00e9s v\u00e1rja t\u00fcrelmesen, hogy a gyermek magabiztosan guruljon k\u00e9t ker\u00e9ken. Ezzel egy\u00fctt j\u00e1r, hogy zavarhatja, elbizonytalan\u00edthatja vagy ak\u00e1r b\u00e1nthatja is az oktat\u00f3kat, ha a nebul\u00f3nak nincs kedve vagy t\u00fcrelme a bicikliz\u00e9shez. \u00c1ltal\u00e1ban vid\u00e1m beavat\u00e1si szertart\u00e1sk\u00e9nt marad meg az emberben, de az edzettebb bring\u00e1sok nehezen feledik el, mennyi stressz \u00e9s agg\u00f3d\u00e1s k\u00eds\u00e9rte a biciklizni tanul\u00e1st \u00e9s az els\u0151 n\u00e9h\u00e1ny k\u00f6rt.<\/strong><\/p>\n<p><!--more--><\/p>\n<p>Ugyanakkor ez term\u00e9szetes velej\u00e1r\u00f3ja minden \u00fajnak, amit kipr\u00f3b\u00e1lunk, \u00e9s ez az \u00e9rz\u00e9s ismer\u0151s valamennyi feln\u0151ttnek, aki k\u00e9s\u0151bb tanul meg tekerni. Szerencs\u00e9re ezek az agg\u00e1lyok n\u00e9h\u00e1ny bev\u00e1lt m\u00f3dszerrel \u00e9s n\u00e9mi t\u00fcrelemmel t\u00f6bbnyire legy\u0151zhet\u0151k. Ha \u00e9pp azon f\u00e1radozol, hogy megszerettesd a gyermekeddel a bring\u00e1z\u00e1st, az al\u00e1bbi n\u00e9h\u00e1ny tipp \u00e9s strat\u00e9gia seg\u00edthet.<\/p>\n<h2><strong>A siker titka: az el\u0151k\u00e9sz\u00fclet<\/strong><\/h2>\n<p>Ak\u00e1r biciklizni tanultok, ak\u00e1r az els\u0151 hosszabb t\u00far\u00e1ra indultok, nagyon fontos, hogy minden t\u0151led telhet\u0151t megtegy\u00e9l az\u00e9rt, hogy biztons\u00e1gban \u00e9s kellemesen \u00e9rezze mag\u00e1t.<\/p>\n<p>Ez\u00e9rt az utc\u00e1k helyett ink\u00e1bb a ker\u00e9kp\u00e1rutakat vagy -parkokat v\u00e1lassz\u00e1tok, \u00e9s fektessetek le el\u0151re n\u00e9h\u00e1ny alapszab\u00e1lyt azzal kapcsolatban, hogy mire lehet sz\u00e1m\u00edtani. Ha a gyermek nem szeretne az utc\u00e1n kerekezni, vagy ak\u00e1r a legenyh\u00e9bb lank\u00e1kt\u00f3l is tart, l\u00e9gy vele t\u00fcrelmes az elej\u00e9n: ez nem azt jelenti, hogy nem fogja legy\u0151zni a f\u00e9lelmeit, illetve nem alak\u00edtasz ki benne rossz beidegz\u0151d\u00e9seket azzal, hogy alkalmazkodsz hozz\u00e1.<\/p>\n<p>M\u00e9retben megfelel\u0151 vagy ak\u00e1r egy kicsit kisebb ker\u00e9kp\u00e1rral induljon \u00fatnak. Az az ide\u00e1lis, ha a gyermek talpa le\u00e9r a talajra a legalacsonyabbra \u00e1ll\u00edtott nyereg\u00e1ll\u00e1sban. Gondoskodj arr\u00f3l, hogy van n\u00e1latok r\u00e1gcs\u00e1lnival\u00f3, v\u00edz \u00e9s minden egy\u00e9b, amire sz\u00fcks\u00e9ge lehet. \u00dagy k\u00e9sz\u00fclj, hogy a szok\u00e1sosn\u00e1l kicsivel hosszabb ideig fog tartani az \u00fat, \u00e9s semmi ne siettessen a teker\u00e9s alatt.<\/p>\n<p><a href=\"https:\/\/d2p6e6u75xmxt8.cloudfront.net\/12\/2020\/06\/profimedia-0008794339.jpg\"><img loading=\"lazy\" decoding=\"async\" class=\"alignnone size-full wp-image-7856\" src=\"https:\/\/d2p6e6u75xmxt8.cloudfront.net\/12\/2020\/06\/profimedia-0008794339.jpg\" alt=\"\" width=\"1800\" height=\"1209\" \/><\/a><\/p>\n<h2><strong>J\u00f3l id\u0151z\u00edts!<\/strong><strong>\u00a0<\/strong><\/h2>\n<p>Ha m\u00e1r a k\u00e9zn\u00e9l lev\u0151 r\u00e1gcs\u00e1lnival\u00f3n\u00e1l tartunk: gondoskodj arr\u00f3l, hogy j\u00f3llakottan \u00e9s kipihenten v\u00e1gjatok neki az \u00fatnak. Ne k\u00f6zvetlen\u00fcl az \u00e9tkez\u00e9s ut\u00e1n induljatok, hanem amikor a gyermek pihent egy kicsit \u00e9s felt\u00f6lt\u0151d\u00f6tt a legutols\u00f3 aktivit\u00e1sa ut\u00e1n. Ha f\u00e1radtnak t\u0171nik, vagy csak rossz napja van, ne er\u0151ltesd a dolgot! Ha r\u00f6gt\u00f6n rossz \u00e9lm\u00e9nyt szerez, sokkal nehezebb lesz k\u00e9s\u0151bb b\u00e1tor\u00edtani. A gyerekek hajlamosan azt hinni, hogy ha \u201ealapb\u00f3l\u201d j\u00f3l megy nekik valami, az gyerekj\u00e1t\u00e9k az elej\u00e9t\u0151l fogva. Mutasd meg neki, hogy az, hogy kicsit elb\u00e1tortalan\u00edtja, ha nem megy minden egy csap\u00e1sra, m\u00e9g nem jelenti azt, hogy ez nem az \u0151 m\u0171faja. Ezzel egy\u00fctt nem t\u00fal sok kudarcot fognak egyszerre elviselni, ez\u00e9rt k\u00f6r\u00fcltekint\u0151en v\u00e1laszd ki az id\u0151pontot.<\/p>\n<h2><strong>Maradj pozit\u00edv, \u00e9s re\u00e1lis elv\u00e1r\u00e1sokat t\u00e1massz!<\/strong><strong>\u00a0<\/strong><\/h2>\n<p>Amikor az ember ugyanolyan term\u00e9szetess\u00e9ggel biciklizik, ahogyan j\u00e1r, k\u00f6nnyen megfeledkezik arr\u00f3l, milyen \u00e9rz\u00e9s volt az els\u0151 bizonytalan k\u00f6r\u00f6ket megtenni. Eml\u00e9keztesd magad arra, hogy t\u00fcrelmes \u00e9s kedves l\u00e9gy, valamint hogy az eg\u00e9sz foglalkoz\u00e1s c\u00e9lja az, hogy magabiztoss\u00e1got \u00e9s f\u00fcggetlens\u00e9get alak\u00edts ki a gyermekben. Fontos, hogy ir\u00e1nyt mutass \u00e9s b\u00e1tor\u00edt\u00e1st adj, de a hangod legyen magabiztos \u00e9s pozit\u00edv. Mondd el el\u0151re neki, hogy csak az\u00e9rt emeled fel a hangod, hogy jobban halljon, \u00e9s nem kiab\u00e1lni akarsz vele.<\/p>\n<p>Tudasd vele, hogy b\u00fcszke vagy r\u00e1, ami\u00e9rt valami \u00fajjal pr\u00f3b\u00e1lkozik, \u00e9s hogy meg\u00e9rted, hogy ez ak\u00e1r nagy kih\u00edv\u00e1st is jelenthet sz\u00e1m\u00e1ra. Ne bagatelliz\u00e1ld el a bizonytalans\u00e1g\u00e1t azzal, hogy folyton azt ism\u00e9telgeted, hogy a bring\u00e1z\u00e1s j\u00f3 m\u00f3ka \u00e9s pofonegyszer\u0171. Biciklizni megtanulni sokak sz\u00e1m\u00e1ra neh\u00e9z feladat. Mondd el neki, hogy nem v\u00e9letlen\u00fcl tart t\u0151le, de nyugtasd meg, hogy az\u00e9rt vagy vele, hogy seg\u00edts neki \u00e9s t\u00e1mogasd, valamint hogy meg\u00e9ri az er\u0151lk\u00f6d\u00e9s, ha egyszer r\u00e1\u00e9rez a nyitj\u00e1ra.<\/p>\n<h2><strong>Arra koncentr\u00e1lj, ami igaz\u00e1n sz\u00e1m\u00edt!<\/strong><strong>\u00a0<\/strong><\/h2>\n<p>Csak akkor tudod sikeresen meggy\u0151zni a gyermeket arr\u00f3l, hogy \u00e9rdemes adni egy es\u00e9lyt a bicikliz\u00e9snek \u00e9s kialak\u00edtani benne a bring\u00e1z\u00e1shoz val\u00f3 eg\u00e9szs\u00e9ges hozz\u00e1\u00e1ll\u00e1st, ha a ker\u00e9kp\u00e1roz\u00e1s ny\u00fajtotta \u00e9lm\u00e9nyekre \u00f6sszpontos\u00edtasz. Ha rendszeresen versenyzel, vagy c\u00e9lorient\u00e1lt kerekez\u0151 vagy, sz\u00e1modra term\u00e9szetes lehet, hogy a sport\u00e1g kih\u00edv\u00e1sokat \u00e9s versenyszellemet jelent. J\u00f3llehet ezt is \u00e9lvezni fogja k\u00e9s\u0151bb a gyermeked, az elej\u00e9n nagyon fontos, hogy olyan dolgokra koncentr\u00e1ljatok, mint a felfeldez\u00e9s, a bar\u00e1tkoz\u00e1s \u00e9s a sz\u00f3rakoz\u00e1s. Mes\u00e9lj neki azokr\u00f3l a frank\u00f3 dolgokr\u00f3l, amiket teker\u00e9s k\u00f6zben l\u00e1tt\u00e1l, valamint a bar\u00e1tokr\u00f3l, akiket csoportos t\u00far\u00e1k vagy sportesem\u00e9nyek sor\u00e1n ismert\u00e9l meg. Ne csin\u00e1lj k\u00f6telez\u0151 rutint bel\u0151le!<\/p>\n<p>V\u00e9g\u00fcl fontos \u00e9szben tartanod, hogy azt szeretn\u00e9d, ha a bicikliz\u00e9s \u00e9lvezetes kikapcsol\u00f3d\u00e1s lenne a gyermek sz\u00e1m\u00e1ra \u00e9s v\u00e9g\u00fcl saj\u00e1t akarat\u00e1b\u00f3l \u0171zn\u00e9. Ha \u00fagy \u00e9rzi, elv\u00e1rj\u00e1k t\u0151le, kisebb es\u00e9llyel alakul ki benne szenved\u00e9ly a ker\u00e9kp\u00e1roz\u00e1s ir\u00e1nt. Mindenekel\u0151tt tegy\u00e9l meg minden t\u0151led telhet\u0151t az\u00e9rt, hogy sz\u00f3rakoz\u00e1s legyen sz\u00e1m\u00e1ra. Tartsd \u00e9szben, hogy minden gyermek k\u00fcl\u00f6nb\u00f6z\u0151 temp\u00f3ban saj\u00e1t\u00edtja el a dolgokat, \u00e9s az a feladatod, hogy mik\u00f6zben erre t\u00f6rekszik, j\u00f3l \u00e9rezze mag\u00e1t \u2013 az er\u0151fesz\u00edt\u00e9st jobban kell dics\u00e9rni, mint mag\u00e1t a sikert.<\/p>\n","protected":false},"excerpt":{"rendered":"<p>K\u00e9ts\u00e9gtelen, hogy a bring\u00e1z\u00e1s valamennyi koroszt\u00e1ly sz\u00e1m\u00e1ra remek id\u0151t\u00f6lt\u00e9s, \u00e9s mi, a We Love Cyclingn\u00e1l szent\u00fcl hissz\u00fck, hogy megtan\u00edtani valakit [&hellip;]<\/p>\n","protected":false},"author":71,"featured_media":7858,"comment_status":"open","ping_status":"open","sticky":false,"template":"","format":"standard","meta":{"footnotes":""},"categories":[11],"tags":[],"global-categories":[],"class_list":["post-7855","post","type-post","status-publish","format-standard","has-post-thumbnail","hentry","category-csalad"],"yoast_head":"<!-- This site is optimized with the Yoast SEO Premium plugin v25.3 (Yoast SEO v25.9) - https:\/\/yoast.com\/wordpress\/plugins\/seo\/ -->\n<title>Hogyan szerettess\u00fck meg gyermek\u00fcnkkel a bring\u00e1z\u00e1st? - \u0160koda We Love Cycling - Magyarorsz\u00e1g<\/title>\n<meta name=\"robots\" content=\"index, follow, max-snippet:-1, max-image-preview:large, max-video-preview:-1\" \/>\n<link rel=\"canonical\" href=\"https:\/\/www.welovecycling.com\/hu\/csalad\/hogyan-szerettessuk-meg-gyermekunkkel-a-bringazast\/\" \/>\n<meta property=\"og:locale\" content=\"hu_HU\" \/>\n<meta property=\"og:type\" content=\"article\" \/>\n<meta property=\"og:title\" content=\"Hogyan szerettess\u00fck meg gyermek\u00fcnkkel a bring\u00e1z\u00e1st?\" \/>\n<meta property=\"og:description\" content=\"K\u00e9ts\u00e9gtelen, hogy a bring\u00e1z\u00e1s valamennyi koroszt\u00e1ly sz\u00e1m\u00e1ra remek id\u0151t\u00f6lt\u00e9s, \u00e9s mi, a We Love Cyclingn\u00e1l szent\u00fcl hissz\u00fck, hogy megtan\u00edtani valakit [&hellip;]\" \/>\n<meta property=\"og:url\" content=\"https:\/\/www.welovecycling.com\/hu\/csalad\/hogyan-szerettessuk-meg-gyermekunkkel-a-bringazast\/\" \/>\n<meta property=\"og:site_name\" content=\"\u0160koda We Love Cycling - Magyarorsz\u00e1g\" \/>\n<meta property=\"article:publisher\" content=\"https:\/\/www.facebook.com\/WeLoveCyclingHungary\/\" \/>\n<meta property=\"article:published_time\" content=\"2020-06-17T07:00:53+00:00\" \/>\n<meta property=\"og:image\" content=\"https:\/\/d2p6e6u75xmxt8.cloudfront.net\/12\/2020\/06\/qq2.jpg\" \/>\n\t<meta property=\"og:image:width\" content=\"1366\" \/>\n\t<meta property=\"og:image:height\" content=\"600\" \/>\n\t<meta property=\"og:image:type\" content=\"image\/jpeg\" \/>\n<meta name=\"author\" content=\"hegyizs\" \/>\n<meta name=\"twitter:card\" content=\"summary_large_image\" \/>\n<meta name=\"twitter:label1\" content=\"Written by\" \/>\n\t<meta name=\"twitter:data1\" content=\"Megan Flottorp\" \/>\n\t<meta name=\"twitter:label2\" content=\"Est. reading time\" \/>\n\t<meta name=\"twitter:data2\" content=\"4\" \/>\n<script type=\"application\/ld+json\" class=\"yoast-schema-graph\">{\"@context\":\"https:\/\/schema.org\",\"@graph\":[{\"@type\":\"WebPage\",\"@id\":\"https:\/\/www.welovecycling.com\/hu\/csalad\/hogyan-szerettessuk-meg-gyermekunkkel-a-bringazast\/\",\"url\":\"https:\/\/www.welovecycling.com\/hu\/csalad\/hogyan-szerettessuk-meg-gyermekunkkel-a-bringazast\/\",\"name\":\"Hogyan szerettess\u00fck meg gyermek\u00fcnkkel a bring\u00e1z\u00e1st? - \u0160koda We Love Cycling - Magyarorsz\u00e1g\",\"isPartOf\":{\"@id\":\"https:\/\/www.welovecycling.com\/hu\/#website\"},\"primaryImageOfPage\":{\"@id\":\"https:\/\/www.welovecycling.com\/hu\/csalad\/hogyan-szerettessuk-meg-gyermekunkkel-a-bringazast\/#primaryimage\"},\"image\":{\"@id\":\"https:\/\/www.welovecycling.com\/hu\/csalad\/hogyan-szerettessuk-meg-gyermekunkkel-a-bringazast\/#primaryimage\"},\"thumbnailUrl\":\"https:\/\/d2p6e6u75xmxt8.cloudfront.net\/12\/2020\/06\/qq2.jpg\",\"datePublished\":\"2020-06-17T07:00:53+00:00\",\"author\":{\"@id\":\"https:\/\/www.welovecycling.com\/hu\/#\/schema\/person\/414a2aebf1801691a5320edb6468e194\"},\"breadcrumb\":{\"@id\":\"https:\/\/www.welovecycling.com\/hu\/csalad\/hogyan-szerettessuk-meg-gyermekunkkel-a-bringazast\/#breadcrumb\"},\"inLanguage\":\"hu\",\"potentialAction\":[{\"@type\":\"ReadAction\",\"target\":[\"https:\/\/www.welovecycling.com\/hu\/csalad\/hogyan-szerettessuk-meg-gyermekunkkel-a-bringazast\/\"]}]},{\"@type\":\"ImageObject\",\"inLanguage\":\"hu\",\"@id\":\"https:\/\/www.welovecycling.com\/hu\/csalad\/hogyan-szerettessuk-meg-gyermekunkkel-a-bringazast\/#primaryimage\",\"url\":\"https:\/\/d2p6e6u75xmxt8.cloudfront.net\/12\/2020\/06\/qq2.jpg\",\"contentUrl\":\"https:\/\/d2p6e6u75xmxt8.cloudfront.net\/12\/2020\/06\/qq2.jpg\",\"width\":1366,\"height\":600},{\"@type\":\"BreadcrumbList\",\"@id\":\"https:\/\/www.welovecycling.com\/hu\/csalad\/hogyan-szerettessuk-meg-gyermekunkkel-a-bringazast\/#breadcrumb\",\"itemListElement\":[{\"@type\":\"ListItem\",\"position\":1,\"name\":\"Home\",\"item\":\"https:\/\/www.welovecycling.com\/hu\/\"},{\"@type\":\"ListItem\",\"position\":2,\"name\":\"Hogyan szerettess\u00fck meg gyermek\u00fcnkkel a bring\u00e1z\u00e1st?\"}]},{\"@type\":\"WebSite\",\"@id\":\"https:\/\/www.welovecycling.com\/hu\/#website\",\"url\":\"https:\/\/www.welovecycling.com\/hu\/\",\"name\":\"\u0160koda We Love Cycling - Magyarorsz\u00e1g\",\"description\":\"\u0160koda WeLoveCycling\",\"potentialAction\":[{\"@type\":\"SearchAction\",\"target\":{\"@type\":\"EntryPoint\",\"urlTemplate\":\"https:\/\/www.welovecycling.com\/hu\/?s={search_term_string}\"},\"query-input\":{\"@type\":\"PropertyValueSpecification\",\"valueRequired\":true,\"valueName\":\"search_term_string\"}}],\"inLanguage\":\"hu\"},{\"@type\":\"Person\",\"@id\":\"https:\/\/www.welovecycling.com\/hu\/#\/schema\/person\/414a2aebf1801691a5320edb6468e194\",\"name\":\"hegyizs\",\"image\":{\"@type\":\"ImageObject\",\"inLanguage\":\"hu\",\"@id\":\"https:\/\/www.welovecycling.com\/hu\/#\/schema\/person\/image\/\",\"url\":\"https:\/\/secure.gravatar.com\/avatar\/02cf8a7906b8cf90cecb4679defac7cfd33a1c2e3b88e4903d947f3bb58eedd3?s=96&d=mm&r=g\",\"contentUrl\":\"https:\/\/secure.gravatar.com\/avatar\/02cf8a7906b8cf90cecb4679defac7cfd33a1c2e3b88e4903d947f3bb58eedd3?s=96&d=mm&r=g\",\"caption\":\"hegyizs\"},\"url\":\"https:\/\/www.welovecycling.com\/hu\/author\/hegyizs\/\"}]}<\/script>\n<!-- \/ Yoast SEO Premium plugin. -->","yoast_head_json":{"title":"Hogyan szerettess\u00fck meg gyermek\u00fcnkkel a bring\u00e1z\u00e1st? - \u0160koda We Love Cycling - Magyarorsz\u00e1g","robots":{"index":"index","follow":"follow","max-snippet":"max-snippet:-1","max-image-preview":"max-image-preview:large","max-video-preview":"max-video-preview:-1"},"canonical":"https:\/\/www.welovecycling.com\/hu\/csalad\/hogyan-szerettessuk-meg-gyermekunkkel-a-bringazast\/","og_locale":"hu_HU","og_type":"article","og_title":"Hogyan szerettess\u00fck meg gyermek\u00fcnkkel a bring\u00e1z\u00e1st?","og_description":"K\u00e9ts\u00e9gtelen, hogy a bring\u00e1z\u00e1s valamennyi koroszt\u00e1ly sz\u00e1m\u00e1ra remek id\u0151t\u00f6lt\u00e9s, \u00e9s mi, a We Love Cyclingn\u00e1l szent\u00fcl hissz\u00fck, hogy megtan\u00edtani valakit [&hellip;]","og_url":"https:\/\/www.welovecycling.com\/hu\/csalad\/hogyan-szerettessuk-meg-gyermekunkkel-a-bringazast\/","og_site_name":"\u0160koda We Love Cycling - Magyarorsz\u00e1g","article_publisher":"https:\/\/www.facebook.com\/WeLoveCyclingHungary\/","article_published_time":"2020-06-17T07:00:53+00:00","og_image":[{"width":1366,"height":600,"url":"https:\/\/d2p6e6u75xmxt8.cloudfront.net\/12\/2020\/06\/qq2.jpg","type":"image\/jpeg"}],"author":"hegyizs","twitter_card":"summary_large_image","twitter_misc":{"Written by":"Megan Flottorp","Est. reading time":"4"},"schema":{"@context":"https:\/\/schema.org","@graph":[{"@type":"WebPage","@id":"https:\/\/www.welovecycling.com\/hu\/csalad\/hogyan-szerettessuk-meg-gyermekunkkel-a-bringazast\/","url":"https:\/\/www.welovecycling.com\/hu\/csalad\/hogyan-szerettessuk-meg-gyermekunkkel-a-bringazast\/","name":"Hogyan szerettess\u00fck meg gyermek\u00fcnkkel a bring\u00e1z\u00e1st? - \u0160koda We Love Cycling - Magyarorsz\u00e1g","isPartOf":{"@id":"https:\/\/www.welovecycling.com\/hu\/#website"},"primaryImageOfPage":{"@id":"https:\/\/www.welovecycling.com\/hu\/csalad\/hogyan-szerettessuk-meg-gyermekunkkel-a-bringazast\/#primaryimage"},"image":{"@id":"https:\/\/www.welovecycling.com\/hu\/csalad\/hogyan-szerettessuk-meg-gyermekunkkel-a-bringazast\/#primaryimage"},"thumbnailUrl":"https:\/\/d2p6e6u75xmxt8.cloudfront.net\/12\/2020\/06\/qq2.jpg","datePublished":"2020-06-17T07:00:53+00:00","author":{"@id":"https:\/\/www.welovecycling.com\/hu\/#\/schema\/person\/414a2aebf1801691a5320edb6468e194"},"breadcrumb":{"@id":"https:\/\/www.welovecycling.com\/hu\/csalad\/hogyan-szerettessuk-meg-gyermekunkkel-a-bringazast\/#breadcrumb"},"inLanguage":"hu","potentialAction":[{"@type":"ReadAction","target":["https:\/\/www.welovecycling.com\/hu\/csalad\/hogyan-szerettessuk-meg-gyermekunkkel-a-bringazast\/"]}]},{"@type":"ImageObject","inLanguage":"hu","@id":"https:\/\/www.welovecycling.com\/hu\/csalad\/hogyan-szerettessuk-meg-gyermekunkkel-a-bringazast\/#primaryimage","url":"https:\/\/d2p6e6u75xmxt8.cloudfront.net\/12\/2020\/06\/qq2.jpg","contentUrl":"https:\/\/d2p6e6u75xmxt8.cloudfront.net\/12\/2020\/06\/qq2.jpg","width":1366,"height":600},{"@type":"BreadcrumbList","@id":"https:\/\/www.welovecycling.com\/hu\/csalad\/hogyan-szerettessuk-meg-gyermekunkkel-a-bringazast\/#breadcrumb","itemListElement":[{"@type":"ListItem","position":1,"name":"Home","item":"https:\/\/www.welovecycling.com\/hu\/"},{"@type":"ListItem","position":2,"name":"Hogyan szerettess\u00fck meg gyermek\u00fcnkkel a bring\u00e1z\u00e1st?"}]},{"@type":"WebSite","@id":"https:\/\/www.welovecycling.com\/hu\/#website","url":"https:\/\/www.welovecycling.com\/hu\/","name":"\u0160koda We Love Cycling - Magyarorsz\u00e1g","description":"\u0160koda WeLoveCycling","potentialAction":[{"@type":"SearchAction","target":{"@type":"EntryPoint","urlTemplate":"https:\/\/www.welovecycling.com\/hu\/?s={search_term_string}"},"query-input":{"@type":"PropertyValueSpecification","valueRequired":true,"valueName":"search_term_string"}}],"inLanguage":"hu"},{"@type":"Person","@id":"https:\/\/www.welovecycling.com\/hu\/#\/schema\/person\/414a2aebf1801691a5320edb6468e194","name":"hegyizs","image":{"@type":"ImageObject","inLanguage":"hu","@id":"https:\/\/www.welovecycling.com\/hu\/#\/schema\/person\/image\/","url":"https:\/\/secure.gravatar.com\/avatar\/02cf8a7906b8cf90cecb4679defac7cfd33a1c2e3b88e4903d947f3bb58eedd3?s=96&d=mm&r=g","contentUrl":"https:\/\/secure.gravatar.com\/avatar\/02cf8a7906b8cf90cecb4679defac7cfd33a1c2e3b88e4903d947f3bb58eedd3?s=96&d=mm&r=g","caption":"hegyizs"},"url":"https:\/\/www.welovecycling.com\/hu\/author\/hegyizs\/"}]}},"_links":{"self":[{"href":"https:\/\/www.welovecycling.com\/hu\/wp-json\/wp\/v2\/posts\/7855","targetHints":{"allow":["GET"]}}],"collection":[{"href":"https:\/\/www.welovecycling.com\/hu\/wp-json\/wp\/v2\/posts"}],"about":[{"href":"https:\/\/www.welovecycling.com\/hu\/wp-json\/wp\/v2\/types\/post"}],"author":[{"embeddable":true,"href":"https:\/\/www.welovecycling.com\/hu\/wp-json\/wp\/v2\/users\/71"}],"replies":[{"embeddable":true,"href":"https:\/\/www.welovecycling.com\/hu\/wp-json\/wp\/v2\/comments?post=7855"}],"version-history":[{"count":2,"href":"https:\/\/www.welovecycling.com\/hu\/wp-json\/wp\/v2\/posts\/7855\/revisions"}],"predecessor-version":[{"id":7860,"href":"https:\/\/www.welovecycling.com\/hu\/wp-json\/wp\/v2\/posts\/7855\/revisions\/7860"}],"wp:featuredmedia":[{"embeddable":true,"href":"https:\/\/www.welovecycling.com\/hu\/wp-json\/wp\/v2\/media\/7858"}],"wp:attachment":[{"href":"https:\/\/www.welovecycling.com\/hu\/wp-json\/wp\/v2\/media?parent=7855"}],"wp:term":[{"taxonomy":"category","embeddable":true,"href":"https:\/\/www.welovecycling.com\/hu\/wp-json\/wp\/v2\/categories?post=7855"},{"taxonomy":"post_tag","embeddable":true,"href":"https:\/\/www.welovecycling.com\/hu\/wp-json\/wp\/v2\/tags?post=7855"},{"taxonomy":"global-categories","embeddable":true,"href":"https:\/\/www.welovecycling.com\/hu\/wp-json\/wp\/v2\/global-categories?post=7855"}],"curies":[{"name":"wp","href":"https:\/\/api.w.org\/{rel}","templated":true}]}}