{"id":7844,"date":"2020-06-20T08:00:18","date_gmt":"2020-06-20T07:00:18","guid":{"rendered":"https:\/\/www.welovecycling.com\/hu\/?p=7844"},"modified":"2020-06-11T13:55:31","modified_gmt":"2020-06-11T12:55:31","slug":"4-kutatas-ami-mozgasra-osztonoz","status":"publish","type":"post","link":"https:\/\/www.welovecycling.com\/hu\/edzes-es-eletmod\/4-kutatas-ami-mozgasra-osztonoz\/","title":{"rendered":"4 kutat\u00e1s, ami mozg\u00e1sra \u00f6szt\u00f6n\u00f6z"},"content":{"rendered":"<p><strong>A stressz lehet pozit\u00edv \u00e9s lehet negat\u00edv, val\u00f3sz\u00edn\u0171leg mindk\u00e9t t\u00edpussal tal\u00e1lkozt\u00e1l m\u00e1r \u00e9leted sor\u00e1n. Ut\u00f3bbi ellen viszont tenni kell: ha \u00fagy \u00e9rzed, \u00f6sszecsapnak fejed f\u00f6l\u00f6tt a hull\u00e1mok, mozogj! Egy kiad\u00f3s edz\u00e9s ut\u00e1n m\u00e1ris f\u00e9nyesebben l\u00e1tod majd a dolgokat.<\/strong><!--more--><\/p>\n<p>Az ut\u00f3bbi h\u00f3napokat sokan megs\u00ednylett\u00e9k: sz\u00e1mos kutat\u00e1s \u00e1ll\u00edtja, hogy a szorong\u00e1s \u00e9s a stressz t\u00f6bb helyen \u00fct\u00f6tte fel r\u00fat fej\u00e9t, mint kor\u00e1bban. Egy \u00e1prilisi felm\u00e9r\u00e9s szerint p\u00e9ld\u00e1ul a megk\u00e9rdezett amerikaiak kevesebb, mint fele vallotta mag\u00e1r\u00f3l, hogy boldog. Ez a sz\u00e1m a gazdas\u00e1gi vil\u00e1gv\u00e1ls\u00e1g \u00f3ta nem volt ilyen alacsony. Ezzel egy\u00fctt a stressz-szintj\u00fck is emelkedett, a napi aggodalmak 60%-ukat k\u00f6tik g\u00fazsba.<\/p>\n<p>Nem vagy teh\u00e1t egyed\u00fcl, ha te is \u00fagy \u00e9rzed, t\u00fal sokat stresszelsz. A relax\u00e1l\u00e1s, a l\u00e9gz\u00e9sgyakorlatok \u00e9s a ter\u00e1pi\u00e1s foglalkoz\u00e1sok mellett van m\u00e9g valami, amit tehetsz ez ellen: mozogj!<\/p>\n<p>Kor\u00e1bbi cikk\u00fcnkben \u00edrtunk egy kutat\u00e1sr\u00f3l, mely al\u00e1t\u00e1masztja, hogy <a href=\"https:\/\/www.welovecycling.com\/hu\/edzes-es-eletmod\/bebizonyitva-a-termeszet-maga-a-boldogsag\/\">a term\u00e9szetben elt\u00f6lt\u00f6tt id\u0151 boldogg\u00e1 tesz<\/a>. Ha pedig tekerni indulsz a f\u00e1k k\u00f6z\u00e9, teljes a siker. Mutatjuk, mi\u00e9rt.<\/p>\n<h2><strong>Mint a bunda<\/strong><\/h2>\n<figure id=\"attachment_7845\" aria-describedby=\"caption-attachment-7845\" style=\"width: 980px\" class=\"wp-caption aligncenter\"><img loading=\"lazy\" decoding=\"async\" class=\"size-full wp-image-7845\" src=\"https:\/\/d2p6e6u75xmxt8.cloudfront.net\/12\/2020\/06\/healthy-serene-african-girl-sleeping-in-comfortable-royalty-free-image-1590762131.jpg\" alt=\"\" width=\"980\" height=\"653\" \/><figcaption id=\"caption-attachment-7845\" class=\"wp-caption-text\">fizkes Getty Images<\/figcaption><\/figure>\n<p>A rendszeres mozg\u00e1s \u00e9s a pihentet\u0151 alv\u00e1s k\u00f6z\u00f6tt er\u0151s a kapcsolat. <a href=\"https:\/\/www.sciencedirect.com\/science\/article\/abs\/pii\/S1755296611000317\">A <em>Mental Health and Physical Activity<\/em> foly\u00f3iratban megjelent tanulm\u00e1ny<\/a> szerint az akt\u00edvabb \u00e9letm\u00f3dot folytat\u00f3k k\u00f6nnyebben zuhannak \u00e1lomba, \u00e9s kev\u00e9sb\u00e9 \u00e9rzik magukat kialvatlannak napk\u00f6zben.<\/p>\n<p>A zavartalan, m\u00e9ly alv\u00e1snak k\u00f6sz\u00f6nhet\u0151en cs\u00f6kken a kortizolszint a szervezetedben. Ez a hormon a test v\u00e1lasza a stresszre. Ahogy reduk\u00e1l\u00f3dik a mennyis\u00e9ge, \u00fagy ad teret a melatonin hormonnak, ami a megfelel\u0151 alv\u00e1sciklushoz j\u00e1rul hozz\u00e1. A mozg\u00e1s seg\u00edt, hogy ezek a folyamatok v\u00e9gbemenjenek.<\/p>\n<h2><strong>Eg\u00e9szs\u00e9ges hormonszint<\/strong><\/h2>\n<figure id=\"attachment_7846\" aria-describedby=\"caption-attachment-7846\" style=\"width: 980px\" class=\"wp-caption aligncenter\"><img loading=\"lazy\" decoding=\"async\" class=\"size-full wp-image-7846\" src=\"https:\/\/d2p6e6u75xmxt8.cloudfront.net\/12\/2020\/06\/gettyimages-1154235081.jpg\" alt=\"\" width=\"980\" height=\"641\" \/><figcaption id=\"caption-attachment-7846\" class=\"wp-caption-text\">Jolygon Getty Images<\/figcaption><\/figure>\n<p>A kortizol-melatonin egyens\u00faly nem csak az alv\u00e1sban j\u00e1tszik szerepet. A kr\u00f3nikusan magas kortizolszint \u2013 mely a sok stressz \u00e9s szorong\u00e1s k\u00f6vetkezm\u00e9nye \u2013 sz\u00e1mos probl\u00e9m\u00e1t okozhat.<\/p>\n<p><em>\u201eA t\u00fal sok kortizol sz\u00e9p lassan elpuszt\u00edt: ellehetetlen\u00edti az agy boldogs\u00e1ghormonjait, mint p\u00e9ld\u00e1ul a szerotonint, t\u00f6nkreteszi az alv\u00e1st, \u00e9s seg\u00edti a zs\u00edr t\u00e1rol\u00f3d\u00e1s\u00e1t, f\u0151leg a has t\u00e1j\u00e9k\u00e1n\u201d<\/em> \u2013 magyar\u00e1zta Sara Gottfried, a <a href=\"https:\/\/www.amazon.com\/Hormone-Cure-Energized-Naturally-Gottfried\/dp\/1451666950?ots=1&amp;linkCode=ogi&amp;tag=bicycling-auto-20&amp;ascsubtag=%5bartid|2143.a.32710811%5bsrc|%5bch|%5blt|\"><em>The Hormone Cure<\/em><\/a> szerz\u0151je a bicycling.com magazinnak. <em>\u201eEmellett depresszi\u00f3hoz, \u00e9telf\u00fcgg\u0151s\u00e9ghez, a cukor ut\u00e1ni v\u00e1gyakoz\u00e1shoz \u00e9s az ellen\u00e1ll\u00f3k\u00e9pess\u00e9g\u00fcnk cs\u00f6kken\u00e9s\u00e9hez vezethet.\u201d<\/em><\/p>\n<h2><strong>Jobb b\u00e9lm\u0171k\u00f6d\u00e9s<\/strong><\/h2>\n<figure id=\"attachment_7847\" aria-describedby=\"caption-attachment-7847\" style=\"width: 980px\" class=\"wp-caption aligncenter\"><img loading=\"lazy\" decoding=\"async\" class=\"size-full wp-image-7847\" src=\"https:\/\/d2p6e6u75xmxt8.cloudfront.net\/12\/2020\/06\/everyday-is-core-strengthening-day-royalty-free-image-1590762700.jpg\" alt=\"\" width=\"980\" height=\"640\" \/><figcaption id=\"caption-attachment-7847\" class=\"wp-caption-text\">PeopleImages Getty Images<\/figcaption><\/figure>\n<p>Rengeteg kutat\u00e1s foglalkozik a k\u00f6z\u00e9rzet \u00e9s az em\u00e9szt\u00e9s kapcsolat\u00e1val. A j\u00f3 \u00e9s rossz bacilusok, melyek em\u00e9szt\u0151rendszeredben \u00e9lnek, mind az eg\u00e9szs\u00e9gedt\u0151l f\u00fcggnek \u2013 t\u00f6bbek k\u00f6z\u00f6tt ezt igazolja Jo Ann Hattner <a href=\"http:\/\/www.gutinsight.com\/\"><em>Gut Insight<\/em><\/a> c\u00edm\u0171 tanulm\u00e1nya is.<\/p>\n<p><em>\u201e\u00c9p testben \u00e9p l\u00e9lek. Ez pedig mag\u00e1ba foglalja a stresszkezel\u00e9st is, mivel a b\u00e9lben tal\u00e1lhat\u00f3 mikr\u00f3b\u00e1k seg\u00edtenek a k\u00f6zponti idegrendszer szab\u00e1lyoz\u00e1s\u00e1ban \u00e9s a szerotonin szintj\u00e9nek n\u00f6vel\u00e9s\u00e9ben. Ez a neurotranszmitter felel\u0151s a boldogs\u00e1g\u00e9rt\u201d<\/em> \u2013 magyar\u00e1zza Hattner.<\/p>\n<p>Nem fogsz meglep\u0151dni: a j\u00f3l m\u0171k\u00f6d\u0151 em\u00e9szt\u00e9s alapja a mozg\u00e1s.<\/p>\n<h2><strong>Gyullad\u00e1scs\u00f6kkent\u00e9s<\/strong><\/h2>\n<figure id=\"attachment_7848\" aria-describedby=\"caption-attachment-7848\" style=\"width: 980px\" class=\"wp-caption aligncenter\"><img loading=\"lazy\" decoding=\"async\" class=\"size-full wp-image-7848\" src=\"https:\/\/d2p6e6u75xmxt8.cloudfront.net\/12\/2020\/06\/m-spending-more-time-on-my-warmup-next-time-royalty-free-image-1590762978.jpg\" alt=\"\" width=\"980\" height=\"654\" \/><figcaption id=\"caption-attachment-7848\" class=\"wp-caption-text\">Mikolette Getty Images<\/figcaption><\/figure>\n<p>A szervezet kr\u00f3nikus gyullad\u00e1sai s\u00falyos probl\u00e9m\u00e1khoz vezethetnek, az allergia kialakul\u00e1s\u00e1t\u00f3l eg\u00e9szen a demenci\u00e1ig. A <a href=\"https:\/\/www.ncbi.nlm.nih.gov\/pmc\/articles\/PMC5476783\/\"><em>Frontiers in Human Neuroscience <\/em>tanulm\u00e1nya<\/a> szerint az er\u0151s gyullad\u00e1s a stressz nem megfelel\u0151 kezel\u00e9s\u00e9ben is szerepet j\u00e1tszik \u00e9s vice versa: a stressz gyullad\u00e1sokhoz vezethet.<\/p>\n<p>A rendszeres edz\u00e9s azonban megt\u00f6ri ezt az \u00f6rd\u00f6gi k\u00f6rt, hiszen g\u00e1tolja a gyullad\u00e1sok kialakul\u00e1s\u00e1t, olvashatjuk a <a href=\"https:\/\/www.sciencedirect.com\/science\/article\/abs\/pii\/S0889159116305645\"><em>Brain, Behavior, and Immunity<\/em><\/a> foly\u00f3iratban. M\u00e1r 20 perc s\u00e9ta olyan reakci\u00f3kat ind\u00edt el, melyek cs\u00f6kkentik a gyullad\u00e1st.<\/p>\n<p>Mindemellett a mozg\u00e1s eg\u00e9szs\u00e9gesebb t\u00e1pl\u00e1lkoz\u00e1sra \u00e9s a t\u00e1rsas kapcsolatok \u00e1pol\u00e1s\u00e1ra \u00f6szt\u00f6n\u00f6z.<\/p>\n<p>Ha teh\u00e1t stresszesnek \u00e9s elny\u0171ttnek \u00e9rzed magad, pr\u00f3b\u00e1lj meg v\u00e1ltoztatni edz\u00e9sterveden, iktass be t\u00f6bb \u00e9s rendszeresebb mozg\u00e1st! A bring\u00e1d csak r\u00e1d v\u00e1r a gar\u00e1zsban.<\/p>\n","protected":false},"excerpt":{"rendered":"<p>A stressz lehet pozit\u00edv \u00e9s lehet negat\u00edv, val\u00f3sz\u00edn\u0171leg mindk\u00e9t t\u00edpussal tal\u00e1lkozt\u00e1l m\u00e1r \u00e9leted sor\u00e1n. Ut\u00f3bbi ellen viszont tenni kell: ha [&hellip;]<\/p>\n","protected":false},"author":71,"featured_media":7849,"comment_status":"open","ping_status":"open","sticky":false,"template":"","format":"standard","meta":{"footnotes":""},"categories":[6],"tags":[],"global-categories":[],"class_list":["post-7844","post","type-post","status-publish","format-standard","has-post-thumbnail","hentry","category-edzes-es-eletmod"],"yoast_head":"<!-- This site is optimized with the Yoast SEO Premium plugin v25.3 (Yoast SEO v25.9) - https:\/\/yoast.com\/wordpress\/plugins\/seo\/ -->\n<title>4 kutat\u00e1s, ami mozg\u00e1sra \u00f6szt\u00f6n\u00f6z - \u0160koda We Love Cycling - Magyarorsz\u00e1g<\/title>\n<meta name=\"robots\" content=\"index, follow, max-snippet:-1, max-image-preview:large, max-video-preview:-1\" \/>\n<link rel=\"canonical\" href=\"https:\/\/www.welovecycling.com\/hu\/edzes-es-eletmod\/4-kutatas-ami-mozgasra-osztonoz\/\" \/>\n<meta property=\"og:locale\" content=\"hu_HU\" \/>\n<meta property=\"og:type\" content=\"article\" \/>\n<meta property=\"og:title\" content=\"4 kutat\u00e1s, ami mozg\u00e1sra \u00f6szt\u00f6n\u00f6z\" \/>\n<meta property=\"og:description\" content=\"A stressz lehet pozit\u00edv \u00e9s lehet negat\u00edv, val\u00f3sz\u00edn\u0171leg mindk\u00e9t t\u00edpussal tal\u00e1lkozt\u00e1l m\u00e1r \u00e9leted sor\u00e1n. Ut\u00f3bbi ellen viszont tenni kell: ha [&hellip;]\" \/>\n<meta property=\"og:url\" content=\"https:\/\/www.welovecycling.com\/hu\/edzes-es-eletmod\/4-kutatas-ami-mozgasra-osztonoz\/\" \/>\n<meta property=\"og:site_name\" content=\"\u0160koda We Love Cycling - Magyarorsz\u00e1g\" \/>\n<meta property=\"article:publisher\" content=\"https:\/\/www.facebook.com\/WeLoveCyclingHungary\/\" \/>\n<meta property=\"article:published_time\" content=\"2020-06-20T07:00:18+00:00\" \/>\n<meta property=\"og:image\" content=\"https:\/\/d2p6e6u75xmxt8.cloudfront.net\/12\/2020\/06\/wlc25_01.jpg\" \/>\n\t<meta property=\"og:image:width\" content=\"1201\" \/>\n\t<meta property=\"og:image:height\" content=\"797\" \/>\n\t<meta property=\"og:image:type\" content=\"image\/jpeg\" \/>\n<meta name=\"author\" content=\"hegyizs\" \/>\n<meta name=\"twitter:card\" content=\"summary_large_image\" \/>\n<meta name=\"twitter:label1\" content=\"Written by\" \/>\n\t<meta name=\"twitter:data1\" content=\"WLC\" \/>\n\t<meta name=\"twitter:label2\" content=\"Est. reading time\" \/>\n\t<meta name=\"twitter:data2\" content=\"4 minutes\" \/>\n<script type=\"application\/ld+json\" class=\"yoast-schema-graph\">{\"@context\":\"https:\/\/schema.org\",\"@graph\":[{\"@type\":\"WebPage\",\"@id\":\"https:\/\/www.welovecycling.com\/hu\/edzes-es-eletmod\/4-kutatas-ami-mozgasra-osztonoz\/\",\"url\":\"https:\/\/www.welovecycling.com\/hu\/edzes-es-eletmod\/4-kutatas-ami-mozgasra-osztonoz\/\",\"name\":\"4 kutat\u00e1s, ami mozg\u00e1sra \u00f6szt\u00f6n\u00f6z - \u0160koda We Love Cycling - Magyarorsz\u00e1g\",\"isPartOf\":{\"@id\":\"https:\/\/www.welovecycling.com\/hu\/#website\"},\"primaryImageOfPage\":{\"@id\":\"https:\/\/www.welovecycling.com\/hu\/edzes-es-eletmod\/4-kutatas-ami-mozgasra-osztonoz\/#primaryimage\"},\"image\":{\"@id\":\"https:\/\/www.welovecycling.com\/hu\/edzes-es-eletmod\/4-kutatas-ami-mozgasra-osztonoz\/#primaryimage\"},\"thumbnailUrl\":\"https:\/\/d2p6e6u75xmxt8.cloudfront.net\/12\/2020\/06\/wlc25_01.jpg\",\"datePublished\":\"2020-06-20T07:00:18+00:00\",\"author\":{\"@id\":\"https:\/\/www.welovecycling.com\/hu\/#\/schema\/person\/414a2aebf1801691a5320edb6468e194\"},\"breadcrumb\":{\"@id\":\"https:\/\/www.welovecycling.com\/hu\/edzes-es-eletmod\/4-kutatas-ami-mozgasra-osztonoz\/#breadcrumb\"},\"inLanguage\":\"hu\",\"potentialAction\":[{\"@type\":\"ReadAction\",\"target\":[\"https:\/\/www.welovecycling.com\/hu\/edzes-es-eletmod\/4-kutatas-ami-mozgasra-osztonoz\/\"]}]},{\"@type\":\"ImageObject\",\"inLanguage\":\"hu\",\"@id\":\"https:\/\/www.welovecycling.com\/hu\/edzes-es-eletmod\/4-kutatas-ami-mozgasra-osztonoz\/#primaryimage\",\"url\":\"https:\/\/d2p6e6u75xmxt8.cloudfront.net\/12\/2020\/06\/wlc25_01.jpg\",\"contentUrl\":\"https:\/\/d2p6e6u75xmxt8.cloudfront.net\/12\/2020\/06\/wlc25_01.jpg\",\"width\":1201,\"height\":797},{\"@type\":\"BreadcrumbList\",\"@id\":\"https:\/\/www.welovecycling.com\/hu\/edzes-es-eletmod\/4-kutatas-ami-mozgasra-osztonoz\/#breadcrumb\",\"itemListElement\":[{\"@type\":\"ListItem\",\"position\":1,\"name\":\"Home\",\"item\":\"https:\/\/www.welovecycling.com\/hu\/\"},{\"@type\":\"ListItem\",\"position\":2,\"name\":\"4 kutat\u00e1s, ami mozg\u00e1sra \u00f6szt\u00f6n\u00f6z\"}]},{\"@type\":\"WebSite\",\"@id\":\"https:\/\/www.welovecycling.com\/hu\/#website\",\"url\":\"https:\/\/www.welovecycling.com\/hu\/\",\"name\":\"\u0160koda We Love Cycling - Magyarorsz\u00e1g\",\"description\":\"\u0160koda WeLoveCycling\",\"potentialAction\":[{\"@type\":\"SearchAction\",\"target\":{\"@type\":\"EntryPoint\",\"urlTemplate\":\"https:\/\/www.welovecycling.com\/hu\/?s={search_term_string}\"},\"query-input\":{\"@type\":\"PropertyValueSpecification\",\"valueRequired\":true,\"valueName\":\"search_term_string\"}}],\"inLanguage\":\"hu\"},{\"@type\":\"Person\",\"@id\":\"https:\/\/www.welovecycling.com\/hu\/#\/schema\/person\/414a2aebf1801691a5320edb6468e194\",\"name\":\"hegyizs\",\"image\":{\"@type\":\"ImageObject\",\"inLanguage\":\"hu\",\"@id\":\"https:\/\/www.welovecycling.com\/hu\/#\/schema\/person\/image\/\",\"url\":\"https:\/\/secure.gravatar.com\/avatar\/02cf8a7906b8cf90cecb4679defac7cfd33a1c2e3b88e4903d947f3bb58eedd3?s=96&d=mm&r=g\",\"contentUrl\":\"https:\/\/secure.gravatar.com\/avatar\/02cf8a7906b8cf90cecb4679defac7cfd33a1c2e3b88e4903d947f3bb58eedd3?s=96&d=mm&r=g\",\"caption\":\"hegyizs\"},\"url\":\"https:\/\/www.welovecycling.com\/hu\/author\/hegyizs\/\"}]}<\/script>\n<!-- \/ Yoast SEO Premium plugin. -->","yoast_head_json":{"title":"4 kutat\u00e1s, ami mozg\u00e1sra \u00f6szt\u00f6n\u00f6z - \u0160koda We Love Cycling - Magyarorsz\u00e1g","robots":{"index":"index","follow":"follow","max-snippet":"max-snippet:-1","max-image-preview":"max-image-preview:large","max-video-preview":"max-video-preview:-1"},"canonical":"https:\/\/www.welovecycling.com\/hu\/edzes-es-eletmod\/4-kutatas-ami-mozgasra-osztonoz\/","og_locale":"hu_HU","og_type":"article","og_title":"4 kutat\u00e1s, ami mozg\u00e1sra \u00f6szt\u00f6n\u00f6z","og_description":"A stressz lehet pozit\u00edv \u00e9s lehet negat\u00edv, val\u00f3sz\u00edn\u0171leg mindk\u00e9t t\u00edpussal tal\u00e1lkozt\u00e1l m\u00e1r \u00e9leted sor\u00e1n. Ut\u00f3bbi ellen viszont tenni kell: ha [&hellip;]","og_url":"https:\/\/www.welovecycling.com\/hu\/edzes-es-eletmod\/4-kutatas-ami-mozgasra-osztonoz\/","og_site_name":"\u0160koda We Love Cycling - Magyarorsz\u00e1g","article_publisher":"https:\/\/www.facebook.com\/WeLoveCyclingHungary\/","article_published_time":"2020-06-20T07:00:18+00:00","og_image":[{"width":1201,"height":797,"url":"https:\/\/d2p6e6u75xmxt8.cloudfront.net\/12\/2020\/06\/wlc25_01.jpg","type":"image\/jpeg"}],"author":"hegyizs","twitter_card":"summary_large_image","twitter_misc":{"Written by":"WLC","Est. reading time":"4 minutes"},"schema":{"@context":"https:\/\/schema.org","@graph":[{"@type":"WebPage","@id":"https:\/\/www.welovecycling.com\/hu\/edzes-es-eletmod\/4-kutatas-ami-mozgasra-osztonoz\/","url":"https:\/\/www.welovecycling.com\/hu\/edzes-es-eletmod\/4-kutatas-ami-mozgasra-osztonoz\/","name":"4 kutat\u00e1s, ami mozg\u00e1sra \u00f6szt\u00f6n\u00f6z - \u0160koda We Love Cycling - Magyarorsz\u00e1g","isPartOf":{"@id":"https:\/\/www.welovecycling.com\/hu\/#website"},"primaryImageOfPage":{"@id":"https:\/\/www.welovecycling.com\/hu\/edzes-es-eletmod\/4-kutatas-ami-mozgasra-osztonoz\/#primaryimage"},"image":{"@id":"https:\/\/www.welovecycling.com\/hu\/edzes-es-eletmod\/4-kutatas-ami-mozgasra-osztonoz\/#primaryimage"},"thumbnailUrl":"https:\/\/d2p6e6u75xmxt8.cloudfront.net\/12\/2020\/06\/wlc25_01.jpg","datePublished":"2020-06-20T07:00:18+00:00","author":{"@id":"https:\/\/www.welovecycling.com\/hu\/#\/schema\/person\/414a2aebf1801691a5320edb6468e194"},"breadcrumb":{"@id":"https:\/\/www.welovecycling.com\/hu\/edzes-es-eletmod\/4-kutatas-ami-mozgasra-osztonoz\/#breadcrumb"},"inLanguage":"hu","potentialAction":[{"@type":"ReadAction","target":["https:\/\/www.welovecycling.com\/hu\/edzes-es-eletmod\/4-kutatas-ami-mozgasra-osztonoz\/"]}]},{"@type":"ImageObject","inLanguage":"hu","@id":"https:\/\/www.welovecycling.com\/hu\/edzes-es-eletmod\/4-kutatas-ami-mozgasra-osztonoz\/#primaryimage","url":"https:\/\/d2p6e6u75xmxt8.cloudfront.net\/12\/2020\/06\/wlc25_01.jpg","contentUrl":"https:\/\/d2p6e6u75xmxt8.cloudfront.net\/12\/2020\/06\/wlc25_01.jpg","width":1201,"height":797},{"@type":"BreadcrumbList","@id":"https:\/\/www.welovecycling.com\/hu\/edzes-es-eletmod\/4-kutatas-ami-mozgasra-osztonoz\/#breadcrumb","itemListElement":[{"@type":"ListItem","position":1,"name":"Home","item":"https:\/\/www.welovecycling.com\/hu\/"},{"@type":"ListItem","position":2,"name":"4 kutat\u00e1s, ami mozg\u00e1sra \u00f6szt\u00f6n\u00f6z"}]},{"@type":"WebSite","@id":"https:\/\/www.welovecycling.com\/hu\/#website","url":"https:\/\/www.welovecycling.com\/hu\/","name":"\u0160koda We Love Cycling - Magyarorsz\u00e1g","description":"\u0160koda WeLoveCycling","potentialAction":[{"@type":"SearchAction","target":{"@type":"EntryPoint","urlTemplate":"https:\/\/www.welovecycling.com\/hu\/?s={search_term_string}"},"query-input":{"@type":"PropertyValueSpecification","valueRequired":true,"valueName":"search_term_string"}}],"inLanguage":"hu"},{"@type":"Person","@id":"https:\/\/www.welovecycling.com\/hu\/#\/schema\/person\/414a2aebf1801691a5320edb6468e194","name":"hegyizs","image":{"@type":"ImageObject","inLanguage":"hu","@id":"https:\/\/www.welovecycling.com\/hu\/#\/schema\/person\/image\/","url":"https:\/\/secure.gravatar.com\/avatar\/02cf8a7906b8cf90cecb4679defac7cfd33a1c2e3b88e4903d947f3bb58eedd3?s=96&d=mm&r=g","contentUrl":"https:\/\/secure.gravatar.com\/avatar\/02cf8a7906b8cf90cecb4679defac7cfd33a1c2e3b88e4903d947f3bb58eedd3?s=96&d=mm&r=g","caption":"hegyizs"},"url":"https:\/\/www.welovecycling.com\/hu\/author\/hegyizs\/"}]}},"_links":{"self":[{"href":"https:\/\/www.welovecycling.com\/hu\/wp-json\/wp\/v2\/posts\/7844","targetHints":{"allow":["GET"]}}],"collection":[{"href":"https:\/\/www.welovecycling.com\/hu\/wp-json\/wp\/v2\/posts"}],"about":[{"href":"https:\/\/www.welovecycling.com\/hu\/wp-json\/wp\/v2\/types\/post"}],"author":[{"embeddable":true,"href":"https:\/\/www.welovecycling.com\/hu\/wp-json\/wp\/v2\/users\/71"}],"replies":[{"embeddable":true,"href":"https:\/\/www.welovecycling.com\/hu\/wp-json\/wp\/v2\/comments?post=7844"}],"version-history":[{"count":2,"href":"https:\/\/www.welovecycling.com\/hu\/wp-json\/wp\/v2\/posts\/7844\/revisions"}],"predecessor-version":[{"id":7851,"href":"https:\/\/www.welovecycling.com\/hu\/wp-json\/wp\/v2\/posts\/7844\/revisions\/7851"}],"wp:featuredmedia":[{"embeddable":true,"href":"https:\/\/www.welovecycling.com\/hu\/wp-json\/wp\/v2\/media\/7849"}],"wp:attachment":[{"href":"https:\/\/www.welovecycling.com\/hu\/wp-json\/wp\/v2\/media?parent=7844"}],"wp:term":[{"taxonomy":"category","embeddable":true,"href":"https:\/\/www.welovecycling.com\/hu\/wp-json\/wp\/v2\/categories?post=7844"},{"taxonomy":"post_tag","embeddable":true,"href":"https:\/\/www.welovecycling.com\/hu\/wp-json\/wp\/v2\/tags?post=7844"},{"taxonomy":"global-categories","embeddable":true,"href":"https:\/\/www.welovecycling.com\/hu\/wp-json\/wp\/v2\/global-categories?post=7844"}],"curies":[{"name":"wp","href":"https:\/\/api.w.org\/{rel}","templated":true}]}}