{"id":7831,"date":"2020-06-14T08:00:52","date_gmt":"2020-06-14T07:00:52","guid":{"rendered":"https:\/\/www.welovecycling.com\/hu\/?p=7831"},"modified":"2020-06-05T16:41:00","modified_gmt":"2020-06-05T15:41:00","slug":"elvesztette-egyik-labat-de-nyeregben-maradt","status":"publish","type":"post","link":"https:\/\/www.welovecycling.com\/hu\/kozosseg-es-kultura\/elvesztette-egyik-labat-de-nyeregben-maradt\/","title":{"rendered":"Elvesztette egyik l\u00e1b\u00e1t, de nyeregben maradt"},"content":{"rendered":"<p><strong>Leo Rodgers rep\u00fcl. Ugrat \u00e9s cs\u00faszik a k\u00fclv\u00e1ros graffitikkel bor\u00edtott utc\u00e1in. Mi, ker\u00e9kp\u00e1rosok, tudjuk milyen \u00e9rz\u00e9s egy olyan emberrel bring\u00e1zni, mint Leo. Megb\u00edzhatsz benne, mindig a j\u00f3 utat v\u00e1lasztja, nem lazs\u00e1l, \u00e9s val\u00f3sz\u00edn\u0171leg k\u00f6nnyed\u00e9n maga m\u00f6g\u00f6tt tudna hagyni, de nem teszi. \u00dagy \u00fcl a nyeregben, mintha oda sz\u00fcletett volna.<\/strong><!--more--><\/p>\n<p>Szinte meg sem kell eml\u00edteni, hogy Leo Rodgers egy hossz\u00fa haj\u00fa, magas, f\u00e9ll\u00e1b\u00fa f\u00e9rfi. A bicycling.com munkat\u00e1rsa besz\u00e9lgetett vele, az \u0151 besz\u00e1mol\u00f3j\u00e1t olvashatod cikk\u00fcnkben.<\/p>\n<p>A ker\u00e9kp\u00e1r rengeteg csod\u00e1s helyre vitte m\u00e1r el Leo-t. Azonban sokszor k\u00fcldte f\u00f6ldre is. Miel\u0151tt elindultunk k\u00f6z\u00f6s teker\u00e9s\u00fcnkre, Leo \u00e9s \u00e9n besz\u00e9lgett\u00fcnk az es\u00e9sekr\u0151l: <em>\u201eA felbuk\u00e1s a bicikliz\u00e9s r\u00e9sze\u201d<\/em> \u2013 mondta. <em>\u201e\u00dagy \u00e9rzem, ha egyszer elesek, azzal letudtam a napi kv\u00f3t\u00e1t, t\u00f6bbet nem fogok.\u201d <\/em>Leo \u00f6sszes bar\u00e1tj\u00e1nak van egy-egy sztorija az es\u00e9seir\u0151l.<\/p>\n<p>\u00c9lete legnagyobb baleset\u00e9re is eml\u00e9kszik, \u00e9s ezt nem is b\u00e1nja. Egy\u00e9rtelm\u0171, hogy mindig is kereste az izgalmas kih\u00edv\u00e1sokat, szeretett sz\u00e1guldozni. Gyerekk\u00e9nt a k\u00f6rny\u00e9ken els\u0151k\u00e9nt kezdett BMX-szel ugr\u00e1lni. Els\u0151 komoly bring\u00e1j\u00e1ra 450 doll\u00e1rt k\u00f6lt\u00f6tt. M\u00e1r ezzel is esett, de csak kisebbeket \u2013 \u00e9s legal\u00e1bb megtanulta, hogy sisakot kell hordania.<\/p>\n<p><img loading=\"lazy\" decoding=\"async\" class=\"aligncenter size-full wp-image-7833\" src=\"https:\/\/d2p6e6u75xmxt8.cloudfront.net\/12\/2020\/06\/bke060120stoleorodgers-002-1590508794.jpg\" alt=\"\" width=\"980\" height=\"703\" \/><\/p>\n<p>Azonban 2007 december\u00e9ben m\u00e1r nem volt ilyen szerencs\u00e9s. Apja m\u00e9g ut\u00e1nasz\u00f3lt: <em>\u201eVigy\u00e1zz magadra!\u201d<\/em>, amikor \u00fatnak indult, hogy csatlakozzon bar\u00e1taihoz. Leo fiatal volt \u00e9s \u0151r\u00fclt: t\u00f6bb mint 160 kilom\u00e9ter\/\u00f3r\u00e1val sz\u00e1guldott a Fowler Avenue-n. Nem ez volt az els\u0151 alkalom, hogy ilyen sebess\u00e9ggel tekert. Tudta, hogy a bringa korm\u00e1nya kiss\u00e9 kilazult, gondolta, majd m\u00e1snap megigaz\u00edtja. Azonban volt nagyobb baj is: a bicikli meg\u00e1ll\u00edthatatlanul remegett Leo alatt. Ir\u00e1ny\u00edthatatlann\u00e1 v\u00e1lt, Rodgers pedig a k\u00f3rh\u00e1zban \u00e9bredt.<\/p>\n<p>A k\u00e9t jelenet k\u00f6z\u00f6tt legal\u00e1bb egyszer \u00fajra kellett \u00e9leszteni, mert le\u00e1llt a sz\u00edve. Szerencs\u00e9re arra nem eml\u00e9kszik, hogy a biciklivel val\u00f3 zuhan\u00e1skor az \u00fatmenti korl\u00e1t felhas\u00edtotta bal combj\u00e1t. A kan\u00e1lisban lebegett \u00e9s er\u0151sen v\u00e9rzett, ameddig egy szemtan\u00fa minden b\u00e1tors\u00e1g\u00e1t \u00f6sszeszedve be\u00faszott \u00e9rte az alig\u00e1torok \u00e1ltal is kedvelt foly\u00f3ba.<\/p>\n<p>Leo l\u00e1b\u00e1t nem lehetett megmenteni. Amikor amput\u00e1lt\u00e1k, \u00e9desapja azt gondolta, fia \u00e9lete h\u00e1tral\u00e9v\u0151 r\u00e9sz\u00e9t kerekessz\u00e9kben fogja t\u00f6lteni. De nem \u00edgy lett.<\/p>\n<p><img loading=\"lazy\" decoding=\"async\" class=\"aligncenter size-full wp-image-7834\" src=\"https:\/\/d2p6e6u75xmxt8.cloudfront.net\/12\/2020\/06\/bke060120stoleorodgers-003-1590509005.jpg\" alt=\"\" width=\"980\" height=\"678\" \/><\/p>\n<p>Ker\u00e9kp\u00e1rral megy dolgozni a biciklis boltba, ahol seg\u00edt a v\u00e1s\u00e1rl\u00f3knak \u00faj bring\u00e1t v\u00e1lasztani \u00e9s megszereli a r\u00e9gieket. 25 m\u00e9rf\u00f6ld nem kev\u00e9s, de minden nap megteszi a t\u00e1vot. Sokszor el\u0151fordul, hogy a mellette elhajt\u00f3 aut\u00f3b\u00f3l fot\u00f3zz\u00e1k vagy vide\u00f3t k\u00e9sz\u00edtenek r\u00f3la.<\/p>\n<p>De persze nem csak ing\u00e1zik: gyakorlatilag mindegyik ker\u00e9kp\u00e1ros esem\u00e9nyen r\u00e9szt vesz. Szeret fixisekkel csapatni az \u00e9jszak\u00e1ban, kem\u00e9ny edz\u00e9seket tolni a spandex-esekkel \u00e9s gravelre is b\u00e1rmikor felpattan. R\u00e9szt vesz <a href=\"https:\/\/www.welovecycling.com\/hu\/adrenalin\/a-futarversenyt-ismered\/\">alley cat<\/a> versenyeken \u00e9s terepen is meg\u00e1llja a hely\u00e9t.<\/p>\n<p>Bar\u00e1tai tudj\u00e1k, ha Leo \u00e1ll a csapat \u00e9l\u00e9n egy csoportos teker\u00e9s alkalm\u00e1val, az izgalmas \u00e9s f\u00e1raszt\u00f3 menet lesz. <em>\u201eAz a c\u00e9lom, hogy motiv\u00e1ljak m\u00e1sokat. Dolgozom rajta, hogy ezt el\u00e9rjem.\u201d<\/em><\/p>\n<p>A bicikliz\u00e9snek \u00e9s a megt\u00f6rhetetlen lelk\u00e9nek k\u00f6sz\u00f6nhet\u0151en Leo hatalmas utat tett meg a k\u00f3rh\u00e1zi \u00e1gyt\u00f3l. \u00c9s szeretn\u00e9, ha bring\u00e1ja m\u00e9g tov\u00e1bb \u00e9s tov\u00e1bb vinn\u00e9. Vil\u00e1gosan tudja, hogy merre tart.<\/p>\n<p><img loading=\"lazy\" decoding=\"async\" class=\"aligncenter size-full wp-image-7835\" src=\"https:\/\/d2p6e6u75xmxt8.cloudfront.net\/12\/2020\/06\/bke060120stoleorodgers-005-1590509193.jpg\" alt=\"\" width=\"980\" height=\"654\" \/><\/p>\n<p><em>Forr\u00e1s: <\/em><a href=\"https:\/\/www.bicycling.com\/culture\/a32346213\/leo-rodgers-amputee-cyclist\/\"><em>bicycling.com<\/em><\/a><\/p>\n","protected":false},"excerpt":{"rendered":"<p>Leo Rodgers rep\u00fcl. Ugrat \u00e9s cs\u00faszik a k\u00fclv\u00e1ros graffitikkel bor\u00edtott utc\u00e1in. Mi, ker\u00e9kp\u00e1rosok, tudjuk milyen \u00e9rz\u00e9s egy olyan emberrel bring\u00e1zni, [&hellip;]<\/p>\n","protected":false},"author":71,"featured_media":7832,"comment_status":"open","ping_status":"open","sticky":false,"template":"","format":"standard","meta":{"footnotes":""},"categories":[12],"tags":[],"global-categories":[],"class_list":["post-7831","post","type-post","status-publish","format-standard","has-post-thumbnail","hentry","category-kozosseg-es-kultura"],"yoast_head":"<!-- This site is optimized with the Yoast SEO Premium plugin v25.3 (Yoast SEO v25.9) - https:\/\/yoast.com\/wordpress\/plugins\/seo\/ -->\n<title>Elvesztette egyik l\u00e1b\u00e1t, de nyeregben maradt - \u0160koda We Love Cycling - Magyarorsz\u00e1g<\/title>\n<meta name=\"robots\" content=\"index, follow, max-snippet:-1, max-image-preview:large, max-video-preview:-1\" \/>\n<link rel=\"canonical\" href=\"https:\/\/www.welovecycling.com\/hu\/kozosseg-es-kultura\/elvesztette-egyik-labat-de-nyeregben-maradt\/\" \/>\n<meta property=\"og:locale\" content=\"hu_HU\" \/>\n<meta property=\"og:type\" content=\"article\" \/>\n<meta property=\"og:title\" content=\"Elvesztette egyik l\u00e1b\u00e1t, de nyeregben maradt\" \/>\n<meta property=\"og:description\" content=\"Leo Rodgers rep\u00fcl. Ugrat \u00e9s cs\u00faszik a k\u00fclv\u00e1ros graffitikkel bor\u00edtott utc\u00e1in. Mi, ker\u00e9kp\u00e1rosok, tudjuk milyen \u00e9rz\u00e9s egy olyan emberrel bring\u00e1zni, [&hellip;]\" \/>\n<meta property=\"og:url\" content=\"https:\/\/www.welovecycling.com\/hu\/kozosseg-es-kultura\/elvesztette-egyik-labat-de-nyeregben-maradt\/\" \/>\n<meta property=\"og:site_name\" content=\"\u0160koda We Love Cycling - Magyarorsz\u00e1g\" \/>\n<meta property=\"article:publisher\" content=\"https:\/\/www.facebook.com\/WeLoveCyclingHungary\/\" \/>\n<meta property=\"article:published_time\" content=\"2020-06-14T07:00:52+00:00\" \/>\n<meta property=\"og:image\" content=\"https:\/\/d2p6e6u75xmxt8.cloudfront.net\/12\/2020\/06\/bke060120stoleorodgers-004-1590508634.jpg\" \/>\n\t<meta property=\"og:image:width\" content=\"980\" \/>\n\t<meta property=\"og:image:height\" content=\"654\" \/>\n\t<meta property=\"og:image:type\" content=\"image\/jpeg\" \/>\n<meta name=\"author\" content=\"hegyizs\" \/>\n<meta name=\"twitter:card\" content=\"summary_large_image\" \/>\n<meta name=\"twitter:label1\" content=\"Written by\" \/>\n\t<meta name=\"twitter:data1\" content=\"WLC\" \/>\n\t<meta name=\"twitter:label2\" content=\"Est. reading time\" \/>\n\t<meta name=\"twitter:data2\" content=\"3 minutes\" \/>\n<script type=\"application\/ld+json\" class=\"yoast-schema-graph\">{\"@context\":\"https:\/\/schema.org\",\"@graph\":[{\"@type\":\"WebPage\",\"@id\":\"https:\/\/www.welovecycling.com\/hu\/kozosseg-es-kultura\/elvesztette-egyik-labat-de-nyeregben-maradt\/\",\"url\":\"https:\/\/www.welovecycling.com\/hu\/kozosseg-es-kultura\/elvesztette-egyik-labat-de-nyeregben-maradt\/\",\"name\":\"Elvesztette egyik l\u00e1b\u00e1t, de nyeregben maradt - \u0160koda We Love Cycling - Magyarorsz\u00e1g\",\"isPartOf\":{\"@id\":\"https:\/\/www.welovecycling.com\/hu\/#website\"},\"primaryImageOfPage\":{\"@id\":\"https:\/\/www.welovecycling.com\/hu\/kozosseg-es-kultura\/elvesztette-egyik-labat-de-nyeregben-maradt\/#primaryimage\"},\"image\":{\"@id\":\"https:\/\/www.welovecycling.com\/hu\/kozosseg-es-kultura\/elvesztette-egyik-labat-de-nyeregben-maradt\/#primaryimage\"},\"thumbnailUrl\":\"https:\/\/d2p6e6u75xmxt8.cloudfront.net\/12\/2020\/06\/bke060120stoleorodgers-004-1590508634.jpg\",\"datePublished\":\"2020-06-14T07:00:52+00:00\",\"author\":{\"@id\":\"https:\/\/www.welovecycling.com\/hu\/#\/schema\/person\/414a2aebf1801691a5320edb6468e194\"},\"breadcrumb\":{\"@id\":\"https:\/\/www.welovecycling.com\/hu\/kozosseg-es-kultura\/elvesztette-egyik-labat-de-nyeregben-maradt\/#breadcrumb\"},\"inLanguage\":\"hu\",\"potentialAction\":[{\"@type\":\"ReadAction\",\"target\":[\"https:\/\/www.welovecycling.com\/hu\/kozosseg-es-kultura\/elvesztette-egyik-labat-de-nyeregben-maradt\/\"]}]},{\"@type\":\"ImageObject\",\"inLanguage\":\"hu\",\"@id\":\"https:\/\/www.welovecycling.com\/hu\/kozosseg-es-kultura\/elvesztette-egyik-labat-de-nyeregben-maradt\/#primaryimage\",\"url\":\"https:\/\/d2p6e6u75xmxt8.cloudfront.net\/12\/2020\/06\/bke060120stoleorodgers-004-1590508634.jpg\",\"contentUrl\":\"https:\/\/d2p6e6u75xmxt8.cloudfront.net\/12\/2020\/06\/bke060120stoleorodgers-004-1590508634.jpg\",\"width\":980,\"height\":654},{\"@type\":\"BreadcrumbList\",\"@id\":\"https:\/\/www.welovecycling.com\/hu\/kozosseg-es-kultura\/elvesztette-egyik-labat-de-nyeregben-maradt\/#breadcrumb\",\"itemListElement\":[{\"@type\":\"ListItem\",\"position\":1,\"name\":\"Home\",\"item\":\"https:\/\/www.welovecycling.com\/hu\/\"},{\"@type\":\"ListItem\",\"position\":2,\"name\":\"Elvesztette egyik l\u00e1b\u00e1t, de nyeregben maradt\"}]},{\"@type\":\"WebSite\",\"@id\":\"https:\/\/www.welovecycling.com\/hu\/#website\",\"url\":\"https:\/\/www.welovecycling.com\/hu\/\",\"name\":\"\u0160koda We Love Cycling - Magyarorsz\u00e1g\",\"description\":\"\u0160koda WeLoveCycling\",\"potentialAction\":[{\"@type\":\"SearchAction\",\"target\":{\"@type\":\"EntryPoint\",\"urlTemplate\":\"https:\/\/www.welovecycling.com\/hu\/?s={search_term_string}\"},\"query-input\":{\"@type\":\"PropertyValueSpecification\",\"valueRequired\":true,\"valueName\":\"search_term_string\"}}],\"inLanguage\":\"hu\"},{\"@type\":\"Person\",\"@id\":\"https:\/\/www.welovecycling.com\/hu\/#\/schema\/person\/414a2aebf1801691a5320edb6468e194\",\"name\":\"hegyizs\",\"image\":{\"@type\":\"ImageObject\",\"inLanguage\":\"hu\",\"@id\":\"https:\/\/www.welovecycling.com\/hu\/#\/schema\/person\/image\/\",\"url\":\"https:\/\/secure.gravatar.com\/avatar\/02cf8a7906b8cf90cecb4679defac7cfd33a1c2e3b88e4903d947f3bb58eedd3?s=96&d=mm&r=g\",\"contentUrl\":\"https:\/\/secure.gravatar.com\/avatar\/02cf8a7906b8cf90cecb4679defac7cfd33a1c2e3b88e4903d947f3bb58eedd3?s=96&d=mm&r=g\",\"caption\":\"hegyizs\"},\"url\":\"https:\/\/www.welovecycling.com\/hu\/author\/hegyizs\/\"}]}<\/script>\n<!-- \/ Yoast SEO Premium plugin. -->","yoast_head_json":{"title":"Elvesztette egyik l\u00e1b\u00e1t, de nyeregben maradt - \u0160koda We Love Cycling - Magyarorsz\u00e1g","robots":{"index":"index","follow":"follow","max-snippet":"max-snippet:-1","max-image-preview":"max-image-preview:large","max-video-preview":"max-video-preview:-1"},"canonical":"https:\/\/www.welovecycling.com\/hu\/kozosseg-es-kultura\/elvesztette-egyik-labat-de-nyeregben-maradt\/","og_locale":"hu_HU","og_type":"article","og_title":"Elvesztette egyik l\u00e1b\u00e1t, de nyeregben maradt","og_description":"Leo Rodgers rep\u00fcl. Ugrat \u00e9s cs\u00faszik a k\u00fclv\u00e1ros graffitikkel bor\u00edtott utc\u00e1in. Mi, ker\u00e9kp\u00e1rosok, tudjuk milyen \u00e9rz\u00e9s egy olyan emberrel bring\u00e1zni, [&hellip;]","og_url":"https:\/\/www.welovecycling.com\/hu\/kozosseg-es-kultura\/elvesztette-egyik-labat-de-nyeregben-maradt\/","og_site_name":"\u0160koda We Love Cycling - Magyarorsz\u00e1g","article_publisher":"https:\/\/www.facebook.com\/WeLoveCyclingHungary\/","article_published_time":"2020-06-14T07:00:52+00:00","og_image":[{"width":980,"height":654,"url":"https:\/\/d2p6e6u75xmxt8.cloudfront.net\/12\/2020\/06\/bke060120stoleorodgers-004-1590508634.jpg","type":"image\/jpeg"}],"author":"hegyizs","twitter_card":"summary_large_image","twitter_misc":{"Written by":"WLC","Est. reading time":"3 minutes"},"schema":{"@context":"https:\/\/schema.org","@graph":[{"@type":"WebPage","@id":"https:\/\/www.welovecycling.com\/hu\/kozosseg-es-kultura\/elvesztette-egyik-labat-de-nyeregben-maradt\/","url":"https:\/\/www.welovecycling.com\/hu\/kozosseg-es-kultura\/elvesztette-egyik-labat-de-nyeregben-maradt\/","name":"Elvesztette egyik l\u00e1b\u00e1t, de nyeregben maradt - \u0160koda We Love Cycling - Magyarorsz\u00e1g","isPartOf":{"@id":"https:\/\/www.welovecycling.com\/hu\/#website"},"primaryImageOfPage":{"@id":"https:\/\/www.welovecycling.com\/hu\/kozosseg-es-kultura\/elvesztette-egyik-labat-de-nyeregben-maradt\/#primaryimage"},"image":{"@id":"https:\/\/www.welovecycling.com\/hu\/kozosseg-es-kultura\/elvesztette-egyik-labat-de-nyeregben-maradt\/#primaryimage"},"thumbnailUrl":"https:\/\/d2p6e6u75xmxt8.cloudfront.net\/12\/2020\/06\/bke060120stoleorodgers-004-1590508634.jpg","datePublished":"2020-06-14T07:00:52+00:00","author":{"@id":"https:\/\/www.welovecycling.com\/hu\/#\/schema\/person\/414a2aebf1801691a5320edb6468e194"},"breadcrumb":{"@id":"https:\/\/www.welovecycling.com\/hu\/kozosseg-es-kultura\/elvesztette-egyik-labat-de-nyeregben-maradt\/#breadcrumb"},"inLanguage":"hu","potentialAction":[{"@type":"ReadAction","target":["https:\/\/www.welovecycling.com\/hu\/kozosseg-es-kultura\/elvesztette-egyik-labat-de-nyeregben-maradt\/"]}]},{"@type":"ImageObject","inLanguage":"hu","@id":"https:\/\/www.welovecycling.com\/hu\/kozosseg-es-kultura\/elvesztette-egyik-labat-de-nyeregben-maradt\/#primaryimage","url":"https:\/\/d2p6e6u75xmxt8.cloudfront.net\/12\/2020\/06\/bke060120stoleorodgers-004-1590508634.jpg","contentUrl":"https:\/\/d2p6e6u75xmxt8.cloudfront.net\/12\/2020\/06\/bke060120stoleorodgers-004-1590508634.jpg","width":980,"height":654},{"@type":"BreadcrumbList","@id":"https:\/\/www.welovecycling.com\/hu\/kozosseg-es-kultura\/elvesztette-egyik-labat-de-nyeregben-maradt\/#breadcrumb","itemListElement":[{"@type":"ListItem","position":1,"name":"Home","item":"https:\/\/www.welovecycling.com\/hu\/"},{"@type":"ListItem","position":2,"name":"Elvesztette egyik l\u00e1b\u00e1t, de nyeregben maradt"}]},{"@type":"WebSite","@id":"https:\/\/www.welovecycling.com\/hu\/#website","url":"https:\/\/www.welovecycling.com\/hu\/","name":"\u0160koda We Love Cycling - Magyarorsz\u00e1g","description":"\u0160koda WeLoveCycling","potentialAction":[{"@type":"SearchAction","target":{"@type":"EntryPoint","urlTemplate":"https:\/\/www.welovecycling.com\/hu\/?s={search_term_string}"},"query-input":{"@type":"PropertyValueSpecification","valueRequired":true,"valueName":"search_term_string"}}],"inLanguage":"hu"},{"@type":"Person","@id":"https:\/\/www.welovecycling.com\/hu\/#\/schema\/person\/414a2aebf1801691a5320edb6468e194","name":"hegyizs","image":{"@type":"ImageObject","inLanguage":"hu","@id":"https:\/\/www.welovecycling.com\/hu\/#\/schema\/person\/image\/","url":"https:\/\/secure.gravatar.com\/avatar\/02cf8a7906b8cf90cecb4679defac7cfd33a1c2e3b88e4903d947f3bb58eedd3?s=96&d=mm&r=g","contentUrl":"https:\/\/secure.gravatar.com\/avatar\/02cf8a7906b8cf90cecb4679defac7cfd33a1c2e3b88e4903d947f3bb58eedd3?s=96&d=mm&r=g","caption":"hegyizs"},"url":"https:\/\/www.welovecycling.com\/hu\/author\/hegyizs\/"}]}},"_links":{"self":[{"href":"https:\/\/www.welovecycling.com\/hu\/wp-json\/wp\/v2\/posts\/7831","targetHints":{"allow":["GET"]}}],"collection":[{"href":"https:\/\/www.welovecycling.com\/hu\/wp-json\/wp\/v2\/posts"}],"about":[{"href":"https:\/\/www.welovecycling.com\/hu\/wp-json\/wp\/v2\/types\/post"}],"author":[{"embeddable":true,"href":"https:\/\/www.welovecycling.com\/hu\/wp-json\/wp\/v2\/users\/71"}],"replies":[{"embeddable":true,"href":"https:\/\/www.welovecycling.com\/hu\/wp-json\/wp\/v2\/comments?post=7831"}],"version-history":[{"count":1,"href":"https:\/\/www.welovecycling.com\/hu\/wp-json\/wp\/v2\/posts\/7831\/revisions"}],"predecessor-version":[{"id":7836,"href":"https:\/\/www.welovecycling.com\/hu\/wp-json\/wp\/v2\/posts\/7831\/revisions\/7836"}],"wp:featuredmedia":[{"embeddable":true,"href":"https:\/\/www.welovecycling.com\/hu\/wp-json\/wp\/v2\/media\/7832"}],"wp:attachment":[{"href":"https:\/\/www.welovecycling.com\/hu\/wp-json\/wp\/v2\/media?parent=7831"}],"wp:term":[{"taxonomy":"category","embeddable":true,"href":"https:\/\/www.welovecycling.com\/hu\/wp-json\/wp\/v2\/categories?post=7831"},{"taxonomy":"post_tag","embeddable":true,"href":"https:\/\/www.welovecycling.com\/hu\/wp-json\/wp\/v2\/tags?post=7831"},{"taxonomy":"global-categories","embeddable":true,"href":"https:\/\/www.welovecycling.com\/hu\/wp-json\/wp\/v2\/global-categories?post=7831"}],"curies":[{"name":"wp","href":"https:\/\/api.w.org\/{rel}","templated":true}]}}