{"id":782,"date":"2018-05-10T07:37:48","date_gmt":"2018-05-10T07:37:48","guid":{"rendered":"https:\/\/www.welovecycling.com\/hu\/?p=782"},"modified":"2018-05-10T07:45:44","modified_gmt":"2018-05-10T07:45:44","slug":"a-hegyikerekpar-evolucioja","status":"publish","type":"post","link":"https:\/\/www.welovecycling.com\/hu\/trekking-mtb\/a-hegyikerekpar-evolucioja\/","title":{"rendered":"A hegyiker\u00e9kp\u00e1r evol\u00faci\u00f3ja: Kaptat\u00e1s \u00e9s f\u00e9kez\u00e9s"},"content":{"rendered":"<p><strong>Ma m\u00e1r k\u00f6nnyebb feltekerni a hegyre, \u00e9s a f\u00e9kek is hat\u00e9konyabbak, mint r\u00e9gen. A hegyiker\u00e9kp\u00e1r evol\u00faci\u00f3ja fantasztikus eredm\u00e9nyeket hozott!<\/strong><\/p>\n<p><!--more--><\/p>\n<h2>Energia\u00e1tvitel<\/h2>\n<p><strong>Kor\u00e1bban:<\/strong>\u00a0H\u00e1rom els\u0151 fogasker\u00e9k \u00e9s hat h\u00e1ts\u00f3 \u00f6sszekapcsol\u00e1sa h\u00fasz \u00e9ve m\u00e9g forradalminak t\u0171nt. Ezzel a 18 sebess\u00e9gfokozattal gyakorlatilag b\u00e1rmilyen hegyre fel tudt\u00e1l bring\u00e1zni. A sebess\u00e9gv\u00e1lt\u00e1s azonban nem volt probl\u00e9mamentes. \u00c1lland\u00f3 volt a csikorg\u00e1s \u00e9s a s\u00farl\u00f3d\u00e1s, a fokozatokat pedig gondosan kellett be\u00e1ll\u00edtani. Az ide\u00e1lis ker\u00e9km\u00e9ret 26\u2033 volt, ami megk\u00f6nny\u00edtette az ir\u00e1ny\u00edthat\u00f3s\u00e1got durva terepen is.<\/p>\n<p>Hogy a ped\u00e1lokra hat\u00e9konyabban lehessen \u00e1tvinni az er\u0151t, a versenyker\u00e9kp\u00e1rokr\u00f3l m\u00e1r ismert klipsz felker\u00fclt a ped\u00e1lra, de mihelyt ez \u00e9rintkezett a talajjal (ami mountain bike-n\u00e1l s\u0171r\u0171n el\u0151fordul), probl\u00e9m\u00e1t okozott.<\/p>\n<p><a href=\"https:\/\/d2p6e6u75xmxt8.cloudfront.net\/12\/2018\/05\/hegyikerekpar-evolucioja-01.jpg\"><img loading=\"lazy\" decoding=\"async\" class=\"alignnone wp-image-783\" src=\"https:\/\/d2p6e6u75xmxt8.cloudfront.net\/12\/2018\/05\/hegyikerekpar-evolucioja-01.jpg\" alt=\"hegyikerekpar-regen-es-most\" width=\"507\" height=\"496\" srcset=\"https:\/\/d2p6e6u75xmxt8.cloudfront.net\/12\/2018\/05\/hegyikerekpar-evolucioja-01.jpg 930w, https:\/\/d2p6e6u75xmxt8.cloudfront.net\/12\/2018\/05\/hegyikerekpar-evolucioja-01-300x294.jpg 300w, https:\/\/d2p6e6u75xmxt8.cloudfront.net\/12\/2018\/05\/hegyikerekpar-evolucioja-01-768x751.jpg 768w\" sizes=\"auto, (max-width: 507px) 100vw, 507px\" \/><\/a><\/p>\n<p><strong>Ma:<\/strong>\u00a0B\u00e1r sz\u00e1mos meghajt\u00e1si mechanizmussal \u00e9s m\u00e9g z\u00e1rt sebv\u00e1lt\u00f3val is k\u00eds\u00e9rleteztek, a v\u00e9g\u00e9n a j\u00f3 \u00f6reg l\u00e1ncos hajt\u00e1s bizonyult a legjobb megold\u00e1snak. A sebess\u00e9gv\u00e1lt\u00e1s ma m\u00e1r finom \u00e9s szempillant\u00e1snyi m\u0171velet. A klipsz n\u00e9lk\u00fcli ped\u00e1lok megjelen\u00e9se \u00fajabb el\u0151rel\u00e9p\u00e9s volt. Ezek r\u00e9v\u00e9n nincs energiavesztes\u00e9g, \u00e9s ha a bring\u00e1s elesik, egy egyszer\u0171 mozdulattal lecsatolhat.<\/p>\n<p>Az ut\u00f3bbi \u00e9vekben egyre t\u00f6bben haszn\u00e1lnak nagyobb \u00e1tm\u00e9r\u0151j\u0171 kereket, amelyek nagyobb nyomat\u00e9kot biztos\u00edtanak \u00e9s jobbak egyenetlen talajon. Azt, hogy a 29\u2033-os ker\u00e9k nem valami m\u00fal\u00f3 szesz\u00e9ly, j\u00f3l mutatja, hogy rendre az \u00e9lvonalban v\u00e9geznek a vil\u00e1gbajnoks\u00e1gokon.<\/p>\n<h2>F\u00e9kek<\/h2>\n<p><strong>Kor\u00e1bban:<\/strong>\u00a0F\u00e9kpof\u00e1kat m\u00e1r a kezdetekt\u0151l haszn\u00e1lnak a bring\u00e1kon. A f\u00e9m felni \u00e9s a gumi f\u00e9kbet\u00e9t k\u00f6z\u00f6tti s\u00farl\u00f3d\u00e1s elv\u00e9n m\u0171k\u00f6dtek, amely akkor l\u00e9pett fel, ha a f\u00e9kbet\u00e9teket a f\u00e9kpof\u00e1k a felnihez nyomt\u00e1k. Sz\u00e1raz id\u0151j\u00e1r\u00e1s eset\u00e9n j\u00f3l m\u0171k\u00f6dtek, de a monti sz\u00e1m\u00e1ra nem szokatlan kem\u00e9ny terepen m\u00e1r bajban volt\u00e1l. A f\u00e9keket folyamatosan \u00e1ll\u00edtgatni kellett, a hat\u00e1sfokuk sz\u00e1nalmas volt, \u00e9s ha biztos akart\u00e1l lenni az eredm\u00e9nyben, a kem\u00e9ny markol\u00e1st\u00f3l hullamerevs\u00e9g \u00e1llt be az ujjaidban.<\/p>\n<p><a href=\"https:\/\/d2p6e6u75xmxt8.cloudfront.net\/12\/2018\/05\/hegyikerekpar-evolucioja-02.jpg\"><img loading=\"lazy\" decoding=\"async\" class=\"alignnone wp-image-784\" src=\"https:\/\/d2p6e6u75xmxt8.cloudfront.net\/12\/2018\/05\/hegyikerekpar-evolucioja-02.jpg\" alt=\"hegyikerekparok-regen-es-most\" width=\"507\" height=\"496\" srcset=\"https:\/\/d2p6e6u75xmxt8.cloudfront.net\/12\/2018\/05\/hegyikerekpar-evolucioja-02.jpg 930w, https:\/\/d2p6e6u75xmxt8.cloudfront.net\/12\/2018\/05\/hegyikerekpar-evolucioja-02-300x294.jpg 300w, https:\/\/d2p6e6u75xmxt8.cloudfront.net\/12\/2018\/05\/hegyikerekpar-evolucioja-02-768x751.jpg 768w\" sizes=\"auto, (max-width: 507px) 100vw, 507px\" \/><\/a><\/p>\n<p><strong>Ma:<\/strong>\u00a0A k\u00f6z\u00e9pkateg\u00f3ri\u00e1t\u00f3l felfel\u00e9 a legt\u00f6bb bringa m\u00e1r hidraulikus t\u00e1rcsaf\u00e9kkel van felszerelve. K\u00f6nny\u0171ek \u00e9s hat\u00e9konyak, nem kell elkeseredetten markol\u00e1szni \u0151ket, \u00e9s nedves id\u0151ben, s\u00e1rban is megb\u00edzhat\u00f3an m\u0171k\u00f6dnek. Hacsak nem kapsz defektet, semmit nem kell a f\u00e9kekkel csin\u00e1lnod. El\u00e9g, ha \u00e9vente \u00e1tlagosan egyszer kicser\u00e9led a f\u00e9kpof\u00e1kat \u00e9s m\u00e1r tekerhetsz is.<\/p>\n<p>&nbsp;<\/p>\n<p>&nbsp;<\/p>\n","protected":false},"excerpt":{"rendered":"<p>Ma m\u00e1r k\u00f6nnyebb feltekerni a hegyre, \u00e9s a f\u00e9kek is hat\u00e9konyabbak, mint r\u00e9gen. A hegyiker\u00e9kp\u00e1r evol\u00faci\u00f3ja fantasztikus eredm\u00e9nyeket hozott!<\/p>\n","protected":false},"author":71,"featured_media":785,"comment_status":"open","ping_status":"open","sticky":false,"template":"","format":"standard","meta":{"footnotes":""},"categories":[7],"tags":[17,16,27,22,29,14],"global-categories":[],"class_list":["post-782","post","type-post","status-publish","format-standard","has-post-thumbnail","hentry","category-trekking-mtb","tag-bicikli","tag-kerekpar","tag-kerekpar-magazin","tag-kerekparozas","tag-mountain-bike","tag-mtb"],"yoast_head":"<!-- This site is optimized with the Yoast SEO Premium plugin v25.3 (Yoast SEO v25.9) - https:\/\/yoast.com\/wordpress\/plugins\/seo\/ -->\n<title>A hegyiker\u00e9kp\u00e1r evol\u00faci\u00f3ja: Kaptat\u00e1s \u00e9s f\u00e9kez\u00e9s - \u0160koda We Love Cycling - Magyarorsz\u00e1g<\/title>\n<meta name=\"description\" content=\"A hegyiker\u00e9kp\u00e1r evol\u00faci\u00f3ja fantasztikus eredm\u00e9nyeket hozott. N\u00e9zd csak, milyen volt r\u00e9gen, \u00e9s milyenn\u00e9 alakult \u00e1t az \u00e9vek sor\u00e1n.\" \/>\n<meta name=\"robots\" content=\"index, follow, max-snippet:-1, max-image-preview:large, max-video-preview:-1\" \/>\n<link rel=\"canonical\" href=\"https:\/\/www.welovecycling.com\/hu\/trekking-mtb\/a-hegyikerekpar-evolucioja\/\" \/>\n<meta property=\"og:locale\" content=\"hu_HU\" \/>\n<meta property=\"og:type\" content=\"article\" \/>\n<meta property=\"og:title\" content=\"A hegyiker\u00e9kp\u00e1r evol\u00faci\u00f3ja: Kaptat\u00e1s \u00e9s f\u00e9kez\u00e9s\" \/>\n<meta property=\"og:description\" content=\"A hegyiker\u00e9kp\u00e1r evol\u00faci\u00f3ja fantasztikus eredm\u00e9nyeket hozott. N\u00e9zd csak, milyen volt r\u00e9gen, \u00e9s milyenn\u00e9 alakult \u00e1t az \u00e9vek sor\u00e1n.\" \/>\n<meta property=\"og:url\" content=\"https:\/\/www.welovecycling.com\/hu\/trekking-mtb\/a-hegyikerekpar-evolucioja\/\" \/>\n<meta property=\"og:site_name\" content=\"\u0160koda We Love Cycling - Magyarorsz\u00e1g\" \/>\n<meta property=\"article:publisher\" content=\"https:\/\/www.facebook.com\/WeLoveCyclingHungary\/\" \/>\n<meta property=\"article:published_time\" content=\"2018-05-10T07:37:48+00:00\" \/>\n<meta property=\"article:modified_time\" content=\"2018-05-10T07:45:44+00:00\" \/>\n<meta property=\"og:image\" content=\"https:\/\/d2p6e6u75xmxt8.cloudfront.net\/12\/2018\/05\/hegyikerekpar-evolucioja.jpg\" \/>\n\t<meta property=\"og:image:width\" content=\"950\" \/>\n\t<meta property=\"og:image:height\" content=\"350\" \/>\n\t<meta property=\"og:image:type\" content=\"image\/jpeg\" \/>\n<meta name=\"author\" content=\"hegyizs\" \/>\n<meta name=\"twitter:card\" content=\"summary_large_image\" \/>\n<meta name=\"twitter:label1\" content=\"Written by\" \/>\n\t<meta name=\"twitter:data1\" content=\"hegyizs\" \/>\n\t<meta name=\"twitter:label2\" content=\"Est. reading time\" \/>\n\t<meta name=\"twitter:data2\" content=\"2 minutes\" \/>\n<script type=\"application\/ld+json\" class=\"yoast-schema-graph\">{\"@context\":\"https:\/\/schema.org\",\"@graph\":[{\"@type\":\"WebPage\",\"@id\":\"https:\/\/www.welovecycling.com\/hu\/trekking-mtb\/a-hegyikerekpar-evolucioja\/\",\"url\":\"https:\/\/www.welovecycling.com\/hu\/trekking-mtb\/a-hegyikerekpar-evolucioja\/\",\"name\":\"A hegyiker\u00e9kp\u00e1r evol\u00faci\u00f3ja: Kaptat\u00e1s \u00e9s f\u00e9kez\u00e9s - \u0160koda We Love Cycling - Magyarorsz\u00e1g\",\"isPartOf\":{\"@id\":\"https:\/\/www.welovecycling.com\/hu\/#website\"},\"primaryImageOfPage\":{\"@id\":\"https:\/\/www.welovecycling.com\/hu\/trekking-mtb\/a-hegyikerekpar-evolucioja\/#primaryimage\"},\"image\":{\"@id\":\"https:\/\/www.welovecycling.com\/hu\/trekking-mtb\/a-hegyikerekpar-evolucioja\/#primaryimage\"},\"thumbnailUrl\":\"https:\/\/d2p6e6u75xmxt8.cloudfront.net\/12\/2018\/05\/hegyikerekpar-evolucioja.jpg\",\"datePublished\":\"2018-05-10T07:37:48+00:00\",\"dateModified\":\"2018-05-10T07:45:44+00:00\",\"author\":{\"@id\":\"https:\/\/www.welovecycling.com\/hu\/#\/schema\/person\/414a2aebf1801691a5320edb6468e194\"},\"description\":\"A hegyiker\u00e9kp\u00e1r evol\u00faci\u00f3ja fantasztikus eredm\u00e9nyeket hozott. N\u00e9zd csak, milyen volt r\u00e9gen, \u00e9s milyenn\u00e9 alakult \u00e1t az \u00e9vek sor\u00e1n.\",\"breadcrumb\":{\"@id\":\"https:\/\/www.welovecycling.com\/hu\/trekking-mtb\/a-hegyikerekpar-evolucioja\/#breadcrumb\"},\"inLanguage\":\"hu\",\"potentialAction\":[{\"@type\":\"ReadAction\",\"target\":[\"https:\/\/www.welovecycling.com\/hu\/trekking-mtb\/a-hegyikerekpar-evolucioja\/\"]}]},{\"@type\":\"ImageObject\",\"inLanguage\":\"hu\",\"@id\":\"https:\/\/www.welovecycling.com\/hu\/trekking-mtb\/a-hegyikerekpar-evolucioja\/#primaryimage\",\"url\":\"https:\/\/d2p6e6u75xmxt8.cloudfront.net\/12\/2018\/05\/hegyikerekpar-evolucioja.jpg\",\"contentUrl\":\"https:\/\/d2p6e6u75xmxt8.cloudfront.net\/12\/2018\/05\/hegyikerekpar-evolucioja.jpg\",\"width\":950,\"height\":350,\"caption\":\"Image: 0078312016, License: Royalty free, Property Release: No or not aplicable, Model Release: No or not aplicable, Credit line: Profimedia.cz, Alamy\"},{\"@type\":\"BreadcrumbList\",\"@id\":\"https:\/\/www.welovecycling.com\/hu\/trekking-mtb\/a-hegyikerekpar-evolucioja\/#breadcrumb\",\"itemListElement\":[{\"@type\":\"ListItem\",\"position\":1,\"name\":\"Home\",\"item\":\"https:\/\/www.welovecycling.com\/hu\/\"},{\"@type\":\"ListItem\",\"position\":2,\"name\":\"A hegyiker\u00e9kp\u00e1r evol\u00faci\u00f3ja: Kaptat\u00e1s \u00e9s f\u00e9kez\u00e9s\"}]},{\"@type\":\"WebSite\",\"@id\":\"https:\/\/www.welovecycling.com\/hu\/#website\",\"url\":\"https:\/\/www.welovecycling.com\/hu\/\",\"name\":\"\u0160koda We Love Cycling - Magyarorsz\u00e1g\",\"description\":\"\u0160koda WeLoveCycling\",\"potentialAction\":[{\"@type\":\"SearchAction\",\"target\":{\"@type\":\"EntryPoint\",\"urlTemplate\":\"https:\/\/www.welovecycling.com\/hu\/?s={search_term_string}\"},\"query-input\":{\"@type\":\"PropertyValueSpecification\",\"valueRequired\":true,\"valueName\":\"search_term_string\"}}],\"inLanguage\":\"hu\"},{\"@type\":\"Person\",\"@id\":\"https:\/\/www.welovecycling.com\/hu\/#\/schema\/person\/414a2aebf1801691a5320edb6468e194\",\"name\":\"hegyizs\",\"image\":{\"@type\":\"ImageObject\",\"inLanguage\":\"hu\",\"@id\":\"https:\/\/www.welovecycling.com\/hu\/#\/schema\/person\/image\/\",\"url\":\"https:\/\/secure.gravatar.com\/avatar\/02cf8a7906b8cf90cecb4679defac7cfd33a1c2e3b88e4903d947f3bb58eedd3?s=96&d=mm&r=g\",\"contentUrl\":\"https:\/\/secure.gravatar.com\/avatar\/02cf8a7906b8cf90cecb4679defac7cfd33a1c2e3b88e4903d947f3bb58eedd3?s=96&d=mm&r=g\",\"caption\":\"hegyizs\"},\"url\":\"https:\/\/www.welovecycling.com\/hu\/author\/hegyizs\/\"}]}<\/script>\n<!-- \/ Yoast SEO Premium plugin. -->","yoast_head_json":{"title":"A hegyiker\u00e9kp\u00e1r evol\u00faci\u00f3ja: Kaptat\u00e1s \u00e9s f\u00e9kez\u00e9s - \u0160koda We Love Cycling - Magyarorsz\u00e1g","description":"A hegyiker\u00e9kp\u00e1r evol\u00faci\u00f3ja fantasztikus eredm\u00e9nyeket hozott. N\u00e9zd csak, milyen volt r\u00e9gen, \u00e9s milyenn\u00e9 alakult \u00e1t az \u00e9vek sor\u00e1n.","robots":{"index":"index","follow":"follow","max-snippet":"max-snippet:-1","max-image-preview":"max-image-preview:large","max-video-preview":"max-video-preview:-1"},"canonical":"https:\/\/www.welovecycling.com\/hu\/trekking-mtb\/a-hegyikerekpar-evolucioja\/","og_locale":"hu_HU","og_type":"article","og_title":"A hegyiker\u00e9kp\u00e1r evol\u00faci\u00f3ja: Kaptat\u00e1s \u00e9s f\u00e9kez\u00e9s","og_description":"A hegyiker\u00e9kp\u00e1r evol\u00faci\u00f3ja fantasztikus eredm\u00e9nyeket hozott. N\u00e9zd csak, milyen volt r\u00e9gen, \u00e9s milyenn\u00e9 alakult \u00e1t az \u00e9vek sor\u00e1n.","og_url":"https:\/\/www.welovecycling.com\/hu\/trekking-mtb\/a-hegyikerekpar-evolucioja\/","og_site_name":"\u0160koda We Love Cycling - Magyarorsz\u00e1g","article_publisher":"https:\/\/www.facebook.com\/WeLoveCyclingHungary\/","article_published_time":"2018-05-10T07:37:48+00:00","article_modified_time":"2018-05-10T07:45:44+00:00","og_image":[{"width":950,"height":350,"url":"https:\/\/d2p6e6u75xmxt8.cloudfront.net\/12\/2018\/05\/hegyikerekpar-evolucioja.jpg","type":"image\/jpeg"}],"author":"hegyizs","twitter_card":"summary_large_image","twitter_misc":{"Written by":"hegyizs","Est. reading time":"2 minutes"},"schema":{"@context":"https:\/\/schema.org","@graph":[{"@type":"WebPage","@id":"https:\/\/www.welovecycling.com\/hu\/trekking-mtb\/a-hegyikerekpar-evolucioja\/","url":"https:\/\/www.welovecycling.com\/hu\/trekking-mtb\/a-hegyikerekpar-evolucioja\/","name":"A hegyiker\u00e9kp\u00e1r evol\u00faci\u00f3ja: Kaptat\u00e1s \u00e9s f\u00e9kez\u00e9s - \u0160koda We Love Cycling - Magyarorsz\u00e1g","isPartOf":{"@id":"https:\/\/www.welovecycling.com\/hu\/#website"},"primaryImageOfPage":{"@id":"https:\/\/www.welovecycling.com\/hu\/trekking-mtb\/a-hegyikerekpar-evolucioja\/#primaryimage"},"image":{"@id":"https:\/\/www.welovecycling.com\/hu\/trekking-mtb\/a-hegyikerekpar-evolucioja\/#primaryimage"},"thumbnailUrl":"https:\/\/d2p6e6u75xmxt8.cloudfront.net\/12\/2018\/05\/hegyikerekpar-evolucioja.jpg","datePublished":"2018-05-10T07:37:48+00:00","dateModified":"2018-05-10T07:45:44+00:00","author":{"@id":"https:\/\/www.welovecycling.com\/hu\/#\/schema\/person\/414a2aebf1801691a5320edb6468e194"},"description":"A hegyiker\u00e9kp\u00e1r evol\u00faci\u00f3ja fantasztikus eredm\u00e9nyeket hozott. N\u00e9zd csak, milyen volt r\u00e9gen, \u00e9s milyenn\u00e9 alakult \u00e1t az \u00e9vek sor\u00e1n.","breadcrumb":{"@id":"https:\/\/www.welovecycling.com\/hu\/trekking-mtb\/a-hegyikerekpar-evolucioja\/#breadcrumb"},"inLanguage":"hu","potentialAction":[{"@type":"ReadAction","target":["https:\/\/www.welovecycling.com\/hu\/trekking-mtb\/a-hegyikerekpar-evolucioja\/"]}]},{"@type":"ImageObject","inLanguage":"hu","@id":"https:\/\/www.welovecycling.com\/hu\/trekking-mtb\/a-hegyikerekpar-evolucioja\/#primaryimage","url":"https:\/\/d2p6e6u75xmxt8.cloudfront.net\/12\/2018\/05\/hegyikerekpar-evolucioja.jpg","contentUrl":"https:\/\/d2p6e6u75xmxt8.cloudfront.net\/12\/2018\/05\/hegyikerekpar-evolucioja.jpg","width":950,"height":350,"caption":"Image: 0078312016, License: Royalty free, Property Release: No or not aplicable, Model Release: No or not aplicable, Credit line: Profimedia.cz, Alamy"},{"@type":"BreadcrumbList","@id":"https:\/\/www.welovecycling.com\/hu\/trekking-mtb\/a-hegyikerekpar-evolucioja\/#breadcrumb","itemListElement":[{"@type":"ListItem","position":1,"name":"Home","item":"https:\/\/www.welovecycling.com\/hu\/"},{"@type":"ListItem","position":2,"name":"A hegyiker\u00e9kp\u00e1r evol\u00faci\u00f3ja: Kaptat\u00e1s \u00e9s f\u00e9kez\u00e9s"}]},{"@type":"WebSite","@id":"https:\/\/www.welovecycling.com\/hu\/#website","url":"https:\/\/www.welovecycling.com\/hu\/","name":"\u0160koda We Love Cycling - Magyarorsz\u00e1g","description":"\u0160koda WeLoveCycling","potentialAction":[{"@type":"SearchAction","target":{"@type":"EntryPoint","urlTemplate":"https:\/\/www.welovecycling.com\/hu\/?s={search_term_string}"},"query-input":{"@type":"PropertyValueSpecification","valueRequired":true,"valueName":"search_term_string"}}],"inLanguage":"hu"},{"@type":"Person","@id":"https:\/\/www.welovecycling.com\/hu\/#\/schema\/person\/414a2aebf1801691a5320edb6468e194","name":"hegyizs","image":{"@type":"ImageObject","inLanguage":"hu","@id":"https:\/\/www.welovecycling.com\/hu\/#\/schema\/person\/image\/","url":"https:\/\/secure.gravatar.com\/avatar\/02cf8a7906b8cf90cecb4679defac7cfd33a1c2e3b88e4903d947f3bb58eedd3?s=96&d=mm&r=g","contentUrl":"https:\/\/secure.gravatar.com\/avatar\/02cf8a7906b8cf90cecb4679defac7cfd33a1c2e3b88e4903d947f3bb58eedd3?s=96&d=mm&r=g","caption":"hegyizs"},"url":"https:\/\/www.welovecycling.com\/hu\/author\/hegyizs\/"}]}},"_links":{"self":[{"href":"https:\/\/www.welovecycling.com\/hu\/wp-json\/wp\/v2\/posts\/782","targetHints":{"allow":["GET"]}}],"collection":[{"href":"https:\/\/www.welovecycling.com\/hu\/wp-json\/wp\/v2\/posts"}],"about":[{"href":"https:\/\/www.welovecycling.com\/hu\/wp-json\/wp\/v2\/types\/post"}],"author":[{"embeddable":true,"href":"https:\/\/www.welovecycling.com\/hu\/wp-json\/wp\/v2\/users\/71"}],"replies":[{"embeddable":true,"href":"https:\/\/www.welovecycling.com\/hu\/wp-json\/wp\/v2\/comments?post=782"}],"version-history":[{"count":1,"href":"https:\/\/www.welovecycling.com\/hu\/wp-json\/wp\/v2\/posts\/782\/revisions"}],"predecessor-version":[{"id":786,"href":"https:\/\/www.welovecycling.com\/hu\/wp-json\/wp\/v2\/posts\/782\/revisions\/786"}],"wp:featuredmedia":[{"embeddable":true,"href":"https:\/\/www.welovecycling.com\/hu\/wp-json\/wp\/v2\/media\/785"}],"wp:attachment":[{"href":"https:\/\/www.welovecycling.com\/hu\/wp-json\/wp\/v2\/media?parent=782"}],"wp:term":[{"taxonomy":"category","embeddable":true,"href":"https:\/\/www.welovecycling.com\/hu\/wp-json\/wp\/v2\/categories?post=782"},{"taxonomy":"post_tag","embeddable":true,"href":"https:\/\/www.welovecycling.com\/hu\/wp-json\/wp\/v2\/tags?post=782"},{"taxonomy":"global-categories","embeddable":true,"href":"https:\/\/www.welovecycling.com\/hu\/wp-json\/wp\/v2\/global-categories?post=782"}],"curies":[{"name":"wp","href":"https:\/\/api.w.org\/{rel}","templated":true}]}}