{"id":7819,"date":"2020-06-13T08:00:11","date_gmt":"2020-06-13T07:00:11","guid":{"rendered":"https:\/\/www.welovecycling.com\/hu\/?p=7819"},"modified":"2020-06-05T16:40:17","modified_gmt":"2020-06-05T15:40:17","slug":"igy-szervezz-bringaturat-gyerekeknek","status":"publish","type":"post","link":"https:\/\/www.welovecycling.com\/hu\/kozosseg-es-kultura\/igy-szervezz-bringaturat-gyerekeknek\/","title":{"rendered":"\u00cdgy szervezz bringat\u00far\u00e1t gyerekeknek"},"content":{"rendered":"<p><strong>M\u00e9g a legnagyobb er\u0151fesz\u00edt\u00e9sek ellen\u00e9re is el\u0151fordul, hogy a t\u00f6k\u00e9letes csal\u00e1di programnak sz\u00e1nt t\u00fara kudarcba fullad. Ha a kis biciklisek elunj\u00e1k magukat vagy t\u00fals\u00e1gosan elf\u00e1radnak, nincs vissza\u00fat, j\u00f3, ha meg tudod \u0151ket gy\u0151zni, hogy vissza\u00fcljenek a nyeregbe. Az er\u0151ltet\u00e9s pedig ink\u00e1bb \u00e1rt, mint haszn\u00e1l. A profi ker\u00e9kp\u00e1ros, Richard Gasperotti saj\u00e1t tapasztalatait adja \u00e1t arr\u00f3l, \u0151 hogyan szokott 6 \u00e9ves kisl\u00e1ny\u00e1val, Eleanore-ral mindenki sz\u00e1m\u00e1ra \u00e9lvezetes t\u00far\u00e1kat szervezni.<\/strong><\/p>\n<p><!--more--><\/p>\n<h2><strong>Tervezzetek egy\u00fctt<\/strong><\/h2>\n<p>A gyerekek is tudni akarj\u00e1k, hova tartotok \u00e9s milyen l\u00e1tnival\u00f3k, meg\u00e1ll\u00f3k esnek majd \u00fatba. Ha egy\u00fctt tal\u00e1lj\u00e1tok ki az \u00fatvonalat, r\u00e1juk is h\u00e1rul n\u00e9mi felel\u0151ss\u00e9g \u00e9s jobban maguk\u00e9nak \u00e9rzik majd a programot. Ha pedig siker\u00fcl izgalmas helyeken pihen\u0151ket beiktatni, nem lesz neh\u00e9z ezzel motiv\u00e1lni \u0151ket, ha k\u00e9t meg\u00e1ll\u00f3 k\u00f6z\u00f6tt fel akarj\u00e1k adni. Azt is fontos tudniuk, hogy milyen hossz\u00fa lesz a t\u00fara. B\u00e1r a kilom\u00e9terek lehet, hogy nem mondanak nekik sokat, ha azt hallj\u00e1k, hogy nagyj\u00e1b\u00f3l k\u00e9tszerannyit tekertek majd, mint amekkora az \u00f3vod\u00e1hoz vezet\u0151 \u00fat, m\u00e1ris jobban felm\u00e9rik a t\u00e1vot. A finoms\u00e1gok k\u00f6z\u00f6s beszerz\u00e9se \u00e9s elcsomagol\u00e1sa szint\u00e9n j\u00f3 motiv\u00e1ci\u00f3s eszk\u00f6z.<\/p>\n<figure id=\"attachment_7820\" aria-describedby=\"caption-attachment-7820\" style=\"width: 1000px\" class=\"wp-caption alignnone\"><img loading=\"lazy\" decoding=\"async\" class=\"size-full wp-image-7820\" src=\"https:\/\/d2p6e6u75xmxt8.cloudfront.net\/12\/2020\/06\/Children-profimedia-0472807276.jpg\" alt=\"\" width=\"1000\" height=\"562\" \/><figcaption id=\"caption-attachment-7820\" class=\"wp-caption-text\">\u00a9 JaySi \/ DPphoto \/ Profimedia<\/figcaption><\/figure>\n<h2><strong>Legyen c\u00e9lotok<\/strong><\/h2>\n<p>A Strava adatai, a pulzussz\u00e1m \u00e9s az \u00e1tlagsebess\u00e9g nem igaz\u00e1n izgatja a gyerekeket. Vel\u00fcnk ellent\u00e9tben, \u0151k t\u00f6bbet v\u00e1rnak egy biciklit\u00far\u00e1t\u00f3l, mint a megn\u00f6vekedett endorfin-termel\u00e9s. Legyen c\u00e9lotok! Menjetek el egy t\u00f3hoz f\u00fcrdeni, etessetek lovakat, gy\u0171jtsetek vir\u00e1got vagy egyetek j\u00e9gkr\u00e9met.<\/p>\n<h2><strong>Izgalmas utak<\/strong><\/h2>\n<p>Egyre t\u00f6bb tans\u00f6v\u00e9nyt tal\u00e1lni, mely kifejezetten gyerekeknek k\u00e9sz\u00fclt. A kihelyezett t\u00e1bl\u00e1k seg\u00edts\u00e9g\u00e9vel \u00e1llatokr\u00f3l \u00e9s n\u00f6v\u00e9nyekr\u0151l tanulhatnak, s\u0151t, egyes helyeken m\u00e9g kihelyezett fa- \u00e9s k\u0151mint\u00e1kat is megtapogathatnak.<\/p>\n<h2><strong>\u00c9dess\u00e9gek<\/strong><\/h2>\n<p>Ha m\u00e1r nem m\u0171k\u00f6dik a verb\u00e1lis motiv\u00e1ci\u00f3, be kell vetni a neh\u00e9zt\u00fcz\u00e9rs\u00e9get. Egyik gyerek sem tud ellen\u00e1llni az \u00e9dess\u00e9geknek. Versenyezzetek a k\u00f6vetkez\u0151 f\u00e1ig, a nyerem\u00e9ny pedig legyen egy cukorka! Hirtelen el fog m\u00falni a hal\u00e1los f\u00e1radts\u00e1g.<\/p>\n<figure id=\"attachment_7821\" aria-describedby=\"caption-attachment-7821\" style=\"width: 1250px\" class=\"wp-caption alignnone\"><img loading=\"lazy\" decoding=\"async\" class=\"size-full wp-image-7821\" src=\"https:\/\/d2p6e6u75xmxt8.cloudfront.net\/12\/2020\/06\/Children-Cycling-profimedia-0516502069.jpg\" alt=\"\" width=\"1250\" height=\"833\" \/><figcaption id=\"caption-attachment-7821\" class=\"wp-caption-text\">\u00a9 Jakob Ebrey \/ Alamy \/ Profimedia<\/figcaption><\/figure>\n<h2><strong>Bar\u00e1tokkal m\u00f3k\u00e1sabb<\/strong><\/h2>\n<p>Egyed\u00fcli gyereknek lenni egy feln\u0151tt csoportban sokszor frusztr\u00e1l\u00f3 \u00e9lm\u00e9ny. H\u00edvj\u00e1tok meg a kicsik bar\u00e1tait is! A t\u00f6bb gyerek \u00faj \u00e9lm\u00e9nny\u00e9 var\u00e1zsolja a megszokott bringat\u00far\u00e1kat. Versenyezhetnek egym\u00e1ssal \u00e9s egy\u00e9ni kalandokra indulhatnak, hogy felfedezz\u00e9k a k\u00f6rny\u00e9ket.<\/p>\n<h2><strong>Turb\u00f3zd fel a bring\u00e1kat!<\/strong><\/h2>\n<p>Minden gyerek \u00e1lma, hogy \u00f6v\u00e9 legyen a legmen\u0151bb bicikli: adj egyedi k\u00fcls\u0151t j\u00e1rg\u00e1ny\u00e1nak! R\u00f6gz\u00edts egy sz\u00e9lforg\u00f3t a korm\u00e1nyra, ami ann\u00e1l gyorsabban forog, min\u00e9l gyorsabban teker a gazd\u00e1ja. A kisebbeket egy m\u0171anyag, korm\u00e1nyhoz r\u00f6gz\u00edtett v\u00e1z\u00e1val is le lehet ny\u0171g\u00f6zni, melybe az \u00fat sor\u00e1n vir\u00e1gokat gy\u0171jthet.<\/p>\n<h2><strong>Iktass be egy vonatutat<\/strong><\/h2>\n<p>\u00dagy tervezz\u00e9tek meg az \u00fatvonalat, hogy egy szakaszt vonattal tegyetek meg. \u00cdgy nem csak megpihenhettek, de izgalmasabb is lesz a t\u00fara. A gyerekek im\u00e1dj\u00e1k a vonatokat!<\/p>\n<figure id=\"attachment_7822\" aria-describedby=\"caption-attachment-7822\" style=\"width: 1250px\" class=\"wp-caption alignnone\"><img loading=\"lazy\" decoding=\"async\" class=\"size-full wp-image-7822\" src=\"https:\/\/d2p6e6u75xmxt8.cloudfront.net\/12\/2020\/06\/Children-profimedia-0521581358.jpg\" alt=\"\" width=\"1250\" height=\"833\" \/><figcaption id=\"caption-attachment-7822\" class=\"wp-caption-text\"><em>Bicikliz\u0151 csal\u00e1d Franciaorsz\u00e1gban, 2020. \u00a9 Amaury Cornu \/ AFP \/ Profimedia<\/em><\/figcaption><\/figure>\n<h2><strong>Mennyit b\u00edrnak?<\/strong><\/h2>\n<p>Ha t\u00fal hossz\u00fa \u00e9s neh\u00e9z t\u00far\u00e1t tervez\u00fcnk, k\u00f6nnyen t\u00f6nkretehetj\u00fck az eg\u00e9sz \u00e9lm\u00e9nyt. Az 5 \u00e9v k\u00f6r\u00fcl gyerekek k\u00f6r\u00fclbel\u00fcl 20 km-t b\u00edrnak, j\u00f3 p\u00e1r meg\u00e1ll\u00f3val megt\u0171zdelve.<\/p>\n<h2><strong>Mi van, ha egyszer\u0171en nem akarnak tov\u00e1bbmenni?<\/strong><\/h2>\n<p>Ha egyszer eld\u00f6ntik, hogy nekik el\u00e9g volt, neh\u00e9z \u0151ket meggy\u0151zni. Tal\u00e1lj ki egy mes\u00e9t egy erd\u0151b\u00e9li sz\u00f6rnyr\u0151l, aki \u00e9jszaka a fenyveseket j\u00e1rja, \u00e9s ottmaradt biciklisekre vad\u00e1szik! Amint elbizonytalanodik, indulj el, biztosan veled tart majd. De ne vidd t\u00falz\u00e1sba az ijesztget\u00e9st, m\u00e9g a v\u00e9g\u00e9n \u00e9vekig tart\u00f3 ter\u00e1pi\u00e1ra kell j\u00e1rnotok a gyerekkori trauma miatt. Tal\u00e1n jobb m\u00f3dszer, ha f\u00e1t\u00f3l f\u00e1ig versenyeztek, k\u00f6vek k\u00f6z\u00f6tt szlalomoztok, vagy m\u00e9rf\u00f6ldk\u00f6vekre osztj\u00e1tok fel az utat. Legy\u00e9l kreat\u00edv, sz\u00f3rakoztasd \u00e9s t\u00e1mogasd a kicsiket! \u00cdgy nevelhetsz bel\u0151l\u00fck elk\u00f6telezett bring\u00e1sokat.<\/p>\n","protected":false},"excerpt":{"rendered":"<p>M\u00e9g a legnagyobb er\u0151fesz\u00edt\u00e9sek ellen\u00e9re is el\u0151fordul, hogy a t\u00f6k\u00e9letes csal\u00e1di programnak sz\u00e1nt t\u00fara kudarcba fullad. Ha a kis biciklisek [&hellip;]<\/p>\n","protected":false},"author":71,"featured_media":6166,"comment_status":"open","ping_status":"open","sticky":false,"template":"","format":"standard","meta":{"footnotes":""},"categories":[12],"tags":[],"global-categories":[],"class_list":["post-7819","post","type-post","status-publish","format-standard","has-post-thumbnail","hentry","category-kozosseg-es-kultura"],"yoast_head":"<!-- This site is optimized with the Yoast SEO Premium plugin v25.3 (Yoast SEO v25.9) - https:\/\/yoast.com\/wordpress\/plugins\/seo\/ -->\n<title>\u00cdgy szervezz bringat\u00far\u00e1t gyerekeknek - \u0160koda We Love Cycling - Magyarorsz\u00e1g<\/title>\n<meta name=\"robots\" content=\"index, follow, max-snippet:-1, max-image-preview:large, max-video-preview:-1\" \/>\n<link rel=\"canonical\" href=\"https:\/\/www.welovecycling.com\/hu\/kozosseg-es-kultura\/igy-szervezz-bringaturat-gyerekeknek\/\" \/>\n<meta property=\"og:locale\" content=\"hu_HU\" \/>\n<meta property=\"og:type\" content=\"article\" \/>\n<meta property=\"og:title\" content=\"\u00cdgy szervezz bringat\u00far\u00e1t gyerekeknek\" \/>\n<meta property=\"og:description\" content=\"M\u00e9g a legnagyobb er\u0151fesz\u00edt\u00e9sek ellen\u00e9re is el\u0151fordul, hogy a t\u00f6k\u00e9letes csal\u00e1di programnak sz\u00e1nt t\u00fara kudarcba fullad. Ha a kis biciklisek [&hellip;]\" \/>\n<meta property=\"og:url\" content=\"https:\/\/www.welovecycling.com\/hu\/kozosseg-es-kultura\/igy-szervezz-bringaturat-gyerekeknek\/\" \/>\n<meta property=\"og:site_name\" content=\"\u0160koda We Love Cycling - Magyarorsz\u00e1g\" \/>\n<meta property=\"article:publisher\" content=\"https:\/\/www.facebook.com\/WeLoveCyclingHungary\/\" \/>\n<meta property=\"article:published_time\" content=\"2020-06-13T07:00:11+00:00\" \/>\n<meta property=\"og:image\" content=\"https:\/\/d2p6e6u75xmxt8.cloudfront.net\/12\/2019\/12\/Kids-Cvr.jpg\" \/>\n\t<meta property=\"og:image:width\" content=\"1366\" \/>\n\t<meta property=\"og:image:height\" content=\"600\" \/>\n\t<meta property=\"og:image:type\" content=\"image\/jpeg\" \/>\n<meta name=\"author\" content=\"hegyizs\" \/>\n<meta name=\"twitter:card\" content=\"summary_large_image\" \/>\n<meta name=\"twitter:label1\" content=\"Written by\" \/>\n\t<meta name=\"twitter:data1\" content=\"Adam Marsal\" \/>\n\t<meta name=\"twitter:label2\" content=\"Est. reading time\" \/>\n\t<meta name=\"twitter:data2\" content=\"7\" \/>\n<script type=\"application\/ld+json\" class=\"yoast-schema-graph\">{\"@context\":\"https:\/\/schema.org\",\"@graph\":[{\"@type\":\"WebPage\",\"@id\":\"https:\/\/www.welovecycling.com\/hu\/kozosseg-es-kultura\/igy-szervezz-bringaturat-gyerekeknek\/\",\"url\":\"https:\/\/www.welovecycling.com\/hu\/kozosseg-es-kultura\/igy-szervezz-bringaturat-gyerekeknek\/\",\"name\":\"\u00cdgy szervezz bringat\u00far\u00e1t gyerekeknek - \u0160koda We Love Cycling - Magyarorsz\u00e1g\",\"isPartOf\":{\"@id\":\"https:\/\/www.welovecycling.com\/hu\/#website\"},\"primaryImageOfPage\":{\"@id\":\"https:\/\/www.welovecycling.com\/hu\/kozosseg-es-kultura\/igy-szervezz-bringaturat-gyerekeknek\/#primaryimage\"},\"image\":{\"@id\":\"https:\/\/www.welovecycling.com\/hu\/kozosseg-es-kultura\/igy-szervezz-bringaturat-gyerekeknek\/#primaryimage\"},\"thumbnailUrl\":\"https:\/\/d2p6e6u75xmxt8.cloudfront.net\/12\/2019\/12\/Kids-Cvr.jpg\",\"datePublished\":\"2020-06-13T07:00:11+00:00\",\"author\":{\"@id\":\"https:\/\/www.welovecycling.com\/hu\/#\/schema\/person\/414a2aebf1801691a5320edb6468e194\"},\"breadcrumb\":{\"@id\":\"https:\/\/www.welovecycling.com\/hu\/kozosseg-es-kultura\/igy-szervezz-bringaturat-gyerekeknek\/#breadcrumb\"},\"inLanguage\":\"hu\",\"potentialAction\":[{\"@type\":\"ReadAction\",\"target\":[\"https:\/\/www.welovecycling.com\/hu\/kozosseg-es-kultura\/igy-szervezz-bringaturat-gyerekeknek\/\"]}]},{\"@type\":\"ImageObject\",\"inLanguage\":\"hu\",\"@id\":\"https:\/\/www.welovecycling.com\/hu\/kozosseg-es-kultura\/igy-szervezz-bringaturat-gyerekeknek\/#primaryimage\",\"url\":\"https:\/\/d2p6e6u75xmxt8.cloudfront.net\/12\/2019\/12\/Kids-Cvr.jpg\",\"contentUrl\":\"https:\/\/d2p6e6u75xmxt8.cloudfront.net\/12\/2019\/12\/Kids-Cvr.jpg\",\"width\":1366,\"height\":600},{\"@type\":\"BreadcrumbList\",\"@id\":\"https:\/\/www.welovecycling.com\/hu\/kozosseg-es-kultura\/igy-szervezz-bringaturat-gyerekeknek\/#breadcrumb\",\"itemListElement\":[{\"@type\":\"ListItem\",\"position\":1,\"name\":\"Home\",\"item\":\"https:\/\/www.welovecycling.com\/hu\/\"},{\"@type\":\"ListItem\",\"position\":2,\"name\":\"\u00cdgy szervezz bringat\u00far\u00e1t gyerekeknek\"}]},{\"@type\":\"WebSite\",\"@id\":\"https:\/\/www.welovecycling.com\/hu\/#website\",\"url\":\"https:\/\/www.welovecycling.com\/hu\/\",\"name\":\"\u0160koda We Love Cycling - Magyarorsz\u00e1g\",\"description\":\"\u0160koda WeLoveCycling\",\"potentialAction\":[{\"@type\":\"SearchAction\",\"target\":{\"@type\":\"EntryPoint\",\"urlTemplate\":\"https:\/\/www.welovecycling.com\/hu\/?s={search_term_string}\"},\"query-input\":{\"@type\":\"PropertyValueSpecification\",\"valueRequired\":true,\"valueName\":\"search_term_string\"}}],\"inLanguage\":\"hu\"},{\"@type\":\"Person\",\"@id\":\"https:\/\/www.welovecycling.com\/hu\/#\/schema\/person\/414a2aebf1801691a5320edb6468e194\",\"name\":\"hegyizs\",\"image\":{\"@type\":\"ImageObject\",\"inLanguage\":\"hu\",\"@id\":\"https:\/\/www.welovecycling.com\/hu\/#\/schema\/person\/image\/\",\"url\":\"https:\/\/secure.gravatar.com\/avatar\/02cf8a7906b8cf90cecb4679defac7cfd33a1c2e3b88e4903d947f3bb58eedd3?s=96&d=mm&r=g\",\"contentUrl\":\"https:\/\/secure.gravatar.com\/avatar\/02cf8a7906b8cf90cecb4679defac7cfd33a1c2e3b88e4903d947f3bb58eedd3?s=96&d=mm&r=g\",\"caption\":\"hegyizs\"},\"url\":\"https:\/\/www.welovecycling.com\/hu\/author\/hegyizs\/\"}]}<\/script>\n<!-- \/ Yoast SEO Premium plugin. -->","yoast_head_json":{"title":"\u00cdgy szervezz bringat\u00far\u00e1t gyerekeknek - \u0160koda We Love Cycling - Magyarorsz\u00e1g","robots":{"index":"index","follow":"follow","max-snippet":"max-snippet:-1","max-image-preview":"max-image-preview:large","max-video-preview":"max-video-preview:-1"},"canonical":"https:\/\/www.welovecycling.com\/hu\/kozosseg-es-kultura\/igy-szervezz-bringaturat-gyerekeknek\/","og_locale":"hu_HU","og_type":"article","og_title":"\u00cdgy szervezz bringat\u00far\u00e1t gyerekeknek","og_description":"M\u00e9g a legnagyobb er\u0151fesz\u00edt\u00e9sek ellen\u00e9re is el\u0151fordul, hogy a t\u00f6k\u00e9letes csal\u00e1di programnak sz\u00e1nt t\u00fara kudarcba fullad. Ha a kis biciklisek [&hellip;]","og_url":"https:\/\/www.welovecycling.com\/hu\/kozosseg-es-kultura\/igy-szervezz-bringaturat-gyerekeknek\/","og_site_name":"\u0160koda We Love Cycling - Magyarorsz\u00e1g","article_publisher":"https:\/\/www.facebook.com\/WeLoveCyclingHungary\/","article_published_time":"2020-06-13T07:00:11+00:00","og_image":[{"width":1366,"height":600,"url":"https:\/\/d2p6e6u75xmxt8.cloudfront.net\/12\/2019\/12\/Kids-Cvr.jpg","type":"image\/jpeg"}],"author":"hegyizs","twitter_card":"summary_large_image","twitter_misc":{"Written by":"Adam Marsal","Est. reading time":"7"},"schema":{"@context":"https:\/\/schema.org","@graph":[{"@type":"WebPage","@id":"https:\/\/www.welovecycling.com\/hu\/kozosseg-es-kultura\/igy-szervezz-bringaturat-gyerekeknek\/","url":"https:\/\/www.welovecycling.com\/hu\/kozosseg-es-kultura\/igy-szervezz-bringaturat-gyerekeknek\/","name":"\u00cdgy szervezz bringat\u00far\u00e1t gyerekeknek - \u0160koda We Love Cycling - Magyarorsz\u00e1g","isPartOf":{"@id":"https:\/\/www.welovecycling.com\/hu\/#website"},"primaryImageOfPage":{"@id":"https:\/\/www.welovecycling.com\/hu\/kozosseg-es-kultura\/igy-szervezz-bringaturat-gyerekeknek\/#primaryimage"},"image":{"@id":"https:\/\/www.welovecycling.com\/hu\/kozosseg-es-kultura\/igy-szervezz-bringaturat-gyerekeknek\/#primaryimage"},"thumbnailUrl":"https:\/\/d2p6e6u75xmxt8.cloudfront.net\/12\/2019\/12\/Kids-Cvr.jpg","datePublished":"2020-06-13T07:00:11+00:00","author":{"@id":"https:\/\/www.welovecycling.com\/hu\/#\/schema\/person\/414a2aebf1801691a5320edb6468e194"},"breadcrumb":{"@id":"https:\/\/www.welovecycling.com\/hu\/kozosseg-es-kultura\/igy-szervezz-bringaturat-gyerekeknek\/#breadcrumb"},"inLanguage":"hu","potentialAction":[{"@type":"ReadAction","target":["https:\/\/www.welovecycling.com\/hu\/kozosseg-es-kultura\/igy-szervezz-bringaturat-gyerekeknek\/"]}]},{"@type":"ImageObject","inLanguage":"hu","@id":"https:\/\/www.welovecycling.com\/hu\/kozosseg-es-kultura\/igy-szervezz-bringaturat-gyerekeknek\/#primaryimage","url":"https:\/\/d2p6e6u75xmxt8.cloudfront.net\/12\/2019\/12\/Kids-Cvr.jpg","contentUrl":"https:\/\/d2p6e6u75xmxt8.cloudfront.net\/12\/2019\/12\/Kids-Cvr.jpg","width":1366,"height":600},{"@type":"BreadcrumbList","@id":"https:\/\/www.welovecycling.com\/hu\/kozosseg-es-kultura\/igy-szervezz-bringaturat-gyerekeknek\/#breadcrumb","itemListElement":[{"@type":"ListItem","position":1,"name":"Home","item":"https:\/\/www.welovecycling.com\/hu\/"},{"@type":"ListItem","position":2,"name":"\u00cdgy szervezz bringat\u00far\u00e1t gyerekeknek"}]},{"@type":"WebSite","@id":"https:\/\/www.welovecycling.com\/hu\/#website","url":"https:\/\/www.welovecycling.com\/hu\/","name":"\u0160koda We Love Cycling - Magyarorsz\u00e1g","description":"\u0160koda WeLoveCycling","potentialAction":[{"@type":"SearchAction","target":{"@type":"EntryPoint","urlTemplate":"https:\/\/www.welovecycling.com\/hu\/?s={search_term_string}"},"query-input":{"@type":"PropertyValueSpecification","valueRequired":true,"valueName":"search_term_string"}}],"inLanguage":"hu"},{"@type":"Person","@id":"https:\/\/www.welovecycling.com\/hu\/#\/schema\/person\/414a2aebf1801691a5320edb6468e194","name":"hegyizs","image":{"@type":"ImageObject","inLanguage":"hu","@id":"https:\/\/www.welovecycling.com\/hu\/#\/schema\/person\/image\/","url":"https:\/\/secure.gravatar.com\/avatar\/02cf8a7906b8cf90cecb4679defac7cfd33a1c2e3b88e4903d947f3bb58eedd3?s=96&d=mm&r=g","contentUrl":"https:\/\/secure.gravatar.com\/avatar\/02cf8a7906b8cf90cecb4679defac7cfd33a1c2e3b88e4903d947f3bb58eedd3?s=96&d=mm&r=g","caption":"hegyizs"},"url":"https:\/\/www.welovecycling.com\/hu\/author\/hegyizs\/"}]}},"_links":{"self":[{"href":"https:\/\/www.welovecycling.com\/hu\/wp-json\/wp\/v2\/posts\/7819","targetHints":{"allow":["GET"]}}],"collection":[{"href":"https:\/\/www.welovecycling.com\/hu\/wp-json\/wp\/v2\/posts"}],"about":[{"href":"https:\/\/www.welovecycling.com\/hu\/wp-json\/wp\/v2\/types\/post"}],"author":[{"embeddable":true,"href":"https:\/\/www.welovecycling.com\/hu\/wp-json\/wp\/v2\/users\/71"}],"replies":[{"embeddable":true,"href":"https:\/\/www.welovecycling.com\/hu\/wp-json\/wp\/v2\/comments?post=7819"}],"version-history":[{"count":2,"href":"https:\/\/www.welovecycling.com\/hu\/wp-json\/wp\/v2\/posts\/7819\/revisions"}],"predecessor-version":[{"id":7829,"href":"https:\/\/www.welovecycling.com\/hu\/wp-json\/wp\/v2\/posts\/7819\/revisions\/7829"}],"wp:featuredmedia":[{"embeddable":true,"href":"https:\/\/www.welovecycling.com\/hu\/wp-json\/wp\/v2\/media\/6166"}],"wp:attachment":[{"href":"https:\/\/www.welovecycling.com\/hu\/wp-json\/wp\/v2\/media?parent=7819"}],"wp:term":[{"taxonomy":"category","embeddable":true,"href":"https:\/\/www.welovecycling.com\/hu\/wp-json\/wp\/v2\/categories?post=7819"},{"taxonomy":"post_tag","embeddable":true,"href":"https:\/\/www.welovecycling.com\/hu\/wp-json\/wp\/v2\/tags?post=7819"},{"taxonomy":"global-categories","embeddable":true,"href":"https:\/\/www.welovecycling.com\/hu\/wp-json\/wp\/v2\/global-categories?post=7819"}],"curies":[{"name":"wp","href":"https:\/\/api.w.org\/{rel}","templated":true}]}}