{"id":7809,"date":"2020-06-11T08:00:18","date_gmt":"2020-06-11T07:00:18","guid":{"rendered":"https:\/\/www.welovecycling.com\/hu\/?p=7809"},"modified":"2020-06-05T16:38:40","modified_gmt":"2020-06-05T15:38:40","slug":"senki-nem-kivancsi-rad-alfredo-binda-tortenete","status":"publish","type":"post","link":"https:\/\/www.welovecycling.com\/hu\/orszaguti-kerekpar\/senki-nem-kivancsi-rad-alfredo-binda-tortenete\/","title":{"rendered":"Senki nem k\u00edv\u00e1ncsi r\u00e1d! \u2013 Alfredo Binda t\u00f6rt\u00e9nete"},"content":{"rendered":"<p><strong>Van, hogy hi\u00e1ba vagy tehets\u00e9ges \u00e9s kiemelked\u0151, m\u00e9gsem leszel k\u00f6zkedvelt. Van, hogy ideges\u00edt\u0151nek tartanak. \u00c9s n\u00e9ha, nagyon ritk\u00e1n, de el\u0151fordul, hogy a Giro d\u2019Italia szervez\u0151i megvesztegetnek, hogy ne indulj a versenyen.<\/strong><\/p>\n<p><!--more--><\/p>\n<p>Az 1925-\u00f6s Giro-nak a h\u00edres Contsante Giradengo volt a nagy \u00e9s egyetlen szt\u00e1rja. Im\u00e1dta a k\u00f6z\u00f6ns\u00e9g, \u00e9s \u00e1ll\u00edt\u00f3lag a fasiszta rezsim is t\u00e1mogatta, \u00edgy jogosan \u00e9rezte \u00fagy, hogy k\u00f6nnyed\u00e9n bezsebeli hossz\u00fa karrierje \u00fajabb gy\u0151zelm\u00e9t. K\u00e9pzelhetj\u00fck, mekkora csal\u00f3d\u00e1st okozott, amikor egy n\u00e9vtelen kezd\u0151 ellopta el\u0151le az aranyat. Ez a fenegyerek volt Alfredo Binda, \u00e9s nemcsak 1925-ben, hanem 1927-ben, 1928-ban \u00e9s 1929-ben is gy\u0151zedelmeskedett a Giro-n.<\/p>\n<figure id=\"attachment_7810\" aria-describedby=\"caption-attachment-7810\" style=\"width: 1250px\" class=\"wp-caption alignnone\"><img loading=\"lazy\" decoding=\"async\" class=\"size-full wp-image-7810\" src=\"https:\/\/d2p6e6u75xmxt8.cloudfront.net\/12\/2020\/06\/Alfredo-Binda-profimedia-0331471163.jpg\" alt=\"\" width=\"1250\" height=\"904\" \/><figcaption id=\"caption-attachment-7810\" class=\"wp-caption-text\"><em>Maurice Acrhambaus \u00e9s az olasz Alfredo Binda a Giro c\u00e9legyenes\u00e9ben. \u00a9 AFP \/ Profimedia<\/em><\/figcaption><\/figure>\n<p>A tehets\u00e9g\u00e9t ugyan senki nem k\u00e9rd\u0151jelezhette meg, m\u00e9gsem igaz\u00e1n szerett\u00e9k a bajnokot, <em>\u2019Il Championissimo\u2019<\/em>-t. Mag\u00e1nak val\u00f3 figura volt, kiss\u00e9 furcsa \u00e9s rideg, a t\u00f6meg fel\u0151l \u00e1rad\u00f3 ellenszenvet pedig azzal a megjegyz\u00e9s\u00e9vel koron\u00e1zta meg, miszerint nem hajland\u00f3 semmilyen \u2019spettacolo\u2019-ban, vagyis dr\u00e1m\u00e1ban r\u00e9szt venni. Miut\u00e1n alaposan elk\u00f6nyvelt\u00e9k, mint bek\u00e9pzelt sznob, nem v\u00e1rhatta, hogy tisztelj\u00e9k el\u00e9rt teljes\u00edtm\u00e9nyei\u00e9rt.<\/p>\n<p>\u00cdgy alakult, hogy az 1930-as Giro el\u0151tt \u00f6sszedugt\u00e1k fej\u00fcket a szervez\u0151k. Ha Binda indul a versenyen, meg is fogja nyerni, ez tiszta sor volt. A t\u00f6meg \u0151rj\u00f6ngeni fog, a <em>La Gazetta dello Sport<\/em> \u00fajs\u00e1g elad\u00e1sai cs\u00f6kkennek \u00e9s a Giro unalmass\u00e1 v\u00e1lik. Mindezt meg kellett valahogyan el\u0151zni\u00fck, \u00edgy eld\u00f6nt\u00f6tt\u00e9k, hogy megakad\u00e1lyozz\u00e1k, hogy a n\u00e9pszer\u0171tlen bring\u00e1s elvigye a show-t, rossz ir\u00e1nyba.<\/p>\n<figure id=\"attachment_7811\" aria-describedby=\"caption-attachment-7811\" style=\"width: 1250px\" class=\"wp-caption alignnone\"><img loading=\"lazy\" decoding=\"async\" class=\"size-full wp-image-7811\" src=\"https:\/\/d2p6e6u75xmxt8.cloudfront.net\/12\/2020\/06\/Alfredo-Binda-profimedia-0285654340.jpg\" alt=\"\" width=\"1250\" height=\"887\" \/><figcaption id=\"caption-attachment-7811\" class=\"wp-caption-text\"><em>Alfredo Binda a m\u00e1sodik helyen halad az 1930-as Tour de France els\u0151 szakasz\u00e1n. \u00a9 AFP \/ Profimedia<\/em><\/figcaption><\/figure>\n<p>Ha pedig a sz\u00e9p sz\u00f3 nem haszn\u00e1l, akkor besz\u00e9l majd a p\u00e9nz. Szerencs\u00e9re Alfredo nyelv\u00e9n. Persze, kihagyhatja az idei versenyt. Azonban, az egy\u00e9rtelm\u0171, hogy megnyern\u00e9, teh\u00e1t meg kell kapnia a gy\u0151zelem\u00e9rt j\u00e1r\u00f3 p\u00e9nz\u00f6sszeget \u00e9s a hat szakaszverseny gy\u0151zelmi d\u00edj\u00e1t is. \u00c9pp egy kis fel\u00e1rral sz\u00e1molva, ez 22,500 l\u00edr\u00e1ra r\u00fag (Olaszorsz\u00e1g 2002-ben t\u00e9rt \u00e1t eur\u00f3ra).<\/p>\n<p>A sarokba szor\u00edtott szervez\u0151k k\u00e9nytelen voltak elfogadni az aj\u00e1nlatot. Alfredo \u00edgy a Tour de France 8. \u00e9s 9. szakasz\u00e1n gy\u0151zedelmeskedett ebben az \u00e9vben. 1933-ban azonban visszat\u00e9rt a Giro-ra, hogy megszerezze jogos tr\u00f3fe\u00e1j\u00e1t. Csak akkor l\u00e9legezhetett fel a biciklis vil\u00e1g, amikor 1935-ben bejelentette: ebben az \u00e9vben \u00e1ll utolj\u00e1ra a rajthoz. 120 gy\u0151zelem ut\u00e1n v\u00e9g\u00fcl val\u00f3ban visszavonult. \u00c9s hogy mi a t\u00f6rt\u00e9net tanuls\u00e1ga? Ha 1930-ban meg akartad volna nyerni a k\u00f6z\u00f6ns\u00e9g tetsz\u00e9s\u00e9t, kellettek volna a dr\u00e1mai elemek. N\u00e9lk\u00fcl\u00fck nem megy.<\/p>\n","protected":false},"excerpt":{"rendered":"<p>Van, hogy hi\u00e1ba vagy tehets\u00e9ges \u00e9s kiemelked\u0151, m\u00e9gsem leszel k\u00f6zkedvelt. Van, hogy ideges\u00edt\u0151nek tartanak. \u00c9s n\u00e9ha, nagyon ritk\u00e1n, de el\u0151fordul, [&hellip;]<\/p>\n","protected":false},"author":71,"featured_media":7813,"comment_status":"open","ping_status":"open","sticky":false,"template":"","format":"standard","meta":{"footnotes":""},"categories":[8],"tags":[],"global-categories":[],"class_list":["post-7809","post","type-post","status-publish","format-standard","has-post-thumbnail","hentry","category-orszaguti-kerekpar"],"yoast_head":"<!-- This site is optimized with the Yoast SEO Premium plugin v25.3 (Yoast SEO v25.9) - https:\/\/yoast.com\/wordpress\/plugins\/seo\/ -->\n<title>Senki nem k\u00edv\u00e1ncsi r\u00e1d! \u2013 Alfredo Binda t\u00f6rt\u00e9nete - \u0160koda We Love Cycling - Magyarorsz\u00e1g<\/title>\n<meta name=\"robots\" content=\"index, follow, max-snippet:-1, max-image-preview:large, max-video-preview:-1\" \/>\n<link rel=\"canonical\" href=\"https:\/\/www.welovecycling.com\/hu\/orszaguti-kerekpar\/senki-nem-kivancsi-rad-alfredo-binda-tortenete\/\" \/>\n<meta property=\"og:locale\" content=\"hu_HU\" \/>\n<meta property=\"og:type\" content=\"article\" \/>\n<meta property=\"og:title\" content=\"Senki nem k\u00edv\u00e1ncsi r\u00e1d! \u2013 Alfredo Binda t\u00f6rt\u00e9nete\" \/>\n<meta property=\"og:description\" content=\"Van, hogy hi\u00e1ba vagy tehets\u00e9ges \u00e9s kiemelked\u0151, m\u00e9gsem leszel k\u00f6zkedvelt. Van, hogy ideges\u00edt\u0151nek tartanak. \u00c9s n\u00e9ha, nagyon ritk\u00e1n, de el\u0151fordul, [&hellip;]\" \/>\n<meta property=\"og:url\" content=\"https:\/\/www.welovecycling.com\/hu\/orszaguti-kerekpar\/senki-nem-kivancsi-rad-alfredo-binda-tortenete\/\" \/>\n<meta property=\"og:site_name\" content=\"\u0160koda We Love Cycling - Magyarorsz\u00e1g\" \/>\n<meta property=\"article:publisher\" content=\"https:\/\/www.facebook.com\/WeLoveCyclingHungary\/\" \/>\n<meta property=\"article:published_time\" content=\"2020-06-11T07:00:18+00:00\" \/>\n<meta property=\"og:image\" content=\"https:\/\/d2p6e6u75xmxt8.cloudfront.net\/12\/2020\/06\/Alfredo-Binda-CVR.jpg\" \/>\n\t<meta property=\"og:image:width\" content=\"1366\" \/>\n\t<meta property=\"og:image:height\" content=\"600\" \/>\n\t<meta property=\"og:image:type\" content=\"image\/jpeg\" \/>\n<meta name=\"author\" content=\"hegyizs\" \/>\n<meta name=\"twitter:card\" content=\"summary_large_image\" \/>\n<meta name=\"twitter:label1\" content=\"Written by\" \/>\n\t<meta name=\"twitter:data1\" content=\"Tereza Antonova\" \/>\n\t<meta name=\"twitter:label2\" content=\"Est. reading time\" \/>\n\t<meta name=\"twitter:data2\" content=\"4\" \/>\n<script type=\"application\/ld+json\" class=\"yoast-schema-graph\">{\"@context\":\"https:\/\/schema.org\",\"@graph\":[{\"@type\":\"WebPage\",\"@id\":\"https:\/\/www.welovecycling.com\/hu\/orszaguti-kerekpar\/senki-nem-kivancsi-rad-alfredo-binda-tortenete\/\",\"url\":\"https:\/\/www.welovecycling.com\/hu\/orszaguti-kerekpar\/senki-nem-kivancsi-rad-alfredo-binda-tortenete\/\",\"name\":\"Senki nem k\u00edv\u00e1ncsi r\u00e1d! \u2013 Alfredo Binda t\u00f6rt\u00e9nete - \u0160koda We Love Cycling - Magyarorsz\u00e1g\",\"isPartOf\":{\"@id\":\"https:\/\/www.welovecycling.com\/hu\/#website\"},\"primaryImageOfPage\":{\"@id\":\"https:\/\/www.welovecycling.com\/hu\/orszaguti-kerekpar\/senki-nem-kivancsi-rad-alfredo-binda-tortenete\/#primaryimage\"},\"image\":{\"@id\":\"https:\/\/www.welovecycling.com\/hu\/orszaguti-kerekpar\/senki-nem-kivancsi-rad-alfredo-binda-tortenete\/#primaryimage\"},\"thumbnailUrl\":\"https:\/\/d2p6e6u75xmxt8.cloudfront.net\/12\/2020\/06\/Alfredo-Binda-CVR.jpg\",\"datePublished\":\"2020-06-11T07:00:18+00:00\",\"author\":{\"@id\":\"https:\/\/www.welovecycling.com\/hu\/#\/schema\/person\/414a2aebf1801691a5320edb6468e194\"},\"breadcrumb\":{\"@id\":\"https:\/\/www.welovecycling.com\/hu\/orszaguti-kerekpar\/senki-nem-kivancsi-rad-alfredo-binda-tortenete\/#breadcrumb\"},\"inLanguage\":\"hu\",\"potentialAction\":[{\"@type\":\"ReadAction\",\"target\":[\"https:\/\/www.welovecycling.com\/hu\/orszaguti-kerekpar\/senki-nem-kivancsi-rad-alfredo-binda-tortenete\/\"]}]},{\"@type\":\"ImageObject\",\"inLanguage\":\"hu\",\"@id\":\"https:\/\/www.welovecycling.com\/hu\/orszaguti-kerekpar\/senki-nem-kivancsi-rad-alfredo-binda-tortenete\/#primaryimage\",\"url\":\"https:\/\/d2p6e6u75xmxt8.cloudfront.net\/12\/2020\/06\/Alfredo-Binda-CVR.jpg\",\"contentUrl\":\"https:\/\/d2p6e6u75xmxt8.cloudfront.net\/12\/2020\/06\/Alfredo-Binda-CVR.jpg\",\"width\":1366,\"height\":600},{\"@type\":\"BreadcrumbList\",\"@id\":\"https:\/\/www.welovecycling.com\/hu\/orszaguti-kerekpar\/senki-nem-kivancsi-rad-alfredo-binda-tortenete\/#breadcrumb\",\"itemListElement\":[{\"@type\":\"ListItem\",\"position\":1,\"name\":\"Home\",\"item\":\"https:\/\/www.welovecycling.com\/hu\/\"},{\"@type\":\"ListItem\",\"position\":2,\"name\":\"Senki nem k\u00edv\u00e1ncsi r\u00e1d! \u2013 Alfredo Binda t\u00f6rt\u00e9nete\"}]},{\"@type\":\"WebSite\",\"@id\":\"https:\/\/www.welovecycling.com\/hu\/#website\",\"url\":\"https:\/\/www.welovecycling.com\/hu\/\",\"name\":\"\u0160koda We Love Cycling - Magyarorsz\u00e1g\",\"description\":\"\u0160koda WeLoveCycling\",\"potentialAction\":[{\"@type\":\"SearchAction\",\"target\":{\"@type\":\"EntryPoint\",\"urlTemplate\":\"https:\/\/www.welovecycling.com\/hu\/?s={search_term_string}\"},\"query-input\":{\"@type\":\"PropertyValueSpecification\",\"valueRequired\":true,\"valueName\":\"search_term_string\"}}],\"inLanguage\":\"hu\"},{\"@type\":\"Person\",\"@id\":\"https:\/\/www.welovecycling.com\/hu\/#\/schema\/person\/414a2aebf1801691a5320edb6468e194\",\"name\":\"hegyizs\",\"image\":{\"@type\":\"ImageObject\",\"inLanguage\":\"hu\",\"@id\":\"https:\/\/www.welovecycling.com\/hu\/#\/schema\/person\/image\/\",\"url\":\"https:\/\/secure.gravatar.com\/avatar\/02cf8a7906b8cf90cecb4679defac7cfd33a1c2e3b88e4903d947f3bb58eedd3?s=96&d=mm&r=g\",\"contentUrl\":\"https:\/\/secure.gravatar.com\/avatar\/02cf8a7906b8cf90cecb4679defac7cfd33a1c2e3b88e4903d947f3bb58eedd3?s=96&d=mm&r=g\",\"caption\":\"hegyizs\"},\"url\":\"https:\/\/www.welovecycling.com\/hu\/author\/hegyizs\/\"}]}<\/script>\n<!-- \/ Yoast SEO Premium plugin. -->","yoast_head_json":{"title":"Senki nem k\u00edv\u00e1ncsi r\u00e1d! \u2013 Alfredo Binda t\u00f6rt\u00e9nete - \u0160koda We Love Cycling - Magyarorsz\u00e1g","robots":{"index":"index","follow":"follow","max-snippet":"max-snippet:-1","max-image-preview":"max-image-preview:large","max-video-preview":"max-video-preview:-1"},"canonical":"https:\/\/www.welovecycling.com\/hu\/orszaguti-kerekpar\/senki-nem-kivancsi-rad-alfredo-binda-tortenete\/","og_locale":"hu_HU","og_type":"article","og_title":"Senki nem k\u00edv\u00e1ncsi r\u00e1d! \u2013 Alfredo Binda t\u00f6rt\u00e9nete","og_description":"Van, hogy hi\u00e1ba vagy tehets\u00e9ges \u00e9s kiemelked\u0151, m\u00e9gsem leszel k\u00f6zkedvelt. Van, hogy ideges\u00edt\u0151nek tartanak. \u00c9s n\u00e9ha, nagyon ritk\u00e1n, de el\u0151fordul, [&hellip;]","og_url":"https:\/\/www.welovecycling.com\/hu\/orszaguti-kerekpar\/senki-nem-kivancsi-rad-alfredo-binda-tortenete\/","og_site_name":"\u0160koda We Love Cycling - Magyarorsz\u00e1g","article_publisher":"https:\/\/www.facebook.com\/WeLoveCyclingHungary\/","article_published_time":"2020-06-11T07:00:18+00:00","og_image":[{"width":1366,"height":600,"url":"https:\/\/d2p6e6u75xmxt8.cloudfront.net\/12\/2020\/06\/Alfredo-Binda-CVR.jpg","type":"image\/jpeg"}],"author":"hegyizs","twitter_card":"summary_large_image","twitter_misc":{"Written by":"Tereza Antonova","Est. reading time":"4"},"schema":{"@context":"https:\/\/schema.org","@graph":[{"@type":"WebPage","@id":"https:\/\/www.welovecycling.com\/hu\/orszaguti-kerekpar\/senki-nem-kivancsi-rad-alfredo-binda-tortenete\/","url":"https:\/\/www.welovecycling.com\/hu\/orszaguti-kerekpar\/senki-nem-kivancsi-rad-alfredo-binda-tortenete\/","name":"Senki nem k\u00edv\u00e1ncsi r\u00e1d! \u2013 Alfredo Binda t\u00f6rt\u00e9nete - \u0160koda We Love Cycling - Magyarorsz\u00e1g","isPartOf":{"@id":"https:\/\/www.welovecycling.com\/hu\/#website"},"primaryImageOfPage":{"@id":"https:\/\/www.welovecycling.com\/hu\/orszaguti-kerekpar\/senki-nem-kivancsi-rad-alfredo-binda-tortenete\/#primaryimage"},"image":{"@id":"https:\/\/www.welovecycling.com\/hu\/orszaguti-kerekpar\/senki-nem-kivancsi-rad-alfredo-binda-tortenete\/#primaryimage"},"thumbnailUrl":"https:\/\/d2p6e6u75xmxt8.cloudfront.net\/12\/2020\/06\/Alfredo-Binda-CVR.jpg","datePublished":"2020-06-11T07:00:18+00:00","author":{"@id":"https:\/\/www.welovecycling.com\/hu\/#\/schema\/person\/414a2aebf1801691a5320edb6468e194"},"breadcrumb":{"@id":"https:\/\/www.welovecycling.com\/hu\/orszaguti-kerekpar\/senki-nem-kivancsi-rad-alfredo-binda-tortenete\/#breadcrumb"},"inLanguage":"hu","potentialAction":[{"@type":"ReadAction","target":["https:\/\/www.welovecycling.com\/hu\/orszaguti-kerekpar\/senki-nem-kivancsi-rad-alfredo-binda-tortenete\/"]}]},{"@type":"ImageObject","inLanguage":"hu","@id":"https:\/\/www.welovecycling.com\/hu\/orszaguti-kerekpar\/senki-nem-kivancsi-rad-alfredo-binda-tortenete\/#primaryimage","url":"https:\/\/d2p6e6u75xmxt8.cloudfront.net\/12\/2020\/06\/Alfredo-Binda-CVR.jpg","contentUrl":"https:\/\/d2p6e6u75xmxt8.cloudfront.net\/12\/2020\/06\/Alfredo-Binda-CVR.jpg","width":1366,"height":600},{"@type":"BreadcrumbList","@id":"https:\/\/www.welovecycling.com\/hu\/orszaguti-kerekpar\/senki-nem-kivancsi-rad-alfredo-binda-tortenete\/#breadcrumb","itemListElement":[{"@type":"ListItem","position":1,"name":"Home","item":"https:\/\/www.welovecycling.com\/hu\/"},{"@type":"ListItem","position":2,"name":"Senki nem k\u00edv\u00e1ncsi r\u00e1d! \u2013 Alfredo Binda t\u00f6rt\u00e9nete"}]},{"@type":"WebSite","@id":"https:\/\/www.welovecycling.com\/hu\/#website","url":"https:\/\/www.welovecycling.com\/hu\/","name":"\u0160koda We Love Cycling - Magyarorsz\u00e1g","description":"\u0160koda WeLoveCycling","potentialAction":[{"@type":"SearchAction","target":{"@type":"EntryPoint","urlTemplate":"https:\/\/www.welovecycling.com\/hu\/?s={search_term_string}"},"query-input":{"@type":"PropertyValueSpecification","valueRequired":true,"valueName":"search_term_string"}}],"inLanguage":"hu"},{"@type":"Person","@id":"https:\/\/www.welovecycling.com\/hu\/#\/schema\/person\/414a2aebf1801691a5320edb6468e194","name":"hegyizs","image":{"@type":"ImageObject","inLanguage":"hu","@id":"https:\/\/www.welovecycling.com\/hu\/#\/schema\/person\/image\/","url":"https:\/\/secure.gravatar.com\/avatar\/02cf8a7906b8cf90cecb4679defac7cfd33a1c2e3b88e4903d947f3bb58eedd3?s=96&d=mm&r=g","contentUrl":"https:\/\/secure.gravatar.com\/avatar\/02cf8a7906b8cf90cecb4679defac7cfd33a1c2e3b88e4903d947f3bb58eedd3?s=96&d=mm&r=g","caption":"hegyizs"},"url":"https:\/\/www.welovecycling.com\/hu\/author\/hegyizs\/"}]}},"_links":{"self":[{"href":"https:\/\/www.welovecycling.com\/hu\/wp-json\/wp\/v2\/posts\/7809","targetHints":{"allow":["GET"]}}],"collection":[{"href":"https:\/\/www.welovecycling.com\/hu\/wp-json\/wp\/v2\/posts"}],"about":[{"href":"https:\/\/www.welovecycling.com\/hu\/wp-json\/wp\/v2\/types\/post"}],"author":[{"embeddable":true,"href":"https:\/\/www.welovecycling.com\/hu\/wp-json\/wp\/v2\/users\/71"}],"replies":[{"embeddable":true,"href":"https:\/\/www.welovecycling.com\/hu\/wp-json\/wp\/v2\/comments?post=7809"}],"version-history":[{"count":2,"href":"https:\/\/www.welovecycling.com\/hu\/wp-json\/wp\/v2\/posts\/7809\/revisions"}],"predecessor-version":[{"id":7825,"href":"https:\/\/www.welovecycling.com\/hu\/wp-json\/wp\/v2\/posts\/7809\/revisions\/7825"}],"wp:featuredmedia":[{"embeddable":true,"href":"https:\/\/www.welovecycling.com\/hu\/wp-json\/wp\/v2\/media\/7813"}],"wp:attachment":[{"href":"https:\/\/www.welovecycling.com\/hu\/wp-json\/wp\/v2\/media?parent=7809"}],"wp:term":[{"taxonomy":"category","embeddable":true,"href":"https:\/\/www.welovecycling.com\/hu\/wp-json\/wp\/v2\/categories?post=7809"},{"taxonomy":"post_tag","embeddable":true,"href":"https:\/\/www.welovecycling.com\/hu\/wp-json\/wp\/v2\/tags?post=7809"},{"taxonomy":"global-categories","embeddable":true,"href":"https:\/\/www.welovecycling.com\/hu\/wp-json\/wp\/v2\/global-categories?post=7809"}],"curies":[{"name":"wp","href":"https:\/\/api.w.org\/{rel}","templated":true}]}}