{"id":7801,"date":"2020-06-02T08:00:04","date_gmt":"2020-06-02T07:00:04","guid":{"rendered":"https:\/\/www.welovecycling.com\/hu\/?p=7801"},"modified":"2020-06-02T18:56:43","modified_gmt":"2020-06-02T17:56:43","slug":"a-luxemburgi-orszagutis-andy-shleck-a-ride2unite-elo-adasaban","status":"publish","type":"post","link":"https:\/\/www.welovecycling.com\/hu\/blog\/a-luxemburgi-orszagutis-andy-shleck-a-ride2unite-elo-adasaban\/","title":{"rendered":"A luxemburgi orsz\u00e1g\u00fatis, Andy Shleck a #Ride2Unite \u00e9l\u0151 ad\u00e1s\u00e1ban"},"content":{"rendered":"<p><strong>\u00dajra j\u00f6n a hetente megrendezett #Ride2Unite kamp\u00e1ny, melynek c\u00e9lja, hogy a figyelem k\u00f6zpontj\u00e1ba emelje a ker\u00e9kp\u00e1roz\u00e1st, mint sportot \u2013 ahogy azt meg is \u00e9rdemli. Az \u00e9l\u0151 interj\u00fakb\u00f3l \u00e1ll\u00f3 sorozatot a spanyol sport\u00fajs\u00e1g\u00edr\u00f3 \u00e9s az Eurosport komment\u00e1tora, Laura Meseguer vezeti. Az eheti ad\u00e1sban az orsz\u00e1g\u00fati ex-versenyz\u0151vel, Andy Raymond Schleck-kel besz\u00e9lget majd.<\/strong><\/p>\n<p><!--more--><\/p>\n<p>A profi ker\u00e9kp\u00e1rosoknak sokszor eg\u00e9sz csal\u00e1djuk bringa\u0151r\u00fclt. \u00cdgy van ez Andy Schleck-kel is, aki 2010-ben megnyerte a Tour de France-t: b\u00e1tyja, apja \u00e9s \u00e9desapja is nagy ker\u00e9kp\u00e1ros m\u00falttal b\u00fcszk\u00e9lkedhet. Amikor 2005-ben bel\u00e9pett a profik k\u00f6z\u00e9, Schleck gyakorlatilag egy \u00e9jszaka alatt v\u00e1lt \u00fcnnepeltt\u00e9. 21 \u00e9vesen m\u00e1sodikk\u00e9nt \u00e9rt be a c\u00e9lba a Giro d\u2019Italia versenyen, a gy\u0151ztes Danilo Di Luca m\u00f6g\u00f6tt. Jelenleg a \u0160koda nagyk\u00f6vetek\u00e9nt tev\u00e9kenykedik Luxemburgban \u00e9s a Tour de France esem\u00e9nyein, emellett pedig edz\u0151k\u00e9nt \u00e9s tan\u00e1csad\u00f3k\u00e9nt is dolgozik. Egy s\u00e9r\u00fcl\u00e9s miatt a v\u00e1rtn\u00e1l kor\u00e1bban nyugd\u00edjba vonult, azonban m\u00e9g mindig t\u00f6bb sz\u00e1l f\u0171zi szeretett hobbij\u00e1hoz: vett egy apr\u00f3cska bicikliboltot Luxemburgban, itt t\u00f6lti szabadidej\u00e9nek nagy r\u00e9sz\u00e9t, hogy seg\u00edtsen minden v\u00e1s\u00e1rl\u00f3j\u00e1nak megtal\u00e1lni \u00e1lombring\u00e1j\u00e1t.<\/p>\n<figure id=\"attachment_7802\" aria-describedby=\"caption-attachment-7802\" style=\"width: 1800px\" class=\"wp-caption alignnone\"><a href=\"https:\/\/d2p6e6u75xmxt8.cloudfront.net\/2\/2019\/07\/profimedia-0220691891.jpg\"><img loading=\"lazy\" decoding=\"async\" class=\"wp-image-7802 size-full\" src=\"https:\/\/d2p6e6u75xmxt8.cloudfront.net\/12\/2020\/06\/profimedia-0220691891.jpg\" alt=\"\" width=\"1800\" height=\"1196\" \/><\/a><figcaption id=\"caption-attachment-7802\" class=\"wp-caption-text\">A Tour de France-gy\u0151ztes Andy Schleck. \u00a9 Profimedia, TEMP Shutterstock Editorial<\/figcaption><\/figure>\n<p>A holnapi \u00e9l\u0151 ad\u00e1sban Laura Meseguer term\u00e9szetesen \u00e9rdekl\u0151dni fog arr\u00f3l, hogyan lett Andy profi ker\u00e9kp\u00e1rosb\u00f3l bolttulajdonos, \u00e9s hogyan v\u00e1ltott a szigor\u00fa beoszt\u00e1sr\u00f3l a kisv\u00e1rosi \u00e9letre. Emellett sz\u00f3ba ker\u00fclnek majd Andy legkedvesebb \u00e9lm\u00e9nyei a versenyek id\u0151szak\u00e1b\u00f3l \u00e9s tan\u00e1csokat is ad a fiatal sportol\u00f3knak. Kapcsol\u00f3dj be te is az angol nyelv\u0171 ad\u00e1sba 2020. j\u00fanius 4-\u00e9n, cs\u00fct\u00f6rt\u00f6k\u00f6n, d\u00e9lut\u00e1n 6 \u00f3rakor! Instagramon \u00e9s a <a href=\"https:\/\/www.facebook.com\/events\/540361803284816\/\">Facebook-esem\u00e9nyhez csatlakozva<\/a> is n\u00e9zheted az interj\u00fat.<\/p>\n<p>A legut\u00f3bbi besz\u00e9lget\u00e9st, mely a holland Laurens ten Dam-mal zajlott, a WLC <a href=\"https:\/\/www.instagram.com\/wlcmagazine\/\">nemzetk\u00f6zi Instagram oldal\u00e1n<\/a> \u00e9rheted el.<\/p>\n","protected":false},"excerpt":{"rendered":"<p>\u00dajra j\u00f6n a hetente megrendezett #Ride2Unite kamp\u00e1ny, melynek c\u00e9lja, hogy a figyelem k\u00f6zpontj\u00e1ba emelje a ker\u00e9kp\u00e1roz\u00e1st, mint sportot \u2013 ahogy [&hellip;]<\/p>\n","protected":false},"author":71,"featured_media":7804,"comment_status":"open","ping_status":"open","sticky":false,"template":"","format":"standard","meta":{"footnotes":""},"categories":[13],"tags":[],"global-categories":[],"class_list":["post-7801","post","type-post","status-publish","format-standard","has-post-thumbnail","hentry","category-blog"],"yoast_head":"<!-- This site is optimized with the Yoast SEO Premium plugin v25.3 (Yoast SEO v25.9) - https:\/\/yoast.com\/wordpress\/plugins\/seo\/ -->\n<title>A luxemburgi orsz\u00e1g\u00fatis, Andy Shleck a #Ride2Unite \u00e9l\u0151 ad\u00e1s\u00e1ban - \u0160koda We Love Cycling - Magyarorsz\u00e1g<\/title>\n<meta name=\"robots\" content=\"index, follow, max-snippet:-1, max-image-preview:large, max-video-preview:-1\" \/>\n<link rel=\"canonical\" href=\"https:\/\/www.welovecycling.com\/hu\/blog\/a-luxemburgi-orszagutis-andy-shleck-a-ride2unite-elo-adasaban\/\" \/>\n<meta property=\"og:locale\" content=\"hu_HU\" \/>\n<meta property=\"og:type\" content=\"article\" \/>\n<meta property=\"og:title\" content=\"A luxemburgi orsz\u00e1g\u00fatis, Andy Shleck a #Ride2Unite \u00e9l\u0151 ad\u00e1s\u00e1ban\" \/>\n<meta property=\"og:description\" content=\"\u00dajra j\u00f6n a hetente megrendezett #Ride2Unite kamp\u00e1ny, melynek c\u00e9lja, hogy a figyelem k\u00f6zpontj\u00e1ba emelje a ker\u00e9kp\u00e1roz\u00e1st, mint sportot \u2013 ahogy [&hellip;]\" \/>\n<meta property=\"og:url\" content=\"https:\/\/www.welovecycling.com\/hu\/blog\/a-luxemburgi-orszagutis-andy-shleck-a-ride2unite-elo-adasaban\/\" \/>\n<meta property=\"og:site_name\" content=\"\u0160koda We Love Cycling - Magyarorsz\u00e1g\" \/>\n<meta property=\"article:publisher\" content=\"https:\/\/www.facebook.com\/WeLoveCyclingHungary\/\" \/>\n<meta property=\"article:published_time\" content=\"2020-06-02T07:00:04+00:00\" \/>\n<meta property=\"article:modified_time\" content=\"2020-06-02T17:56:43+00:00\" \/>\n<meta property=\"og:image\" content=\"https:\/\/d2p6e6u75xmxt8.cloudfront.net\/12\/2020\/06\/r2u_linkshare_1200x628_Andy.jpg\" \/>\n\t<meta property=\"og:image:width\" content=\"1200\" \/>\n\t<meta property=\"og:image:height\" content=\"628\" \/>\n\t<meta property=\"og:image:type\" content=\"image\/jpeg\" \/>\n<meta name=\"author\" content=\"hegyizs\" \/>\n<meta name=\"twitter:card\" content=\"summary_large_image\" \/>\n<meta name=\"twitter:label1\" content=\"Written by\" \/>\n\t<meta name=\"twitter:data1\" content=\"hegyizs\" \/>\n\t<meta name=\"twitter:label2\" content=\"Est. reading time\" \/>\n\t<meta name=\"twitter:data2\" content=\"3\" \/>\n<script type=\"application\/ld+json\" class=\"yoast-schema-graph\">{\"@context\":\"https:\/\/schema.org\",\"@graph\":[{\"@type\":\"WebPage\",\"@id\":\"https:\/\/www.welovecycling.com\/hu\/blog\/a-luxemburgi-orszagutis-andy-shleck-a-ride2unite-elo-adasaban\/\",\"url\":\"https:\/\/www.welovecycling.com\/hu\/blog\/a-luxemburgi-orszagutis-andy-shleck-a-ride2unite-elo-adasaban\/\",\"name\":\"A luxemburgi orsz\u00e1g\u00fatis, Andy Shleck a #Ride2Unite \u00e9l\u0151 ad\u00e1s\u00e1ban - \u0160koda We Love Cycling - Magyarorsz\u00e1g\",\"isPartOf\":{\"@id\":\"https:\/\/www.welovecycling.com\/hu\/#website\"},\"primaryImageOfPage\":{\"@id\":\"https:\/\/www.welovecycling.com\/hu\/blog\/a-luxemburgi-orszagutis-andy-shleck-a-ride2unite-elo-adasaban\/#primaryimage\"},\"image\":{\"@id\":\"https:\/\/www.welovecycling.com\/hu\/blog\/a-luxemburgi-orszagutis-andy-shleck-a-ride2unite-elo-adasaban\/#primaryimage\"},\"thumbnailUrl\":\"https:\/\/d2p6e6u75xmxt8.cloudfront.net\/12\/2020\/06\/r2u_linkshare_1200x628_Andy.jpg\",\"datePublished\":\"2020-06-02T07:00:04+00:00\",\"dateModified\":\"2020-06-02T17:56:43+00:00\",\"author\":{\"@id\":\"https:\/\/www.welovecycling.com\/hu\/#\/schema\/person\/414a2aebf1801691a5320edb6468e194\"},\"breadcrumb\":{\"@id\":\"https:\/\/www.welovecycling.com\/hu\/blog\/a-luxemburgi-orszagutis-andy-shleck-a-ride2unite-elo-adasaban\/#breadcrumb\"},\"inLanguage\":\"hu\",\"potentialAction\":[{\"@type\":\"ReadAction\",\"target\":[\"https:\/\/www.welovecycling.com\/hu\/blog\/a-luxemburgi-orszagutis-andy-shleck-a-ride2unite-elo-adasaban\/\"]}]},{\"@type\":\"ImageObject\",\"inLanguage\":\"hu\",\"@id\":\"https:\/\/www.welovecycling.com\/hu\/blog\/a-luxemburgi-orszagutis-andy-shleck-a-ride2unite-elo-adasaban\/#primaryimage\",\"url\":\"https:\/\/d2p6e6u75xmxt8.cloudfront.net\/12\/2020\/06\/r2u_linkshare_1200x628_Andy.jpg\",\"contentUrl\":\"https:\/\/d2p6e6u75xmxt8.cloudfront.net\/12\/2020\/06\/r2u_linkshare_1200x628_Andy.jpg\",\"width\":1200,\"height\":628},{\"@type\":\"BreadcrumbList\",\"@id\":\"https:\/\/www.welovecycling.com\/hu\/blog\/a-luxemburgi-orszagutis-andy-shleck-a-ride2unite-elo-adasaban\/#breadcrumb\",\"itemListElement\":[{\"@type\":\"ListItem\",\"position\":1,\"name\":\"Home\",\"item\":\"https:\/\/www.welovecycling.com\/hu\/\"},{\"@type\":\"ListItem\",\"position\":2,\"name\":\"A luxemburgi orsz\u00e1g\u00fatis, Andy Shleck a #Ride2Unite \u00e9l\u0151 ad\u00e1s\u00e1ban\"}]},{\"@type\":\"WebSite\",\"@id\":\"https:\/\/www.welovecycling.com\/hu\/#website\",\"url\":\"https:\/\/www.welovecycling.com\/hu\/\",\"name\":\"\u0160koda We Love Cycling - Magyarorsz\u00e1g\",\"description\":\"\u0160koda WeLoveCycling\",\"potentialAction\":[{\"@type\":\"SearchAction\",\"target\":{\"@type\":\"EntryPoint\",\"urlTemplate\":\"https:\/\/www.welovecycling.com\/hu\/?s={search_term_string}\"},\"query-input\":{\"@type\":\"PropertyValueSpecification\",\"valueRequired\":true,\"valueName\":\"search_term_string\"}}],\"inLanguage\":\"hu\"},{\"@type\":\"Person\",\"@id\":\"https:\/\/www.welovecycling.com\/hu\/#\/schema\/person\/414a2aebf1801691a5320edb6468e194\",\"name\":\"hegyizs\",\"image\":{\"@type\":\"ImageObject\",\"inLanguage\":\"hu\",\"@id\":\"https:\/\/www.welovecycling.com\/hu\/#\/schema\/person\/image\/\",\"url\":\"https:\/\/secure.gravatar.com\/avatar\/02cf8a7906b8cf90cecb4679defac7cfd33a1c2e3b88e4903d947f3bb58eedd3?s=96&d=mm&r=g\",\"contentUrl\":\"https:\/\/secure.gravatar.com\/avatar\/02cf8a7906b8cf90cecb4679defac7cfd33a1c2e3b88e4903d947f3bb58eedd3?s=96&d=mm&r=g\",\"caption\":\"hegyizs\"},\"url\":\"https:\/\/www.welovecycling.com\/hu\/author\/hegyizs\/\"}]}<\/script>\n<!-- \/ Yoast SEO Premium plugin. -->","yoast_head_json":{"title":"A luxemburgi orsz\u00e1g\u00fatis, Andy Shleck a #Ride2Unite \u00e9l\u0151 ad\u00e1s\u00e1ban - \u0160koda We Love Cycling - Magyarorsz\u00e1g","robots":{"index":"index","follow":"follow","max-snippet":"max-snippet:-1","max-image-preview":"max-image-preview:large","max-video-preview":"max-video-preview:-1"},"canonical":"https:\/\/www.welovecycling.com\/hu\/blog\/a-luxemburgi-orszagutis-andy-shleck-a-ride2unite-elo-adasaban\/","og_locale":"hu_HU","og_type":"article","og_title":"A luxemburgi orsz\u00e1g\u00fatis, Andy Shleck a #Ride2Unite \u00e9l\u0151 ad\u00e1s\u00e1ban","og_description":"\u00dajra j\u00f6n a hetente megrendezett #Ride2Unite kamp\u00e1ny, melynek c\u00e9lja, hogy a figyelem k\u00f6zpontj\u00e1ba emelje a ker\u00e9kp\u00e1roz\u00e1st, mint sportot \u2013 ahogy [&hellip;]","og_url":"https:\/\/www.welovecycling.com\/hu\/blog\/a-luxemburgi-orszagutis-andy-shleck-a-ride2unite-elo-adasaban\/","og_site_name":"\u0160koda We Love Cycling - Magyarorsz\u00e1g","article_publisher":"https:\/\/www.facebook.com\/WeLoveCyclingHungary\/","article_published_time":"2020-06-02T07:00:04+00:00","article_modified_time":"2020-06-02T17:56:43+00:00","og_image":[{"width":1200,"height":628,"url":"https:\/\/d2p6e6u75xmxt8.cloudfront.net\/12\/2020\/06\/r2u_linkshare_1200x628_Andy.jpg","type":"image\/jpeg"}],"author":"hegyizs","twitter_card":"summary_large_image","twitter_misc":{"Written by":"hegyizs","Est. reading time":"3"},"schema":{"@context":"https:\/\/schema.org","@graph":[{"@type":"WebPage","@id":"https:\/\/www.welovecycling.com\/hu\/blog\/a-luxemburgi-orszagutis-andy-shleck-a-ride2unite-elo-adasaban\/","url":"https:\/\/www.welovecycling.com\/hu\/blog\/a-luxemburgi-orszagutis-andy-shleck-a-ride2unite-elo-adasaban\/","name":"A luxemburgi orsz\u00e1g\u00fatis, Andy Shleck a #Ride2Unite \u00e9l\u0151 ad\u00e1s\u00e1ban - \u0160koda We Love Cycling - Magyarorsz\u00e1g","isPartOf":{"@id":"https:\/\/www.welovecycling.com\/hu\/#website"},"primaryImageOfPage":{"@id":"https:\/\/www.welovecycling.com\/hu\/blog\/a-luxemburgi-orszagutis-andy-shleck-a-ride2unite-elo-adasaban\/#primaryimage"},"image":{"@id":"https:\/\/www.welovecycling.com\/hu\/blog\/a-luxemburgi-orszagutis-andy-shleck-a-ride2unite-elo-adasaban\/#primaryimage"},"thumbnailUrl":"https:\/\/d2p6e6u75xmxt8.cloudfront.net\/12\/2020\/06\/r2u_linkshare_1200x628_Andy.jpg","datePublished":"2020-06-02T07:00:04+00:00","dateModified":"2020-06-02T17:56:43+00:00","author":{"@id":"https:\/\/www.welovecycling.com\/hu\/#\/schema\/person\/414a2aebf1801691a5320edb6468e194"},"breadcrumb":{"@id":"https:\/\/www.welovecycling.com\/hu\/blog\/a-luxemburgi-orszagutis-andy-shleck-a-ride2unite-elo-adasaban\/#breadcrumb"},"inLanguage":"hu","potentialAction":[{"@type":"ReadAction","target":["https:\/\/www.welovecycling.com\/hu\/blog\/a-luxemburgi-orszagutis-andy-shleck-a-ride2unite-elo-adasaban\/"]}]},{"@type":"ImageObject","inLanguage":"hu","@id":"https:\/\/www.welovecycling.com\/hu\/blog\/a-luxemburgi-orszagutis-andy-shleck-a-ride2unite-elo-adasaban\/#primaryimage","url":"https:\/\/d2p6e6u75xmxt8.cloudfront.net\/12\/2020\/06\/r2u_linkshare_1200x628_Andy.jpg","contentUrl":"https:\/\/d2p6e6u75xmxt8.cloudfront.net\/12\/2020\/06\/r2u_linkshare_1200x628_Andy.jpg","width":1200,"height":628},{"@type":"BreadcrumbList","@id":"https:\/\/www.welovecycling.com\/hu\/blog\/a-luxemburgi-orszagutis-andy-shleck-a-ride2unite-elo-adasaban\/#breadcrumb","itemListElement":[{"@type":"ListItem","position":1,"name":"Home","item":"https:\/\/www.welovecycling.com\/hu\/"},{"@type":"ListItem","position":2,"name":"A luxemburgi orsz\u00e1g\u00fatis, Andy Shleck a #Ride2Unite \u00e9l\u0151 ad\u00e1s\u00e1ban"}]},{"@type":"WebSite","@id":"https:\/\/www.welovecycling.com\/hu\/#website","url":"https:\/\/www.welovecycling.com\/hu\/","name":"\u0160koda We Love Cycling - Magyarorsz\u00e1g","description":"\u0160koda WeLoveCycling","potentialAction":[{"@type":"SearchAction","target":{"@type":"EntryPoint","urlTemplate":"https:\/\/www.welovecycling.com\/hu\/?s={search_term_string}"},"query-input":{"@type":"PropertyValueSpecification","valueRequired":true,"valueName":"search_term_string"}}],"inLanguage":"hu"},{"@type":"Person","@id":"https:\/\/www.welovecycling.com\/hu\/#\/schema\/person\/414a2aebf1801691a5320edb6468e194","name":"hegyizs","image":{"@type":"ImageObject","inLanguage":"hu","@id":"https:\/\/www.welovecycling.com\/hu\/#\/schema\/person\/image\/","url":"https:\/\/secure.gravatar.com\/avatar\/02cf8a7906b8cf90cecb4679defac7cfd33a1c2e3b88e4903d947f3bb58eedd3?s=96&d=mm&r=g","contentUrl":"https:\/\/secure.gravatar.com\/avatar\/02cf8a7906b8cf90cecb4679defac7cfd33a1c2e3b88e4903d947f3bb58eedd3?s=96&d=mm&r=g","caption":"hegyizs"},"url":"https:\/\/www.welovecycling.com\/hu\/author\/hegyizs\/"}]}},"_links":{"self":[{"href":"https:\/\/www.welovecycling.com\/hu\/wp-json\/wp\/v2\/posts\/7801","targetHints":{"allow":["GET"]}}],"collection":[{"href":"https:\/\/www.welovecycling.com\/hu\/wp-json\/wp\/v2\/posts"}],"about":[{"href":"https:\/\/www.welovecycling.com\/hu\/wp-json\/wp\/v2\/types\/post"}],"author":[{"embeddable":true,"href":"https:\/\/www.welovecycling.com\/hu\/wp-json\/wp\/v2\/users\/71"}],"replies":[{"embeddable":true,"href":"https:\/\/www.welovecycling.com\/hu\/wp-json\/wp\/v2\/comments?post=7801"}],"version-history":[{"count":2,"href":"https:\/\/www.welovecycling.com\/hu\/wp-json\/wp\/v2\/posts\/7801\/revisions"}],"predecessor-version":[{"id":7805,"href":"https:\/\/www.welovecycling.com\/hu\/wp-json\/wp\/v2\/posts\/7801\/revisions\/7805"}],"wp:featuredmedia":[{"embeddable":true,"href":"https:\/\/www.welovecycling.com\/hu\/wp-json\/wp\/v2\/media\/7804"}],"wp:attachment":[{"href":"https:\/\/www.welovecycling.com\/hu\/wp-json\/wp\/v2\/media?parent=7801"}],"wp:term":[{"taxonomy":"category","embeddable":true,"href":"https:\/\/www.welovecycling.com\/hu\/wp-json\/wp\/v2\/categories?post=7801"},{"taxonomy":"post_tag","embeddable":true,"href":"https:\/\/www.welovecycling.com\/hu\/wp-json\/wp\/v2\/tags?post=7801"},{"taxonomy":"global-categories","embeddable":true,"href":"https:\/\/www.welovecycling.com\/hu\/wp-json\/wp\/v2\/global-categories?post=7801"}],"curies":[{"name":"wp","href":"https:\/\/api.w.org\/{rel}","templated":true}]}}