{"id":7782,"date":"2020-06-07T08:00:33","date_gmt":"2020-06-07T07:00:33","guid":{"rendered":"https:\/\/www.welovecycling.com\/hu\/?p=7782"},"modified":"2020-05-29T16:41:27","modified_gmt":"2020-05-29T15:41:27","slug":"mit-szoltok-egy-repulo-biciklihez","status":"publish","type":"post","link":"https:\/\/www.welovecycling.com\/hu\/adrenalin\/mit-szoltok-egy-repulo-biciklihez\/","title":{"rendered":"Mit sz\u00f3ltok egy rep\u00fcl\u0151 biciklihez?"},"content":{"rendered":"<p><strong>Az ember az\u00f3ta \u00e1lmodik a rep\u00fcl\u00e9sr\u0151l, ami\u00f3ta el\u0151sz\u00f6r l\u00e1tott madarat. A leg\u0151sibb istenek tudtak rep\u00fclni, a g\u00f6r\u00f6g Daidalosz m\u00edtosz\u00e1r\u00f3l pedig mindenki hallott: sastollakb\u00f3l k\u00e9sz\u00edtett mag\u00e1nak sz\u00e1rnyakat, \u00e9s fi\u00e1val, Ikarosszal \u00e1trep\u00fclt az \u00f3ce\u00e1n f\u00f6l\u00f6tt. Azonban Ikaroszt megr\u00e9szeg\u00edtette a rep\u00fcl\u00e9s \u00e9lm\u00e9nye, t\u00fal k\u00f6zel sz\u00e1llt a naphoz, \u00e9s a tengerbe veszett.<\/strong><!--more--><\/p>\n<p>Ma m\u00e1r t\u00fal k\u00f6nny\u0171 rep\u00fclni. Lefoglalsz egy rep\u00fcl\u0151utat a neten, taxival kim\u00e9sz a rept\u00e9rre, becsekkolsz \u00e9s percek m\u00falva m\u00e1r fent is vagy az \u00e9gen. Vagy benevezhetsz ejt\u0151erny\u0151s ugr\u00e1sra is.<\/p>\n<p>De mi a helyzet a bicikliz\u00e9s \u00e9s a rep\u00fcl\u00e9s \u00f6sszefon\u00e1s\u00e1val? El\u00e9g kir\u00e1ly lenne! Elkerekezel egy megfelel\u0151 felsz\u00e1ll\u00f3helyre, ott beind\u00edtod a motort, kiterjeszted a sz\u00e1rnyakat, \u00e9s m\u00e1r rep\u00fclsz is. Vagy elvar\u00e1zsolod a bring\u00e1d, hogy \u00e1tszeld vele a terepet, amin nem lehet tekerni. Mint Stephen Spielberg E.T-je. Tal\u00e1n nem t\u00fal val\u00f3s\u00e1gh\u0171, de ez soha nem volt akad\u00e1lya az emberi k\u00e9pzel\u0151er\u0151nek.<\/p>\n<p>2013-ban k\u00e9t, egym\u00e1st\u00f3l f\u00fcggetlen m\u00e9rn\u00f6ki csoport \u00e1ll\u00edtotta, hogy meg\u00e9p\u00edtette az els\u0151 funkcion\u00e1l\u00f3 rep\u00fcl\u0151 biciklit. Az egyik csapat cseh volt. H\u00e1rom cseh c\u00e9g, a Duratec, a Technodat \u00e9s az Evektor fogott \u00f6ssze a France\u2019s Dassault Systemes-szel, hogy megalkoss\u00e1k az \u201eF-Bike\u201d modellt. A projekt c\u00e9lja az volt, hogy <em>\u201ea rep\u00fcl\u0151 ker\u00e9kp\u00e1r rendelkezzen egy hagyom\u00e1nyos ker\u00e9kp\u00e1r minden tulajdons\u00e1g\u00e1val, pl. lehessen eljutni vele A-b\u00f3l B-be (a nagyobb s\u00falya miatt r\u00e1seg\u00edt\u00e9ssel), \u00e9s egy megfelel\u0151 helyen 3-5 perc alatt emelkedjen a leveg\u0151be.\u201d<\/em><\/p>\n<p>Ugyanezen \u00e9v j\u00fanius\u00e1ban, a k\u00e9sz\u00edt\u0151k Pr\u00e1g\u00e1ban mutatt\u00e1k be a modellt. A bicikli 85 kg-t nyomott \u2013 nem a legjobb orsz\u00e1g\u00fati versenyekhez \u2013 ami azt jelentette, hogy maximum m\u00e9g 85 kg-t b\u00edrt el ahhoz, hogy felemelkedjen. Hangos volt, b\u00f6szme, g\u00f6cs\u00f6rt\u00f6s kerekekkel \u00e9s 6 rotorral, melyek 47 kW teljes\u00edtm\u00e9nyt fogyasztottak a j\u00e1rg\u00e1nyra szerelt akkumul\u00e1torokb\u00f3l. \u00c9s rep\u00fclt: egy hang\u00e1rban, egy b\u00e1buval a nyerg\u00e9ben.<\/p>\n<lite-youtube videoid=TtylFugOT_4 params=\"enablejsapi=1\" style=\"background-image: url('https:\/\/i.ytimg.com\/vi_webp\/TtylFugOT_4\/maxresdefault.webp');\"><\/lite-youtube>\n<p>Nem tudni, hogy rep\u00edtett-e a magass\u00e1gba valaha \u00e9l\u0151 embert. Mindenesetre az biztos, hogy nem \u00e9rt\u00e9kes\u00edt\u00e9sre sz\u00e1nt\u00e1k. Nem \u00fagy a m\u00e1sik eml\u00edtett csapat m\u0171v\u00e9t. Szint\u00e9n 2013-ban, k\u00e9t brit rep\u00fcl\u00e9s-m\u00e1ni\u00e1s, John Foden \u00e9s Yannick Read bemutatta az XPloreAir Paravelo-t, amir\u0151l azt \u00e1ll\u00edtott\u00e1k, hogy az els\u0151 funkcion\u00e1l\u00f3 rep\u00fcl\u0151 ker\u00e9kp\u00e1r. \u00c1tlagos biciklinek t\u0171nik, melyhez ut\u00e1nfut\u00f3t csatoltak. A p\u00f3tkocsin egy hatalmas ventil\u00e1tor, egy \u00fczemanyagtart\u00e1ly, \u00e9s kihajthat\u00f3 sz\u00e1rnyak kaptak helyet. A bicikli \u00e9s az egy\u00e9b alkat\u00e9szek is k\u00f6nny\u0171 alum\u00edniumb\u00f3l k\u00e9sz\u00fcltek. A Paravelo 24 km\/\u00f3r\u00e1s sebess\u00e9gre volt k\u00e9pes a f\u00f6ld\u00f6n, \u00e9s 40 km\/\u00f3r\u00e1val tudott rep\u00fclni az \u00e9gen, ak\u00e1r 1200 m\u00e9ter magasan.<\/p>\n<lite-youtube videoid=EpY1Q6IUb0s params=\"enablejsapi=1\" style=\"background-image: url('https:\/\/i.ytimg.com\/vi_webp\/EpY1Q6IUb0s\/maxresdefault.webp');\"><\/lite-youtube>\n<p>A p\u00f3tkocsi lev\u00e1laszthat\u00f3, \u00edgy a bringa hagyom\u00e1nyos m\u00f3don is haszn\u00e1lhat\u00f3. Foden \u00e9s Read abban b\u00edztak, hogy 10.000 font\u00e9rt el tudj\u00e1k adni a modellt, azonban <a href=\"http:\/\/xploreair.com\/\">weboldaluk<\/a> az \u00e9rt\u00e9kes\u00edt\u00e9s nyom\u00e1t sem mutatja. Tal\u00e1n m\u00e9g nem gy\u0171lt \u00f6ssze annyi t\u0151k\u00e9j\u00fck, hogy el tudjanak indulni az \u00fczleti vil\u00e1gban.<\/p>\n<p>Ha m\u00e9gis szeretn\u00e9l venni egy rep\u00fcl\u0151 biciklit, van rem\u00e9ny. Az amerikai \u00e9rt\u00e9kes\u00edt\u0151 c\u00e9g, a Hammacher Schlemmer \u00e1rul egy modellt, ami hasonl\u00edt a Paravelo-ra. Az \u00e1ra? Csup\u00e1n 45.000 doll\u00e1r.<\/p>\n","protected":false},"excerpt":{"rendered":"<p>Az ember az\u00f3ta \u00e1lmodik a rep\u00fcl\u00e9sr\u0151l, ami\u00f3ta el\u0151sz\u00f6r l\u00e1tott madarat. A leg\u0151sibb istenek tudtak rep\u00fclni, a g\u00f6r\u00f6g Daidalosz m\u00edtosz\u00e1r\u00f3l pedig [&hellip;]<\/p>\n","protected":false},"author":71,"featured_media":7786,"comment_status":"open","ping_status":"open","sticky":false,"template":"","format":"standard","meta":{"footnotes":""},"categories":[5],"tags":[],"global-categories":[],"class_list":["post-7782","post","type-post","status-publish","format-standard","has-post-thumbnail","hentry","category-adrenalin"],"yoast_head":"<!-- This site is optimized with the Yoast SEO Premium plugin v25.3 (Yoast SEO v25.9) - https:\/\/yoast.com\/wordpress\/plugins\/seo\/ -->\n<title>Mit sz\u00f3ltok egy rep\u00fcl\u0151 biciklihez? - \u0160koda We Love Cycling - Magyarorsz\u00e1g<\/title>\n<meta name=\"robots\" content=\"index, follow, max-snippet:-1, max-image-preview:large, max-video-preview:-1\" \/>\n<link rel=\"canonical\" href=\"https:\/\/www.welovecycling.com\/hu\/adrenalin\/mit-szoltok-egy-repulo-biciklihez\/\" \/>\n<meta property=\"og:locale\" content=\"hu_HU\" \/>\n<meta property=\"og:type\" content=\"article\" \/>\n<meta property=\"og:title\" content=\"Mit sz\u00f3ltok egy rep\u00fcl\u0151 biciklihez?\" \/>\n<meta property=\"og:description\" content=\"Az ember az\u00f3ta \u00e1lmodik a rep\u00fcl\u00e9sr\u0151l, ami\u00f3ta el\u0151sz\u00f6r l\u00e1tott madarat. A leg\u0151sibb istenek tudtak rep\u00fclni, a g\u00f6r\u00f6g Daidalosz m\u00edtosz\u00e1r\u00f3l pedig [&hellip;]\" \/>\n<meta property=\"og:url\" content=\"https:\/\/www.welovecycling.com\/hu\/adrenalin\/mit-szoltok-egy-repulo-biciklihez\/\" \/>\n<meta property=\"og:site_name\" content=\"\u0160koda We Love Cycling - Magyarorsz\u00e1g\" \/>\n<meta property=\"article:publisher\" content=\"https:\/\/www.facebook.com\/WeLoveCyclingHungary\/\" \/>\n<meta property=\"article:published_time\" content=\"2020-06-07T07:00:33+00:00\" \/>\n<meta property=\"og:image\" content=\"https:\/\/d2p6e6u75xmxt8.cloudfront.net\/12\/2020\/05\/Flying-Bicycle-CVR.jpg\" \/>\n\t<meta property=\"og:image:width\" content=\"1366\" \/>\n\t<meta property=\"og:image:height\" content=\"600\" \/>\n\t<meta property=\"og:image:type\" content=\"image\/jpeg\" \/>\n<meta name=\"author\" content=\"hegyizs\" \/>\n<meta name=\"twitter:card\" content=\"summary_large_image\" \/>\n<meta name=\"twitter:label1\" content=\"Written by\" \/>\n\t<meta name=\"twitter:data1\" content=\"Siegfried Mortkowitz\" \/>\n\t<meta name=\"twitter:label2\" content=\"Est. reading time\" \/>\n\t<meta name=\"twitter:data2\" content=\"7\" \/>\n<script type=\"application\/ld+json\" class=\"yoast-schema-graph\">{\"@context\":\"https:\/\/schema.org\",\"@graph\":[{\"@type\":\"WebPage\",\"@id\":\"https:\/\/www.welovecycling.com\/hu\/adrenalin\/mit-szoltok-egy-repulo-biciklihez\/\",\"url\":\"https:\/\/www.welovecycling.com\/hu\/adrenalin\/mit-szoltok-egy-repulo-biciklihez\/\",\"name\":\"Mit sz\u00f3ltok egy rep\u00fcl\u0151 biciklihez? - \u0160koda We Love Cycling - Magyarorsz\u00e1g\",\"isPartOf\":{\"@id\":\"https:\/\/www.welovecycling.com\/hu\/#website\"},\"primaryImageOfPage\":{\"@id\":\"https:\/\/www.welovecycling.com\/hu\/adrenalin\/mit-szoltok-egy-repulo-biciklihez\/#primaryimage\"},\"image\":{\"@id\":\"https:\/\/www.welovecycling.com\/hu\/adrenalin\/mit-szoltok-egy-repulo-biciklihez\/#primaryimage\"},\"thumbnailUrl\":\"https:\/\/d2p6e6u75xmxt8.cloudfront.net\/12\/2020\/05\/Flying-Bicycle-CVR.jpg\",\"datePublished\":\"2020-06-07T07:00:33+00:00\",\"author\":{\"@id\":\"https:\/\/www.welovecycling.com\/hu\/#\/schema\/person\/414a2aebf1801691a5320edb6468e194\"},\"breadcrumb\":{\"@id\":\"https:\/\/www.welovecycling.com\/hu\/adrenalin\/mit-szoltok-egy-repulo-biciklihez\/#breadcrumb\"},\"inLanguage\":\"hu\",\"potentialAction\":[{\"@type\":\"ReadAction\",\"target\":[\"https:\/\/www.welovecycling.com\/hu\/adrenalin\/mit-szoltok-egy-repulo-biciklihez\/\"]}]},{\"@type\":\"ImageObject\",\"inLanguage\":\"hu\",\"@id\":\"https:\/\/www.welovecycling.com\/hu\/adrenalin\/mit-szoltok-egy-repulo-biciklihez\/#primaryimage\",\"url\":\"https:\/\/d2p6e6u75xmxt8.cloudfront.net\/12\/2020\/05\/Flying-Bicycle-CVR.jpg\",\"contentUrl\":\"https:\/\/d2p6e6u75xmxt8.cloudfront.net\/12\/2020\/05\/Flying-Bicycle-CVR.jpg\",\"width\":1366,\"height\":600},{\"@type\":\"BreadcrumbList\",\"@id\":\"https:\/\/www.welovecycling.com\/hu\/adrenalin\/mit-szoltok-egy-repulo-biciklihez\/#breadcrumb\",\"itemListElement\":[{\"@type\":\"ListItem\",\"position\":1,\"name\":\"Home\",\"item\":\"https:\/\/www.welovecycling.com\/hu\/\"},{\"@type\":\"ListItem\",\"position\":2,\"name\":\"Mit sz\u00f3ltok egy rep\u00fcl\u0151 biciklihez?\"}]},{\"@type\":\"WebSite\",\"@id\":\"https:\/\/www.welovecycling.com\/hu\/#website\",\"url\":\"https:\/\/www.welovecycling.com\/hu\/\",\"name\":\"\u0160koda We Love Cycling - Magyarorsz\u00e1g\",\"description\":\"\u0160koda WeLoveCycling\",\"potentialAction\":[{\"@type\":\"SearchAction\",\"target\":{\"@type\":\"EntryPoint\",\"urlTemplate\":\"https:\/\/www.welovecycling.com\/hu\/?s={search_term_string}\"},\"query-input\":{\"@type\":\"PropertyValueSpecification\",\"valueRequired\":true,\"valueName\":\"search_term_string\"}}],\"inLanguage\":\"hu\"},{\"@type\":\"Person\",\"@id\":\"https:\/\/www.welovecycling.com\/hu\/#\/schema\/person\/414a2aebf1801691a5320edb6468e194\",\"name\":\"hegyizs\",\"image\":{\"@type\":\"ImageObject\",\"inLanguage\":\"hu\",\"@id\":\"https:\/\/www.welovecycling.com\/hu\/#\/schema\/person\/image\/\",\"url\":\"https:\/\/secure.gravatar.com\/avatar\/02cf8a7906b8cf90cecb4679defac7cfd33a1c2e3b88e4903d947f3bb58eedd3?s=96&d=mm&r=g\",\"contentUrl\":\"https:\/\/secure.gravatar.com\/avatar\/02cf8a7906b8cf90cecb4679defac7cfd33a1c2e3b88e4903d947f3bb58eedd3?s=96&d=mm&r=g\",\"caption\":\"hegyizs\"},\"url\":\"https:\/\/www.welovecycling.com\/hu\/author\/hegyizs\/\"}]}<\/script>\n<!-- \/ Yoast SEO Premium plugin. -->","yoast_head_json":{"title":"Mit sz\u00f3ltok egy rep\u00fcl\u0151 biciklihez? - \u0160koda We Love Cycling - Magyarorsz\u00e1g","robots":{"index":"index","follow":"follow","max-snippet":"max-snippet:-1","max-image-preview":"max-image-preview:large","max-video-preview":"max-video-preview:-1"},"canonical":"https:\/\/www.welovecycling.com\/hu\/adrenalin\/mit-szoltok-egy-repulo-biciklihez\/","og_locale":"hu_HU","og_type":"article","og_title":"Mit sz\u00f3ltok egy rep\u00fcl\u0151 biciklihez?","og_description":"Az ember az\u00f3ta \u00e1lmodik a rep\u00fcl\u00e9sr\u0151l, ami\u00f3ta el\u0151sz\u00f6r l\u00e1tott madarat. A leg\u0151sibb istenek tudtak rep\u00fclni, a g\u00f6r\u00f6g Daidalosz m\u00edtosz\u00e1r\u00f3l pedig [&hellip;]","og_url":"https:\/\/www.welovecycling.com\/hu\/adrenalin\/mit-szoltok-egy-repulo-biciklihez\/","og_site_name":"\u0160koda We Love Cycling - Magyarorsz\u00e1g","article_publisher":"https:\/\/www.facebook.com\/WeLoveCyclingHungary\/","article_published_time":"2020-06-07T07:00:33+00:00","og_image":[{"width":1366,"height":600,"url":"https:\/\/d2p6e6u75xmxt8.cloudfront.net\/12\/2020\/05\/Flying-Bicycle-CVR.jpg","type":"image\/jpeg"}],"author":"hegyizs","twitter_card":"summary_large_image","twitter_misc":{"Written by":"Siegfried Mortkowitz","Est. reading time":"7"},"schema":{"@context":"https:\/\/schema.org","@graph":[{"@type":"WebPage","@id":"https:\/\/www.welovecycling.com\/hu\/adrenalin\/mit-szoltok-egy-repulo-biciklihez\/","url":"https:\/\/www.welovecycling.com\/hu\/adrenalin\/mit-szoltok-egy-repulo-biciklihez\/","name":"Mit sz\u00f3ltok egy rep\u00fcl\u0151 biciklihez? - \u0160koda We Love Cycling - Magyarorsz\u00e1g","isPartOf":{"@id":"https:\/\/www.welovecycling.com\/hu\/#website"},"primaryImageOfPage":{"@id":"https:\/\/www.welovecycling.com\/hu\/adrenalin\/mit-szoltok-egy-repulo-biciklihez\/#primaryimage"},"image":{"@id":"https:\/\/www.welovecycling.com\/hu\/adrenalin\/mit-szoltok-egy-repulo-biciklihez\/#primaryimage"},"thumbnailUrl":"https:\/\/d2p6e6u75xmxt8.cloudfront.net\/12\/2020\/05\/Flying-Bicycle-CVR.jpg","datePublished":"2020-06-07T07:00:33+00:00","author":{"@id":"https:\/\/www.welovecycling.com\/hu\/#\/schema\/person\/414a2aebf1801691a5320edb6468e194"},"breadcrumb":{"@id":"https:\/\/www.welovecycling.com\/hu\/adrenalin\/mit-szoltok-egy-repulo-biciklihez\/#breadcrumb"},"inLanguage":"hu","potentialAction":[{"@type":"ReadAction","target":["https:\/\/www.welovecycling.com\/hu\/adrenalin\/mit-szoltok-egy-repulo-biciklihez\/"]}]},{"@type":"ImageObject","inLanguage":"hu","@id":"https:\/\/www.welovecycling.com\/hu\/adrenalin\/mit-szoltok-egy-repulo-biciklihez\/#primaryimage","url":"https:\/\/d2p6e6u75xmxt8.cloudfront.net\/12\/2020\/05\/Flying-Bicycle-CVR.jpg","contentUrl":"https:\/\/d2p6e6u75xmxt8.cloudfront.net\/12\/2020\/05\/Flying-Bicycle-CVR.jpg","width":1366,"height":600},{"@type":"BreadcrumbList","@id":"https:\/\/www.welovecycling.com\/hu\/adrenalin\/mit-szoltok-egy-repulo-biciklihez\/#breadcrumb","itemListElement":[{"@type":"ListItem","position":1,"name":"Home","item":"https:\/\/www.welovecycling.com\/hu\/"},{"@type":"ListItem","position":2,"name":"Mit sz\u00f3ltok egy rep\u00fcl\u0151 biciklihez?"}]},{"@type":"WebSite","@id":"https:\/\/www.welovecycling.com\/hu\/#website","url":"https:\/\/www.welovecycling.com\/hu\/","name":"\u0160koda We Love Cycling - Magyarorsz\u00e1g","description":"\u0160koda WeLoveCycling","potentialAction":[{"@type":"SearchAction","target":{"@type":"EntryPoint","urlTemplate":"https:\/\/www.welovecycling.com\/hu\/?s={search_term_string}"},"query-input":{"@type":"PropertyValueSpecification","valueRequired":true,"valueName":"search_term_string"}}],"inLanguage":"hu"},{"@type":"Person","@id":"https:\/\/www.welovecycling.com\/hu\/#\/schema\/person\/414a2aebf1801691a5320edb6468e194","name":"hegyizs","image":{"@type":"ImageObject","inLanguage":"hu","@id":"https:\/\/www.welovecycling.com\/hu\/#\/schema\/person\/image\/","url":"https:\/\/secure.gravatar.com\/avatar\/02cf8a7906b8cf90cecb4679defac7cfd33a1c2e3b88e4903d947f3bb58eedd3?s=96&d=mm&r=g","contentUrl":"https:\/\/secure.gravatar.com\/avatar\/02cf8a7906b8cf90cecb4679defac7cfd33a1c2e3b88e4903d947f3bb58eedd3?s=96&d=mm&r=g","caption":"hegyizs"},"url":"https:\/\/www.welovecycling.com\/hu\/author\/hegyizs\/"}]}},"_links":{"self":[{"href":"https:\/\/www.welovecycling.com\/hu\/wp-json\/wp\/v2\/posts\/7782","targetHints":{"allow":["GET"]}}],"collection":[{"href":"https:\/\/www.welovecycling.com\/hu\/wp-json\/wp\/v2\/posts"}],"about":[{"href":"https:\/\/www.welovecycling.com\/hu\/wp-json\/wp\/v2\/types\/post"}],"author":[{"embeddable":true,"href":"https:\/\/www.welovecycling.com\/hu\/wp-json\/wp\/v2\/users\/71"}],"replies":[{"embeddable":true,"href":"https:\/\/www.welovecycling.com\/hu\/wp-json\/wp\/v2\/comments?post=7782"}],"version-history":[{"count":1,"href":"https:\/\/www.welovecycling.com\/hu\/wp-json\/wp\/v2\/posts\/7782\/revisions"}],"predecessor-version":[{"id":7794,"href":"https:\/\/www.welovecycling.com\/hu\/wp-json\/wp\/v2\/posts\/7782\/revisions\/7794"}],"wp:featuredmedia":[{"embeddable":true,"href":"https:\/\/www.welovecycling.com\/hu\/wp-json\/wp\/v2\/media\/7786"}],"wp:attachment":[{"href":"https:\/\/www.welovecycling.com\/hu\/wp-json\/wp\/v2\/media?parent=7782"}],"wp:term":[{"taxonomy":"category","embeddable":true,"href":"https:\/\/www.welovecycling.com\/hu\/wp-json\/wp\/v2\/categories?post=7782"},{"taxonomy":"post_tag","embeddable":true,"href":"https:\/\/www.welovecycling.com\/hu\/wp-json\/wp\/v2\/tags?post=7782"},{"taxonomy":"global-categories","embeddable":true,"href":"https:\/\/www.welovecycling.com\/hu\/wp-json\/wp\/v2\/global-categories?post=7782"}],"curies":[{"name":"wp","href":"https:\/\/api.w.org\/{rel}","templated":true}]}}