{"id":7779,"date":"2020-06-06T08:00:10","date_gmt":"2020-06-06T07:00:10","guid":{"rendered":"https:\/\/www.welovecycling.com\/hu\/?p=7779"},"modified":"2020-05-29T16:40:14","modified_gmt":"2020-05-29T15:40:14","slug":"volt-ido-amikor-oroszlanok-kergettek-a-bicikliseket","status":"publish","type":"post","link":"https:\/\/www.welovecycling.com\/hu\/adrenalin\/volt-ido-amikor-oroszlanok-kergettek-a-bicikliseket\/","title":{"rendered":"Volt id\u0151, amikor oroszl\u00e1nok kergett\u00e9k a bicikliseket"},"content":{"rendered":"<p><strong>A Police Illustrated News el\u0151fizet\u0151i \u00e9rdekeres cikkre bukkanhattak az \u00fajs\u00e1g 1989. november 12-\u00e9n megjelent sz\u00e1m\u00e1ban. A ker\u00e9kp\u00e1ros l\u00e9t neh\u00e9zs\u00e9geir\u0151l sz\u00f3lt Afrika vadvil\u00e1g\u00e1ban. \u00c9s \u00e9pp annyira megd\u00f6bbent\u0151 mai szemmel, mint akkoriban lehetett.<\/strong><!--more--><\/p>\n<p>D.C. Robertson a namazi Gala v\u00e1ros\u00e1ban \u00e9lt, amit ma Malawi-k\u00e9nt ismer\u00fcnk. 1898. augusztus 22-\u00e9n kezd\u0151d\u00f6tt ker\u00e9kp\u00e1ros kalandja. Mind\u00f6ssze a hold vil\u00e1g\u00edtotta meg \u00fatj\u00e1t, amikor let\u00e9rt a f\u0151 csap\u00e1sr\u00f3l \u00e9s biciklij\u00e9t maga el\u0151tt tolva igyekezett \u00fcltetv\u00e9nyei fel\u00e9. A terep nem volt alkalmas ker\u00e9kp\u00e1roz\u00e1sra, t\u00fal meredek volt az emelked\u0151. Ahogy tolta a j\u00e1rg\u00e1nyt, Robertson mozgol\u00f3d\u00e1st hallott egy k\u00f6zeli bokor fel\u0151l.<\/p>\n<p>El\u0151sz\u00f6r azt gondolta, egy j\u00e1vorszarvas vagy egy bivaly lehet, \u00e9s m\u00e1r ennek sem \u00f6r\u00fclt marad\u00e9ktalanul. Az \u00fat m\u00e1sik oldal\u00e1ra h\u00faz\u00f3dott, \u00edgy haladt tov\u00e1bb. P\u00e1r m\u00e1sodperccel k\u00e9s\u0151bb h\u00e1tran\u00e9zett, \u00e9s egy teljesen kifejlett oroszl\u00e1nnal tal\u00e1lta szemben mag\u00e1t. Aki fel\u00e9 futott. Robertson p\u00e1nikba esve pr\u00f3b\u00e1lt felm\u00e1szni a biciklij\u00e9re, k\u00e9tszer elesett, mire siker\u00fclt neki. Mire a nyeregben \u00fclt, az oroszl\u00e1n m\u00e1r fel\u00e9re cs\u00f6kkentette a k\u00f6zt\u00fck l\u00e9v\u0151 t\u00e1vols\u00e1got.<\/p>\n<p><a href=\"https:\/\/d2p6e6u75xmxt8.cloudfront.net\/12\/2020\/05\/The-British-Library-Board.png\"><img loading=\"lazy\" decoding=\"async\" class=\"alignnone size-full wp-image-7780\" src=\"https:\/\/d2p6e6u75xmxt8.cloudfront.net\/12\/2020\/05\/The-British-Library-Board.png\" alt=\"\" width=\"477\" height=\"706\" \/><\/a><\/p>\n<p>Szerencs\u00e9re Robertson k\u00f6zel volt a hegy cs\u00facs\u00e1hoz, amikor megkezd\u0151d\u00f6tt a hajsza, \u00e9s siker\u00fclt feljutnia az emelked\u0151n, m\u00e9g miel\u0151tt a nagymacska utol\u00e9rte volna. Az oroszl\u00e1n m\u00e9g mindig sokkal k\u00f6zelebb volt a kellemesn\u00e9l, \u00edgy nem volt m\u00e1s v\u00e1laszt\u00e1sa, mint tov\u00e1bb tekerni, ahogy csak tudott, lefel\u00e9. M\u00e9g akkor is, amikor egy szennyv\u00edzelvezet\u0151 \u00e1llta \u00fatj\u00e1t. A r\u00e1zk\u00f3d\u00e1s miatt kiesett a nyeregb\u0151l, de nem esett le a biciklir\u0151l. A villa eldeform\u00e1l\u00f3dott, de az \u00fcltetv\u00e9nyes nem t\u00f6r\u0151d\u00f6tt az els\u0151 ker\u00e9k ellen\u00e1ll\u00e1s\u00e1val. Hamarosan el\u00e9rte a ki\u00e9p\u00edtett utat \u00e9s m\u00e9g jobban r\u00e1kapcsolt. Lassan elcsendes\u00fclt m\u00f6g\u00f6tte a morg\u00e1s. V\u00e9g\u00fcl karcol\u00e1s n\u00e9lk\u00fcl el\u00e9rte a v\u00e1rost, m\u00e1snap pedig visszament a t\u00e1mad\u00e1s sz\u00ednhely\u00e9re, hogy megn\u00e9zze, mikor adta fel az oroszl\u00e1n az \u00fcld\u00f6z\u00e9st. Elmond\u00e1sa szerint k\u00e9t m\u00e9rf\u00f6ld\u00f6n \u00e1t futott ut\u00e1na az \u00e1llat, \u00e9s az \u0151r\u00fclt szennyv\u00edz-csatorn\u00e1s mutatv\u00e1ny ut\u00e1n adta fel. <em>\u201eSoha t\u00f6bbet \u00e9jszakai bicikliz\u00e9s!\u201d <\/em>\u2013 esk\u00fcd\u00f6z\u00f6tt Robertson az \u00fajs\u00e1gnak.<\/p>\n","protected":false},"excerpt":{"rendered":"<p>A Police Illustrated News el\u0151fizet\u0151i \u00e9rdekeres cikkre bukkanhattak az \u00fajs\u00e1g 1989. november 12-\u00e9n megjelent sz\u00e1m\u00e1ban. A ker\u00e9kp\u00e1ros l\u00e9t neh\u00e9zs\u00e9geir\u0151l sz\u00f3lt [&hellip;]<\/p>\n","protected":false},"author":71,"featured_media":6622,"comment_status":"open","ping_status":"open","sticky":false,"template":"","format":"standard","meta":{"footnotes":""},"categories":[5],"tags":[],"global-categories":[],"class_list":["post-7779","post","type-post","status-publish","format-standard","has-post-thumbnail","hentry","category-adrenalin"],"yoast_head":"<!-- This site is optimized with the Yoast SEO Premium plugin v25.3 (Yoast SEO v25.9) - https:\/\/yoast.com\/wordpress\/plugins\/seo\/ -->\n<title>Volt id\u0151, amikor oroszl\u00e1nok kergett\u00e9k a bicikliseket - \u0160koda We Love Cycling - Magyarorsz\u00e1g<\/title>\n<meta name=\"robots\" content=\"index, follow, max-snippet:-1, max-image-preview:large, max-video-preview:-1\" \/>\n<link rel=\"canonical\" href=\"https:\/\/www.welovecycling.com\/hu\/adrenalin\/volt-ido-amikor-oroszlanok-kergettek-a-bicikliseket\/\" \/>\n<meta property=\"og:locale\" content=\"hu_HU\" \/>\n<meta property=\"og:type\" content=\"article\" \/>\n<meta property=\"og:title\" content=\"Volt id\u0151, amikor oroszl\u00e1nok kergett\u00e9k a bicikliseket\" \/>\n<meta property=\"og:description\" content=\"A Police Illustrated News el\u0151fizet\u0151i \u00e9rdekeres cikkre bukkanhattak az \u00fajs\u00e1g 1989. november 12-\u00e9n megjelent sz\u00e1m\u00e1ban. A ker\u00e9kp\u00e1ros l\u00e9t neh\u00e9zs\u00e9geir\u0151l sz\u00f3lt [&hellip;]\" \/>\n<meta property=\"og:url\" content=\"https:\/\/www.welovecycling.com\/hu\/adrenalin\/volt-ido-amikor-oroszlanok-kergettek-a-bicikliseket\/\" \/>\n<meta property=\"og:site_name\" content=\"\u0160koda We Love Cycling - Magyarorsz\u00e1g\" \/>\n<meta property=\"article:publisher\" content=\"https:\/\/www.facebook.com\/WeLoveCyclingHungary\/\" \/>\n<meta property=\"article:published_time\" content=\"2020-06-06T07:00:10+00:00\" \/>\n<meta property=\"og:image\" content=\"https:\/\/d2p6e6u75xmxt8.cloudfront.net\/12\/2020\/01\/LionCVR.jpg\" \/>\n\t<meta property=\"og:image:width\" content=\"1366\" \/>\n\t<meta property=\"og:image:height\" content=\"600\" \/>\n\t<meta property=\"og:image:type\" content=\"image\/jpeg\" \/>\n<meta name=\"author\" content=\"hegyizs\" \/>\n<meta name=\"twitter:card\" content=\"summary_large_image\" \/>\n<meta name=\"twitter:label1\" content=\"Written by\" \/>\n\t<meta name=\"twitter:data1\" content=\"Monica Buck\" \/>\n\t<meta name=\"twitter:label2\" content=\"Est. reading time\" \/>\n\t<meta name=\"twitter:data2\" content=\"4\" \/>\n<script type=\"application\/ld+json\" class=\"yoast-schema-graph\">{\"@context\":\"https:\/\/schema.org\",\"@graph\":[{\"@type\":\"WebPage\",\"@id\":\"https:\/\/www.welovecycling.com\/hu\/adrenalin\/volt-ido-amikor-oroszlanok-kergettek-a-bicikliseket\/\",\"url\":\"https:\/\/www.welovecycling.com\/hu\/adrenalin\/volt-ido-amikor-oroszlanok-kergettek-a-bicikliseket\/\",\"name\":\"Volt id\u0151, amikor oroszl\u00e1nok kergett\u00e9k a bicikliseket - \u0160koda We Love Cycling - Magyarorsz\u00e1g\",\"isPartOf\":{\"@id\":\"https:\/\/www.welovecycling.com\/hu\/#website\"},\"primaryImageOfPage\":{\"@id\":\"https:\/\/www.welovecycling.com\/hu\/adrenalin\/volt-ido-amikor-oroszlanok-kergettek-a-bicikliseket\/#primaryimage\"},\"image\":{\"@id\":\"https:\/\/www.welovecycling.com\/hu\/adrenalin\/volt-ido-amikor-oroszlanok-kergettek-a-bicikliseket\/#primaryimage\"},\"thumbnailUrl\":\"https:\/\/d2p6e6u75xmxt8.cloudfront.net\/12\/2020\/01\/LionCVR.jpg\",\"datePublished\":\"2020-06-06T07:00:10+00:00\",\"author\":{\"@id\":\"https:\/\/www.welovecycling.com\/hu\/#\/schema\/person\/414a2aebf1801691a5320edb6468e194\"},\"breadcrumb\":{\"@id\":\"https:\/\/www.welovecycling.com\/hu\/adrenalin\/volt-ido-amikor-oroszlanok-kergettek-a-bicikliseket\/#breadcrumb\"},\"inLanguage\":\"hu\",\"potentialAction\":[{\"@type\":\"ReadAction\",\"target\":[\"https:\/\/www.welovecycling.com\/hu\/adrenalin\/volt-ido-amikor-oroszlanok-kergettek-a-bicikliseket\/\"]}]},{\"@type\":\"ImageObject\",\"inLanguage\":\"hu\",\"@id\":\"https:\/\/www.welovecycling.com\/hu\/adrenalin\/volt-ido-amikor-oroszlanok-kergettek-a-bicikliseket\/#primaryimage\",\"url\":\"https:\/\/d2p6e6u75xmxt8.cloudfront.net\/12\/2020\/01\/LionCVR.jpg\",\"contentUrl\":\"https:\/\/d2p6e6u75xmxt8.cloudfront.net\/12\/2020\/01\/LionCVR.jpg\",\"width\":1366,\"height\":600},{\"@type\":\"BreadcrumbList\",\"@id\":\"https:\/\/www.welovecycling.com\/hu\/adrenalin\/volt-ido-amikor-oroszlanok-kergettek-a-bicikliseket\/#breadcrumb\",\"itemListElement\":[{\"@type\":\"ListItem\",\"position\":1,\"name\":\"Home\",\"item\":\"https:\/\/www.welovecycling.com\/hu\/\"},{\"@type\":\"ListItem\",\"position\":2,\"name\":\"Volt id\u0151, amikor oroszl\u00e1nok kergett\u00e9k a bicikliseket\"}]},{\"@type\":\"WebSite\",\"@id\":\"https:\/\/www.welovecycling.com\/hu\/#website\",\"url\":\"https:\/\/www.welovecycling.com\/hu\/\",\"name\":\"\u0160koda We Love Cycling - Magyarorsz\u00e1g\",\"description\":\"\u0160koda WeLoveCycling\",\"potentialAction\":[{\"@type\":\"SearchAction\",\"target\":{\"@type\":\"EntryPoint\",\"urlTemplate\":\"https:\/\/www.welovecycling.com\/hu\/?s={search_term_string}\"},\"query-input\":{\"@type\":\"PropertyValueSpecification\",\"valueRequired\":true,\"valueName\":\"search_term_string\"}}],\"inLanguage\":\"hu\"},{\"@type\":\"Person\",\"@id\":\"https:\/\/www.welovecycling.com\/hu\/#\/schema\/person\/414a2aebf1801691a5320edb6468e194\",\"name\":\"hegyizs\",\"image\":{\"@type\":\"ImageObject\",\"inLanguage\":\"hu\",\"@id\":\"https:\/\/www.welovecycling.com\/hu\/#\/schema\/person\/image\/\",\"url\":\"https:\/\/secure.gravatar.com\/avatar\/02cf8a7906b8cf90cecb4679defac7cfd33a1c2e3b88e4903d947f3bb58eedd3?s=96&d=mm&r=g\",\"contentUrl\":\"https:\/\/secure.gravatar.com\/avatar\/02cf8a7906b8cf90cecb4679defac7cfd33a1c2e3b88e4903d947f3bb58eedd3?s=96&d=mm&r=g\",\"caption\":\"hegyizs\"},\"url\":\"https:\/\/www.welovecycling.com\/hu\/author\/hegyizs\/\"}]}<\/script>\n<!-- \/ Yoast SEO Premium plugin. -->","yoast_head_json":{"title":"Volt id\u0151, amikor oroszl\u00e1nok kergett\u00e9k a bicikliseket - \u0160koda We Love Cycling - Magyarorsz\u00e1g","robots":{"index":"index","follow":"follow","max-snippet":"max-snippet:-1","max-image-preview":"max-image-preview:large","max-video-preview":"max-video-preview:-1"},"canonical":"https:\/\/www.welovecycling.com\/hu\/adrenalin\/volt-ido-amikor-oroszlanok-kergettek-a-bicikliseket\/","og_locale":"hu_HU","og_type":"article","og_title":"Volt id\u0151, amikor oroszl\u00e1nok kergett\u00e9k a bicikliseket","og_description":"A Police Illustrated News el\u0151fizet\u0151i \u00e9rdekeres cikkre bukkanhattak az \u00fajs\u00e1g 1989. november 12-\u00e9n megjelent sz\u00e1m\u00e1ban. A ker\u00e9kp\u00e1ros l\u00e9t neh\u00e9zs\u00e9geir\u0151l sz\u00f3lt [&hellip;]","og_url":"https:\/\/www.welovecycling.com\/hu\/adrenalin\/volt-ido-amikor-oroszlanok-kergettek-a-bicikliseket\/","og_site_name":"\u0160koda We Love Cycling - Magyarorsz\u00e1g","article_publisher":"https:\/\/www.facebook.com\/WeLoveCyclingHungary\/","article_published_time":"2020-06-06T07:00:10+00:00","og_image":[{"width":1366,"height":600,"url":"https:\/\/d2p6e6u75xmxt8.cloudfront.net\/12\/2020\/01\/LionCVR.jpg","type":"image\/jpeg"}],"author":"hegyizs","twitter_card":"summary_large_image","twitter_misc":{"Written by":"Monica Buck","Est. reading time":"4"},"schema":{"@context":"https:\/\/schema.org","@graph":[{"@type":"WebPage","@id":"https:\/\/www.welovecycling.com\/hu\/adrenalin\/volt-ido-amikor-oroszlanok-kergettek-a-bicikliseket\/","url":"https:\/\/www.welovecycling.com\/hu\/adrenalin\/volt-ido-amikor-oroszlanok-kergettek-a-bicikliseket\/","name":"Volt id\u0151, amikor oroszl\u00e1nok kergett\u00e9k a bicikliseket - \u0160koda We Love Cycling - Magyarorsz\u00e1g","isPartOf":{"@id":"https:\/\/www.welovecycling.com\/hu\/#website"},"primaryImageOfPage":{"@id":"https:\/\/www.welovecycling.com\/hu\/adrenalin\/volt-ido-amikor-oroszlanok-kergettek-a-bicikliseket\/#primaryimage"},"image":{"@id":"https:\/\/www.welovecycling.com\/hu\/adrenalin\/volt-ido-amikor-oroszlanok-kergettek-a-bicikliseket\/#primaryimage"},"thumbnailUrl":"https:\/\/d2p6e6u75xmxt8.cloudfront.net\/12\/2020\/01\/LionCVR.jpg","datePublished":"2020-06-06T07:00:10+00:00","author":{"@id":"https:\/\/www.welovecycling.com\/hu\/#\/schema\/person\/414a2aebf1801691a5320edb6468e194"},"breadcrumb":{"@id":"https:\/\/www.welovecycling.com\/hu\/adrenalin\/volt-ido-amikor-oroszlanok-kergettek-a-bicikliseket\/#breadcrumb"},"inLanguage":"hu","potentialAction":[{"@type":"ReadAction","target":["https:\/\/www.welovecycling.com\/hu\/adrenalin\/volt-ido-amikor-oroszlanok-kergettek-a-bicikliseket\/"]}]},{"@type":"ImageObject","inLanguage":"hu","@id":"https:\/\/www.welovecycling.com\/hu\/adrenalin\/volt-ido-amikor-oroszlanok-kergettek-a-bicikliseket\/#primaryimage","url":"https:\/\/d2p6e6u75xmxt8.cloudfront.net\/12\/2020\/01\/LionCVR.jpg","contentUrl":"https:\/\/d2p6e6u75xmxt8.cloudfront.net\/12\/2020\/01\/LionCVR.jpg","width":1366,"height":600},{"@type":"BreadcrumbList","@id":"https:\/\/www.welovecycling.com\/hu\/adrenalin\/volt-ido-amikor-oroszlanok-kergettek-a-bicikliseket\/#breadcrumb","itemListElement":[{"@type":"ListItem","position":1,"name":"Home","item":"https:\/\/www.welovecycling.com\/hu\/"},{"@type":"ListItem","position":2,"name":"Volt id\u0151, amikor oroszl\u00e1nok kergett\u00e9k a bicikliseket"}]},{"@type":"WebSite","@id":"https:\/\/www.welovecycling.com\/hu\/#website","url":"https:\/\/www.welovecycling.com\/hu\/","name":"\u0160koda We Love Cycling - Magyarorsz\u00e1g","description":"\u0160koda WeLoveCycling","potentialAction":[{"@type":"SearchAction","target":{"@type":"EntryPoint","urlTemplate":"https:\/\/www.welovecycling.com\/hu\/?s={search_term_string}"},"query-input":{"@type":"PropertyValueSpecification","valueRequired":true,"valueName":"search_term_string"}}],"inLanguage":"hu"},{"@type":"Person","@id":"https:\/\/www.welovecycling.com\/hu\/#\/schema\/person\/414a2aebf1801691a5320edb6468e194","name":"hegyizs","image":{"@type":"ImageObject","inLanguage":"hu","@id":"https:\/\/www.welovecycling.com\/hu\/#\/schema\/person\/image\/","url":"https:\/\/secure.gravatar.com\/avatar\/02cf8a7906b8cf90cecb4679defac7cfd33a1c2e3b88e4903d947f3bb58eedd3?s=96&d=mm&r=g","contentUrl":"https:\/\/secure.gravatar.com\/avatar\/02cf8a7906b8cf90cecb4679defac7cfd33a1c2e3b88e4903d947f3bb58eedd3?s=96&d=mm&r=g","caption":"hegyizs"},"url":"https:\/\/www.welovecycling.com\/hu\/author\/hegyizs\/"}]}},"_links":{"self":[{"href":"https:\/\/www.welovecycling.com\/hu\/wp-json\/wp\/v2\/posts\/7779","targetHints":{"allow":["GET"]}}],"collection":[{"href":"https:\/\/www.welovecycling.com\/hu\/wp-json\/wp\/v2\/posts"}],"about":[{"href":"https:\/\/www.welovecycling.com\/hu\/wp-json\/wp\/v2\/types\/post"}],"author":[{"embeddable":true,"href":"https:\/\/www.welovecycling.com\/hu\/wp-json\/wp\/v2\/users\/71"}],"replies":[{"embeddable":true,"href":"https:\/\/www.welovecycling.com\/hu\/wp-json\/wp\/v2\/comments?post=7779"}],"version-history":[{"count":2,"href":"https:\/\/www.welovecycling.com\/hu\/wp-json\/wp\/v2\/posts\/7779\/revisions"}],"predecessor-version":[{"id":7793,"href":"https:\/\/www.welovecycling.com\/hu\/wp-json\/wp\/v2\/posts\/7779\/revisions\/7793"}],"wp:featuredmedia":[{"embeddable":true,"href":"https:\/\/www.welovecycling.com\/hu\/wp-json\/wp\/v2\/media\/6622"}],"wp:attachment":[{"href":"https:\/\/www.welovecycling.com\/hu\/wp-json\/wp\/v2\/media?parent=7779"}],"wp:term":[{"taxonomy":"category","embeddable":true,"href":"https:\/\/www.welovecycling.com\/hu\/wp-json\/wp\/v2\/categories?post=7779"},{"taxonomy":"post_tag","embeddable":true,"href":"https:\/\/www.welovecycling.com\/hu\/wp-json\/wp\/v2\/tags?post=7779"},{"taxonomy":"global-categories","embeddable":true,"href":"https:\/\/www.welovecycling.com\/hu\/wp-json\/wp\/v2\/global-categories?post=7779"}],"curies":[{"name":"wp","href":"https:\/\/api.w.org\/{rel}","templated":true}]}}