{"id":7769,"date":"2020-06-02T08:00:05","date_gmt":"2020-06-02T07:00:05","guid":{"rendered":"https:\/\/www.welovecycling.com\/hu\/?p=7769"},"modified":"2020-05-29T16:32:20","modified_gmt":"2020-05-29T15:32:20","slug":"bebizonyitva-a-termeszet-maga-a-boldogsag","status":"publish","type":"post","link":"https:\/\/www.welovecycling.com\/hu\/edzes-es-eletmod\/bebizonyitva-a-termeszet-maga-a-boldogsag\/","title":{"rendered":"Bebizony\u00edtva: a term\u00e9szet maga a boldogs\u00e1g"},"content":{"rendered":"<p><strong>Nagyobb boldogs\u00e1ggal t\u00f6lt el, ha az erd\u0151ben tekerhetsz, mint ha a v\u00e1rosban? Kutat\u00f3k t\u00f6bb ezer vak\u00e1ci\u00f3z\u00f3 f\u00e9nyk\u00e9p\u00e9t tanulm\u00e1nyozt\u00e1k, szerte a vil\u00e1gon, hogy meg\u00e1llap\u00edts\u00e1k: az emberek boldogabbak, ha a term\u00e9szetben lehetnek.<\/strong><!--more--><\/p>\n<h2><strong>K\u00f6z\u00f6ss\u00e9gi m\u00e9dia \u00e9s mesters\u00e9ges intelligencia<\/strong><\/h2>\n<p>A szingap\u00fari egyetemen tev\u00e9kenyked\u0151 csapat mesters\u00e9ges intelligenci\u00e1t \u00e9s a k\u00f6z\u00f6ss\u00e9gi m\u00e9dia platformjait haszn\u00e1lta a kutat\u00e1s sor\u00e1n. 31,500 f\u00e9nyk\u00e9pet elemeztek, 185 orsz\u00e1gb\u00f3l, melyeket valamelyik k\u00f6z\u00f6ss\u00e9gi m\u00e9dia fel\u00fcletre t\u00f6lt\u00f6ttek fel.<\/p>\n<p><em>\u201eA k\u00f6z\u00f6ss\u00e9gi m\u00e9dia \u00e9s az AI (artificial intelligence = mesters\u00e9ges intelligencia) \u00f6sszekapcsol\u00e1sa lehet\u0151v\u00e9 teszi, hogy nagy l\u00e9legzetv\u00e9tel\u0171, glob\u00e1lis kutat\u00e1sokat v\u00e9gezz\u00fcnk, \u00e9s jobban megismerj\u00fck a term\u00e9szet \u00e9s az emberek kapcsolat\u00e1t\u201d<\/em> \u2013 magyar\u00e1zta Dr. Chang, a tanulm\u00e1ny f\u0151 szerz\u0151je.<\/p>\n<p><img loading=\"lazy\" decoding=\"async\" class=\"alignnone size-full wp-image-7770\" src=\"https:\/\/d2p6e6u75xmxt8.cloudfront.net\/12\/2020\/05\/bright-countryside-dawn-daylight-302804.jpg\" alt=\"\" width=\"1280\" height=\"817\" \/><\/p>\n<h2><strong>Keress\u00fck a term\u00e9szetet<\/strong><\/h2>\n<p>A k\u00e9pelemz\u00e9s adatai szerint azok a f\u00e9nyk\u00e9pek, melyeket a j\u00f3kedv, vak\u00e1ci\u00f3, n\u00e1sz\u00fat szavak megfelel\u0151ivel jellemeztek, nagyobb ar\u00e1nyban tartalmazt\u00e1k a term\u00e9szetet t\u00e1jk\u00e9p, \u00f3ce\u00e1n vagy tenger, \u00e9s n\u00f6v\u00e9nyek form\u00e1j\u00e1ban, mint a mindennapokr\u00f3l sz\u00f3l\u00f3 k\u00e9pek. Ezek az eredm\u00e9nyek al\u00e1t\u00e1masztj\u00e1k a biophilia elm\u00e9let\u00e9t, miszerint az emberek keresik a kapcsolatot a term\u00e9szettel.<\/p>\n<h2><strong>Min\u00e9l t\u00f6bb z\u00f6ld, ann\u00e1l jobb \u00e9let?<\/strong><\/h2>\n<p>A tanulm\u00e1ny szerint azokban az orsz\u00e1gokban, ahol t\u00f6bb term\u00e9szetet tartalmaz\u00f3 fot\u00f3t t\u00f6lt\u00f6ttek fel, mint p\u00e9ld\u00e1ul Costa Rica vagy Finnorsz\u00e1g, boldogabbak az emberek. Ut\u00f3bbi adatokat a 2019-ben k\u00e9sz\u00edtett felm\u00e9r\u00e9sb\u0151l nyert\u00e9k ki, mely sor\u00e1n a vil\u00e1g orsz\u00e1gaiban m\u00e9rt\u00e9k az emberek boldogs\u00e1g\u00e1t.<\/p>\n<p><img loading=\"lazy\" decoding=\"async\" class=\"alignnone size-full wp-image-7771\" src=\"https:\/\/d2p6e6u75xmxt8.cloudfront.net\/12\/2020\/05\/close-up-photography-of-leaves-with-droplets-807598.jpg\" alt=\"\" width=\"1280\" height=\"960\" \/><\/p>\n<p>Carrasco professzor hozz\u00e1tette: <em>\u201eA kutat\u00e1sunk felsz\u00ednre hozta azokat a kultur\u00e1lis \u00e9s t\u00e1rsadalmi \u00e9rt\u00e9keket, amiket a term\u00e9szet jelent az embereknek. Emellett kihangs\u00falyozta a term\u00e9szetes k\u00f6rnyezet\u00fcnk v\u00e9delm\u00e9nek fontoss\u00e1g\u00e1t. Ahogy pusztulnak az erd\u0151k, \u00fagy pusztulunk mi is, \u00e9s nemcsak gazdas\u00e1gi \u00e9s \u00f6kol\u00f3giai \u00e9rtelemben: \u00e9let\u00fcnk legfontosabb pillanatainak h\u00e1ttere pusztul el.\u201d<\/em><\/p>\n<p>J\u00f3 eml\u00e9keztet\u0151 ez, hogy mennyire fontos sz\u00e1munkra a term\u00e9szet: \u00e9rzelmileg k\u00f6t\u0151d\u00fcnk hozz\u00e1. Megnyugv\u00e1ssal, boldogs\u00e1ggal \u00e9s el\u00e9gedetts\u00e9ggel t\u00f6lt el minket, b\u00e1rhol \u00e9lj\u00fcnk is. Teh\u00e1t amikor a k\u00f6vetkez\u0151 bringautad tervezed, menj erd\u0151be, m\u00e1ssz meg egy hegyet vagy n\u00e9zz meg egy csod\u00e1latos kil\u00e1t\u00e1st!<\/p>\n","protected":false},"excerpt":{"rendered":"<p>Nagyobb boldogs\u00e1ggal t\u00f6lt el, ha az erd\u0151ben tekerhetsz, mint ha a v\u00e1rosban? Kutat\u00f3k t\u00f6bb ezer vak\u00e1ci\u00f3z\u00f3 f\u00e9nyk\u00e9p\u00e9t tanulm\u00e1nyozt\u00e1k, szerte a [&hellip;]<\/p>\n","protected":false},"author":71,"featured_media":7773,"comment_status":"open","ping_status":"open","sticky":false,"template":"","format":"standard","meta":{"footnotes":""},"categories":[6],"tags":[],"global-categories":[],"class_list":["post-7769","post","type-post","status-publish","format-standard","has-post-thumbnail","hentry","category-edzes-es-eletmod"],"yoast_head":"<!-- This site is optimized with the Yoast SEO Premium plugin v25.3 (Yoast SEO v25.9) - https:\/\/yoast.com\/wordpress\/plugins\/seo\/ -->\n<title>Bebizony\u00edtva: a term\u00e9szet maga a boldogs\u00e1g - \u0160koda We Love Cycling - Magyarorsz\u00e1g<\/title>\n<meta name=\"robots\" content=\"index, follow, max-snippet:-1, max-image-preview:large, max-video-preview:-1\" \/>\n<link rel=\"canonical\" href=\"https:\/\/www.welovecycling.com\/hu\/edzes-es-eletmod\/bebizonyitva-a-termeszet-maga-a-boldogsag\/\" \/>\n<meta property=\"og:locale\" content=\"hu_HU\" \/>\n<meta property=\"og:type\" content=\"article\" \/>\n<meta property=\"og:title\" content=\"Bebizony\u00edtva: a term\u00e9szet maga a boldogs\u00e1g\" \/>\n<meta property=\"og:description\" content=\"Nagyobb boldogs\u00e1ggal t\u00f6lt el, ha az erd\u0151ben tekerhetsz, mint ha a v\u00e1rosban? Kutat\u00f3k t\u00f6bb ezer vak\u00e1ci\u00f3z\u00f3 f\u00e9nyk\u00e9p\u00e9t tanulm\u00e1nyozt\u00e1k, szerte a [&hellip;]\" \/>\n<meta property=\"og:url\" content=\"https:\/\/www.welovecycling.com\/hu\/edzes-es-eletmod\/bebizonyitva-a-termeszet-maga-a-boldogsag\/\" \/>\n<meta property=\"og:site_name\" content=\"\u0160koda We Love Cycling - Magyarorsz\u00e1g\" \/>\n<meta property=\"article:publisher\" content=\"https:\/\/www.facebook.com\/WeLoveCyclingHungary\/\" \/>\n<meta property=\"article:published_time\" content=\"2020-06-02T07:00:05+00:00\" \/>\n<meta property=\"og:image\" content=\"https:\/\/d2p6e6u75xmxt8.cloudfront.net\/12\/2020\/05\/Nature-CVR.jpg\" \/>\n\t<meta property=\"og:image:width\" content=\"1366\" \/>\n\t<meta property=\"og:image:height\" content=\"600\" \/>\n\t<meta property=\"og:image:type\" content=\"image\/jpeg\" \/>\n<meta name=\"author\" content=\"hegyizs\" \/>\n<meta name=\"twitter:card\" content=\"summary_large_image\" \/>\n<meta name=\"twitter:label1\" content=\"Written by\" \/>\n\t<meta name=\"twitter:data1\" content=\"Jiri Kaloc\" \/>\n\t<meta name=\"twitter:label2\" content=\"Est. reading time\" \/>\n\t<meta name=\"twitter:data2\" content=\"5\" \/>\n<script type=\"application\/ld+json\" class=\"yoast-schema-graph\">{\"@context\":\"https:\/\/schema.org\",\"@graph\":[{\"@type\":\"WebPage\",\"@id\":\"https:\/\/www.welovecycling.com\/hu\/edzes-es-eletmod\/bebizonyitva-a-termeszet-maga-a-boldogsag\/\",\"url\":\"https:\/\/www.welovecycling.com\/hu\/edzes-es-eletmod\/bebizonyitva-a-termeszet-maga-a-boldogsag\/\",\"name\":\"Bebizony\u00edtva: a term\u00e9szet maga a boldogs\u00e1g - \u0160koda We Love Cycling - Magyarorsz\u00e1g\",\"isPartOf\":{\"@id\":\"https:\/\/www.welovecycling.com\/hu\/#website\"},\"primaryImageOfPage\":{\"@id\":\"https:\/\/www.welovecycling.com\/hu\/edzes-es-eletmod\/bebizonyitva-a-termeszet-maga-a-boldogsag\/#primaryimage\"},\"image\":{\"@id\":\"https:\/\/www.welovecycling.com\/hu\/edzes-es-eletmod\/bebizonyitva-a-termeszet-maga-a-boldogsag\/#primaryimage\"},\"thumbnailUrl\":\"https:\/\/d2p6e6u75xmxt8.cloudfront.net\/12\/2020\/05\/Nature-CVR.jpg\",\"datePublished\":\"2020-06-02T07:00:05+00:00\",\"author\":{\"@id\":\"https:\/\/www.welovecycling.com\/hu\/#\/schema\/person\/414a2aebf1801691a5320edb6468e194\"},\"breadcrumb\":{\"@id\":\"https:\/\/www.welovecycling.com\/hu\/edzes-es-eletmod\/bebizonyitva-a-termeszet-maga-a-boldogsag\/#breadcrumb\"},\"inLanguage\":\"hu\",\"potentialAction\":[{\"@type\":\"ReadAction\",\"target\":[\"https:\/\/www.welovecycling.com\/hu\/edzes-es-eletmod\/bebizonyitva-a-termeszet-maga-a-boldogsag\/\"]}]},{\"@type\":\"ImageObject\",\"inLanguage\":\"hu\",\"@id\":\"https:\/\/www.welovecycling.com\/hu\/edzes-es-eletmod\/bebizonyitva-a-termeszet-maga-a-boldogsag\/#primaryimage\",\"url\":\"https:\/\/d2p6e6u75xmxt8.cloudfront.net\/12\/2020\/05\/Nature-CVR.jpg\",\"contentUrl\":\"https:\/\/d2p6e6u75xmxt8.cloudfront.net\/12\/2020\/05\/Nature-CVR.jpg\",\"width\":1366,\"height\":600},{\"@type\":\"BreadcrumbList\",\"@id\":\"https:\/\/www.welovecycling.com\/hu\/edzes-es-eletmod\/bebizonyitva-a-termeszet-maga-a-boldogsag\/#breadcrumb\",\"itemListElement\":[{\"@type\":\"ListItem\",\"position\":1,\"name\":\"Home\",\"item\":\"https:\/\/www.welovecycling.com\/hu\/\"},{\"@type\":\"ListItem\",\"position\":2,\"name\":\"Bebizony\u00edtva: a term\u00e9szet maga a boldogs\u00e1g\"}]},{\"@type\":\"WebSite\",\"@id\":\"https:\/\/www.welovecycling.com\/hu\/#website\",\"url\":\"https:\/\/www.welovecycling.com\/hu\/\",\"name\":\"\u0160koda We Love Cycling - Magyarorsz\u00e1g\",\"description\":\"\u0160koda WeLoveCycling\",\"potentialAction\":[{\"@type\":\"SearchAction\",\"target\":{\"@type\":\"EntryPoint\",\"urlTemplate\":\"https:\/\/www.welovecycling.com\/hu\/?s={search_term_string}\"},\"query-input\":{\"@type\":\"PropertyValueSpecification\",\"valueRequired\":true,\"valueName\":\"search_term_string\"}}],\"inLanguage\":\"hu\"},{\"@type\":\"Person\",\"@id\":\"https:\/\/www.welovecycling.com\/hu\/#\/schema\/person\/414a2aebf1801691a5320edb6468e194\",\"name\":\"hegyizs\",\"image\":{\"@type\":\"ImageObject\",\"inLanguage\":\"hu\",\"@id\":\"https:\/\/www.welovecycling.com\/hu\/#\/schema\/person\/image\/\",\"url\":\"https:\/\/secure.gravatar.com\/avatar\/02cf8a7906b8cf90cecb4679defac7cfd33a1c2e3b88e4903d947f3bb58eedd3?s=96&d=mm&r=g\",\"contentUrl\":\"https:\/\/secure.gravatar.com\/avatar\/02cf8a7906b8cf90cecb4679defac7cfd33a1c2e3b88e4903d947f3bb58eedd3?s=96&d=mm&r=g\",\"caption\":\"hegyizs\"},\"url\":\"https:\/\/www.welovecycling.com\/hu\/author\/hegyizs\/\"}]}<\/script>\n<!-- \/ Yoast SEO Premium plugin. -->","yoast_head_json":{"title":"Bebizony\u00edtva: a term\u00e9szet maga a boldogs\u00e1g - \u0160koda We Love Cycling - Magyarorsz\u00e1g","robots":{"index":"index","follow":"follow","max-snippet":"max-snippet:-1","max-image-preview":"max-image-preview:large","max-video-preview":"max-video-preview:-1"},"canonical":"https:\/\/www.welovecycling.com\/hu\/edzes-es-eletmod\/bebizonyitva-a-termeszet-maga-a-boldogsag\/","og_locale":"hu_HU","og_type":"article","og_title":"Bebizony\u00edtva: a term\u00e9szet maga a boldogs\u00e1g","og_description":"Nagyobb boldogs\u00e1ggal t\u00f6lt el, ha az erd\u0151ben tekerhetsz, mint ha a v\u00e1rosban? Kutat\u00f3k t\u00f6bb ezer vak\u00e1ci\u00f3z\u00f3 f\u00e9nyk\u00e9p\u00e9t tanulm\u00e1nyozt\u00e1k, szerte a [&hellip;]","og_url":"https:\/\/www.welovecycling.com\/hu\/edzes-es-eletmod\/bebizonyitva-a-termeszet-maga-a-boldogsag\/","og_site_name":"\u0160koda We Love Cycling - Magyarorsz\u00e1g","article_publisher":"https:\/\/www.facebook.com\/WeLoveCyclingHungary\/","article_published_time":"2020-06-02T07:00:05+00:00","og_image":[{"width":1366,"height":600,"url":"https:\/\/d2p6e6u75xmxt8.cloudfront.net\/12\/2020\/05\/Nature-CVR.jpg","type":"image\/jpeg"}],"author":"hegyizs","twitter_card":"summary_large_image","twitter_misc":{"Written by":"Jiri Kaloc","Est. reading time":"5"},"schema":{"@context":"https:\/\/schema.org","@graph":[{"@type":"WebPage","@id":"https:\/\/www.welovecycling.com\/hu\/edzes-es-eletmod\/bebizonyitva-a-termeszet-maga-a-boldogsag\/","url":"https:\/\/www.welovecycling.com\/hu\/edzes-es-eletmod\/bebizonyitva-a-termeszet-maga-a-boldogsag\/","name":"Bebizony\u00edtva: a term\u00e9szet maga a boldogs\u00e1g - \u0160koda We Love Cycling - Magyarorsz\u00e1g","isPartOf":{"@id":"https:\/\/www.welovecycling.com\/hu\/#website"},"primaryImageOfPage":{"@id":"https:\/\/www.welovecycling.com\/hu\/edzes-es-eletmod\/bebizonyitva-a-termeszet-maga-a-boldogsag\/#primaryimage"},"image":{"@id":"https:\/\/www.welovecycling.com\/hu\/edzes-es-eletmod\/bebizonyitva-a-termeszet-maga-a-boldogsag\/#primaryimage"},"thumbnailUrl":"https:\/\/d2p6e6u75xmxt8.cloudfront.net\/12\/2020\/05\/Nature-CVR.jpg","datePublished":"2020-06-02T07:00:05+00:00","author":{"@id":"https:\/\/www.welovecycling.com\/hu\/#\/schema\/person\/414a2aebf1801691a5320edb6468e194"},"breadcrumb":{"@id":"https:\/\/www.welovecycling.com\/hu\/edzes-es-eletmod\/bebizonyitva-a-termeszet-maga-a-boldogsag\/#breadcrumb"},"inLanguage":"hu","potentialAction":[{"@type":"ReadAction","target":["https:\/\/www.welovecycling.com\/hu\/edzes-es-eletmod\/bebizonyitva-a-termeszet-maga-a-boldogsag\/"]}]},{"@type":"ImageObject","inLanguage":"hu","@id":"https:\/\/www.welovecycling.com\/hu\/edzes-es-eletmod\/bebizonyitva-a-termeszet-maga-a-boldogsag\/#primaryimage","url":"https:\/\/d2p6e6u75xmxt8.cloudfront.net\/12\/2020\/05\/Nature-CVR.jpg","contentUrl":"https:\/\/d2p6e6u75xmxt8.cloudfront.net\/12\/2020\/05\/Nature-CVR.jpg","width":1366,"height":600},{"@type":"BreadcrumbList","@id":"https:\/\/www.welovecycling.com\/hu\/edzes-es-eletmod\/bebizonyitva-a-termeszet-maga-a-boldogsag\/#breadcrumb","itemListElement":[{"@type":"ListItem","position":1,"name":"Home","item":"https:\/\/www.welovecycling.com\/hu\/"},{"@type":"ListItem","position":2,"name":"Bebizony\u00edtva: a term\u00e9szet maga a boldogs\u00e1g"}]},{"@type":"WebSite","@id":"https:\/\/www.welovecycling.com\/hu\/#website","url":"https:\/\/www.welovecycling.com\/hu\/","name":"\u0160koda We Love Cycling - Magyarorsz\u00e1g","description":"\u0160koda WeLoveCycling","potentialAction":[{"@type":"SearchAction","target":{"@type":"EntryPoint","urlTemplate":"https:\/\/www.welovecycling.com\/hu\/?s={search_term_string}"},"query-input":{"@type":"PropertyValueSpecification","valueRequired":true,"valueName":"search_term_string"}}],"inLanguage":"hu"},{"@type":"Person","@id":"https:\/\/www.welovecycling.com\/hu\/#\/schema\/person\/414a2aebf1801691a5320edb6468e194","name":"hegyizs","image":{"@type":"ImageObject","inLanguage":"hu","@id":"https:\/\/www.welovecycling.com\/hu\/#\/schema\/person\/image\/","url":"https:\/\/secure.gravatar.com\/avatar\/02cf8a7906b8cf90cecb4679defac7cfd33a1c2e3b88e4903d947f3bb58eedd3?s=96&d=mm&r=g","contentUrl":"https:\/\/secure.gravatar.com\/avatar\/02cf8a7906b8cf90cecb4679defac7cfd33a1c2e3b88e4903d947f3bb58eedd3?s=96&d=mm&r=g","caption":"hegyizs"},"url":"https:\/\/www.welovecycling.com\/hu\/author\/hegyizs\/"}]}},"_links":{"self":[{"href":"https:\/\/www.welovecycling.com\/hu\/wp-json\/wp\/v2\/posts\/7769","targetHints":{"allow":["GET"]}}],"collection":[{"href":"https:\/\/www.welovecycling.com\/hu\/wp-json\/wp\/v2\/posts"}],"about":[{"href":"https:\/\/www.welovecycling.com\/hu\/wp-json\/wp\/v2\/types\/post"}],"author":[{"embeddable":true,"href":"https:\/\/www.welovecycling.com\/hu\/wp-json\/wp\/v2\/users\/71"}],"replies":[{"embeddable":true,"href":"https:\/\/www.welovecycling.com\/hu\/wp-json\/wp\/v2\/comments?post=7769"}],"version-history":[{"count":2,"href":"https:\/\/www.welovecycling.com\/hu\/wp-json\/wp\/v2\/posts\/7769\/revisions"}],"predecessor-version":[{"id":7789,"href":"https:\/\/www.welovecycling.com\/hu\/wp-json\/wp\/v2\/posts\/7769\/revisions\/7789"}],"wp:featuredmedia":[{"embeddable":true,"href":"https:\/\/www.welovecycling.com\/hu\/wp-json\/wp\/v2\/media\/7773"}],"wp:attachment":[{"href":"https:\/\/www.welovecycling.com\/hu\/wp-json\/wp\/v2\/media?parent=7769"}],"wp:term":[{"taxonomy":"category","embeddable":true,"href":"https:\/\/www.welovecycling.com\/hu\/wp-json\/wp\/v2\/categories?post=7769"},{"taxonomy":"post_tag","embeddable":true,"href":"https:\/\/www.welovecycling.com\/hu\/wp-json\/wp\/v2\/tags?post=7769"},{"taxonomy":"global-categories","embeddable":true,"href":"https:\/\/www.welovecycling.com\/hu\/wp-json\/wp\/v2\/global-categories?post=7769"}],"curies":[{"name":"wp","href":"https:\/\/api.w.org\/{rel}","templated":true}]}}