{"id":7758,"date":"2020-06-03T17:00:02","date_gmt":"2020-06-03T16:00:02","guid":{"rendered":"https:\/\/www.welovecycling.com\/hu\/?p=7758"},"modified":"2020-05-29T16:33:05","modified_gmt":"2020-05-29T15:33:05","slug":"5-gyakorlat-a-helyes-tartasert","status":"publish","type":"post","link":"https:\/\/www.welovecycling.com\/hu\/edzes-es-eletmod\/5-gyakorlat-a-helyes-tartasert\/","title":{"rendered":"5 gyakorlat a helyes tart\u00e1s\u00e9rt"},"content":{"rendered":"<p><strong>Nem lehet el\u00e9gszer hangs\u00falyozni, hogy ha eg\u00e9sz nap az irod\u00e1ban \u00fcl\u00fcnk, nagyon oda kell figyeln\u00fcnk arra, hogy valahogy ellens\u00falyozzuk a rossz testtart\u00e1st \u00e9s a mozg\u00e1shi\u00e1nyt. Napi nyolc \u00f3ra g\u00e9p vagy telefon f\u00f6l\u00e9 hajl\u00e1s mellett, ha m\u00e9g a biciklikorm\u00e1nyra is r\u00e1hajolsz \u2013 mintegy pihen\u00e9sk\u00e9pp \u2013 annak borzaszt\u00f3 h\u00e1tf\u00e1j\u00e1s lehet a v\u00e9ge.<\/strong><!--more--><\/p>\n<p>M\u00e9g a szem\u00e9lyi edz\u0151 Charlie Atkins is \u00e1t\u00e9rzi a k\u00fcty\u00fck f\u00f6l\u00e9 hajl\u00f3 emberek h\u00e1t-\u00e9s nyakf\u00e1jdalm\u00e1t, azonban van r\u00e1 ellenszere. Mind\u00f6ssze egy p\u00e1r s\u00falyz\u00f3ra lesz sz\u00fcks\u00e9ged, hogy elv\u00e9gezhesd a k\u00f6vetkez\u0151 tart\u00e1s-jav\u00edt\u00f3 gyakorlatokat \u2013 ak\u00e1r otthon is. Mindegyik gyakorlatot 30 m\u00e1sodpercig v\u00e9gezd, majd tarts pihen\u0151t!<\/p>\n<h2>1. S\u00e9ta s\u00falyzokkal<\/h2>\n<lite-youtube videoid=p5MNNosenJc params=\"enablejsapi=1\" style=\"background-image: url('https:\/\/i.ytimg.com\/vi_webp\/p5MNNosenJc\/maxresdefault.webp');\"><\/lite-youtube>\n<p>J\u00f3t tesz a gerincnek \u00e9s jav\u00edtja a tart\u00e1st. Atkin azt javasolja, hogy d\u00fclleszd ki a melled, mintha csak b\u00fcszk\u00e9n s\u00e9t\u00e1ln\u00e1l ki a konditeremb\u0151l egy kiad\u00f3s edz\u00e9s ut\u00e1n.<\/p>\n<h2>2. Emel\u00e9sek<\/h2>\n<lite-youtube videoid=roCP6wCXPqo params=\"enablejsapi=1\" style=\"background-image: url('https:\/\/i.ytimg.com\/vi_webp\/roCP6wCXPqo\/maxresdefault.webp');\"><\/lite-youtube>\n<p>Er\u0151s\u00edti a h\u00e1tizmokat \u00e9s seg\u00edt ellaz\u00edtani a v\u00e1llakat. 10-12 gyakorlatot v\u00e9gezz!<\/p>\n<p>&nbsp;<\/p>\n<h2>3. T\u00e1rogat\u00e1s<\/h2>\n<p><img loading=\"lazy\" decoding=\"async\" class=\"aligncenter size-full wp-image-7762\" src=\"https:\/\/d2p6e6u75xmxt8.cloudfront.net\/12\/2020\/05\/d6950fce42dc0527a7a9b2761d6bbcda.jpg\" alt=\"\" width=\"503\" height=\"285\" \/><\/p>\n<p>Emeld a karjaid oldalra, a tested kiss\u00e9 el\u0151re d\u00f6ntve, enyh\u00e9n hajl\u00edtott t\u00e9rdekkel! Figyelj oda, hogy a t\u00e9rded a bok\u00e1d f\u00f6l\u00f6tt legyen! Vagy \u00e1ll\u00f3helyzetben emelt a fejed f\u00f6l\u00e9 a s\u00falyokat, Y alakzatban.<\/p>\n<h2>4. Scapula fekv\u0151t\u00e1masz<\/h2>\n<lite-youtube videoid=5YHZnEsE9hA params=\"enablejsapi=1\" style=\"background-image: url('https:\/\/i.ytimg.com\/vi_webp\/5YHZnEsE9hA\/maxresdefault.webp');\"><\/lite-youtube>\n<p>A v\u00e1llak er\u0151s\u00edt\u00e9s\u00e9re szolg\u00e1l.<\/p>\n<h2>5. Teljes kark\u00f6rz\u00e9s<\/h2>\n<lite-youtube videoid=HiCEQXn7mSM params=\"enablejsapi=1\" style=\"background-image: url('https:\/\/i.ytimg.com\/vi_webp\/HiCEQXn7mSM\/maxresdefault.webp');\"><\/lite-youtube>\n<p>Haszn\u00e1lj k\u00f6nnyebb s\u00falyz\u00f3kat, \u00e9s mozgasd \u00e1t a karjaid! T\u00e9rdel\u0151 poz\u00edci\u00f3ban jobban k\u00edm\u00e9led az \u00edz\u00fcleteid, \u00e9s teljesen a karjaidra tudsz f\u00f3kusz\u00e1lni.<\/p>\n<p><em>Forr\u00e1s: <\/em><a href=\"https:\/\/www.bicycling.com\/training\/a31246248\/posture-exercises-workout\/\"><em>bicycling.com<\/em><\/a><\/p>\n","protected":false},"excerpt":{"rendered":"<p>Nem lehet el\u00e9gszer hangs\u00falyozni, hogy ha eg\u00e9sz nap az irod\u00e1ban \u00fcl\u00fcnk, nagyon oda kell figyeln\u00fcnk arra, hogy valahogy ellens\u00falyozzuk a [&hellip;]<\/p>\n","protected":false},"author":71,"featured_media":7759,"comment_status":"open","ping_status":"open","sticky":false,"template":"","format":"standard","meta":{"footnotes":""},"categories":[6],"tags":[],"global-categories":[],"class_list":["post-7758","post","type-post","status-publish","format-standard","has-post-thumbnail","hentry","category-edzes-es-eletmod"],"yoast_head":"<!-- This site is optimized with the Yoast SEO Premium plugin v25.3 (Yoast SEO v25.9) - https:\/\/yoast.com\/wordpress\/plugins\/seo\/ -->\n<title>5 gyakorlat a helyes tart\u00e1s\u00e9rt - \u0160koda We Love Cycling - Magyarorsz\u00e1g<\/title>\n<meta name=\"robots\" content=\"index, follow, max-snippet:-1, max-image-preview:large, max-video-preview:-1\" \/>\n<link rel=\"canonical\" href=\"https:\/\/www.welovecycling.com\/hu\/edzes-es-eletmod\/5-gyakorlat-a-helyes-tartasert\/\" \/>\n<meta property=\"og:locale\" content=\"hu_HU\" \/>\n<meta property=\"og:type\" content=\"article\" \/>\n<meta property=\"og:title\" content=\"5 gyakorlat a helyes tart\u00e1s\u00e9rt\" \/>\n<meta property=\"og:description\" content=\"Nem lehet el\u00e9gszer hangs\u00falyozni, hogy ha eg\u00e9sz nap az irod\u00e1ban \u00fcl\u00fcnk, nagyon oda kell figyeln\u00fcnk arra, hogy valahogy ellens\u00falyozzuk a [&hellip;]\" \/>\n<meta property=\"og:url\" content=\"https:\/\/www.welovecycling.com\/hu\/edzes-es-eletmod\/5-gyakorlat-a-helyes-tartasert\/\" \/>\n<meta property=\"og:site_name\" content=\"\u0160koda We Love Cycling - Magyarorsz\u00e1g\" \/>\n<meta property=\"article:publisher\" content=\"https:\/\/www.facebook.com\/WeLoveCyclingHungary\/\" \/>\n<meta property=\"article:published_time\" content=\"2020-06-03T16:00:02+00:00\" \/>\n<meta property=\"og:image\" content=\"https:\/\/d2p6e6u75xmxt8.cloudfront.net\/12\/2020\/05\/silhouette-683751_1280.jpg\" \/>\n\t<meta property=\"og:image:width\" content=\"1280\" \/>\n\t<meta property=\"og:image:height\" content=\"720\" \/>\n\t<meta property=\"og:image:type\" content=\"image\/jpeg\" \/>\n<meta name=\"author\" content=\"hegyizs\" \/>\n<meta name=\"twitter:card\" content=\"summary_large_image\" \/>\n<meta name=\"twitter:label1\" content=\"Written by\" \/>\n\t<meta name=\"twitter:data1\" content=\"WLC\" \/>\n\t<meta name=\"twitter:label2\" content=\"Est. reading time\" \/>\n\t<meta name=\"twitter:data2\" content=\"2 minutes\" \/>\n<script type=\"application\/ld+json\" class=\"yoast-schema-graph\">{\"@context\":\"https:\/\/schema.org\",\"@graph\":[{\"@type\":\"WebPage\",\"@id\":\"https:\/\/www.welovecycling.com\/hu\/edzes-es-eletmod\/5-gyakorlat-a-helyes-tartasert\/\",\"url\":\"https:\/\/www.welovecycling.com\/hu\/edzes-es-eletmod\/5-gyakorlat-a-helyes-tartasert\/\",\"name\":\"5 gyakorlat a helyes tart\u00e1s\u00e9rt - \u0160koda We Love Cycling - Magyarorsz\u00e1g\",\"isPartOf\":{\"@id\":\"https:\/\/www.welovecycling.com\/hu\/#website\"},\"primaryImageOfPage\":{\"@id\":\"https:\/\/www.welovecycling.com\/hu\/edzes-es-eletmod\/5-gyakorlat-a-helyes-tartasert\/#primaryimage\"},\"image\":{\"@id\":\"https:\/\/www.welovecycling.com\/hu\/edzes-es-eletmod\/5-gyakorlat-a-helyes-tartasert\/#primaryimage\"},\"thumbnailUrl\":\"https:\/\/d2p6e6u75xmxt8.cloudfront.net\/12\/2020\/05\/silhouette-683751_1280.jpg\",\"datePublished\":\"2020-06-03T16:00:02+00:00\",\"author\":{\"@id\":\"https:\/\/www.welovecycling.com\/hu\/#\/schema\/person\/414a2aebf1801691a5320edb6468e194\"},\"breadcrumb\":{\"@id\":\"https:\/\/www.welovecycling.com\/hu\/edzes-es-eletmod\/5-gyakorlat-a-helyes-tartasert\/#breadcrumb\"},\"inLanguage\":\"hu\",\"potentialAction\":[{\"@type\":\"ReadAction\",\"target\":[\"https:\/\/www.welovecycling.com\/hu\/edzes-es-eletmod\/5-gyakorlat-a-helyes-tartasert\/\"]}]},{\"@type\":\"ImageObject\",\"inLanguage\":\"hu\",\"@id\":\"https:\/\/www.welovecycling.com\/hu\/edzes-es-eletmod\/5-gyakorlat-a-helyes-tartasert\/#primaryimage\",\"url\":\"https:\/\/d2p6e6u75xmxt8.cloudfront.net\/12\/2020\/05\/silhouette-683751_1280.jpg\",\"contentUrl\":\"https:\/\/d2p6e6u75xmxt8.cloudfront.net\/12\/2020\/05\/silhouette-683751_1280.jpg\",\"width\":1280,\"height\":720},{\"@type\":\"BreadcrumbList\",\"@id\":\"https:\/\/www.welovecycling.com\/hu\/edzes-es-eletmod\/5-gyakorlat-a-helyes-tartasert\/#breadcrumb\",\"itemListElement\":[{\"@type\":\"ListItem\",\"position\":1,\"name\":\"Home\",\"item\":\"https:\/\/www.welovecycling.com\/hu\/\"},{\"@type\":\"ListItem\",\"position\":2,\"name\":\"5 gyakorlat a helyes tart\u00e1s\u00e9rt\"}]},{\"@type\":\"WebSite\",\"@id\":\"https:\/\/www.welovecycling.com\/hu\/#website\",\"url\":\"https:\/\/www.welovecycling.com\/hu\/\",\"name\":\"\u0160koda We Love Cycling - Magyarorsz\u00e1g\",\"description\":\"\u0160koda WeLoveCycling\",\"potentialAction\":[{\"@type\":\"SearchAction\",\"target\":{\"@type\":\"EntryPoint\",\"urlTemplate\":\"https:\/\/www.welovecycling.com\/hu\/?s={search_term_string}\"},\"query-input\":{\"@type\":\"PropertyValueSpecification\",\"valueRequired\":true,\"valueName\":\"search_term_string\"}}],\"inLanguage\":\"hu\"},{\"@type\":\"Person\",\"@id\":\"https:\/\/www.welovecycling.com\/hu\/#\/schema\/person\/414a2aebf1801691a5320edb6468e194\",\"name\":\"hegyizs\",\"image\":{\"@type\":\"ImageObject\",\"inLanguage\":\"hu\",\"@id\":\"https:\/\/www.welovecycling.com\/hu\/#\/schema\/person\/image\/\",\"url\":\"https:\/\/secure.gravatar.com\/avatar\/02cf8a7906b8cf90cecb4679defac7cfd33a1c2e3b88e4903d947f3bb58eedd3?s=96&d=mm&r=g\",\"contentUrl\":\"https:\/\/secure.gravatar.com\/avatar\/02cf8a7906b8cf90cecb4679defac7cfd33a1c2e3b88e4903d947f3bb58eedd3?s=96&d=mm&r=g\",\"caption\":\"hegyizs\"},\"url\":\"https:\/\/www.welovecycling.com\/hu\/author\/hegyizs\/\"}]}<\/script>\n<!-- \/ Yoast SEO Premium plugin. -->","yoast_head_json":{"title":"5 gyakorlat a helyes tart\u00e1s\u00e9rt - \u0160koda We Love Cycling - Magyarorsz\u00e1g","robots":{"index":"index","follow":"follow","max-snippet":"max-snippet:-1","max-image-preview":"max-image-preview:large","max-video-preview":"max-video-preview:-1"},"canonical":"https:\/\/www.welovecycling.com\/hu\/edzes-es-eletmod\/5-gyakorlat-a-helyes-tartasert\/","og_locale":"hu_HU","og_type":"article","og_title":"5 gyakorlat a helyes tart\u00e1s\u00e9rt","og_description":"Nem lehet el\u00e9gszer hangs\u00falyozni, hogy ha eg\u00e9sz nap az irod\u00e1ban \u00fcl\u00fcnk, nagyon oda kell figyeln\u00fcnk arra, hogy valahogy ellens\u00falyozzuk a [&hellip;]","og_url":"https:\/\/www.welovecycling.com\/hu\/edzes-es-eletmod\/5-gyakorlat-a-helyes-tartasert\/","og_site_name":"\u0160koda We Love Cycling - Magyarorsz\u00e1g","article_publisher":"https:\/\/www.facebook.com\/WeLoveCyclingHungary\/","article_published_time":"2020-06-03T16:00:02+00:00","og_image":[{"width":1280,"height":720,"url":"https:\/\/d2p6e6u75xmxt8.cloudfront.net\/12\/2020\/05\/silhouette-683751_1280.jpg","type":"image\/jpeg"}],"author":"hegyizs","twitter_card":"summary_large_image","twitter_misc":{"Written by":"WLC","Est. reading time":"2 minutes"},"schema":{"@context":"https:\/\/schema.org","@graph":[{"@type":"WebPage","@id":"https:\/\/www.welovecycling.com\/hu\/edzes-es-eletmod\/5-gyakorlat-a-helyes-tartasert\/","url":"https:\/\/www.welovecycling.com\/hu\/edzes-es-eletmod\/5-gyakorlat-a-helyes-tartasert\/","name":"5 gyakorlat a helyes tart\u00e1s\u00e9rt - \u0160koda We Love Cycling - Magyarorsz\u00e1g","isPartOf":{"@id":"https:\/\/www.welovecycling.com\/hu\/#website"},"primaryImageOfPage":{"@id":"https:\/\/www.welovecycling.com\/hu\/edzes-es-eletmod\/5-gyakorlat-a-helyes-tartasert\/#primaryimage"},"image":{"@id":"https:\/\/www.welovecycling.com\/hu\/edzes-es-eletmod\/5-gyakorlat-a-helyes-tartasert\/#primaryimage"},"thumbnailUrl":"https:\/\/d2p6e6u75xmxt8.cloudfront.net\/12\/2020\/05\/silhouette-683751_1280.jpg","datePublished":"2020-06-03T16:00:02+00:00","author":{"@id":"https:\/\/www.welovecycling.com\/hu\/#\/schema\/person\/414a2aebf1801691a5320edb6468e194"},"breadcrumb":{"@id":"https:\/\/www.welovecycling.com\/hu\/edzes-es-eletmod\/5-gyakorlat-a-helyes-tartasert\/#breadcrumb"},"inLanguage":"hu","potentialAction":[{"@type":"ReadAction","target":["https:\/\/www.welovecycling.com\/hu\/edzes-es-eletmod\/5-gyakorlat-a-helyes-tartasert\/"]}]},{"@type":"ImageObject","inLanguage":"hu","@id":"https:\/\/www.welovecycling.com\/hu\/edzes-es-eletmod\/5-gyakorlat-a-helyes-tartasert\/#primaryimage","url":"https:\/\/d2p6e6u75xmxt8.cloudfront.net\/12\/2020\/05\/silhouette-683751_1280.jpg","contentUrl":"https:\/\/d2p6e6u75xmxt8.cloudfront.net\/12\/2020\/05\/silhouette-683751_1280.jpg","width":1280,"height":720},{"@type":"BreadcrumbList","@id":"https:\/\/www.welovecycling.com\/hu\/edzes-es-eletmod\/5-gyakorlat-a-helyes-tartasert\/#breadcrumb","itemListElement":[{"@type":"ListItem","position":1,"name":"Home","item":"https:\/\/www.welovecycling.com\/hu\/"},{"@type":"ListItem","position":2,"name":"5 gyakorlat a helyes tart\u00e1s\u00e9rt"}]},{"@type":"WebSite","@id":"https:\/\/www.welovecycling.com\/hu\/#website","url":"https:\/\/www.welovecycling.com\/hu\/","name":"\u0160koda We Love Cycling - Magyarorsz\u00e1g","description":"\u0160koda WeLoveCycling","potentialAction":[{"@type":"SearchAction","target":{"@type":"EntryPoint","urlTemplate":"https:\/\/www.welovecycling.com\/hu\/?s={search_term_string}"},"query-input":{"@type":"PropertyValueSpecification","valueRequired":true,"valueName":"search_term_string"}}],"inLanguage":"hu"},{"@type":"Person","@id":"https:\/\/www.welovecycling.com\/hu\/#\/schema\/person\/414a2aebf1801691a5320edb6468e194","name":"hegyizs","image":{"@type":"ImageObject","inLanguage":"hu","@id":"https:\/\/www.welovecycling.com\/hu\/#\/schema\/person\/image\/","url":"https:\/\/secure.gravatar.com\/avatar\/02cf8a7906b8cf90cecb4679defac7cfd33a1c2e3b88e4903d947f3bb58eedd3?s=96&d=mm&r=g","contentUrl":"https:\/\/secure.gravatar.com\/avatar\/02cf8a7906b8cf90cecb4679defac7cfd33a1c2e3b88e4903d947f3bb58eedd3?s=96&d=mm&r=g","caption":"hegyizs"},"url":"https:\/\/www.welovecycling.com\/hu\/author\/hegyizs\/"}]}},"_links":{"self":[{"href":"https:\/\/www.welovecycling.com\/hu\/wp-json\/wp\/v2\/posts\/7758","targetHints":{"allow":["GET"]}}],"collection":[{"href":"https:\/\/www.welovecycling.com\/hu\/wp-json\/wp\/v2\/posts"}],"about":[{"href":"https:\/\/www.welovecycling.com\/hu\/wp-json\/wp\/v2\/types\/post"}],"author":[{"embeddable":true,"href":"https:\/\/www.welovecycling.com\/hu\/wp-json\/wp\/v2\/users\/71"}],"replies":[{"embeddable":true,"href":"https:\/\/www.welovecycling.com\/hu\/wp-json\/wp\/v2\/comments?post=7758"}],"version-history":[{"count":1,"href":"https:\/\/www.welovecycling.com\/hu\/wp-json\/wp\/v2\/posts\/7758\/revisions"}],"predecessor-version":[{"id":7765,"href":"https:\/\/www.welovecycling.com\/hu\/wp-json\/wp\/v2\/posts\/7758\/revisions\/7765"}],"wp:featuredmedia":[{"embeddable":true,"href":"https:\/\/www.welovecycling.com\/hu\/wp-json\/wp\/v2\/media\/7759"}],"wp:attachment":[{"href":"https:\/\/www.welovecycling.com\/hu\/wp-json\/wp\/v2\/media?parent=7758"}],"wp:term":[{"taxonomy":"category","embeddable":true,"href":"https:\/\/www.welovecycling.com\/hu\/wp-json\/wp\/v2\/categories?post=7758"},{"taxonomy":"post_tag","embeddable":true,"href":"https:\/\/www.welovecycling.com\/hu\/wp-json\/wp\/v2\/tags?post=7758"},{"taxonomy":"global-categories","embeddable":true,"href":"https:\/\/www.welovecycling.com\/hu\/wp-json\/wp\/v2\/global-categories?post=7758"}],"curies":[{"name":"wp","href":"https:\/\/api.w.org\/{rel}","templated":true}]}}