{"id":7751,"date":"2020-05-29T08:00:53","date_gmt":"2020-05-29T07:00:53","guid":{"rendered":"https:\/\/www.welovecycling.com\/hu\/?p=7751"},"modified":"2020-05-26T14:31:37","modified_gmt":"2020-05-26T13:31:37","slug":"egy-szal-cigi-mindig-megnyugtatott-a-tour-de-france-alatt","status":"publish","type":"post","link":"https:\/\/www.welovecycling.com\/hu\/kozosseg-es-kultura\/egy-szal-cigi-mindig-megnyugtatott-a-tour-de-france-alatt\/","title":{"rendered":"\u201eEgy sz\u00e1l cigi mindig megnyugtatott a Tour de France alatt\u201d"},"content":{"rendered":"<p><strong>Nem mindig volt ekkora kult\u00far\u00e1ja a helyes \u00e9tkez\u00e9snek: a r\u00e9gi id\u0151ben a profi ker\u00e9kp\u00e1rosok \u00fagy ett\u00e9k a steak-et, mintha kenyeret enn\u00e9nek, \u00e9s \u00fagy itt\u00e1k a bort, mintha vizet inn\u00e1nak.<\/strong><!--more--><\/p>\n<figure id=\"attachment_7752\" aria-describedby=\"caption-attachment-7752\" style=\"width: 920px\" class=\"wp-caption aligncenter\"><img loading=\"lazy\" decoding=\"async\" class=\"wp-image-7752 size-full\" src=\"https:\/\/d2p6e6u75xmxt8.cloudfront.net\/12\/2020\/05\/adorni-with-spagg_GettyImages-106500482_388308681_681741611-920x648-1.jpg\" alt=\"\" width=\"920\" height=\"648\" \/><figcaption id=\"caption-attachment-7752\" class=\"wp-caption-text\">Vittorio Adorni, Jacques Anquetil \u00e9s Felice Gimondi spagettit esznek az 1966-os Giro d\u2019Italia versenyen (Forr\u00e1s: Keystone-France\/Gamma-Keystone, Getty Images)<\/figcaption><\/figure>\n<p>S\u00f3zott sz\u00e1r\u00edtott hering, v\u00e9res steak, cukros v\u00f6r\u00f6sbor, t\u00f6lt\u00f6tt galamb, furcsa gy\u00fcm\u00f6lcs\u00f6k \u00e9s z\u00f6lds\u00e9gek, s\u0151t \u00e9getett szesz \u00e9s doh\u00e1ny \u2013 ez mind r\u00e9sze volt a profi bring\u00e1sok \u00e9trendj\u00e9nek valamikor. Voltak persze ekkoriban is szab\u00e1lyok, p\u00e9ld\u00e1ul nem fogyaszthattak csapvizet, chipset \u00e9s hat ut\u00e1n narancsot sem. Ezeket az alapelveket foglalta \u00f6ssze a \u201eLe M\u00e9tier\u201d, ami gener\u00e1ci\u00f3r\u00f3l gener\u00e1ci\u00f3ra sz\u00e1llt, \u00e9s csak a bels\u0151s k\u00f6r\u00f6k tudtak l\u00e9tez\u00e9s\u00e9r\u0151l. M\u00e1s vil\u00e1g volt akkoriban!<\/p>\n<p>A 19. sz\u00e1zad v\u00e9g\u00e9n kezdtek n\u00e9pszer\u0171bb\u00e9 v\u00e1lni a hossz\u00fat\u00e1v\u00fa orsz\u00e1g\u00fati versenyek, \u00fagymint a Bordeaux-Paris \u00e9s a Paris-Brest-Paris. Jellemz\u0151en egyszerre tekert\u00e9k le ezeket a t\u00e1vokat, nem voltak szakaszokra osztva, egy ilyen \u00fat pedig rengeteg energi\u00e1t ig\u00e9nyelt. A versenyz\u0151k azonban ugyanazt ett\u00e9k, mint az \u00e1tlagemberek, \u00edgy sokszor m\u00e9g verseny k\u00f6zben is rendes \u00e9tkez\u00e9sekkel kellett p\u00f3tolniuk erej\u00fcket.<\/p>\n<p>George Pilkington Mills, az els\u0151, 1891-es Bordeaus-Paris gy\u0151ztese p\u00e9ld\u00e1ul az els\u0151 \u00e9tkez\u00e9si lehet\u0151s\u00e9gn\u00e9l m\u00e9g le\u00fclt megenni egy t\u00e1l levest, a k\u00f6vetkez\u0151 pihen\u0151n\u00e9l m\u00e1r csak gyorsan bekapott egy adag h\u00fast, a t\u00f6bbi \u00e9tkez\u00e9st viszont k\u00e9t ker\u00e9ken bonyol\u00edtotta le, hogy ne vesz\u00edtsen id\u0151t. Innen indult a trend, hogy biciklin is lehet enni. 1903-ban a Tour de France-on m\u00e1r alig \u00e1lltak meg a r\u00e9sztvev\u0151k, az \u00e9teleket a zseb\u00fckben \u00e9s t\u00e1sk\u00e1kban vitt\u00e9k magukkal. Persze m\u00e9g mindig ugyanazokat az \u00e9teleket: sajtot, sonk\u00e1s szendvicset \u00e9s s\u00fctem\u00e9nyt.<\/p>\n<h2><strong>Steak reggelire<\/strong><\/h2>\n<figure id=\"attachment_7753\" aria-describedby=\"caption-attachment-7753\" style=\"width: 620px\" class=\"wp-caption aligncenter\"><img loading=\"lazy\" decoding=\"async\" class=\"size-full wp-image-7753\" src=\"https:\/\/d2p6e6u75xmxt8.cloudfront.net\/12\/2020\/05\/steak_GettyImages-163082023_388308641_681741611-620x449-1.jpg\" alt=\"\" width=\"620\" height=\"449\" \/><figcaption id=\"caption-attachment-7753\" class=\"wp-caption-text\">A francia sportriporter, Jacques Goddet a francia versenyz\u0151kkel reggelizik, 1933-ban, a Tour de France alatt (Forr\u00e1s: AFP, Getty Images)<\/figcaption><\/figure>\n<p>Els\u0151sorban a feh\u00e9rjebevitelre koncentr\u00e1ltak a verseny el\u0151tt, ehhez pedig t\u00f6k\u00e9letes volt a steak-rizs komb\u00f3. Az 1909-es Tour nyertese, Fran\u00e7ois Faber hat steaket is elfogyasztott egy\u00fclt\u0151 hely\u00e9ben!<\/p>\n<p>A steak hossz\u00fa \u00e9veken \u00e1t a profik \u00e9trendj\u00e9nek fontos r\u00e9sz\u00e9t k\u00e9pezte. A 80-as \u00e9vekben m\u00e9g mindig steak-et vagy borj\u00fah\u00fast fogyasztottak reggelire egy-egy verseny el\u0151tt, azonban ekkoriban kezdtek nagyobb figyelmet ford\u00edtani az eg\u00e9szs\u00e9ges \u00e9letm\u00f3dra. Kider\u00fclt, hogy az ember m\u00e1j\u00e1nak nem a legjobb a rengeteg f\u0171szer \u00e9s sz\u00f3sz, \u00edgy a legjobb bring\u00e1sok, mint p\u00e9ld\u00e1ul Fausto Coppi \u00e1tt\u00e9rt a z\u00f6lds\u00e9gekre. M\u00e9g z\u00f6lds\u00e9gturmixot is ivott!<\/p>\n<h2><strong>Szex, alkohol \u00e9s drogok<\/strong><\/h2>\n<p>Hab\u00e1r a szexet megtiltott\u00e1k az edz\u0151k a versenyek alatt, az alkohol \u00e9s a drogok mindennaposak voltak a bring\u00e1sok \u00e9let\u00e9ben. Eg\u00e9szen 1965-ig, amikor kiadtak egy list\u00e1t a tiltott szerekr\u0151l, azonban a tesztel\u00e9st \u00e9s a szankcion\u00e1l\u00e1st igencsak elhanyagolt\u00e1k. A versenyz\u0151k k\u00f6vetkezm\u00e9nyek n\u00e9lk\u00fcl szeghett\u00e9k meg a szab\u00e1lyokat, \u00e9s \u00edgy is tettek. Persze nem mindenki, de igen sokan.<\/p>\n<p>Az alkoholt sok\u00e1ig az\u00e9rt fogyasztott\u00e1k, hogy elnyomj\u00e1k a nyereg okozta f\u00e1jdalmat. K\u00e9s\u0151bb, az\u00e9rt, mert \u2013 ma m\u00e1r neh\u00e9z elhinni, de \u00edgy volt \u2013 igen kev\u00e9s lehet\u0151s\u00e9g\u00fck volt a hidrat\u00e1ci\u00f3ra \u00fatk\u00f6zben. A pihen\u0151helyeken magukhoz vehettek italokat, de a k\u00eds\u00e9r\u0151aut\u00f3k nem vihettek nekik friss\u00edt\u0151t. Gyakran el\u0151fordult teh\u00e1t a dehidrat\u00e1ci\u00f3, sokan azt gondolt\u00e1k, ez m\u00e9g j\u00f3t is tesz a teljes\u00edtm\u00e9nynek<em>. \u201eKisz\u00e1radva gyorsabb\u201d<\/em> \u2013 mondta az \u00f6tsz\u00f6r\u00f6s Tour-bajnok, Jacques Anquetil, aki a l\u00e9tez\u0151 \u00f6sszes \u00e9tkez\u00e9ssel kapcsolatos szab\u00e1lyt \u00e1th\u00e1gta.<\/p>\n<p>A versenyz\u0151k az edz\u00e9sek sor\u00e1n is keveset ittak, hogy felk\u00e9sz\u00edts\u00e9k test\u00fcket a neh\u00e9z k\u00f6r\u00fclm\u00e9nyekre. N\u00e9h\u00e1ny belga s\u00f3s heringet evett, azt gondolv\u00e1n, ez is seg\u00edt. M\u00e1sok alkoholt ittak, mert iszonyatosan szomjasan \u00e9rkeztek a pihen\u0151helyekre, \u00e9s j\u00f3l esett nekik egy j\u00f3 pofa s\u00f6r a csapatt\u00e1rsakkal.<\/p>\n<h2><strong>S\u00falycs\u00f6kkent\u00e9s<\/strong><\/h2>\n<figure id=\"attachment_7754\" aria-describedby=\"caption-attachment-7754\" style=\"width: 620px\" class=\"wp-caption aligncenter\"><img loading=\"lazy\" decoding=\"async\" class=\"size-full wp-image-7754\" src=\"https:\/\/d2p6e6u75xmxt8.cloudfront.net\/12\/2020\/05\/GettyImages-1155595694_388308671_681741611-620x496-1.jpg\" alt=\"\" width=\"620\" height=\"496\" \/><figcaption id=\"caption-attachment-7754\" class=\"wp-caption-text\">Az olasz ker\u00e9kp\u00e1ros, Felice Gimondi egyik \u00e9tkez\u00e9se: h\u00e1rom sajtos, sonk\u00e1s, m\u00e9zes szendvics, egy darab omlett, h\u00e1rom rizsszelet, kockacukor, alma, narancs, egy f\u00e9l citrom \u00e9s egy te\u00e1s \u00fcveg. (Forr\u00e1s: Giorgio Lotti\/Mondadori, Getty Images)<\/figcaption><\/figure>\n<p>A hiedelem, hogy a hossz\u00fa utak el\u0151tt sokat kell enni, sok\u00e1ig kitartott. M\u00e1ra persze ez megv\u00e1ltozott: a profik \u00fagy sz\u00e1molj\u00e1k a kal\u00f3ri\u00e1kat, mint a szupermodellek, hogy a lehet\u0151 legkevesebb s\u00falyt kelljen cipelni\u00fck. A h\u00e1romszoros Tour-gy\u0151ztes Louison Bobet \u00fagy \u00e9lt, ak\u00e1r egy szerzetes, hogy ne legyen rajta egy deka f\u00f6l\u00f6sleg se. Coppi pedig egy riv\u00e1lisa, Gino Bartali szerint \u00fagy n\u00e9zett ki meztelen\u00fcl, mint egy \u201emegny\u00fazott macska\u201d. Vittorio Adorni szerint a legjobb gyakorlat, amivel s\u00falyt vesz\u00edthetsz az, ha k\u00e9t k\u00e9zzel eltolod magad az asztalt\u00f3l.<\/p>\n<p>Merckx szint\u00e9n igyekezett minden szab\u00e1lyt betartani, kiv\u00e9ve egyet: <em>\u201eSzerettem cigarett\u00e1zni a versenyek alatt. Megnyugtatott.\u201d<\/em><\/p>\n","protected":false},"excerpt":{"rendered":"<p>Nem mindig volt ekkora kult\u00far\u00e1ja a helyes \u00e9tkez\u00e9snek: a r\u00e9gi id\u0151ben a profi ker\u00e9kp\u00e1rosok \u00fagy ett\u00e9k a steak-et, mintha kenyeret [&hellip;]<\/p>\n","protected":false},"author":71,"featured_media":7755,"comment_status":"open","ping_status":"open","sticky":false,"template":"","format":"standard","meta":{"footnotes":""},"categories":[12],"tags":[],"global-categories":[],"class_list":["post-7751","post","type-post","status-publish","format-standard","has-post-thumbnail","hentry","category-kozosseg-es-kultura"],"yoast_head":"<!-- This site is optimized with the Yoast SEO Premium plugin v25.3 (Yoast SEO v25.9) - https:\/\/yoast.com\/wordpress\/plugins\/seo\/ -->\n<title>\u201eEgy sz\u00e1l cigi mindig megnyugtatott a Tour de France alatt\u201d - \u0160koda We Love Cycling - Magyarorsz\u00e1g<\/title>\n<meta name=\"robots\" content=\"index, follow, max-snippet:-1, max-image-preview:large, max-video-preview:-1\" \/>\n<link rel=\"canonical\" href=\"https:\/\/www.welovecycling.com\/hu\/kozosseg-es-kultura\/egy-szal-cigi-mindig-megnyugtatott-a-tour-de-france-alatt\/\" \/>\n<meta property=\"og:locale\" content=\"hu_HU\" \/>\n<meta property=\"og:type\" content=\"article\" \/>\n<meta property=\"og:title\" content=\"\u201eEgy sz\u00e1l cigi mindig megnyugtatott a Tour de France alatt\u201d\" \/>\n<meta property=\"og:description\" content=\"Nem mindig volt ekkora kult\u00far\u00e1ja a helyes \u00e9tkez\u00e9snek: a r\u00e9gi id\u0151ben a profi ker\u00e9kp\u00e1rosok \u00fagy ett\u00e9k a steak-et, mintha kenyeret [&hellip;]\" \/>\n<meta property=\"og:url\" content=\"https:\/\/www.welovecycling.com\/hu\/kozosseg-es-kultura\/egy-szal-cigi-mindig-megnyugtatott-a-tour-de-france-alatt\/\" \/>\n<meta property=\"og:site_name\" content=\"\u0160koda We Love Cycling - Magyarorsz\u00e1g\" \/>\n<meta property=\"article:publisher\" content=\"https:\/\/www.facebook.com\/WeLoveCyclingHungary\/\" \/>\n<meta property=\"article:published_time\" content=\"2020-05-29T07:00:53+00:00\" \/>\n<meta property=\"og:image\" content=\"https:\/\/d2p6e6u75xmxt8.cloudfront.net\/12\/2020\/05\/71d40242267427a23fdcd72d2856585f.jpg\" \/>\n\t<meta property=\"og:image:width\" content=\"1190\" \/>\n\t<meta property=\"og:image:height\" content=\"869\" \/>\n\t<meta property=\"og:image:type\" content=\"image\/jpeg\" \/>\n<meta name=\"author\" content=\"hegyizs\" \/>\n<meta name=\"twitter:card\" content=\"summary_large_image\" \/>\n<meta name=\"twitter:label1\" content=\"Written by\" \/>\n\t<meta name=\"twitter:data1\" content=\"WLC\" \/>\n\t<meta name=\"twitter:label2\" content=\"Est. reading time\" \/>\n\t<meta name=\"twitter:data2\" content=\"5 minutes\" \/>\n<script type=\"application\/ld+json\" class=\"yoast-schema-graph\">{\"@context\":\"https:\/\/schema.org\",\"@graph\":[{\"@type\":\"WebPage\",\"@id\":\"https:\/\/www.welovecycling.com\/hu\/kozosseg-es-kultura\/egy-szal-cigi-mindig-megnyugtatott-a-tour-de-france-alatt\/\",\"url\":\"https:\/\/www.welovecycling.com\/hu\/kozosseg-es-kultura\/egy-szal-cigi-mindig-megnyugtatott-a-tour-de-france-alatt\/\",\"name\":\"\u201eEgy sz\u00e1l cigi mindig megnyugtatott a Tour de France alatt\u201d - \u0160koda We Love Cycling - Magyarorsz\u00e1g\",\"isPartOf\":{\"@id\":\"https:\/\/www.welovecycling.com\/hu\/#website\"},\"primaryImageOfPage\":{\"@id\":\"https:\/\/www.welovecycling.com\/hu\/kozosseg-es-kultura\/egy-szal-cigi-mindig-megnyugtatott-a-tour-de-france-alatt\/#primaryimage\"},\"image\":{\"@id\":\"https:\/\/www.welovecycling.com\/hu\/kozosseg-es-kultura\/egy-szal-cigi-mindig-megnyugtatott-a-tour-de-france-alatt\/#primaryimage\"},\"thumbnailUrl\":\"https:\/\/d2p6e6u75xmxt8.cloudfront.net\/12\/2020\/05\/71d40242267427a23fdcd72d2856585f.jpg\",\"datePublished\":\"2020-05-29T07:00:53+00:00\",\"author\":{\"@id\":\"https:\/\/www.welovecycling.com\/hu\/#\/schema\/person\/414a2aebf1801691a5320edb6468e194\"},\"breadcrumb\":{\"@id\":\"https:\/\/www.welovecycling.com\/hu\/kozosseg-es-kultura\/egy-szal-cigi-mindig-megnyugtatott-a-tour-de-france-alatt\/#breadcrumb\"},\"inLanguage\":\"hu\",\"potentialAction\":[{\"@type\":\"ReadAction\",\"target\":[\"https:\/\/www.welovecycling.com\/hu\/kozosseg-es-kultura\/egy-szal-cigi-mindig-megnyugtatott-a-tour-de-france-alatt\/\"]}]},{\"@type\":\"ImageObject\",\"inLanguage\":\"hu\",\"@id\":\"https:\/\/www.welovecycling.com\/hu\/kozosseg-es-kultura\/egy-szal-cigi-mindig-megnyugtatott-a-tour-de-france-alatt\/#primaryimage\",\"url\":\"https:\/\/d2p6e6u75xmxt8.cloudfront.net\/12\/2020\/05\/71d40242267427a23fdcd72d2856585f.jpg\",\"contentUrl\":\"https:\/\/d2p6e6u75xmxt8.cloudfront.net\/12\/2020\/05\/71d40242267427a23fdcd72d2856585f.jpg\",\"width\":1190,\"height\":869},{\"@type\":\"BreadcrumbList\",\"@id\":\"https:\/\/www.welovecycling.com\/hu\/kozosseg-es-kultura\/egy-szal-cigi-mindig-megnyugtatott-a-tour-de-france-alatt\/#breadcrumb\",\"itemListElement\":[{\"@type\":\"ListItem\",\"position\":1,\"name\":\"Home\",\"item\":\"https:\/\/www.welovecycling.com\/hu\/\"},{\"@type\":\"ListItem\",\"position\":2,\"name\":\"\u201eEgy sz\u00e1l cigi mindig megnyugtatott a Tour de France alatt\u201d\"}]},{\"@type\":\"WebSite\",\"@id\":\"https:\/\/www.welovecycling.com\/hu\/#website\",\"url\":\"https:\/\/www.welovecycling.com\/hu\/\",\"name\":\"\u0160koda We Love Cycling - Magyarorsz\u00e1g\",\"description\":\"\u0160koda WeLoveCycling\",\"potentialAction\":[{\"@type\":\"SearchAction\",\"target\":{\"@type\":\"EntryPoint\",\"urlTemplate\":\"https:\/\/www.welovecycling.com\/hu\/?s={search_term_string}\"},\"query-input\":{\"@type\":\"PropertyValueSpecification\",\"valueRequired\":true,\"valueName\":\"search_term_string\"}}],\"inLanguage\":\"hu\"},{\"@type\":\"Person\",\"@id\":\"https:\/\/www.welovecycling.com\/hu\/#\/schema\/person\/414a2aebf1801691a5320edb6468e194\",\"name\":\"hegyizs\",\"image\":{\"@type\":\"ImageObject\",\"inLanguage\":\"hu\",\"@id\":\"https:\/\/www.welovecycling.com\/hu\/#\/schema\/person\/image\/\",\"url\":\"https:\/\/secure.gravatar.com\/avatar\/02cf8a7906b8cf90cecb4679defac7cfd33a1c2e3b88e4903d947f3bb58eedd3?s=96&d=mm&r=g\",\"contentUrl\":\"https:\/\/secure.gravatar.com\/avatar\/02cf8a7906b8cf90cecb4679defac7cfd33a1c2e3b88e4903d947f3bb58eedd3?s=96&d=mm&r=g\",\"caption\":\"hegyizs\"},\"url\":\"https:\/\/www.welovecycling.com\/hu\/author\/hegyizs\/\"}]}<\/script>\n<!-- \/ Yoast SEO Premium plugin. -->","yoast_head_json":{"title":"\u201eEgy sz\u00e1l cigi mindig megnyugtatott a Tour de France alatt\u201d - \u0160koda We Love Cycling - Magyarorsz\u00e1g","robots":{"index":"index","follow":"follow","max-snippet":"max-snippet:-1","max-image-preview":"max-image-preview:large","max-video-preview":"max-video-preview:-1"},"canonical":"https:\/\/www.welovecycling.com\/hu\/kozosseg-es-kultura\/egy-szal-cigi-mindig-megnyugtatott-a-tour-de-france-alatt\/","og_locale":"hu_HU","og_type":"article","og_title":"\u201eEgy sz\u00e1l cigi mindig megnyugtatott a Tour de France alatt\u201d","og_description":"Nem mindig volt ekkora kult\u00far\u00e1ja a helyes \u00e9tkez\u00e9snek: a r\u00e9gi id\u0151ben a profi ker\u00e9kp\u00e1rosok \u00fagy ett\u00e9k a steak-et, mintha kenyeret [&hellip;]","og_url":"https:\/\/www.welovecycling.com\/hu\/kozosseg-es-kultura\/egy-szal-cigi-mindig-megnyugtatott-a-tour-de-france-alatt\/","og_site_name":"\u0160koda We Love Cycling - Magyarorsz\u00e1g","article_publisher":"https:\/\/www.facebook.com\/WeLoveCyclingHungary\/","article_published_time":"2020-05-29T07:00:53+00:00","og_image":[{"width":1190,"height":869,"url":"https:\/\/d2p6e6u75xmxt8.cloudfront.net\/12\/2020\/05\/71d40242267427a23fdcd72d2856585f.jpg","type":"image\/jpeg"}],"author":"hegyizs","twitter_card":"summary_large_image","twitter_misc":{"Written by":"WLC","Est. reading time":"5 minutes"},"schema":{"@context":"https:\/\/schema.org","@graph":[{"@type":"WebPage","@id":"https:\/\/www.welovecycling.com\/hu\/kozosseg-es-kultura\/egy-szal-cigi-mindig-megnyugtatott-a-tour-de-france-alatt\/","url":"https:\/\/www.welovecycling.com\/hu\/kozosseg-es-kultura\/egy-szal-cigi-mindig-megnyugtatott-a-tour-de-france-alatt\/","name":"\u201eEgy sz\u00e1l cigi mindig megnyugtatott a Tour de France alatt\u201d - \u0160koda We Love Cycling - Magyarorsz\u00e1g","isPartOf":{"@id":"https:\/\/www.welovecycling.com\/hu\/#website"},"primaryImageOfPage":{"@id":"https:\/\/www.welovecycling.com\/hu\/kozosseg-es-kultura\/egy-szal-cigi-mindig-megnyugtatott-a-tour-de-france-alatt\/#primaryimage"},"image":{"@id":"https:\/\/www.welovecycling.com\/hu\/kozosseg-es-kultura\/egy-szal-cigi-mindig-megnyugtatott-a-tour-de-france-alatt\/#primaryimage"},"thumbnailUrl":"https:\/\/d2p6e6u75xmxt8.cloudfront.net\/12\/2020\/05\/71d40242267427a23fdcd72d2856585f.jpg","datePublished":"2020-05-29T07:00:53+00:00","author":{"@id":"https:\/\/www.welovecycling.com\/hu\/#\/schema\/person\/414a2aebf1801691a5320edb6468e194"},"breadcrumb":{"@id":"https:\/\/www.welovecycling.com\/hu\/kozosseg-es-kultura\/egy-szal-cigi-mindig-megnyugtatott-a-tour-de-france-alatt\/#breadcrumb"},"inLanguage":"hu","potentialAction":[{"@type":"ReadAction","target":["https:\/\/www.welovecycling.com\/hu\/kozosseg-es-kultura\/egy-szal-cigi-mindig-megnyugtatott-a-tour-de-france-alatt\/"]}]},{"@type":"ImageObject","inLanguage":"hu","@id":"https:\/\/www.welovecycling.com\/hu\/kozosseg-es-kultura\/egy-szal-cigi-mindig-megnyugtatott-a-tour-de-france-alatt\/#primaryimage","url":"https:\/\/d2p6e6u75xmxt8.cloudfront.net\/12\/2020\/05\/71d40242267427a23fdcd72d2856585f.jpg","contentUrl":"https:\/\/d2p6e6u75xmxt8.cloudfront.net\/12\/2020\/05\/71d40242267427a23fdcd72d2856585f.jpg","width":1190,"height":869},{"@type":"BreadcrumbList","@id":"https:\/\/www.welovecycling.com\/hu\/kozosseg-es-kultura\/egy-szal-cigi-mindig-megnyugtatott-a-tour-de-france-alatt\/#breadcrumb","itemListElement":[{"@type":"ListItem","position":1,"name":"Home","item":"https:\/\/www.welovecycling.com\/hu\/"},{"@type":"ListItem","position":2,"name":"\u201eEgy sz\u00e1l cigi mindig megnyugtatott a Tour de France alatt\u201d"}]},{"@type":"WebSite","@id":"https:\/\/www.welovecycling.com\/hu\/#website","url":"https:\/\/www.welovecycling.com\/hu\/","name":"\u0160koda We Love Cycling - Magyarorsz\u00e1g","description":"\u0160koda WeLoveCycling","potentialAction":[{"@type":"SearchAction","target":{"@type":"EntryPoint","urlTemplate":"https:\/\/www.welovecycling.com\/hu\/?s={search_term_string}"},"query-input":{"@type":"PropertyValueSpecification","valueRequired":true,"valueName":"search_term_string"}}],"inLanguage":"hu"},{"@type":"Person","@id":"https:\/\/www.welovecycling.com\/hu\/#\/schema\/person\/414a2aebf1801691a5320edb6468e194","name":"hegyizs","image":{"@type":"ImageObject","inLanguage":"hu","@id":"https:\/\/www.welovecycling.com\/hu\/#\/schema\/person\/image\/","url":"https:\/\/secure.gravatar.com\/avatar\/02cf8a7906b8cf90cecb4679defac7cfd33a1c2e3b88e4903d947f3bb58eedd3?s=96&d=mm&r=g","contentUrl":"https:\/\/secure.gravatar.com\/avatar\/02cf8a7906b8cf90cecb4679defac7cfd33a1c2e3b88e4903d947f3bb58eedd3?s=96&d=mm&r=g","caption":"hegyizs"},"url":"https:\/\/www.welovecycling.com\/hu\/author\/hegyizs\/"}]}},"_links":{"self":[{"href":"https:\/\/www.welovecycling.com\/hu\/wp-json\/wp\/v2\/posts\/7751","targetHints":{"allow":["GET"]}}],"collection":[{"href":"https:\/\/www.welovecycling.com\/hu\/wp-json\/wp\/v2\/posts"}],"about":[{"href":"https:\/\/www.welovecycling.com\/hu\/wp-json\/wp\/v2\/types\/post"}],"author":[{"embeddable":true,"href":"https:\/\/www.welovecycling.com\/hu\/wp-json\/wp\/v2\/users\/71"}],"replies":[{"embeddable":true,"href":"https:\/\/www.welovecycling.com\/hu\/wp-json\/wp\/v2\/comments?post=7751"}],"version-history":[{"count":1,"href":"https:\/\/www.welovecycling.com\/hu\/wp-json\/wp\/v2\/posts\/7751\/revisions"}],"predecessor-version":[{"id":7756,"href":"https:\/\/www.welovecycling.com\/hu\/wp-json\/wp\/v2\/posts\/7751\/revisions\/7756"}],"wp:featuredmedia":[{"embeddable":true,"href":"https:\/\/www.welovecycling.com\/hu\/wp-json\/wp\/v2\/media\/7755"}],"wp:attachment":[{"href":"https:\/\/www.welovecycling.com\/hu\/wp-json\/wp\/v2\/media?parent=7751"}],"wp:term":[{"taxonomy":"category","embeddable":true,"href":"https:\/\/www.welovecycling.com\/hu\/wp-json\/wp\/v2\/categories?post=7751"},{"taxonomy":"post_tag","embeddable":true,"href":"https:\/\/www.welovecycling.com\/hu\/wp-json\/wp\/v2\/tags?post=7751"},{"taxonomy":"global-categories","embeddable":true,"href":"https:\/\/www.welovecycling.com\/hu\/wp-json\/wp\/v2\/global-categories?post=7751"}],"curies":[{"name":"wp","href":"https:\/\/api.w.org\/{rel}","templated":true}]}}