{"id":7746,"date":"2020-05-27T17:00:39","date_gmt":"2020-05-27T16:00:39","guid":{"rendered":"https:\/\/www.welovecycling.com\/hu\/?p=7746"},"modified":"2020-05-26T14:30:46","modified_gmt":"2020-05-26T13:30:46","slug":"jo-feherjeforras-a-burgonya","status":"publish","type":"post","link":"https:\/\/www.welovecycling.com\/hu\/edzes-es-eletmod\/jo-feherjeforras-a-burgonya\/","title":{"rendered":"J\u00f3 feh\u00e9rjeforr\u00e1s a burgonya?"},"content":{"rendered":"<p><strong>Minden alkalomhoz elk\u00e9sz\u00edthet\u0151, finom, \u00e9s remek \u00fczemanyagunk lehet egy-egy verseny el\u0151tt. Egy \u00faj kutat\u00e1s szerint pedig remek feh\u00e9rjeforr\u00e1sk\u00e9nt az izom\u00e9p\u00edt\u00e9shez is hozz\u00e1j\u00e1rulhat. S\u00fclt krumplira fel?<\/strong><!--more--><\/p>\n<p>A kutat\u00e1sban 24, a 20-as \u00e9veiben j\u00e1r\u00f3 n\u0151 vett r\u00e9szt, az eredm\u00e9nyt a <em>Nutrients<\/em> foly\u00f3iratban tett\u00e9k k\u00f6zz\u00e9. Az alanyok az aj\u00e1nlottnak megfelel\u0151 mennyis\u00e9g\u0171, teh\u00e1t a tests\u00falyukat 0,8-al szorozva kapott grammnyi feh\u00e9rj\u00e9t vittek be, 21 napon \u00e1t.<\/p>\n<p>A n\u0151ket k\u00e9t csoportra osztott\u00e1k: az egyik csoport tagjai burgony\u00e1b\u00f3l sz\u00e1rmaz\u00f3 feh\u00e9rj\u00e9t is magukhoz vettek, puding form\u00e1j\u00e1ban, naponta k\u00e9tszer. Mindegyik adag 25 g burgonya-feh\u00e9rj\u00e9t tartalmazott, \u00edgy megdupl\u00e1zt\u00e1k napi feh\u00e9rje-bevitel\u00fcket. A kontrollcsoport ezzel szemben csak placebo pudingot kapott, hozz\u00e1adott feh\u00e9rje n\u00e9lk\u00fcl. Minden r\u00e9sztvev\u0151 azonos testmozg\u00e1st v\u00e9gzett a k\u00eds\u00e9rlet alatt.<\/p>\n<p>Az eredm\u00e9nyek? Azoknak, akik extra feh\u00e9rj\u00e9t fogyasztottak, 21 nap alatt \u00e9szrevehet\u0151en megn\u0151ttek az izmaik, m\u00edg azok, akik nem, nem mutattak v\u00e1ltoz\u00e1st.<\/p>\n<p>Hab\u00e1r ez el\u00e9g egy\u00e9rtelm\u0171 eredm\u00e9nynek t\u0171nik, a kutat\u00e1sban haszn\u00e1lt feh\u00e9rjeforr\u00e1s szokatlan. Egy nagy darab burgonya 7,5 gramm feh\u00e9rj\u00e9t tartalmaz: nem kifejezetten a superfood kateg\u00f3ria\u2026<\/p>\n<p>Ahhoz, hogy megkapj\u00e1k a 25 gramm feh\u00e9rj\u00e9t puding-adagonk\u00e9nt, a kutat\u00f3knak nem kev\u00e9s krumplit kellett felhaszn\u00e1lniuk. <em>\u201eK\u00f6r\u00fclbel\u00fcl 2 \u00e9s f\u00e9l kil\u00f3 burgony\u00e1t kellene megenn\u00fcnk ahhoz, hogy ezt a mennyis\u00e9g\u0171 feh\u00e9rj\u00e9t kinyerhess\u00fck bel\u0151le\u201d<\/em> \u2013 magyar\u00e1zta a kutat\u00e1s vezet\u0151je, Dr. Stuart Philips.<\/p>\n<p><img loading=\"lazy\" decoding=\"async\" class=\"aligncenter size-full wp-image-7748\" src=\"https:\/\/d2p6e6u75xmxt8.cloudfront.net\/12\/2020\/05\/man-cutting-potatoes-in-kitchen-royalty-free-image-1589389210.jpg\" alt=\"\" width=\"980\" height=\"979\" \/><\/p>\n<p>Hi\u00e1ba h\u00e1t a t\u00e9ny, hogy lehet izmot \u00e9p\u00edteni krumplib\u00f3l sz\u00e1rmaz\u00f3 feh\u00e9rj\u00e9vel, ez a val\u00f3s\u00e1gban nem igaz\u00e1n kivitelezhet\u0151. Arra azonban j\u00f3, hogy m\u00e9g t\u00f6bb n\u00f6v\u00e9nyi alap\u00fa t\u00e1pl\u00e1l\u00e9kot \u00e9p\u00edts\u00fcnk be az \u00e9trend\u00fcnkbe.<\/p>\n<p>Natalie Rizzo szak\u00e9rt\u0151 szerint a k\u00f6vetkez\u0151 mennyis\u00e9get kell bevinn\u00fcnk az egyes \u00e9telekb\u0151l, hogy kiv\u00e1ltsuk a 2,5 kil\u00f3 burgony\u00e1t:<\/p>\n<p>1 cs\u00e9sze edamame bab: 22 g feh\u00e9rje<\/p>\n<p>1\/3 cs\u00e9sze szejt\u00e1n: 21 g feh\u00e9rje<\/p>\n<p>20 dkg tofu: 18 g feh\u00e9rje<\/p>\n<p>10 dkg tempe: 18 g feh\u00e9rje<\/p>\n<figure id=\"attachment_7749\" aria-describedby=\"caption-attachment-7749\" style=\"width: 960px\" class=\"wp-caption aligncenter\"><img loading=\"lazy\" decoding=\"async\" class=\"size-full wp-image-7749\" src=\"https:\/\/d2p6e6u75xmxt8.cloudfront.net\/12\/2020\/05\/avocado-salad-728612_960_720.jpg\" alt=\"\" width=\"960\" height=\"679\" \/><figcaption id=\"caption-attachment-7749\" class=\"wp-caption-text\">A tofu igen magas feh\u00e9rje-tartalommal rendelkezik<\/figcaption><\/figure>\n<p>Kor\u00e1bban eml\u00edtett\u00fck, hogy az aj\u00e1nlott napi feh\u00e9rjebevitel tests\u00falyunkhoz viszony\u00edtva 0,8 gramm\/ kil\u00f3, azonban az IAAF (International Association of Athletics Federations) adatai szerint, ha sportol\u00f3k\u00e9nt izmainkat n\u00f6velni szeretn\u00e9nk, ak\u00e1r 1,6-2,4 grammal is sz\u00e1molhatunk naponta. Ez egy 70 kil\u00f3s ember eset\u00e9ben 105-165 gramm lehet. Persze az edz\u00e9sek t\u00edpus\u00e1t\u00f3l is f\u00fcgg a pontos sz\u00e1m.<\/p>\n<p>Ez nem jelenti azt, hogy p\u00e1nikszer\u0171en dobj ki minden krumplit, amit otthon tal\u00e1lsz. Csak az\u00e9rt, mert nem a legjobb feh\u00e9rjeforr\u00e1s, m\u00e9g vannak el\u0151nyei.<\/p>\n<p><em>\u201eA burgonya egy megfizethet\u0151, sokoldal\u00faan elk\u00e9sz\u00edthet\u0151, kem\u00e9ny\u00edt\u0151vel teli sz\u00e9nhidr\u00e1t-forr\u00e1s, mely kiv\u00e1l\u00f3 \u00fczemanyag egy-egy teker\u00e9s el\u0151tt\u201d<\/em> \u2013 magyar\u00e1zta Rizzo. <em>\u201eMind az \u00e9des, mind a feh\u00e9r burgonya rengeteg rostot tartalmaz, emellett ut\u00f3bbi C-vitamin tartalma az aj\u00e1nlott napi beviteli mennyis\u00e9g 30%-\u00e1t fedezi. Potassium-tartalma miatt pedig kiv\u00e1l\u00f3an hidrat\u00e1l. Az \u00e9desburgony\u00e1ban megtal\u00e1lhat\u00f3 b\u00e9ta-karotin pedig remek antioxid\u00e1ns \u00e9s j\u00f3t tesz a szemnek.\u201d<\/em><\/p>\n<p>Sz\u00f3val mi a tanuls\u00e1g? Legyen jelen az \u00e9trendedben a burgonya, de m\u00e1s n\u00f6v\u00e9nyi feh\u00e9rje-forr\u00e1sok mellett. \u00c9s ki tudja? Egy sz\u00e9p napon tal\u00e1n tele lesznek a boltok burgony\u00e1b\u00f3l kivont feh\u00e9rje-pudinggal!<\/p>\n<p><em>Forr\u00e1s: <\/em><a href=\"https:\/\/www.bicycling.com\/news\/a32462219\/potato-protein-isolate-study\/\"><em>bicycling.com<\/em><\/a><\/p>\n","protected":false},"excerpt":{"rendered":"<p>Minden alkalomhoz elk\u00e9sz\u00edthet\u0151, finom, \u00e9s remek \u00fczemanyagunk lehet egy-egy verseny el\u0151tt. Egy \u00faj kutat\u00e1s szerint pedig remek feh\u00e9rjeforr\u00e1sk\u00e9nt az izom\u00e9p\u00edt\u00e9shez [&hellip;]<\/p>\n","protected":false},"author":71,"featured_media":7747,"comment_status":"open","ping_status":"open","sticky":false,"template":"","format":"standard","meta":{"footnotes":""},"categories":[6],"tags":[],"global-categories":[],"class_list":["post-7746","post","type-post","status-publish","format-standard","has-post-thumbnail","hentry","category-edzes-es-eletmod"],"yoast_head":"<!-- This site is optimized with the Yoast SEO Premium plugin v25.3 (Yoast SEO v25.9) - https:\/\/yoast.com\/wordpress\/plugins\/seo\/ -->\n<title>J\u00f3 feh\u00e9rjeforr\u00e1s a burgonya? - \u0160koda We Love Cycling - Magyarorsz\u00e1g<\/title>\n<meta name=\"robots\" content=\"index, follow, max-snippet:-1, max-image-preview:large, max-video-preview:-1\" \/>\n<link rel=\"canonical\" href=\"https:\/\/www.welovecycling.com\/hu\/edzes-es-eletmod\/jo-feherjeforras-a-burgonya\/\" \/>\n<meta property=\"og:locale\" content=\"hu_HU\" \/>\n<meta property=\"og:type\" content=\"article\" \/>\n<meta property=\"og:title\" content=\"J\u00f3 feh\u00e9rjeforr\u00e1s a burgonya?\" \/>\n<meta property=\"og:description\" content=\"Minden alkalomhoz elk\u00e9sz\u00edthet\u0151, finom, \u00e9s remek \u00fczemanyagunk lehet egy-egy verseny el\u0151tt. Egy \u00faj kutat\u00e1s szerint pedig remek feh\u00e9rjeforr\u00e1sk\u00e9nt az izom\u00e9p\u00edt\u00e9shez [&hellip;]\" \/>\n<meta property=\"og:url\" content=\"https:\/\/www.welovecycling.com\/hu\/edzes-es-eletmod\/jo-feherjeforras-a-burgonya\/\" \/>\n<meta property=\"og:site_name\" content=\"\u0160koda We Love Cycling - Magyarorsz\u00e1g\" \/>\n<meta property=\"article:publisher\" content=\"https:\/\/www.facebook.com\/WeLoveCyclingHungary\/\" \/>\n<meta property=\"article:published_time\" content=\"2020-05-27T16:00:39+00:00\" \/>\n<meta property=\"og:image\" content=\"https:\/\/d2p6e6u75xmxt8.cloudfront.net\/12\/2020\/05\/potato_soup1234.jpg\" \/>\n\t<meta property=\"og:image:width\" content=\"1195\" \/>\n\t<meta property=\"og:image:height\" content=\"662\" \/>\n\t<meta property=\"og:image:type\" content=\"image\/jpeg\" \/>\n<meta name=\"author\" content=\"hegyizs\" \/>\n<meta name=\"twitter:card\" content=\"summary_large_image\" \/>\n<meta name=\"twitter:label1\" content=\"Written by\" \/>\n\t<meta name=\"twitter:data1\" content=\"WLC\" \/>\n\t<meta name=\"twitter:label2\" content=\"Est. reading time\" \/>\n\t<meta name=\"twitter:data2\" content=\"3 minutes\" \/>\n<script type=\"application\/ld+json\" class=\"yoast-schema-graph\">{\"@context\":\"https:\/\/schema.org\",\"@graph\":[{\"@type\":\"WebPage\",\"@id\":\"https:\/\/www.welovecycling.com\/hu\/edzes-es-eletmod\/jo-feherjeforras-a-burgonya\/\",\"url\":\"https:\/\/www.welovecycling.com\/hu\/edzes-es-eletmod\/jo-feherjeforras-a-burgonya\/\",\"name\":\"J\u00f3 feh\u00e9rjeforr\u00e1s a burgonya? - \u0160koda We Love Cycling - Magyarorsz\u00e1g\",\"isPartOf\":{\"@id\":\"https:\/\/www.welovecycling.com\/hu\/#website\"},\"primaryImageOfPage\":{\"@id\":\"https:\/\/www.welovecycling.com\/hu\/edzes-es-eletmod\/jo-feherjeforras-a-burgonya\/#primaryimage\"},\"image\":{\"@id\":\"https:\/\/www.welovecycling.com\/hu\/edzes-es-eletmod\/jo-feherjeforras-a-burgonya\/#primaryimage\"},\"thumbnailUrl\":\"https:\/\/d2p6e6u75xmxt8.cloudfront.net\/12\/2020\/05\/potato_soup1234.jpg\",\"datePublished\":\"2020-05-27T16:00:39+00:00\",\"author\":{\"@id\":\"https:\/\/www.welovecycling.com\/hu\/#\/schema\/person\/414a2aebf1801691a5320edb6468e194\"},\"breadcrumb\":{\"@id\":\"https:\/\/www.welovecycling.com\/hu\/edzes-es-eletmod\/jo-feherjeforras-a-burgonya\/#breadcrumb\"},\"inLanguage\":\"hu\",\"potentialAction\":[{\"@type\":\"ReadAction\",\"target\":[\"https:\/\/www.welovecycling.com\/hu\/edzes-es-eletmod\/jo-feherjeforras-a-burgonya\/\"]}]},{\"@type\":\"ImageObject\",\"inLanguage\":\"hu\",\"@id\":\"https:\/\/www.welovecycling.com\/hu\/edzes-es-eletmod\/jo-feherjeforras-a-burgonya\/#primaryimage\",\"url\":\"https:\/\/d2p6e6u75xmxt8.cloudfront.net\/12\/2020\/05\/potato_soup1234.jpg\",\"contentUrl\":\"https:\/\/d2p6e6u75xmxt8.cloudfront.net\/12\/2020\/05\/potato_soup1234.jpg\",\"width\":1195,\"height\":662},{\"@type\":\"BreadcrumbList\",\"@id\":\"https:\/\/www.welovecycling.com\/hu\/edzes-es-eletmod\/jo-feherjeforras-a-burgonya\/#breadcrumb\",\"itemListElement\":[{\"@type\":\"ListItem\",\"position\":1,\"name\":\"Home\",\"item\":\"https:\/\/www.welovecycling.com\/hu\/\"},{\"@type\":\"ListItem\",\"position\":2,\"name\":\"J\u00f3 feh\u00e9rjeforr\u00e1s a burgonya?\"}]},{\"@type\":\"WebSite\",\"@id\":\"https:\/\/www.welovecycling.com\/hu\/#website\",\"url\":\"https:\/\/www.welovecycling.com\/hu\/\",\"name\":\"\u0160koda We Love Cycling - Magyarorsz\u00e1g\",\"description\":\"\u0160koda WeLoveCycling\",\"potentialAction\":[{\"@type\":\"SearchAction\",\"target\":{\"@type\":\"EntryPoint\",\"urlTemplate\":\"https:\/\/www.welovecycling.com\/hu\/?s={search_term_string}\"},\"query-input\":{\"@type\":\"PropertyValueSpecification\",\"valueRequired\":true,\"valueName\":\"search_term_string\"}}],\"inLanguage\":\"hu\"},{\"@type\":\"Person\",\"@id\":\"https:\/\/www.welovecycling.com\/hu\/#\/schema\/person\/414a2aebf1801691a5320edb6468e194\",\"name\":\"hegyizs\",\"image\":{\"@type\":\"ImageObject\",\"inLanguage\":\"hu\",\"@id\":\"https:\/\/www.welovecycling.com\/hu\/#\/schema\/person\/image\/\",\"url\":\"https:\/\/secure.gravatar.com\/avatar\/02cf8a7906b8cf90cecb4679defac7cfd33a1c2e3b88e4903d947f3bb58eedd3?s=96&d=mm&r=g\",\"contentUrl\":\"https:\/\/secure.gravatar.com\/avatar\/02cf8a7906b8cf90cecb4679defac7cfd33a1c2e3b88e4903d947f3bb58eedd3?s=96&d=mm&r=g\",\"caption\":\"hegyizs\"},\"url\":\"https:\/\/www.welovecycling.com\/hu\/author\/hegyizs\/\"}]}<\/script>\n<!-- \/ Yoast SEO Premium plugin. -->","yoast_head_json":{"title":"J\u00f3 feh\u00e9rjeforr\u00e1s a burgonya? - \u0160koda We Love Cycling - Magyarorsz\u00e1g","robots":{"index":"index","follow":"follow","max-snippet":"max-snippet:-1","max-image-preview":"max-image-preview:large","max-video-preview":"max-video-preview:-1"},"canonical":"https:\/\/www.welovecycling.com\/hu\/edzes-es-eletmod\/jo-feherjeforras-a-burgonya\/","og_locale":"hu_HU","og_type":"article","og_title":"J\u00f3 feh\u00e9rjeforr\u00e1s a burgonya?","og_description":"Minden alkalomhoz elk\u00e9sz\u00edthet\u0151, finom, \u00e9s remek \u00fczemanyagunk lehet egy-egy verseny el\u0151tt. Egy \u00faj kutat\u00e1s szerint pedig remek feh\u00e9rjeforr\u00e1sk\u00e9nt az izom\u00e9p\u00edt\u00e9shez [&hellip;]","og_url":"https:\/\/www.welovecycling.com\/hu\/edzes-es-eletmod\/jo-feherjeforras-a-burgonya\/","og_site_name":"\u0160koda We Love Cycling - Magyarorsz\u00e1g","article_publisher":"https:\/\/www.facebook.com\/WeLoveCyclingHungary\/","article_published_time":"2020-05-27T16:00:39+00:00","og_image":[{"width":1195,"height":662,"url":"https:\/\/d2p6e6u75xmxt8.cloudfront.net\/12\/2020\/05\/potato_soup1234.jpg","type":"image\/jpeg"}],"author":"hegyizs","twitter_card":"summary_large_image","twitter_misc":{"Written by":"WLC","Est. reading time":"3 minutes"},"schema":{"@context":"https:\/\/schema.org","@graph":[{"@type":"WebPage","@id":"https:\/\/www.welovecycling.com\/hu\/edzes-es-eletmod\/jo-feherjeforras-a-burgonya\/","url":"https:\/\/www.welovecycling.com\/hu\/edzes-es-eletmod\/jo-feherjeforras-a-burgonya\/","name":"J\u00f3 feh\u00e9rjeforr\u00e1s a burgonya? - \u0160koda We Love Cycling - Magyarorsz\u00e1g","isPartOf":{"@id":"https:\/\/www.welovecycling.com\/hu\/#website"},"primaryImageOfPage":{"@id":"https:\/\/www.welovecycling.com\/hu\/edzes-es-eletmod\/jo-feherjeforras-a-burgonya\/#primaryimage"},"image":{"@id":"https:\/\/www.welovecycling.com\/hu\/edzes-es-eletmod\/jo-feherjeforras-a-burgonya\/#primaryimage"},"thumbnailUrl":"https:\/\/d2p6e6u75xmxt8.cloudfront.net\/12\/2020\/05\/potato_soup1234.jpg","datePublished":"2020-05-27T16:00:39+00:00","author":{"@id":"https:\/\/www.welovecycling.com\/hu\/#\/schema\/person\/414a2aebf1801691a5320edb6468e194"},"breadcrumb":{"@id":"https:\/\/www.welovecycling.com\/hu\/edzes-es-eletmod\/jo-feherjeforras-a-burgonya\/#breadcrumb"},"inLanguage":"hu","potentialAction":[{"@type":"ReadAction","target":["https:\/\/www.welovecycling.com\/hu\/edzes-es-eletmod\/jo-feherjeforras-a-burgonya\/"]}]},{"@type":"ImageObject","inLanguage":"hu","@id":"https:\/\/www.welovecycling.com\/hu\/edzes-es-eletmod\/jo-feherjeforras-a-burgonya\/#primaryimage","url":"https:\/\/d2p6e6u75xmxt8.cloudfront.net\/12\/2020\/05\/potato_soup1234.jpg","contentUrl":"https:\/\/d2p6e6u75xmxt8.cloudfront.net\/12\/2020\/05\/potato_soup1234.jpg","width":1195,"height":662},{"@type":"BreadcrumbList","@id":"https:\/\/www.welovecycling.com\/hu\/edzes-es-eletmod\/jo-feherjeforras-a-burgonya\/#breadcrumb","itemListElement":[{"@type":"ListItem","position":1,"name":"Home","item":"https:\/\/www.welovecycling.com\/hu\/"},{"@type":"ListItem","position":2,"name":"J\u00f3 feh\u00e9rjeforr\u00e1s a burgonya?"}]},{"@type":"WebSite","@id":"https:\/\/www.welovecycling.com\/hu\/#website","url":"https:\/\/www.welovecycling.com\/hu\/","name":"\u0160koda We Love Cycling - Magyarorsz\u00e1g","description":"\u0160koda WeLoveCycling","potentialAction":[{"@type":"SearchAction","target":{"@type":"EntryPoint","urlTemplate":"https:\/\/www.welovecycling.com\/hu\/?s={search_term_string}"},"query-input":{"@type":"PropertyValueSpecification","valueRequired":true,"valueName":"search_term_string"}}],"inLanguage":"hu"},{"@type":"Person","@id":"https:\/\/www.welovecycling.com\/hu\/#\/schema\/person\/414a2aebf1801691a5320edb6468e194","name":"hegyizs","image":{"@type":"ImageObject","inLanguage":"hu","@id":"https:\/\/www.welovecycling.com\/hu\/#\/schema\/person\/image\/","url":"https:\/\/secure.gravatar.com\/avatar\/02cf8a7906b8cf90cecb4679defac7cfd33a1c2e3b88e4903d947f3bb58eedd3?s=96&d=mm&r=g","contentUrl":"https:\/\/secure.gravatar.com\/avatar\/02cf8a7906b8cf90cecb4679defac7cfd33a1c2e3b88e4903d947f3bb58eedd3?s=96&d=mm&r=g","caption":"hegyizs"},"url":"https:\/\/www.welovecycling.com\/hu\/author\/hegyizs\/"}]}},"_links":{"self":[{"href":"https:\/\/www.welovecycling.com\/hu\/wp-json\/wp\/v2\/posts\/7746","targetHints":{"allow":["GET"]}}],"collection":[{"href":"https:\/\/www.welovecycling.com\/hu\/wp-json\/wp\/v2\/posts"}],"about":[{"href":"https:\/\/www.welovecycling.com\/hu\/wp-json\/wp\/v2\/types\/post"}],"author":[{"embeddable":true,"href":"https:\/\/www.welovecycling.com\/hu\/wp-json\/wp\/v2\/users\/71"}],"replies":[{"embeddable":true,"href":"https:\/\/www.welovecycling.com\/hu\/wp-json\/wp\/v2\/comments?post=7746"}],"version-history":[{"count":1,"href":"https:\/\/www.welovecycling.com\/hu\/wp-json\/wp\/v2\/posts\/7746\/revisions"}],"predecessor-version":[{"id":7750,"href":"https:\/\/www.welovecycling.com\/hu\/wp-json\/wp\/v2\/posts\/7746\/revisions\/7750"}],"wp:featuredmedia":[{"embeddable":true,"href":"https:\/\/www.welovecycling.com\/hu\/wp-json\/wp\/v2\/media\/7747"}],"wp:attachment":[{"href":"https:\/\/www.welovecycling.com\/hu\/wp-json\/wp\/v2\/media?parent=7746"}],"wp:term":[{"taxonomy":"category","embeddable":true,"href":"https:\/\/www.welovecycling.com\/hu\/wp-json\/wp\/v2\/categories?post=7746"},{"taxonomy":"post_tag","embeddable":true,"href":"https:\/\/www.welovecycling.com\/hu\/wp-json\/wp\/v2\/tags?post=7746"},{"taxonomy":"global-categories","embeddable":true,"href":"https:\/\/www.welovecycling.com\/hu\/wp-json\/wp\/v2\/global-categories?post=7746"}],"curies":[{"name":"wp","href":"https:\/\/api.w.org\/{rel}","templated":true}]}}