{"id":7716,"date":"2020-05-28T08:00:15","date_gmt":"2020-05-28T07:00:15","guid":{"rendered":"https:\/\/www.welovecycling.com\/hu\/?p=7716"},"modified":"2020-05-22T16:20:00","modified_gmt":"2020-05-22T15:20:00","slug":"fedezd-fel-a-tobbemberes-bringak-vilagat","status":"publish","type":"post","link":"https:\/\/www.welovecycling.com\/hu\/orszaguti-kerekpar\/fedezd-fel-a-tobbemberes-bringak-vilagat\/","title":{"rendered":"Fedezd fel a t\u00f6bbemberes bring\u00e1k vil\u00e1g\u00e1t!"},"content":{"rendered":"<p><strong>B\u00e1r a bicikliz\u00e9s alapvet\u0151en egy\u00e9ni sport, annak az \u00f6tlete, hogy egyszerre t\u00f6bben is fel\u00fclhessenek egy j\u00e1rg\u00e1nyra m\u00e1r 1892-ben megfogalmaz\u00f3dott egy brit zeneszerz\u0151 fej\u00e9ben, aki meg\u00edrta a \u201eDaisy Bell (A bicycle for two) c\u00edm\u0171 sz\u00e1mot.<\/strong><!--more--><\/p>\n<p>Daisy, Daisy, give me your answer, do<br \/>\nI&#8217;m half crazy, all for the love of you<br \/>\nIt won&#8217;t be a stylish marriage<br \/>\nI can&#8217;t afford a carriage<br \/>\nBut you&#8217;ll look sweet upon the seat<br \/>\nOf a bicycle built for two<\/p>\n<p>A dal szerz\u0151je szerelm\u00e9nek esk\u00fcv\u0151i hint\u00f3 helyett aj\u00e1nlja fel k\u00e9tszem\u00e9lyes biciklij\u00e9nek egyik \u00fcl\u00e9s\u00e9t. H\u00e1t nem romantikus?<\/p>\n<p>A tandem lett a legn\u00e9pszer\u0171bb t\u00f6bbemberes ker\u00e9kp\u00e1r, abb\u00f3l az egyszer\u0171 okb\u00f3l kifoly\u00f3lag, hogy k\u00e9t ember akarat\u00e1t is \u00e9pp el\u00e9g neh\u00e9z \u00f6sszeegyeztetni. Mennyire lehet akkor k\u00f6nny\u0171 h\u00e1rom, vagy m\u00e9g t\u00f6bb utassal? Ez azonban nem \u00e1ll\u00edtotta meg az embereket, hogy egyre t\u00f6bb \u00e9s t\u00f6bb ember sz\u00e1m\u00e1ra \u00e9p\u00edtsen bicikliket, sokszor csak az\u00e9rt, mert mi\u00e9rt is ne?<\/p>\n<lite-youtube videoid=LhDlwmH0ztc params=\"enablejsapi=1\" style=\"background-image: url('https:\/\/i.ytimg.com\/vi_webp\/LhDlwmH0ztc\/maxresdefault.webp');\"><\/lite-youtube>\n<p>A holland Van Raam c\u00e9g p\u00e9ld\u00e1ul, a kerekessz\u00e9kkel \u00f6sszekapcsolhat\u00f3 biciklik \u00e9s m\u00e1s speci\u00e1lis ker\u00e9kp\u00e1rok mellett megalkotott egy olyan tandemet, melyen egym\u00e1s mellett \u00fclhetnek haszn\u00e1l\u00f3i. R\u00e1ad\u00e1sul ezek \u00f6sszekapcsolhat\u00f3k, \u00edgy egy tekerhet\u0151 vonat is kialak\u00edthat\u00f3 bel\u0151l\u00fck.<\/p>\n<p>Ez pedig a Surrey Stretch Limousine Deluxe, mely kilenc feln\u0151tt \u00e9s kett\u0151 gyerek sz\u00e1m\u00e1ra k\u00e9sz\u00fclt, \u00e9s a gy\u00e1rt\u00f3, a Surrey Company legsikeresebb n\u00e9gykerek\u0171 term\u00e9ke. Az egysebess\u00e9ges modell \u00e1ra 6 ezer doll\u00e1r.<\/p>\n<figure id=\"attachment_7722\" aria-describedby=\"caption-attachment-7722\" style=\"width: 1841px\" class=\"wp-caption alignnone\"><img loading=\"lazy\" decoding=\"async\" class=\"size-full wp-image-7722\" src=\"https:\/\/d2p6e6u75xmxt8.cloudfront.net\/12\/2020\/05\/454784848.JPG.jpg\" alt=\"\" width=\"1841\" height=\"1201\" \/><figcaption id=\"caption-attachment-7722\" class=\"wp-caption-text\">Surrey Stretch Limousine Deluxe<\/figcaption><\/figure>\n<p>Ha felkeltette az \u00e9rdekl\u0151d\u00e9sed, de kicsit soknak tal\u00e1lod a bevonhat\u00f3 emberek sz\u00e1m\u00e1t, a c\u00e9g kisebb l\u00e9tsz\u00e1m\u00fa bring\u00e1kat is k\u00e9sz\u00edt. S\u0151t, n\u00e9mi fel\u00e1r\u00e9rt, m\u00e9g sebess\u00e9get is lehet vel\u00fck v\u00e1ltani!<\/p>\n<p>Azok sz\u00e1m\u00e1ra, akik szeretnek mozg\u00e1sban maradni a meetingek alatt is, t\u00f6k\u00e9letes v\u00e1laszt\u00e1s ez a k\u00f6ralak\u00fa konferencia-ker\u00e9kp\u00e1r. Egyenesen a Conference Bike-t\u00f3l. H\u00e9t ember tudja k\u00f6rbe\u00fclni, egyik\u00fck (a f\u0151n\u00f6k?) korm\u00e1nyoz, a t\u00f6bbi hat ember pedig teker (vagy nem). Valahogy \u00edgy:<\/p>\n<lite-youtube videoid=FBOSjlh00SQ params=\"enablejsapi=1\" style=\"background-image: url('https:\/\/i.ytimg.com\/vi_webp\/FBOSjlh00SQ\/maxresdefault.webp');\"><\/lite-youtube>\n<p>A konferencia-bring\u00e1t Eric Staller tervezte, \u00e9s \u00e1ll\u00edt\u00f3lag a Google alkalmazottjai t\u00e9nyleg haszn\u00e1lj\u00e1k. K\u00e9t \u00e9s f\u00e9l m\u00e9ter hossz\u00fa \u00e9s 180 kg. A c\u00e9g egy \u00f6tszem\u00e9lyes modellt is k\u00edn\u00e1l, ez az \u00fan. Quinette, hidraulikus f\u00e9kkel, bitang kerekekkel \u00e9s men\u0151 sz\u00ednekkel. Nemcsak csapat\u00e9p\u00edt\u00e9sre, de csal\u00e1di programokhoz is kiv\u00e1l\u00f3! Elf\u00e9r a legt\u00f6bb ker\u00e9kp\u00e1r\u00faton \u00e9s j\u00f3l teljes\u00edt emelked\u0151k\u00f6n is. Mind\u00f6ssze 9000 doll\u00e1r\u00e9rt.<\/p>\n<p>https:\/\/www.instagram.com\/p\/BV14XEyhPgG\/<\/p>\n<p>A Pedal Pub egy gurul\u00f3 buli. Tizenh\u00e9t \u00fcl\u00e9ses, be\u00e9p\u00edtett, m\u0171k\u00f6d\u0151 s\u00f6rcsappal \u00e9s poh\u00e1rtart\u00f3kkal, \u00e9s egy, k\u00fcl\u00f6n a j\u00f3zan vezet\u0151nek fenntartott hellyel. Negyvenezer doll\u00e1rba ker\u00fcl \u00e9s jelenleg t\u00f6bb mint 200 mozg\u00f3 m\u00e1snaposs\u00e1g j\u00e1rja az utc\u00e1kat. K\u00f6rvonalaz\u00f3dik m\u00e1r benned a k\u00f6vetkez\u0151 sz\u00fclinapod? A bels\u0151 ker\u00fcletekben \u00e9l\u0151k h\u00e1tr\u00e1nyban, k\u00e9t \u00e9ve <a href=\"https:\/\/index.hu\/kultur\/eletmod\/2018\/09\/17\/beerbike_sorbicikli_13._kerulet_tiltas\/\">kitiltott\u00e1k a s\u00f6rbicikliket<\/a> t\u00f6bbek k\u00f6z\u00f6tt a N\u00e9pligetb\u0151l is, mert a lakoss\u00e1got zavart\u00e1k a hangoskod\u00f3k \u00e9s balesetvesz\u00e9lyesek is voltak.<\/p>\n<p>https:\/\/www.instagram.com\/p\/B1rczW6ARfl\/<\/p>\n<p>V\u00e9g\u00fcl pedig nem hagyhatjuk ki a list\u00e1b\u00f3l a leghosszabb ker\u00e9kp\u00e1rt sem, amit valaha meg\u00e9p\u00edtettek. Egy tucat ember f\u00e9r r\u00e1! A t\u00f6bb mint 40 m\u00e9ter hossz\u00fa j\u00e1rg\u00e1nyt 2015-ben \u00e9p\u00edtette a Santos olajc\u00e9g \u00e9s az \u00c9szak-ausztr\u00e1l egyetem, hogy beker\u00fclj\u00f6n a Guiness Rekordok k\u00f6nyv\u00e9be.<\/p>\n<p>Ehhez azonban legal\u00e1bb 100 m\u00e9tert kellett haladniuk a biciklivel an\u00e9lk\u00fcl, hogy b\u00e1rki is letenn\u00e9 a l\u00e1b\u00e1t. Els\u0151re nem siker\u00fclt a k\u00eds\u00e9rlet, de m\u00e1sodik pr\u00f3b\u00e1lkoz\u00e1sra m\u00e1r igen! Egy ekkora monstrumot nem k\u00f6nny\u0171 egyens\u00falyban tartani, azt javasoljuk, hogy ne pr\u00f3b\u00e1ld ki otthon!<\/p>\n<lite-youtube videoid=pKvLaIWWmOA params=\"enablejsapi=1\" style=\"background-image: url('https:\/\/i.ytimg.com\/vi_webp\/pKvLaIWWmOA\/maxresdefault.webp');\"><\/lite-youtube>\n","protected":false},"excerpt":{"rendered":"<p>B\u00e1r a bicikliz\u00e9s alapvet\u0151en egy\u00e9ni sport, annak az \u00f6tlete, hogy egyszerre t\u00f6bben is fel\u00fclhessenek egy j\u00e1rg\u00e1nyra m\u00e1r 1892-ben megfogalmaz\u00f3dott egy [&hellip;]<\/p>\n","protected":false},"author":71,"featured_media":7724,"comment_status":"open","ping_status":"open","sticky":false,"template":"","format":"standard","meta":{"footnotes":""},"categories":[8],"tags":[],"global-categories":[],"class_list":["post-7716","post","type-post","status-publish","format-standard","has-post-thumbnail","hentry","category-orszaguti-kerekpar"],"yoast_head":"<!-- This site is optimized with the Yoast SEO Premium plugin v25.3 (Yoast SEO v25.9) - https:\/\/yoast.com\/wordpress\/plugins\/seo\/ -->\n<title>Fedezd fel a t\u00f6bbemberes bring\u00e1k vil\u00e1g\u00e1t! - \u0160koda We Love Cycling - Magyarorsz\u00e1g<\/title>\n<meta name=\"robots\" content=\"index, follow, max-snippet:-1, max-image-preview:large, max-video-preview:-1\" \/>\n<link rel=\"canonical\" href=\"https:\/\/www.welovecycling.com\/hu\/orszaguti-kerekpar\/fedezd-fel-a-tobbemberes-bringak-vilagat\/\" \/>\n<meta property=\"og:locale\" content=\"hu_HU\" \/>\n<meta property=\"og:type\" content=\"article\" \/>\n<meta property=\"og:title\" content=\"Fedezd fel a t\u00f6bbemberes bring\u00e1k vil\u00e1g\u00e1t!\" \/>\n<meta property=\"og:description\" content=\"B\u00e1r a bicikliz\u00e9s alapvet\u0151en egy\u00e9ni sport, annak az \u00f6tlete, hogy egyszerre t\u00f6bben is fel\u00fclhessenek egy j\u00e1rg\u00e1nyra m\u00e1r 1892-ben megfogalmaz\u00f3dott egy [&hellip;]\" \/>\n<meta property=\"og:url\" content=\"https:\/\/www.welovecycling.com\/hu\/orszaguti-kerekpar\/fedezd-fel-a-tobbemberes-bringak-vilagat\/\" \/>\n<meta property=\"og:site_name\" content=\"\u0160koda We Love Cycling - Magyarorsz\u00e1g\" \/>\n<meta property=\"article:publisher\" content=\"https:\/\/www.facebook.com\/WeLoveCyclingHungary\/\" \/>\n<meta property=\"article:published_time\" content=\"2020-05-28T07:00:15+00:00\" \/>\n<meta property=\"og:image\" content=\"https:\/\/d2p6e6u75xmxt8.cloudfront.net\/12\/2020\/05\/Longest-Bicycle-CVR.jpg\" \/>\n\t<meta property=\"og:image:width\" content=\"1366\" \/>\n\t<meta property=\"og:image:height\" content=\"600\" \/>\n\t<meta property=\"og:image:type\" content=\"image\/jpeg\" \/>\n<meta name=\"author\" content=\"hegyizs\" \/>\n<meta name=\"twitter:card\" content=\"summary_large_image\" \/>\n<meta name=\"twitter:label1\" content=\"Written by\" \/>\n\t<meta name=\"twitter:data1\" content=\"Siegfried Mortkowitz\" \/>\n\t<meta name=\"twitter:label2\" content=\"Est. reading time\" \/>\n\t<meta name=\"twitter:data2\" content=\"7\" \/>\n<script type=\"application\/ld+json\" class=\"yoast-schema-graph\">{\"@context\":\"https:\/\/schema.org\",\"@graph\":[{\"@type\":\"WebPage\",\"@id\":\"https:\/\/www.welovecycling.com\/hu\/orszaguti-kerekpar\/fedezd-fel-a-tobbemberes-bringak-vilagat\/\",\"url\":\"https:\/\/www.welovecycling.com\/hu\/orszaguti-kerekpar\/fedezd-fel-a-tobbemberes-bringak-vilagat\/\",\"name\":\"Fedezd fel a t\u00f6bbemberes bring\u00e1k vil\u00e1g\u00e1t! - \u0160koda We Love Cycling - Magyarorsz\u00e1g\",\"isPartOf\":{\"@id\":\"https:\/\/www.welovecycling.com\/hu\/#website\"},\"primaryImageOfPage\":{\"@id\":\"https:\/\/www.welovecycling.com\/hu\/orszaguti-kerekpar\/fedezd-fel-a-tobbemberes-bringak-vilagat\/#primaryimage\"},\"image\":{\"@id\":\"https:\/\/www.welovecycling.com\/hu\/orszaguti-kerekpar\/fedezd-fel-a-tobbemberes-bringak-vilagat\/#primaryimage\"},\"thumbnailUrl\":\"https:\/\/d2p6e6u75xmxt8.cloudfront.net\/12\/2020\/05\/Longest-Bicycle-CVR.jpg\",\"datePublished\":\"2020-05-28T07:00:15+00:00\",\"author\":{\"@id\":\"https:\/\/www.welovecycling.com\/hu\/#\/schema\/person\/414a2aebf1801691a5320edb6468e194\"},\"breadcrumb\":{\"@id\":\"https:\/\/www.welovecycling.com\/hu\/orszaguti-kerekpar\/fedezd-fel-a-tobbemberes-bringak-vilagat\/#breadcrumb\"},\"inLanguage\":\"hu\",\"potentialAction\":[{\"@type\":\"ReadAction\",\"target\":[\"https:\/\/www.welovecycling.com\/hu\/orszaguti-kerekpar\/fedezd-fel-a-tobbemberes-bringak-vilagat\/\"]}]},{\"@type\":\"ImageObject\",\"inLanguage\":\"hu\",\"@id\":\"https:\/\/www.welovecycling.com\/hu\/orszaguti-kerekpar\/fedezd-fel-a-tobbemberes-bringak-vilagat\/#primaryimage\",\"url\":\"https:\/\/d2p6e6u75xmxt8.cloudfront.net\/12\/2020\/05\/Longest-Bicycle-CVR.jpg\",\"contentUrl\":\"https:\/\/d2p6e6u75xmxt8.cloudfront.net\/12\/2020\/05\/Longest-Bicycle-CVR.jpg\",\"width\":1366,\"height\":600},{\"@type\":\"BreadcrumbList\",\"@id\":\"https:\/\/www.welovecycling.com\/hu\/orszaguti-kerekpar\/fedezd-fel-a-tobbemberes-bringak-vilagat\/#breadcrumb\",\"itemListElement\":[{\"@type\":\"ListItem\",\"position\":1,\"name\":\"Home\",\"item\":\"https:\/\/www.welovecycling.com\/hu\/\"},{\"@type\":\"ListItem\",\"position\":2,\"name\":\"Fedezd fel a t\u00f6bbemberes bring\u00e1k vil\u00e1g\u00e1t!\"}]},{\"@type\":\"WebSite\",\"@id\":\"https:\/\/www.welovecycling.com\/hu\/#website\",\"url\":\"https:\/\/www.welovecycling.com\/hu\/\",\"name\":\"\u0160koda We Love Cycling - Magyarorsz\u00e1g\",\"description\":\"\u0160koda WeLoveCycling\",\"potentialAction\":[{\"@type\":\"SearchAction\",\"target\":{\"@type\":\"EntryPoint\",\"urlTemplate\":\"https:\/\/www.welovecycling.com\/hu\/?s={search_term_string}\"},\"query-input\":{\"@type\":\"PropertyValueSpecification\",\"valueRequired\":true,\"valueName\":\"search_term_string\"}}],\"inLanguage\":\"hu\"},{\"@type\":\"Person\",\"@id\":\"https:\/\/www.welovecycling.com\/hu\/#\/schema\/person\/414a2aebf1801691a5320edb6468e194\",\"name\":\"hegyizs\",\"image\":{\"@type\":\"ImageObject\",\"inLanguage\":\"hu\",\"@id\":\"https:\/\/www.welovecycling.com\/hu\/#\/schema\/person\/image\/\",\"url\":\"https:\/\/secure.gravatar.com\/avatar\/02cf8a7906b8cf90cecb4679defac7cfd33a1c2e3b88e4903d947f3bb58eedd3?s=96&d=mm&r=g\",\"contentUrl\":\"https:\/\/secure.gravatar.com\/avatar\/02cf8a7906b8cf90cecb4679defac7cfd33a1c2e3b88e4903d947f3bb58eedd3?s=96&d=mm&r=g\",\"caption\":\"hegyizs\"},\"url\":\"https:\/\/www.welovecycling.com\/hu\/author\/hegyizs\/\"}]}<\/script>\n<!-- \/ Yoast SEO Premium plugin. -->","yoast_head_json":{"title":"Fedezd fel a t\u00f6bbemberes bring\u00e1k vil\u00e1g\u00e1t! - \u0160koda We Love Cycling - Magyarorsz\u00e1g","robots":{"index":"index","follow":"follow","max-snippet":"max-snippet:-1","max-image-preview":"max-image-preview:large","max-video-preview":"max-video-preview:-1"},"canonical":"https:\/\/www.welovecycling.com\/hu\/orszaguti-kerekpar\/fedezd-fel-a-tobbemberes-bringak-vilagat\/","og_locale":"hu_HU","og_type":"article","og_title":"Fedezd fel a t\u00f6bbemberes bring\u00e1k vil\u00e1g\u00e1t!","og_description":"B\u00e1r a bicikliz\u00e9s alapvet\u0151en egy\u00e9ni sport, annak az \u00f6tlete, hogy egyszerre t\u00f6bben is fel\u00fclhessenek egy j\u00e1rg\u00e1nyra m\u00e1r 1892-ben megfogalmaz\u00f3dott egy [&hellip;]","og_url":"https:\/\/www.welovecycling.com\/hu\/orszaguti-kerekpar\/fedezd-fel-a-tobbemberes-bringak-vilagat\/","og_site_name":"\u0160koda We Love Cycling - Magyarorsz\u00e1g","article_publisher":"https:\/\/www.facebook.com\/WeLoveCyclingHungary\/","article_published_time":"2020-05-28T07:00:15+00:00","og_image":[{"width":1366,"height":600,"url":"https:\/\/d2p6e6u75xmxt8.cloudfront.net\/12\/2020\/05\/Longest-Bicycle-CVR.jpg","type":"image\/jpeg"}],"author":"hegyizs","twitter_card":"summary_large_image","twitter_misc":{"Written by":"Siegfried Mortkowitz","Est. reading time":"7"},"schema":{"@context":"https:\/\/schema.org","@graph":[{"@type":"WebPage","@id":"https:\/\/www.welovecycling.com\/hu\/orszaguti-kerekpar\/fedezd-fel-a-tobbemberes-bringak-vilagat\/","url":"https:\/\/www.welovecycling.com\/hu\/orszaguti-kerekpar\/fedezd-fel-a-tobbemberes-bringak-vilagat\/","name":"Fedezd fel a t\u00f6bbemberes bring\u00e1k vil\u00e1g\u00e1t! - \u0160koda We Love Cycling - Magyarorsz\u00e1g","isPartOf":{"@id":"https:\/\/www.welovecycling.com\/hu\/#website"},"primaryImageOfPage":{"@id":"https:\/\/www.welovecycling.com\/hu\/orszaguti-kerekpar\/fedezd-fel-a-tobbemberes-bringak-vilagat\/#primaryimage"},"image":{"@id":"https:\/\/www.welovecycling.com\/hu\/orszaguti-kerekpar\/fedezd-fel-a-tobbemberes-bringak-vilagat\/#primaryimage"},"thumbnailUrl":"https:\/\/d2p6e6u75xmxt8.cloudfront.net\/12\/2020\/05\/Longest-Bicycle-CVR.jpg","datePublished":"2020-05-28T07:00:15+00:00","author":{"@id":"https:\/\/www.welovecycling.com\/hu\/#\/schema\/person\/414a2aebf1801691a5320edb6468e194"},"breadcrumb":{"@id":"https:\/\/www.welovecycling.com\/hu\/orszaguti-kerekpar\/fedezd-fel-a-tobbemberes-bringak-vilagat\/#breadcrumb"},"inLanguage":"hu","potentialAction":[{"@type":"ReadAction","target":["https:\/\/www.welovecycling.com\/hu\/orszaguti-kerekpar\/fedezd-fel-a-tobbemberes-bringak-vilagat\/"]}]},{"@type":"ImageObject","inLanguage":"hu","@id":"https:\/\/www.welovecycling.com\/hu\/orszaguti-kerekpar\/fedezd-fel-a-tobbemberes-bringak-vilagat\/#primaryimage","url":"https:\/\/d2p6e6u75xmxt8.cloudfront.net\/12\/2020\/05\/Longest-Bicycle-CVR.jpg","contentUrl":"https:\/\/d2p6e6u75xmxt8.cloudfront.net\/12\/2020\/05\/Longest-Bicycle-CVR.jpg","width":1366,"height":600},{"@type":"BreadcrumbList","@id":"https:\/\/www.welovecycling.com\/hu\/orszaguti-kerekpar\/fedezd-fel-a-tobbemberes-bringak-vilagat\/#breadcrumb","itemListElement":[{"@type":"ListItem","position":1,"name":"Home","item":"https:\/\/www.welovecycling.com\/hu\/"},{"@type":"ListItem","position":2,"name":"Fedezd fel a t\u00f6bbemberes bring\u00e1k vil\u00e1g\u00e1t!"}]},{"@type":"WebSite","@id":"https:\/\/www.welovecycling.com\/hu\/#website","url":"https:\/\/www.welovecycling.com\/hu\/","name":"\u0160koda We Love Cycling - Magyarorsz\u00e1g","description":"\u0160koda WeLoveCycling","potentialAction":[{"@type":"SearchAction","target":{"@type":"EntryPoint","urlTemplate":"https:\/\/www.welovecycling.com\/hu\/?s={search_term_string}"},"query-input":{"@type":"PropertyValueSpecification","valueRequired":true,"valueName":"search_term_string"}}],"inLanguage":"hu"},{"@type":"Person","@id":"https:\/\/www.welovecycling.com\/hu\/#\/schema\/person\/414a2aebf1801691a5320edb6468e194","name":"hegyizs","image":{"@type":"ImageObject","inLanguage":"hu","@id":"https:\/\/www.welovecycling.com\/hu\/#\/schema\/person\/image\/","url":"https:\/\/secure.gravatar.com\/avatar\/02cf8a7906b8cf90cecb4679defac7cfd33a1c2e3b88e4903d947f3bb58eedd3?s=96&d=mm&r=g","contentUrl":"https:\/\/secure.gravatar.com\/avatar\/02cf8a7906b8cf90cecb4679defac7cfd33a1c2e3b88e4903d947f3bb58eedd3?s=96&d=mm&r=g","caption":"hegyizs"},"url":"https:\/\/www.welovecycling.com\/hu\/author\/hegyizs\/"}]}},"_links":{"self":[{"href":"https:\/\/www.welovecycling.com\/hu\/wp-json\/wp\/v2\/posts\/7716","targetHints":{"allow":["GET"]}}],"collection":[{"href":"https:\/\/www.welovecycling.com\/hu\/wp-json\/wp\/v2\/posts"}],"about":[{"href":"https:\/\/www.welovecycling.com\/hu\/wp-json\/wp\/v2\/types\/post"}],"author":[{"embeddable":true,"href":"https:\/\/www.welovecycling.com\/hu\/wp-json\/wp\/v2\/users\/71"}],"replies":[{"embeddable":true,"href":"https:\/\/www.welovecycling.com\/hu\/wp-json\/wp\/v2\/comments?post=7716"}],"version-history":[{"count":2,"href":"https:\/\/www.welovecycling.com\/hu\/wp-json\/wp\/v2\/posts\/7716\/revisions"}],"predecessor-version":[{"id":7741,"href":"https:\/\/www.welovecycling.com\/hu\/wp-json\/wp\/v2\/posts\/7716\/revisions\/7741"}],"wp:featuredmedia":[{"embeddable":true,"href":"https:\/\/www.welovecycling.com\/hu\/wp-json\/wp\/v2\/media\/7724"}],"wp:attachment":[{"href":"https:\/\/www.welovecycling.com\/hu\/wp-json\/wp\/v2\/media?parent=7716"}],"wp:term":[{"taxonomy":"category","embeddable":true,"href":"https:\/\/www.welovecycling.com\/hu\/wp-json\/wp\/v2\/categories?post=7716"},{"taxonomy":"post_tag","embeddable":true,"href":"https:\/\/www.welovecycling.com\/hu\/wp-json\/wp\/v2\/tags?post=7716"},{"taxonomy":"global-categories","embeddable":true,"href":"https:\/\/www.welovecycling.com\/hu\/wp-json\/wp\/v2\/global-categories?post=7716"}],"curies":[{"name":"wp","href":"https:\/\/api.w.org\/{rel}","templated":true}]}}