{"id":7711,"date":"2020-05-27T08:00:02","date_gmt":"2020-05-27T07:00:02","guid":{"rendered":"https:\/\/www.welovecycling.com\/hu\/?p=7711"},"modified":"2020-05-22T16:19:13","modified_gmt":"2020-05-22T15:19:13","slug":"igy-hal-meg-lassan-a-lancod-ha-elhanyagolod","status":"publish","type":"post","link":"https:\/\/www.welovecycling.com\/hu\/kozosseg-es-kultura\/igy-hal-meg-lassan-a-lancod-ha-elhanyagolod\/","title":{"rendered":"\u00cdgy hal meg lassan a l\u00e1ncod, ha elhanyagolod"},"content":{"rendered":"<p><strong>Hi\u00e1ba az egyik legfontosabb alkatr\u00e9sz, m\u00e9gis sokan elhanyagoljuk. Ha pedig nem figyel\u00fcnk r\u00e1, k\u00f6nnyen t\u00f6nkreteheti biciklit\u00far\u00e1nkat. Rozsd\u00e1sodik, surl\u00f3dik \u00e9s szakad. A profi ker\u00e9kp\u00e1ros Richard Gasperotti le\u00edrja, pontosan mi t\u00f6rt\u00e9nik a l\u00e1ncoddal, ha nem \u00e1polod egy h\u00e9ten, egy h\u00f3napon, vagy egy \u00e9ven \u00e1t.<\/strong><!--more--><\/p>\n<h2><strong>Egy h\u00e9t<\/strong><\/h2>\n<p>Egy h\u00e9t m\u00e9g mindenf\u00e9le \u00e9szrevehet\u0151 v\u00e1ltoz\u00e1s n\u00e9lk\u00fcl eltelik. Egy j\u00f3l karbantartott l\u00e1nc hangtalanul m\u0171k\u00f6dik, hozz\u00e1j\u00e1rulva a zavartalan teker\u00e9shez. A kellemes z\u00fag\u00e1s a h\u00e1ts\u00f3 ker\u00e9k fel\u0151l hozz\u00e1tartozik egy boldog bring\u00e1s \u00e9let\u00e9hez. Egy j\u00f3l olajozott l\u00e1nc gyors \u00e9s akad\u00e1lytalan v\u00e1lt\u00e1shoz \u00e9s a fogaskerekek \u00e9s a g\u00f6rg\u0151k \u00e9lettartam\u00e1nak n\u00f6veked\u00e9s\u00e9hez vezet. A karbantart\u00e1s r\u00e9sze az, hogy a felesleges zs\u00edrt let\u00f6r\u00f6lj\u00fck a l\u00e1nc k\u00fclsej\u00e9r\u0151l, hiszen borzaszt\u00f3an vonzza a koszt, \u00edgy hi\u00e1ba indultunk el tiszta l\u00e1nccal, egy h\u00e9t alatt igen nagy mennyis\u00e9g\u0171 sarat gy\u0171jthet\u00fcnk vele \u00f6ssze. Teh\u00e1t ha hozz\u00e1\u00e9rsz, s\u00e1ros leszel. Ez a bring\u00e1s \u00e9let r\u00e9sze.<\/p>\n<figure id=\"attachment_7712\" aria-describedby=\"caption-attachment-7712\" style=\"width: 1250px\" class=\"wp-caption alignnone\"><img loading=\"lazy\" decoding=\"async\" class=\"size-full wp-image-7712\" src=\"https:\/\/d2p6e6u75xmxt8.cloudfront.net\/12\/2020\/05\/Bicycle-Chain-profimedia-0519278541.jpg\" alt=\"\" width=\"1250\" height=\"834\" \/><figcaption id=\"caption-attachment-7712\" class=\"wp-caption-text\">\u00a9 Otto Pleska \/ Stock Budget \/ Profimedia<\/figcaption><\/figure>\n<h2><strong>Egy h\u00f3nap<\/strong><\/h2>\n<p>Furcsa hangra figyelsz fel, mintha valaki egy k\u00e9st \u00e9s egy vill\u00e1t \u00fct\u00f6getne egym\u00e1shoz. Ez a csikorg\u00e1s arra pr\u00f3b\u00e1l figyelmeztetni, hogy itt az ideje olajozni, ugyanis a l\u00e1ncod \u00e1llapota roml\u00e1snak indult. A sz\u00e1raz alkatr\u00e9szek egym\u00e1shoz val\u00f3 s\u00farl\u00f3d\u00e1sa adja ki ezt a hangot. K\u00edv\u00fclr\u0151l \u00fagy l\u00e1tszik, semmi gond, hiszen a l\u00e1nc tiszta \u00e9s f\u00e9nyes, m\u00e9gis \u00f6sszemaszatolod magad, ha hozz\u00e1ny\u00falsz, mert a zsirad\u00e9kkal \u00f6sszekeveredett s\u00e1r megb\u00fajik a felsz\u00edn alatt, a fogak \u00e9s a kazetta k\u00f6z\u00f6tt. Ha pedig el is \u00e1zol, egy \u00e9jszaka alatt narancss\u00e1rg\u00e1v\u00e1 v\u00e1lhat az eg\u00e9sz alkatr\u00e9sz, a k\u00f6nny\u0171 rozsd\u00e1sod\u00e1s miatt.<\/p>\n<h2><strong>6 h\u00f3nap<\/strong><\/h2>\n<p>Teker\u00e9s k\u00f6zben a lentr\u0151l \u00e9rkez\u0151 hangeffekt imm\u00e1r legink\u00e1bb egy sz\u00ednh\u00e1zi el\u0151ad\u00e1s kezdet\u00e9re hasonl\u00edt, amikor minden zen\u00e9sz egyszerre hangol. A hideg is kir\u00e1z t\u0151le. Mivel a l\u00e1nc egyes alkatr\u00e9szei m\u00e1r teljesen kisz\u00e1radtak, a l\u00e1nc nehezen mozdul, a l\u00e1ncszemek pedig lazulnak. M\u00e1r v\u00e1ltani is neh\u00e9zkes, ez pedig nem seg\u00edt a hangokt\u00f3l am\u00fagy is borzolt idegrendszered \u00e1llapot\u00e1n. Maga a l\u00e1nc \u00e1ltal\u00e1ban nehezebb f\u00e9mb\u0151l k\u00e9sz\u00fcl, mint a t\u00f6bbi alkatr\u00e9sz, ez\u00e9rt sz\u00e9p lassan kezd lem\u00e1szni a hely\u00e9r\u0151l. K\u00e9ts\u00e9gbeesel, amikor m\u00e1r nem tudsz rendesen v\u00e1ltani, de m\u00e1r nem el\u00e9g, ha j\u00e1tszol kicsit a v\u00e1lt\u00f3val. T\u00fal k\u00e9s\u0151.<\/p>\n<figure id=\"attachment_7713\" aria-describedby=\"caption-attachment-7713\" style=\"width: 1000px\" class=\"wp-caption alignnone\"><img loading=\"lazy\" decoding=\"async\" class=\"size-full wp-image-7713\" src=\"https:\/\/d2p6e6u75xmxt8.cloudfront.net\/12\/2020\/05\/Bicycle-Chain-profimedia-0499914544.jpg\" alt=\"\" width=\"1000\" height=\"664\" \/><figcaption id=\"caption-attachment-7713\" class=\"wp-caption-text\">\u00a9\u00a0amdre100 \/ DPphoto \/ Profimedia<\/figcaption><\/figure>\n<h2><strong>Egy \u00e9v<\/strong><\/h2>\n<p>Mintha csak egy roncstelepr\u0151l hozt\u00e1k volna, a rozsd\u00e1s \u00e9s merev l\u00e1nc tal\u00e1n m\u00e1r nem is k\u00e9pes mozg\u00e1sba hozni a biciklit. A j\u00f3 h\u00edr: nincs sz\u00fcks\u00e9ged cseng\u0151re, mert mindenki kilom\u00e9terekr\u0151l meghallja, ha k\u00f6zeledsz. M\u00e9g ha sz\u00e1raz helyen is \u00e1lldog\u00e1lt a j\u00e1rg\u00e1ny, akkor is megette m\u00e1r a rozsda a l\u00e1ncot \u00e9s a kazett\u00e1t. N\u00e9h\u00e1ny l\u00e1ncszem tal\u00e1n egybe is olvadt, eg\u00e9szen k\u00fcl\u00f6nleges f\u00e9mdarabb\u00e1 t\u00e9ve az egykor csod\u00e1latosan m\u0171k\u00f6d\u0151 alkatr\u00e9szt. A rossz h\u00edr: itt m\u00e1r visszaford\u00edthatatlan a folyamat, \u00faj alkatr\u00e9szt kell venned.<\/p>\n<h2><strong>Megjegyz\u00e9s<\/strong><\/h2>\n<p>A l\u00e1nc att\u00f3l is t\u00f6nkre mehet, ha t\u00falhaszn\u00e1lj\u00e1k. P\u00e9ld\u00e1ul a versenyz\u0151k k\u00e9tszer vagy h\u00e1romszor is lecser\u00e9lik a Tour de France ideje alatt. Szak\u00e9rt\u0151k szerint 2-3000 kilom\u00e9ter ut\u00e1n kell \u00faj l\u00e1ncot felszerelni. Az elhaszn\u00e1lt l\u00e1ncban l\u00e9v\u0151 meglazult szemek balesetvesz\u00e9lyesek, r\u00e1ad\u00e1sul az alkatr\u00e9sz t\u00f6bbi elem\u00e9t is k\u00e1ros\u00edthatj\u00e1k. \u00cdgy, ha nem cser\u00e9lsz id\u0151ben, sokkal dr\u00e1g\u00e1bban fogsz kij\u00f6nni!<\/p>\n","protected":false},"excerpt":{"rendered":"<p>Hi\u00e1ba az egyik legfontosabb alkatr\u00e9sz, m\u00e9gis sokan elhanyagoljuk. Ha pedig nem figyel\u00fcnk r\u00e1, k\u00f6nnyen t\u00f6nkreteheti biciklit\u00far\u00e1nkat. Rozsd\u00e1sodik, surl\u00f3dik \u00e9s szakad. [&hellip;]<\/p>\n","protected":false},"author":71,"featured_media":7715,"comment_status":"open","ping_status":"open","sticky":false,"template":"","format":"standard","meta":{"footnotes":""},"categories":[12],"tags":[],"global-categories":[],"class_list":["post-7711","post","type-post","status-publish","format-standard","has-post-thumbnail","hentry","category-kozosseg-es-kultura"],"yoast_head":"<!-- This site is optimized with the Yoast SEO Premium plugin v25.3 (Yoast SEO v25.9) - https:\/\/yoast.com\/wordpress\/plugins\/seo\/ -->\n<title>\u00cdgy hal meg lassan a l\u00e1ncod, ha elhanyagolod - \u0160koda We Love Cycling - Magyarorsz\u00e1g<\/title>\n<meta name=\"robots\" content=\"index, follow, max-snippet:-1, max-image-preview:large, max-video-preview:-1\" \/>\n<link rel=\"canonical\" href=\"https:\/\/www.welovecycling.com\/hu\/kozosseg-es-kultura\/igy-hal-meg-lassan-a-lancod-ha-elhanyagolod\/\" \/>\n<meta property=\"og:locale\" content=\"hu_HU\" \/>\n<meta property=\"og:type\" content=\"article\" \/>\n<meta property=\"og:title\" content=\"\u00cdgy hal meg lassan a l\u00e1ncod, ha elhanyagolod\" \/>\n<meta property=\"og:description\" content=\"Hi\u00e1ba az egyik legfontosabb alkatr\u00e9sz, m\u00e9gis sokan elhanyagoljuk. Ha pedig nem figyel\u00fcnk r\u00e1, k\u00f6nnyen t\u00f6nkreteheti biciklit\u00far\u00e1nkat. Rozsd\u00e1sodik, surl\u00f3dik \u00e9s szakad. [&hellip;]\" \/>\n<meta property=\"og:url\" content=\"https:\/\/www.welovecycling.com\/hu\/kozosseg-es-kultura\/igy-hal-meg-lassan-a-lancod-ha-elhanyagolod\/\" \/>\n<meta property=\"og:site_name\" content=\"\u0160koda We Love Cycling - Magyarorsz\u00e1g\" \/>\n<meta property=\"article:publisher\" content=\"https:\/\/www.facebook.com\/WeLoveCyclingHungary\/\" \/>\n<meta property=\"article:published_time\" content=\"2020-05-27T07:00:02+00:00\" \/>\n<meta property=\"og:image\" content=\"https:\/\/d2p6e6u75xmxt8.cloudfront.net\/12\/2020\/05\/Dirty-Chain-CVR-profimedia-0515934505.jpg\" \/>\n\t<meta property=\"og:image:width\" content=\"1366\" \/>\n\t<meta property=\"og:image:height\" content=\"600\" \/>\n\t<meta property=\"og:image:type\" content=\"image\/jpeg\" \/>\n<meta name=\"author\" content=\"hegyizs\" \/>\n<meta name=\"twitter:card\" content=\"summary_large_image\" \/>\n<meta name=\"twitter:label1\" content=\"Written by\" \/>\n\t<meta name=\"twitter:data1\" content=\"Adam Marsal\" \/>\n\t<meta name=\"twitter:label2\" content=\"Est. reading time\" \/>\n\t<meta name=\"twitter:data2\" content=\"5\" \/>\n<script type=\"application\/ld+json\" class=\"yoast-schema-graph\">{\"@context\":\"https:\/\/schema.org\",\"@graph\":[{\"@type\":\"WebPage\",\"@id\":\"https:\/\/www.welovecycling.com\/hu\/kozosseg-es-kultura\/igy-hal-meg-lassan-a-lancod-ha-elhanyagolod\/\",\"url\":\"https:\/\/www.welovecycling.com\/hu\/kozosseg-es-kultura\/igy-hal-meg-lassan-a-lancod-ha-elhanyagolod\/\",\"name\":\"\u00cdgy hal meg lassan a l\u00e1ncod, ha elhanyagolod - \u0160koda We Love Cycling - Magyarorsz\u00e1g\",\"isPartOf\":{\"@id\":\"https:\/\/www.welovecycling.com\/hu\/#website\"},\"primaryImageOfPage\":{\"@id\":\"https:\/\/www.welovecycling.com\/hu\/kozosseg-es-kultura\/igy-hal-meg-lassan-a-lancod-ha-elhanyagolod\/#primaryimage\"},\"image\":{\"@id\":\"https:\/\/www.welovecycling.com\/hu\/kozosseg-es-kultura\/igy-hal-meg-lassan-a-lancod-ha-elhanyagolod\/#primaryimage\"},\"thumbnailUrl\":\"https:\/\/d2p6e6u75xmxt8.cloudfront.net\/12\/2020\/05\/Dirty-Chain-CVR-profimedia-0515934505.jpg\",\"datePublished\":\"2020-05-27T07:00:02+00:00\",\"author\":{\"@id\":\"https:\/\/www.welovecycling.com\/hu\/#\/schema\/person\/414a2aebf1801691a5320edb6468e194\"},\"breadcrumb\":{\"@id\":\"https:\/\/www.welovecycling.com\/hu\/kozosseg-es-kultura\/igy-hal-meg-lassan-a-lancod-ha-elhanyagolod\/#breadcrumb\"},\"inLanguage\":\"hu\",\"potentialAction\":[{\"@type\":\"ReadAction\",\"target\":[\"https:\/\/www.welovecycling.com\/hu\/kozosseg-es-kultura\/igy-hal-meg-lassan-a-lancod-ha-elhanyagolod\/\"]}]},{\"@type\":\"ImageObject\",\"inLanguage\":\"hu\",\"@id\":\"https:\/\/www.welovecycling.com\/hu\/kozosseg-es-kultura\/igy-hal-meg-lassan-a-lancod-ha-elhanyagolod\/#primaryimage\",\"url\":\"https:\/\/d2p6e6u75xmxt8.cloudfront.net\/12\/2020\/05\/Dirty-Chain-CVR-profimedia-0515934505.jpg\",\"contentUrl\":\"https:\/\/d2p6e6u75xmxt8.cloudfront.net\/12\/2020\/05\/Dirty-Chain-CVR-profimedia-0515934505.jpg\",\"width\":1366,\"height\":600},{\"@type\":\"BreadcrumbList\",\"@id\":\"https:\/\/www.welovecycling.com\/hu\/kozosseg-es-kultura\/igy-hal-meg-lassan-a-lancod-ha-elhanyagolod\/#breadcrumb\",\"itemListElement\":[{\"@type\":\"ListItem\",\"position\":1,\"name\":\"Home\",\"item\":\"https:\/\/www.welovecycling.com\/hu\/\"},{\"@type\":\"ListItem\",\"position\":2,\"name\":\"\u00cdgy hal meg lassan a l\u00e1ncod, ha elhanyagolod\"}]},{\"@type\":\"WebSite\",\"@id\":\"https:\/\/www.welovecycling.com\/hu\/#website\",\"url\":\"https:\/\/www.welovecycling.com\/hu\/\",\"name\":\"\u0160koda We Love Cycling - Magyarorsz\u00e1g\",\"description\":\"\u0160koda WeLoveCycling\",\"potentialAction\":[{\"@type\":\"SearchAction\",\"target\":{\"@type\":\"EntryPoint\",\"urlTemplate\":\"https:\/\/www.welovecycling.com\/hu\/?s={search_term_string}\"},\"query-input\":{\"@type\":\"PropertyValueSpecification\",\"valueRequired\":true,\"valueName\":\"search_term_string\"}}],\"inLanguage\":\"hu\"},{\"@type\":\"Person\",\"@id\":\"https:\/\/www.welovecycling.com\/hu\/#\/schema\/person\/414a2aebf1801691a5320edb6468e194\",\"name\":\"hegyizs\",\"image\":{\"@type\":\"ImageObject\",\"inLanguage\":\"hu\",\"@id\":\"https:\/\/www.welovecycling.com\/hu\/#\/schema\/person\/image\/\",\"url\":\"https:\/\/secure.gravatar.com\/avatar\/02cf8a7906b8cf90cecb4679defac7cfd33a1c2e3b88e4903d947f3bb58eedd3?s=96&d=mm&r=g\",\"contentUrl\":\"https:\/\/secure.gravatar.com\/avatar\/02cf8a7906b8cf90cecb4679defac7cfd33a1c2e3b88e4903d947f3bb58eedd3?s=96&d=mm&r=g\",\"caption\":\"hegyizs\"},\"url\":\"https:\/\/www.welovecycling.com\/hu\/author\/hegyizs\/\"}]}<\/script>\n<!-- \/ Yoast SEO Premium plugin. -->","yoast_head_json":{"title":"\u00cdgy hal meg lassan a l\u00e1ncod, ha elhanyagolod - \u0160koda We Love Cycling - Magyarorsz\u00e1g","robots":{"index":"index","follow":"follow","max-snippet":"max-snippet:-1","max-image-preview":"max-image-preview:large","max-video-preview":"max-video-preview:-1"},"canonical":"https:\/\/www.welovecycling.com\/hu\/kozosseg-es-kultura\/igy-hal-meg-lassan-a-lancod-ha-elhanyagolod\/","og_locale":"hu_HU","og_type":"article","og_title":"\u00cdgy hal meg lassan a l\u00e1ncod, ha elhanyagolod","og_description":"Hi\u00e1ba az egyik legfontosabb alkatr\u00e9sz, m\u00e9gis sokan elhanyagoljuk. Ha pedig nem figyel\u00fcnk r\u00e1, k\u00f6nnyen t\u00f6nkreteheti biciklit\u00far\u00e1nkat. Rozsd\u00e1sodik, surl\u00f3dik \u00e9s szakad. [&hellip;]","og_url":"https:\/\/www.welovecycling.com\/hu\/kozosseg-es-kultura\/igy-hal-meg-lassan-a-lancod-ha-elhanyagolod\/","og_site_name":"\u0160koda We Love Cycling - Magyarorsz\u00e1g","article_publisher":"https:\/\/www.facebook.com\/WeLoveCyclingHungary\/","article_published_time":"2020-05-27T07:00:02+00:00","og_image":[{"width":1366,"height":600,"url":"https:\/\/d2p6e6u75xmxt8.cloudfront.net\/12\/2020\/05\/Dirty-Chain-CVR-profimedia-0515934505.jpg","type":"image\/jpeg"}],"author":"hegyizs","twitter_card":"summary_large_image","twitter_misc":{"Written by":"Adam Marsal","Est. reading time":"5"},"schema":{"@context":"https:\/\/schema.org","@graph":[{"@type":"WebPage","@id":"https:\/\/www.welovecycling.com\/hu\/kozosseg-es-kultura\/igy-hal-meg-lassan-a-lancod-ha-elhanyagolod\/","url":"https:\/\/www.welovecycling.com\/hu\/kozosseg-es-kultura\/igy-hal-meg-lassan-a-lancod-ha-elhanyagolod\/","name":"\u00cdgy hal meg lassan a l\u00e1ncod, ha elhanyagolod - \u0160koda We Love Cycling - Magyarorsz\u00e1g","isPartOf":{"@id":"https:\/\/www.welovecycling.com\/hu\/#website"},"primaryImageOfPage":{"@id":"https:\/\/www.welovecycling.com\/hu\/kozosseg-es-kultura\/igy-hal-meg-lassan-a-lancod-ha-elhanyagolod\/#primaryimage"},"image":{"@id":"https:\/\/www.welovecycling.com\/hu\/kozosseg-es-kultura\/igy-hal-meg-lassan-a-lancod-ha-elhanyagolod\/#primaryimage"},"thumbnailUrl":"https:\/\/d2p6e6u75xmxt8.cloudfront.net\/12\/2020\/05\/Dirty-Chain-CVR-profimedia-0515934505.jpg","datePublished":"2020-05-27T07:00:02+00:00","author":{"@id":"https:\/\/www.welovecycling.com\/hu\/#\/schema\/person\/414a2aebf1801691a5320edb6468e194"},"breadcrumb":{"@id":"https:\/\/www.welovecycling.com\/hu\/kozosseg-es-kultura\/igy-hal-meg-lassan-a-lancod-ha-elhanyagolod\/#breadcrumb"},"inLanguage":"hu","potentialAction":[{"@type":"ReadAction","target":["https:\/\/www.welovecycling.com\/hu\/kozosseg-es-kultura\/igy-hal-meg-lassan-a-lancod-ha-elhanyagolod\/"]}]},{"@type":"ImageObject","inLanguage":"hu","@id":"https:\/\/www.welovecycling.com\/hu\/kozosseg-es-kultura\/igy-hal-meg-lassan-a-lancod-ha-elhanyagolod\/#primaryimage","url":"https:\/\/d2p6e6u75xmxt8.cloudfront.net\/12\/2020\/05\/Dirty-Chain-CVR-profimedia-0515934505.jpg","contentUrl":"https:\/\/d2p6e6u75xmxt8.cloudfront.net\/12\/2020\/05\/Dirty-Chain-CVR-profimedia-0515934505.jpg","width":1366,"height":600},{"@type":"BreadcrumbList","@id":"https:\/\/www.welovecycling.com\/hu\/kozosseg-es-kultura\/igy-hal-meg-lassan-a-lancod-ha-elhanyagolod\/#breadcrumb","itemListElement":[{"@type":"ListItem","position":1,"name":"Home","item":"https:\/\/www.welovecycling.com\/hu\/"},{"@type":"ListItem","position":2,"name":"\u00cdgy hal meg lassan a l\u00e1ncod, ha elhanyagolod"}]},{"@type":"WebSite","@id":"https:\/\/www.welovecycling.com\/hu\/#website","url":"https:\/\/www.welovecycling.com\/hu\/","name":"\u0160koda We Love Cycling - Magyarorsz\u00e1g","description":"\u0160koda WeLoveCycling","potentialAction":[{"@type":"SearchAction","target":{"@type":"EntryPoint","urlTemplate":"https:\/\/www.welovecycling.com\/hu\/?s={search_term_string}"},"query-input":{"@type":"PropertyValueSpecification","valueRequired":true,"valueName":"search_term_string"}}],"inLanguage":"hu"},{"@type":"Person","@id":"https:\/\/www.welovecycling.com\/hu\/#\/schema\/person\/414a2aebf1801691a5320edb6468e194","name":"hegyizs","image":{"@type":"ImageObject","inLanguage":"hu","@id":"https:\/\/www.welovecycling.com\/hu\/#\/schema\/person\/image\/","url":"https:\/\/secure.gravatar.com\/avatar\/02cf8a7906b8cf90cecb4679defac7cfd33a1c2e3b88e4903d947f3bb58eedd3?s=96&d=mm&r=g","contentUrl":"https:\/\/secure.gravatar.com\/avatar\/02cf8a7906b8cf90cecb4679defac7cfd33a1c2e3b88e4903d947f3bb58eedd3?s=96&d=mm&r=g","caption":"hegyizs"},"url":"https:\/\/www.welovecycling.com\/hu\/author\/hegyizs\/"}]}},"_links":{"self":[{"href":"https:\/\/www.welovecycling.com\/hu\/wp-json\/wp\/v2\/posts\/7711","targetHints":{"allow":["GET"]}}],"collection":[{"href":"https:\/\/www.welovecycling.com\/hu\/wp-json\/wp\/v2\/posts"}],"about":[{"href":"https:\/\/www.welovecycling.com\/hu\/wp-json\/wp\/v2\/types\/post"}],"author":[{"embeddable":true,"href":"https:\/\/www.welovecycling.com\/hu\/wp-json\/wp\/v2\/users\/71"}],"replies":[{"embeddable":true,"href":"https:\/\/www.welovecycling.com\/hu\/wp-json\/wp\/v2\/comments?post=7711"}],"version-history":[{"count":2,"href":"https:\/\/www.welovecycling.com\/hu\/wp-json\/wp\/v2\/posts\/7711\/revisions"}],"predecessor-version":[{"id":7740,"href":"https:\/\/www.welovecycling.com\/hu\/wp-json\/wp\/v2\/posts\/7711\/revisions\/7740"}],"wp:featuredmedia":[{"embeddable":true,"href":"https:\/\/www.welovecycling.com\/hu\/wp-json\/wp\/v2\/media\/7715"}],"wp:attachment":[{"href":"https:\/\/www.welovecycling.com\/hu\/wp-json\/wp\/v2\/media?parent=7711"}],"wp:term":[{"taxonomy":"category","embeddable":true,"href":"https:\/\/www.welovecycling.com\/hu\/wp-json\/wp\/v2\/categories?post=7711"},{"taxonomy":"post_tag","embeddable":true,"href":"https:\/\/www.welovecycling.com\/hu\/wp-json\/wp\/v2\/tags?post=7711"},{"taxonomy":"global-categories","embeddable":true,"href":"https:\/\/www.welovecycling.com\/hu\/wp-json\/wp\/v2\/global-categories?post=7711"}],"curies":[{"name":"wp","href":"https:\/\/api.w.org\/{rel}","templated":true}]}}