{"id":7707,"date":"2020-05-26T08:00:40","date_gmt":"2020-05-26T07:00:40","guid":{"rendered":"https:\/\/www.welovecycling.com\/hu\/?p=7707"},"modified":"2020-05-22T16:18:29","modified_gmt":"2020-05-22T15:18:29","slug":"ujabb-14-indok-amiert-jo-egyedul-tekerni","status":"publish","type":"post","link":"https:\/\/www.welovecycling.com\/hu\/kozosseg-es-kultura\/ujabb-14-indok-amiert-jo-egyedul-tekerni\/","title":{"rendered":"\u00dajabb 14 indok, ami\u00e9rt j\u00f3 egyed\u00fcl tekerni"},"content":{"rendered":"<p><strong>Az ut\u00f3bbi id\u0151ben r\u00e1 voltunk utalva, hogy egyed\u00fcl induljunk \u00fatnak, \u00e9s sok \u00f6r\u00f6m\u00f6t felfedezt\u00fcnk ebben. Ez persze nem jelenti azt, hogy m\u00e1r nem szeret\u00fcnk t\u00e1rsas\u00e1gban bring\u00e1zni, de a k\u00f6vetkez\u0151 okok miatt nem b\u00e1njuk, ha csak ketten vagyunk a ker\u00e9kp\u00e1runkkal.<\/strong><!--more--><\/p>\n<p>A t\u00e1jk\u00e9p szinte t\u00f6k\u00e9letes az el\u0151tt\u00fcnk teker\u0151, latexbe csavart, bel\u00f3g\u00f3 feneke n\u00e9lk\u00fcl.<\/p>\n<p>Senki nem veri fel a port el\u0151tted, hogy az a szemedben landolva k\u00e9sztessen s\u00edr\u00e1sra.<\/p>\n<p>Nem kell t\u00f6r\u0151dn\u00f6d azzal, hogy makul\u00e1tlan \u00e9s illatos legyen a felszerel\u00e9sed.<\/p>\n<p>Nincs vita arr\u00f3l, ki menjen el\u00f6l, sosem leszel sz\u00e9l\u00e1rny\u00e9kban! Ez pedig remek er\u0151s\u00edt\u00e9s.<\/p>\n<figure id=\"attachment_7708\" aria-describedby=\"caption-attachment-7708\" style=\"width: 1000px\" class=\"wp-caption alignnone\"><img loading=\"lazy\" decoding=\"async\" class=\"size-full wp-image-7708\" src=\"https:\/\/d2p6e6u75xmxt8.cloudfront.net\/12\/2020\/05\/Cycling-Alone-profimedia-0517482988.jpg\" alt=\"\" width=\"1000\" height=\"667\" \/><figcaption id=\"caption-attachment-7708\" class=\"wp-caption-text\"><em>Bring\u00e1z\u00e1s az erd\u0151ben \u00a9 veloliza \/ DPphoto \/ Profimedia<\/em><\/figcaption><\/figure>\n<p>Ha egyed\u00fcl tekersz, nincs kihez hasonl\u00edtanod magad. Nem bizonygathatod, hogy m\u00e1soknak k\u00f6nnyebb, mert jobb a biciklij\u00fck. Csak saj\u00e1t magadat kell legy\u0151zn\u00f6d.<\/p>\n<p>K\u00e9nytelen vagy fejleszteni a szervizel\u00e9ssel kapcsolatos tud\u00e1sod.<\/p>\n<p>Nem fogod elfelejteni, hogy magaddal vidd a pump\u00e1t, az energiaszeletet, a tartal\u00e9k gumibels\u0151t, mert tudod, hogy nagyon rosszul j\u00e1rsz, ha m\u00e9gis.<\/p>\n<p>Az es\u00e9ly arra, hogy lemaradsz, k\u00f6zel\u00edt a null\u00e1hoz.<\/p>\n<p>Csak rajtad m\u00falik, milyen hossz\u00fa \u00fatra indulsz.<\/p>\n<figure id=\"attachment_7477\" aria-describedby=\"caption-attachment-7477\" style=\"width: 1366px\" class=\"wp-caption alignnone\"><img loading=\"lazy\" decoding=\"async\" class=\"wp-image-7477 size-full\" src=\"https:\/\/d2p6e6u75xmxt8.cloudfront.net\/12\/2020\/04\/Solo-Cycling-CVR-profimedia-0513759448.jpg\" alt=\"\" width=\"1366\" height=\"600\" srcset=\"https:\/\/d2p6e6u75xmxt8.cloudfront.net\/12\/2020\/04\/Solo-Cycling-CVR-profimedia-0513759448.jpg 1366w, https:\/\/d2p6e6u75xmxt8.cloudfront.net\/12\/2020\/04\/Solo-Cycling-CVR-profimedia-0513759448-300x132.jpg 300w, https:\/\/d2p6e6u75xmxt8.cloudfront.net\/12\/2020\/04\/Solo-Cycling-CVR-profimedia-0513759448-768x337.jpg 768w, https:\/\/d2p6e6u75xmxt8.cloudfront.net\/12\/2020\/04\/Solo-Cycling-CVR-profimedia-0513759448-1024x450.jpg 1024w\" sizes=\"auto, (max-width: 1366px) 100vw, 1366px\" \/><figcaption id=\"caption-attachment-7477\" class=\"wp-caption-text\">\u00a9 Profimedia<\/figcaption><\/figure>\n<p>Csoportban tekerni a kompromisszumokr\u00f3l sz\u00f3l \u00e9s mindig meg kell \u00e1llni valaki miatt. Egyed\u00fcl viszont csak akkor \u00e9s ott tartasz pihen\u0151t, ahol akarsz.<\/p>\n<p>Egyetlen ker\u00e9kp\u00e1rost k\u00f6nnyebben ker\u00fclnek ki az \u00faton az aut\u00f3k, mint egy teljes csoportot.<\/p>\n<p>Te adod a temp\u00f3t.<\/p>\n<p>Akkor indulsz, amikor neked a legjobb, nem kell sietned vagy m\u00e1sokra v\u00e1rnod.<\/p>\n","protected":false},"excerpt":{"rendered":"<p>Az ut\u00f3bbi id\u0151ben r\u00e1 voltunk utalva, hogy egyed\u00fcl induljunk \u00fatnak, \u00e9s sok \u00f6r\u00f6m\u00f6t felfedezt\u00fcnk ebben. Ez persze nem jelenti azt, [&hellip;]<\/p>\n","protected":false},"author":71,"featured_media":7710,"comment_status":"open","ping_status":"open","sticky":false,"template":"","format":"standard","meta":{"footnotes":""},"categories":[12],"tags":[],"global-categories":[],"class_list":["post-7707","post","type-post","status-publish","format-standard","has-post-thumbnail","hentry","category-kozosseg-es-kultura"],"yoast_head":"<!-- This site is optimized with the Yoast SEO Premium plugin v25.3 (Yoast SEO v25.9) - https:\/\/yoast.com\/wordpress\/plugins\/seo\/ -->\n<title>\u00dajabb 14 indok, ami\u00e9rt j\u00f3 egyed\u00fcl tekerni - \u0160koda We Love Cycling - Magyarorsz\u00e1g<\/title>\n<meta name=\"robots\" content=\"index, follow, max-snippet:-1, max-image-preview:large, max-video-preview:-1\" \/>\n<link rel=\"canonical\" href=\"https:\/\/www.welovecycling.com\/hu\/kozosseg-es-kultura\/ujabb-14-indok-amiert-jo-egyedul-tekerni\/\" \/>\n<meta property=\"og:locale\" content=\"hu_HU\" \/>\n<meta property=\"og:type\" content=\"article\" \/>\n<meta property=\"og:title\" content=\"\u00dajabb 14 indok, ami\u00e9rt j\u00f3 egyed\u00fcl tekerni\" \/>\n<meta property=\"og:description\" content=\"Az ut\u00f3bbi id\u0151ben r\u00e1 voltunk utalva, hogy egyed\u00fcl induljunk \u00fatnak, \u00e9s sok \u00f6r\u00f6m\u00f6t felfedezt\u00fcnk ebben. Ez persze nem jelenti azt, [&hellip;]\" \/>\n<meta property=\"og:url\" content=\"https:\/\/www.welovecycling.com\/hu\/kozosseg-es-kultura\/ujabb-14-indok-amiert-jo-egyedul-tekerni\/\" \/>\n<meta property=\"og:site_name\" content=\"\u0160koda We Love Cycling - Magyarorsz\u00e1g\" \/>\n<meta property=\"article:publisher\" content=\"https:\/\/www.facebook.com\/WeLoveCyclingHungary\/\" \/>\n<meta property=\"article:published_time\" content=\"2020-05-26T07:00:40+00:00\" \/>\n<meta property=\"og:image\" content=\"https:\/\/d2p6e6u75xmxt8.cloudfront.net\/12\/2020\/05\/Cycling-Alone-CVR-profimedia-0511495573.jpg\" \/>\n\t<meta property=\"og:image:width\" content=\"1366\" \/>\n\t<meta property=\"og:image:height\" content=\"600\" \/>\n\t<meta property=\"og:image:type\" content=\"image\/jpeg\" \/>\n<meta name=\"author\" content=\"hegyizs\" \/>\n<meta name=\"twitter:card\" content=\"summary_large_image\" \/>\n<meta name=\"twitter:label1\" content=\"Written by\" \/>\n\t<meta name=\"twitter:data1\" content=\"Adam Marsal\" \/>\n\t<meta name=\"twitter:label2\" content=\"Est. reading time\" \/>\n\t<meta name=\"twitter:data2\" content=\"5\" \/>\n<script type=\"application\/ld+json\" class=\"yoast-schema-graph\">{\"@context\":\"https:\/\/schema.org\",\"@graph\":[{\"@type\":\"WebPage\",\"@id\":\"https:\/\/www.welovecycling.com\/hu\/kozosseg-es-kultura\/ujabb-14-indok-amiert-jo-egyedul-tekerni\/\",\"url\":\"https:\/\/www.welovecycling.com\/hu\/kozosseg-es-kultura\/ujabb-14-indok-amiert-jo-egyedul-tekerni\/\",\"name\":\"\u00dajabb 14 indok, ami\u00e9rt j\u00f3 egyed\u00fcl tekerni - \u0160koda We Love Cycling - Magyarorsz\u00e1g\",\"isPartOf\":{\"@id\":\"https:\/\/www.welovecycling.com\/hu\/#website\"},\"primaryImageOfPage\":{\"@id\":\"https:\/\/www.welovecycling.com\/hu\/kozosseg-es-kultura\/ujabb-14-indok-amiert-jo-egyedul-tekerni\/#primaryimage\"},\"image\":{\"@id\":\"https:\/\/www.welovecycling.com\/hu\/kozosseg-es-kultura\/ujabb-14-indok-amiert-jo-egyedul-tekerni\/#primaryimage\"},\"thumbnailUrl\":\"https:\/\/d2p6e6u75xmxt8.cloudfront.net\/12\/2020\/05\/Cycling-Alone-CVR-profimedia-0511495573.jpg\",\"datePublished\":\"2020-05-26T07:00:40+00:00\",\"author\":{\"@id\":\"https:\/\/www.welovecycling.com\/hu\/#\/schema\/person\/414a2aebf1801691a5320edb6468e194\"},\"breadcrumb\":{\"@id\":\"https:\/\/www.welovecycling.com\/hu\/kozosseg-es-kultura\/ujabb-14-indok-amiert-jo-egyedul-tekerni\/#breadcrumb\"},\"inLanguage\":\"hu\",\"potentialAction\":[{\"@type\":\"ReadAction\",\"target\":[\"https:\/\/www.welovecycling.com\/hu\/kozosseg-es-kultura\/ujabb-14-indok-amiert-jo-egyedul-tekerni\/\"]}]},{\"@type\":\"ImageObject\",\"inLanguage\":\"hu\",\"@id\":\"https:\/\/www.welovecycling.com\/hu\/kozosseg-es-kultura\/ujabb-14-indok-amiert-jo-egyedul-tekerni\/#primaryimage\",\"url\":\"https:\/\/d2p6e6u75xmxt8.cloudfront.net\/12\/2020\/05\/Cycling-Alone-CVR-profimedia-0511495573.jpg\",\"contentUrl\":\"https:\/\/d2p6e6u75xmxt8.cloudfront.net\/12\/2020\/05\/Cycling-Alone-CVR-profimedia-0511495573.jpg\",\"width\":1366,\"height\":600},{\"@type\":\"BreadcrumbList\",\"@id\":\"https:\/\/www.welovecycling.com\/hu\/kozosseg-es-kultura\/ujabb-14-indok-amiert-jo-egyedul-tekerni\/#breadcrumb\",\"itemListElement\":[{\"@type\":\"ListItem\",\"position\":1,\"name\":\"Home\",\"item\":\"https:\/\/www.welovecycling.com\/hu\/\"},{\"@type\":\"ListItem\",\"position\":2,\"name\":\"\u00dajabb 14 indok, ami\u00e9rt j\u00f3 egyed\u00fcl tekerni\"}]},{\"@type\":\"WebSite\",\"@id\":\"https:\/\/www.welovecycling.com\/hu\/#website\",\"url\":\"https:\/\/www.welovecycling.com\/hu\/\",\"name\":\"\u0160koda We Love Cycling - Magyarorsz\u00e1g\",\"description\":\"\u0160koda WeLoveCycling\",\"potentialAction\":[{\"@type\":\"SearchAction\",\"target\":{\"@type\":\"EntryPoint\",\"urlTemplate\":\"https:\/\/www.welovecycling.com\/hu\/?s={search_term_string}\"},\"query-input\":{\"@type\":\"PropertyValueSpecification\",\"valueRequired\":true,\"valueName\":\"search_term_string\"}}],\"inLanguage\":\"hu\"},{\"@type\":\"Person\",\"@id\":\"https:\/\/www.welovecycling.com\/hu\/#\/schema\/person\/414a2aebf1801691a5320edb6468e194\",\"name\":\"hegyizs\",\"image\":{\"@type\":\"ImageObject\",\"inLanguage\":\"hu\",\"@id\":\"https:\/\/www.welovecycling.com\/hu\/#\/schema\/person\/image\/\",\"url\":\"https:\/\/secure.gravatar.com\/avatar\/02cf8a7906b8cf90cecb4679defac7cfd33a1c2e3b88e4903d947f3bb58eedd3?s=96&d=mm&r=g\",\"contentUrl\":\"https:\/\/secure.gravatar.com\/avatar\/02cf8a7906b8cf90cecb4679defac7cfd33a1c2e3b88e4903d947f3bb58eedd3?s=96&d=mm&r=g\",\"caption\":\"hegyizs\"},\"url\":\"https:\/\/www.welovecycling.com\/hu\/author\/hegyizs\/\"}]}<\/script>\n<!-- \/ Yoast SEO Premium plugin. -->","yoast_head_json":{"title":"\u00dajabb 14 indok, ami\u00e9rt j\u00f3 egyed\u00fcl tekerni - \u0160koda We Love Cycling - Magyarorsz\u00e1g","robots":{"index":"index","follow":"follow","max-snippet":"max-snippet:-1","max-image-preview":"max-image-preview:large","max-video-preview":"max-video-preview:-1"},"canonical":"https:\/\/www.welovecycling.com\/hu\/kozosseg-es-kultura\/ujabb-14-indok-amiert-jo-egyedul-tekerni\/","og_locale":"hu_HU","og_type":"article","og_title":"\u00dajabb 14 indok, ami\u00e9rt j\u00f3 egyed\u00fcl tekerni","og_description":"Az ut\u00f3bbi id\u0151ben r\u00e1 voltunk utalva, hogy egyed\u00fcl induljunk \u00fatnak, \u00e9s sok \u00f6r\u00f6m\u00f6t felfedezt\u00fcnk ebben. Ez persze nem jelenti azt, [&hellip;]","og_url":"https:\/\/www.welovecycling.com\/hu\/kozosseg-es-kultura\/ujabb-14-indok-amiert-jo-egyedul-tekerni\/","og_site_name":"\u0160koda We Love Cycling - Magyarorsz\u00e1g","article_publisher":"https:\/\/www.facebook.com\/WeLoveCyclingHungary\/","article_published_time":"2020-05-26T07:00:40+00:00","og_image":[{"width":1366,"height":600,"url":"https:\/\/d2p6e6u75xmxt8.cloudfront.net\/12\/2020\/05\/Cycling-Alone-CVR-profimedia-0511495573.jpg","type":"image\/jpeg"}],"author":"hegyizs","twitter_card":"summary_large_image","twitter_misc":{"Written by":"Adam Marsal","Est. reading time":"5"},"schema":{"@context":"https:\/\/schema.org","@graph":[{"@type":"WebPage","@id":"https:\/\/www.welovecycling.com\/hu\/kozosseg-es-kultura\/ujabb-14-indok-amiert-jo-egyedul-tekerni\/","url":"https:\/\/www.welovecycling.com\/hu\/kozosseg-es-kultura\/ujabb-14-indok-amiert-jo-egyedul-tekerni\/","name":"\u00dajabb 14 indok, ami\u00e9rt j\u00f3 egyed\u00fcl tekerni - \u0160koda We Love Cycling - Magyarorsz\u00e1g","isPartOf":{"@id":"https:\/\/www.welovecycling.com\/hu\/#website"},"primaryImageOfPage":{"@id":"https:\/\/www.welovecycling.com\/hu\/kozosseg-es-kultura\/ujabb-14-indok-amiert-jo-egyedul-tekerni\/#primaryimage"},"image":{"@id":"https:\/\/www.welovecycling.com\/hu\/kozosseg-es-kultura\/ujabb-14-indok-amiert-jo-egyedul-tekerni\/#primaryimage"},"thumbnailUrl":"https:\/\/d2p6e6u75xmxt8.cloudfront.net\/12\/2020\/05\/Cycling-Alone-CVR-profimedia-0511495573.jpg","datePublished":"2020-05-26T07:00:40+00:00","author":{"@id":"https:\/\/www.welovecycling.com\/hu\/#\/schema\/person\/414a2aebf1801691a5320edb6468e194"},"breadcrumb":{"@id":"https:\/\/www.welovecycling.com\/hu\/kozosseg-es-kultura\/ujabb-14-indok-amiert-jo-egyedul-tekerni\/#breadcrumb"},"inLanguage":"hu","potentialAction":[{"@type":"ReadAction","target":["https:\/\/www.welovecycling.com\/hu\/kozosseg-es-kultura\/ujabb-14-indok-amiert-jo-egyedul-tekerni\/"]}]},{"@type":"ImageObject","inLanguage":"hu","@id":"https:\/\/www.welovecycling.com\/hu\/kozosseg-es-kultura\/ujabb-14-indok-amiert-jo-egyedul-tekerni\/#primaryimage","url":"https:\/\/d2p6e6u75xmxt8.cloudfront.net\/12\/2020\/05\/Cycling-Alone-CVR-profimedia-0511495573.jpg","contentUrl":"https:\/\/d2p6e6u75xmxt8.cloudfront.net\/12\/2020\/05\/Cycling-Alone-CVR-profimedia-0511495573.jpg","width":1366,"height":600},{"@type":"BreadcrumbList","@id":"https:\/\/www.welovecycling.com\/hu\/kozosseg-es-kultura\/ujabb-14-indok-amiert-jo-egyedul-tekerni\/#breadcrumb","itemListElement":[{"@type":"ListItem","position":1,"name":"Home","item":"https:\/\/www.welovecycling.com\/hu\/"},{"@type":"ListItem","position":2,"name":"\u00dajabb 14 indok, ami\u00e9rt j\u00f3 egyed\u00fcl tekerni"}]},{"@type":"WebSite","@id":"https:\/\/www.welovecycling.com\/hu\/#website","url":"https:\/\/www.welovecycling.com\/hu\/","name":"\u0160koda We Love Cycling - Magyarorsz\u00e1g","description":"\u0160koda WeLoveCycling","potentialAction":[{"@type":"SearchAction","target":{"@type":"EntryPoint","urlTemplate":"https:\/\/www.welovecycling.com\/hu\/?s={search_term_string}"},"query-input":{"@type":"PropertyValueSpecification","valueRequired":true,"valueName":"search_term_string"}}],"inLanguage":"hu"},{"@type":"Person","@id":"https:\/\/www.welovecycling.com\/hu\/#\/schema\/person\/414a2aebf1801691a5320edb6468e194","name":"hegyizs","image":{"@type":"ImageObject","inLanguage":"hu","@id":"https:\/\/www.welovecycling.com\/hu\/#\/schema\/person\/image\/","url":"https:\/\/secure.gravatar.com\/avatar\/02cf8a7906b8cf90cecb4679defac7cfd33a1c2e3b88e4903d947f3bb58eedd3?s=96&d=mm&r=g","contentUrl":"https:\/\/secure.gravatar.com\/avatar\/02cf8a7906b8cf90cecb4679defac7cfd33a1c2e3b88e4903d947f3bb58eedd3?s=96&d=mm&r=g","caption":"hegyizs"},"url":"https:\/\/www.welovecycling.com\/hu\/author\/hegyizs\/"}]}},"_links":{"self":[{"href":"https:\/\/www.welovecycling.com\/hu\/wp-json\/wp\/v2\/posts\/7707","targetHints":{"allow":["GET"]}}],"collection":[{"href":"https:\/\/www.welovecycling.com\/hu\/wp-json\/wp\/v2\/posts"}],"about":[{"href":"https:\/\/www.welovecycling.com\/hu\/wp-json\/wp\/v2\/types\/post"}],"author":[{"embeddable":true,"href":"https:\/\/www.welovecycling.com\/hu\/wp-json\/wp\/v2\/users\/71"}],"replies":[{"embeddable":true,"href":"https:\/\/www.welovecycling.com\/hu\/wp-json\/wp\/v2\/comments?post=7707"}],"version-history":[{"count":2,"href":"https:\/\/www.welovecycling.com\/hu\/wp-json\/wp\/v2\/posts\/7707\/revisions"}],"predecessor-version":[{"id":7737,"href":"https:\/\/www.welovecycling.com\/hu\/wp-json\/wp\/v2\/posts\/7707\/revisions\/7737"}],"wp:featuredmedia":[{"embeddable":true,"href":"https:\/\/www.welovecycling.com\/hu\/wp-json\/wp\/v2\/media\/7710"}],"wp:attachment":[{"href":"https:\/\/www.welovecycling.com\/hu\/wp-json\/wp\/v2\/media?parent=7707"}],"wp:term":[{"taxonomy":"category","embeddable":true,"href":"https:\/\/www.welovecycling.com\/hu\/wp-json\/wp\/v2\/categories?post=7707"},{"taxonomy":"post_tag","embeddable":true,"href":"https:\/\/www.welovecycling.com\/hu\/wp-json\/wp\/v2\/tags?post=7707"},{"taxonomy":"global-categories","embeddable":true,"href":"https:\/\/www.welovecycling.com\/hu\/wp-json\/wp\/v2\/global-categories?post=7707"}],"curies":[{"name":"wp","href":"https:\/\/api.w.org\/{rel}","templated":true}]}}