{"id":770,"date":"2018-05-04T11:31:10","date_gmt":"2018-05-04T11:31:10","guid":{"rendered":"https:\/\/www.welovecycling.com\/hu\/?p=770"},"modified":"2018-05-04T11:31:10","modified_gmt":"2018-05-04T11:31:10","slug":"3-magyar-borvidek-ahova-mindenkepp-el-kell-tekerned","status":"publish","type":"post","link":"https:\/\/www.welovecycling.com\/hu\/trekking-mtb\/3-magyar-borvidek-ahova-mindenkepp-el-kell-tekerned\/","title":{"rendered":"3 magyar borvid\u00e9k, ahov\u00e1 mindenk\u00e9pp el kell tekerned"},"content":{"rendered":"<p><span style=\"font-size: 14pt;\"><strong>A h\u00edres magyar borvid\u00e9kekr\u0151l \u00e1ltal\u00e1ban a bork\u00f3stol\u00f3k jutnak esz\u00fcnkbe, pedig ezek a helyek gy\u00f6ny\u00f6r\u0171ek, k\u00e9t ker\u00e9ken pedig m\u00e9g izgalmasabbak! Mutatunk 3 borvid\u00e9ket, ahov\u00e1 nagyon meg\u00e9ri biciklivel is ell\u00e1togatni.<\/strong><\/span><\/p>\n<p><!--more--><\/p>\n<h2>Etyek<\/h2>\n<p>A f\u0151v\u00e1rost\u00f3l kb. 26 km-re fekv\u0151 Etyeken m\u00e1r az \u00c1rp\u00e1d-h\u00e1zi kir\u00e1lyok idej\u00e9ben is termesztettek sz\u0151l\u0151t. Az etyeki feh\u00e9rborok jellemz\u0151en sz\u00e1razak \u00e9s nem t\u00fal testesek, \u00edgy a ny\u00e1ri forr\u00f3s\u00e1gban b\u00e1tran fogyasszuk \u0151ket ak\u00e1r fr\u00f6ccsk\u00e9nt is! Nem csak Etyek, hanem a k\u00f6rny\u00e9k is izgalmas biciklivel. Ha a hegyeket is b\u00edrja a bring\u00e1d, a hosszabb t\u00far\u00e1kat pedig az \u00e1ll\u00f3k\u00e9pess\u00e9ged, akkor aj\u00e1nljuk az Etyeki Hegyk\u00f6zs\u00e9get vagy a Nyakas-Hegyk\u00f6zs\u00e9get is.<\/p>\n<p><a href=\"https:\/\/d2p6e6u75xmxt8.cloudfront.net\/12\/2018\/05\/etyek.jpg\"><img loading=\"lazy\" decoding=\"async\" class=\"alignnone size-full wp-image-772\" src=\"https:\/\/d2p6e6u75xmxt8.cloudfront.net\/12\/2018\/05\/etyek.jpg\" alt=\"\" width=\"1024\" height=\"689\" srcset=\"https:\/\/d2p6e6u75xmxt8.cloudfront.net\/12\/2018\/05\/etyek.jpg 1024w, https:\/\/d2p6e6u75xmxt8.cloudfront.net\/12\/2018\/05\/etyek-300x202.jpg 300w, https:\/\/d2p6e6u75xmxt8.cloudfront.net\/12\/2018\/05\/etyek-768x517.jpg 768w, https:\/\/d2p6e6u75xmxt8.cloudfront.net\/12\/2018\/05\/etyek-272x182.jpg 272w\" sizes=\"auto, (max-width: 1024px) 100vw, 1024px\" \/><\/a><\/p>\n<h2>Szigliget<\/h2>\n<p>Innen gy\u00f6ny\u00f6r\u0171 kil\u00e1t\u00e1s ny\u00edlik a Balatonra, \u00e9s az itt term\u0151 Olaszrizling az egyik legfinomabb. A k\u00f6rny\u00e9k hangulata, a t\u00e1j sz\u00e9ps\u00e9ge \u00e9s a gy\u00f6ny\u00f6r\u0171 kil\u00e1t\u00e1s m\u00e1r \u00e9pp el\u00e9g ok ahhoz, hogy biciklivel is megk\u00f6zel\u00edtsd. Ha szereted az autentikus helyeket, akkor +1 szavazat j\u00e1t az \u00d6regfalunak, ahol nagyon hangulatosak a n\u00e1dfedeles kis h\u00e1zak a hegyoldalban.<\/p>\n<p>A Balaton k\u00f6rny\u00e9ke egy\u00e9bk\u00e9nt is f\u0151nyerem\u00e9ny bring\u00e1s szempontb\u00f3l, a gy\u00f6ny\u00f6r\u0171 kil\u00e1t\u00e1s \u00e9s a k\u00f6nny\u0171 terep miatt mindenkinek aj\u00e1nljuk. A Balatonk\u00f6rr\u0151l pedig <a href=\"https:\/\/www.welovecycling.com\/hu\/uncategorized\/a-balaton-ket-kereken-nana-hogy-erdemes\/\">itt<\/a> olvashatsz r\u00e9szletesebben.<\/p>\n<p><a href=\"https:\/\/d2p6e6u75xmxt8.cloudfront.net\/12\/2018\/05\/szigliget.jpg\"><img loading=\"lazy\" decoding=\"async\" class=\"alignnone wp-image-773\" src=\"https:\/\/d2p6e6u75xmxt8.cloudfront.net\/12\/2018\/05\/szigliget-1920x744.jpg\" alt=\"\" width=\"1920\" height=\"744\" srcset=\"https:\/\/d2p6e6u75xmxt8.cloudfront.net\/12\/2018\/05\/szigliget-1920x744.jpg 1920w, https:\/\/d2p6e6u75xmxt8.cloudfront.net\/12\/2018\/05\/szigliget-300x116.jpg 300w, https:\/\/d2p6e6u75xmxt8.cloudfront.net\/12\/2018\/05\/szigliget-768x297.jpg 768w, https:\/\/d2p6e6u75xmxt8.cloudfront.net\/12\/2018\/05\/szigliget-1024x397.jpg 1024w, https:\/\/d2p6e6u75xmxt8.cloudfront.net\/12\/2018\/05\/szigliget-1920x744.jpg 1920w\" sizes=\"auto, (max-width: 1920px) 100vw, 1920px\" \/><\/a><\/p>\n<h2>Eger<\/h2>\n<p>Magyarorsz\u00e1g egyik legnagyobb t\u00f6rt\u00e9nelmi borvid\u00e9ke szint\u00e9n ott van a top 3-ban. A k\u00f6rny\u00e9k sz\u0151l\u0151- \u00e9s borkult\u00far\u00e1ja t\u00f6bb mint 1000 \u00e9ves m\u00falttal rendelkezik, egym\u00e1st \u00e9rik a borpinc\u00e9k, borh\u00e1zak. Ha \u00e9jszak\u00e1ra is maradn\u00e1tok, a bork\u00f3stol\u00f3 k\u00f6telez\u0151!<\/p>\n<p>Eger k\u00f6zel\u00e9ben t\u00f6bb olyan fontos helysz\u00edn is van, amit k\u00f6nnyen megk\u00f6zel\u00edthet\u00fcnk bring\u00e1val, \u00e9s k\u00e1r lenne kihagyni. Ha a hegyekbe is menn\u00e9tek, aj\u00e1nljuk p\u00e9ld\u00e1ul a Nagy-Eged hegyet, ahol m\u00e9g egy downhill p\u00e1lya is van!<\/p>\n<p><a href=\"https:\/\/d2p6e6u75xmxt8.cloudfront.net\/12\/2018\/05\/eger.jpg\"><img loading=\"lazy\" decoding=\"async\" class=\"alignnone size-extra-large wp-image-774\" src=\"https:\/\/d2p6e6u75xmxt8.cloudfront.net\/12\/2018\/05\/eger-1920x1440.jpg\" alt=\"\" width=\"1920\" height=\"1440\" srcset=\"https:\/\/d2p6e6u75xmxt8.cloudfront.net\/12\/2018\/05\/eger.jpg 1920w, https:\/\/d2p6e6u75xmxt8.cloudfront.net\/12\/2018\/05\/eger-300x225.jpg 300w, https:\/\/d2p6e6u75xmxt8.cloudfront.net\/12\/2018\/05\/eger-768x576.jpg 768w, https:\/\/d2p6e6u75xmxt8.cloudfront.net\/12\/2018\/05\/eger-1024x768.jpg 1024w, https:\/\/d2p6e6u75xmxt8.cloudfront.net\/12\/2018\/05\/eger-1920x1440.jpg 1920w\" sizes=\"auto, (max-width: 1920px) 100vw, 1920px\" \/><\/a><\/p>\n<p>&nbsp;<\/p>\n","protected":false},"excerpt":{"rendered":"<p>A h\u00edres magyar borvid\u00e9kekr\u0151l \u00e1ltal\u00e1ban a bork\u00f3stol\u00f3k jutnak esz\u00fcnkbe, pedig ezek a helyek gy\u00f6ny\u00f6r\u0171ek, k\u00e9t ker\u00e9ken pedig m\u00e9g izgalmasabbak! Mutatunk [&hellip;]<\/p>\n","protected":false},"author":71,"featured_media":777,"comment_status":"open","ping_status":"open","sticky":false,"template":"","format":"standard","meta":{"footnotes":""},"categories":[13,11,12,8,7],"tags":[17,18,36,34,16,22,14,35],"global-categories":[],"class_list":["post-770","post","type-post","status-publish","format-standard","has-post-thumbnail","hentry","category-blog","category-csalad","category-kozosseg-es-kultura","category-orszaguti-kerekpar","category-trekking-mtb","tag-bicikli","tag-biciklizes","tag-borkostolo","tag-borvidek","tag-kerekpar","tag-kerekparozas","tag-mtb","tag-turazas"],"yoast_head":"<!-- This site is optimized with the Yoast SEO Premium plugin v25.3 (Yoast SEO v25.9) - https:\/\/yoast.com\/wordpress\/plugins\/seo\/ -->\n<title>3 magyar borvid\u00e9k, ahov\u00e1 mindenk\u00e9pp el kell tekerned - \u0160koda We Love Cycling - Magyarorsz\u00e1g<\/title>\n<meta name=\"description\" content=\"H\u00e1rom h\u00edres magyar borvid\u00e9k, amir\u0151l \u00e1ltal\u00e1ban a bork\u00f3stol\u00f3k jutnak esz\u00fcnkbe, pedig ezek a helyek gy\u00f6ny\u00f6r\u0171ek, k\u00e9t ker\u00e9ken pedig m\u00e9g izgalmasabbak!\" \/>\n<meta name=\"robots\" content=\"index, follow, max-snippet:-1, max-image-preview:large, max-video-preview:-1\" \/>\n<link rel=\"canonical\" href=\"https:\/\/www.welovecycling.com\/hu\/trekking-mtb\/3-magyar-borvidek-ahova-mindenkepp-el-kell-tekerned\/\" \/>\n<meta property=\"og:locale\" content=\"hu_HU\" \/>\n<meta property=\"og:type\" content=\"article\" \/>\n<meta property=\"og:title\" content=\"3 magyar borvid\u00e9k, ahov\u00e1 mindenk\u00e9pp el kell tekerned\" \/>\n<meta property=\"og:description\" content=\"H\u00e1rom h\u00edres magyar borvid\u00e9k, amir\u0151l \u00e1ltal\u00e1ban a bork\u00f3stol\u00f3k jutnak esz\u00fcnkbe, pedig ezek a helyek gy\u00f6ny\u00f6r\u0171ek, k\u00e9t ker\u00e9ken pedig m\u00e9g izgalmasabbak!\" \/>\n<meta property=\"og:url\" content=\"https:\/\/www.welovecycling.com\/hu\/trekking-mtb\/3-magyar-borvidek-ahova-mindenkepp-el-kell-tekerned\/\" \/>\n<meta property=\"og:site_name\" content=\"\u0160koda We Love Cycling - Magyarorsz\u00e1g\" \/>\n<meta property=\"article:publisher\" content=\"https:\/\/www.facebook.com\/WeLoveCyclingHungary\/\" \/>\n<meta property=\"article:published_time\" content=\"2018-05-04T11:31:10+00:00\" \/>\n<meta property=\"og:image\" content=\"https:\/\/d2p6e6u75xmxt8.cloudfront.net\/12\/2018\/05\/balaton.jpg\" \/>\n\t<meta property=\"og:image:width\" content=\"1920\" \/>\n\t<meta property=\"og:image:height\" content=\"1280\" \/>\n\t<meta property=\"og:image:type\" content=\"image\/jpeg\" \/>\n<meta name=\"author\" content=\"hegyizs\" \/>\n<meta name=\"twitter:card\" content=\"summary_large_image\" \/>\n<meta name=\"twitter:label1\" content=\"Written by\" \/>\n\t<meta name=\"twitter:data1\" content=\"hegyizs\" \/>\n\t<meta name=\"twitter:label2\" content=\"Est. reading time\" \/>\n\t<meta name=\"twitter:data2\" content=\"2 minutes\" \/>\n<script type=\"application\/ld+json\" class=\"yoast-schema-graph\">{\"@context\":\"https:\/\/schema.org\",\"@graph\":[{\"@type\":\"WebPage\",\"@id\":\"https:\/\/www.welovecycling.com\/hu\/trekking-mtb\/3-magyar-borvidek-ahova-mindenkepp-el-kell-tekerned\/\",\"url\":\"https:\/\/www.welovecycling.com\/hu\/trekking-mtb\/3-magyar-borvidek-ahova-mindenkepp-el-kell-tekerned\/\",\"name\":\"3 magyar borvid\u00e9k, ahov\u00e1 mindenk\u00e9pp el kell tekerned - \u0160koda We Love Cycling - Magyarorsz\u00e1g\",\"isPartOf\":{\"@id\":\"https:\/\/www.welovecycling.com\/hu\/#website\"},\"primaryImageOfPage\":{\"@id\":\"https:\/\/www.welovecycling.com\/hu\/trekking-mtb\/3-magyar-borvidek-ahova-mindenkepp-el-kell-tekerned\/#primaryimage\"},\"image\":{\"@id\":\"https:\/\/www.welovecycling.com\/hu\/trekking-mtb\/3-magyar-borvidek-ahova-mindenkepp-el-kell-tekerned\/#primaryimage\"},\"thumbnailUrl\":\"https:\/\/d2p6e6u75xmxt8.cloudfront.net\/12\/2018\/05\/balaton.jpg\",\"datePublished\":\"2018-05-04T11:31:10+00:00\",\"author\":{\"@id\":\"https:\/\/www.welovecycling.com\/hu\/#\/schema\/person\/414a2aebf1801691a5320edb6468e194\"},\"description\":\"H\u00e1rom h\u00edres magyar borvid\u00e9k, amir\u0151l \u00e1ltal\u00e1ban a bork\u00f3stol\u00f3k jutnak esz\u00fcnkbe, pedig ezek a helyek gy\u00f6ny\u00f6r\u0171ek, k\u00e9t ker\u00e9ken pedig m\u00e9g izgalmasabbak!\",\"breadcrumb\":{\"@id\":\"https:\/\/www.welovecycling.com\/hu\/trekking-mtb\/3-magyar-borvidek-ahova-mindenkepp-el-kell-tekerned\/#breadcrumb\"},\"inLanguage\":\"hu\",\"potentialAction\":[{\"@type\":\"ReadAction\",\"target\":[\"https:\/\/www.welovecycling.com\/hu\/trekking-mtb\/3-magyar-borvidek-ahova-mindenkepp-el-kell-tekerned\/\"]}]},{\"@type\":\"ImageObject\",\"inLanguage\":\"hu\",\"@id\":\"https:\/\/www.welovecycling.com\/hu\/trekking-mtb\/3-magyar-borvidek-ahova-mindenkepp-el-kell-tekerned\/#primaryimage\",\"url\":\"https:\/\/d2p6e6u75xmxt8.cloudfront.net\/12\/2018\/05\/balaton.jpg\",\"contentUrl\":\"https:\/\/d2p6e6u75xmxt8.cloudfront.net\/12\/2018\/05\/balaton.jpg\",\"width\":1920,\"height\":1280,\"caption\":\"H\u00e1rom borvid\u00e9k\"},{\"@type\":\"BreadcrumbList\",\"@id\":\"https:\/\/www.welovecycling.com\/hu\/trekking-mtb\/3-magyar-borvidek-ahova-mindenkepp-el-kell-tekerned\/#breadcrumb\",\"itemListElement\":[{\"@type\":\"ListItem\",\"position\":1,\"name\":\"Home\",\"item\":\"https:\/\/www.welovecycling.com\/hu\/\"},{\"@type\":\"ListItem\",\"position\":2,\"name\":\"3 magyar borvid\u00e9k, ahov\u00e1 mindenk\u00e9pp el kell tekerned\"}]},{\"@type\":\"WebSite\",\"@id\":\"https:\/\/www.welovecycling.com\/hu\/#website\",\"url\":\"https:\/\/www.welovecycling.com\/hu\/\",\"name\":\"\u0160koda We Love Cycling - Magyarorsz\u00e1g\",\"description\":\"\u0160koda WeLoveCycling\",\"potentialAction\":[{\"@type\":\"SearchAction\",\"target\":{\"@type\":\"EntryPoint\",\"urlTemplate\":\"https:\/\/www.welovecycling.com\/hu\/?s={search_term_string}\"},\"query-input\":{\"@type\":\"PropertyValueSpecification\",\"valueRequired\":true,\"valueName\":\"search_term_string\"}}],\"inLanguage\":\"hu\"},{\"@type\":\"Person\",\"@id\":\"https:\/\/www.welovecycling.com\/hu\/#\/schema\/person\/414a2aebf1801691a5320edb6468e194\",\"name\":\"hegyizs\",\"image\":{\"@type\":\"ImageObject\",\"inLanguage\":\"hu\",\"@id\":\"https:\/\/www.welovecycling.com\/hu\/#\/schema\/person\/image\/\",\"url\":\"https:\/\/secure.gravatar.com\/avatar\/02cf8a7906b8cf90cecb4679defac7cfd33a1c2e3b88e4903d947f3bb58eedd3?s=96&d=mm&r=g\",\"contentUrl\":\"https:\/\/secure.gravatar.com\/avatar\/02cf8a7906b8cf90cecb4679defac7cfd33a1c2e3b88e4903d947f3bb58eedd3?s=96&d=mm&r=g\",\"caption\":\"hegyizs\"},\"url\":\"https:\/\/www.welovecycling.com\/hu\/author\/hegyizs\/\"}]}<\/script>\n<!-- \/ Yoast SEO Premium plugin. -->","yoast_head_json":{"title":"3 magyar borvid\u00e9k, ahov\u00e1 mindenk\u00e9pp el kell tekerned - \u0160koda We Love Cycling - Magyarorsz\u00e1g","description":"H\u00e1rom h\u00edres magyar borvid\u00e9k, amir\u0151l \u00e1ltal\u00e1ban a bork\u00f3stol\u00f3k jutnak esz\u00fcnkbe, pedig ezek a helyek gy\u00f6ny\u00f6r\u0171ek, k\u00e9t ker\u00e9ken pedig m\u00e9g izgalmasabbak!","robots":{"index":"index","follow":"follow","max-snippet":"max-snippet:-1","max-image-preview":"max-image-preview:large","max-video-preview":"max-video-preview:-1"},"canonical":"https:\/\/www.welovecycling.com\/hu\/trekking-mtb\/3-magyar-borvidek-ahova-mindenkepp-el-kell-tekerned\/","og_locale":"hu_HU","og_type":"article","og_title":"3 magyar borvid\u00e9k, ahov\u00e1 mindenk\u00e9pp el kell tekerned","og_description":"H\u00e1rom h\u00edres magyar borvid\u00e9k, amir\u0151l \u00e1ltal\u00e1ban a bork\u00f3stol\u00f3k jutnak esz\u00fcnkbe, pedig ezek a helyek gy\u00f6ny\u00f6r\u0171ek, k\u00e9t ker\u00e9ken pedig m\u00e9g izgalmasabbak!","og_url":"https:\/\/www.welovecycling.com\/hu\/trekking-mtb\/3-magyar-borvidek-ahova-mindenkepp-el-kell-tekerned\/","og_site_name":"\u0160koda We Love Cycling - Magyarorsz\u00e1g","article_publisher":"https:\/\/www.facebook.com\/WeLoveCyclingHungary\/","article_published_time":"2018-05-04T11:31:10+00:00","og_image":[{"width":1920,"height":1280,"url":"https:\/\/d2p6e6u75xmxt8.cloudfront.net\/12\/2018\/05\/balaton.jpg","type":"image\/jpeg"}],"author":"hegyizs","twitter_card":"summary_large_image","twitter_misc":{"Written by":"hegyizs","Est. reading time":"2 minutes"},"schema":{"@context":"https:\/\/schema.org","@graph":[{"@type":"WebPage","@id":"https:\/\/www.welovecycling.com\/hu\/trekking-mtb\/3-magyar-borvidek-ahova-mindenkepp-el-kell-tekerned\/","url":"https:\/\/www.welovecycling.com\/hu\/trekking-mtb\/3-magyar-borvidek-ahova-mindenkepp-el-kell-tekerned\/","name":"3 magyar borvid\u00e9k, ahov\u00e1 mindenk\u00e9pp el kell tekerned - \u0160koda We Love Cycling - Magyarorsz\u00e1g","isPartOf":{"@id":"https:\/\/www.welovecycling.com\/hu\/#website"},"primaryImageOfPage":{"@id":"https:\/\/www.welovecycling.com\/hu\/trekking-mtb\/3-magyar-borvidek-ahova-mindenkepp-el-kell-tekerned\/#primaryimage"},"image":{"@id":"https:\/\/www.welovecycling.com\/hu\/trekking-mtb\/3-magyar-borvidek-ahova-mindenkepp-el-kell-tekerned\/#primaryimage"},"thumbnailUrl":"https:\/\/d2p6e6u75xmxt8.cloudfront.net\/12\/2018\/05\/balaton.jpg","datePublished":"2018-05-04T11:31:10+00:00","author":{"@id":"https:\/\/www.welovecycling.com\/hu\/#\/schema\/person\/414a2aebf1801691a5320edb6468e194"},"description":"H\u00e1rom h\u00edres magyar borvid\u00e9k, amir\u0151l \u00e1ltal\u00e1ban a bork\u00f3stol\u00f3k jutnak esz\u00fcnkbe, pedig ezek a helyek gy\u00f6ny\u00f6r\u0171ek, k\u00e9t ker\u00e9ken pedig m\u00e9g izgalmasabbak!","breadcrumb":{"@id":"https:\/\/www.welovecycling.com\/hu\/trekking-mtb\/3-magyar-borvidek-ahova-mindenkepp-el-kell-tekerned\/#breadcrumb"},"inLanguage":"hu","potentialAction":[{"@type":"ReadAction","target":["https:\/\/www.welovecycling.com\/hu\/trekking-mtb\/3-magyar-borvidek-ahova-mindenkepp-el-kell-tekerned\/"]}]},{"@type":"ImageObject","inLanguage":"hu","@id":"https:\/\/www.welovecycling.com\/hu\/trekking-mtb\/3-magyar-borvidek-ahova-mindenkepp-el-kell-tekerned\/#primaryimage","url":"https:\/\/d2p6e6u75xmxt8.cloudfront.net\/12\/2018\/05\/balaton.jpg","contentUrl":"https:\/\/d2p6e6u75xmxt8.cloudfront.net\/12\/2018\/05\/balaton.jpg","width":1920,"height":1280,"caption":"H\u00e1rom borvid\u00e9k"},{"@type":"BreadcrumbList","@id":"https:\/\/www.welovecycling.com\/hu\/trekking-mtb\/3-magyar-borvidek-ahova-mindenkepp-el-kell-tekerned\/#breadcrumb","itemListElement":[{"@type":"ListItem","position":1,"name":"Home","item":"https:\/\/www.welovecycling.com\/hu\/"},{"@type":"ListItem","position":2,"name":"3 magyar borvid\u00e9k, ahov\u00e1 mindenk\u00e9pp el kell tekerned"}]},{"@type":"WebSite","@id":"https:\/\/www.welovecycling.com\/hu\/#website","url":"https:\/\/www.welovecycling.com\/hu\/","name":"\u0160koda We Love Cycling - Magyarorsz\u00e1g","description":"\u0160koda WeLoveCycling","potentialAction":[{"@type":"SearchAction","target":{"@type":"EntryPoint","urlTemplate":"https:\/\/www.welovecycling.com\/hu\/?s={search_term_string}"},"query-input":{"@type":"PropertyValueSpecification","valueRequired":true,"valueName":"search_term_string"}}],"inLanguage":"hu"},{"@type":"Person","@id":"https:\/\/www.welovecycling.com\/hu\/#\/schema\/person\/414a2aebf1801691a5320edb6468e194","name":"hegyizs","image":{"@type":"ImageObject","inLanguage":"hu","@id":"https:\/\/www.welovecycling.com\/hu\/#\/schema\/person\/image\/","url":"https:\/\/secure.gravatar.com\/avatar\/02cf8a7906b8cf90cecb4679defac7cfd33a1c2e3b88e4903d947f3bb58eedd3?s=96&d=mm&r=g","contentUrl":"https:\/\/secure.gravatar.com\/avatar\/02cf8a7906b8cf90cecb4679defac7cfd33a1c2e3b88e4903d947f3bb58eedd3?s=96&d=mm&r=g","caption":"hegyizs"},"url":"https:\/\/www.welovecycling.com\/hu\/author\/hegyizs\/"}]}},"_links":{"self":[{"href":"https:\/\/www.welovecycling.com\/hu\/wp-json\/wp\/v2\/posts\/770","targetHints":{"allow":["GET"]}}],"collection":[{"href":"https:\/\/www.welovecycling.com\/hu\/wp-json\/wp\/v2\/posts"}],"about":[{"href":"https:\/\/www.welovecycling.com\/hu\/wp-json\/wp\/v2\/types\/post"}],"author":[{"embeddable":true,"href":"https:\/\/www.welovecycling.com\/hu\/wp-json\/wp\/v2\/users\/71"}],"replies":[{"embeddable":true,"href":"https:\/\/www.welovecycling.com\/hu\/wp-json\/wp\/v2\/comments?post=770"}],"version-history":[{"count":2,"href":"https:\/\/www.welovecycling.com\/hu\/wp-json\/wp\/v2\/posts\/770\/revisions"}],"predecessor-version":[{"id":780,"href":"https:\/\/www.welovecycling.com\/hu\/wp-json\/wp\/v2\/posts\/770\/revisions\/780"}],"wp:featuredmedia":[{"embeddable":true,"href":"https:\/\/www.welovecycling.com\/hu\/wp-json\/wp\/v2\/media\/777"}],"wp:attachment":[{"href":"https:\/\/www.welovecycling.com\/hu\/wp-json\/wp\/v2\/media?parent=770"}],"wp:term":[{"taxonomy":"category","embeddable":true,"href":"https:\/\/www.welovecycling.com\/hu\/wp-json\/wp\/v2\/categories?post=770"},{"taxonomy":"post_tag","embeddable":true,"href":"https:\/\/www.welovecycling.com\/hu\/wp-json\/wp\/v2\/tags?post=770"},{"taxonomy":"global-categories","embeddable":true,"href":"https:\/\/www.welovecycling.com\/hu\/wp-json\/wp\/v2\/global-categories?post=770"}],"curies":[{"name":"wp","href":"https:\/\/api.w.org\/{rel}","templated":true}]}}