{"id":7688,"date":"2020-05-23T08:00:16","date_gmt":"2020-05-23T07:00:16","guid":{"rendered":"https:\/\/www.welovecycling.com\/hu\/?p=7688"},"modified":"2020-05-18T10:45:47","modified_gmt":"2020-05-18T09:45:47","slug":"ujabb-zsenialis-bringas-mondasok","status":"publish","type":"post","link":"https:\/\/www.welovecycling.com\/hu\/kozosseg-es-kultura\/ujabb-zsenialis-bringas-mondasok\/","title":{"rendered":"\u00dajabb zseni\u00e1lis bring\u00e1s mond\u00e1sok"},"content":{"rendered":"<p><strong>Sosem fogyunk ki a biciklis id\u00e9zetekb\u0151l, ami nem is csoda: amit ilyen sokan szeretnek, arr\u00f3l bizony rengeteg mond\u00e1s gy\u0171lik \u00f6ssze!<\/strong><!--more--><\/p>\n<p><em>\u201eNem az es\u00e9s f\u00e1j, hanem a f\u00f6ldet \u00e9r\u00e9s\u201d.<\/em> \u2013 James Carson<\/p>\n<figure id=\"attachment_7689\" aria-describedby=\"caption-attachment-7689\" style=\"width: 620px\" class=\"wp-caption alignnone\"><img loading=\"lazy\" decoding=\"async\" class=\"wp-image-7689 size-full\" src=\"https:\/\/d2p6e6u75xmxt8.cloudfront.net\/12\/2020\/05\/screen-shot-2014-01-15-at-9.27.51-am-620x409.png\" alt=\"\" width=\"620\" height=\"409\" srcset=\"https:\/\/d2p6e6u75xmxt8.cloudfront.net\/12\/2020\/05\/screen-shot-2014-01-15-at-9.27.51-am-620x409.png 620w, https:\/\/d2p6e6u75xmxt8.cloudfront.net\/12\/2020\/05\/screen-shot-2014-01-15-at-9.27.51-am-620x409-300x198.png 300w\" sizes=\"auto, (max-width: 620px) 100vw, 620px\" \/><figcaption id=\"caption-attachment-7689\" class=\"wp-caption-text\">unofficialnetworks.com<\/figcaption><\/figure>\n<p><em>\u201eMinden alkalommal, amikor biciklizni l\u00e1tok egy feln\u0151tt embert, megnyugszom az emberis\u00e9g j\u00f6v\u0151j\u00e9t illet\u0151en.\u201d<\/em> \u2013 Oliver Neilson<\/p>\n<figure id=\"attachment_7690\" aria-describedby=\"caption-attachment-7690\" style=\"width: 1024px\" class=\"wp-caption alignnone\"><img loading=\"lazy\" decoding=\"async\" class=\"wp-image-7690 size-large\" src=\"https:\/\/d2p6e6u75xmxt8.cloudfront.net\/12\/2020\/05\/Screenshot_1-1-1024x658.jpg\" alt=\"\" width=\"1024\" height=\"658\" srcset=\"https:\/\/d2p6e6u75xmxt8.cloudfront.net\/12\/2020\/05\/Screenshot_1-1-1024x658.jpg 1024w, https:\/\/d2p6e6u75xmxt8.cloudfront.net\/12\/2020\/05\/Screenshot_1-1-300x193.jpg 300w, https:\/\/d2p6e6u75xmxt8.cloudfront.net\/12\/2020\/05\/Screenshot_1-1-768x494.jpg 768w, https:\/\/d2p6e6u75xmxt8.cloudfront.net\/12\/2020\/05\/Screenshot_1-1.jpg 1157w\" sizes=\"auto, (max-width: 1024px) 100vw, 1024px\" \/><figcaption id=\"caption-attachment-7690\" class=\"wp-caption-text\">pexels.com<\/figcaption><\/figure>\n<p><em>\u201eEdzeni olyan, mint medv\u00e9vel harcolni \u2013 nem hagyod abba csak az\u00e9rt, mert elf\u00e1radt\u00e1l<\/em>.\u201d \u2013 Neil Cobley.<\/p>\n<figure id=\"attachment_7691\" aria-describedby=\"caption-attachment-7691\" style=\"width: 500px\" class=\"wp-caption aligncenter\"><img loading=\"lazy\" decoding=\"async\" class=\"size-full wp-image-7691\" src=\"https:\/\/d2p6e6u75xmxt8.cloudfront.net\/12\/2020\/05\/pexels-photo-206515.jpeg\" alt=\"\" width=\"500\" height=\"750\" srcset=\"https:\/\/d2p6e6u75xmxt8.cloudfront.net\/12\/2020\/05\/pexels-photo-206515.jpeg 500w, https:\/\/d2p6e6u75xmxt8.cloudfront.net\/12\/2020\/05\/pexels-photo-206515-200x300.jpeg 200w\" sizes=\"auto, (max-width: 500px) 100vw, 500px\" \/><figcaption id=\"caption-attachment-7691\" class=\"wp-caption-text\">pexels.com<\/figcaption><\/figure>\n<p><em>\u201eCsak egy bringa\u00fatra vagy a j\u00f3kedvt\u0151l!\u201d<\/em> \u2013 Sarah Bentley<\/p>\n<figure id=\"attachment_7692\" aria-describedby=\"caption-attachment-7692\" style=\"width: 1024px\" class=\"wp-caption aligncenter\"><img loading=\"lazy\" decoding=\"async\" class=\"size-large wp-image-7692\" src=\"https:\/\/d2p6e6u75xmxt8.cloudfront.net\/12\/2020\/05\/pexels-photo-3771836-1024x683.jpeg\" alt=\"\" width=\"1024\" height=\"683\" srcset=\"https:\/\/d2p6e6u75xmxt8.cloudfront.net\/12\/2020\/05\/pexels-photo-3771836-1024x683.jpeg 1024w, https:\/\/d2p6e6u75xmxt8.cloudfront.net\/12\/2020\/05\/pexels-photo-3771836-300x200.jpeg 300w, https:\/\/d2p6e6u75xmxt8.cloudfront.net\/12\/2020\/05\/pexels-photo-3771836-768x512.jpeg 768w, https:\/\/d2p6e6u75xmxt8.cloudfront.net\/12\/2020\/05\/pexels-photo-3771836-272x182.jpeg 272w, https:\/\/d2p6e6u75xmxt8.cloudfront.net\/12\/2020\/05\/pexels-photo-3771836.jpeg 1125w\" sizes=\"auto, (max-width: 1024px) 100vw, 1024px\" \/><figcaption id=\"caption-attachment-7692\" class=\"wp-caption-text\">pexels.com<\/figcaption><\/figure>\n<p><em>\u201eTekerj \u00fagy, mintha lopott bring\u00e1n \u00fcln\u00e9l!\u201d<\/em> \u2013 Lee Sutton<\/p>\n<figure id=\"attachment_7693\" aria-describedby=\"caption-attachment-7693\" style=\"width: 630px\" class=\"wp-caption aligncenter\"><img loading=\"lazy\" decoding=\"async\" class=\"size-full wp-image-7693\" src=\"https:\/\/d2p6e6u75xmxt8.cloudfront.net\/12\/2020\/05\/rider-country-side-snow-630x419.jpg\" alt=\"\" width=\"630\" height=\"419\" srcset=\"https:\/\/d2p6e6u75xmxt8.cloudfront.net\/12\/2020\/05\/rider-country-side-snow-630x419.jpg 630w, https:\/\/d2p6e6u75xmxt8.cloudfront.net\/12\/2020\/05\/rider-country-side-snow-630x419-300x200.jpg 300w, https:\/\/d2p6e6u75xmxt8.cloudfront.net\/12\/2020\/05\/rider-country-side-snow-630x419-272x182.jpg 272w\" sizes=\"auto, (max-width: 630px) 100vw, 630px\" \/><figcaption id=\"caption-attachment-7693\" class=\"wp-caption-text\">\u201eNincs rossz id\u0151, csak rossz \u00f6lt\u00f6zet!\u201d \u2013 Josies Hundson<\/figcaption><\/figure>\n<figure id=\"attachment_7694\" aria-describedby=\"caption-attachment-7694\" style=\"width: 1024px\" class=\"wp-caption aligncenter\"><img loading=\"lazy\" decoding=\"async\" class=\"size-large wp-image-7694\" src=\"https:\/\/d2p6e6u75xmxt8.cloudfront.net\/12\/2020\/05\/cyclist-4857820_1280-1024x658.jpg\" alt=\"\" width=\"1024\" height=\"658\" srcset=\"https:\/\/d2p6e6u75xmxt8.cloudfront.net\/12\/2020\/05\/cyclist-4857820_1280-1024x658.jpg 1024w, https:\/\/d2p6e6u75xmxt8.cloudfront.net\/12\/2020\/05\/cyclist-4857820_1280-300x193.jpg 300w, https:\/\/d2p6e6u75xmxt8.cloudfront.net\/12\/2020\/05\/cyclist-4857820_1280-768x493.jpg 768w, https:\/\/d2p6e6u75xmxt8.cloudfront.net\/12\/2020\/05\/cyclist-4857820_1280.jpg 1280w\" sizes=\"auto, (max-width: 1024px) 100vw, 1024px\" \/><figcaption id=\"caption-attachment-7694\" class=\"wp-caption-text\">pixabay.com<\/figcaption><\/figure>\n<p><em>\u201eA legnagyobb f\u00e9lelmem, hogy miut\u00e1n meghalok, a feles\u00e9gem annyi\u00e9rt adja el a biciklijeimet, amennyi\u00e9rt azt mondtam, hogy vettem \u0151ket.\u201d<\/em> \u2013 Sean Power<\/p>\n<figure id=\"attachment_7696\" aria-describedby=\"caption-attachment-7696\" style=\"width: 462px\" class=\"wp-caption aligncenter\"><img loading=\"lazy\" decoding=\"async\" class=\"size-full wp-image-7696\" src=\"https:\/\/d2p6e6u75xmxt8.cloudfront.net\/12\/2020\/05\/Screenshot_2.jpg\" alt=\"\" width=\"462\" height=\"690\" srcset=\"https:\/\/d2p6e6u75xmxt8.cloudfront.net\/12\/2020\/05\/Screenshot_2.jpg 462w, https:\/\/d2p6e6u75xmxt8.cloudfront.net\/12\/2020\/05\/Screenshot_2-201x300.jpg 201w\" sizes=\"auto, (max-width: 462px) 100vw, 462px\" \/><figcaption id=\"caption-attachment-7696\" class=\"wp-caption-text\">pexels.com<\/figcaption><\/figure>\n<p><em>\u201eHa az \u00fat sz\u00e9l\u00e9n tal\u00e1lsz fekve, l\u00e9gyszi \u00e1ll\u00edtsd le a Garmin-om.\u201d<\/em> &#8211; Jayson Carey-Brenton<\/p>\n<p><em>Forr\u00e1s: <\/em><a href=\"https:\/\/www.cyclingweekly.com\/news\/latest-news\/32-best-cycling-sayings-245758\"><em>cyclingweekly.com<\/em><\/a><\/p>\n","protected":false},"excerpt":{"rendered":"<p>Sosem fogyunk ki a biciklis id\u00e9zetekb\u0151l, ami nem is csoda: amit ilyen sokan szeretnek, arr\u00f3l bizony rengeteg mond\u00e1s gy\u0171lik \u00f6ssze!<\/p>\n","protected":false},"author":71,"featured_media":7699,"comment_status":"open","ping_status":"open","sticky":false,"template":"","format":"standard","meta":{"footnotes":""},"categories":[12],"tags":[],"global-categories":[],"class_list":["post-7688","post","type-post","status-publish","format-standard","has-post-thumbnail","hentry","category-kozosseg-es-kultura"],"yoast_head":"<!-- This site is optimized with the Yoast SEO Premium plugin v25.3 (Yoast SEO v25.9) - https:\/\/yoast.com\/wordpress\/plugins\/seo\/ -->\n<title>\u00dajabb zseni\u00e1lis bring\u00e1s mond\u00e1sok - \u0160koda We Love Cycling - Magyarorsz\u00e1g<\/title>\n<meta name=\"robots\" content=\"index, follow, max-snippet:-1, max-image-preview:large, max-video-preview:-1\" \/>\n<link rel=\"canonical\" href=\"https:\/\/www.welovecycling.com\/hu\/kozosseg-es-kultura\/ujabb-zsenialis-bringas-mondasok\/\" \/>\n<meta property=\"og:locale\" content=\"hu_HU\" \/>\n<meta property=\"og:type\" content=\"article\" \/>\n<meta property=\"og:title\" content=\"\u00dajabb zseni\u00e1lis bring\u00e1s mond\u00e1sok\" \/>\n<meta property=\"og:description\" content=\"Sosem fogyunk ki a biciklis id\u00e9zetekb\u0151l, ami nem is csoda: amit ilyen sokan szeretnek, arr\u00f3l bizony rengeteg mond\u00e1s gy\u0171lik \u00f6ssze!\" \/>\n<meta property=\"og:url\" content=\"https:\/\/www.welovecycling.com\/hu\/kozosseg-es-kultura\/ujabb-zsenialis-bringas-mondasok\/\" \/>\n<meta property=\"og:site_name\" content=\"\u0160koda We Love Cycling - Magyarorsz\u00e1g\" \/>\n<meta property=\"article:publisher\" content=\"https:\/\/www.facebook.com\/WeLoveCyclingHungary\/\" \/>\n<meta property=\"article:published_time\" content=\"2020-05-23T07:00:16+00:00\" \/>\n<meta property=\"og:image\" content=\"https:\/\/d2p6e6u75xmxt8.cloudfront.net\/12\/2020\/05\/bicycle-2179020_1920.jpg\" \/>\n\t<meta property=\"og:image:width\" content=\"1920\" \/>\n\t<meta property=\"og:image:height\" content=\"1080\" \/>\n\t<meta property=\"og:image:type\" content=\"image\/jpeg\" \/>\n<meta name=\"author\" content=\"hegyizs\" \/>\n<meta name=\"twitter:card\" content=\"summary_large_image\" \/>\n<meta name=\"twitter:label1\" content=\"Written by\" \/>\n\t<meta name=\"twitter:data1\" content=\"WLC\" \/>\n\t<meta name=\"twitter:label2\" content=\"Est. reading time\" \/>\n\t<meta name=\"twitter:data2\" content=\"1 minute\" \/>\n<script type=\"application\/ld+json\" class=\"yoast-schema-graph\">{\"@context\":\"https:\/\/schema.org\",\"@graph\":[{\"@type\":\"WebPage\",\"@id\":\"https:\/\/www.welovecycling.com\/hu\/kozosseg-es-kultura\/ujabb-zsenialis-bringas-mondasok\/\",\"url\":\"https:\/\/www.welovecycling.com\/hu\/kozosseg-es-kultura\/ujabb-zsenialis-bringas-mondasok\/\",\"name\":\"\u00dajabb zseni\u00e1lis bring\u00e1s mond\u00e1sok - \u0160koda We Love Cycling - Magyarorsz\u00e1g\",\"isPartOf\":{\"@id\":\"https:\/\/www.welovecycling.com\/hu\/#website\"},\"primaryImageOfPage\":{\"@id\":\"https:\/\/www.welovecycling.com\/hu\/kozosseg-es-kultura\/ujabb-zsenialis-bringas-mondasok\/#primaryimage\"},\"image\":{\"@id\":\"https:\/\/www.welovecycling.com\/hu\/kozosseg-es-kultura\/ujabb-zsenialis-bringas-mondasok\/#primaryimage\"},\"thumbnailUrl\":\"https:\/\/d2p6e6u75xmxt8.cloudfront.net\/12\/2020\/05\/bicycle-2179020_1920.jpg\",\"datePublished\":\"2020-05-23T07:00:16+00:00\",\"author\":{\"@id\":\"https:\/\/www.welovecycling.com\/hu\/#\/schema\/person\/414a2aebf1801691a5320edb6468e194\"},\"breadcrumb\":{\"@id\":\"https:\/\/www.welovecycling.com\/hu\/kozosseg-es-kultura\/ujabb-zsenialis-bringas-mondasok\/#breadcrumb\"},\"inLanguage\":\"hu\",\"potentialAction\":[{\"@type\":\"ReadAction\",\"target\":[\"https:\/\/www.welovecycling.com\/hu\/kozosseg-es-kultura\/ujabb-zsenialis-bringas-mondasok\/\"]}]},{\"@type\":\"ImageObject\",\"inLanguage\":\"hu\",\"@id\":\"https:\/\/www.welovecycling.com\/hu\/kozosseg-es-kultura\/ujabb-zsenialis-bringas-mondasok\/#primaryimage\",\"url\":\"https:\/\/d2p6e6u75xmxt8.cloudfront.net\/12\/2020\/05\/bicycle-2179020_1920.jpg\",\"contentUrl\":\"https:\/\/d2p6e6u75xmxt8.cloudfront.net\/12\/2020\/05\/bicycle-2179020_1920.jpg\",\"width\":1920,\"height\":1080},{\"@type\":\"BreadcrumbList\",\"@id\":\"https:\/\/www.welovecycling.com\/hu\/kozosseg-es-kultura\/ujabb-zsenialis-bringas-mondasok\/#breadcrumb\",\"itemListElement\":[{\"@type\":\"ListItem\",\"position\":1,\"name\":\"Home\",\"item\":\"https:\/\/www.welovecycling.com\/hu\/\"},{\"@type\":\"ListItem\",\"position\":2,\"name\":\"\u00dajabb zseni\u00e1lis bring\u00e1s mond\u00e1sok\"}]},{\"@type\":\"WebSite\",\"@id\":\"https:\/\/www.welovecycling.com\/hu\/#website\",\"url\":\"https:\/\/www.welovecycling.com\/hu\/\",\"name\":\"\u0160koda We Love Cycling - Magyarorsz\u00e1g\",\"description\":\"\u0160koda WeLoveCycling\",\"potentialAction\":[{\"@type\":\"SearchAction\",\"target\":{\"@type\":\"EntryPoint\",\"urlTemplate\":\"https:\/\/www.welovecycling.com\/hu\/?s={search_term_string}\"},\"query-input\":{\"@type\":\"PropertyValueSpecification\",\"valueRequired\":true,\"valueName\":\"search_term_string\"}}],\"inLanguage\":\"hu\"},{\"@type\":\"Person\",\"@id\":\"https:\/\/www.welovecycling.com\/hu\/#\/schema\/person\/414a2aebf1801691a5320edb6468e194\",\"name\":\"hegyizs\",\"image\":{\"@type\":\"ImageObject\",\"inLanguage\":\"hu\",\"@id\":\"https:\/\/www.welovecycling.com\/hu\/#\/schema\/person\/image\/\",\"url\":\"https:\/\/secure.gravatar.com\/avatar\/02cf8a7906b8cf90cecb4679defac7cfd33a1c2e3b88e4903d947f3bb58eedd3?s=96&d=mm&r=g\",\"contentUrl\":\"https:\/\/secure.gravatar.com\/avatar\/02cf8a7906b8cf90cecb4679defac7cfd33a1c2e3b88e4903d947f3bb58eedd3?s=96&d=mm&r=g\",\"caption\":\"hegyizs\"},\"url\":\"https:\/\/www.welovecycling.com\/hu\/author\/hegyizs\/\"}]}<\/script>\n<!-- \/ Yoast SEO Premium plugin. -->","yoast_head_json":{"title":"\u00dajabb zseni\u00e1lis bring\u00e1s mond\u00e1sok - \u0160koda We Love Cycling - Magyarorsz\u00e1g","robots":{"index":"index","follow":"follow","max-snippet":"max-snippet:-1","max-image-preview":"max-image-preview:large","max-video-preview":"max-video-preview:-1"},"canonical":"https:\/\/www.welovecycling.com\/hu\/kozosseg-es-kultura\/ujabb-zsenialis-bringas-mondasok\/","og_locale":"hu_HU","og_type":"article","og_title":"\u00dajabb zseni\u00e1lis bring\u00e1s mond\u00e1sok","og_description":"Sosem fogyunk ki a biciklis id\u00e9zetekb\u0151l, ami nem is csoda: amit ilyen sokan szeretnek, arr\u00f3l bizony rengeteg mond\u00e1s gy\u0171lik \u00f6ssze!","og_url":"https:\/\/www.welovecycling.com\/hu\/kozosseg-es-kultura\/ujabb-zsenialis-bringas-mondasok\/","og_site_name":"\u0160koda We Love Cycling - Magyarorsz\u00e1g","article_publisher":"https:\/\/www.facebook.com\/WeLoveCyclingHungary\/","article_published_time":"2020-05-23T07:00:16+00:00","og_image":[{"width":1920,"height":1080,"url":"https:\/\/d2p6e6u75xmxt8.cloudfront.net\/12\/2020\/05\/bicycle-2179020_1920.jpg","type":"image\/jpeg"}],"author":"hegyizs","twitter_card":"summary_large_image","twitter_misc":{"Written by":"WLC","Est. reading time":"1 minute"},"schema":{"@context":"https:\/\/schema.org","@graph":[{"@type":"WebPage","@id":"https:\/\/www.welovecycling.com\/hu\/kozosseg-es-kultura\/ujabb-zsenialis-bringas-mondasok\/","url":"https:\/\/www.welovecycling.com\/hu\/kozosseg-es-kultura\/ujabb-zsenialis-bringas-mondasok\/","name":"\u00dajabb zseni\u00e1lis bring\u00e1s mond\u00e1sok - \u0160koda We Love Cycling - Magyarorsz\u00e1g","isPartOf":{"@id":"https:\/\/www.welovecycling.com\/hu\/#website"},"primaryImageOfPage":{"@id":"https:\/\/www.welovecycling.com\/hu\/kozosseg-es-kultura\/ujabb-zsenialis-bringas-mondasok\/#primaryimage"},"image":{"@id":"https:\/\/www.welovecycling.com\/hu\/kozosseg-es-kultura\/ujabb-zsenialis-bringas-mondasok\/#primaryimage"},"thumbnailUrl":"https:\/\/d2p6e6u75xmxt8.cloudfront.net\/12\/2020\/05\/bicycle-2179020_1920.jpg","datePublished":"2020-05-23T07:00:16+00:00","author":{"@id":"https:\/\/www.welovecycling.com\/hu\/#\/schema\/person\/414a2aebf1801691a5320edb6468e194"},"breadcrumb":{"@id":"https:\/\/www.welovecycling.com\/hu\/kozosseg-es-kultura\/ujabb-zsenialis-bringas-mondasok\/#breadcrumb"},"inLanguage":"hu","potentialAction":[{"@type":"ReadAction","target":["https:\/\/www.welovecycling.com\/hu\/kozosseg-es-kultura\/ujabb-zsenialis-bringas-mondasok\/"]}]},{"@type":"ImageObject","inLanguage":"hu","@id":"https:\/\/www.welovecycling.com\/hu\/kozosseg-es-kultura\/ujabb-zsenialis-bringas-mondasok\/#primaryimage","url":"https:\/\/d2p6e6u75xmxt8.cloudfront.net\/12\/2020\/05\/bicycle-2179020_1920.jpg","contentUrl":"https:\/\/d2p6e6u75xmxt8.cloudfront.net\/12\/2020\/05\/bicycle-2179020_1920.jpg","width":1920,"height":1080},{"@type":"BreadcrumbList","@id":"https:\/\/www.welovecycling.com\/hu\/kozosseg-es-kultura\/ujabb-zsenialis-bringas-mondasok\/#breadcrumb","itemListElement":[{"@type":"ListItem","position":1,"name":"Home","item":"https:\/\/www.welovecycling.com\/hu\/"},{"@type":"ListItem","position":2,"name":"\u00dajabb zseni\u00e1lis bring\u00e1s mond\u00e1sok"}]},{"@type":"WebSite","@id":"https:\/\/www.welovecycling.com\/hu\/#website","url":"https:\/\/www.welovecycling.com\/hu\/","name":"\u0160koda We Love Cycling - Magyarorsz\u00e1g","description":"\u0160koda WeLoveCycling","potentialAction":[{"@type":"SearchAction","target":{"@type":"EntryPoint","urlTemplate":"https:\/\/www.welovecycling.com\/hu\/?s={search_term_string}"},"query-input":{"@type":"PropertyValueSpecification","valueRequired":true,"valueName":"search_term_string"}}],"inLanguage":"hu"},{"@type":"Person","@id":"https:\/\/www.welovecycling.com\/hu\/#\/schema\/person\/414a2aebf1801691a5320edb6468e194","name":"hegyizs","image":{"@type":"ImageObject","inLanguage":"hu","@id":"https:\/\/www.welovecycling.com\/hu\/#\/schema\/person\/image\/","url":"https:\/\/secure.gravatar.com\/avatar\/02cf8a7906b8cf90cecb4679defac7cfd33a1c2e3b88e4903d947f3bb58eedd3?s=96&d=mm&r=g","contentUrl":"https:\/\/secure.gravatar.com\/avatar\/02cf8a7906b8cf90cecb4679defac7cfd33a1c2e3b88e4903d947f3bb58eedd3?s=96&d=mm&r=g","caption":"hegyizs"},"url":"https:\/\/www.welovecycling.com\/hu\/author\/hegyizs\/"}]}},"_links":{"self":[{"href":"https:\/\/www.welovecycling.com\/hu\/wp-json\/wp\/v2\/posts\/7688","targetHints":{"allow":["GET"]}}],"collection":[{"href":"https:\/\/www.welovecycling.com\/hu\/wp-json\/wp\/v2\/posts"}],"about":[{"href":"https:\/\/www.welovecycling.com\/hu\/wp-json\/wp\/v2\/types\/post"}],"author":[{"embeddable":true,"href":"https:\/\/www.welovecycling.com\/hu\/wp-json\/wp\/v2\/users\/71"}],"replies":[{"embeddable":true,"href":"https:\/\/www.welovecycling.com\/hu\/wp-json\/wp\/v2\/comments?post=7688"}],"version-history":[{"count":2,"href":"https:\/\/www.welovecycling.com\/hu\/wp-json\/wp\/v2\/posts\/7688\/revisions"}],"predecessor-version":[{"id":7698,"href":"https:\/\/www.welovecycling.com\/hu\/wp-json\/wp\/v2\/posts\/7688\/revisions\/7698"}],"wp:featuredmedia":[{"embeddable":true,"href":"https:\/\/www.welovecycling.com\/hu\/wp-json\/wp\/v2\/media\/7699"}],"wp:attachment":[{"href":"https:\/\/www.welovecycling.com\/hu\/wp-json\/wp\/v2\/media?parent=7688"}],"wp:term":[{"taxonomy":"category","embeddable":true,"href":"https:\/\/www.welovecycling.com\/hu\/wp-json\/wp\/v2\/categories?post=7688"},{"taxonomy":"post_tag","embeddable":true,"href":"https:\/\/www.welovecycling.com\/hu\/wp-json\/wp\/v2\/tags?post=7688"},{"taxonomy":"global-categories","embeddable":true,"href":"https:\/\/www.welovecycling.com\/hu\/wp-json\/wp\/v2\/global-categories?post=7688"}],"curies":[{"name":"wp","href":"https:\/\/api.w.org\/{rel}","templated":true}]}}