{"id":7674,"date":"2020-05-22T08:00:17","date_gmt":"2020-05-22T07:00:17","guid":{"rendered":"https:\/\/www.welovecycling.com\/hu\/?p=7674"},"modified":"2020-05-18T10:43:51","modified_gmt":"2020-05-18T09:43:51","slug":"mona-lisa-ket-kereken","status":"publish","type":"post","link":"https:\/\/www.welovecycling.com\/hu\/kozosseg-es-kultura\/mona-lisa-ket-kereken\/","title":{"rendered":"Mona Lisa k\u00e9t ker\u00e9ken"},"content":{"rendered":"<p><strong>Im\u00e1djuk, ha kreat\u00edv emberek unatkoznak: olyankor sz\u00fcletnek meg azok a k\u00e9pek, amik k\u00f6rbej\u00e1rj\u00e1k az internetet \u00e9s mindenhol mosolyt csalnak az arcokra.<\/strong><!--more--><\/p>\n<p>Sz\u00e9p, sz\u00e9p, de valami hi\u00e1nyzik. \u00c1llsz a m\u00fazeumban a legh\u00edresebb festm\u00e9nyek el\u0151tt \u00e9s azon morfond\u00edrozol, hogy mi lehet az. Szerencs\u00e9re vannak, akik r\u00e1j\u00f6ttek. Ha a k\u00f6vetkez\u0151 gal\u00e9ria ut\u00e1n is hi\u00e1ny\u00e9rzeted van, azon m\u00e1r nem tudunk seg\u00edteni.<\/p>\n<p>1.\u00a0 Most m\u00e1r tudjuk, mi\u00e9rt mosolyog ilyen rejt\u00e9lyesen: alig v\u00e1rja, hogy bevegye a m\u00f6g\u00f6tte h\u00faz\u00f3d\u00f3 hegyeket! Rem\u00e9lj\u00fck, van n\u00e1la v\u00e1lt\u00f3cip\u0151\u2026<br \/>\n<img loading=\"lazy\" decoding=\"async\" class=\"aligncenter size-full wp-image-7675\" src=\"https:\/\/d2p6e6u75xmxt8.cloudfront.net\/12\/2020\/05\/4a3aa852b6b83e6c2f512eabff30f2fd.jpg\" alt=\"\" width=\"564\" height=\"752\" srcset=\"https:\/\/d2p6e6u75xmxt8.cloudfront.net\/12\/2020\/05\/4a3aa852b6b83e6c2f512eabff30f2fd.jpg 564w, https:\/\/d2p6e6u75xmxt8.cloudfront.net\/12\/2020\/05\/4a3aa852b6b83e6c2f512eabff30f2fd-225x300.jpg 225w\" sizes=\"auto, (max-width: 564px) 100vw, 564px\" \/><\/p>\n<p><em>2.\u00a0 \u201eGyer\u00fcnk, ut\u00e1nam! Azon a dombon van egy kil\u00e1t\u00f3, majd ott pihen\u00fcnk!\u201d <\/em>\u00a0\u00c9s ezek ut\u00e1n \u2019Le\u00f3n nem \u00e9rti, mi\u00e9rt nem akarnak a t\u00f6bbiek vele tekerni\u2026<br \/>\n<img loading=\"lazy\" decoding=\"async\" class=\"aligncenter size-full wp-image-7676\" src=\"https:\/\/d2p6e6u75xmxt8.cloudfront.net\/12\/2020\/05\/7c42e8aa92b988dc6095a15233025cd6.jpg\" alt=\"\" width=\"306\" height=\"350\" srcset=\"https:\/\/d2p6e6u75xmxt8.cloudfront.net\/12\/2020\/05\/7c42e8aa92b988dc6095a15233025cd6.jpg 306w, https:\/\/d2p6e6u75xmxt8.cloudfront.net\/12\/2020\/05\/7c42e8aa92b988dc6095a15233025cd6-262x300.jpg 262w\" sizes=\"auto, (max-width: 306px) 100vw, 306px\" \/><\/p>\n<p>3.\u00a0 Hogy mi\u00e9rt ilyen term\u00e9szetes ez a d\u00e1ma, ahogy csod\u00e1s ker\u00e9kp\u00e1rj\u00e1n tr\u00f3nol? Az\u00e9rt, mert ez val\u00f3j\u00e1ban egy f\u00e9nyk\u00e9p. Josef Fischnaller \u00fajragondolta a festm\u00e9nyekr\u0151l ismert r\u00e9gi vil\u00e1got, \u00e9s koncepci\u00f3j\u00e1ba be\u00e9p\u00edtette modern t\u00e1rgyainkat is. Tov\u00e1bbi m\u0171veit <a href=\"https:\/\/petapixel.com\/2011\/11\/16\/portraits-that-recreate-paintings-by-the-old-masters\/\">itt \u00e9ritek el<\/a>.<\/p>\n<figure id=\"attachment_7677\" aria-describedby=\"caption-attachment-7677\" style=\"width: 564px\" class=\"wp-caption aligncenter\"><img loading=\"lazy\" decoding=\"async\" class=\"wp-image-7677 size-full\" src=\"https:\/\/d2p6e6u75xmxt8.cloudfront.net\/12\/2020\/05\/59fc1c3ffc431a5c6181b3fea97ea386.jpg\" alt=\"\" width=\"564\" height=\"564\" srcset=\"https:\/\/d2p6e6u75xmxt8.cloudfront.net\/12\/2020\/05\/59fc1c3ffc431a5c6181b3fea97ea386.jpg 564w, https:\/\/d2p6e6u75xmxt8.cloudfront.net\/12\/2020\/05\/59fc1c3ffc431a5c6181b3fea97ea386-150x150.jpg 150w, https:\/\/d2p6e6u75xmxt8.cloudfront.net\/12\/2020\/05\/59fc1c3ffc431a5c6181b3fea97ea386-300x300.jpg 300w\" sizes=\"auto, (max-width: 564px) 100vw, 564px\" \/><figcaption id=\"caption-attachment-7677\" class=\"wp-caption-text\">Josef Fischnaller fot\u00f3ja<\/figcaption><\/figure>\n<p>4.\u00a0 Es\u0151s napokon \u00e9rezz\u00fck \u00edgy magunkat: hi\u00e1ba vagyunk olyan k\u00f6zel, ha nem mehet\u00fcnk ki egy\u00fctt a szabadba!<br \/>\n<img loading=\"lazy\" decoding=\"async\" class=\"aligncenter size-full wp-image-7678\" src=\"https:\/\/d2p6e6u75xmxt8.cloudfront.net\/12\/2020\/05\/c8e80a921f4156ee16091faf9d4689e7.jpg\" alt=\"\" width=\"564\" height=\"564\" srcset=\"https:\/\/d2p6e6u75xmxt8.cloudfront.net\/12\/2020\/05\/c8e80a921f4156ee16091faf9d4689e7.jpg 564w, https:\/\/d2p6e6u75xmxt8.cloudfront.net\/12\/2020\/05\/c8e80a921f4156ee16091faf9d4689e7-150x150.jpg 150w, https:\/\/d2p6e6u75xmxt8.cloudfront.net\/12\/2020\/05\/c8e80a921f4156ee16091faf9d4689e7-300x300.jpg 300w\" sizes=\"auto, (max-width: 564px) 100vw, 564px\" \/><\/p>\n<p>5.\u00a0 Arr\u00f3l m\u00e1r sokszor hallottunk, hogy da Vinci tal\u00e1lta fel a ker\u00e9kp\u00e1rt (holott nem \u0151 tal\u00e1lta fel), de hogy a ker\u00e9kp\u00e1rost is?!<br \/>\n<img loading=\"lazy\" decoding=\"async\" class=\"aligncenter size-full wp-image-7679\" src=\"https:\/\/d2p6e6u75xmxt8.cloudfront.net\/12\/2020\/05\/c33ec2d6081f061a4bb5f2dee309b42d.jpg\" alt=\"\" width=\"403\" height=\"500\" srcset=\"https:\/\/d2p6e6u75xmxt8.cloudfront.net\/12\/2020\/05\/c33ec2d6081f061a4bb5f2dee309b42d.jpg 403w, https:\/\/d2p6e6u75xmxt8.cloudfront.net\/12\/2020\/05\/c33ec2d6081f061a4bb5f2dee309b42d-242x300.jpg 242w\" sizes=\"auto, (max-width: 403px) 100vw, 403px\" \/><\/p>\n<p>6.\u00a0 Amikor akkora s\u00e1r van, hogy m\u00e1r tolni sem tudod benne a bring\u00e1d\u2026 de nem adod fel!<br \/>\n<img loading=\"lazy\" decoding=\"async\" class=\"aligncenter size-full wp-image-7680\" src=\"https:\/\/d2p6e6u75xmxt8.cloudfront.net\/12\/2020\/05\/e4ddff9bef946218dadf9f6eb91b23ee.jpg\" alt=\"\" width=\"564\" height=\"564\" srcset=\"https:\/\/d2p6e6u75xmxt8.cloudfront.net\/12\/2020\/05\/e4ddff9bef946218dadf9f6eb91b23ee.jpg 564w, https:\/\/d2p6e6u75xmxt8.cloudfront.net\/12\/2020\/05\/e4ddff9bef946218dadf9f6eb91b23ee-150x150.jpg 150w, https:\/\/d2p6e6u75xmxt8.cloudfront.net\/12\/2020\/05\/e4ddff9bef946218dadf9f6eb91b23ee-300x300.jpg 300w\" sizes=\"auto, (max-width: 564px) 100vw, 564px\" \/><\/p>\n<p>7. Mi, ez egy festm\u00e9ny? Mi az, hogy Van Gogh? Ez egy f\u00e9nyk\u00e9p a szob\u00e1mr\u00f3l!<br \/>\n<img loading=\"lazy\" decoding=\"async\" class=\"aligncenter size-full wp-image-7681\" src=\"https:\/\/d2p6e6u75xmxt8.cloudfront.net\/12\/2020\/05\/famous-masterpieces-updated-with-21st-century-gadgets-kim-dong-kyu-1.jpg\" alt=\"\" width=\"605\" height=\"480\" srcset=\"https:\/\/d2p6e6u75xmxt8.cloudfront.net\/12\/2020\/05\/famous-masterpieces-updated-with-21st-century-gadgets-kim-dong-kyu-1.jpg 605w, https:\/\/d2p6e6u75xmxt8.cloudfront.net\/12\/2020\/05\/famous-masterpieces-updated-with-21st-century-gadgets-kim-dong-kyu-1-300x238.jpg 300w\" sizes=\"auto, (max-width: 605px) 100vw, 605px\" \/><\/p>\n<p>Ti melyik festm\u00e9nyen tudn\u00e1tok elk\u00e9pzelni a bicikliteket?<\/p>\n<p><em>Forr\u00e1s: pinterest.com<\/em><\/p>\n","protected":false},"excerpt":{"rendered":"<p>Im\u00e1djuk, ha kreat\u00edv emberek unatkoznak: olyankor sz\u00fcletnek meg azok a k\u00e9pek, amik k\u00f6rbej\u00e1rj\u00e1k az internetet \u00e9s mindenhol mosolyt csalnak az [&hellip;]<\/p>\n","protected":false},"author":71,"featured_media":7683,"comment_status":"open","ping_status":"open","sticky":false,"template":"","format":"standard","meta":{"footnotes":""},"categories":[12],"tags":[],"global-categories":[],"class_list":["post-7674","post","type-post","status-publish","format-standard","has-post-thumbnail","hentry","category-kozosseg-es-kultura"],"yoast_head":"<!-- This site is optimized with the Yoast SEO Premium plugin v25.3 (Yoast SEO v25.9) - https:\/\/yoast.com\/wordpress\/plugins\/seo\/ -->\n<title>Mona Lisa k\u00e9t ker\u00e9ken - \u0160koda We Love Cycling - Magyarorsz\u00e1g<\/title>\n<meta name=\"robots\" content=\"index, follow, max-snippet:-1, max-image-preview:large, max-video-preview:-1\" \/>\n<link rel=\"canonical\" href=\"https:\/\/www.welovecycling.com\/hu\/kozosseg-es-kultura\/mona-lisa-ket-kereken\/\" \/>\n<meta property=\"og:locale\" content=\"hu_HU\" \/>\n<meta property=\"og:type\" content=\"article\" \/>\n<meta property=\"og:title\" content=\"Mona Lisa k\u00e9t ker\u00e9ken\" \/>\n<meta property=\"og:description\" content=\"Im\u00e1djuk, ha kreat\u00edv emberek unatkoznak: olyankor sz\u00fcletnek meg azok a k\u00e9pek, amik k\u00f6rbej\u00e1rj\u00e1k az internetet \u00e9s mindenhol mosolyt csalnak az [&hellip;]\" \/>\n<meta property=\"og:url\" content=\"https:\/\/www.welovecycling.com\/hu\/kozosseg-es-kultura\/mona-lisa-ket-kereken\/\" \/>\n<meta property=\"og:site_name\" content=\"\u0160koda We Love Cycling - Magyarorsz\u00e1g\" \/>\n<meta property=\"article:publisher\" content=\"https:\/\/www.facebook.com\/WeLoveCyclingHungary\/\" \/>\n<meta property=\"article:published_time\" content=\"2020-05-22T07:00:17+00:00\" \/>\n<meta property=\"og:image\" content=\"https:\/\/d2p6e6u75xmxt8.cloudfront.net\/12\/2020\/05\/vintage-bicycle-pavlo-piven.jpg\" \/>\n\t<meta property=\"og:image:width\" content=\"900\" \/>\n\t<meta property=\"og:image:height\" content=\"667\" \/>\n\t<meta property=\"og:image:type\" content=\"image\/jpeg\" \/>\n<meta name=\"author\" content=\"hegyizs\" \/>\n<meta name=\"twitter:card\" content=\"summary_large_image\" \/>\n<meta name=\"twitter:label1\" content=\"Written by\" \/>\n\t<meta name=\"twitter:data1\" content=\"WLC\" \/>\n\t<meta name=\"twitter:label2\" content=\"Est. reading time\" \/>\n\t<meta name=\"twitter:data2\" content=\"2 minutes\" \/>\n<script type=\"application\/ld+json\" class=\"yoast-schema-graph\">{\"@context\":\"https:\/\/schema.org\",\"@graph\":[{\"@type\":\"WebPage\",\"@id\":\"https:\/\/www.welovecycling.com\/hu\/kozosseg-es-kultura\/mona-lisa-ket-kereken\/\",\"url\":\"https:\/\/www.welovecycling.com\/hu\/kozosseg-es-kultura\/mona-lisa-ket-kereken\/\",\"name\":\"Mona Lisa k\u00e9t ker\u00e9ken - \u0160koda We Love Cycling - Magyarorsz\u00e1g\",\"isPartOf\":{\"@id\":\"https:\/\/www.welovecycling.com\/hu\/#website\"},\"primaryImageOfPage\":{\"@id\":\"https:\/\/www.welovecycling.com\/hu\/kozosseg-es-kultura\/mona-lisa-ket-kereken\/#primaryimage\"},\"image\":{\"@id\":\"https:\/\/www.welovecycling.com\/hu\/kozosseg-es-kultura\/mona-lisa-ket-kereken\/#primaryimage\"},\"thumbnailUrl\":\"https:\/\/d2p6e6u75xmxt8.cloudfront.net\/12\/2020\/05\/vintage-bicycle-pavlo-piven.jpg\",\"datePublished\":\"2020-05-22T07:00:17+00:00\",\"author\":{\"@id\":\"https:\/\/www.welovecycling.com\/hu\/#\/schema\/person\/414a2aebf1801691a5320edb6468e194\"},\"breadcrumb\":{\"@id\":\"https:\/\/www.welovecycling.com\/hu\/kozosseg-es-kultura\/mona-lisa-ket-kereken\/#breadcrumb\"},\"inLanguage\":\"hu\",\"potentialAction\":[{\"@type\":\"ReadAction\",\"target\":[\"https:\/\/www.welovecycling.com\/hu\/kozosseg-es-kultura\/mona-lisa-ket-kereken\/\"]}]},{\"@type\":\"ImageObject\",\"inLanguage\":\"hu\",\"@id\":\"https:\/\/www.welovecycling.com\/hu\/kozosseg-es-kultura\/mona-lisa-ket-kereken\/#primaryimage\",\"url\":\"https:\/\/d2p6e6u75xmxt8.cloudfront.net\/12\/2020\/05\/vintage-bicycle-pavlo-piven.jpg\",\"contentUrl\":\"https:\/\/d2p6e6u75xmxt8.cloudfront.net\/12\/2020\/05\/vintage-bicycle-pavlo-piven.jpg\",\"width\":900,\"height\":667},{\"@type\":\"BreadcrumbList\",\"@id\":\"https:\/\/www.welovecycling.com\/hu\/kozosseg-es-kultura\/mona-lisa-ket-kereken\/#breadcrumb\",\"itemListElement\":[{\"@type\":\"ListItem\",\"position\":1,\"name\":\"Home\",\"item\":\"https:\/\/www.welovecycling.com\/hu\/\"},{\"@type\":\"ListItem\",\"position\":2,\"name\":\"Mona Lisa k\u00e9t ker\u00e9ken\"}]},{\"@type\":\"WebSite\",\"@id\":\"https:\/\/www.welovecycling.com\/hu\/#website\",\"url\":\"https:\/\/www.welovecycling.com\/hu\/\",\"name\":\"\u0160koda We Love Cycling - Magyarorsz\u00e1g\",\"description\":\"\u0160koda WeLoveCycling\",\"potentialAction\":[{\"@type\":\"SearchAction\",\"target\":{\"@type\":\"EntryPoint\",\"urlTemplate\":\"https:\/\/www.welovecycling.com\/hu\/?s={search_term_string}\"},\"query-input\":{\"@type\":\"PropertyValueSpecification\",\"valueRequired\":true,\"valueName\":\"search_term_string\"}}],\"inLanguage\":\"hu\"},{\"@type\":\"Person\",\"@id\":\"https:\/\/www.welovecycling.com\/hu\/#\/schema\/person\/414a2aebf1801691a5320edb6468e194\",\"name\":\"hegyizs\",\"image\":{\"@type\":\"ImageObject\",\"inLanguage\":\"hu\",\"@id\":\"https:\/\/www.welovecycling.com\/hu\/#\/schema\/person\/image\/\",\"url\":\"https:\/\/secure.gravatar.com\/avatar\/02cf8a7906b8cf90cecb4679defac7cfd33a1c2e3b88e4903d947f3bb58eedd3?s=96&d=mm&r=g\",\"contentUrl\":\"https:\/\/secure.gravatar.com\/avatar\/02cf8a7906b8cf90cecb4679defac7cfd33a1c2e3b88e4903d947f3bb58eedd3?s=96&d=mm&r=g\",\"caption\":\"hegyizs\"},\"url\":\"https:\/\/www.welovecycling.com\/hu\/author\/hegyizs\/\"}]}<\/script>\n<!-- \/ Yoast SEO Premium plugin. -->","yoast_head_json":{"title":"Mona Lisa k\u00e9t ker\u00e9ken - \u0160koda We Love Cycling - Magyarorsz\u00e1g","robots":{"index":"index","follow":"follow","max-snippet":"max-snippet:-1","max-image-preview":"max-image-preview:large","max-video-preview":"max-video-preview:-1"},"canonical":"https:\/\/www.welovecycling.com\/hu\/kozosseg-es-kultura\/mona-lisa-ket-kereken\/","og_locale":"hu_HU","og_type":"article","og_title":"Mona Lisa k\u00e9t ker\u00e9ken","og_description":"Im\u00e1djuk, ha kreat\u00edv emberek unatkoznak: olyankor sz\u00fcletnek meg azok a k\u00e9pek, amik k\u00f6rbej\u00e1rj\u00e1k az internetet \u00e9s mindenhol mosolyt csalnak az [&hellip;]","og_url":"https:\/\/www.welovecycling.com\/hu\/kozosseg-es-kultura\/mona-lisa-ket-kereken\/","og_site_name":"\u0160koda We Love Cycling - Magyarorsz\u00e1g","article_publisher":"https:\/\/www.facebook.com\/WeLoveCyclingHungary\/","article_published_time":"2020-05-22T07:00:17+00:00","og_image":[{"width":900,"height":667,"url":"https:\/\/d2p6e6u75xmxt8.cloudfront.net\/12\/2020\/05\/vintage-bicycle-pavlo-piven.jpg","type":"image\/jpeg"}],"author":"hegyizs","twitter_card":"summary_large_image","twitter_misc":{"Written by":"WLC","Est. reading time":"2 minutes"},"schema":{"@context":"https:\/\/schema.org","@graph":[{"@type":"WebPage","@id":"https:\/\/www.welovecycling.com\/hu\/kozosseg-es-kultura\/mona-lisa-ket-kereken\/","url":"https:\/\/www.welovecycling.com\/hu\/kozosseg-es-kultura\/mona-lisa-ket-kereken\/","name":"Mona Lisa k\u00e9t ker\u00e9ken - \u0160koda We Love Cycling - Magyarorsz\u00e1g","isPartOf":{"@id":"https:\/\/www.welovecycling.com\/hu\/#website"},"primaryImageOfPage":{"@id":"https:\/\/www.welovecycling.com\/hu\/kozosseg-es-kultura\/mona-lisa-ket-kereken\/#primaryimage"},"image":{"@id":"https:\/\/www.welovecycling.com\/hu\/kozosseg-es-kultura\/mona-lisa-ket-kereken\/#primaryimage"},"thumbnailUrl":"https:\/\/d2p6e6u75xmxt8.cloudfront.net\/12\/2020\/05\/vintage-bicycle-pavlo-piven.jpg","datePublished":"2020-05-22T07:00:17+00:00","author":{"@id":"https:\/\/www.welovecycling.com\/hu\/#\/schema\/person\/414a2aebf1801691a5320edb6468e194"},"breadcrumb":{"@id":"https:\/\/www.welovecycling.com\/hu\/kozosseg-es-kultura\/mona-lisa-ket-kereken\/#breadcrumb"},"inLanguage":"hu","potentialAction":[{"@type":"ReadAction","target":["https:\/\/www.welovecycling.com\/hu\/kozosseg-es-kultura\/mona-lisa-ket-kereken\/"]}]},{"@type":"ImageObject","inLanguage":"hu","@id":"https:\/\/www.welovecycling.com\/hu\/kozosseg-es-kultura\/mona-lisa-ket-kereken\/#primaryimage","url":"https:\/\/d2p6e6u75xmxt8.cloudfront.net\/12\/2020\/05\/vintage-bicycle-pavlo-piven.jpg","contentUrl":"https:\/\/d2p6e6u75xmxt8.cloudfront.net\/12\/2020\/05\/vintage-bicycle-pavlo-piven.jpg","width":900,"height":667},{"@type":"BreadcrumbList","@id":"https:\/\/www.welovecycling.com\/hu\/kozosseg-es-kultura\/mona-lisa-ket-kereken\/#breadcrumb","itemListElement":[{"@type":"ListItem","position":1,"name":"Home","item":"https:\/\/www.welovecycling.com\/hu\/"},{"@type":"ListItem","position":2,"name":"Mona Lisa k\u00e9t ker\u00e9ken"}]},{"@type":"WebSite","@id":"https:\/\/www.welovecycling.com\/hu\/#website","url":"https:\/\/www.welovecycling.com\/hu\/","name":"\u0160koda We Love Cycling - Magyarorsz\u00e1g","description":"\u0160koda WeLoveCycling","potentialAction":[{"@type":"SearchAction","target":{"@type":"EntryPoint","urlTemplate":"https:\/\/www.welovecycling.com\/hu\/?s={search_term_string}"},"query-input":{"@type":"PropertyValueSpecification","valueRequired":true,"valueName":"search_term_string"}}],"inLanguage":"hu"},{"@type":"Person","@id":"https:\/\/www.welovecycling.com\/hu\/#\/schema\/person\/414a2aebf1801691a5320edb6468e194","name":"hegyizs","image":{"@type":"ImageObject","inLanguage":"hu","@id":"https:\/\/www.welovecycling.com\/hu\/#\/schema\/person\/image\/","url":"https:\/\/secure.gravatar.com\/avatar\/02cf8a7906b8cf90cecb4679defac7cfd33a1c2e3b88e4903d947f3bb58eedd3?s=96&d=mm&r=g","contentUrl":"https:\/\/secure.gravatar.com\/avatar\/02cf8a7906b8cf90cecb4679defac7cfd33a1c2e3b88e4903d947f3bb58eedd3?s=96&d=mm&r=g","caption":"hegyizs"},"url":"https:\/\/www.welovecycling.com\/hu\/author\/hegyizs\/"}]}},"_links":{"self":[{"href":"https:\/\/www.welovecycling.com\/hu\/wp-json\/wp\/v2\/posts\/7674","targetHints":{"allow":["GET"]}}],"collection":[{"href":"https:\/\/www.welovecycling.com\/hu\/wp-json\/wp\/v2\/posts"}],"about":[{"href":"https:\/\/www.welovecycling.com\/hu\/wp-json\/wp\/v2\/types\/post"}],"author":[{"embeddable":true,"href":"https:\/\/www.welovecycling.com\/hu\/wp-json\/wp\/v2\/users\/71"}],"replies":[{"embeddable":true,"href":"https:\/\/www.welovecycling.com\/hu\/wp-json\/wp\/v2\/comments?post=7674"}],"version-history":[{"count":2,"href":"https:\/\/www.welovecycling.com\/hu\/wp-json\/wp\/v2\/posts\/7674\/revisions"}],"predecessor-version":[{"id":7687,"href":"https:\/\/www.welovecycling.com\/hu\/wp-json\/wp\/v2\/posts\/7674\/revisions\/7687"}],"wp:featuredmedia":[{"embeddable":true,"href":"https:\/\/www.welovecycling.com\/hu\/wp-json\/wp\/v2\/media\/7683"}],"wp:attachment":[{"href":"https:\/\/www.welovecycling.com\/hu\/wp-json\/wp\/v2\/media?parent=7674"}],"wp:term":[{"taxonomy":"category","embeddable":true,"href":"https:\/\/www.welovecycling.com\/hu\/wp-json\/wp\/v2\/categories?post=7674"},{"taxonomy":"post_tag","embeddable":true,"href":"https:\/\/www.welovecycling.com\/hu\/wp-json\/wp\/v2\/tags?post=7674"},{"taxonomy":"global-categories","embeddable":true,"href":"https:\/\/www.welovecycling.com\/hu\/wp-json\/wp\/v2\/global-categories?post=7674"}],"curies":[{"name":"wp","href":"https:\/\/api.w.org\/{rel}","templated":true}]}}