{"id":7659,"date":"2020-05-24T08:00:12","date_gmt":"2020-05-24T07:00:12","guid":{"rendered":"https:\/\/www.welovecycling.com\/hu\/?p=7659"},"modified":"2020-05-18T10:46:32","modified_gmt":"2020-05-18T09:46:32","slug":"a-beke-fele-kerekparut-vezet","status":"publish","type":"post","link":"https:\/\/www.welovecycling.com\/hu\/kozosseg-es-kultura\/a-beke-fele-kerekparut-vezet\/","title":{"rendered":"A b\u00e9ke fel\u00e9 ker\u00e9kp\u00e1r\u00fat vezet"},"content":{"rendered":"<p><strong>Az ut\u00f3bbi id\u0151ben nem sok j\u00f3 h\u00edr \u00e9rkezett K\u00f6z\u00e9p-Keletr\u0151l \u2013 s\u0151t, val\u00f3j\u00e1ban m\u00e1shonnan sem \u2013 az izraeliek \u00e9s palesztinok k\u00f6z\u00f6tti \u00e9vsz\u00e1zados ellent\u00e9t tov\u00e1bbra is fenn\u00e1ll. De a sz\u00ednfalak m\u00f6g\u00f6tt m\u00e9giscsak t\u00f6rt\u00e9nt v\u00e1ltoz\u00e1s. Sz\u00e1mos kezdem\u00e9nyez\u00e9s indult a politikai k\u00fcl\u00f6nbs\u00e9gek \u00e9s a szem\u00e9lyes ellens\u00e9gesked\u00e9s visszaszor\u00edt\u00e1s\u00e1ra, a fesz\u00fclts\u00e9g cs\u00f6kkent\u00e9s\u00e9re. \u00c9s ezek k\u00f6z\u00fcl n\u00e9h\u00e1ny a ker\u00e9kp\u00e1rokat is bevonta.<\/strong><!--more--><\/p>\n<p>A ker\u00e9kp\u00e1roz\u00e1s nagy n\u00e9pszer\u0171s\u00e9gnek \u00f6rvend Izraelben, az orsz\u00e1g a 2018-as Giro d\u2019italia kiindul\u00f3pontja volt. Az Izraeli Ker\u00e9kp\u00e1ros Sz\u00f6vets\u00e9g 74 klubja k\u00f6z\u00fcl 14 arab v\u00e1rosokban \u00e9s falvakban j\u00f6tt l\u00e9tre. A legnagyobb Izrael \u00e9szaki r\u00e9sz\u00e9n tal\u00e1lhat\u00f3 arab Shfaram sz\u00e9khely\u0171 Shfaram Riders, 139 enged\u00e9llyel rendelkez\u0151 versenyz\u0151j\u00e9vel.<\/p>\n<figure id=\"attachment_7661\" aria-describedby=\"caption-attachment-7661\" style=\"width: 1250px\" class=\"wp-caption alignnone\"><img loading=\"lazy\" decoding=\"async\" class=\"size-full wp-image-7661\" src=\"https:\/\/d2p6e6u75xmxt8.cloudfront.net\/12\/2020\/05\/Giro-Israel-profimedia-0370582215.jpg\" alt=\"\" width=\"1250\" height=\"833\" srcset=\"https:\/\/d2p6e6u75xmxt8.cloudfront.net\/12\/2020\/05\/Giro-Israel-profimedia-0370582215.jpg 1250w, https:\/\/d2p6e6u75xmxt8.cloudfront.net\/12\/2020\/05\/Giro-Israel-profimedia-0370582215-300x200.jpg 300w, https:\/\/d2p6e6u75xmxt8.cloudfront.net\/12\/2020\/05\/Giro-Israel-profimedia-0370582215-768x512.jpg 768w, https:\/\/d2p6e6u75xmxt8.cloudfront.net\/12\/2020\/05\/Giro-Israel-profimedia-0370582215-1024x682.jpg 1024w, https:\/\/d2p6e6u75xmxt8.cloudfront.net\/12\/2020\/05\/Giro-Israel-profimedia-0370582215-272x182.jpg 272w\" sizes=\"auto, (max-width: 1250px) 100vw, 1250px\" \/><figcaption id=\"caption-attachment-7661\" class=\"wp-caption-text\"><em>A 2018-as Giro d\u2019Italia id\u0151futama Jeruzs\u00e1lemben. \u00a9 Thomas COEX \/ AFP \/ Profimedia<\/em><\/figcaption><\/figure>\n<p>A Shfaram Riders lett az els\u0151 arab sz\u00e9khely\u0171 klub, amely megkapta a 2020-as XCO izraeli nemzeti bajnoks\u00e1g rendez\u00e9s\u00e9nek jog\u00e1t. A versenyt eredetileg j\u00fanius 5-re tervezt\u00e9k, azonban a j\u00e1rv\u00e1ny miatt k\u00e9nytelenek lesznek elhalasztani.<\/p>\n<p>Ezenk\u00edv\u00fcl az izraeli nemzeti f\u00e9rfi-csapatban sz\u00e1mos arab versenyz\u0151 kapott helyet. Egyik\u00fck, a 20 \u00e9ves Saned abu Fares, aki Druze v\u00e1ros\u00e1b\u00f3l sz\u00e1rmazik, az UCI Continental Team Israel Cycling Academy tagja is. K\u00e9t \u00e9vvel ezel\u0151tt m\u00e1sodik lett az U23 Izraeli Nemzeti Bajnoks\u00e1g egynapos pr\u00f3baverzi\u00f3j\u00e1n, \u00e9s ugyanebben az \u00e9vben szint\u00e9n ez\u00fcst\u00f6t nyert az U23-as orsz\u00e1g\u00fati versenyen.<\/p>\n<p>R\u00e1ad\u00e1sul az izraeli Ker\u00e9kp\u00e1ros Sz\u00f6vets\u00e9g felkereste a palesztin ter\u00fcleteken \u00e9l\u0151 ker\u00e9kp\u00e1rosokat \u00e9s felk\u00e9rte \u0151ket, hogy vegyenek r\u00e9szt minden ker\u00e9kp\u00e1ros esem\u00e9nyen.<\/p>\n<lite-youtube videoid=93OtfpFtFSU params=\"enablejsapi=1\" style=\"background-image: url('https:\/\/i.ytimg.com\/vi_webp\/93OtfpFtFSU\/maxresdefault.webp');\"><\/lite-youtube>\n<p>Azt\u00e1n persze ott van m\u00e9g a Gino Bartali Vezet\u0151k\u00e9pz\u0151 iskola is, a nagy tiszteletnek \u00f6rvend\u0151 Ben Shemen Youth faluban, ahol a diplom\u00e1s fiatalok mellett a volt izraeli minisztereln\u00f6k \u00e9s a Nobel-b\u00e9ked\u00edjas Shimon Pereset \u00e9l.<\/p>\n<p>Ez az iskola a legend\u00e1s olasz orsz\u00e1g\u00fatisr\u00f3l kapta a nev\u00e9t, aki h\u00e1romszor megnyerte a Giro-t \u00e9s k\u00e9tszer a Tour-t. Ezzel \u0151 lett az egyetlen, aki mindk\u00e9t versenyen gy\u0151zedelmeskedett a m\u00e1sodik vil\u00e1gh\u00e1bor\u00fa el\u0151tt \u00e9s ut\u00e1n is.<\/p>\n<p>2013-ban, 13 \u00e9vvel a hal\u00e1la ut\u00e1n, Bartalit nyilv\u00e1nosan is kit\u00fcntett\u00e9k egy Holokauszt-megeml\u00e9kez\u00e9sen, az olasz zsid\u00f3k \u00e9rdek\u00e9ben tett er\u0151fesz\u00edt\u00e9sei\u00e9rt. Egyebek mellett Bartali egy zsid\u00f3 csal\u00e1dot b\u00fajtatott a padl\u00e1s\u00e1n a h\u00e1bor\u00fa alatt \u00e9s ker\u00e9kp\u00e1rja v\u00e1z\u00e1ba rejtve sz\u00e1ll\u00edtott dokumentumokat az olasz ellen\u00e1ll\u00e1s r\u00e9sz\u00e9re.<\/p>\n<figure id=\"attachment_7171\" aria-describedby=\"caption-attachment-7171\" style=\"width: 1250px\" class=\"wp-caption alignnone\"><img loading=\"lazy\" decoding=\"async\" class=\"size-full wp-image-7171\" src=\"https:\/\/d2p6e6u75xmxt8.cloudfront.net\/12\/2020\/03\/profimedia-0067993549.jpg\" alt=\"\" width=\"1250\" height=\"838\" srcset=\"https:\/\/d2p6e6u75xmxt8.cloudfront.net\/12\/2020\/03\/profimedia-0067993549.jpg 1250w, https:\/\/d2p6e6u75xmxt8.cloudfront.net\/12\/2020\/03\/profimedia-0067993549-300x201.jpg 300w, https:\/\/d2p6e6u75xmxt8.cloudfront.net\/12\/2020\/03\/profimedia-0067993549-768x515.jpg 768w, https:\/\/d2p6e6u75xmxt8.cloudfront.net\/12\/2020\/03\/profimedia-0067993549-1024x686.jpg 1024w, https:\/\/d2p6e6u75xmxt8.cloudfront.net\/12\/2020\/03\/profimedia-0067993549-272x182.jpg 272w\" sizes=\"auto, (max-width: 1250px) 100vw, 1250px\" \/><figcaption id=\"caption-attachment-7171\" class=\"wp-caption-text\">Gino Bartali, 1939.\u00a0\u00a9 Profimedia, AFP<\/figcaption><\/figure>\n<p>Nem is lehetne jobb n\u00e9vad\u00f3ja az iskol\u00e1nak, ami azokat a fiatalokat t\u00e1mogatja, <em>\u201eakik m\u00e1s t\u00e1rsadalmi h\u00e1tt\u00e9rrel rendelkeznek, m\u00e1s nyelvet besz\u00e9lnek \u00e9s egy fed\u00e9l alatt \u00e9lnek, hogy egy\u00fctt harcoljanak a szoci\u00e1lis szakad\u00e9kok megsz\u00fcntet\u00e9s\u00e9\u00e9rt.\u201d<\/em><\/p>\n<p>A tanul\u00f3k <em>\u201emegtanulj\u00e1k a multikulturalizmus erej\u00e9t, a tiszteletet, a meg\u00e9rt\u00e9st \u00e9s az er\u0151szakmentes konfliktuskezel\u00e9st.\u201d <\/em>\u00c9s sokat bicikliznek.<\/p>\n<p>El\u0151sz\u00f6r is, rendelkeznek mindenf\u00e9le eszk\u00f6zzel \u00e9s profi edz\u0151k tan\u00edtj\u00e1k \u0151ket. Hetente 4 alkalommal tekernek, k\u00e9tszer pedig belt\u00e9ri edz\u00e9sen vesznek r\u00e9szt. Emellett heti egyszer orsz\u00e1g\u00faton edzenek, \u00e9s 15 edz\u0151t\u00e1bort tartanak a szezon alatt. Gino Bartali b\u00fcszke lenne r\u00e1juk!<\/p>\n<p>Mindez apr\u00f3s\u00e1gnak t\u0171nhet a mindent \u00e1tsz\u00f6v\u0151 probl\u00e9m\u00e1k mellett, amik egym\u00e1s ellen ford\u00edtj\u00e1k az embereket. De az ellens\u00e9gesked\u00e9s \u00e9s az elutas\u00edt\u00e1s tanult dolog, \u00e9vsz\u00e1zadok \u00f3ta bev\u00e9s\u0151d\u00f6tt rossz szok\u00e1s. Fontos l\u00e9p\u00e9sek teh\u00e1t a felsoroltak, hogy a fiatal gener\u00e1ci\u00f3k ne \u00e9ljenek vel\u00fck!<\/p>\n","protected":false},"excerpt":{"rendered":"<p>Az ut\u00f3bbi id\u0151ben nem sok j\u00f3 h\u00edr \u00e9rkezett K\u00f6z\u00e9p-Keletr\u0151l \u2013 s\u0151t, val\u00f3j\u00e1ban m\u00e1shonnan sem \u2013 az izraeliek \u00e9s palesztinok k\u00f6z\u00f6tti [&hellip;]<\/p>\n","protected":false},"author":71,"featured_media":7663,"comment_status":"open","ping_status":"open","sticky":false,"template":"","format":"standard","meta":{"footnotes":""},"categories":[12],"tags":[],"global-categories":[],"class_list":["post-7659","post","type-post","status-publish","format-standard","has-post-thumbnail","hentry","category-kozosseg-es-kultura"],"yoast_head":"<!-- This site is optimized with the Yoast SEO Premium plugin v25.3 (Yoast SEO v25.9) - https:\/\/yoast.com\/wordpress\/plugins\/seo\/ -->\n<title>A b\u00e9ke fel\u00e9 ker\u00e9kp\u00e1r\u00fat vezet - \u0160koda We Love Cycling - Magyarorsz\u00e1g<\/title>\n<meta name=\"robots\" content=\"index, follow, max-snippet:-1, max-image-preview:large, max-video-preview:-1\" \/>\n<link rel=\"canonical\" href=\"https:\/\/www.welovecycling.com\/hu\/kozosseg-es-kultura\/a-beke-fele-kerekparut-vezet\/\" \/>\n<meta property=\"og:locale\" content=\"hu_HU\" \/>\n<meta property=\"og:type\" content=\"article\" \/>\n<meta property=\"og:title\" content=\"A b\u00e9ke fel\u00e9 ker\u00e9kp\u00e1r\u00fat vezet\" \/>\n<meta property=\"og:description\" content=\"Az ut\u00f3bbi id\u0151ben nem sok j\u00f3 h\u00edr \u00e9rkezett K\u00f6z\u00e9p-Keletr\u0151l \u2013 s\u0151t, val\u00f3j\u00e1ban m\u00e1shonnan sem \u2013 az izraeliek \u00e9s palesztinok k\u00f6z\u00f6tti [&hellip;]\" \/>\n<meta property=\"og:url\" content=\"https:\/\/www.welovecycling.com\/hu\/kozosseg-es-kultura\/a-beke-fele-kerekparut-vezet\/\" \/>\n<meta property=\"og:site_name\" content=\"\u0160koda We Love Cycling - Magyarorsz\u00e1g\" \/>\n<meta property=\"article:publisher\" content=\"https:\/\/www.facebook.com\/WeLoveCyclingHungary\/\" \/>\n<meta property=\"article:published_time\" content=\"2020-05-24T07:00:12+00:00\" \/>\n<meta property=\"og:image\" content=\"https:\/\/d2p6e6u75xmxt8.cloudfront.net\/12\/2020\/05\/bartali-school-cvr.jpg\" \/>\n\t<meta property=\"og:image:width\" content=\"1366\" \/>\n\t<meta property=\"og:image:height\" content=\"600\" \/>\n\t<meta property=\"og:image:type\" content=\"image\/jpeg\" \/>\n<meta name=\"author\" content=\"hegyizs\" \/>\n<meta name=\"twitter:card\" content=\"summary_large_image\" \/>\n<meta name=\"twitter:label1\" content=\"Written by\" \/>\n\t<meta name=\"twitter:data1\" content=\"Siegfried Mortkowitz\" \/>\n\t<meta name=\"twitter:label2\" content=\"Est. reading time\" \/>\n\t<meta name=\"twitter:data2\" content=\"7\" \/>\n<script type=\"application\/ld+json\" class=\"yoast-schema-graph\">{\"@context\":\"https:\/\/schema.org\",\"@graph\":[{\"@type\":\"WebPage\",\"@id\":\"https:\/\/www.welovecycling.com\/hu\/kozosseg-es-kultura\/a-beke-fele-kerekparut-vezet\/\",\"url\":\"https:\/\/www.welovecycling.com\/hu\/kozosseg-es-kultura\/a-beke-fele-kerekparut-vezet\/\",\"name\":\"A b\u00e9ke fel\u00e9 ker\u00e9kp\u00e1r\u00fat vezet - \u0160koda We Love Cycling - Magyarorsz\u00e1g\",\"isPartOf\":{\"@id\":\"https:\/\/www.welovecycling.com\/hu\/#website\"},\"primaryImageOfPage\":{\"@id\":\"https:\/\/www.welovecycling.com\/hu\/kozosseg-es-kultura\/a-beke-fele-kerekparut-vezet\/#primaryimage\"},\"image\":{\"@id\":\"https:\/\/www.welovecycling.com\/hu\/kozosseg-es-kultura\/a-beke-fele-kerekparut-vezet\/#primaryimage\"},\"thumbnailUrl\":\"https:\/\/d2p6e6u75xmxt8.cloudfront.net\/12\/2020\/05\/bartali-school-cvr.jpg\",\"datePublished\":\"2020-05-24T07:00:12+00:00\",\"author\":{\"@id\":\"https:\/\/www.welovecycling.com\/hu\/#\/schema\/person\/414a2aebf1801691a5320edb6468e194\"},\"breadcrumb\":{\"@id\":\"https:\/\/www.welovecycling.com\/hu\/kozosseg-es-kultura\/a-beke-fele-kerekparut-vezet\/#breadcrumb\"},\"inLanguage\":\"hu\",\"potentialAction\":[{\"@type\":\"ReadAction\",\"target\":[\"https:\/\/www.welovecycling.com\/hu\/kozosseg-es-kultura\/a-beke-fele-kerekparut-vezet\/\"]}]},{\"@type\":\"ImageObject\",\"inLanguage\":\"hu\",\"@id\":\"https:\/\/www.welovecycling.com\/hu\/kozosseg-es-kultura\/a-beke-fele-kerekparut-vezet\/#primaryimage\",\"url\":\"https:\/\/d2p6e6u75xmxt8.cloudfront.net\/12\/2020\/05\/bartali-school-cvr.jpg\",\"contentUrl\":\"https:\/\/d2p6e6u75xmxt8.cloudfront.net\/12\/2020\/05\/bartali-school-cvr.jpg\",\"width\":1366,\"height\":600},{\"@type\":\"BreadcrumbList\",\"@id\":\"https:\/\/www.welovecycling.com\/hu\/kozosseg-es-kultura\/a-beke-fele-kerekparut-vezet\/#breadcrumb\",\"itemListElement\":[{\"@type\":\"ListItem\",\"position\":1,\"name\":\"Home\",\"item\":\"https:\/\/www.welovecycling.com\/hu\/\"},{\"@type\":\"ListItem\",\"position\":2,\"name\":\"A b\u00e9ke fel\u00e9 ker\u00e9kp\u00e1r\u00fat vezet\"}]},{\"@type\":\"WebSite\",\"@id\":\"https:\/\/www.welovecycling.com\/hu\/#website\",\"url\":\"https:\/\/www.welovecycling.com\/hu\/\",\"name\":\"\u0160koda We Love Cycling - Magyarorsz\u00e1g\",\"description\":\"\u0160koda WeLoveCycling\",\"potentialAction\":[{\"@type\":\"SearchAction\",\"target\":{\"@type\":\"EntryPoint\",\"urlTemplate\":\"https:\/\/www.welovecycling.com\/hu\/?s={search_term_string}\"},\"query-input\":{\"@type\":\"PropertyValueSpecification\",\"valueRequired\":true,\"valueName\":\"search_term_string\"}}],\"inLanguage\":\"hu\"},{\"@type\":\"Person\",\"@id\":\"https:\/\/www.welovecycling.com\/hu\/#\/schema\/person\/414a2aebf1801691a5320edb6468e194\",\"name\":\"hegyizs\",\"image\":{\"@type\":\"ImageObject\",\"inLanguage\":\"hu\",\"@id\":\"https:\/\/www.welovecycling.com\/hu\/#\/schema\/person\/image\/\",\"url\":\"https:\/\/secure.gravatar.com\/avatar\/02cf8a7906b8cf90cecb4679defac7cfd33a1c2e3b88e4903d947f3bb58eedd3?s=96&d=mm&r=g\",\"contentUrl\":\"https:\/\/secure.gravatar.com\/avatar\/02cf8a7906b8cf90cecb4679defac7cfd33a1c2e3b88e4903d947f3bb58eedd3?s=96&d=mm&r=g\",\"caption\":\"hegyizs\"},\"url\":\"https:\/\/www.welovecycling.com\/hu\/author\/hegyizs\/\"}]}<\/script>\n<!-- \/ Yoast SEO Premium plugin. -->","yoast_head_json":{"title":"A b\u00e9ke fel\u00e9 ker\u00e9kp\u00e1r\u00fat vezet - \u0160koda We Love Cycling - Magyarorsz\u00e1g","robots":{"index":"index","follow":"follow","max-snippet":"max-snippet:-1","max-image-preview":"max-image-preview:large","max-video-preview":"max-video-preview:-1"},"canonical":"https:\/\/www.welovecycling.com\/hu\/kozosseg-es-kultura\/a-beke-fele-kerekparut-vezet\/","og_locale":"hu_HU","og_type":"article","og_title":"A b\u00e9ke fel\u00e9 ker\u00e9kp\u00e1r\u00fat vezet","og_description":"Az ut\u00f3bbi id\u0151ben nem sok j\u00f3 h\u00edr \u00e9rkezett K\u00f6z\u00e9p-Keletr\u0151l \u2013 s\u0151t, val\u00f3j\u00e1ban m\u00e1shonnan sem \u2013 az izraeliek \u00e9s palesztinok k\u00f6z\u00f6tti [&hellip;]","og_url":"https:\/\/www.welovecycling.com\/hu\/kozosseg-es-kultura\/a-beke-fele-kerekparut-vezet\/","og_site_name":"\u0160koda We Love Cycling - Magyarorsz\u00e1g","article_publisher":"https:\/\/www.facebook.com\/WeLoveCyclingHungary\/","article_published_time":"2020-05-24T07:00:12+00:00","og_image":[{"width":1366,"height":600,"url":"https:\/\/d2p6e6u75xmxt8.cloudfront.net\/12\/2020\/05\/bartali-school-cvr.jpg","type":"image\/jpeg"}],"author":"hegyizs","twitter_card":"summary_large_image","twitter_misc":{"Written by":"Siegfried Mortkowitz","Est. reading time":"7"},"schema":{"@context":"https:\/\/schema.org","@graph":[{"@type":"WebPage","@id":"https:\/\/www.welovecycling.com\/hu\/kozosseg-es-kultura\/a-beke-fele-kerekparut-vezet\/","url":"https:\/\/www.welovecycling.com\/hu\/kozosseg-es-kultura\/a-beke-fele-kerekparut-vezet\/","name":"A b\u00e9ke fel\u00e9 ker\u00e9kp\u00e1r\u00fat vezet - \u0160koda We Love Cycling - Magyarorsz\u00e1g","isPartOf":{"@id":"https:\/\/www.welovecycling.com\/hu\/#website"},"primaryImageOfPage":{"@id":"https:\/\/www.welovecycling.com\/hu\/kozosseg-es-kultura\/a-beke-fele-kerekparut-vezet\/#primaryimage"},"image":{"@id":"https:\/\/www.welovecycling.com\/hu\/kozosseg-es-kultura\/a-beke-fele-kerekparut-vezet\/#primaryimage"},"thumbnailUrl":"https:\/\/d2p6e6u75xmxt8.cloudfront.net\/12\/2020\/05\/bartali-school-cvr.jpg","datePublished":"2020-05-24T07:00:12+00:00","author":{"@id":"https:\/\/www.welovecycling.com\/hu\/#\/schema\/person\/414a2aebf1801691a5320edb6468e194"},"breadcrumb":{"@id":"https:\/\/www.welovecycling.com\/hu\/kozosseg-es-kultura\/a-beke-fele-kerekparut-vezet\/#breadcrumb"},"inLanguage":"hu","potentialAction":[{"@type":"ReadAction","target":["https:\/\/www.welovecycling.com\/hu\/kozosseg-es-kultura\/a-beke-fele-kerekparut-vezet\/"]}]},{"@type":"ImageObject","inLanguage":"hu","@id":"https:\/\/www.welovecycling.com\/hu\/kozosseg-es-kultura\/a-beke-fele-kerekparut-vezet\/#primaryimage","url":"https:\/\/d2p6e6u75xmxt8.cloudfront.net\/12\/2020\/05\/bartali-school-cvr.jpg","contentUrl":"https:\/\/d2p6e6u75xmxt8.cloudfront.net\/12\/2020\/05\/bartali-school-cvr.jpg","width":1366,"height":600},{"@type":"BreadcrumbList","@id":"https:\/\/www.welovecycling.com\/hu\/kozosseg-es-kultura\/a-beke-fele-kerekparut-vezet\/#breadcrumb","itemListElement":[{"@type":"ListItem","position":1,"name":"Home","item":"https:\/\/www.welovecycling.com\/hu\/"},{"@type":"ListItem","position":2,"name":"A b\u00e9ke fel\u00e9 ker\u00e9kp\u00e1r\u00fat vezet"}]},{"@type":"WebSite","@id":"https:\/\/www.welovecycling.com\/hu\/#website","url":"https:\/\/www.welovecycling.com\/hu\/","name":"\u0160koda We Love Cycling - Magyarorsz\u00e1g","description":"\u0160koda WeLoveCycling","potentialAction":[{"@type":"SearchAction","target":{"@type":"EntryPoint","urlTemplate":"https:\/\/www.welovecycling.com\/hu\/?s={search_term_string}"},"query-input":{"@type":"PropertyValueSpecification","valueRequired":true,"valueName":"search_term_string"}}],"inLanguage":"hu"},{"@type":"Person","@id":"https:\/\/www.welovecycling.com\/hu\/#\/schema\/person\/414a2aebf1801691a5320edb6468e194","name":"hegyizs","image":{"@type":"ImageObject","inLanguage":"hu","@id":"https:\/\/www.welovecycling.com\/hu\/#\/schema\/person\/image\/","url":"https:\/\/secure.gravatar.com\/avatar\/02cf8a7906b8cf90cecb4679defac7cfd33a1c2e3b88e4903d947f3bb58eedd3?s=96&d=mm&r=g","contentUrl":"https:\/\/secure.gravatar.com\/avatar\/02cf8a7906b8cf90cecb4679defac7cfd33a1c2e3b88e4903d947f3bb58eedd3?s=96&d=mm&r=g","caption":"hegyizs"},"url":"https:\/\/www.welovecycling.com\/hu\/author\/hegyizs\/"}]}},"_links":{"self":[{"href":"https:\/\/www.welovecycling.com\/hu\/wp-json\/wp\/v2\/posts\/7659","targetHints":{"allow":["GET"]}}],"collection":[{"href":"https:\/\/www.welovecycling.com\/hu\/wp-json\/wp\/v2\/posts"}],"about":[{"href":"https:\/\/www.welovecycling.com\/hu\/wp-json\/wp\/v2\/types\/post"}],"author":[{"embeddable":true,"href":"https:\/\/www.welovecycling.com\/hu\/wp-json\/wp\/v2\/users\/71"}],"replies":[{"embeddable":true,"href":"https:\/\/www.welovecycling.com\/hu\/wp-json\/wp\/v2\/comments?post=7659"}],"version-history":[{"count":2,"href":"https:\/\/www.welovecycling.com\/hu\/wp-json\/wp\/v2\/posts\/7659\/revisions"}],"predecessor-version":[{"id":7673,"href":"https:\/\/www.welovecycling.com\/hu\/wp-json\/wp\/v2\/posts\/7659\/revisions\/7673"}],"wp:featuredmedia":[{"embeddable":true,"href":"https:\/\/www.welovecycling.com\/hu\/wp-json\/wp\/v2\/media\/7663"}],"wp:attachment":[{"href":"https:\/\/www.welovecycling.com\/hu\/wp-json\/wp\/v2\/media?parent=7659"}],"wp:term":[{"taxonomy":"category","embeddable":true,"href":"https:\/\/www.welovecycling.com\/hu\/wp-json\/wp\/v2\/categories?post=7659"},{"taxonomy":"post_tag","embeddable":true,"href":"https:\/\/www.welovecycling.com\/hu\/wp-json\/wp\/v2\/tags?post=7659"},{"taxonomy":"global-categories","embeddable":true,"href":"https:\/\/www.welovecycling.com\/hu\/wp-json\/wp\/v2\/global-categories?post=7659"}],"curies":[{"name":"wp","href":"https:\/\/api.w.org\/{rel}","templated":true}]}}