{"id":7655,"date":"2020-05-21T08:00:16","date_gmt":"2020-05-21T07:00:16","guid":{"rendered":"https:\/\/www.welovecycling.com\/hu\/?p=7655"},"modified":"2020-05-18T10:42:57","modified_gmt":"2020-05-18T09:42:57","slug":"az-elso-ember-velocipeden-a-vilag-korul","status":"publish","type":"post","link":"https:\/\/www.welovecycling.com\/hu\/orszaguti-kerekpar\/az-elso-ember-velocipeden-a-vilag-korul\/","title":{"rendered":"Az els\u0151 ember velocip\u00e9den, a vil\u00e1g k\u00f6r\u00fcl"},"content":{"rendered":"<p><strong>Thomas Stevens Angli\u00e1ban sz\u00fcletett \u00e9s 17 \u00e9ves kor\u00e1ban k\u00f6lt\u00f6z\u00f6tt San Francisc\u00f3ba \u2013 a v\u00e1rosba, ahol felfedezte a ker\u00e9kp\u00e1roz\u00e1st. A fiatal Thomas hamar megtanulta, hogyan kell velocip\u00e9ddel k\u00f6zlekedni, ez a k\u00e9pess\u00e9g pedig megv\u00e1ltoztatta az \u00e9let\u00e9t. 1885-ben v\u00e1s\u00e1rolt mag\u00e1nak egy k\u00e9tkerek\u0171t \u00e9s \u00fagy d\u00f6nt\u00f6tt, vil\u00e1g k\u00f6r\u00fcli \u00fatra indul vele. \u00cdgy lett a legjobb bar\u00e1tja \u00e9s h\u0171 \u00fatit\u00e1rsa a Colombia Standard m\u00e1rk\u00e1j\u00fa bicikli hossz\u00fa \u00e9veken \u00e1t.<\/strong><!--more--><\/p>\n<p>Mondhatni, hogy Thomas \u00fagy utazott, ahogy egy igazi felfedez\u0151 (vagy egy bev\u00e1llal\u00f3s tin\u00e9dzser). Egy v\u00e1lt\u00f3p\u00f3l\u00f3val, n\u00e9h\u00e1ny p\u00e1r zoknival, egy es\u0151kab\u00e1ttal \u00e9s egy 38-as Smith &amp; Wesson revolverrel indult \u00fatnak (ok\u00e9, ez ut\u00f3bbi meg\u00f6li a tin\u00e9dzseres hasonlatot).<\/p>\n<div id='gallery-1' class='gallery galleryid-7655 gallery-columns-2 gallery-size-large'><figure class='gallery-item'>\n\t\t\t<div class='gallery-icon landscape'>\n\t\t\t\t<a href='https:\/\/d2p6e6u75xmxt8.cloudfront.net\/12\/2020\/05\/12509043_10153569493571749_1099964630225379130_n.png'><img loading=\"lazy\" decoding=\"async\" width=\"600\" height=\"394\" src=\"https:\/\/d2p6e6u75xmxt8.cloudfront.net\/12\/2020\/05\/12509043_10153569493571749_1099964630225379130_n.png\" class=\"attachment-large size-large\" alt=\"\" srcset=\"https:\/\/d2p6e6u75xmxt8.cloudfront.net\/12\/2020\/05\/12509043_10153569493571749_1099964630225379130_n.png 600w, https:\/\/d2p6e6u75xmxt8.cloudfront.net\/12\/2020\/05\/12509043_10153569493571749_1099964630225379130_n-300x197.png 300w\" sizes=\"auto, (max-width: 600px) 100vw, 600px\" \/><\/a>\n\t\t\t<\/div><\/figure><figure class='gallery-item'>\n\t\t\t<div class='gallery-icon landscape'>\n\t\t\t\t<a href='https:\/\/d2p6e6u75xmxt8.cloudfront.net\/12\/2020\/05\/12489373_10153569493586749_2835662588452340354_o.jpg'><img loading=\"lazy\" decoding=\"async\" width=\"1024\" height=\"475\" src=\"https:\/\/d2p6e6u75xmxt8.cloudfront.net\/12\/2020\/05\/12489373_10153569493586749_2835662588452340354_o-1024x475.jpg\" class=\"attachment-large size-large\" alt=\"\" srcset=\"https:\/\/d2p6e6u75xmxt8.cloudfront.net\/12\/2020\/05\/12489373_10153569493586749_2835662588452340354_o.jpg 1024w, https:\/\/d2p6e6u75xmxt8.cloudfront.net\/12\/2020\/05\/12489373_10153569493586749_2835662588452340354_o-300x139.jpg 300w, https:\/\/d2p6e6u75xmxt8.cloudfront.net\/12\/2020\/05\/12489373_10153569493586749_2835662588452340354_o-768x356.jpg 768w\" sizes=\"auto, (max-width: 1024px) 100vw, 1024px\" \/><\/a>\n\t\t\t<\/div><\/figure>\n\t\t<\/div>\n\n<p>H\u00e1rom h\u00f3nappal \u00e9s 3700 m\u00e9rf\u00f6lddel k\u00e9s\u0151bb, Bostonba \u00e9rkezett az utaz\u00f3. Itt kicsit megpihent, itt t\u00f6lt\u00f6tte a telet, majd tov\u00e1bb indult Liverpoolba. Rajong\u00f3ival k\u00f6r\u00fclv\u00e9ve \u00fclt ism\u00e9t nyeregbe, hogy \u00e1thajtson Eur\u00f3p\u00e1n eg\u00e9szen Konstantin\u00e1polyig (ma Isztambul). Ism\u00e9t kis pihen\u0151, majd indult egyenesen Anatolia v\u00e1ros\u00e1ba Kurdiszt\u00e1nba, azt\u00e1n Ir\u00e1nba, ahol elfogadta a Shah megh\u00edv\u00e1s\u00e1t, \u00e9s n\u00e1la t\u00f6lt\u00f6tte a telet.<\/p>\n<p>A teher\u00e1ni palot\u00e1ban t\u00f6lt\u00f6tt k\u00e9nyelmes vak\u00e1ci\u00f3ja letelt\u00e9vel, Stevens \u00c1zsia fel\u00e9 vette az ir\u00e1nyt. Miut\u00e1n megtiltott\u00e1k, hogy bel\u00e9pjen Szib\u00e9ria ter\u00fclet\u00e9re \u00e9s kiutas\u00edtott\u00e1k Afganiszt\u00e1nb\u00f3l, k\u00e9nytelen volt visszat\u00e9rni Konstantin\u00e1polyba, hogy egy g\u0151zhaj\u00f3n keljen \u00e1t Indi\u00e1ba. A h\u00edres Grand Trunk Road ment\u00e9n v\u00e9g\u00fcl eljutott a pakiszt\u00e1ni partra \u00e9s g\u0151zhaj\u00f3val D\u00e9l-K\u00edn\u00e1ba utazott. Sajnos a franci\u00e1kkal folytatott h\u00e1bor\u00fa elleni tiltakoz\u00e1sok idej\u00e9n \u00e9rkezett, \u00edgy a helyiekn\u00e9l keresett mened\u00e9ket.<\/p>\n<figure id=\"attachment_7656\" aria-describedby=\"caption-attachment-7656\" style=\"width: 843px\" class=\"wp-caption alignnone\"><img loading=\"lazy\" decoding=\"async\" class=\"size-full wp-image-7656\" src=\"https:\/\/d2p6e6u75xmxt8.cloudfront.net\/12\/2020\/05\/10265495_10153569493601749_4674582166966410164_o.jpg\" alt=\"\" width=\"843\" height=\"1079\" srcset=\"https:\/\/d2p6e6u75xmxt8.cloudfront.net\/12\/2020\/05\/10265495_10153569493601749_4674582166966410164_o.jpg 843w, https:\/\/d2p6e6u75xmxt8.cloudfront.net\/12\/2020\/05\/10265495_10153569493601749_4674582166966410164_o-234x300.jpg 234w, https:\/\/d2p6e6u75xmxt8.cloudfront.net\/12\/2020\/05\/10265495_10153569493601749_4674582166966410164_o-768x983.jpg 768w, https:\/\/d2p6e6u75xmxt8.cloudfront.net\/12\/2020\/05\/10265495_10153569493601749_4674582166966410164_o-800x1024.jpg 800w\" sizes=\"auto, (max-width: 843px) 100vw, 843px\" \/><figcaption id=\"caption-attachment-7656\" class=\"wp-caption-text\">\u00a9 American Association of State Highway and Transportation Officials (AASHTO)<\/figcaption><\/figure>\n<p>Thomas vil\u00e1gj\u00e1r\u00e1sa Jap\u00e1nban \u00e9rt v\u00e9get. Yokoham\u00e1ba, utols\u00f3 \u00fatic\u00e9lj\u00e1hoz \u00e9rve 13,500 m\u00e9rf\u00f6ld (21,726 km) volt m\u00e1r a l\u00e1b\u00e1ban. V\u00e9g\u00fcl visszat\u00e9rt San Francisc\u00f3ba, megh\u00e1zasodott, vett egy h\u00e1zat, \u00e9s k\u00f6nyvel\u0151k\u00e9nt tengette \u00e9let\u00e9t\u2026 ok\u00e9, ezt senki nem hitte el, ugye?<\/p>\n<p>1888-ban Stevens megtudta, hogy a h\u00edres kalandor, Henry Morton elt\u0171nt valahol Afrik\u00e1ban. Haboz\u00e1s n\u00e9lk\u00fcl csatlakozott a ment\u0151exped\u00edci\u00f3hoz. A misszi\u00f3 14 h\u00f3napot vett ig\u00e9nybe \u00e9s kiss\u00e9 ironikus fordulattal fejez\u0151d\u00f6tt be. Sajnos nyom\u00e1t sem tal\u00e1lt\u00e1k Morton-nak, annak ellen\u00e9re, hogy v\u00e9g\u00fcl m\u00e9giscsak tal\u00e1lkoztak. Azonban Morton volt az, aki megmentette a r\u00e9g elveszett Dr. Livingstone-t.<\/p>\n<p>Az elk\u00f6vetkez\u0151 \u00e9vekben Thomas l\u00f3h\u00e1ton j\u00e1rta be Oroszorsz\u00e1got. Majd haj\u00f3t vett \u00e9s Kelet-Eur\u00f3pa foly\u00f3in vitorl\u00e1zott. \u00c9s &#8211; ki gondolta volna? \u2013 t\u00e9nyleg megh\u00e1zasodott \u00e9s letelepedett, a Garrick Theatre igazgat\u00f3jak\u00e9nt. Kalandjai 1935-ben, hal\u00e1l\u00e1val \u00e9rtek v\u00e9get. Micsoda \u00e9letet \u00e9lt!<\/p>\n","protected":false},"excerpt":{"rendered":"<p>Thomas Stevens Angli\u00e1ban sz\u00fcletett \u00e9s 17 \u00e9ves kor\u00e1ban k\u00f6lt\u00f6z\u00f6tt San Francisc\u00f3ba \u2013 a v\u00e1rosba, ahol felfedezte a ker\u00e9kp\u00e1roz\u00e1st. A fiatal [&hellip;]<\/p>\n","protected":false},"author":71,"featured_media":7658,"comment_status":"open","ping_status":"open","sticky":false,"template":"","format":"standard","meta":{"footnotes":""},"categories":[8],"tags":[],"global-categories":[],"class_list":["post-7655","post","type-post","status-publish","format-standard","has-post-thumbnail","hentry","category-orszaguti-kerekpar"],"yoast_head":"<!-- This site is optimized with the Yoast SEO Premium plugin v25.3 (Yoast SEO v25.9) - https:\/\/yoast.com\/wordpress\/plugins\/seo\/ -->\n<title>Az els\u0151 ember velocip\u00e9den, a vil\u00e1g k\u00f6r\u00fcl - \u0160koda We Love Cycling - Magyarorsz\u00e1g<\/title>\n<meta name=\"robots\" content=\"index, follow, max-snippet:-1, max-image-preview:large, max-video-preview:-1\" \/>\n<link rel=\"canonical\" href=\"https:\/\/www.welovecycling.com\/hu\/orszaguti-kerekpar\/az-elso-ember-velocipeden-a-vilag-korul\/\" \/>\n<meta property=\"og:locale\" content=\"hu_HU\" \/>\n<meta property=\"og:type\" content=\"article\" \/>\n<meta property=\"og:title\" content=\"Az els\u0151 ember velocip\u00e9den, a vil\u00e1g k\u00f6r\u00fcl\" \/>\n<meta property=\"og:description\" content=\"Thomas Stevens Angli\u00e1ban sz\u00fcletett \u00e9s 17 \u00e9ves kor\u00e1ban k\u00f6lt\u00f6z\u00f6tt San Francisc\u00f3ba \u2013 a v\u00e1rosba, ahol felfedezte a ker\u00e9kp\u00e1roz\u00e1st. A fiatal [&hellip;]\" \/>\n<meta property=\"og:url\" content=\"https:\/\/www.welovecycling.com\/hu\/orszaguti-kerekpar\/az-elso-ember-velocipeden-a-vilag-korul\/\" \/>\n<meta property=\"og:site_name\" content=\"\u0160koda We Love Cycling - Magyarorsz\u00e1g\" \/>\n<meta property=\"article:publisher\" content=\"https:\/\/www.facebook.com\/WeLoveCyclingHungary\/\" \/>\n<meta property=\"article:published_time\" content=\"2020-05-21T07:00:16+00:00\" \/>\n<meta property=\"og:image\" content=\"https:\/\/d2p6e6u75xmxt8.cloudfront.net\/12\/2020\/05\/Thomas-Stevens_CVR.jpg\" \/>\n\t<meta property=\"og:image:width\" content=\"1366\" \/>\n\t<meta property=\"og:image:height\" content=\"600\" \/>\n\t<meta property=\"og:image:type\" content=\"image\/jpeg\" \/>\n<meta name=\"author\" content=\"hegyizs\" \/>\n<meta name=\"twitter:card\" content=\"summary_large_image\" \/>\n<meta name=\"twitter:label1\" content=\"Written by\" \/>\n\t<meta name=\"twitter:data1\" content=\"Tereza Antonova\" \/>\n\t<meta name=\"twitter:label2\" content=\"Est. reading time\" \/>\n\t<meta name=\"twitter:data2\" content=\"5\" \/>\n<script type=\"application\/ld+json\" class=\"yoast-schema-graph\">{\"@context\":\"https:\/\/schema.org\",\"@graph\":[{\"@type\":\"WebPage\",\"@id\":\"https:\/\/www.welovecycling.com\/hu\/orszaguti-kerekpar\/az-elso-ember-velocipeden-a-vilag-korul\/\",\"url\":\"https:\/\/www.welovecycling.com\/hu\/orszaguti-kerekpar\/az-elso-ember-velocipeden-a-vilag-korul\/\",\"name\":\"Az els\u0151 ember velocip\u00e9den, a vil\u00e1g k\u00f6r\u00fcl - \u0160koda We Love Cycling - Magyarorsz\u00e1g\",\"isPartOf\":{\"@id\":\"https:\/\/www.welovecycling.com\/hu\/#website\"},\"primaryImageOfPage\":{\"@id\":\"https:\/\/www.welovecycling.com\/hu\/orszaguti-kerekpar\/az-elso-ember-velocipeden-a-vilag-korul\/#primaryimage\"},\"image\":{\"@id\":\"https:\/\/www.welovecycling.com\/hu\/orszaguti-kerekpar\/az-elso-ember-velocipeden-a-vilag-korul\/#primaryimage\"},\"thumbnailUrl\":\"https:\/\/d2p6e6u75xmxt8.cloudfront.net\/12\/2020\/05\/Thomas-Stevens_CVR.jpg\",\"datePublished\":\"2020-05-21T07:00:16+00:00\",\"author\":{\"@id\":\"https:\/\/www.welovecycling.com\/hu\/#\/schema\/person\/414a2aebf1801691a5320edb6468e194\"},\"breadcrumb\":{\"@id\":\"https:\/\/www.welovecycling.com\/hu\/orszaguti-kerekpar\/az-elso-ember-velocipeden-a-vilag-korul\/#breadcrumb\"},\"inLanguage\":\"hu\",\"potentialAction\":[{\"@type\":\"ReadAction\",\"target\":[\"https:\/\/www.welovecycling.com\/hu\/orszaguti-kerekpar\/az-elso-ember-velocipeden-a-vilag-korul\/\"]}]},{\"@type\":\"ImageObject\",\"inLanguage\":\"hu\",\"@id\":\"https:\/\/www.welovecycling.com\/hu\/orszaguti-kerekpar\/az-elso-ember-velocipeden-a-vilag-korul\/#primaryimage\",\"url\":\"https:\/\/d2p6e6u75xmxt8.cloudfront.net\/12\/2020\/05\/Thomas-Stevens_CVR.jpg\",\"contentUrl\":\"https:\/\/d2p6e6u75xmxt8.cloudfront.net\/12\/2020\/05\/Thomas-Stevens_CVR.jpg\",\"width\":1366,\"height\":600},{\"@type\":\"BreadcrumbList\",\"@id\":\"https:\/\/www.welovecycling.com\/hu\/orszaguti-kerekpar\/az-elso-ember-velocipeden-a-vilag-korul\/#breadcrumb\",\"itemListElement\":[{\"@type\":\"ListItem\",\"position\":1,\"name\":\"Home\",\"item\":\"https:\/\/www.welovecycling.com\/hu\/\"},{\"@type\":\"ListItem\",\"position\":2,\"name\":\"Az els\u0151 ember velocip\u00e9den, a vil\u00e1g k\u00f6r\u00fcl\"}]},{\"@type\":\"WebSite\",\"@id\":\"https:\/\/www.welovecycling.com\/hu\/#website\",\"url\":\"https:\/\/www.welovecycling.com\/hu\/\",\"name\":\"\u0160koda We Love Cycling - Magyarorsz\u00e1g\",\"description\":\"\u0160koda WeLoveCycling\",\"potentialAction\":[{\"@type\":\"SearchAction\",\"target\":{\"@type\":\"EntryPoint\",\"urlTemplate\":\"https:\/\/www.welovecycling.com\/hu\/?s={search_term_string}\"},\"query-input\":{\"@type\":\"PropertyValueSpecification\",\"valueRequired\":true,\"valueName\":\"search_term_string\"}}],\"inLanguage\":\"hu\"},{\"@type\":\"Person\",\"@id\":\"https:\/\/www.welovecycling.com\/hu\/#\/schema\/person\/414a2aebf1801691a5320edb6468e194\",\"name\":\"hegyizs\",\"image\":{\"@type\":\"ImageObject\",\"inLanguage\":\"hu\",\"@id\":\"https:\/\/www.welovecycling.com\/hu\/#\/schema\/person\/image\/\",\"url\":\"https:\/\/secure.gravatar.com\/avatar\/02cf8a7906b8cf90cecb4679defac7cfd33a1c2e3b88e4903d947f3bb58eedd3?s=96&d=mm&r=g\",\"contentUrl\":\"https:\/\/secure.gravatar.com\/avatar\/02cf8a7906b8cf90cecb4679defac7cfd33a1c2e3b88e4903d947f3bb58eedd3?s=96&d=mm&r=g\",\"caption\":\"hegyizs\"},\"url\":\"https:\/\/www.welovecycling.com\/hu\/author\/hegyizs\/\"}]}<\/script>\n<!-- \/ Yoast SEO Premium plugin. -->","yoast_head_json":{"title":"Az els\u0151 ember velocip\u00e9den, a vil\u00e1g k\u00f6r\u00fcl - \u0160koda We Love Cycling - Magyarorsz\u00e1g","robots":{"index":"index","follow":"follow","max-snippet":"max-snippet:-1","max-image-preview":"max-image-preview:large","max-video-preview":"max-video-preview:-1"},"canonical":"https:\/\/www.welovecycling.com\/hu\/orszaguti-kerekpar\/az-elso-ember-velocipeden-a-vilag-korul\/","og_locale":"hu_HU","og_type":"article","og_title":"Az els\u0151 ember velocip\u00e9den, a vil\u00e1g k\u00f6r\u00fcl","og_description":"Thomas Stevens Angli\u00e1ban sz\u00fcletett \u00e9s 17 \u00e9ves kor\u00e1ban k\u00f6lt\u00f6z\u00f6tt San Francisc\u00f3ba \u2013 a v\u00e1rosba, ahol felfedezte a ker\u00e9kp\u00e1roz\u00e1st. A fiatal [&hellip;]","og_url":"https:\/\/www.welovecycling.com\/hu\/orszaguti-kerekpar\/az-elso-ember-velocipeden-a-vilag-korul\/","og_site_name":"\u0160koda We Love Cycling - Magyarorsz\u00e1g","article_publisher":"https:\/\/www.facebook.com\/WeLoveCyclingHungary\/","article_published_time":"2020-05-21T07:00:16+00:00","og_image":[{"width":1366,"height":600,"url":"https:\/\/d2p6e6u75xmxt8.cloudfront.net\/12\/2020\/05\/Thomas-Stevens_CVR.jpg","type":"image\/jpeg"}],"author":"hegyizs","twitter_card":"summary_large_image","twitter_misc":{"Written by":"Tereza Antonova","Est. reading time":"5"},"schema":{"@context":"https:\/\/schema.org","@graph":[{"@type":"WebPage","@id":"https:\/\/www.welovecycling.com\/hu\/orszaguti-kerekpar\/az-elso-ember-velocipeden-a-vilag-korul\/","url":"https:\/\/www.welovecycling.com\/hu\/orszaguti-kerekpar\/az-elso-ember-velocipeden-a-vilag-korul\/","name":"Az els\u0151 ember velocip\u00e9den, a vil\u00e1g k\u00f6r\u00fcl - \u0160koda We Love Cycling - Magyarorsz\u00e1g","isPartOf":{"@id":"https:\/\/www.welovecycling.com\/hu\/#website"},"primaryImageOfPage":{"@id":"https:\/\/www.welovecycling.com\/hu\/orszaguti-kerekpar\/az-elso-ember-velocipeden-a-vilag-korul\/#primaryimage"},"image":{"@id":"https:\/\/www.welovecycling.com\/hu\/orszaguti-kerekpar\/az-elso-ember-velocipeden-a-vilag-korul\/#primaryimage"},"thumbnailUrl":"https:\/\/d2p6e6u75xmxt8.cloudfront.net\/12\/2020\/05\/Thomas-Stevens_CVR.jpg","datePublished":"2020-05-21T07:00:16+00:00","author":{"@id":"https:\/\/www.welovecycling.com\/hu\/#\/schema\/person\/414a2aebf1801691a5320edb6468e194"},"breadcrumb":{"@id":"https:\/\/www.welovecycling.com\/hu\/orszaguti-kerekpar\/az-elso-ember-velocipeden-a-vilag-korul\/#breadcrumb"},"inLanguage":"hu","potentialAction":[{"@type":"ReadAction","target":["https:\/\/www.welovecycling.com\/hu\/orszaguti-kerekpar\/az-elso-ember-velocipeden-a-vilag-korul\/"]}]},{"@type":"ImageObject","inLanguage":"hu","@id":"https:\/\/www.welovecycling.com\/hu\/orszaguti-kerekpar\/az-elso-ember-velocipeden-a-vilag-korul\/#primaryimage","url":"https:\/\/d2p6e6u75xmxt8.cloudfront.net\/12\/2020\/05\/Thomas-Stevens_CVR.jpg","contentUrl":"https:\/\/d2p6e6u75xmxt8.cloudfront.net\/12\/2020\/05\/Thomas-Stevens_CVR.jpg","width":1366,"height":600},{"@type":"BreadcrumbList","@id":"https:\/\/www.welovecycling.com\/hu\/orszaguti-kerekpar\/az-elso-ember-velocipeden-a-vilag-korul\/#breadcrumb","itemListElement":[{"@type":"ListItem","position":1,"name":"Home","item":"https:\/\/www.welovecycling.com\/hu\/"},{"@type":"ListItem","position":2,"name":"Az els\u0151 ember velocip\u00e9den, a vil\u00e1g k\u00f6r\u00fcl"}]},{"@type":"WebSite","@id":"https:\/\/www.welovecycling.com\/hu\/#website","url":"https:\/\/www.welovecycling.com\/hu\/","name":"\u0160koda We Love Cycling - Magyarorsz\u00e1g","description":"\u0160koda WeLoveCycling","potentialAction":[{"@type":"SearchAction","target":{"@type":"EntryPoint","urlTemplate":"https:\/\/www.welovecycling.com\/hu\/?s={search_term_string}"},"query-input":{"@type":"PropertyValueSpecification","valueRequired":true,"valueName":"search_term_string"}}],"inLanguage":"hu"},{"@type":"Person","@id":"https:\/\/www.welovecycling.com\/hu\/#\/schema\/person\/414a2aebf1801691a5320edb6468e194","name":"hegyizs","image":{"@type":"ImageObject","inLanguage":"hu","@id":"https:\/\/www.welovecycling.com\/hu\/#\/schema\/person\/image\/","url":"https:\/\/secure.gravatar.com\/avatar\/02cf8a7906b8cf90cecb4679defac7cfd33a1c2e3b88e4903d947f3bb58eedd3?s=96&d=mm&r=g","contentUrl":"https:\/\/secure.gravatar.com\/avatar\/02cf8a7906b8cf90cecb4679defac7cfd33a1c2e3b88e4903d947f3bb58eedd3?s=96&d=mm&r=g","caption":"hegyizs"},"url":"https:\/\/www.welovecycling.com\/hu\/author\/hegyizs\/"}]}},"_links":{"self":[{"href":"https:\/\/www.welovecycling.com\/hu\/wp-json\/wp\/v2\/posts\/7655","targetHints":{"allow":["GET"]}}],"collection":[{"href":"https:\/\/www.welovecycling.com\/hu\/wp-json\/wp\/v2\/posts"}],"about":[{"href":"https:\/\/www.welovecycling.com\/hu\/wp-json\/wp\/v2\/types\/post"}],"author":[{"embeddable":true,"href":"https:\/\/www.welovecycling.com\/hu\/wp-json\/wp\/v2\/users\/71"}],"replies":[{"embeddable":true,"href":"https:\/\/www.welovecycling.com\/hu\/wp-json\/wp\/v2\/comments?post=7655"}],"version-history":[{"count":2,"href":"https:\/\/www.welovecycling.com\/hu\/wp-json\/wp\/v2\/posts\/7655\/revisions"}],"predecessor-version":[{"id":7670,"href":"https:\/\/www.welovecycling.com\/hu\/wp-json\/wp\/v2\/posts\/7655\/revisions\/7670"}],"wp:featuredmedia":[{"embeddable":true,"href":"https:\/\/www.welovecycling.com\/hu\/wp-json\/wp\/v2\/media\/7658"}],"wp:attachment":[{"href":"https:\/\/www.welovecycling.com\/hu\/wp-json\/wp\/v2\/media?parent=7655"}],"wp:term":[{"taxonomy":"category","embeddable":true,"href":"https:\/\/www.welovecycling.com\/hu\/wp-json\/wp\/v2\/categories?post=7655"},{"taxonomy":"post_tag","embeddable":true,"href":"https:\/\/www.welovecycling.com\/hu\/wp-json\/wp\/v2\/tags?post=7655"},{"taxonomy":"global-categories","embeddable":true,"href":"https:\/\/www.welovecycling.com\/hu\/wp-json\/wp\/v2\/global-categories?post=7655"}],"curies":[{"name":"wp","href":"https:\/\/api.w.org\/{rel}","templated":true}]}}