{"id":7648,"date":"2020-05-20T08:00:50","date_gmt":"2020-05-20T07:00:50","guid":{"rendered":"https:\/\/www.welovecycling.com\/hu\/?p=7648"},"modified":"2020-06-12T16:11:08","modified_gmt":"2020-06-12T15:11:08","slug":"bringaval-a-horvat-aknamezokon","status":"publish","type":"post","link":"https:\/\/www.welovecycling.com\/hu\/trekking-mtb\/bringaval-a-horvat-aknamezokon\/","title":{"rendered":"Bring\u00e1val a horv\u00e1t aknamez\u0151k\u00f6n"},"content":{"rendered":"<p><strong>A profi ker\u00e9kp\u00e1ros Richard Gasperotti \u00e9s n\u00e9h\u00e1ny bar\u00e1tja csak n\u00e9h\u00e1ny nappal azel\u0151tt t\u00e9rtek vissza horv\u00e1t \u00fatjukr\u00f3l, hogy a COVID-19 j\u00e1rv\u00e1ny miatt Eur\u00f3pa karant\u00e9n al\u00e1 ker\u00fclt. Mivel a horv\u00e1t hegyekben ker\u00e9kp\u00e1roztak nagyobb kock\u00e1zatnak t\u0171nt a 90-es \u00e9vekben elhelyezett aknamez\u0151k kiker\u00fcl\u00e9se, mint a K\u00edn\u00e1b\u00f3l az orsz\u00e1gba besziv\u00e1rg\u00f3 betegs\u00e9g. Vagyis annak t\u0171nt volna, ha tudtak volna r\u00f3luk\u2026<\/strong><!--more--><\/p>\n<p>Egy \u00e9jszaka alatt oda\u00e9rtek \u00fatic\u00e9ljukhoz. A Velebit-hegys\u00e9g Tulove Grede cs\u00facsa k\u00e1pr\u00e1zatos l\u00e1tv\u00e1nyt ny\u00fajtott, ahogy visszaverte a felkel\u0151 nap sugarait. De a csoport \u00f6r\u00f6me nem volt felh\u0151tlen: egyre ink\u00e1bb hatalm\u00e1ba ker\u00edtette \u0151ket a nyugtalans\u00e1g, ahogy hajnalodott \u00e9s kirajzol\u00f3dott k\u00f6r\u00fcl\u00f6tt\u00fck a terep. Egyszerre vesz\u00e9lybe ker\u00fclt minden, amit elterveztek\u2026<\/p>\n<figure id=\"attachment_7649\" aria-describedby=\"caption-attachment-7649\" style=\"width: 1500px\" class=\"wp-caption alignnone\"><img loading=\"lazy\" decoding=\"async\" class=\"size-full wp-image-7649\" src=\"https:\/\/d2p6e6u75xmxt8.cloudfront.net\/12\/2020\/05\/M_S-Croatia.jpg\" alt=\"\" width=\"1500\" height=\"1000\" srcset=\"https:\/\/d2p6e6u75xmxt8.cloudfront.net\/12\/2020\/05\/M_S-Croatia.jpg 1500w, https:\/\/d2p6e6u75xmxt8.cloudfront.net\/12\/2020\/05\/M_S-Croatia-300x200.jpg 300w, https:\/\/d2p6e6u75xmxt8.cloudfront.net\/12\/2020\/05\/M_S-Croatia-768x512.jpg 768w, https:\/\/d2p6e6u75xmxt8.cloudfront.net\/12\/2020\/05\/M_S-Croatia-1024x683.jpg 1024w, https:\/\/d2p6e6u75xmxt8.cloudfront.net\/12\/2020\/05\/M_S-Croatia-272x182.jpg 272w\" sizes=\"auto, (max-width: 1500px) 100vw, 1500px\" \/><figcaption id=\"caption-attachment-7649\" class=\"wp-caption-text\">\u00a9 Milo\u0161 \u0160t\u00e1fek<\/figcaption><\/figure>\n<div id='gallery-1' class='gallery galleryid-7648 gallery-columns-2 gallery-size-large'><figure class='gallery-item'>\n\t\t\t<div class='gallery-icon landscape'>\n\t\t\t\t<a href='https:\/\/d2p6e6u75xmxt8.cloudfront.net\/12\/2020\/05\/M_S-Croat-86.jpg'><img loading=\"lazy\" decoding=\"async\" width=\"1024\" height=\"682\" src=\"https:\/\/d2p6e6u75xmxt8.cloudfront.net\/12\/2020\/05\/M_S-Croat-86-1024x682.jpg\" class=\"attachment-large size-large\" alt=\"\" aria-describedby=\"gallery-1-7642\" srcset=\"https:\/\/d2p6e6u75xmxt8.cloudfront.net\/12\/2020\/05\/M_S-Croat-86-1024x682.jpg 1024w, https:\/\/d2p6e6u75xmxt8.cloudfront.net\/12\/2020\/05\/M_S-Croat-86-300x200.jpg 300w, https:\/\/d2p6e6u75xmxt8.cloudfront.net\/12\/2020\/05\/M_S-Croat-86-768x512.jpg 768w, https:\/\/d2p6e6u75xmxt8.cloudfront.net\/12\/2020\/05\/M_S-Croat-86-272x182.jpg 272w, https:\/\/d2p6e6u75xmxt8.cloudfront.net\/12\/2020\/05\/M_S-Croat-86.jpg 1600w\" sizes=\"auto, (max-width: 1024px) 100vw, 1024px\" \/><\/a>\n\t\t\t<\/div>\n\t\t\t\t<figcaption class='wp-caption-text gallery-caption' id='gallery-1-7642'>\n\t\t\t\tGASPI v Chorvatsko\n\t\t\t\t<\/figcaption><\/figure><figure class='gallery-item'>\n\t\t\t<div class='gallery-icon landscape'>\n\t\t\t\t<a href='https:\/\/d2p6e6u75xmxt8.cloudfront.net\/12\/2020\/05\/M_S-Croat-104.jpg'><img loading=\"lazy\" decoding=\"async\" width=\"1000\" height=\"563\" src=\"https:\/\/d2p6e6u75xmxt8.cloudfront.net\/12\/2020\/05\/M_S-Croat-104.jpg\" class=\"attachment-large size-large\" alt=\"\" aria-describedby=\"gallery-1-7643\" srcset=\"https:\/\/d2p6e6u75xmxt8.cloudfront.net\/12\/2020\/05\/M_S-Croat-104.jpg 1000w, https:\/\/d2p6e6u75xmxt8.cloudfront.net\/12\/2020\/05\/M_S-Croat-104-300x169.jpg 300w, https:\/\/d2p6e6u75xmxt8.cloudfront.net\/12\/2020\/05\/M_S-Croat-104-768x432.jpg 768w\" sizes=\"auto, (max-width: 1000px) 100vw, 1000px\" \/><\/a>\n\t\t\t<\/div>\n\t\t\t\t<figcaption class='wp-caption-text gallery-caption' id='gallery-1-7643'>\n\t\t\t\tGASPI v Chorvatsko\n\t\t\t\t<\/figcaption><\/figure>\n\t\t<\/div>\n\n<p>A Velebit-hegys\u00e9g nagyj\u00e1b\u00f3l egy \u00f3ra aut\u00f3\u00fatra fekszik Zadart\u00f3l, a gy\u00f6ny\u00f6r\u0171 t\u00f6rt\u00e9nelmi kik\u00f6t\u0151t\u0151v\u00e1rost\u00f3l az Adriai-tenger partj\u00e1n. <em>\u201eA 60-as \u00e9vek Winnettou filmjei miatt v\u00e1lasztottuk ezt a ter\u00fcletet, amiket itt forgattak. Gyerekkorunkban mind im\u00e1dtuk a tril\u00f3gi\u00e1t \u00e9s a var\u00e1zslatos t\u00e1j bel\u00e9nk iv\u00f3dott.\u201d <\/em>\u2013 magyar\u00e1zta Richard Gasperotti.<\/p>\n<p>A k\u00e1ty\u00fakkal teli, rossz kavicsos \u00faton m\u00e9g napkelte el\u0151tt felk\u00fczd\u00f6tte mag\u00e1t a t\u00e1rsas\u00e1g a hegyekbe. A f\u00e9ny azonban vil\u00e1goss\u00e1 tette azt, amir\u0151l m\u00e1r az elindul\u00e1s el\u0151tt tudniuk kellett volna: az \u00fat ment\u00e9n sorakoz\u00f3 t\u00e1bl\u00e1k kopony\u00e1val \u00e9s keresztbe tett csontokkal jelezt\u00e9k, hogy egy aknamez\u0151 k\u00f6zep\u00e9n \u00e1llnak.<\/p>\n<div id='gallery-2' class='gallery galleryid-7648 gallery-columns-2 gallery-size-large'><figure class='gallery-item'>\n\t\t\t<div class='gallery-icon landscape'>\n\t\t\t\t<a href='https:\/\/d2p6e6u75xmxt8.cloudfront.net\/12\/2020\/05\/M_S-Croat-82.jpg'><img loading=\"lazy\" decoding=\"async\" width=\"1024\" height=\"683\" src=\"https:\/\/d2p6e6u75xmxt8.cloudfront.net\/12\/2020\/05\/M_S-Croat-82-1024x683.jpg\" class=\"attachment-large size-large\" alt=\"\" aria-describedby=\"gallery-2-7644\" srcset=\"https:\/\/d2p6e6u75xmxt8.cloudfront.net\/12\/2020\/05\/M_S-Croat-82-1024x683.jpg 1024w, https:\/\/d2p6e6u75xmxt8.cloudfront.net\/12\/2020\/05\/M_S-Croat-82-300x200.jpg 300w, https:\/\/d2p6e6u75xmxt8.cloudfront.net\/12\/2020\/05\/M_S-Croat-82-768x512.jpg 768w, https:\/\/d2p6e6u75xmxt8.cloudfront.net\/12\/2020\/05\/M_S-Croat-82-272x182.jpg 272w, https:\/\/d2p6e6u75xmxt8.cloudfront.net\/12\/2020\/05\/M_S-Croat-82.jpg 1200w\" sizes=\"auto, (max-width: 1024px) 100vw, 1024px\" \/><\/a>\n\t\t\t<\/div>\n\t\t\t\t<figcaption class='wp-caption-text gallery-caption' id='gallery-2-7644'>\n\t\t\t\tGASPI v Chorvatsko\n\t\t\t\t<\/figcaption><\/figure><figure class='gallery-item'>\n\t\t\t<div class='gallery-icon landscape'>\n\t\t\t\t<a href='https:\/\/d2p6e6u75xmxt8.cloudfront.net\/12\/2020\/05\/M_S-Croat-54.jpg'><img loading=\"lazy\" decoding=\"async\" width=\"1000\" height=\"668\" src=\"https:\/\/d2p6e6u75xmxt8.cloudfront.net\/12\/2020\/05\/M_S-Croat-54.jpg\" class=\"attachment-large size-large\" alt=\"\" aria-describedby=\"gallery-2-7645\" srcset=\"https:\/\/d2p6e6u75xmxt8.cloudfront.net\/12\/2020\/05\/M_S-Croat-54.jpg 1000w, https:\/\/d2p6e6u75xmxt8.cloudfront.net\/12\/2020\/05\/M_S-Croat-54-300x200.jpg 300w, https:\/\/d2p6e6u75xmxt8.cloudfront.net\/12\/2020\/05\/M_S-Croat-54-768x513.jpg 768w, https:\/\/d2p6e6u75xmxt8.cloudfront.net\/12\/2020\/05\/M_S-Croat-54-272x182.jpg 272w\" sizes=\"auto, (max-width: 1000px) 100vw, 1000px\" \/><\/a>\n\t\t\t<\/div>\n\t\t\t\t<figcaption class='wp-caption-text gallery-caption' id='gallery-2-7645'>\n\t\t\t\tGASPI v Chorvatsko\n\t\t\t\t<\/figcaption><\/figure>\n\t\t<\/div>\n\n<p>1991 \u00e9s 1995 k\u00f6z\u00f6tt, a horv\u00e1t f\u00fcggetlens\u00e9gi h\u00e1bor\u00fa alatt k\u00f6r\u00fclbel\u00fcl k\u00e9tmilli\u00f3 akn\u00e1t telep\u00edtettek az orsz\u00e1gban. Egy \u00e9vtizeddel a b\u00e9kek\u00f6t\u00e9s ut\u00e1n m\u00e9g mindig mintegy 250,000 akna fek\u00fcdt a frontvonalakon. A statisztik\u00e1k szerint Horv\u00e1torsz\u00e1gban a h\u00e1bor\u00fa alatt t\u00f6bb mint 1900 embert \u00f6lt vagy sebes\u00edtett meg s\u00falyosan tapos\u00f3akna, a h\u00e1bor\u00fa v\u00e9ge ut\u00e1n pedig t\u00f6bb sz\u00e1zan jutottak erre a sorsra.<\/p>\n<p>Mivel a Velebit-hegys\u00e9g t\u00f6bb ezer szikl\u00e1b\u00f3l \u00e1ll, a ter\u00fclet nehezen hozz\u00e1f\u00e9rhet\u0151, \u00edgy szinte lehetetlen az itt maradt akn\u00e1k hat\u00e1stalan\u00edt\u00e1sa. R\u00e1ad\u00e1sul az aknamez\u0151k tervei vagy elvesztek, vagy egy\u00e1ltal\u00e1n nem is k\u00e9sz\u00fcltek el, \u00edgy meg sem lehet k\u00fcl\u00f6nb\u00f6ztetni a biztons\u00e1gos f\u00f6ldet a hal\u00e1los mez\u0151kt\u0151l. Sajnos a bring\u00e1s csapat err\u0151l az eg\u00e9szr\u0151l mit sem tudott. Mit csin\u00e1ljanak most? Forduljanak vissza?<\/p>\n<div id='gallery-3' class='gallery galleryid-7648 gallery-columns-2 gallery-size-large'><figure class='gallery-item'>\n\t\t\t<div class='gallery-icon landscape'>\n\t\t\t\t<a href='https:\/\/d2p6e6u75xmxt8.cloudfront.net\/12\/2020\/05\/M_S-Croat-50.jpg'><img loading=\"lazy\" decoding=\"async\" width=\"1024\" height=\"683\" src=\"https:\/\/d2p6e6u75xmxt8.cloudfront.net\/12\/2020\/05\/M_S-Croat-50-1024x683.jpg\" class=\"attachment-large size-large\" alt=\"\" aria-describedby=\"gallery-3-7646\" srcset=\"https:\/\/d2p6e6u75xmxt8.cloudfront.net\/12\/2020\/05\/M_S-Croat-50-1024x683.jpg 1024w, https:\/\/d2p6e6u75xmxt8.cloudfront.net\/12\/2020\/05\/M_S-Croat-50-300x200.jpg 300w, https:\/\/d2p6e6u75xmxt8.cloudfront.net\/12\/2020\/05\/M_S-Croat-50-768x512.jpg 768w, https:\/\/d2p6e6u75xmxt8.cloudfront.net\/12\/2020\/05\/M_S-Croat-50-272x182.jpg 272w, https:\/\/d2p6e6u75xmxt8.cloudfront.net\/12\/2020\/05\/M_S-Croat-50.jpg 1500w\" sizes=\"auto, (max-width: 1024px) 100vw, 1024px\" \/><\/a>\n\t\t\t<\/div>\n\t\t\t\t<figcaption class='wp-caption-text gallery-caption' id='gallery-3-7646'>\n\t\t\t\tGASPI v Chorvatsko\n\t\t\t\t<\/figcaption><\/figure><figure class='gallery-item'>\n\t\t\t<div class='gallery-icon landscape'>\n\t\t\t\t<a href='https:\/\/d2p6e6u75xmxt8.cloudfront.net\/12\/2020\/05\/M_S-Croat-131.jpg'><img loading=\"lazy\" decoding=\"async\" width=\"1024\" height=\"684\" src=\"https:\/\/d2p6e6u75xmxt8.cloudfront.net\/12\/2020\/05\/M_S-Croat-131-1024x684.jpg\" class=\"attachment-large size-large\" alt=\"\" aria-describedby=\"gallery-3-7647\" srcset=\"https:\/\/d2p6e6u75xmxt8.cloudfront.net\/12\/2020\/05\/M_S-Croat-131-1024x684.jpg 1024w, https:\/\/d2p6e6u75xmxt8.cloudfront.net\/12\/2020\/05\/M_S-Croat-131-300x200.jpg 300w, https:\/\/d2p6e6u75xmxt8.cloudfront.net\/12\/2020\/05\/M_S-Croat-131-768x513.jpg 768w, https:\/\/d2p6e6u75xmxt8.cloudfront.net\/12\/2020\/05\/M_S-Croat-131-272x182.jpg 272w, https:\/\/d2p6e6u75xmxt8.cloudfront.net\/12\/2020\/05\/M_S-Croat-131.jpg 1125w\" sizes=\"auto, (max-width: 1024px) 100vw, 1024px\" \/><\/a>\n\t\t\t<\/div>\n\t\t\t\t<figcaption class='wp-caption-text gallery-caption' id='gallery-3-7647'>\n\t\t\t\tGASPI v Chorvatsko\n\t\t\t\t<\/figcaption><\/figure>\n\t\t<\/div>\n\n<figure id=\"attachment_7650\" aria-describedby=\"caption-attachment-7650\" style=\"width: 1500px\" class=\"wp-caption alignnone\"><img loading=\"lazy\" decoding=\"async\" class=\"wp-image-7650 size-full\" src=\"https:\/\/d2p6e6u75xmxt8.cloudfront.net\/12\/2020\/05\/M_S-Croat-108.jpg\" alt=\"\" width=\"1500\" height=\"1001\" srcset=\"https:\/\/d2p6e6u75xmxt8.cloudfront.net\/12\/2020\/05\/M_S-Croat-108.jpg 1500w, https:\/\/d2p6e6u75xmxt8.cloudfront.net\/12\/2020\/05\/M_S-Croat-108-300x200.jpg 300w, https:\/\/d2p6e6u75xmxt8.cloudfront.net\/12\/2020\/05\/M_S-Croat-108-768x513.jpg 768w, https:\/\/d2p6e6u75xmxt8.cloudfront.net\/12\/2020\/05\/M_S-Croat-108-1024x683.jpg 1024w, https:\/\/d2p6e6u75xmxt8.cloudfront.net\/12\/2020\/05\/M_S-Croat-108-272x182.jpg 272w\" sizes=\"auto, (max-width: 1500px) 100vw, 1500px\" \/><figcaption id=\"caption-attachment-7650\" class=\"wp-caption-text\">\u00a9 Milo\u0161 \u0160t\u00e1fek<\/figcaption><\/figure>\n<p>Szerencs\u00e9j\u00fckre \u00e9ppen arra j\u00e1rt egy helyi idegenvezet\u0151 \u00e9s meg\u00e1llt, hogy megn\u00e9zze, mire k\u00e9sz\u00fclnek a ker\u00e9kp\u00e1rosok. Azt tan\u00e1csolta nekik, hogy maradjanak a kijel\u00f6lt lejt\u0151n, ami a k\u00f6z\u00e9ps\u0151 hegys\u00e9g fel\u00e9 vezetett. Annak ellen\u00e9re, hogy ez egy biztons\u00e1gos ter\u00fcletk\u00e9nt volt megjel\u00f6lve, a furcsa, aggodalmas \u00e9rz\u00e9s mindannyiuk fej\u00e9ben ott motoszk\u00e1lt. A h\u0151m\u00e9rs\u00e9klet lassan k\u00faszott 4 fok f\u00f6l\u00e9 \u00e9s a csapat reszketett a 80 km\/\u00f3r\u00e1val f\u00faj\u00f3 sz\u00e9lben. Mik\u00f6zben a ker\u00e9kp\u00e1rokat maguk mellett tolt\u00e1k fel a meredek lejt\u0151n, mindenkinek volt el\u00e9g ideje azon agyalni, mi lesz, ha egy r\u00e9g elfeledett akn\u00e1ra l\u00e9pnek. <em>\u201eHitt\u00fcnk az idegenvezet\u0151nek, de a szikl\u00e1khoz r\u00f6gz\u00edtett v\u00f6r\u00f6s t\u00e1bl\u00e1k a kopony\u00e1kkal arra k\u00e9sztetettek, hogy t\u00f6bbsz\u00f6r is \u00fajra \u00e1tgondoljuk a tervet. A szikl\u00e1k k\u00f6z\u00f6tti bicikliz\u00e9s sokkal kev\u00e9sb\u00e9 volt sz\u00f3rakoztat\u00f3, mint ahogy azt a Google Maps f\u00e9nyk\u00e9pei alapj\u00e1n elk\u00e9pzelt\u00fck.\u201d <\/em>\u2013 mes\u00e9lte Richard.<\/p>\n<p>K\u00f6vetkez\u0151 nap, amikor az \u00e9jszakai vihar v\u00e9gre elcsendes\u00fclt, fogt\u00e1k magukat, visszapakoltak a kocsiba \u00e9s 200 km-et hajtottak \u00e9szak fel\u00e9, hogy egy \u00faj k\u00f6rny\u00e9ket fedezzenek fel. De ez m\u00e1r egy m\u00e1sik t\u00f6rt\u00e9net.<\/p>\n","protected":false},"excerpt":{"rendered":"<p>A profi ker\u00e9kp\u00e1ros Richard Gasperotti \u00e9s n\u00e9h\u00e1ny bar\u00e1tja csak n\u00e9h\u00e1ny nappal azel\u0151tt t\u00e9rtek vissza horv\u00e1t \u00fatjukr\u00f3l, hogy a COVID-19 j\u00e1rv\u00e1ny [&hellip;]<\/p>\n","protected":false},"author":71,"featured_media":7652,"comment_status":"open","ping_status":"open","sticky":false,"template":"","format":"standard","meta":{"footnotes":""},"categories":[7],"tags":[],"global-categories":[],"class_list":["post-7648","post","type-post","status-publish","format-standard","has-post-thumbnail","hentry","category-trekking-mtb"],"yoast_head":"<!-- This site is optimized with the Yoast SEO Premium plugin v25.3 (Yoast SEO v25.9) - https:\/\/yoast.com\/wordpress\/plugins\/seo\/ -->\n<title>Bring\u00e1val a horv\u00e1t aknamez\u0151k\u00f6n - \u0160koda We Love Cycling - Magyarorsz\u00e1g<\/title>\n<meta name=\"robots\" content=\"index, follow, max-snippet:-1, max-image-preview:large, max-video-preview:-1\" \/>\n<link rel=\"canonical\" href=\"https:\/\/www.welovecycling.com\/hu\/trekking-mtb\/bringaval-a-horvat-aknamezokon\/\" \/>\n<meta property=\"og:locale\" content=\"hu_HU\" \/>\n<meta property=\"og:type\" content=\"article\" \/>\n<meta property=\"og:title\" content=\"Bring\u00e1val a horv\u00e1t aknamez\u0151k\u00f6n\" \/>\n<meta property=\"og:description\" content=\"A profi ker\u00e9kp\u00e1ros Richard Gasperotti \u00e9s n\u00e9h\u00e1ny bar\u00e1tja csak n\u00e9h\u00e1ny nappal azel\u0151tt t\u00e9rtek vissza horv\u00e1t \u00fatjukr\u00f3l, hogy a COVID-19 j\u00e1rv\u00e1ny [&hellip;]\" \/>\n<meta property=\"og:url\" content=\"https:\/\/www.welovecycling.com\/hu\/trekking-mtb\/bringaval-a-horvat-aknamezokon\/\" \/>\n<meta property=\"og:site_name\" content=\"\u0160koda We Love Cycling - Magyarorsz\u00e1g\" \/>\n<meta property=\"article:publisher\" content=\"https:\/\/www.facebook.com\/WeLoveCyclingHungary\/\" \/>\n<meta property=\"article:published_time\" content=\"2020-05-20T07:00:50+00:00\" \/>\n<meta property=\"article:modified_time\" content=\"2020-06-12T15:11:08+00:00\" \/>\n<meta property=\"og:image\" content=\"https:\/\/d2p6e6u75xmxt8.cloudfront.net\/12\/2020\/05\/Croatia-Cycling-CVR-1.jpg\" \/>\n\t<meta property=\"og:image:width\" content=\"1366\" \/>\n\t<meta property=\"og:image:height\" content=\"600\" \/>\n\t<meta property=\"og:image:type\" content=\"image\/jpeg\" \/>\n<meta name=\"author\" content=\"hegyizs\" \/>\n<meta name=\"twitter:card\" content=\"summary_large_image\" \/>\n<meta name=\"twitter:label1\" content=\"Written by\" \/>\n\t<meta name=\"twitter:data1\" content=\"Adam Mar\u0161\u00e1l\" \/>\n\t<meta name=\"twitter:label2\" content=\"Est. reading time\" \/>\n\t<meta name=\"twitter:data2\" content=\"5\" \/>\n<script type=\"application\/ld+json\" class=\"yoast-schema-graph\">{\"@context\":\"https:\/\/schema.org\",\"@graph\":[{\"@type\":\"WebPage\",\"@id\":\"https:\/\/www.welovecycling.com\/hu\/trekking-mtb\/bringaval-a-horvat-aknamezokon\/\",\"url\":\"https:\/\/www.welovecycling.com\/hu\/trekking-mtb\/bringaval-a-horvat-aknamezokon\/\",\"name\":\"Bring\u00e1val a horv\u00e1t aknamez\u0151k\u00f6n - \u0160koda We Love Cycling - Magyarorsz\u00e1g\",\"isPartOf\":{\"@id\":\"https:\/\/www.welovecycling.com\/hu\/#website\"},\"primaryImageOfPage\":{\"@id\":\"https:\/\/www.welovecycling.com\/hu\/trekking-mtb\/bringaval-a-horvat-aknamezokon\/#primaryimage\"},\"image\":{\"@id\":\"https:\/\/www.welovecycling.com\/hu\/trekking-mtb\/bringaval-a-horvat-aknamezokon\/#primaryimage\"},\"thumbnailUrl\":\"https:\/\/d2p6e6u75xmxt8.cloudfront.net\/12\/2020\/05\/Croatia-Cycling-CVR-1.jpg\",\"datePublished\":\"2020-05-20T07:00:50+00:00\",\"dateModified\":\"2020-06-12T15:11:08+00:00\",\"author\":{\"@id\":\"https:\/\/www.welovecycling.com\/hu\/#\/schema\/person\/414a2aebf1801691a5320edb6468e194\"},\"breadcrumb\":{\"@id\":\"https:\/\/www.welovecycling.com\/hu\/trekking-mtb\/bringaval-a-horvat-aknamezokon\/#breadcrumb\"},\"inLanguage\":\"hu\",\"potentialAction\":[{\"@type\":\"ReadAction\",\"target\":[\"https:\/\/www.welovecycling.com\/hu\/trekking-mtb\/bringaval-a-horvat-aknamezokon\/\"]}]},{\"@type\":\"ImageObject\",\"inLanguage\":\"hu\",\"@id\":\"https:\/\/www.welovecycling.com\/hu\/trekking-mtb\/bringaval-a-horvat-aknamezokon\/#primaryimage\",\"url\":\"https:\/\/d2p6e6u75xmxt8.cloudfront.net\/12\/2020\/05\/Croatia-Cycling-CVR-1.jpg\",\"contentUrl\":\"https:\/\/d2p6e6u75xmxt8.cloudfront.net\/12\/2020\/05\/Croatia-Cycling-CVR-1.jpg\",\"width\":1366,\"height\":600},{\"@type\":\"BreadcrumbList\",\"@id\":\"https:\/\/www.welovecycling.com\/hu\/trekking-mtb\/bringaval-a-horvat-aknamezokon\/#breadcrumb\",\"itemListElement\":[{\"@type\":\"ListItem\",\"position\":1,\"name\":\"Home\",\"item\":\"https:\/\/www.welovecycling.com\/hu\/\"},{\"@type\":\"ListItem\",\"position\":2,\"name\":\"Bring\u00e1val a horv\u00e1t aknamez\u0151k\u00f6n\"}]},{\"@type\":\"WebSite\",\"@id\":\"https:\/\/www.welovecycling.com\/hu\/#website\",\"url\":\"https:\/\/www.welovecycling.com\/hu\/\",\"name\":\"\u0160koda We Love Cycling - Magyarorsz\u00e1g\",\"description\":\"\u0160koda WeLoveCycling\",\"potentialAction\":[{\"@type\":\"SearchAction\",\"target\":{\"@type\":\"EntryPoint\",\"urlTemplate\":\"https:\/\/www.welovecycling.com\/hu\/?s={search_term_string}\"},\"query-input\":{\"@type\":\"PropertyValueSpecification\",\"valueRequired\":true,\"valueName\":\"search_term_string\"}}],\"inLanguage\":\"hu\"},{\"@type\":\"Person\",\"@id\":\"https:\/\/www.welovecycling.com\/hu\/#\/schema\/person\/414a2aebf1801691a5320edb6468e194\",\"name\":\"hegyizs\",\"image\":{\"@type\":\"ImageObject\",\"inLanguage\":\"hu\",\"@id\":\"https:\/\/www.welovecycling.com\/hu\/#\/schema\/person\/image\/\",\"url\":\"https:\/\/secure.gravatar.com\/avatar\/02cf8a7906b8cf90cecb4679defac7cfd33a1c2e3b88e4903d947f3bb58eedd3?s=96&d=mm&r=g\",\"contentUrl\":\"https:\/\/secure.gravatar.com\/avatar\/02cf8a7906b8cf90cecb4679defac7cfd33a1c2e3b88e4903d947f3bb58eedd3?s=96&d=mm&r=g\",\"caption\":\"hegyizs\"},\"url\":\"https:\/\/www.welovecycling.com\/hu\/author\/hegyizs\/\"}]}<\/script>\n<!-- \/ Yoast SEO Premium plugin. -->","yoast_head_json":{"title":"Bring\u00e1val a horv\u00e1t aknamez\u0151k\u00f6n - \u0160koda We Love Cycling - Magyarorsz\u00e1g","robots":{"index":"index","follow":"follow","max-snippet":"max-snippet:-1","max-image-preview":"max-image-preview:large","max-video-preview":"max-video-preview:-1"},"canonical":"https:\/\/www.welovecycling.com\/hu\/trekking-mtb\/bringaval-a-horvat-aknamezokon\/","og_locale":"hu_HU","og_type":"article","og_title":"Bring\u00e1val a horv\u00e1t aknamez\u0151k\u00f6n","og_description":"A profi ker\u00e9kp\u00e1ros Richard Gasperotti \u00e9s n\u00e9h\u00e1ny bar\u00e1tja csak n\u00e9h\u00e1ny nappal azel\u0151tt t\u00e9rtek vissza horv\u00e1t \u00fatjukr\u00f3l, hogy a COVID-19 j\u00e1rv\u00e1ny [&hellip;]","og_url":"https:\/\/www.welovecycling.com\/hu\/trekking-mtb\/bringaval-a-horvat-aknamezokon\/","og_site_name":"\u0160koda We Love Cycling - Magyarorsz\u00e1g","article_publisher":"https:\/\/www.facebook.com\/WeLoveCyclingHungary\/","article_published_time":"2020-05-20T07:00:50+00:00","article_modified_time":"2020-06-12T15:11:08+00:00","og_image":[{"width":1366,"height":600,"url":"https:\/\/d2p6e6u75xmxt8.cloudfront.net\/12\/2020\/05\/Croatia-Cycling-CVR-1.jpg","type":"image\/jpeg"}],"author":"hegyizs","twitter_card":"summary_large_image","twitter_misc":{"Written by":"Adam Mar\u0161\u00e1l","Est. reading time":"5"},"schema":{"@context":"https:\/\/schema.org","@graph":[{"@type":"WebPage","@id":"https:\/\/www.welovecycling.com\/hu\/trekking-mtb\/bringaval-a-horvat-aknamezokon\/","url":"https:\/\/www.welovecycling.com\/hu\/trekking-mtb\/bringaval-a-horvat-aknamezokon\/","name":"Bring\u00e1val a horv\u00e1t aknamez\u0151k\u00f6n - \u0160koda We Love Cycling - Magyarorsz\u00e1g","isPartOf":{"@id":"https:\/\/www.welovecycling.com\/hu\/#website"},"primaryImageOfPage":{"@id":"https:\/\/www.welovecycling.com\/hu\/trekking-mtb\/bringaval-a-horvat-aknamezokon\/#primaryimage"},"image":{"@id":"https:\/\/www.welovecycling.com\/hu\/trekking-mtb\/bringaval-a-horvat-aknamezokon\/#primaryimage"},"thumbnailUrl":"https:\/\/d2p6e6u75xmxt8.cloudfront.net\/12\/2020\/05\/Croatia-Cycling-CVR-1.jpg","datePublished":"2020-05-20T07:00:50+00:00","dateModified":"2020-06-12T15:11:08+00:00","author":{"@id":"https:\/\/www.welovecycling.com\/hu\/#\/schema\/person\/414a2aebf1801691a5320edb6468e194"},"breadcrumb":{"@id":"https:\/\/www.welovecycling.com\/hu\/trekking-mtb\/bringaval-a-horvat-aknamezokon\/#breadcrumb"},"inLanguage":"hu","potentialAction":[{"@type":"ReadAction","target":["https:\/\/www.welovecycling.com\/hu\/trekking-mtb\/bringaval-a-horvat-aknamezokon\/"]}]},{"@type":"ImageObject","inLanguage":"hu","@id":"https:\/\/www.welovecycling.com\/hu\/trekking-mtb\/bringaval-a-horvat-aknamezokon\/#primaryimage","url":"https:\/\/d2p6e6u75xmxt8.cloudfront.net\/12\/2020\/05\/Croatia-Cycling-CVR-1.jpg","contentUrl":"https:\/\/d2p6e6u75xmxt8.cloudfront.net\/12\/2020\/05\/Croatia-Cycling-CVR-1.jpg","width":1366,"height":600},{"@type":"BreadcrumbList","@id":"https:\/\/www.welovecycling.com\/hu\/trekking-mtb\/bringaval-a-horvat-aknamezokon\/#breadcrumb","itemListElement":[{"@type":"ListItem","position":1,"name":"Home","item":"https:\/\/www.welovecycling.com\/hu\/"},{"@type":"ListItem","position":2,"name":"Bring\u00e1val a horv\u00e1t aknamez\u0151k\u00f6n"}]},{"@type":"WebSite","@id":"https:\/\/www.welovecycling.com\/hu\/#website","url":"https:\/\/www.welovecycling.com\/hu\/","name":"\u0160koda We Love Cycling - Magyarorsz\u00e1g","description":"\u0160koda WeLoveCycling","potentialAction":[{"@type":"SearchAction","target":{"@type":"EntryPoint","urlTemplate":"https:\/\/www.welovecycling.com\/hu\/?s={search_term_string}"},"query-input":{"@type":"PropertyValueSpecification","valueRequired":true,"valueName":"search_term_string"}}],"inLanguage":"hu"},{"@type":"Person","@id":"https:\/\/www.welovecycling.com\/hu\/#\/schema\/person\/414a2aebf1801691a5320edb6468e194","name":"hegyizs","image":{"@type":"ImageObject","inLanguage":"hu","@id":"https:\/\/www.welovecycling.com\/hu\/#\/schema\/person\/image\/","url":"https:\/\/secure.gravatar.com\/avatar\/02cf8a7906b8cf90cecb4679defac7cfd33a1c2e3b88e4903d947f3bb58eedd3?s=96&d=mm&r=g","contentUrl":"https:\/\/secure.gravatar.com\/avatar\/02cf8a7906b8cf90cecb4679defac7cfd33a1c2e3b88e4903d947f3bb58eedd3?s=96&d=mm&r=g","caption":"hegyizs"},"url":"https:\/\/www.welovecycling.com\/hu\/author\/hegyizs\/"}]}},"_links":{"self":[{"href":"https:\/\/www.welovecycling.com\/hu\/wp-json\/wp\/v2\/posts\/7648","targetHints":{"allow":["GET"]}}],"collection":[{"href":"https:\/\/www.welovecycling.com\/hu\/wp-json\/wp\/v2\/posts"}],"about":[{"href":"https:\/\/www.welovecycling.com\/hu\/wp-json\/wp\/v2\/types\/post"}],"author":[{"embeddable":true,"href":"https:\/\/www.welovecycling.com\/hu\/wp-json\/wp\/v2\/users\/71"}],"replies":[{"embeddable":true,"href":"https:\/\/www.welovecycling.com\/hu\/wp-json\/wp\/v2\/comments?post=7648"}],"version-history":[{"count":2,"href":"https:\/\/www.welovecycling.com\/hu\/wp-json\/wp\/v2\/posts\/7648\/revisions"}],"predecessor-version":[{"id":7669,"href":"https:\/\/www.welovecycling.com\/hu\/wp-json\/wp\/v2\/posts\/7648\/revisions\/7669"}],"wp:featuredmedia":[{"embeddable":true,"href":"https:\/\/www.welovecycling.com\/hu\/wp-json\/wp\/v2\/media\/7652"}],"wp:attachment":[{"href":"https:\/\/www.welovecycling.com\/hu\/wp-json\/wp\/v2\/media?parent=7648"}],"wp:term":[{"taxonomy":"category","embeddable":true,"href":"https:\/\/www.welovecycling.com\/hu\/wp-json\/wp\/v2\/categories?post=7648"},{"taxonomy":"post_tag","embeddable":true,"href":"https:\/\/www.welovecycling.com\/hu\/wp-json\/wp\/v2\/tags?post=7648"},{"taxonomy":"global-categories","embeddable":true,"href":"https:\/\/www.welovecycling.com\/hu\/wp-json\/wp\/v2\/global-categories?post=7648"}],"curies":[{"name":"wp","href":"https:\/\/api.w.org\/{rel}","templated":true}]}}