{"id":7636,"date":"2020-05-18T10:01:34","date_gmt":"2020-05-18T09:01:34","guid":{"rendered":"https:\/\/www.welovecycling.com\/hu\/?p=7636"},"modified":"2020-05-18T10:01:57","modified_gmt":"2020-05-18T09:01:57","slug":"itt-az-uj-uci-versenynaptar","status":"publish","type":"post","link":"https:\/\/www.welovecycling.com\/hu\/orszaguti-kerekpar\/itt-az-uj-uci-versenynaptar\/","title":{"rendered":"Itt az \u00faj UCI versenynapt\u00e1r"},"content":{"rendered":"<p><strong>A Nemzetk\u00f6zi Ker\u00e9kp\u00e1ros Sz\u00f6vets\u00e9g megosztotta r\u00e9szletes versenynapt\u00e1r\u00e1t, melyben pontos d\u00e1tumokat kaptak az \u00e9v h\u00e1tral\u00e9v\u0151 esem\u00e9nyei. T\u00f6bb tucat megm\u00e9rettet\u00e9st kellett lef\u00fajni vagy elhalasztani a koronav\u00edrus miatt. A szervezet most megpr\u00f3b\u00e1lja a lehet\u0151 legt\u00f6bbet bezs\u00fafolni augusztus 1. \u00e9s okt\u00f3ber 31. k\u00f6z\u00e9.<\/strong><!--more--><\/p>\n<p><em>\u201eEgy v\u00e1ltozatos \u00e9s vonz\u00f3 programokat tartalmaz\u00f3 napt\u00e1rat \u00e1ll\u00edtottunk \u00f6ssze, ami a lehet\u0151 legre\u00e1lisabban megval\u00f3s\u00edthat\u00f3\u201d <\/em>\u2013 nyilatkozta David Lappartient, az UCI eln\u00f6ke. <em>\u201eM\u00e1r kor\u00e1bban elkezdt\u00fck a tervez\u00e9st \u00e9s az aktu\u00e1lis h\u00edrekkel hoztuk \u00f6sszhangba a terveket. Most a versenyz\u0151knek, a csapatoknak \u00e9s a szervez\u0151knek is rendelkez\u00e9sre \u00e1llnak azok az id\u0151pontok, amikhez m\u00e9rten el tudj\u00e1k kezdeni a felk\u00e9sz\u00fcl\u00e9st. Ez egy nagyon fontos l\u00e9p\u00e9s, amire az eg\u00e9sz ker\u00e9kp\u00e1ros k\u00f6z\u00f6ss\u00e9g r\u00e9g\u00f3ta v\u00e1rt.\u201d<\/em><\/p>\n<figure id=\"attachment_7637\" aria-describedby=\"caption-attachment-7637\" style=\"width: 1250px\" class=\"wp-caption alignnone\"><img loading=\"lazy\" decoding=\"async\" class=\"size-full wp-image-7637\" src=\"https:\/\/d2p6e6u75xmxt8.cloudfront.net\/12\/2020\/05\/profimedia-0461257450.jpg\" alt=\"\" width=\"1250\" height=\"833\" srcset=\"https:\/\/d2p6e6u75xmxt8.cloudfront.net\/12\/2020\/05\/profimedia-0461257450.jpg 1250w, https:\/\/d2p6e6u75xmxt8.cloudfront.net\/12\/2020\/05\/profimedia-0461257450-300x200.jpg 300w, https:\/\/d2p6e6u75xmxt8.cloudfront.net\/12\/2020\/05\/profimedia-0461257450-768x512.jpg 768w, https:\/\/d2p6e6u75xmxt8.cloudfront.net\/12\/2020\/05\/profimedia-0461257450-1024x682.jpg 1024w, https:\/\/d2p6e6u75xmxt8.cloudfront.net\/12\/2020\/05\/profimedia-0461257450-272x182.jpg 272w\" sizes=\"auto, (max-width: 1250px) 100vw, 1250px\" \/><figcaption id=\"caption-attachment-7637\" class=\"wp-caption-text\">\u00a9 Profimedia, Shutterstock Editorial<\/figcaption><\/figure>\n<p>A h\u00e1rom legnagyobb verseny mindegyike beker\u00fclt a napt\u00e1rba. A Tour augusztus 29-\u00e9n indul \u00e9s szeptember 20-\u00e1n, P\u00e1rizsban \u00e9r v\u00e9get. A Giro okt\u00f3ber 3. \u00e9s okt\u00f3ber 25. k\u00f6z\u00f6tt ker\u00fcl megrendez\u00e9sre. A Vuelta pedig r\u00f6videbb lesz, mint ahogy azt eredetileg tervezt\u00e9k, 21 szakasz helyett csak 18 val\u00f3sulhat meg. R\u00e1ad\u00e1sul \u00e1tfed\u00e9sben lesz a Giro-val, okt\u00f3ber 20-t\u00f3l november 8-ig tart majd.<\/p>\n<p>A La Course by Le Tour de France augusztus 29-\u00e9n, a Giro Rosa pedig szeptember 11-19 k\u00f6z\u00f6tt zajlik majd le. A n\u0151i ker\u00e9kp\u00e1rosok sz\u00e1m\u00e1ra a legnagyobb h\u00edr azonban a Paris-Roubaix versennyel kapcsolatos: okt\u00f3ber 25-\u00e9n, a f\u00e9rfiak verseny\u00e9vel egy napon ker\u00fcl megrendez\u00e9sre. Az idei lesz az els\u0151, hogy a versenynek n\u0151i v\u00e1ltozata is indul.<\/p>\n<h2><strong>UCI Women\u2019s WorldTour<\/strong><\/h2>\n<p>Augusztus 1: Strade Bianche (Olaszorsz\u00e1g)<\/p>\n<p>Augusztus 8: Postnord UCI WWT V\u00e5rg\u00e5rda West Sweden TTT (Sv\u00e9dorsz\u00e1g)<\/p>\n<p>Augusztus 9: Postnord UCI WWT V\u00e5rg\u00e5rda West Sweden RR (Sv\u00e9dorsz\u00e1g)<\/p>\n<p>Augusztus 13-16: Ladies Tour of Norway (Norv\u00e9gia)<\/p>\n<p>Augusztus 26: GP de Plouay \u2013 Lorient Agglom\u00e9ration Troph\u00e9e WNT (Franciaorsz\u00e1g)<\/p>\n<p>Augusztus 29: La Course by Le Tour de France (Franciaorsz\u00e1g)<\/p>\n<p>Szeptember 1-6: Boels Ladies Tour (Hollandia)<\/p>\n<p>Szeptember 11-19: Giro d\u2019Italia Internazionale Femminile (Olaszorsz\u00e1g)<\/p>\n<p>Szeptember 30: La Fl\u00e8che Wallonne F\u00e9minine (Belgium)<\/p>\n<p>Okt\u00f3ber 10: Amstel Gold Race Ladies (Hollandia)<\/p>\n<p>Okt\u00f3ber 11: Gent-Wevelgem in Flanders Fields (Belgium)<\/p>\n<p>Okt\u00f3ber 18: Ronde van Vlaanderen (Belgium)<\/p>\n<p>Okt\u00f3ber 20: Tour of Guangxi Women\u2019s WorldTour (K\u00edna)<\/p>\n<p>Okt\u00f3ber 20: Driedaagse Brugge-De Panne (Belgium)<\/p>\n<p>Okt\u00f3ber 23-25: Tour of Chongming Island (K\u00edna)<\/p>\n<p>Okt\u00f3ber 25: Paris-Roubaix (Franciaorsz\u00e1g)<\/p>\n<p>November 6-8: Ceratizit Madrid Challenge by La Vuelta (Spanyolorsz\u00e1g)<\/p>\n<h2><strong>UCI WorldTour<\/strong><\/h2>\n<p>Augusztus 1: Strade Bianche (Olaszorsz\u00e1g)<\/p>\n<p>Augusztus 5-9: Tour de Pologne (Lengyelorsz\u00e1g)<\/p>\n<p>Augusztus 8: Milano-Sanremo (Olaszorsz\u00e1g)<\/p>\n<p>Augusztus 12-16: Crit\u00e9rium du Dauphin\u00e9 (Franciaorsz\u00e1g)<\/p>\n<p>Augusztus 16: Prudential RideLondon-Surrey Classic (Nagy Britannia)<\/p>\n<p>Augusztus 25: Bretagne Classic \u2013 Ouest-France (Franciaorsz\u00e1g)<\/p>\n<p>Augusztus 29 \u2013 Szeptember 20: Tour de France (Franciaorsz\u00e1g)<\/p>\n<p>Szeptember 7-14: Tirreno-Adriatico (Olaszorsz\u00e1g)<\/p>\n<p>Szeptember 11: Grand Prix Cycliste de Qu\u00e9bec (Kanada)<\/p>\n<p>Szeptember 13: Grand Prix Cycliste de Montr\u00e9al (Kanada)<\/p>\n<p>Szeptember 29 \u2013Okt\u00f3ber 3: BinckBank Tour<\/p>\n<p>Szeptember 30: La Fl\u00e8che Wallonne (Belgium)<\/p>\n<p>Okt\u00f3ber 3-25: Giro d\u2019Italia (Olaszorsz\u00e1g)<\/p>\n<p>Okt\u00f3ber 4: Li\u00e8ge-Bastogne-Li\u00e8ge (Belgium)<\/p>\n<p>Okt\u00f3ber 10: Amstel Gold Race (Hollandia)<\/p>\n<p>Okt\u00f3ber 11: Gent-Wevelgem in Flanders Fields (Belgium)<\/p>\n<p>Okt\u00f3ber 14: A Travers la Flandre (Belgium)<\/p>\n<p>Okt\u00f3ber 15-20: Gree \u2013 Tour of Guangxi (K\u00edna)<\/p>\n<p>Okt\u00f3ber 18: Tour des Flandres (Belgium)<\/p>\n<p>Okt\u00f3ber 20 \u2013 November 8: Vuelta Ciclista a Espa\u00f1a (Spanyolorsz\u00e1g)<\/p>\n<p>Okt\u00f3ber 21: Driedaagse Brugge-De Panne (Belgium)<\/p>\n<p>Okt\u00f3ber 25: Paris-Roubaix (Franciaorsz\u00e1g)<\/p>\n<p>Okt\u00f3ber 31: Il Lombardia (Olaszorsz\u00e1g)<\/p>\n","protected":false},"excerpt":{"rendered":"<p>A Nemzetk\u00f6zi Ker\u00e9kp\u00e1ros Sz\u00f6vets\u00e9g megosztotta r\u00e9szletes versenynapt\u00e1r\u00e1t, melyben pontos d\u00e1tumokat kaptak az \u00e9v h\u00e1tral\u00e9v\u0151 esem\u00e9nyei. T\u00f6bb tucat megm\u00e9rettet\u00e9st kellett lef\u00fajni [&hellip;]<\/p>\n","protected":false},"author":71,"featured_media":6990,"comment_status":"open","ping_status":"open","sticky":false,"template":"","format":"standard","meta":{"footnotes":""},"categories":[8],"tags":[],"global-categories":[],"class_list":["post-7636","post","type-post","status-publish","format-standard","has-post-thumbnail","hentry","category-orszaguti-kerekpar"],"yoast_head":"<!-- This site is optimized with the Yoast SEO Premium plugin v25.3 (Yoast SEO v25.9) - https:\/\/yoast.com\/wordpress\/plugins\/seo\/ -->\n<title>Itt az \u00faj UCI versenynapt\u00e1r - \u0160koda We Love Cycling - Magyarorsz\u00e1g<\/title>\n<meta name=\"robots\" content=\"index, follow, max-snippet:-1, max-image-preview:large, max-video-preview:-1\" \/>\n<link rel=\"canonical\" href=\"https:\/\/www.welovecycling.com\/hu\/orszaguti-kerekpar\/itt-az-uj-uci-versenynaptar\/\" \/>\n<meta property=\"og:locale\" content=\"hu_HU\" \/>\n<meta property=\"og:type\" content=\"article\" \/>\n<meta property=\"og:title\" content=\"Itt az \u00faj UCI versenynapt\u00e1r\" \/>\n<meta property=\"og:description\" content=\"A Nemzetk\u00f6zi Ker\u00e9kp\u00e1ros Sz\u00f6vets\u00e9g megosztotta r\u00e9szletes versenynapt\u00e1r\u00e1t, melyben pontos d\u00e1tumokat kaptak az \u00e9v h\u00e1tral\u00e9v\u0151 esem\u00e9nyei. T\u00f6bb tucat megm\u00e9rettet\u00e9st kellett lef\u00fajni [&hellip;]\" \/>\n<meta property=\"og:url\" content=\"https:\/\/www.welovecycling.com\/hu\/orszaguti-kerekpar\/itt-az-uj-uci-versenynaptar\/\" \/>\n<meta property=\"og:site_name\" content=\"\u0160koda We Love Cycling - Magyarorsz\u00e1g\" \/>\n<meta property=\"article:publisher\" content=\"https:\/\/www.facebook.com\/WeLoveCyclingHungary\/\" \/>\n<meta property=\"article:published_time\" content=\"2020-05-18T09:01:34+00:00\" \/>\n<meta property=\"article:modified_time\" content=\"2020-05-18T09:01:57+00:00\" \/>\n<meta property=\"og:image\" content=\"https:\/\/d2p6e6u75xmxt8.cloudfront.net\/12\/2020\/03\/Chris-Froome-CVR-profimedia-0500939879.jpg\" \/>\n\t<meta property=\"og:image:width\" content=\"1366\" \/>\n\t<meta property=\"og:image:height\" content=\"600\" \/>\n\t<meta property=\"og:image:type\" content=\"image\/jpeg\" \/>\n<meta name=\"author\" content=\"hegyizs\" \/>\n<meta name=\"twitter:card\" content=\"summary_large_image\" \/>\n<meta name=\"twitter:label1\" content=\"Written by\" \/>\n\t<meta name=\"twitter:data1\" content=\"Monica Buck\" \/>\n\t<meta name=\"twitter:label2\" content=\"Est. reading time\" \/>\n\t<meta name=\"twitter:data2\" content=\"4\" \/>\n<script type=\"application\/ld+json\" class=\"yoast-schema-graph\">{\"@context\":\"https:\/\/schema.org\",\"@graph\":[{\"@type\":\"WebPage\",\"@id\":\"https:\/\/www.welovecycling.com\/hu\/orszaguti-kerekpar\/itt-az-uj-uci-versenynaptar\/\",\"url\":\"https:\/\/www.welovecycling.com\/hu\/orszaguti-kerekpar\/itt-az-uj-uci-versenynaptar\/\",\"name\":\"Itt az \u00faj UCI versenynapt\u00e1r - \u0160koda We Love Cycling - Magyarorsz\u00e1g\",\"isPartOf\":{\"@id\":\"https:\/\/www.welovecycling.com\/hu\/#website\"},\"primaryImageOfPage\":{\"@id\":\"https:\/\/www.welovecycling.com\/hu\/orszaguti-kerekpar\/itt-az-uj-uci-versenynaptar\/#primaryimage\"},\"image\":{\"@id\":\"https:\/\/www.welovecycling.com\/hu\/orszaguti-kerekpar\/itt-az-uj-uci-versenynaptar\/#primaryimage\"},\"thumbnailUrl\":\"https:\/\/d2p6e6u75xmxt8.cloudfront.net\/12\/2020\/03\/Chris-Froome-CVR-profimedia-0500939879.jpg\",\"datePublished\":\"2020-05-18T09:01:34+00:00\",\"dateModified\":\"2020-05-18T09:01:57+00:00\",\"author\":{\"@id\":\"https:\/\/www.welovecycling.com\/hu\/#\/schema\/person\/414a2aebf1801691a5320edb6468e194\"},\"breadcrumb\":{\"@id\":\"https:\/\/www.welovecycling.com\/hu\/orszaguti-kerekpar\/itt-az-uj-uci-versenynaptar\/#breadcrumb\"},\"inLanguage\":\"hu\",\"potentialAction\":[{\"@type\":\"ReadAction\",\"target\":[\"https:\/\/www.welovecycling.com\/hu\/orszaguti-kerekpar\/itt-az-uj-uci-versenynaptar\/\"]}]},{\"@type\":\"ImageObject\",\"inLanguage\":\"hu\",\"@id\":\"https:\/\/www.welovecycling.com\/hu\/orszaguti-kerekpar\/itt-az-uj-uci-versenynaptar\/#primaryimage\",\"url\":\"https:\/\/d2p6e6u75xmxt8.cloudfront.net\/12\/2020\/03\/Chris-Froome-CVR-profimedia-0500939879.jpg\",\"contentUrl\":\"https:\/\/d2p6e6u75xmxt8.cloudfront.net\/12\/2020\/03\/Chris-Froome-CVR-profimedia-0500939879.jpg\",\"width\":1366,\"height\":600},{\"@type\":\"BreadcrumbList\",\"@id\":\"https:\/\/www.welovecycling.com\/hu\/orszaguti-kerekpar\/itt-az-uj-uci-versenynaptar\/#breadcrumb\",\"itemListElement\":[{\"@type\":\"ListItem\",\"position\":1,\"name\":\"Home\",\"item\":\"https:\/\/www.welovecycling.com\/hu\/\"},{\"@type\":\"ListItem\",\"position\":2,\"name\":\"Itt az \u00faj UCI versenynapt\u00e1r\"}]},{\"@type\":\"WebSite\",\"@id\":\"https:\/\/www.welovecycling.com\/hu\/#website\",\"url\":\"https:\/\/www.welovecycling.com\/hu\/\",\"name\":\"\u0160koda We Love Cycling - Magyarorsz\u00e1g\",\"description\":\"\u0160koda WeLoveCycling\",\"potentialAction\":[{\"@type\":\"SearchAction\",\"target\":{\"@type\":\"EntryPoint\",\"urlTemplate\":\"https:\/\/www.welovecycling.com\/hu\/?s={search_term_string}\"},\"query-input\":{\"@type\":\"PropertyValueSpecification\",\"valueRequired\":true,\"valueName\":\"search_term_string\"}}],\"inLanguage\":\"hu\"},{\"@type\":\"Person\",\"@id\":\"https:\/\/www.welovecycling.com\/hu\/#\/schema\/person\/414a2aebf1801691a5320edb6468e194\",\"name\":\"hegyizs\",\"image\":{\"@type\":\"ImageObject\",\"inLanguage\":\"hu\",\"@id\":\"https:\/\/www.welovecycling.com\/hu\/#\/schema\/person\/image\/\",\"url\":\"https:\/\/secure.gravatar.com\/avatar\/02cf8a7906b8cf90cecb4679defac7cfd33a1c2e3b88e4903d947f3bb58eedd3?s=96&d=mm&r=g\",\"contentUrl\":\"https:\/\/secure.gravatar.com\/avatar\/02cf8a7906b8cf90cecb4679defac7cfd33a1c2e3b88e4903d947f3bb58eedd3?s=96&d=mm&r=g\",\"caption\":\"hegyizs\"},\"url\":\"https:\/\/www.welovecycling.com\/hu\/author\/hegyizs\/\"}]}<\/script>\n<!-- \/ Yoast SEO Premium plugin. -->","yoast_head_json":{"title":"Itt az \u00faj UCI versenynapt\u00e1r - \u0160koda We Love Cycling - Magyarorsz\u00e1g","robots":{"index":"index","follow":"follow","max-snippet":"max-snippet:-1","max-image-preview":"max-image-preview:large","max-video-preview":"max-video-preview:-1"},"canonical":"https:\/\/www.welovecycling.com\/hu\/orszaguti-kerekpar\/itt-az-uj-uci-versenynaptar\/","og_locale":"hu_HU","og_type":"article","og_title":"Itt az \u00faj UCI versenynapt\u00e1r","og_description":"A Nemzetk\u00f6zi Ker\u00e9kp\u00e1ros Sz\u00f6vets\u00e9g megosztotta r\u00e9szletes versenynapt\u00e1r\u00e1t, melyben pontos d\u00e1tumokat kaptak az \u00e9v h\u00e1tral\u00e9v\u0151 esem\u00e9nyei. T\u00f6bb tucat megm\u00e9rettet\u00e9st kellett lef\u00fajni [&hellip;]","og_url":"https:\/\/www.welovecycling.com\/hu\/orszaguti-kerekpar\/itt-az-uj-uci-versenynaptar\/","og_site_name":"\u0160koda We Love Cycling - Magyarorsz\u00e1g","article_publisher":"https:\/\/www.facebook.com\/WeLoveCyclingHungary\/","article_published_time":"2020-05-18T09:01:34+00:00","article_modified_time":"2020-05-18T09:01:57+00:00","og_image":[{"width":1366,"height":600,"url":"https:\/\/d2p6e6u75xmxt8.cloudfront.net\/12\/2020\/03\/Chris-Froome-CVR-profimedia-0500939879.jpg","type":"image\/jpeg"}],"author":"hegyizs","twitter_card":"summary_large_image","twitter_misc":{"Written by":"Monica Buck","Est. reading time":"4"},"schema":{"@context":"https:\/\/schema.org","@graph":[{"@type":"WebPage","@id":"https:\/\/www.welovecycling.com\/hu\/orszaguti-kerekpar\/itt-az-uj-uci-versenynaptar\/","url":"https:\/\/www.welovecycling.com\/hu\/orszaguti-kerekpar\/itt-az-uj-uci-versenynaptar\/","name":"Itt az \u00faj UCI versenynapt\u00e1r - \u0160koda We Love Cycling - Magyarorsz\u00e1g","isPartOf":{"@id":"https:\/\/www.welovecycling.com\/hu\/#website"},"primaryImageOfPage":{"@id":"https:\/\/www.welovecycling.com\/hu\/orszaguti-kerekpar\/itt-az-uj-uci-versenynaptar\/#primaryimage"},"image":{"@id":"https:\/\/www.welovecycling.com\/hu\/orszaguti-kerekpar\/itt-az-uj-uci-versenynaptar\/#primaryimage"},"thumbnailUrl":"https:\/\/d2p6e6u75xmxt8.cloudfront.net\/12\/2020\/03\/Chris-Froome-CVR-profimedia-0500939879.jpg","datePublished":"2020-05-18T09:01:34+00:00","dateModified":"2020-05-18T09:01:57+00:00","author":{"@id":"https:\/\/www.welovecycling.com\/hu\/#\/schema\/person\/414a2aebf1801691a5320edb6468e194"},"breadcrumb":{"@id":"https:\/\/www.welovecycling.com\/hu\/orszaguti-kerekpar\/itt-az-uj-uci-versenynaptar\/#breadcrumb"},"inLanguage":"hu","potentialAction":[{"@type":"ReadAction","target":["https:\/\/www.welovecycling.com\/hu\/orszaguti-kerekpar\/itt-az-uj-uci-versenynaptar\/"]}]},{"@type":"ImageObject","inLanguage":"hu","@id":"https:\/\/www.welovecycling.com\/hu\/orszaguti-kerekpar\/itt-az-uj-uci-versenynaptar\/#primaryimage","url":"https:\/\/d2p6e6u75xmxt8.cloudfront.net\/12\/2020\/03\/Chris-Froome-CVR-profimedia-0500939879.jpg","contentUrl":"https:\/\/d2p6e6u75xmxt8.cloudfront.net\/12\/2020\/03\/Chris-Froome-CVR-profimedia-0500939879.jpg","width":1366,"height":600},{"@type":"BreadcrumbList","@id":"https:\/\/www.welovecycling.com\/hu\/orszaguti-kerekpar\/itt-az-uj-uci-versenynaptar\/#breadcrumb","itemListElement":[{"@type":"ListItem","position":1,"name":"Home","item":"https:\/\/www.welovecycling.com\/hu\/"},{"@type":"ListItem","position":2,"name":"Itt az \u00faj UCI versenynapt\u00e1r"}]},{"@type":"WebSite","@id":"https:\/\/www.welovecycling.com\/hu\/#website","url":"https:\/\/www.welovecycling.com\/hu\/","name":"\u0160koda We Love Cycling - Magyarorsz\u00e1g","description":"\u0160koda WeLoveCycling","potentialAction":[{"@type":"SearchAction","target":{"@type":"EntryPoint","urlTemplate":"https:\/\/www.welovecycling.com\/hu\/?s={search_term_string}"},"query-input":{"@type":"PropertyValueSpecification","valueRequired":true,"valueName":"search_term_string"}}],"inLanguage":"hu"},{"@type":"Person","@id":"https:\/\/www.welovecycling.com\/hu\/#\/schema\/person\/414a2aebf1801691a5320edb6468e194","name":"hegyizs","image":{"@type":"ImageObject","inLanguage":"hu","@id":"https:\/\/www.welovecycling.com\/hu\/#\/schema\/person\/image\/","url":"https:\/\/secure.gravatar.com\/avatar\/02cf8a7906b8cf90cecb4679defac7cfd33a1c2e3b88e4903d947f3bb58eedd3?s=96&d=mm&r=g","contentUrl":"https:\/\/secure.gravatar.com\/avatar\/02cf8a7906b8cf90cecb4679defac7cfd33a1c2e3b88e4903d947f3bb58eedd3?s=96&d=mm&r=g","caption":"hegyizs"},"url":"https:\/\/www.welovecycling.com\/hu\/author\/hegyizs\/"}]}},"_links":{"self":[{"href":"https:\/\/www.welovecycling.com\/hu\/wp-json\/wp\/v2\/posts\/7636","targetHints":{"allow":["GET"]}}],"collection":[{"href":"https:\/\/www.welovecycling.com\/hu\/wp-json\/wp\/v2\/posts"}],"about":[{"href":"https:\/\/www.welovecycling.com\/hu\/wp-json\/wp\/v2\/types\/post"}],"author":[{"embeddable":true,"href":"https:\/\/www.welovecycling.com\/hu\/wp-json\/wp\/v2\/users\/71"}],"replies":[{"embeddable":true,"href":"https:\/\/www.welovecycling.com\/hu\/wp-json\/wp\/v2\/comments?post=7636"}],"version-history":[{"count":2,"href":"https:\/\/www.welovecycling.com\/hu\/wp-json\/wp\/v2\/posts\/7636\/revisions"}],"predecessor-version":[{"id":7665,"href":"https:\/\/www.welovecycling.com\/hu\/wp-json\/wp\/v2\/posts\/7636\/revisions\/7665"}],"wp:featuredmedia":[{"embeddable":true,"href":"https:\/\/www.welovecycling.com\/hu\/wp-json\/wp\/v2\/media\/6990"}],"wp:attachment":[{"href":"https:\/\/www.welovecycling.com\/hu\/wp-json\/wp\/v2\/media?parent=7636"}],"wp:term":[{"taxonomy":"category","embeddable":true,"href":"https:\/\/www.welovecycling.com\/hu\/wp-json\/wp\/v2\/categories?post=7636"},{"taxonomy":"post_tag","embeddable":true,"href":"https:\/\/www.welovecycling.com\/hu\/wp-json\/wp\/v2\/tags?post=7636"},{"taxonomy":"global-categories","embeddable":true,"href":"https:\/\/www.welovecycling.com\/hu\/wp-json\/wp\/v2\/global-categories?post=7636"}],"curies":[{"name":"wp","href":"https:\/\/api.w.org\/{rel}","templated":true}]}}