{"id":7604,"date":"2020-05-13T08:00:52","date_gmt":"2020-05-13T07:00:52","guid":{"rendered":"https:\/\/www.welovecycling.com\/hu\/?p=7604"},"modified":"2020-05-12T16:01:37","modified_gmt":"2020-05-12T15:01:37","slug":"miert-hasznos-a-joga-a-kerekparosoknak-is","status":"publish","type":"post","link":"https:\/\/www.welovecycling.com\/hu\/edzes-es-eletmod\/miert-hasznos-a-joga-a-kerekparosoknak-is\/","title":{"rendered":"Mi\u00e9rt hasznos a j\u00f3ga a ker\u00e9kp\u00e1rosoknak (is)?"},"content":{"rendered":"<p><strong>Ha a bicikliz\u00e9s a kedvenc sportod vagy hobbid, biztosan sokat foglalkozol az er\u0151nl\u00e9t, a sebess\u00e9g \u00e9s az \u00e1ll\u00f3k\u00e9pess\u00e9g fejleszt\u00e9s\u00e9nek k\u00e9rd\u00e9s\u00e9vel. Azonban ha j\u00f3g\u00e1r\u00f3l van sz\u00f3, k\u00f6nnyen lehet, hogy a ny\u00fajt\u00e1ssal teszed egyenl\u0151v\u00e9 a sportot, vagy csak \u00fagy tekintesz r\u00e1, mint ami seg\u00edt megel\u0151zni az izoml\u00e1zat. Ezekben a dolgokban persze igazad is van \u2013 azonban a j\u00f3ga sz\u00e1mos m\u00e1s el\u0151nyt is ny\u00fajt a bring\u00e1sok sz\u00e1m\u00e1ra.<\/strong><!--more--><\/p>\n<p>A folyamatos mozg\u00e1ssal \u00f6sszehangolt egyenletes l\u00e9gz\u00e9s seg\u00edt, hogy megtanulj figyelni a l\u00e9legzetedre \u00e9s szab\u00e1lyozd a sz\u00edvritmusod, \u00edgy a lehet\u0151 legt\u00f6bb energi\u00e1t tudod majd mag\u00e1ra a teker\u00e9sre ford\u00edtani. Az \u00edz\u00fcletek \u00e1tmozgat\u00e1sa \u00e9s az elme mozg\u00e1sra val\u00f3 hangol\u00f3d\u00e1sa szint\u00e9n a j\u00f3g\u00e1z\u00e1s nagy el\u0151nye.<\/p>\n<p>Hogy k\u00f6zelebbr\u0151l is megismerkedj\u00fcnk a j\u00f3g\u00e1val \u00e9s a biciklisekre val\u00f3 hat\u00e1s\u00e1val, a We Love Cycling seg\u00edts\u00e9g\u00fcl h\u00edvta a pr\u00e1gai j\u00f3gaoktat\u00f3t, Tereza Velhartick\u00e1t. Tereza nemcsak egy k\u00f6nnyen k\u00f6vethet\u0151, kifejezetten biciklisekre szabott mozg\u00e1ssorozatot k\u00e9sz\u00edtett nek\u00fcnk, amit otthon is kipr\u00f3b\u00e1lhatunk, hanem azt is elmondta, mi\u00e9rt fontos az elme \u00e9s a test kapcsolata. Besz\u00e9lgett\u00fcnk a j\u00f3ga rekre\u00e1ci\u00f3s hat\u00e1s\u00e1r\u00f3l \u00e9s a mozg\u00e1s v\u00e1ltozatoss\u00e1g\u00e1nak fontoss\u00e1g\u00e1r\u00f3l.<\/p>\n<lite-youtube videoid=77ViDBu9Qls params=\"enablejsapi=1\" style=\"background-image: url('https:\/\/i.ytimg.com\/vi_webp\/77ViDBu9Qls\/maxresdefault.webp');\"><\/lite-youtube>\n<p><strong>Milyen kapcsolatod van a sporttal, hogy lett\u00e9l j\u00f3gaoktat\u00f3?<\/strong><\/p>\n<p>Mindig is nagyon akt\u00edv \u00e9letet \u00e9ltem. S\u00edeltem, futottam, bicikliztem \u00e9s akrobatik\u00e1ztam. A j\u00f3g\u00e1z\u00e1ssal 6 \u00e9ve kezdtem el foglalkozni, amikor el\u0151sz\u00f6r vettem r\u00e9szt egy dinamikus edz\u00e9sen. Annyira tetszett, hogy heti n\u00e9gy, vagy m\u00e9g t\u00f6bb alkalommal j\u00e1rtam. Egy id\u0151 ut\u00e1n azonban \u00fagy \u00e9reztem, ez sem el\u00e9g, \u00edgy elkezdtem felfedezni m\u00e1sfajta j\u00f3g\u00e1kat is. Beleszerettem a vinyasa-ba, \u00e9s a k\u00f6vetkez\u0151 pillanatban azon kaptam magam, hogy oktat\u00f3nak tanulok.<\/p>\n<p><strong>Mi\u00e9rt eg\u00e9sz\u00edtik ki j\u00f3l egym\u00e1st a j\u00f3ga \u00e9s a kardio-alap\u00fa sportok, mint p\u00e9ld\u00e1ul a ker\u00e9kp\u00e1roz\u00e1s?<\/strong><\/p>\n<p>Meg\u00e9rtem, hogy azoknak neh\u00e9z \u00e1tszellem\u00fclni egy lass\u00fa sportban, akik az adrenalinhoz \u00e9s a sz\u00e1guld\u00e1shoz vannak hozz\u00e1szokva, de rengeteget seg\u00edthet, hogy minden ter\u00fcleten a legt\u00f6bbet hozd ki magadb\u00f3l. \u00c9n az\u00e9rt kezdtem j\u00f3g\u00e1zni, ami\u00e9rt a t\u00f6bbi sport is \u00e9rdekelt: hogy er\u0151s\u00f6djek \u00e9s n\u00f6veljem az \u00e1ll\u00f3k\u00e9pess\u00e9gem. De hamar r\u00e1j\u00f6ttem, hogy ez enn\u00e9l sokkal t\u00f6bb. Olyan ritk\u00e1n szak\u00edtunk id\u0151t arra, hogy teljesen r\u00e1hangol\u00f3djunk a test\u00fcnkre \u00e9s \u00e9rt\u00e9kelj\u00fck a mozg\u00e1st, megfigyelj\u00fck, hogy a k\u00fcl\u00f6nb\u00f6z\u0151 poz\u00edci\u00f3k hogyan hatnak r\u00e1nk, mind fizikailag, mind ment\u00e1lisan \u00e9s emocion\u00e1lisan. A j\u00f3ga megteremti ezt.<\/p>\n<h2><strong>Hogyan seg\u00edt a j\u00f3ga a bicikliseknek?<\/strong><\/h2>\n<p>A j\u00f3ga h\u00e1rom f\u0151 ter\u00fcleten ny\u00fajt seg\u00edts\u00e9get a ker\u00e9kp\u00e1rosok sz\u00e1m\u00e1ra teljes\u00edtm\u00e9ny\u00fck n\u00f6vel\u00e9s\u00e9ben: n\u00f6veli a test rugalmass\u00e1g\u00e1t, fejleszti az er\u0151nl\u00e9t\u00fcnket \u00e9s hozz\u00e1j\u00e1rul a megfelel\u0151 l\u00e9gz\u00e9stechnika elsaj\u00e1t\u00edt\u00e1s\u00e1hoz.<\/p>\n<p><em>Rugalmass\u00e1g<\/em><\/p>\n<p>Ha gyakran t\u00f6ltesz hossz\u00fa id\u0151t a ker\u00e9kp\u00e1ron, kiemelten fontos, hogy ny\u00fajts, \u00e9s dolgozz az izmok rugalmass\u00e1g\u00e1n. Miut\u00e1n sok\u00e1ig ugyanabban a testhelyzetben tekersz, a v\u00e1llaid, a nyakad, a mellkasod \u00e9s a cs\u00edp\u0151d mind figyelmet k\u00f6vetelnek. A j\u00f3ga pedig pontosan ezekre a ter\u00fcletekre koncentr\u00e1l. Ha megtanulsz j\u00f3l ny\u00fajtani \u00e9s a hajl\u00e9konys\u00e1god fejleszteni, hamar \u00e9szreveszed, hogy gyorsabban fel\u00e9p\u00fclsz egy hossz\u00fa teker\u00e9s ut\u00e1n.<\/p>\n<p><em>Er\u0151nl\u00e9t<\/em><\/p>\n<p>Ahhoz hogy biztons\u00e1gosan le tudd tekerni a kit\u0171z\u00f6tt kilom\u00e9tereket, biztosnak kell lenned abban, hogy az izmaid \u00e9s az \u00edz\u00fcleteid j\u00f3l b\u00edrj\u00e1k a terhel\u00e9st. Biciklisk\u00e9nt k\u00fcl\u00f6n\u00f6sen fontos, hogy er\u0151s\u00edtsd a t\u00f6rzsed. A hasi izmaink \u00f6sszekapcsol\u00f3dnak az als\u00f3 h\u00e1tizmokkal, \u00edgy ha odafigyelsz erre a ter\u00fcletre, elker\u00fclheted a der\u00e9kf\u00e1j\u00e1st. A t\u00f6rzs er\u0151s\u00edt\u00e9se a gerinc k\u00f6r\u00fcli izmokat is fejleszti, \u00edgy jav\u00edtja a tart\u00e1sod \u00e9s visszaadja a gerinc term\u00e9szetes hajl\u00e9konys\u00e1g\u00e1t.<\/p>\n<p><em>L\u00e9gz\u00e9s<\/em><\/p>\n<p>Ha szeretn\u00e9l kikapcsol\u00f3dni \u00e9s teljes figyelmeddel a mozg\u00e1sra \u00f6sszpontos\u00edtani, fontos a j\u00f3 l\u00e9gz\u00e9stechnika. Az egyenletes, k\u00f6nny\u0171 ki- \u00e9s bel\u00e9gz\u00e9s seg\u00edt lecsillap\u00edtani az elm\u00e9d \u00e9s arra is hat\u00e1ssal van, hogy mennyi er\u0151t vagy k\u00e9pes kifejteni. A j\u00f3ga k\u00f6z\u00e9ppontj\u00e1ban a l\u00e9gz\u00e9s \u00e1ll, egy kis gyakorl\u00e1s ut\u00e1n k\u00f6nnyen \u00e1t\u00fcltetheted a tanultakat a ker\u00e9kp\u00e1roz\u00e1sba is, egy id\u0151 ut\u00e1n pedig automatikus lesz a v\u00e1lt\u00e1s.<\/p>\n<figure id=\"attachment_7606\" aria-describedby=\"caption-attachment-7606\" style=\"width: 1500px\" class=\"wp-caption alignnone\"><img loading=\"lazy\" decoding=\"async\" class=\"wp-image-7606 size-full\" src=\"https:\/\/d2p6e6u75xmxt8.cloudfront.net\/12\/2020\/05\/Cycling-Yoga-WLC-3.jpg\" alt=\"\" width=\"1500\" height=\"1000\" srcset=\"https:\/\/d2p6e6u75xmxt8.cloudfront.net\/12\/2020\/05\/Cycling-Yoga-WLC-3.jpg 1500w, https:\/\/d2p6e6u75xmxt8.cloudfront.net\/12\/2020\/05\/Cycling-Yoga-WLC-3-300x200.jpg 300w, https:\/\/d2p6e6u75xmxt8.cloudfront.net\/12\/2020\/05\/Cycling-Yoga-WLC-3-768x512.jpg 768w, https:\/\/d2p6e6u75xmxt8.cloudfront.net\/12\/2020\/05\/Cycling-Yoga-WLC-3-1024x683.jpg 1024w, https:\/\/d2p6e6u75xmxt8.cloudfront.net\/12\/2020\/05\/Cycling-Yoga-WLC-3-272x182.jpg 272w\" sizes=\"auto, (max-width: 1500px) 100vw, 1500px\" \/><figcaption id=\"caption-attachment-7606\" class=\"wp-caption-text\"><em>Kapotasana \u00a0&#8211; Galamb poz\u00edci\u00f3<\/em><\/figcaption><\/figure>\n<div id='gallery-1' class='gallery galleryid-7604 gallery-columns-2 gallery-size-large'><figure class='gallery-item'>\n\t\t\t<div class='gallery-icon landscape'>\n\t\t\t\t<a href='https:\/\/d2p6e6u75xmxt8.cloudfront.net\/12\/2020\/05\/Cycling-Yoga-WLC-1.jpg'><img loading=\"lazy\" decoding=\"async\" width=\"1024\" height=\"683\" src=\"https:\/\/d2p6e6u75xmxt8.cloudfront.net\/12\/2020\/05\/Cycling-Yoga-WLC-1-1024x683.jpg\" class=\"attachment-large size-large\" alt=\"Downward facing dog\" aria-describedby=\"gallery-1-7602\" srcset=\"https:\/\/d2p6e6u75xmxt8.cloudfront.net\/12\/2020\/05\/Cycling-Yoga-WLC-1-1024x683.jpg 1024w, https:\/\/d2p6e6u75xmxt8.cloudfront.net\/12\/2020\/05\/Cycling-Yoga-WLC-1-300x200.jpg 300w, https:\/\/d2p6e6u75xmxt8.cloudfront.net\/12\/2020\/05\/Cycling-Yoga-WLC-1-768x512.jpg 768w, https:\/\/d2p6e6u75xmxt8.cloudfront.net\/12\/2020\/05\/Cycling-Yoga-WLC-1-272x182.jpg 272w, https:\/\/d2p6e6u75xmxt8.cloudfront.net\/12\/2020\/05\/Cycling-Yoga-WLC-1.jpg 1500w\" sizes=\"auto, (max-width: 1024px) 100vw, 1024px\" \/><\/a>\n\t\t\t<\/div>\n\t\t\t\t<figcaption class='wp-caption-text gallery-caption' id='gallery-1-7602'>\n\t\t\t\tDownward facing dog\n\t\t\t\t<\/figcaption><\/figure><figure class='gallery-item'>\n\t\t\t<div class='gallery-icon landscape'>\n\t\t\t\t<a href='https:\/\/d2p6e6u75xmxt8.cloudfront.net\/12\/2020\/05\/Cycling-Yoga-WLC-2.jpg'><img loading=\"lazy\" decoding=\"async\" width=\"1024\" height=\"683\" src=\"https:\/\/d2p6e6u75xmxt8.cloudfront.net\/12\/2020\/05\/Cycling-Yoga-WLC-2-1024x683.jpg\" class=\"attachment-large size-large\" alt=\"Pigeon pose\" aria-describedby=\"gallery-1-7603\" srcset=\"https:\/\/d2p6e6u75xmxt8.cloudfront.net\/12\/2020\/05\/Cycling-Yoga-WLC-2-1024x683.jpg 1024w, https:\/\/d2p6e6u75xmxt8.cloudfront.net\/12\/2020\/05\/Cycling-Yoga-WLC-2-300x200.jpg 300w, https:\/\/d2p6e6u75xmxt8.cloudfront.net\/12\/2020\/05\/Cycling-Yoga-WLC-2-768x512.jpg 768w, https:\/\/d2p6e6u75xmxt8.cloudfront.net\/12\/2020\/05\/Cycling-Yoga-WLC-2-272x182.jpg 272w, https:\/\/d2p6e6u75xmxt8.cloudfront.net\/12\/2020\/05\/Cycling-Yoga-WLC-2.jpg 1500w\" sizes=\"auto, (max-width: 1024px) 100vw, 1024px\" \/><\/a>\n\t\t\t<\/div>\n\t\t\t\t<figcaption class='wp-caption-text gallery-caption' id='gallery-1-7603'>\n\t\t\t\tPigeon pose\n\t\t\t\t<\/figcaption><\/figure>\n\t\t<\/div>\n\n<h2><strong>Mely j\u00f3gap\u00f3zok a legfontosabbak ezen a h\u00e1rom ter\u00fcleten?<\/strong><\/h2>\n<p><em>A l\u00e1bak, a gerinc \u00e9s a cs\u00edp\u0151 ny\u00fajt\u00e1sa<\/em><\/p>\n<p><strong>Lefel\u00e9 n\u00e9z\u0151 kutya, el\u0151rehajl\u00e1s, alacsony kit\u00f6r\u00e9s<\/strong><\/p>\n<p>A lefel\u00e9 n\u00e9z\u0151 kutya egy akt\u00edv pihen\u0151 p\u00f3z, megny\u00fajtja \u00e9s er\u0151s\u00edti az izmokat. Seg\u00edt lelaz\u00edtani a l\u00e1bsz\u00e1rat, a t\u00e9rdinakat \u00e9s a v\u00e1llakat, \u00e9s alaposan meg tudod ny\u00fajtani a h\u00e1tad, mik\u00f6zben er\u0151s\u00edted a l\u00e1baidat \u00e9s a karjaidat is. A p\u00f3z seg\u00edti a v\u00e9r\u00e1raml\u00e1st, mivel a fej alacsonyabban van a sz\u00edvn\u00e9l. Ez a kedvenc p\u00f3zom, ha gyeng\u00e9nek vagy lust\u00e1nak \u00e9rzem magam, a lefel\u00e9 n\u00e9z\u0151 kutya seg\u00edt, hogy energikus legyek.<\/p>\n<p>A cs\u00edp\u0151nyit\u00f3 gyakorlatok, mint az alacsony kit\u00f6r\u00e9s \u00e9s a fa p\u00f3z, csod\u00e1ra k\u00e9pesek a bicikliz\u00e9s ter\u00fclet\u00e9n is. Ahhoz, hogy ezekben a poz\u00edci\u00f3kban meg tudd ny\u00fajtani a cs\u00edp\u0151d, koncentr\u00e1ci\u00f3ra \u00e9s egyens\u00falyra is sz\u00fcks\u00e9ged lesz. Fontos teh\u00e1t az egyenletes l\u00e9gz\u00e9s!<\/p>\n<p>Minden el\u0151rehajl\u00e1s azt a c\u00e9lt szolg\u00e1lja, hogy megny\u00faljanak a t\u00e9rdinak, mik\u00f6zben ellazul a der\u00e9k \u00e9s a gerinc. Ne feledd a nyakadat sem, hagyd, hogy a gravit\u00e1ci\u00f3 tegye a dolg\u00e1t, ne tarts ellen!<\/p>\n<p><em>A t\u00f6rzs \u00e9s a gerinc k\u00f6r\u00fcli izmok er\u0151s\u00edt\u00e9se<\/em><\/p>\n<p><strong>Pal\u00e1nk, oldals\u00f3 t\u00e1masz, cs\u00f3nak poz\u00edci\u00f3<\/strong><\/p>\n<p>Ha \u00e9p \u00e9s er\u0151s h\u00e1tat szeretn\u00e9l, akkor nem hagyhatod ki a t\u00f6rzser\u0151s\u00edt\u00e9st. A h\u00e1rom legjobb gyakorlat, amiket v\u00e9gezhetsz a pal\u00e1nk, az oldals\u00f3 t\u00e1masz \u00e9s a cs\u00f3nak p\u00f3z, illetve ezek v\u00e1ltogat\u00e1sa. A pal\u00e1nk p\u00f3z az eg\u00e9sz t\u00f6rzsed er\u0151s\u00edti, ide\u00e9rtve a hasi, a mellkasi \u00e9s a h\u00e1tizmokat. Emellett a karokat, a v\u00e1llakat \u00e9s a csukl\u00f3kat is ig\u00e9nybe veszi, sokszor egy nehezebb gyakorlat el\u0151k\u00e9sz\u00fcletek\u00e9nt szolg\u00e1l. A cs\u00f3nak poz\u00edci\u00f3 pedig els\u0151sorban a hasi izmokra van hat\u00e1ssal, azonban a gerincoszlopot \u00e9s a cs\u00edp\u0151t is er\u0151s\u00edti.<\/p>\n<p><em>Nyisd a mellkasod, \u00e9rezd a leveg\u0151 \u00e1raml\u00e1s\u00e1t<\/em><\/p>\n<p><strong>H\u00edd, \u00e9s kobra poz\u00edci\u00f3<\/strong><\/p>\n<p>A nap nagy r\u00e9sz\u00e9t beesett v\u00e1llakkal \u00e9s \u00f6sszez\u00e1rt mellkassal t\u00f6ltj\u00fck. A h\u00e1trahajl\u00f3 gyakorlatok, \u00fagymint a h\u00edd \u00e9s a kobra megny\u00fajtja a v\u00e1llakat, seg\u00edt kiemelni a mellkast \u00e9s eml\u00e9keztet r\u00e1, hogy l\u00e9legezz m\u00e9lyen. A h\u00edd p\u00f3z emellett a cs\u00edp\u0151nket is ny\u00fajtj, \u00edgy kiv\u00e1l\u00f3 bicikliz\u00e9s ut\u00e1n.<\/p>\n<p><img loading=\"lazy\" decoding=\"async\" class=\"alignnone size-full wp-image-7607\" src=\"https:\/\/d2p6e6u75xmxt8.cloudfront.net\/12\/2020\/05\/Cycling-Yoga-WLC.jpg\" alt=\"\" width=\"1423\" height=\"949\" srcset=\"https:\/\/d2p6e6u75xmxt8.cloudfront.net\/12\/2020\/05\/Cycling-Yoga-WLC.jpg 1423w, https:\/\/d2p6e6u75xmxt8.cloudfront.net\/12\/2020\/05\/Cycling-Yoga-WLC-300x200.jpg 300w, https:\/\/d2p6e6u75xmxt8.cloudfront.net\/12\/2020\/05\/Cycling-Yoga-WLC-768x512.jpg 768w, https:\/\/d2p6e6u75xmxt8.cloudfront.net\/12\/2020\/05\/Cycling-Yoga-WLC-1024x683.jpg 1024w, https:\/\/d2p6e6u75xmxt8.cloudfront.net\/12\/2020\/05\/Cycling-Yoga-WLC-272x182.jpg 272w\" sizes=\"auto, (max-width: 1423px) 100vw, 1423px\" \/><\/p>\n<p><strong>A ker\u00e9kp\u00e1roz\u00e1s egy line\u00e1ris sport, a j\u00f3ga pedig rengeteg csavarod\u00e1st tartalmaz. Mi\u00e9rt fontosak ezek a csavar\u00e1sok?<\/strong><\/p>\n<p>J\u00f3t tesznek a gerincnek, term\u00e9szetesen friss\u00edtik fel a test\u00fcnket \u00e9s seg\u00edtik a bels\u0151 szervek m\u0171k\u00f6d\u00e9s\u00e9t, illetve az em\u00e9szt\u00e9st. A bring\u00e1sok sz\u00e1m\u00e1ra els\u0151sorban a h\u00e1tf\u00e1jdalmak elker\u00fcl\u00e9s\u00e9t szolg\u00e1lja. A legegyszer\u0171bb megold\u00e1s a visszat\u00e9r\u0151 der\u00e9kf\u00e1j\u00e1sra!<\/p>\n<p><strong>Milyen tan\u00e1csot adn\u00e1l egy biciklisnek, aki f\u00e9l kipr\u00f3b\u00e1lni a j\u00f3g\u00e1z\u00e1st?<\/strong><\/p>\n<p>Rengeteg t\u00edpus\u00fa j\u00f3ga l\u00e9tezik, keresd meg az edzetts\u00e9gi-, hajl\u00e9konys\u00e1gi szintednek megfelel\u0151t! Olyat v\u00e1lassz, ami illik hozz\u00e1d! Nem kell hajl\u00e9konynak lenned, ahhoz hogy elkezdj j\u00f3g\u00e1zni, ez nem verseny, nem sz\u00e1m\u00edt, meg tudod-e \u00e9rinteni a l\u00e1bujjaidat. Az elej\u00e9n tal\u00e1n nem \u00fagy fogsz kin\u00e9zni egyes p\u00f3zokban, mint a gyakorlottabbak, de lassan fejl\u0151dni fogsz \u00e9s m\u00e1r az elej\u00e9n \u00e9rezni fogod a pozit\u00edv hat\u00e1sokat. A j\u00f3g\u00e1nak nem szabad f\u00e1jnia: arr\u00f3l sz\u00f3l, hogy megtal\u00e1ld a saj\u00e1t utad, meg\u00e9rtsd a tested \u00e9s k\u00e9nyelmesen \u00e9rezd magad benne.<\/p>\n","protected":false},"excerpt":{"rendered":"<p>Ha a bicikliz\u00e9s a kedvenc sportod vagy hobbid, biztosan sokat foglalkozol az er\u0151nl\u00e9t, a sebess\u00e9g \u00e9s az \u00e1ll\u00f3k\u00e9pess\u00e9g fejleszt\u00e9s\u00e9nek k\u00e9rd\u00e9s\u00e9vel. [&hellip;]<\/p>\n","protected":false},"author":71,"featured_media":7609,"comment_status":"open","ping_status":"open","sticky":false,"template":"","format":"standard","meta":{"footnotes":""},"categories":[6],"tags":[],"global-categories":[],"class_list":["post-7604","post","type-post","status-publish","format-standard","has-post-thumbnail","hentry","category-edzes-es-eletmod"],"yoast_head":"<!-- This site is optimized with the Yoast SEO Premium plugin v25.3 (Yoast SEO v25.9) - https:\/\/yoast.com\/wordpress\/plugins\/seo\/ -->\n<title>Mi\u00e9rt hasznos a j\u00f3ga a ker\u00e9kp\u00e1rosoknak (is)? - \u0160koda We Love Cycling - Magyarorsz\u00e1g<\/title>\n<meta name=\"robots\" content=\"index, follow, max-snippet:-1, max-image-preview:large, max-video-preview:-1\" \/>\n<link rel=\"canonical\" href=\"https:\/\/www.welovecycling.com\/hu\/edzes-es-eletmod\/miert-hasznos-a-joga-a-kerekparosoknak-is\/\" \/>\n<meta property=\"og:locale\" content=\"hu_HU\" \/>\n<meta property=\"og:type\" content=\"article\" \/>\n<meta property=\"og:title\" content=\"Mi\u00e9rt hasznos a j\u00f3ga a ker\u00e9kp\u00e1rosoknak (is)?\" \/>\n<meta property=\"og:description\" content=\"Ha a bicikliz\u00e9s a kedvenc sportod vagy hobbid, biztosan sokat foglalkozol az er\u0151nl\u00e9t, a sebess\u00e9g \u00e9s az \u00e1ll\u00f3k\u00e9pess\u00e9g fejleszt\u00e9s\u00e9nek k\u00e9rd\u00e9s\u00e9vel. [&hellip;]\" \/>\n<meta property=\"og:url\" content=\"https:\/\/www.welovecycling.com\/hu\/edzes-es-eletmod\/miert-hasznos-a-joga-a-kerekparosoknak-is\/\" \/>\n<meta property=\"og:site_name\" content=\"\u0160koda We Love Cycling - Magyarorsz\u00e1g\" \/>\n<meta property=\"article:publisher\" content=\"https:\/\/www.facebook.com\/WeLoveCyclingHungary\/\" \/>\n<meta property=\"article:published_time\" content=\"2020-05-13T07:00:52+00:00\" \/>\n<meta property=\"og:image\" content=\"https:\/\/d2p6e6u75xmxt8.cloudfront.net\/12\/2020\/05\/WLC-Yoga-CVR.jpg\" \/>\n\t<meta property=\"og:image:width\" content=\"1366\" \/>\n\t<meta property=\"og:image:height\" content=\"600\" \/>\n\t<meta property=\"og:image:type\" content=\"image\/jpeg\" \/>\n<meta name=\"author\" content=\"hegyizs\" \/>\n<meta name=\"twitter:card\" content=\"summary_large_image\" \/>\n<meta name=\"twitter:label1\" content=\"Written by\" \/>\n\t<meta name=\"twitter:data1\" content=\"Megan Flottorp\" \/>\n\t<meta name=\"twitter:label2\" content=\"Est. reading time\" \/>\n\t<meta name=\"twitter:data2\" content=\"7\" \/>\n<script type=\"application\/ld+json\" class=\"yoast-schema-graph\">{\"@context\":\"https:\/\/schema.org\",\"@graph\":[{\"@type\":\"WebPage\",\"@id\":\"https:\/\/www.welovecycling.com\/hu\/edzes-es-eletmod\/miert-hasznos-a-joga-a-kerekparosoknak-is\/\",\"url\":\"https:\/\/www.welovecycling.com\/hu\/edzes-es-eletmod\/miert-hasznos-a-joga-a-kerekparosoknak-is\/\",\"name\":\"Mi\u00e9rt hasznos a j\u00f3ga a ker\u00e9kp\u00e1rosoknak (is)? - \u0160koda We Love Cycling - Magyarorsz\u00e1g\",\"isPartOf\":{\"@id\":\"https:\/\/www.welovecycling.com\/hu\/#website\"},\"primaryImageOfPage\":{\"@id\":\"https:\/\/www.welovecycling.com\/hu\/edzes-es-eletmod\/miert-hasznos-a-joga-a-kerekparosoknak-is\/#primaryimage\"},\"image\":{\"@id\":\"https:\/\/www.welovecycling.com\/hu\/edzes-es-eletmod\/miert-hasznos-a-joga-a-kerekparosoknak-is\/#primaryimage\"},\"thumbnailUrl\":\"https:\/\/d2p6e6u75xmxt8.cloudfront.net\/12\/2020\/05\/WLC-Yoga-CVR.jpg\",\"datePublished\":\"2020-05-13T07:00:52+00:00\",\"author\":{\"@id\":\"https:\/\/www.welovecycling.com\/hu\/#\/schema\/person\/414a2aebf1801691a5320edb6468e194\"},\"breadcrumb\":{\"@id\":\"https:\/\/www.welovecycling.com\/hu\/edzes-es-eletmod\/miert-hasznos-a-joga-a-kerekparosoknak-is\/#breadcrumb\"},\"inLanguage\":\"hu\",\"potentialAction\":[{\"@type\":\"ReadAction\",\"target\":[\"https:\/\/www.welovecycling.com\/hu\/edzes-es-eletmod\/miert-hasznos-a-joga-a-kerekparosoknak-is\/\"]}]},{\"@type\":\"ImageObject\",\"inLanguage\":\"hu\",\"@id\":\"https:\/\/www.welovecycling.com\/hu\/edzes-es-eletmod\/miert-hasznos-a-joga-a-kerekparosoknak-is\/#primaryimage\",\"url\":\"https:\/\/d2p6e6u75xmxt8.cloudfront.net\/12\/2020\/05\/WLC-Yoga-CVR.jpg\",\"contentUrl\":\"https:\/\/d2p6e6u75xmxt8.cloudfront.net\/12\/2020\/05\/WLC-Yoga-CVR.jpg\",\"width\":1366,\"height\":600},{\"@type\":\"BreadcrumbList\",\"@id\":\"https:\/\/www.welovecycling.com\/hu\/edzes-es-eletmod\/miert-hasznos-a-joga-a-kerekparosoknak-is\/#breadcrumb\",\"itemListElement\":[{\"@type\":\"ListItem\",\"position\":1,\"name\":\"Home\",\"item\":\"https:\/\/www.welovecycling.com\/hu\/\"},{\"@type\":\"ListItem\",\"position\":2,\"name\":\"Mi\u00e9rt hasznos a j\u00f3ga a ker\u00e9kp\u00e1rosoknak (is)?\"}]},{\"@type\":\"WebSite\",\"@id\":\"https:\/\/www.welovecycling.com\/hu\/#website\",\"url\":\"https:\/\/www.welovecycling.com\/hu\/\",\"name\":\"\u0160koda We Love Cycling - Magyarorsz\u00e1g\",\"description\":\"\u0160koda WeLoveCycling\",\"potentialAction\":[{\"@type\":\"SearchAction\",\"target\":{\"@type\":\"EntryPoint\",\"urlTemplate\":\"https:\/\/www.welovecycling.com\/hu\/?s={search_term_string}\"},\"query-input\":{\"@type\":\"PropertyValueSpecification\",\"valueRequired\":true,\"valueName\":\"search_term_string\"}}],\"inLanguage\":\"hu\"},{\"@type\":\"Person\",\"@id\":\"https:\/\/www.welovecycling.com\/hu\/#\/schema\/person\/414a2aebf1801691a5320edb6468e194\",\"name\":\"hegyizs\",\"image\":{\"@type\":\"ImageObject\",\"inLanguage\":\"hu\",\"@id\":\"https:\/\/www.welovecycling.com\/hu\/#\/schema\/person\/image\/\",\"url\":\"https:\/\/secure.gravatar.com\/avatar\/02cf8a7906b8cf90cecb4679defac7cfd33a1c2e3b88e4903d947f3bb58eedd3?s=96&d=mm&r=g\",\"contentUrl\":\"https:\/\/secure.gravatar.com\/avatar\/02cf8a7906b8cf90cecb4679defac7cfd33a1c2e3b88e4903d947f3bb58eedd3?s=96&d=mm&r=g\",\"caption\":\"hegyizs\"},\"url\":\"https:\/\/www.welovecycling.com\/hu\/author\/hegyizs\/\"}]}<\/script>\n<!-- \/ Yoast SEO Premium plugin. -->","yoast_head_json":{"title":"Mi\u00e9rt hasznos a j\u00f3ga a ker\u00e9kp\u00e1rosoknak (is)? - \u0160koda We Love Cycling - Magyarorsz\u00e1g","robots":{"index":"index","follow":"follow","max-snippet":"max-snippet:-1","max-image-preview":"max-image-preview:large","max-video-preview":"max-video-preview:-1"},"canonical":"https:\/\/www.welovecycling.com\/hu\/edzes-es-eletmod\/miert-hasznos-a-joga-a-kerekparosoknak-is\/","og_locale":"hu_HU","og_type":"article","og_title":"Mi\u00e9rt hasznos a j\u00f3ga a ker\u00e9kp\u00e1rosoknak (is)?","og_description":"Ha a bicikliz\u00e9s a kedvenc sportod vagy hobbid, biztosan sokat foglalkozol az er\u0151nl\u00e9t, a sebess\u00e9g \u00e9s az \u00e1ll\u00f3k\u00e9pess\u00e9g fejleszt\u00e9s\u00e9nek k\u00e9rd\u00e9s\u00e9vel. [&hellip;]","og_url":"https:\/\/www.welovecycling.com\/hu\/edzes-es-eletmod\/miert-hasznos-a-joga-a-kerekparosoknak-is\/","og_site_name":"\u0160koda We Love Cycling - Magyarorsz\u00e1g","article_publisher":"https:\/\/www.facebook.com\/WeLoveCyclingHungary\/","article_published_time":"2020-05-13T07:00:52+00:00","og_image":[{"width":1366,"height":600,"url":"https:\/\/d2p6e6u75xmxt8.cloudfront.net\/12\/2020\/05\/WLC-Yoga-CVR.jpg","type":"image\/jpeg"}],"author":"hegyizs","twitter_card":"summary_large_image","twitter_misc":{"Written by":"Megan Flottorp","Est. reading time":"7"},"schema":{"@context":"https:\/\/schema.org","@graph":[{"@type":"WebPage","@id":"https:\/\/www.welovecycling.com\/hu\/edzes-es-eletmod\/miert-hasznos-a-joga-a-kerekparosoknak-is\/","url":"https:\/\/www.welovecycling.com\/hu\/edzes-es-eletmod\/miert-hasznos-a-joga-a-kerekparosoknak-is\/","name":"Mi\u00e9rt hasznos a j\u00f3ga a ker\u00e9kp\u00e1rosoknak (is)? - \u0160koda We Love Cycling - Magyarorsz\u00e1g","isPartOf":{"@id":"https:\/\/www.welovecycling.com\/hu\/#website"},"primaryImageOfPage":{"@id":"https:\/\/www.welovecycling.com\/hu\/edzes-es-eletmod\/miert-hasznos-a-joga-a-kerekparosoknak-is\/#primaryimage"},"image":{"@id":"https:\/\/www.welovecycling.com\/hu\/edzes-es-eletmod\/miert-hasznos-a-joga-a-kerekparosoknak-is\/#primaryimage"},"thumbnailUrl":"https:\/\/d2p6e6u75xmxt8.cloudfront.net\/12\/2020\/05\/WLC-Yoga-CVR.jpg","datePublished":"2020-05-13T07:00:52+00:00","author":{"@id":"https:\/\/www.welovecycling.com\/hu\/#\/schema\/person\/414a2aebf1801691a5320edb6468e194"},"breadcrumb":{"@id":"https:\/\/www.welovecycling.com\/hu\/edzes-es-eletmod\/miert-hasznos-a-joga-a-kerekparosoknak-is\/#breadcrumb"},"inLanguage":"hu","potentialAction":[{"@type":"ReadAction","target":["https:\/\/www.welovecycling.com\/hu\/edzes-es-eletmod\/miert-hasznos-a-joga-a-kerekparosoknak-is\/"]}]},{"@type":"ImageObject","inLanguage":"hu","@id":"https:\/\/www.welovecycling.com\/hu\/edzes-es-eletmod\/miert-hasznos-a-joga-a-kerekparosoknak-is\/#primaryimage","url":"https:\/\/d2p6e6u75xmxt8.cloudfront.net\/12\/2020\/05\/WLC-Yoga-CVR.jpg","contentUrl":"https:\/\/d2p6e6u75xmxt8.cloudfront.net\/12\/2020\/05\/WLC-Yoga-CVR.jpg","width":1366,"height":600},{"@type":"BreadcrumbList","@id":"https:\/\/www.welovecycling.com\/hu\/edzes-es-eletmod\/miert-hasznos-a-joga-a-kerekparosoknak-is\/#breadcrumb","itemListElement":[{"@type":"ListItem","position":1,"name":"Home","item":"https:\/\/www.welovecycling.com\/hu\/"},{"@type":"ListItem","position":2,"name":"Mi\u00e9rt hasznos a j\u00f3ga a ker\u00e9kp\u00e1rosoknak (is)?"}]},{"@type":"WebSite","@id":"https:\/\/www.welovecycling.com\/hu\/#website","url":"https:\/\/www.welovecycling.com\/hu\/","name":"\u0160koda We Love Cycling - Magyarorsz\u00e1g","description":"\u0160koda WeLoveCycling","potentialAction":[{"@type":"SearchAction","target":{"@type":"EntryPoint","urlTemplate":"https:\/\/www.welovecycling.com\/hu\/?s={search_term_string}"},"query-input":{"@type":"PropertyValueSpecification","valueRequired":true,"valueName":"search_term_string"}}],"inLanguage":"hu"},{"@type":"Person","@id":"https:\/\/www.welovecycling.com\/hu\/#\/schema\/person\/414a2aebf1801691a5320edb6468e194","name":"hegyizs","image":{"@type":"ImageObject","inLanguage":"hu","@id":"https:\/\/www.welovecycling.com\/hu\/#\/schema\/person\/image\/","url":"https:\/\/secure.gravatar.com\/avatar\/02cf8a7906b8cf90cecb4679defac7cfd33a1c2e3b88e4903d947f3bb58eedd3?s=96&d=mm&r=g","contentUrl":"https:\/\/secure.gravatar.com\/avatar\/02cf8a7906b8cf90cecb4679defac7cfd33a1c2e3b88e4903d947f3bb58eedd3?s=96&d=mm&r=g","caption":"hegyizs"},"url":"https:\/\/www.welovecycling.com\/hu\/author\/hegyizs\/"}]}},"_links":{"self":[{"href":"https:\/\/www.welovecycling.com\/hu\/wp-json\/wp\/v2\/posts\/7604","targetHints":{"allow":["GET"]}}],"collection":[{"href":"https:\/\/www.welovecycling.com\/hu\/wp-json\/wp\/v2\/posts"}],"about":[{"href":"https:\/\/www.welovecycling.com\/hu\/wp-json\/wp\/v2\/types\/post"}],"author":[{"embeddable":true,"href":"https:\/\/www.welovecycling.com\/hu\/wp-json\/wp\/v2\/users\/71"}],"replies":[{"embeddable":true,"href":"https:\/\/www.welovecycling.com\/hu\/wp-json\/wp\/v2\/comments?post=7604"}],"version-history":[{"count":2,"href":"https:\/\/www.welovecycling.com\/hu\/wp-json\/wp\/v2\/posts\/7604\/revisions"}],"predecessor-version":[{"id":7623,"href":"https:\/\/www.welovecycling.com\/hu\/wp-json\/wp\/v2\/posts\/7604\/revisions\/7623"}],"wp:featuredmedia":[{"embeddable":true,"href":"https:\/\/www.welovecycling.com\/hu\/wp-json\/wp\/v2\/media\/7609"}],"wp:attachment":[{"href":"https:\/\/www.welovecycling.com\/hu\/wp-json\/wp\/v2\/media?parent=7604"}],"wp:term":[{"taxonomy":"category","embeddable":true,"href":"https:\/\/www.welovecycling.com\/hu\/wp-json\/wp\/v2\/categories?post=7604"},{"taxonomy":"post_tag","embeddable":true,"href":"https:\/\/www.welovecycling.com\/hu\/wp-json\/wp\/v2\/tags?post=7604"},{"taxonomy":"global-categories","embeddable":true,"href":"https:\/\/www.welovecycling.com\/hu\/wp-json\/wp\/v2\/global-categories?post=7604"}],"curies":[{"name":"wp","href":"https:\/\/api.w.org\/{rel}","templated":true}]}}