{"id":7598,"date":"2020-05-15T08:00:29","date_gmt":"2020-05-15T07:00:29","guid":{"rendered":"https:\/\/www.welovecycling.com\/hu\/?p=7598"},"modified":"2020-05-12T16:02:58","modified_gmt":"2020-05-12T15:02:58","slug":"22-idegesito-bringas-dolog-amire-otthon-szoktunk-ra","status":"publish","type":"post","link":"https:\/\/www.welovecycling.com\/hu\/kozosseg-es-kultura\/22-idegesito-bringas-dolog-amire-otthon-szoktunk-ra\/","title":{"rendered":"22 ideges\u00edt\u0151 bring\u00e1s dolog, amire otthon szoktunk r\u00e1"},"content":{"rendered":"<p><strong>Sok ker\u00e9kp\u00e1ros egyet\u00e9rt abban, hogy biciklizni f\u00e1j, de nem csak mi szenved\u00fcnk a sport miatt. Szeretteinknek is kijut b\u0151ven a megpr\u00f3b\u00e1ltat\u00e1sokb\u00f3l, f\u0151leg most, hogy \u00f6ssze vagyunk z\u00e1rva. \u00c9s bizony r\u00e1szoktunk n\u00e9h\u00e1ny dologra, amikr\u0151l nem is tudjuk, milyen ideges\u00edt\u0151ek\u2026<\/strong><!--more--><\/p>\n<p>Minden reggel elmondjuk, h\u00e1ny kilom\u00e9tert tekert\u00fcnk le hajnalban.<\/p>\n<p>Minden nap elmondjuk, m\u00e9g h\u00e1ny kilom\u00e9ter van h\u00e1tra, hogy el\u00e9rj\u00fck az \u00e9vi 10.000-es c\u00e9lt.<\/p>\n<p>Azon b\u00e1nk\u00f3dunk, hogy milyen t\u00far\u00e1t hagyunk ki \u00e9ppen, hiszen nem a biciklin \u00fcl\u00fcnk.<\/p>\n<p>Ragaszkodunk hozz\u00e1, hogy az eg\u00e9sz csal\u00e1d vel\u00fcnk tartson a d\u00e9lut\u00e1ni teker\u00e9sen.<\/p>\n<p>Egy vagyont k\u00f6lt\u00fcnk karbonsz\u00e1las alkatr\u00e9szekre.<\/p>\n<p>https:\/\/www.instagram.com\/p\/B-67QZAg4ZV\/<\/p>\n<p>Sz\u00e1moljuk a kal\u00f3ri\u00e1kat, nemcsak azokat, amik a saj\u00e1t t\u00e1ny\u00e9runkon foglalnak helyet, de azokat is, amik a csal\u00e1d t\u00f6bbi tagja el\u0151tt v\u00e1rj\u00e1k az elfogyaszt\u00e1st.<\/p>\n<p>Nevets\u00e9ges statisztik\u00e1kat k\u00f6vet\u00fcnk test\u00fcnk fejl\u0151d\u00e9s\u00e9r\u0151l.<\/p>\n<p>M\u00e9g az aut\u00f3k kerekeinek l\u00e9gnyom\u00e1s\u00e1t is ellen\u0151rizz\u00fck, miel\u0151tt elindulunk.<\/p>\n<p>Folyamatosan cs\u00fanya m\u0171anyagtokban hordjuk a telefonunkat, nehogy r\u00e1 essen egy csepp es\u0151.<\/p>\n<p>Soha v\u00e9get nem \u00e9r\u0151 bicikliversenyeket n\u00e9z\u00fcnk a Tv-ben, az sem baj, ha nem \u00e9l\u0151 az ad\u00e1s.<\/p>\n<p>Elfoglaljuk a sz\u00e1r\u00edt\u00f3t \u00fajabb \u00e9s \u00fajabb nedves ker\u00e9kp\u00e1ros ruh\u00e1inkkal.<\/p>\n<p>Ak\u00e1rhov\u00e1 indulunk, mindig el\u0151re k\u00fcldj\u00fck a csal\u00e1dot aut\u00f3val, mi pedig biciklivel \u00e9rkez\u00fcnk a helysz\u00ednre.<\/p>\n<p>Felt\u0171n\u00e9smentesen \u00fajra \u00e9s \u00fajra felhozzuk, hogy csal\u00e1dtagjainknak eg\u00e9szs\u00e9gesebben kellene \u00e9lni\u00fck.<\/p>\n<p>Bicikliket akasztgatunk a falra \u00e9s ezt m\u0171v\u00e9szetnek h\u00edvjuk.<\/p>\n<p>Hidegre \u00e1ll\u00edtjuk a zuhanyt \u00e9s \u00fagy is felejtj\u00fck.<\/p>\n<p>https:\/\/www.instagram.com\/p\/B-JePwngCeD\/<\/p>\n<p>Soha nem mulasztjuk el, hogy fennhangon h\u00e1l\u00e1t adjunk t\u00fal\u00e1razott sz\u00e9ldzsekinknek, holott m\u00e1r mindenki tudja, milyen fantasztikus.<\/p>\n<p>Nem ismer\u00fcnk m\u00e1s szombat reggeli programot, mint a bicikliz\u00e9s.<\/p>\n<p>Rendszeresen kisz\u00e1moljuk, mennyi p\u00e9nzt sp\u00f3rolunk azzal, hogy nem haszn\u00e1lunk aut\u00f3t.<\/p>\n<p>Naponta t\u00f6bb \u00edzben kihal\u00e1sszuk a h\u00e1ts\u00f3 zsebeinkbe rejtett nassolni val\u00f3kat, \u00e9s visszatessz\u00fck az \u00fcres pap\u00edrt.<\/p>\n<p>Aerodinamikus poz\u00edci\u00f3t vesz\u00fcnk fel m\u00e9g akkor is, ha csak a Tv el\u0151tt \u00fcl\u00fcnk.<\/p>\n<p>Felt\u00f6ltj\u00fck a gar\u00e1zst olyan biciklikkel, amik megl\u00e9t\u00e9t\u0151l a boldogs\u00e1gunk f\u00fcgg.<\/p>\n<p>Ker\u00e9kp\u00e1ros mond\u00e1sokat id\u00e9zget\u00fcnk.<\/p>\n","protected":false},"excerpt":{"rendered":"<p>Sok ker\u00e9kp\u00e1ros egyet\u00e9rt abban, hogy biciklizni f\u00e1j, de nem csak mi szenved\u00fcnk a sport miatt. Szeretteinknek is kijut b\u0151ven a [&hellip;]<\/p>\n","protected":false},"author":71,"featured_media":7601,"comment_status":"open","ping_status":"open","sticky":false,"template":"","format":"standard","meta":{"footnotes":""},"categories":[12],"tags":[],"global-categories":[],"class_list":["post-7598","post","type-post","status-publish","format-standard","has-post-thumbnail","hentry","category-kozosseg-es-kultura"],"yoast_head":"<!-- This site is optimized with the Yoast SEO Premium plugin v25.3 (Yoast SEO v25.9) - https:\/\/yoast.com\/wordpress\/plugins\/seo\/ -->\n<title>22 ideges\u00edt\u0151 bring\u00e1s dolog, amire otthon szoktunk r\u00e1 - \u0160koda We Love Cycling - Magyarorsz\u00e1g<\/title>\n<meta name=\"robots\" content=\"index, follow, max-snippet:-1, max-image-preview:large, max-video-preview:-1\" \/>\n<link rel=\"canonical\" href=\"https:\/\/www.welovecycling.com\/hu\/kozosseg-es-kultura\/22-idegesito-bringas-dolog-amire-otthon-szoktunk-ra\/\" \/>\n<meta property=\"og:locale\" content=\"hu_HU\" \/>\n<meta property=\"og:type\" content=\"article\" \/>\n<meta property=\"og:title\" content=\"22 ideges\u00edt\u0151 bring\u00e1s dolog, amire otthon szoktunk r\u00e1\" \/>\n<meta property=\"og:description\" content=\"Sok ker\u00e9kp\u00e1ros egyet\u00e9rt abban, hogy biciklizni f\u00e1j, de nem csak mi szenved\u00fcnk a sport miatt. Szeretteinknek is kijut b\u0151ven a [&hellip;]\" \/>\n<meta property=\"og:url\" content=\"https:\/\/www.welovecycling.com\/hu\/kozosseg-es-kultura\/22-idegesito-bringas-dolog-amire-otthon-szoktunk-ra\/\" \/>\n<meta property=\"og:site_name\" content=\"\u0160koda We Love Cycling - Magyarorsz\u00e1g\" \/>\n<meta property=\"article:publisher\" content=\"https:\/\/www.facebook.com\/WeLoveCyclingHungary\/\" \/>\n<meta property=\"article:published_time\" content=\"2020-05-15T07:00:29+00:00\" \/>\n<meta property=\"og:image\" content=\"https:\/\/d2p6e6u75xmxt8.cloudfront.net\/12\/2020\/05\/Bicycle-Rack-CVR.jpg\" \/>\n\t<meta property=\"og:image:width\" content=\"1366\" \/>\n\t<meta property=\"og:image:height\" content=\"600\" \/>\n\t<meta property=\"og:image:type\" content=\"image\/jpeg\" \/>\n<meta name=\"author\" content=\"hegyizs\" \/>\n<meta name=\"twitter:card\" content=\"summary_large_image\" \/>\n<meta name=\"twitter:label1\" content=\"Written by\" \/>\n\t<meta name=\"twitter:data1\" content=\"Adam Marsal\" \/>\n\t<meta name=\"twitter:label2\" content=\"Est. reading time\" \/>\n\t<meta name=\"twitter:data2\" content=\"5\" \/>\n<script type=\"application\/ld+json\" class=\"yoast-schema-graph\">{\"@context\":\"https:\/\/schema.org\",\"@graph\":[{\"@type\":\"WebPage\",\"@id\":\"https:\/\/www.welovecycling.com\/hu\/kozosseg-es-kultura\/22-idegesito-bringas-dolog-amire-otthon-szoktunk-ra\/\",\"url\":\"https:\/\/www.welovecycling.com\/hu\/kozosseg-es-kultura\/22-idegesito-bringas-dolog-amire-otthon-szoktunk-ra\/\",\"name\":\"22 ideges\u00edt\u0151 bring\u00e1s dolog, amire otthon szoktunk r\u00e1 - \u0160koda We Love Cycling - Magyarorsz\u00e1g\",\"isPartOf\":{\"@id\":\"https:\/\/www.welovecycling.com\/hu\/#website\"},\"primaryImageOfPage\":{\"@id\":\"https:\/\/www.welovecycling.com\/hu\/kozosseg-es-kultura\/22-idegesito-bringas-dolog-amire-otthon-szoktunk-ra\/#primaryimage\"},\"image\":{\"@id\":\"https:\/\/www.welovecycling.com\/hu\/kozosseg-es-kultura\/22-idegesito-bringas-dolog-amire-otthon-szoktunk-ra\/#primaryimage\"},\"thumbnailUrl\":\"https:\/\/d2p6e6u75xmxt8.cloudfront.net\/12\/2020\/05\/Bicycle-Rack-CVR.jpg\",\"datePublished\":\"2020-05-15T07:00:29+00:00\",\"author\":{\"@id\":\"https:\/\/www.welovecycling.com\/hu\/#\/schema\/person\/414a2aebf1801691a5320edb6468e194\"},\"breadcrumb\":{\"@id\":\"https:\/\/www.welovecycling.com\/hu\/kozosseg-es-kultura\/22-idegesito-bringas-dolog-amire-otthon-szoktunk-ra\/#breadcrumb\"},\"inLanguage\":\"hu\",\"potentialAction\":[{\"@type\":\"ReadAction\",\"target\":[\"https:\/\/www.welovecycling.com\/hu\/kozosseg-es-kultura\/22-idegesito-bringas-dolog-amire-otthon-szoktunk-ra\/\"]}]},{\"@type\":\"ImageObject\",\"inLanguage\":\"hu\",\"@id\":\"https:\/\/www.welovecycling.com\/hu\/kozosseg-es-kultura\/22-idegesito-bringas-dolog-amire-otthon-szoktunk-ra\/#primaryimage\",\"url\":\"https:\/\/d2p6e6u75xmxt8.cloudfront.net\/12\/2020\/05\/Bicycle-Rack-CVR.jpg\",\"contentUrl\":\"https:\/\/d2p6e6u75xmxt8.cloudfront.net\/12\/2020\/05\/Bicycle-Rack-CVR.jpg\",\"width\":1366,\"height\":600},{\"@type\":\"BreadcrumbList\",\"@id\":\"https:\/\/www.welovecycling.com\/hu\/kozosseg-es-kultura\/22-idegesito-bringas-dolog-amire-otthon-szoktunk-ra\/#breadcrumb\",\"itemListElement\":[{\"@type\":\"ListItem\",\"position\":1,\"name\":\"Home\",\"item\":\"https:\/\/www.welovecycling.com\/hu\/\"},{\"@type\":\"ListItem\",\"position\":2,\"name\":\"22 ideges\u00edt\u0151 bring\u00e1s dolog, amire otthon szoktunk r\u00e1\"}]},{\"@type\":\"WebSite\",\"@id\":\"https:\/\/www.welovecycling.com\/hu\/#website\",\"url\":\"https:\/\/www.welovecycling.com\/hu\/\",\"name\":\"\u0160koda We Love Cycling - Magyarorsz\u00e1g\",\"description\":\"\u0160koda WeLoveCycling\",\"potentialAction\":[{\"@type\":\"SearchAction\",\"target\":{\"@type\":\"EntryPoint\",\"urlTemplate\":\"https:\/\/www.welovecycling.com\/hu\/?s={search_term_string}\"},\"query-input\":{\"@type\":\"PropertyValueSpecification\",\"valueRequired\":true,\"valueName\":\"search_term_string\"}}],\"inLanguage\":\"hu\"},{\"@type\":\"Person\",\"@id\":\"https:\/\/www.welovecycling.com\/hu\/#\/schema\/person\/414a2aebf1801691a5320edb6468e194\",\"name\":\"hegyizs\",\"image\":{\"@type\":\"ImageObject\",\"inLanguage\":\"hu\",\"@id\":\"https:\/\/www.welovecycling.com\/hu\/#\/schema\/person\/image\/\",\"url\":\"https:\/\/secure.gravatar.com\/avatar\/02cf8a7906b8cf90cecb4679defac7cfd33a1c2e3b88e4903d947f3bb58eedd3?s=96&d=mm&r=g\",\"contentUrl\":\"https:\/\/secure.gravatar.com\/avatar\/02cf8a7906b8cf90cecb4679defac7cfd33a1c2e3b88e4903d947f3bb58eedd3?s=96&d=mm&r=g\",\"caption\":\"hegyizs\"},\"url\":\"https:\/\/www.welovecycling.com\/hu\/author\/hegyizs\/\"}]}<\/script>\n<!-- \/ Yoast SEO Premium plugin. -->","yoast_head_json":{"title":"22 ideges\u00edt\u0151 bring\u00e1s dolog, amire otthon szoktunk r\u00e1 - \u0160koda We Love Cycling - Magyarorsz\u00e1g","robots":{"index":"index","follow":"follow","max-snippet":"max-snippet:-1","max-image-preview":"max-image-preview:large","max-video-preview":"max-video-preview:-1"},"canonical":"https:\/\/www.welovecycling.com\/hu\/kozosseg-es-kultura\/22-idegesito-bringas-dolog-amire-otthon-szoktunk-ra\/","og_locale":"hu_HU","og_type":"article","og_title":"22 ideges\u00edt\u0151 bring\u00e1s dolog, amire otthon szoktunk r\u00e1","og_description":"Sok ker\u00e9kp\u00e1ros egyet\u00e9rt abban, hogy biciklizni f\u00e1j, de nem csak mi szenved\u00fcnk a sport miatt. Szeretteinknek is kijut b\u0151ven a [&hellip;]","og_url":"https:\/\/www.welovecycling.com\/hu\/kozosseg-es-kultura\/22-idegesito-bringas-dolog-amire-otthon-szoktunk-ra\/","og_site_name":"\u0160koda We Love Cycling - Magyarorsz\u00e1g","article_publisher":"https:\/\/www.facebook.com\/WeLoveCyclingHungary\/","article_published_time":"2020-05-15T07:00:29+00:00","og_image":[{"width":1366,"height":600,"url":"https:\/\/d2p6e6u75xmxt8.cloudfront.net\/12\/2020\/05\/Bicycle-Rack-CVR.jpg","type":"image\/jpeg"}],"author":"hegyizs","twitter_card":"summary_large_image","twitter_misc":{"Written by":"Adam Marsal","Est. reading time":"5"},"schema":{"@context":"https:\/\/schema.org","@graph":[{"@type":"WebPage","@id":"https:\/\/www.welovecycling.com\/hu\/kozosseg-es-kultura\/22-idegesito-bringas-dolog-amire-otthon-szoktunk-ra\/","url":"https:\/\/www.welovecycling.com\/hu\/kozosseg-es-kultura\/22-idegesito-bringas-dolog-amire-otthon-szoktunk-ra\/","name":"22 ideges\u00edt\u0151 bring\u00e1s dolog, amire otthon szoktunk r\u00e1 - \u0160koda We Love Cycling - Magyarorsz\u00e1g","isPartOf":{"@id":"https:\/\/www.welovecycling.com\/hu\/#website"},"primaryImageOfPage":{"@id":"https:\/\/www.welovecycling.com\/hu\/kozosseg-es-kultura\/22-idegesito-bringas-dolog-amire-otthon-szoktunk-ra\/#primaryimage"},"image":{"@id":"https:\/\/www.welovecycling.com\/hu\/kozosseg-es-kultura\/22-idegesito-bringas-dolog-amire-otthon-szoktunk-ra\/#primaryimage"},"thumbnailUrl":"https:\/\/d2p6e6u75xmxt8.cloudfront.net\/12\/2020\/05\/Bicycle-Rack-CVR.jpg","datePublished":"2020-05-15T07:00:29+00:00","author":{"@id":"https:\/\/www.welovecycling.com\/hu\/#\/schema\/person\/414a2aebf1801691a5320edb6468e194"},"breadcrumb":{"@id":"https:\/\/www.welovecycling.com\/hu\/kozosseg-es-kultura\/22-idegesito-bringas-dolog-amire-otthon-szoktunk-ra\/#breadcrumb"},"inLanguage":"hu","potentialAction":[{"@type":"ReadAction","target":["https:\/\/www.welovecycling.com\/hu\/kozosseg-es-kultura\/22-idegesito-bringas-dolog-amire-otthon-szoktunk-ra\/"]}]},{"@type":"ImageObject","inLanguage":"hu","@id":"https:\/\/www.welovecycling.com\/hu\/kozosseg-es-kultura\/22-idegesito-bringas-dolog-amire-otthon-szoktunk-ra\/#primaryimage","url":"https:\/\/d2p6e6u75xmxt8.cloudfront.net\/12\/2020\/05\/Bicycle-Rack-CVR.jpg","contentUrl":"https:\/\/d2p6e6u75xmxt8.cloudfront.net\/12\/2020\/05\/Bicycle-Rack-CVR.jpg","width":1366,"height":600},{"@type":"BreadcrumbList","@id":"https:\/\/www.welovecycling.com\/hu\/kozosseg-es-kultura\/22-idegesito-bringas-dolog-amire-otthon-szoktunk-ra\/#breadcrumb","itemListElement":[{"@type":"ListItem","position":1,"name":"Home","item":"https:\/\/www.welovecycling.com\/hu\/"},{"@type":"ListItem","position":2,"name":"22 ideges\u00edt\u0151 bring\u00e1s dolog, amire otthon szoktunk r\u00e1"}]},{"@type":"WebSite","@id":"https:\/\/www.welovecycling.com\/hu\/#website","url":"https:\/\/www.welovecycling.com\/hu\/","name":"\u0160koda We Love Cycling - Magyarorsz\u00e1g","description":"\u0160koda WeLoveCycling","potentialAction":[{"@type":"SearchAction","target":{"@type":"EntryPoint","urlTemplate":"https:\/\/www.welovecycling.com\/hu\/?s={search_term_string}"},"query-input":{"@type":"PropertyValueSpecification","valueRequired":true,"valueName":"search_term_string"}}],"inLanguage":"hu"},{"@type":"Person","@id":"https:\/\/www.welovecycling.com\/hu\/#\/schema\/person\/414a2aebf1801691a5320edb6468e194","name":"hegyizs","image":{"@type":"ImageObject","inLanguage":"hu","@id":"https:\/\/www.welovecycling.com\/hu\/#\/schema\/person\/image\/","url":"https:\/\/secure.gravatar.com\/avatar\/02cf8a7906b8cf90cecb4679defac7cfd33a1c2e3b88e4903d947f3bb58eedd3?s=96&d=mm&r=g","contentUrl":"https:\/\/secure.gravatar.com\/avatar\/02cf8a7906b8cf90cecb4679defac7cfd33a1c2e3b88e4903d947f3bb58eedd3?s=96&d=mm&r=g","caption":"hegyizs"},"url":"https:\/\/www.welovecycling.com\/hu\/author\/hegyizs\/"}]}},"_links":{"self":[{"href":"https:\/\/www.welovecycling.com\/hu\/wp-json\/wp\/v2\/posts\/7598","targetHints":{"allow":["GET"]}}],"collection":[{"href":"https:\/\/www.welovecycling.com\/hu\/wp-json\/wp\/v2\/posts"}],"about":[{"href":"https:\/\/www.welovecycling.com\/hu\/wp-json\/wp\/v2\/types\/post"}],"author":[{"embeddable":true,"href":"https:\/\/www.welovecycling.com\/hu\/wp-json\/wp\/v2\/users\/71"}],"replies":[{"embeddable":true,"href":"https:\/\/www.welovecycling.com\/hu\/wp-json\/wp\/v2\/comments?post=7598"}],"version-history":[{"count":1,"href":"https:\/\/www.welovecycling.com\/hu\/wp-json\/wp\/v2\/posts\/7598\/revisions"}],"predecessor-version":[{"id":7620,"href":"https:\/\/www.welovecycling.com\/hu\/wp-json\/wp\/v2\/posts\/7598\/revisions\/7620"}],"wp:featuredmedia":[{"embeddable":true,"href":"https:\/\/www.welovecycling.com\/hu\/wp-json\/wp\/v2\/media\/7601"}],"wp:attachment":[{"href":"https:\/\/www.welovecycling.com\/hu\/wp-json\/wp\/v2\/media?parent=7598"}],"wp:term":[{"taxonomy":"category","embeddable":true,"href":"https:\/\/www.welovecycling.com\/hu\/wp-json\/wp\/v2\/categories?post=7598"},{"taxonomy":"post_tag","embeddable":true,"href":"https:\/\/www.welovecycling.com\/hu\/wp-json\/wp\/v2\/tags?post=7598"},{"taxonomy":"global-categories","embeddable":true,"href":"https:\/\/www.welovecycling.com\/hu\/wp-json\/wp\/v2\/global-categories?post=7598"}],"curies":[{"name":"wp","href":"https:\/\/api.w.org\/{rel}","templated":true}]}}