{"id":7593,"date":"2020-05-12T15:37:56","date_gmt":"2020-05-12T14:37:56","guid":{"rendered":"https:\/\/www.welovecycling.com\/hu\/?p=7593"},"modified":"2020-05-12T15:37:56","modified_gmt":"2020-05-12T14:37:56","slug":"mi-van-a-profik-kerekparjan-ami-a-tieden-nincs","status":"publish","type":"post","link":"https:\/\/www.welovecycling.com\/hu\/orszaguti-kerekpar\/mi-van-a-profik-kerekparjan-ami-a-tieden-nincs\/","title":{"rendered":"Mi van a profik ker\u00e9kp\u00e1rj\u00e1n, ami a ti\u00e9den nincs?"},"content":{"rendered":"<p><strong>Biztosan te is gondolkodt\u00e1l m\u00e1r rajta, milyen felszerel\u00e9ssel rendelkeznek a profi ker\u00e9kp\u00e1rosok, amivel te nem. A professzion\u00e1lis sportol\u00e1s nagyr\u00e9szt a p\u00e9nzr\u0151l sz\u00f3l: d\u00edjak, szponzorok, ker\u00e9kp\u00e1rm\u00e1rk\u00e1kkal k\u00f6t\u00f6tt \u00fczletek. A csapatok teh\u00e1t nagy \u00f6sszegeket ford\u00edtanak arra, hogy a bring\u00e1k is legyenek olyan j\u00f3k, mint akik rajtuk \u00fclnek. Egy sz\u00f3, mint sz\u00e1z: p\u00e9nz kell a m\u00e9g t\u00f6bb p\u00e9nzhez.<\/strong><!--more--><\/p>\n<p>Azonban van n\u00e9h\u00e1ny felszerel\u00e9s, aminek nem a teljes\u00edtm\u00e9ny n\u00f6vel\u00e9se a c\u00e9lja. P\u00e9ld\u00e1ul a bicikli tulajdonos\u00e1nak neve r\u00e1 van ragasztva mind a v\u00e1zra, mind a kerekekre. Ez az\u00e9rt fontos, mert hi\u00e1ba egys\u00e9gesek a kerekek, mindenki m\u00e1s l\u00e9gnyom\u00e1ssal haszn\u00e1lja \u0151ket.<\/p>\n<p>Ott vannak m\u00e9g a rendsz\u00e1mt\u00e1bl\u00e1k vagy a h\u00e1ts\u00f3 f\u00e9khez, vagy az \u00fcl\u00e9shez r\u00f6gz\u00edtve. Amellett, hogy ezek seg\u00edtik azonos\u00edtani a versenyz\u0151ket \u2013 persze a mezzel egy\u00fctt \u2013 a csapat szerel\u0151inek is k\u00f6nnyebb a tartal\u00e9k-ker\u00e9kp\u00e1rok sz\u00e1montart\u00e1sa.<\/p>\n<lite-youtube videoid=DhDAXhd2LYI params=\"enablejsapi=1\" style=\"background-image: url('https:\/\/i.ytimg.com\/vi_webp\/DhDAXhd2LYI\/maxresdefault.webp');\"><\/lite-youtube>\n<div id='gallery-1' class='gallery galleryid-7593 gallery-columns-2 gallery-size-large'><figure class='gallery-item'>\n\t\t\t<div class='gallery-icon landscape'>\n\t\t\t\t<a href='https:\/\/d2p6e6u75xmxt8.cloudfront.net\/12\/2020\/05\/82824654_10157802787460629_9069821827831824384_o-1.jpg'><img loading=\"lazy\" decoding=\"async\" width=\"960\" height=\"640\" src=\"https:\/\/d2p6e6u75xmxt8.cloudfront.net\/12\/2020\/05\/82824654_10157802787460629_9069821827831824384_o-1.jpg\" class=\"attachment-large size-large\" alt=\"\" srcset=\"https:\/\/d2p6e6u75xmxt8.cloudfront.net\/12\/2020\/05\/82824654_10157802787460629_9069821827831824384_o-1.jpg 960w, https:\/\/d2p6e6u75xmxt8.cloudfront.net\/12\/2020\/05\/82824654_10157802787460629_9069821827831824384_o-1-300x200.jpg 300w, https:\/\/d2p6e6u75xmxt8.cloudfront.net\/12\/2020\/05\/82824654_10157802787460629_9069821827831824384_o-1-768x512.jpg 768w, https:\/\/d2p6e6u75xmxt8.cloudfront.net\/12\/2020\/05\/82824654_10157802787460629_9069821827831824384_o-1-272x182.jpg 272w\" sizes=\"auto, (max-width: 960px) 100vw, 960px\" \/><\/a>\n\t\t\t<\/div><\/figure><figure class='gallery-item'>\n\t\t\t<div class='gallery-icon landscape'>\n\t\t\t\t<a href='https:\/\/d2p6e6u75xmxt8.cloudfront.net\/12\/2020\/05\/profimedia-0430407931.jpg'><img loading=\"lazy\" decoding=\"async\" width=\"1024\" height=\"682\" src=\"https:\/\/d2p6e6u75xmxt8.cloudfront.net\/12\/2020\/05\/profimedia-0430407931-1024x682.jpg\" class=\"attachment-large size-large\" alt=\"\" aria-describedby=\"gallery-1-7592\" srcset=\"https:\/\/d2p6e6u75xmxt8.cloudfront.net\/12\/2020\/05\/profimedia-0430407931-1024x682.jpg 1024w, https:\/\/d2p6e6u75xmxt8.cloudfront.net\/12\/2020\/05\/profimedia-0430407931-300x200.jpg 300w, https:\/\/d2p6e6u75xmxt8.cloudfront.net\/12\/2020\/05\/profimedia-0430407931-768x511.jpg 768w, https:\/\/d2p6e6u75xmxt8.cloudfront.net\/12\/2020\/05\/profimedia-0430407931-272x182.jpg 272w, https:\/\/d2p6e6u75xmxt8.cloudfront.net\/12\/2020\/05\/profimedia-0430407931.jpg 1250w\" sizes=\"auto, (max-width: 1024px) 100vw, 1024px\" \/><\/a>\n\t\t\t<\/div>\n\t\t\t\t<figcaption class='wp-caption-text gallery-caption' id='gallery-1-7592'>\n\t\t\t\tBicycles of Team Ineos are lined up in advance of the first stage of the Tour de Yorkshire in Doncaster, North England on May 2. Credit line: Oli SCARFF \/ AFP \/ Profimedia\n\t\t\t\t<\/figcaption><\/figure>\n\t\t<\/div>\n\n<p>Persze fontos technikai el\u0151nyei is vannak egy profi Tour de France-on gurul\u00f3 ker\u00e9kp\u00e1rnak egy boltban kaphat\u00f3hoz k\u00e9pest. A legszembet\u0171n\u0151bb k\u00fcl\u00f6nbs\u00e9g a hossz\u00fa korm\u00e1nysz\u00e1r, ami lehet\u0151v\u00e9 teszi, hogy aerodinamikailag megfelel\u0151 poz\u00edci\u00f3ban r\u00e1hajoljanak a v\u00e1zra a versenyz\u0151k.<\/p>\n<p>\u00c9vtizedekkel ezel\u0151tt m\u00e9g szem\u00e9lyre szabt\u00e1k az ac\u00e9lb\u00f3l k\u00e9sz\u00fclt v\u00e1zakat, ma azonban f\u0151leg egys\u00e9ges karbonsz\u00e1las v\u00e1zat haszn\u00e1lnak. Teh\u00e1t napjainkban ink\u00e1bb kisebb m\u00e9ret\u0171 a v\u00e1z \u00e9s hossz\u00fa a korm\u00e1nysz\u00e1r.<\/p>\n<p>A profik \u00e1ltal\u00e1ban t\u00f6ml\u0151s, az abroncshoz ragasztott gumikkal, \u00e9s sokszor karbonsz\u00e1las abroncsokkal rendelkeznek, hiszen ez a legk\u00f6nnyebb felszerel\u00e9s. A t\u00f6ml\u0151s gumik pedig biztons\u00e1got is ny\u00fajtanak: defekt eset\u00e9n tov\u00e1bb lehet vel\u00fck tekerni, ameddig ki nem cser\u00e9lik. A t\u00f6ml\u0151 n\u00e9lk\u00fcli gumikn\u00e1l ez nem lehets\u00e9ges, s\u0151t m\u00e9g vesz\u00e9lyes is lehet egy durrdefekt.<\/p>\n<figure id=\"attachment_7595\" aria-describedby=\"caption-attachment-7595\" style=\"width: 1250px\" class=\"wp-caption alignnone\"><img loading=\"lazy\" decoding=\"async\" class=\"size-full wp-image-7595\" src=\"https:\/\/d2p6e6u75xmxt8.cloudfront.net\/12\/2020\/05\/Egan-Bernal-profimedia-0462958452.jpg\" alt=\"\" width=\"1250\" height=\"873\" srcset=\"https:\/\/d2p6e6u75xmxt8.cloudfront.net\/12\/2020\/05\/Egan-Bernal-profimedia-0462958452.jpg 1250w, https:\/\/d2p6e6u75xmxt8.cloudfront.net\/12\/2020\/05\/Egan-Bernal-profimedia-0462958452-300x210.jpg 300w, https:\/\/d2p6e6u75xmxt8.cloudfront.net\/12\/2020\/05\/Egan-Bernal-profimedia-0462958452-768x536.jpg 768w, https:\/\/d2p6e6u75xmxt8.cloudfront.net\/12\/2020\/05\/Egan-Bernal-profimedia-0462958452-1024x715.jpg 1024w\" sizes=\"auto, (max-width: 1250px) 100vw, 1250px\" \/><figcaption id=\"caption-attachment-7595\" class=\"wp-caption-text\"><em>Egan Bernal ker\u00e9kp\u00e1rj\u00e1t csod\u00e1lja egy, a sz\u00fcl\u0151v\u00e1ros\u00e1ban rendezett esem\u00e9nyen, Zipaquiraban. \u00a9 Mauricio Duenas Castaneda \/ EPA \/ Profimedia<\/em><\/figcaption><\/figure>\n<p>A kazett\u00e1k term\u00e9szetesen mindig makul\u00e1tlanok, hiszen a bring\u00e1kat gyakran \u00e9s alaposan megtiszt\u00edtj\u00e1k, minden edz\u00e9s \u00e9s verseny ut\u00e1n, hogy megel\u0151zz\u00e9k a s\u00e1r \u00e9s egy\u00e9b szennyez\u0151d\u00e9sek felhalmoz\u00f3d\u00e1s\u00e1t. A l\u00e1ncokat pedig rendszeresen cser\u00e9lik, \u00edgy reduk\u00e1lj\u00e1k az elhaszn\u00e1l\u00f3d\u00e1s vesz\u00e9ly\u00e9t.<\/p>\n<p>Sokszor wattm\u00e9r\u0151t is szerelnek fel, hogy tudj\u00e1k k\u00f6vetni az edz\u00e9seket \u00e9s az energiafelhaszn\u00e1l\u00e1st. \u00cdgy k\u00f6nnyebben meghat\u00e1rozz\u00e1k, mennyi energi\u00e1ra van sz\u00fcks\u00e9g\u00fck egy id\u0151futamon, \u00e9s azt is, mennyi kell a sz\u00f6k\u00e9shez. Emellett m\u00e1ra szinte minden versenyz\u0151 elektromosra cser\u00e9lte bring\u00e1j\u00e1t \u2013 legal\u00e1bbis v\u00e1lt\u00f3rendszer tekintet\u00e9ben. A kezdeti szkepticizmus lassan elt\u0171nt, \u00edgy majdnem minden profi ilyet haszn\u00e1l. Egyszer\u0171en jobbak mechanikus t\u00e1rsaikn\u00e1l!<\/p>\n<p>Kevesebb szervizel\u00e9s, nagyobb precizit\u00e1s \u00e9s gyorsabb v\u00e1lt\u00e1s, emellett kev\u00e9sb\u00e9 terhelik a l\u00e1ncot, \u00e9s lehet\u0151v\u00e9 teszik, hogy a lehet\u0151 legegyszer\u0171bben, szinte gombnyom\u00e1sra v\u00e1ltsunk fokozatot. Ha p\u00e9ld\u00e1ul neh\u00e9z terepen tekersz, sokkal k\u00f6nnyebb remeg\u0151 k\u00e9zzel elektromos v\u00e1lt\u00f3t haszn\u00e1lni, mint mechanikusat.<\/p>\n","protected":false},"excerpt":{"rendered":"<p>Biztosan te is gondolkodt\u00e1l m\u00e1r rajta, milyen felszerel\u00e9ssel rendelkeznek a profi ker\u00e9kp\u00e1rosok, amivel te nem. A professzion\u00e1lis sportol\u00e1s nagyr\u00e9szt a [&hellip;]<\/p>\n","protected":false},"author":71,"featured_media":7597,"comment_status":"open","ping_status":"open","sticky":false,"template":"","format":"standard","meta":{"footnotes":""},"categories":[8],"tags":[],"global-categories":[],"class_list":["post-7593","post","type-post","status-publish","format-standard","has-post-thumbnail","hentry","category-orszaguti-kerekpar"],"yoast_head":"<!-- This site is optimized with the Yoast SEO Premium plugin v25.3 (Yoast SEO v25.9) - https:\/\/yoast.com\/wordpress\/plugins\/seo\/ -->\n<title>Mi van a profik ker\u00e9kp\u00e1rj\u00e1n, ami a ti\u00e9den nincs? - \u0160koda We Love Cycling - Magyarorsz\u00e1g<\/title>\n<meta name=\"robots\" content=\"index, follow, max-snippet:-1, max-image-preview:large, max-video-preview:-1\" \/>\n<link rel=\"canonical\" href=\"https:\/\/www.welovecycling.com\/hu\/orszaguti-kerekpar\/mi-van-a-profik-kerekparjan-ami-a-tieden-nincs\/\" \/>\n<meta property=\"og:locale\" content=\"hu_HU\" \/>\n<meta property=\"og:type\" content=\"article\" \/>\n<meta property=\"og:title\" content=\"Mi van a profik ker\u00e9kp\u00e1rj\u00e1n, ami a ti\u00e9den nincs?\" \/>\n<meta property=\"og:description\" content=\"Biztosan te is gondolkodt\u00e1l m\u00e1r rajta, milyen felszerel\u00e9ssel rendelkeznek a profi ker\u00e9kp\u00e1rosok, amivel te nem. A professzion\u00e1lis sportol\u00e1s nagyr\u00e9szt a [&hellip;]\" \/>\n<meta property=\"og:url\" content=\"https:\/\/www.welovecycling.com\/hu\/orszaguti-kerekpar\/mi-van-a-profik-kerekparjan-ami-a-tieden-nincs\/\" \/>\n<meta property=\"og:site_name\" content=\"\u0160koda We Love Cycling - Magyarorsz\u00e1g\" \/>\n<meta property=\"article:publisher\" content=\"https:\/\/www.facebook.com\/WeLoveCyclingHungary\/\" \/>\n<meta property=\"article:published_time\" content=\"2020-05-12T14:37:56+00:00\" \/>\n<meta property=\"og:image\" content=\"https:\/\/d2p6e6u75xmxt8.cloudfront.net\/12\/2020\/05\/Peloton-CVR-profimedia-0387362884.jpg\" \/>\n\t<meta property=\"og:image:width\" content=\"1366\" \/>\n\t<meta property=\"og:image:height\" content=\"600\" \/>\n\t<meta property=\"og:image:type\" content=\"image\/jpeg\" \/>\n<meta name=\"author\" content=\"hegyizs\" \/>\n<meta name=\"twitter:card\" content=\"summary_large_image\" \/>\n<meta name=\"twitter:label1\" content=\"Written by\" \/>\n\t<meta name=\"twitter:data1\" content=\"Siegfried Mortkowitz\" \/>\n\t<meta name=\"twitter:label2\" content=\"Est. reading time\" \/>\n\t<meta name=\"twitter:data2\" content=\"5\" \/>\n<script type=\"application\/ld+json\" class=\"yoast-schema-graph\">{\"@context\":\"https:\/\/schema.org\",\"@graph\":[{\"@type\":\"WebPage\",\"@id\":\"https:\/\/www.welovecycling.com\/hu\/orszaguti-kerekpar\/mi-van-a-profik-kerekparjan-ami-a-tieden-nincs\/\",\"url\":\"https:\/\/www.welovecycling.com\/hu\/orszaguti-kerekpar\/mi-van-a-profik-kerekparjan-ami-a-tieden-nincs\/\",\"name\":\"Mi van a profik ker\u00e9kp\u00e1rj\u00e1n, ami a ti\u00e9den nincs? - \u0160koda We Love Cycling - Magyarorsz\u00e1g\",\"isPartOf\":{\"@id\":\"https:\/\/www.welovecycling.com\/hu\/#website\"},\"primaryImageOfPage\":{\"@id\":\"https:\/\/www.welovecycling.com\/hu\/orszaguti-kerekpar\/mi-van-a-profik-kerekparjan-ami-a-tieden-nincs\/#primaryimage\"},\"image\":{\"@id\":\"https:\/\/www.welovecycling.com\/hu\/orszaguti-kerekpar\/mi-van-a-profik-kerekparjan-ami-a-tieden-nincs\/#primaryimage\"},\"thumbnailUrl\":\"https:\/\/d2p6e6u75xmxt8.cloudfront.net\/12\/2020\/05\/Peloton-CVR-profimedia-0387362884.jpg\",\"datePublished\":\"2020-05-12T14:37:56+00:00\",\"author\":{\"@id\":\"https:\/\/www.welovecycling.com\/hu\/#\/schema\/person\/414a2aebf1801691a5320edb6468e194\"},\"breadcrumb\":{\"@id\":\"https:\/\/www.welovecycling.com\/hu\/orszaguti-kerekpar\/mi-van-a-profik-kerekparjan-ami-a-tieden-nincs\/#breadcrumb\"},\"inLanguage\":\"hu\",\"potentialAction\":[{\"@type\":\"ReadAction\",\"target\":[\"https:\/\/www.welovecycling.com\/hu\/orszaguti-kerekpar\/mi-van-a-profik-kerekparjan-ami-a-tieden-nincs\/\"]}]},{\"@type\":\"ImageObject\",\"inLanguage\":\"hu\",\"@id\":\"https:\/\/www.welovecycling.com\/hu\/orszaguti-kerekpar\/mi-van-a-profik-kerekparjan-ami-a-tieden-nincs\/#primaryimage\",\"url\":\"https:\/\/d2p6e6u75xmxt8.cloudfront.net\/12\/2020\/05\/Peloton-CVR-profimedia-0387362884.jpg\",\"contentUrl\":\"https:\/\/d2p6e6u75xmxt8.cloudfront.net\/12\/2020\/05\/Peloton-CVR-profimedia-0387362884.jpg\",\"width\":1366,\"height\":600},{\"@type\":\"BreadcrumbList\",\"@id\":\"https:\/\/www.welovecycling.com\/hu\/orszaguti-kerekpar\/mi-van-a-profik-kerekparjan-ami-a-tieden-nincs\/#breadcrumb\",\"itemListElement\":[{\"@type\":\"ListItem\",\"position\":1,\"name\":\"Home\",\"item\":\"https:\/\/www.welovecycling.com\/hu\/\"},{\"@type\":\"ListItem\",\"position\":2,\"name\":\"Mi van a profik ker\u00e9kp\u00e1rj\u00e1n, ami a ti\u00e9den nincs?\"}]},{\"@type\":\"WebSite\",\"@id\":\"https:\/\/www.welovecycling.com\/hu\/#website\",\"url\":\"https:\/\/www.welovecycling.com\/hu\/\",\"name\":\"\u0160koda We Love Cycling - Magyarorsz\u00e1g\",\"description\":\"\u0160koda WeLoveCycling\",\"potentialAction\":[{\"@type\":\"SearchAction\",\"target\":{\"@type\":\"EntryPoint\",\"urlTemplate\":\"https:\/\/www.welovecycling.com\/hu\/?s={search_term_string}\"},\"query-input\":{\"@type\":\"PropertyValueSpecification\",\"valueRequired\":true,\"valueName\":\"search_term_string\"}}],\"inLanguage\":\"hu\"},{\"@type\":\"Person\",\"@id\":\"https:\/\/www.welovecycling.com\/hu\/#\/schema\/person\/414a2aebf1801691a5320edb6468e194\",\"name\":\"hegyizs\",\"image\":{\"@type\":\"ImageObject\",\"inLanguage\":\"hu\",\"@id\":\"https:\/\/www.welovecycling.com\/hu\/#\/schema\/person\/image\/\",\"url\":\"https:\/\/secure.gravatar.com\/avatar\/02cf8a7906b8cf90cecb4679defac7cfd33a1c2e3b88e4903d947f3bb58eedd3?s=96&d=mm&r=g\",\"contentUrl\":\"https:\/\/secure.gravatar.com\/avatar\/02cf8a7906b8cf90cecb4679defac7cfd33a1c2e3b88e4903d947f3bb58eedd3?s=96&d=mm&r=g\",\"caption\":\"hegyizs\"},\"url\":\"https:\/\/www.welovecycling.com\/hu\/author\/hegyizs\/\"}]}<\/script>\n<!-- \/ Yoast SEO Premium plugin. -->","yoast_head_json":{"title":"Mi van a profik ker\u00e9kp\u00e1rj\u00e1n, ami a ti\u00e9den nincs? - \u0160koda We Love Cycling - Magyarorsz\u00e1g","robots":{"index":"index","follow":"follow","max-snippet":"max-snippet:-1","max-image-preview":"max-image-preview:large","max-video-preview":"max-video-preview:-1"},"canonical":"https:\/\/www.welovecycling.com\/hu\/orszaguti-kerekpar\/mi-van-a-profik-kerekparjan-ami-a-tieden-nincs\/","og_locale":"hu_HU","og_type":"article","og_title":"Mi van a profik ker\u00e9kp\u00e1rj\u00e1n, ami a ti\u00e9den nincs?","og_description":"Biztosan te is gondolkodt\u00e1l m\u00e1r rajta, milyen felszerel\u00e9ssel rendelkeznek a profi ker\u00e9kp\u00e1rosok, amivel te nem. A professzion\u00e1lis sportol\u00e1s nagyr\u00e9szt a [&hellip;]","og_url":"https:\/\/www.welovecycling.com\/hu\/orszaguti-kerekpar\/mi-van-a-profik-kerekparjan-ami-a-tieden-nincs\/","og_site_name":"\u0160koda We Love Cycling - Magyarorsz\u00e1g","article_publisher":"https:\/\/www.facebook.com\/WeLoveCyclingHungary\/","article_published_time":"2020-05-12T14:37:56+00:00","og_image":[{"width":1366,"height":600,"url":"https:\/\/d2p6e6u75xmxt8.cloudfront.net\/12\/2020\/05\/Peloton-CVR-profimedia-0387362884.jpg","type":"image\/jpeg"}],"author":"hegyizs","twitter_card":"summary_large_image","twitter_misc":{"Written by":"Siegfried Mortkowitz","Est. reading time":"5"},"schema":{"@context":"https:\/\/schema.org","@graph":[{"@type":"WebPage","@id":"https:\/\/www.welovecycling.com\/hu\/orszaguti-kerekpar\/mi-van-a-profik-kerekparjan-ami-a-tieden-nincs\/","url":"https:\/\/www.welovecycling.com\/hu\/orszaguti-kerekpar\/mi-van-a-profik-kerekparjan-ami-a-tieden-nincs\/","name":"Mi van a profik ker\u00e9kp\u00e1rj\u00e1n, ami a ti\u00e9den nincs? - \u0160koda We Love Cycling - Magyarorsz\u00e1g","isPartOf":{"@id":"https:\/\/www.welovecycling.com\/hu\/#website"},"primaryImageOfPage":{"@id":"https:\/\/www.welovecycling.com\/hu\/orszaguti-kerekpar\/mi-van-a-profik-kerekparjan-ami-a-tieden-nincs\/#primaryimage"},"image":{"@id":"https:\/\/www.welovecycling.com\/hu\/orszaguti-kerekpar\/mi-van-a-profik-kerekparjan-ami-a-tieden-nincs\/#primaryimage"},"thumbnailUrl":"https:\/\/d2p6e6u75xmxt8.cloudfront.net\/12\/2020\/05\/Peloton-CVR-profimedia-0387362884.jpg","datePublished":"2020-05-12T14:37:56+00:00","author":{"@id":"https:\/\/www.welovecycling.com\/hu\/#\/schema\/person\/414a2aebf1801691a5320edb6468e194"},"breadcrumb":{"@id":"https:\/\/www.welovecycling.com\/hu\/orszaguti-kerekpar\/mi-van-a-profik-kerekparjan-ami-a-tieden-nincs\/#breadcrumb"},"inLanguage":"hu","potentialAction":[{"@type":"ReadAction","target":["https:\/\/www.welovecycling.com\/hu\/orszaguti-kerekpar\/mi-van-a-profik-kerekparjan-ami-a-tieden-nincs\/"]}]},{"@type":"ImageObject","inLanguage":"hu","@id":"https:\/\/www.welovecycling.com\/hu\/orszaguti-kerekpar\/mi-van-a-profik-kerekparjan-ami-a-tieden-nincs\/#primaryimage","url":"https:\/\/d2p6e6u75xmxt8.cloudfront.net\/12\/2020\/05\/Peloton-CVR-profimedia-0387362884.jpg","contentUrl":"https:\/\/d2p6e6u75xmxt8.cloudfront.net\/12\/2020\/05\/Peloton-CVR-profimedia-0387362884.jpg","width":1366,"height":600},{"@type":"BreadcrumbList","@id":"https:\/\/www.welovecycling.com\/hu\/orszaguti-kerekpar\/mi-van-a-profik-kerekparjan-ami-a-tieden-nincs\/#breadcrumb","itemListElement":[{"@type":"ListItem","position":1,"name":"Home","item":"https:\/\/www.welovecycling.com\/hu\/"},{"@type":"ListItem","position":2,"name":"Mi van a profik ker\u00e9kp\u00e1rj\u00e1n, ami a ti\u00e9den nincs?"}]},{"@type":"WebSite","@id":"https:\/\/www.welovecycling.com\/hu\/#website","url":"https:\/\/www.welovecycling.com\/hu\/","name":"\u0160koda We Love Cycling - Magyarorsz\u00e1g","description":"\u0160koda WeLoveCycling","potentialAction":[{"@type":"SearchAction","target":{"@type":"EntryPoint","urlTemplate":"https:\/\/www.welovecycling.com\/hu\/?s={search_term_string}"},"query-input":{"@type":"PropertyValueSpecification","valueRequired":true,"valueName":"search_term_string"}}],"inLanguage":"hu"},{"@type":"Person","@id":"https:\/\/www.welovecycling.com\/hu\/#\/schema\/person\/414a2aebf1801691a5320edb6468e194","name":"hegyizs","image":{"@type":"ImageObject","inLanguage":"hu","@id":"https:\/\/www.welovecycling.com\/hu\/#\/schema\/person\/image\/","url":"https:\/\/secure.gravatar.com\/avatar\/02cf8a7906b8cf90cecb4679defac7cfd33a1c2e3b88e4903d947f3bb58eedd3?s=96&d=mm&r=g","contentUrl":"https:\/\/secure.gravatar.com\/avatar\/02cf8a7906b8cf90cecb4679defac7cfd33a1c2e3b88e4903d947f3bb58eedd3?s=96&d=mm&r=g","caption":"hegyizs"},"url":"https:\/\/www.welovecycling.com\/hu\/author\/hegyizs\/"}]}},"_links":{"self":[{"href":"https:\/\/www.welovecycling.com\/hu\/wp-json\/wp\/v2\/posts\/7593","targetHints":{"allow":["GET"]}}],"collection":[{"href":"https:\/\/www.welovecycling.com\/hu\/wp-json\/wp\/v2\/posts"}],"about":[{"href":"https:\/\/www.welovecycling.com\/hu\/wp-json\/wp\/v2\/types\/post"}],"author":[{"embeddable":true,"href":"https:\/\/www.welovecycling.com\/hu\/wp-json\/wp\/v2\/users\/71"}],"replies":[{"embeddable":true,"href":"https:\/\/www.welovecycling.com\/hu\/wp-json\/wp\/v2\/comments?post=7593"}],"version-history":[{"count":2,"href":"https:\/\/www.welovecycling.com\/hu\/wp-json\/wp\/v2\/posts\/7593\/revisions"}],"predecessor-version":[{"id":7619,"href":"https:\/\/www.welovecycling.com\/hu\/wp-json\/wp\/v2\/posts\/7593\/revisions\/7619"}],"wp:featuredmedia":[{"embeddable":true,"href":"https:\/\/www.welovecycling.com\/hu\/wp-json\/wp\/v2\/media\/7597"}],"wp:attachment":[{"href":"https:\/\/www.welovecycling.com\/hu\/wp-json\/wp\/v2\/media?parent=7593"}],"wp:term":[{"taxonomy":"category","embeddable":true,"href":"https:\/\/www.welovecycling.com\/hu\/wp-json\/wp\/v2\/categories?post=7593"},{"taxonomy":"post_tag","embeddable":true,"href":"https:\/\/www.welovecycling.com\/hu\/wp-json\/wp\/v2\/tags?post=7593"},{"taxonomy":"global-categories","embeddable":true,"href":"https:\/\/www.welovecycling.com\/hu\/wp-json\/wp\/v2\/global-categories?post=7593"}],"curies":[{"name":"wp","href":"https:\/\/api.w.org\/{rel}","templated":true}]}}