{"id":7570,"date":"2020-05-11T08:00:00","date_gmt":"2020-05-11T07:00:00","guid":{"rendered":"https:\/\/www.welovecycling.com\/hu\/?p=7570"},"modified":"2020-05-08T16:04:27","modified_gmt":"2020-05-08T15:04:27","slug":"kerekparreklamok-a-mult-szazadbol","status":"publish","type":"post","link":"https:\/\/www.welovecycling.com\/hu\/kozosseg-es-kultura\/kerekparreklamok-a-mult-szazadbol\/","title":{"rendered":"Ker\u00e9kp\u00e1rrekl\u00e1mok a m\u00falt sz\u00e1zadb\u00f3l"},"content":{"rendered":"<p><strong>Rengeteget v\u00e1ltozott a rekl\u00e1mipar az elm\u00falt sz\u00e1z \u00e9v alatt, ahogy rengeteget v\u00e1ltozott a ker\u00e9kp\u00e1roz\u00e1s is. Az aktu\u00e1lis kornak megfelel\u0151 divathull\u00e1mok pedig mindk\u00e9t ter\u00fcletet \u00e1tsz\u0151tt\u00e9k: \u00edgy alakultak ki olyan jellegzetes plak\u00e1tok, amikhez tal\u00e1n nem is kellene \u00e9vsz\u00e1mot \u00edrnunk, \u00fagy is tudn\u00e1d, mikor k\u00e9sz\u00fcltek.<\/strong><!--more--><\/p>\n<p><strong>1896.<\/strong><\/p>\n<p>Fekete feh\u00e9r, egyszer\u0171, ha kitenn\u00e9nk a falra, b\u00e1rki elhinn\u00e9, hogy \u00fckany\u00e1nk \u00e9s \u00fckap\u00e1nk szerepel rajta.<\/p>\n<p><img loading=\"lazy\" decoding=\"async\" class=\"aligncenter size-full wp-image-7571\" src=\"https:\/\/d2p6e6u75xmxt8.cloudfront.net\/12\/2020\/05\/Screenshot_1.jpg\" alt=\"\" width=\"550\" height=\"418\" srcset=\"https:\/\/d2p6e6u75xmxt8.cloudfront.net\/12\/2020\/05\/Screenshot_1.jpg 550w, https:\/\/d2p6e6u75xmxt8.cloudfront.net\/12\/2020\/05\/Screenshot_1-300x228.jpg 300w\" sizes=\"auto, (max-width: 550px) 100vw, 550px\" \/><\/p>\n<p>Sisak persze sehol, de h\u00e1t hogy is n\u00e9zne ki egy j\u00f3l \u00f6lt\u00f6z\u00f6tt polg\u00e1ri csal\u00e1d divatos sapka helyett sisakban? Spoiler: egyik rekl\u00e1mban sem szerepel sisak. Akkoriban nem volt olyan s\u00e9r\u00fcl\u00e9keny az emberek feje.<\/p>\n<p><img loading=\"lazy\" decoding=\"async\" class=\"aligncenter size-full wp-image-7572\" src=\"https:\/\/d2p6e6u75xmxt8.cloudfront.net\/12\/2020\/05\/enhanced-buzz-15625-1335391634-7.jpg\" alt=\"\" width=\"448\" height=\"233\" srcset=\"https:\/\/d2p6e6u75xmxt8.cloudfront.net\/12\/2020\/05\/enhanced-buzz-15625-1335391634-7.jpg 448w, https:\/\/d2p6e6u75xmxt8.cloudfront.net\/12\/2020\/05\/enhanced-buzz-15625-1335391634-7-300x156.jpg 300w\" sizes=\"auto, (max-width: 448px) 100vw, 448px\" \/><\/p>\n<p>Nem tudjuk, ki kapott kedvet a tandemez\u00e9shez ez alapj\u00e1n a k\u00e9p alapj\u00e1n, de az egyszer\u0171s\u00e9g vitathatatlanul uralja ezt a plak\u00e1tot is. Persze ebben az id\u0151ben m\u00e9g nem volt akkora a rekl\u00e1mzaj, ink\u00e1bb csak a t\u00e1j\u00e9koztat\u00e1s volt a hirdet\u00e9sek c\u00e9lja. Az pedig val\u00f3ban lej\u00f6n err\u0151l is, hogy tandemker\u00e9kp\u00e1rok l\u00e9teznek.<\/p>\n<p><strong>1947.<\/strong><\/p>\n<p>Ugrunk egy nagyot a korai maszkulin t\u00e1rsadalom rekl\u00e1mipar\u00e1nak m\u00e1ig sz\u0171nni nem akar\u00f3 jelens\u00e9g\u00e9hez, miszerint sz\u00e9p n\u0151kkel mindent el lehet adni.<\/p>\n<p><img loading=\"lazy\" decoding=\"async\" class=\"aligncenter size-full wp-image-7573\" src=\"https:\/\/d2p6e6u75xmxt8.cloudfront.net\/12\/2020\/05\/Screenshot_3.jjpg_.jpg\" alt=\"\" width=\"558\" height=\"819\" srcset=\"https:\/\/d2p6e6u75xmxt8.cloudfront.net\/12\/2020\/05\/Screenshot_3.jjpg_.jpg 558w, https:\/\/d2p6e6u75xmxt8.cloudfront.net\/12\/2020\/05\/Screenshot_3.jjpg_-204x300.jpg 204w\" sizes=\"auto, (max-width: 558px) 100vw, 558px\" \/><\/p>\n<p>F\u0151leg ha ez a sz\u00e9p n\u0151 Janis Paige, egy h\u00edres sz\u00edn\u00e9sz. Meg kell eml\u00edteni azonban, hogy helyet kapnak a technikai r\u00e9szletek is a ker\u00e9kp\u00e1roz\u00e1shoz t\u00f6k\u00e9letesen alkalmatlanul \u00f6lt\u00f6z\u00f6tt h\u00f6lgy mellett.<\/p>\n<p><img loading=\"lazy\" decoding=\"async\" class=\"aligncenter size-full wp-image-7574\" src=\"https:\/\/d2p6e6u75xmxt8.cloudfront.net\/12\/2020\/05\/enhanced-buzz-15825-1334083378-65.jpg\" alt=\"\" width=\"625\" height=\"717\" srcset=\"https:\/\/d2p6e6u75xmxt8.cloudfront.net\/12\/2020\/05\/enhanced-buzz-15825-1334083378-65.jpg 625w, https:\/\/d2p6e6u75xmxt8.cloudfront.net\/12\/2020\/05\/enhanced-buzz-15825-1334083378-65-262x300.jpg 262w\" sizes=\"auto, (max-width: 625px) 100vw, 625px\" \/><\/p>\n<p>Lauren Barcall bring\u00e1j\u00e1t m\u00e1r be\u00e9p\u00edtett z\u00e1rrendszerrel is megv\u00e9dheti a tolvajok el\u0151l! Hogy ez mi\u00e9rt ment ki a divatb\u00f3l?<\/p>\n<p><img loading=\"lazy\" decoding=\"async\" class=\"aligncenter size-large wp-image-7575\" src=\"https:\/\/d2p6e6u75xmxt8.cloudfront.net\/12\/2020\/05\/enhanced-buzz-17506-1334083171-56-611x1024.jpg\" alt=\"\" width=\"611\" height=\"1024\" srcset=\"https:\/\/d2p6e6u75xmxt8.cloudfront.net\/12\/2020\/05\/enhanced-buzz-17506-1334083171-56.jpg 611w, https:\/\/d2p6e6u75xmxt8.cloudfront.net\/12\/2020\/05\/enhanced-buzz-17506-1334083171-56-179x300.jpg 179w\" sizes=\"auto, (max-width: 611px) 100vw, 611px\" \/><\/p>\n<p>V\u00e9gre tiszt\u00e1ztuk, hogy a term\u00e9k nem a n\u0151, hanem a bicikli. \u00c9ljen!<\/p>\n<p><img loading=\"lazy\" decoding=\"async\" class=\"aligncenter size-full wp-image-7576\" src=\"https:\/\/d2p6e6u75xmxt8.cloudfront.net\/12\/2020\/05\/enhanced-buzz-10200-1334082930-73.jpg\" alt=\"\" width=\"625\" height=\"844\" srcset=\"https:\/\/d2p6e6u75xmxt8.cloudfront.net\/12\/2020\/05\/enhanced-buzz-10200-1334082930-73.jpg 625w, https:\/\/d2p6e6u75xmxt8.cloudfront.net\/12\/2020\/05\/enhanced-buzz-10200-1334082930-73-222x300.jpg 222w\" sizes=\"auto, (max-width: 625px) 100vw, 625px\" \/><\/p>\n<p>Na, \u00edgy m\u00e1r lehet tekerni! Bodor\u00edtott haj, magasderek\u00fa nadr\u00e1g, f\u00e9lcip\u0151 \u00e9s gall\u00e9r. Kinek a nagymam\u00e1ja n\u00e9zett ki annak idej\u00e9n teljesen ugyan\u00fagy, mint a plak\u00e1ton szerepl\u0151 h\u00f6lgy?<\/p>\n<p><img loading=\"lazy\" decoding=\"async\" class=\"aligncenter size-full wp-image-7577\" src=\"https:\/\/d2p6e6u75xmxt8.cloudfront.net\/12\/2020\/05\/enhanced-buzz-10233-1334083319-70.jpg\" alt=\"\" width=\"625\" height=\"817\" srcset=\"https:\/\/d2p6e6u75xmxt8.cloudfront.net\/12\/2020\/05\/enhanced-buzz-10233-1334083319-70.jpg 625w, https:\/\/d2p6e6u75xmxt8.cloudfront.net\/12\/2020\/05\/enhanced-buzz-10233-1334083319-70-229x300.jpg 229w\" sizes=\"auto, (max-width: 625px) 100vw, 625px\" \/><\/p>\n<p>A Marlboro h\u00edres ikonj\u00e1val k\u00f6r\u00fclbel\u00fcl egyid\u0151ben a bicikliz\u00e9s vil\u00e1g\u00e1ban is megjelent a cowboykod\u00e1s.<\/p>\n<p><strong>1951.<\/strong><\/p>\n<p>Az ijeszt\u0151 arckifejez\u00e9sek korszaka. Hogy, hogy nem, egyszer\u0171en elterjedt, hogy a megszokott mosolyg\u00e1sn\u00e1l jobb az izgalomt\u00f3l eltorzult arckifejez\u00e9s. Nem jobb.<\/p>\n<p><img loading=\"lazy\" decoding=\"async\" class=\"aligncenter size-full wp-image-7578\" src=\"https:\/\/d2p6e6u75xmxt8.cloudfront.net\/12\/2020\/05\/enhanced-buzz-5770-1334081140-21.jpg\" alt=\"\" width=\"400\" height=\"513\" srcset=\"https:\/\/d2p6e6u75xmxt8.cloudfront.net\/12\/2020\/05\/enhanced-buzz-5770-1334081140-21.jpg 400w, https:\/\/d2p6e6u75xmxt8.cloudfront.net\/12\/2020\/05\/enhanced-buzz-5770-1334081140-21-234x300.jpg 234w\" sizes=\"auto, (max-width: 400px) 100vw, 400px\" \/><\/p>\n<p>\u00c9rdemes megfigyelni, hogy m\u00e1r nemcsak technikai r\u00e9szletek, hanem az \u00e9rzelmekre hat\u00f3 feliratok is megjelennek: Amerika kedvenc biciklije!<\/p>\n<p><strong>1952.<\/strong><\/p>\n<p>Itt sem kiz\u00e1rt, hogy a kisfi\u00fa az\u00e9rt boldog, mert tudja, hogy \u00faj biciklije nyerg\u00e9ben v\u00e9gre lem\u00e9sz\u00e1rolhatja a f\u00e9l falut, de az\u00e9rt jelent\u0151sen javult a helyzet egy \u00e9v alatt. Amikor ez m\u00e9g biztos volt. A biciklit az\u00e9rt vinn\u00e9nk!<\/p>\n<p><img loading=\"lazy\" decoding=\"async\" class=\"aligncenter size-full wp-image-7579\" src=\"https:\/\/d2p6e6u75xmxt8.cloudfront.net\/12\/2020\/05\/enhanced-buzz-5790-1334081654-29.jpg\" alt=\"\" width=\"625\" height=\"672\" srcset=\"https:\/\/d2p6e6u75xmxt8.cloudfront.net\/12\/2020\/05\/enhanced-buzz-5790-1334081654-29.jpg 625w, https:\/\/d2p6e6u75xmxt8.cloudfront.net\/12\/2020\/05\/enhanced-buzz-5790-1334081654-29-279x300.jpg 279w\" sizes=\"auto, (max-width: 625px) 100vw, 625px\" \/><\/p>\n<p><strong>1953.<\/strong><\/p>\n<p>Egyre mer\u00e9szebbek a szubjekt\u00edv meg\u00e1llap\u00edt\u00e1sok: mit Amerika, az eg\u00e9sz vil\u00e1g legjobb bring\u00e1ja a k\u00e9pen l\u00e1that\u00f3 modell! \u00cdrna valaki a Versenyhivatalnak?<\/p>\n<p><img loading=\"lazy\" decoding=\"async\" class=\"aligncenter size-full wp-image-7580\" src=\"https:\/\/d2p6e6u75xmxt8.cloudfront.net\/12\/2020\/05\/enhanced-buzz-10177-1334080993-36.jpg\" alt=\"\" width=\"625\" height=\"417\" srcset=\"https:\/\/d2p6e6u75xmxt8.cloudfront.net\/12\/2020\/05\/enhanced-buzz-10177-1334080993-36.jpg 625w, https:\/\/d2p6e6u75xmxt8.cloudfront.net\/12\/2020\/05\/enhanced-buzz-10177-1334080993-36-300x200.jpg 300w, https:\/\/d2p6e6u75xmxt8.cloudfront.net\/12\/2020\/05\/enhanced-buzz-10177-1334080993-36-272x182.jpg 272w\" sizes=\"auto, (max-width: 625px) 100vw, 625px\" \/><\/p>\n<p><strong>1956.<\/strong><\/p>\n<p>Megjelenik a macs\u00f3figura. Nem vagy el\u00e9g gyors, hogy elkerekezz egy tigris el\u0151l? Nem gond, mert ha Schwinn bring\u00e1n \u00fclsz, annyira kem\u00e9ny leszel, hogy a tigris mag\u00e1t\u00f3l \u00e1ll be h\u00e1zi\u00e1llatodnak!<\/p>\n<p><img loading=\"lazy\" decoding=\"async\" class=\"aligncenter size-full wp-image-7581\" src=\"https:\/\/d2p6e6u75xmxt8.cloudfront.net\/12\/2020\/05\/enhanced-buzz-17500-1334081020-27.jpg\" alt=\"\" width=\"625\" height=\"811\" srcset=\"https:\/\/d2p6e6u75xmxt8.cloudfront.net\/12\/2020\/05\/enhanced-buzz-17500-1334081020-27.jpg 625w, https:\/\/d2p6e6u75xmxt8.cloudfront.net\/12\/2020\/05\/enhanced-buzz-17500-1334081020-27-231x300.jpg 231w\" sizes=\"auto, (max-width: 625px) 100vw, 625px\" \/><\/p>\n<p><strong>1957.<\/strong><\/p>\n<p>A cowboyok soha nem mennek ki a divatb\u00f3l. Legrosszabb esetben kigurulnak.<\/p>\n<p><img loading=\"lazy\" decoding=\"async\" class=\"aligncenter size-full wp-image-7582\" src=\"https:\/\/d2p6e6u75xmxt8.cloudfront.net\/12\/2020\/05\/enhanced-buzz-15746-1334081036-37.jpg\" alt=\"\" width=\"625\" height=\"801\" srcset=\"https:\/\/d2p6e6u75xmxt8.cloudfront.net\/12\/2020\/05\/enhanced-buzz-15746-1334081036-37.jpg 625w, https:\/\/d2p6e6u75xmxt8.cloudfront.net\/12\/2020\/05\/enhanced-buzz-15746-1334081036-37-234x300.jpg 234w\" sizes=\"auto, (max-width: 625px) 100vw, 625px\" \/><\/p>\n<p>L\u00e1tott m\u00e1r valaki enn\u00e9l amerikaibb plak\u00e1tot? Fogadok, hogy egy sas vitte k\u00f6rbe New York utc\u00e1in.<\/p>\n<p><img loading=\"lazy\" decoding=\"async\" class=\"aligncenter size-full wp-image-7583\" src=\"https:\/\/d2p6e6u75xmxt8.cloudfront.net\/12\/2020\/05\/enhanced-buzz-15749-1334082578-65.jpg\" alt=\"\" width=\"625\" height=\"893\" srcset=\"https:\/\/d2p6e6u75xmxt8.cloudfront.net\/12\/2020\/05\/enhanced-buzz-15749-1334082578-65.jpg 625w, https:\/\/d2p6e6u75xmxt8.cloudfront.net\/12\/2020\/05\/enhanced-buzz-15749-1334082578-65-210x300.jpg 210w\" sizes=\"auto, (max-width: 625px) 100vw, 625px\" \/><\/p>\n<p><strong>1980.<\/strong><\/p>\n<p>Megjelennek a sz\u00f3j\u00e1t\u00e9kok. B\u00e1r ne tett\u00e9k volna!<\/p>\n<p><img loading=\"lazy\" decoding=\"async\" class=\"aligncenter size-full wp-image-7584\" src=\"https:\/\/d2p6e6u75xmxt8.cloudfront.net\/12\/2020\/05\/enhanced-buzz-10177-1334082297-59.jpg\" alt=\"\" width=\"625\" height=\"862\" srcset=\"https:\/\/d2p6e6u75xmxt8.cloudfront.net\/12\/2020\/05\/enhanced-buzz-10177-1334082297-59.jpg 625w, https:\/\/d2p6e6u75xmxt8.cloudfront.net\/12\/2020\/05\/enhanced-buzz-10177-1334082297-59-218x300.jpg 218w\" sizes=\"auto, (max-width: 625px) 100vw, 625px\" \/><\/p>\n<p><strong>1998.<\/strong><\/p>\n<p>P\u00e1rducmint\u00e1s vagy rik\u00edt\u00f3 lila, \u00e9s egy\u00e1ltal\u00e1n nem \u00e9rted? \u00dcdv az 1990-es \u00e9vekben!<\/p>\n<p><img loading=\"lazy\" decoding=\"async\" class=\"aligncenter size-full wp-image-7585\" src=\"https:\/\/d2p6e6u75xmxt8.cloudfront.net\/12\/2020\/05\/enhanced-buzz-4367-1334759759-4.jpg\" alt=\"\" width=\"625\" height=\"483\" srcset=\"https:\/\/d2p6e6u75xmxt8.cloudfront.net\/12\/2020\/05\/enhanced-buzz-4367-1334759759-4.jpg 625w, https:\/\/d2p6e6u75xmxt8.cloudfront.net\/12\/2020\/05\/enhanced-buzz-4367-1334759759-4-300x232.jpg 300w\" sizes=\"auto, (max-width: 625px) 100vw, 625px\" \/><\/p>\n<p><img loading=\"lazy\" decoding=\"async\" class=\"aligncenter size-full wp-image-7586\" src=\"https:\/\/d2p6e6u75xmxt8.cloudfront.net\/12\/2020\/05\/enhanced-buzz-11215-1334759774-1.jpg\" alt=\"\" width=\"625\" height=\"493\" srcset=\"https:\/\/d2p6e6u75xmxt8.cloudfront.net\/12\/2020\/05\/enhanced-buzz-11215-1334759774-1.jpg 625w, https:\/\/d2p6e6u75xmxt8.cloudfront.net\/12\/2020\/05\/enhanced-buzz-11215-1334759774-1-300x237.jpg 300w\" sizes=\"auto, (max-width: 625px) 100vw, 625px\" \/><\/p>\n<p><em>Forr\u00e1s: <\/em><a href=\"https:\/\/www.buzzfeed.com\/schwinn\/beautiful-schwinn-ads-through-the-years-5vrq\"><em>buzzfeed.com<\/em><\/a><\/p>\n","protected":false},"excerpt":{"rendered":"<p>Rengeteget v\u00e1ltozott a rekl\u00e1mipar az elm\u00falt sz\u00e1z \u00e9v alatt, ahogy rengeteget v\u00e1ltozott a ker\u00e9kp\u00e1roz\u00e1s is. Az aktu\u00e1lis kornak megfelel\u0151 divathull\u00e1mok [&hellip;]<\/p>\n","protected":false},"author":71,"featured_media":7589,"comment_status":"open","ping_status":"open","sticky":false,"template":"","format":"standard","meta":{"footnotes":""},"categories":[12],"tags":[],"global-categories":[],"class_list":["post-7570","post","type-post","status-publish","format-standard","has-post-thumbnail","hentry","category-kozosseg-es-kultura"],"yoast_head":"<!-- This site is optimized with the Yoast SEO Premium plugin v25.3 (Yoast SEO v25.9) - https:\/\/yoast.com\/wordpress\/plugins\/seo\/ -->\n<title>Ker\u00e9kp\u00e1rrekl\u00e1mok a m\u00falt sz\u00e1zadb\u00f3l - \u0160koda We Love Cycling - Magyarorsz\u00e1g<\/title>\n<meta name=\"robots\" content=\"index, follow, max-snippet:-1, max-image-preview:large, max-video-preview:-1\" \/>\n<link rel=\"canonical\" href=\"https:\/\/www.welovecycling.com\/hu\/kozosseg-es-kultura\/kerekparreklamok-a-mult-szazadbol\/\" \/>\n<meta property=\"og:locale\" content=\"hu_HU\" \/>\n<meta property=\"og:type\" content=\"article\" \/>\n<meta property=\"og:title\" content=\"Ker\u00e9kp\u00e1rrekl\u00e1mok a m\u00falt sz\u00e1zadb\u00f3l\" \/>\n<meta property=\"og:description\" content=\"Rengeteget v\u00e1ltozott a rekl\u00e1mipar az elm\u00falt sz\u00e1z \u00e9v alatt, ahogy rengeteget v\u00e1ltozott a ker\u00e9kp\u00e1roz\u00e1s is. Az aktu\u00e1lis kornak megfelel\u0151 divathull\u00e1mok [&hellip;]\" \/>\n<meta property=\"og:url\" content=\"https:\/\/www.welovecycling.com\/hu\/kozosseg-es-kultura\/kerekparreklamok-a-mult-szazadbol\/\" \/>\n<meta property=\"og:site_name\" content=\"\u0160koda We Love Cycling - Magyarorsz\u00e1g\" \/>\n<meta property=\"article:publisher\" content=\"https:\/\/www.facebook.com\/WeLoveCyclingHungary\/\" \/>\n<meta property=\"article:published_time\" content=\"2020-05-11T07:00:00+00:00\" \/>\n<meta property=\"og:image\" content=\"https:\/\/d2p6e6u75xmxt8.cloudfront.net\/12\/2020\/05\/OldDesignShop_ColumbiaBicycleAd.jpg\" \/>\n\t<meta property=\"og:image:width\" content=\"2331\" \/>\n\t<meta property=\"og:image:height\" content=\"1125\" \/>\n\t<meta property=\"og:image:type\" content=\"image\/jpeg\" \/>\n<meta name=\"author\" content=\"hegyizs\" \/>\n<meta name=\"twitter:card\" content=\"summary_large_image\" \/>\n<meta name=\"twitter:label1\" content=\"Written by\" \/>\n\t<meta name=\"twitter:data1\" content=\"WLC\" \/>\n\t<meta name=\"twitter:label2\" content=\"Est. reading time\" \/>\n\t<meta name=\"twitter:data2\" content=\"3 minutes\" \/>\n<script type=\"application\/ld+json\" class=\"yoast-schema-graph\">{\"@context\":\"https:\/\/schema.org\",\"@graph\":[{\"@type\":\"WebPage\",\"@id\":\"https:\/\/www.welovecycling.com\/hu\/kozosseg-es-kultura\/kerekparreklamok-a-mult-szazadbol\/\",\"url\":\"https:\/\/www.welovecycling.com\/hu\/kozosseg-es-kultura\/kerekparreklamok-a-mult-szazadbol\/\",\"name\":\"Ker\u00e9kp\u00e1rrekl\u00e1mok a m\u00falt sz\u00e1zadb\u00f3l - \u0160koda We Love Cycling - Magyarorsz\u00e1g\",\"isPartOf\":{\"@id\":\"https:\/\/www.welovecycling.com\/hu\/#website\"},\"primaryImageOfPage\":{\"@id\":\"https:\/\/www.welovecycling.com\/hu\/kozosseg-es-kultura\/kerekparreklamok-a-mult-szazadbol\/#primaryimage\"},\"image\":{\"@id\":\"https:\/\/www.welovecycling.com\/hu\/kozosseg-es-kultura\/kerekparreklamok-a-mult-szazadbol\/#primaryimage\"},\"thumbnailUrl\":\"https:\/\/d2p6e6u75xmxt8.cloudfront.net\/12\/2020\/05\/OldDesignShop_ColumbiaBicycleAd.jpg\",\"datePublished\":\"2020-05-11T07:00:00+00:00\",\"author\":{\"@id\":\"https:\/\/www.welovecycling.com\/hu\/#\/schema\/person\/414a2aebf1801691a5320edb6468e194\"},\"breadcrumb\":{\"@id\":\"https:\/\/www.welovecycling.com\/hu\/kozosseg-es-kultura\/kerekparreklamok-a-mult-szazadbol\/#breadcrumb\"},\"inLanguage\":\"hu\",\"potentialAction\":[{\"@type\":\"ReadAction\",\"target\":[\"https:\/\/www.welovecycling.com\/hu\/kozosseg-es-kultura\/kerekparreklamok-a-mult-szazadbol\/\"]}]},{\"@type\":\"ImageObject\",\"inLanguage\":\"hu\",\"@id\":\"https:\/\/www.welovecycling.com\/hu\/kozosseg-es-kultura\/kerekparreklamok-a-mult-szazadbol\/#primaryimage\",\"url\":\"https:\/\/d2p6e6u75xmxt8.cloudfront.net\/12\/2020\/05\/OldDesignShop_ColumbiaBicycleAd.jpg\",\"contentUrl\":\"https:\/\/d2p6e6u75xmxt8.cloudfront.net\/12\/2020\/05\/OldDesignShop_ColumbiaBicycleAd.jpg\",\"width\":2331,\"height\":1125},{\"@type\":\"BreadcrumbList\",\"@id\":\"https:\/\/www.welovecycling.com\/hu\/kozosseg-es-kultura\/kerekparreklamok-a-mult-szazadbol\/#breadcrumb\",\"itemListElement\":[{\"@type\":\"ListItem\",\"position\":1,\"name\":\"Home\",\"item\":\"https:\/\/www.welovecycling.com\/hu\/\"},{\"@type\":\"ListItem\",\"position\":2,\"name\":\"Ker\u00e9kp\u00e1rrekl\u00e1mok a m\u00falt sz\u00e1zadb\u00f3l\"}]},{\"@type\":\"WebSite\",\"@id\":\"https:\/\/www.welovecycling.com\/hu\/#website\",\"url\":\"https:\/\/www.welovecycling.com\/hu\/\",\"name\":\"\u0160koda We Love Cycling - Magyarorsz\u00e1g\",\"description\":\"\u0160koda WeLoveCycling\",\"potentialAction\":[{\"@type\":\"SearchAction\",\"target\":{\"@type\":\"EntryPoint\",\"urlTemplate\":\"https:\/\/www.welovecycling.com\/hu\/?s={search_term_string}\"},\"query-input\":{\"@type\":\"PropertyValueSpecification\",\"valueRequired\":true,\"valueName\":\"search_term_string\"}}],\"inLanguage\":\"hu\"},{\"@type\":\"Person\",\"@id\":\"https:\/\/www.welovecycling.com\/hu\/#\/schema\/person\/414a2aebf1801691a5320edb6468e194\",\"name\":\"hegyizs\",\"image\":{\"@type\":\"ImageObject\",\"inLanguage\":\"hu\",\"@id\":\"https:\/\/www.welovecycling.com\/hu\/#\/schema\/person\/image\/\",\"url\":\"https:\/\/secure.gravatar.com\/avatar\/02cf8a7906b8cf90cecb4679defac7cfd33a1c2e3b88e4903d947f3bb58eedd3?s=96&d=mm&r=g\",\"contentUrl\":\"https:\/\/secure.gravatar.com\/avatar\/02cf8a7906b8cf90cecb4679defac7cfd33a1c2e3b88e4903d947f3bb58eedd3?s=96&d=mm&r=g\",\"caption\":\"hegyizs\"},\"url\":\"https:\/\/www.welovecycling.com\/hu\/author\/hegyizs\/\"}]}<\/script>\n<!-- \/ Yoast SEO Premium plugin. -->","yoast_head_json":{"title":"Ker\u00e9kp\u00e1rrekl\u00e1mok a m\u00falt sz\u00e1zadb\u00f3l - \u0160koda We Love Cycling - Magyarorsz\u00e1g","robots":{"index":"index","follow":"follow","max-snippet":"max-snippet:-1","max-image-preview":"max-image-preview:large","max-video-preview":"max-video-preview:-1"},"canonical":"https:\/\/www.welovecycling.com\/hu\/kozosseg-es-kultura\/kerekparreklamok-a-mult-szazadbol\/","og_locale":"hu_HU","og_type":"article","og_title":"Ker\u00e9kp\u00e1rrekl\u00e1mok a m\u00falt sz\u00e1zadb\u00f3l","og_description":"Rengeteget v\u00e1ltozott a rekl\u00e1mipar az elm\u00falt sz\u00e1z \u00e9v alatt, ahogy rengeteget v\u00e1ltozott a ker\u00e9kp\u00e1roz\u00e1s is. Az aktu\u00e1lis kornak megfelel\u0151 divathull\u00e1mok [&hellip;]","og_url":"https:\/\/www.welovecycling.com\/hu\/kozosseg-es-kultura\/kerekparreklamok-a-mult-szazadbol\/","og_site_name":"\u0160koda We Love Cycling - Magyarorsz\u00e1g","article_publisher":"https:\/\/www.facebook.com\/WeLoveCyclingHungary\/","article_published_time":"2020-05-11T07:00:00+00:00","og_image":[{"width":2331,"height":1125,"url":"https:\/\/d2p6e6u75xmxt8.cloudfront.net\/12\/2020\/05\/OldDesignShop_ColumbiaBicycleAd.jpg","type":"image\/jpeg"}],"author":"hegyizs","twitter_card":"summary_large_image","twitter_misc":{"Written by":"WLC","Est. reading time":"3 minutes"},"schema":{"@context":"https:\/\/schema.org","@graph":[{"@type":"WebPage","@id":"https:\/\/www.welovecycling.com\/hu\/kozosseg-es-kultura\/kerekparreklamok-a-mult-szazadbol\/","url":"https:\/\/www.welovecycling.com\/hu\/kozosseg-es-kultura\/kerekparreklamok-a-mult-szazadbol\/","name":"Ker\u00e9kp\u00e1rrekl\u00e1mok a m\u00falt sz\u00e1zadb\u00f3l - \u0160koda We Love Cycling - Magyarorsz\u00e1g","isPartOf":{"@id":"https:\/\/www.welovecycling.com\/hu\/#website"},"primaryImageOfPage":{"@id":"https:\/\/www.welovecycling.com\/hu\/kozosseg-es-kultura\/kerekparreklamok-a-mult-szazadbol\/#primaryimage"},"image":{"@id":"https:\/\/www.welovecycling.com\/hu\/kozosseg-es-kultura\/kerekparreklamok-a-mult-szazadbol\/#primaryimage"},"thumbnailUrl":"https:\/\/d2p6e6u75xmxt8.cloudfront.net\/12\/2020\/05\/OldDesignShop_ColumbiaBicycleAd.jpg","datePublished":"2020-05-11T07:00:00+00:00","author":{"@id":"https:\/\/www.welovecycling.com\/hu\/#\/schema\/person\/414a2aebf1801691a5320edb6468e194"},"breadcrumb":{"@id":"https:\/\/www.welovecycling.com\/hu\/kozosseg-es-kultura\/kerekparreklamok-a-mult-szazadbol\/#breadcrumb"},"inLanguage":"hu","potentialAction":[{"@type":"ReadAction","target":["https:\/\/www.welovecycling.com\/hu\/kozosseg-es-kultura\/kerekparreklamok-a-mult-szazadbol\/"]}]},{"@type":"ImageObject","inLanguage":"hu","@id":"https:\/\/www.welovecycling.com\/hu\/kozosseg-es-kultura\/kerekparreklamok-a-mult-szazadbol\/#primaryimage","url":"https:\/\/d2p6e6u75xmxt8.cloudfront.net\/12\/2020\/05\/OldDesignShop_ColumbiaBicycleAd.jpg","contentUrl":"https:\/\/d2p6e6u75xmxt8.cloudfront.net\/12\/2020\/05\/OldDesignShop_ColumbiaBicycleAd.jpg","width":2331,"height":1125},{"@type":"BreadcrumbList","@id":"https:\/\/www.welovecycling.com\/hu\/kozosseg-es-kultura\/kerekparreklamok-a-mult-szazadbol\/#breadcrumb","itemListElement":[{"@type":"ListItem","position":1,"name":"Home","item":"https:\/\/www.welovecycling.com\/hu\/"},{"@type":"ListItem","position":2,"name":"Ker\u00e9kp\u00e1rrekl\u00e1mok a m\u00falt sz\u00e1zadb\u00f3l"}]},{"@type":"WebSite","@id":"https:\/\/www.welovecycling.com\/hu\/#website","url":"https:\/\/www.welovecycling.com\/hu\/","name":"\u0160koda We Love Cycling - Magyarorsz\u00e1g","description":"\u0160koda WeLoveCycling","potentialAction":[{"@type":"SearchAction","target":{"@type":"EntryPoint","urlTemplate":"https:\/\/www.welovecycling.com\/hu\/?s={search_term_string}"},"query-input":{"@type":"PropertyValueSpecification","valueRequired":true,"valueName":"search_term_string"}}],"inLanguage":"hu"},{"@type":"Person","@id":"https:\/\/www.welovecycling.com\/hu\/#\/schema\/person\/414a2aebf1801691a5320edb6468e194","name":"hegyizs","image":{"@type":"ImageObject","inLanguage":"hu","@id":"https:\/\/www.welovecycling.com\/hu\/#\/schema\/person\/image\/","url":"https:\/\/secure.gravatar.com\/avatar\/02cf8a7906b8cf90cecb4679defac7cfd33a1c2e3b88e4903d947f3bb58eedd3?s=96&d=mm&r=g","contentUrl":"https:\/\/secure.gravatar.com\/avatar\/02cf8a7906b8cf90cecb4679defac7cfd33a1c2e3b88e4903d947f3bb58eedd3?s=96&d=mm&r=g","caption":"hegyizs"},"url":"https:\/\/www.welovecycling.com\/hu\/author\/hegyizs\/"}]}},"_links":{"self":[{"href":"https:\/\/www.welovecycling.com\/hu\/wp-json\/wp\/v2\/posts\/7570","targetHints":{"allow":["GET"]}}],"collection":[{"href":"https:\/\/www.welovecycling.com\/hu\/wp-json\/wp\/v2\/posts"}],"about":[{"href":"https:\/\/www.welovecycling.com\/hu\/wp-json\/wp\/v2\/types\/post"}],"author":[{"embeddable":true,"href":"https:\/\/www.welovecycling.com\/hu\/wp-json\/wp\/v2\/users\/71"}],"replies":[{"embeddable":true,"href":"https:\/\/www.welovecycling.com\/hu\/wp-json\/wp\/v2\/comments?post=7570"}],"version-history":[{"count":1,"href":"https:\/\/www.welovecycling.com\/hu\/wp-json\/wp\/v2\/posts\/7570\/revisions"}],"predecessor-version":[{"id":7587,"href":"https:\/\/www.welovecycling.com\/hu\/wp-json\/wp\/v2\/posts\/7570\/revisions\/7587"}],"wp:featuredmedia":[{"embeddable":true,"href":"https:\/\/www.welovecycling.com\/hu\/wp-json\/wp\/v2\/media\/7589"}],"wp:attachment":[{"href":"https:\/\/www.welovecycling.com\/hu\/wp-json\/wp\/v2\/media?parent=7570"}],"wp:term":[{"taxonomy":"category","embeddable":true,"href":"https:\/\/www.welovecycling.com\/hu\/wp-json\/wp\/v2\/categories?post=7570"},{"taxonomy":"post_tag","embeddable":true,"href":"https:\/\/www.welovecycling.com\/hu\/wp-json\/wp\/v2\/tags?post=7570"},{"taxonomy":"global-categories","embeddable":true,"href":"https:\/\/www.welovecycling.com\/hu\/wp-json\/wp\/v2\/global-categories?post=7570"}],"curies":[{"name":"wp","href":"https:\/\/api.w.org\/{rel}","templated":true}]}}