{"id":7558,"date":"2020-05-07T08:00:59","date_gmt":"2020-05-07T07:00:59","guid":{"rendered":"https:\/\/www.welovecycling.com\/hu\/?p=7558"},"modified":"2020-05-04T16:46:05","modified_gmt":"2020-05-04T15:46:05","slug":"uleshuzat-amilyen-csak-neked-van","status":"publish","type":"post","link":"https:\/\/www.welovecycling.com\/hu\/blog\/uleshuzat-amilyen-csak-neked-van\/","title":{"rendered":"\u00dcl\u00e9shuzat, amilyen csak neked van!"},"content":{"rendered":"<p><strong>Divatos, egyedi, v\u00e9d, moshat\u00f3 \u00e9s minden bring\u00e1snak kell egy, mi az? Egy h\u00e1zilag varrt, saj\u00e1t st\u00edlusra szabott, vid\u00e1m \u00fcl\u00e9shuzat! A <\/strong><a href=\"https:\/\/csirek.me\/\"><strong>Csirek blog<\/strong><\/a><strong> \u00f6tlet\u00e9t hoztuk el.<\/strong><!--more--><\/p>\n<h3><strong>Mire lesz sz\u00fcks\u00e9ged?<\/strong><\/h3>\n<ul>\n<li>c\u00e9rna<\/li>\n<li>mint\u00e1s textil vagy v\u00edzleperget\u0151 anyag<\/li>\n<li>oll\u00f3<\/li>\n<li>pap\u00edr<\/li>\n<li>ceruza<\/li>\n<li>gombost\u0171<\/li>\n<li>er\u0151s gumi<\/li>\n<li>biztost\u0171<\/li>\n<li>k\u00e9z\u00fcgyess\u00e9g \u00e9s\/vagy varr\u00f3g\u00e9p<\/li>\n<\/ul>\n<h3><strong>Hogyan k\u00e9sz\u00edtsd el?<\/strong><\/h3>\n<p>Szereld le a nyerged \u00e9s rajzold k\u00f6rbe, hogy pontosan illeszkedjen majd a huzat! Ez lesz a szab\u00e1smint\u00e1d. El\u0151nyben, akik j\u00e1rtasak annyira a t\u00e9m\u00e1ban, hogy tudj\u00e1k ez m\u00e9gis mire j\u00f3!<\/p>\n<p><img loading=\"lazy\" decoding=\"async\" class=\"aligncenter size-full wp-image-7559\" src=\"https:\/\/d2p6e6u75xmxt8.cloudfront.net\/12\/2020\/05\/diy_nyeregvedo_lepesek_1.jpg\" alt=\"\" width=\"900\" height=\"597\" srcset=\"https:\/\/d2p6e6u75xmxt8.cloudfront.net\/12\/2020\/05\/diy_nyeregvedo_lepesek_1.jpg 900w, https:\/\/d2p6e6u75xmxt8.cloudfront.net\/12\/2020\/05\/diy_nyeregvedo_lepesek_1-300x199.jpg 300w, https:\/\/d2p6e6u75xmxt8.cloudfront.net\/12\/2020\/05\/diy_nyeregvedo_lepesek_1-768x509.jpg 768w\" sizes=\"auto, (max-width: 900px) 100vw, 900px\" \/><\/p>\n<p>V\u00e1gd ki a szab\u00e1smint\u00e1t, gombost\u0171vel r\u00f6gz\u00edtsd az anyagra \u00e9s 2 cm-es r\u00e1hagy\u00e1ssal v\u00e1gd k\u00f6rbe!<\/p>\n<p><img loading=\"lazy\" decoding=\"async\" class=\"aligncenter size-full wp-image-7560\" src=\"https:\/\/d2p6e6u75xmxt8.cloudfront.net\/12\/2020\/05\/diy_nyeregvedo_lepesek_2.jpg\" alt=\"\" width=\"900\" height=\"597\" srcset=\"https:\/\/d2p6e6u75xmxt8.cloudfront.net\/12\/2020\/05\/diy_nyeregvedo_lepesek_2.jpg 900w, https:\/\/d2p6e6u75xmxt8.cloudfront.net\/12\/2020\/05\/diy_nyeregvedo_lepesek_2-300x199.jpg 300w, https:\/\/d2p6e6u75xmxt8.cloudfront.net\/12\/2020\/05\/diy_nyeregvedo_lepesek_2-768x509.jpg 768w\" sizes=\"auto, (max-width: 900px) 100vw, 900px\" \/><\/p>\n<p>Fogj egy m\u00e9r\u0151szalagot \u00e9s m\u00e9rd le a nyerged ker\u00fclet\u00e9t, \u00edvekkel \u00e9s kiugr\u00e1sokkal egy\u00fctt! Ha ez megvan, v\u00e1gj le egy, a kapott ker\u00fcletn\u00e9l 10 cm-el hosszabb, 15 cm sz\u00e9les s\u00e1vot az anyagodb\u00f3l! Ezt t\u0171zd r\u00e1 a m\u00e1r kiv\u00e1gott anyagra, majd varrd \u00f6ssze a kett\u0151t! A cs\u00edkb\u00f3l maradt felesleget v\u00e1gd le!<\/p>\n<p><img loading=\"lazy\" decoding=\"async\" class=\"aligncenter size-full wp-image-7561\" src=\"https:\/\/d2p6e6u75xmxt8.cloudfront.net\/12\/2020\/05\/diy_nyeregvedo_lepesek_5.jpg\" alt=\"\" width=\"900\" height=\"597\" srcset=\"https:\/\/d2p6e6u75xmxt8.cloudfront.net\/12\/2020\/05\/diy_nyeregvedo_lepesek_5.jpg 900w, https:\/\/d2p6e6u75xmxt8.cloudfront.net\/12\/2020\/05\/diy_nyeregvedo_lepesek_5-300x199.jpg 300w, https:\/\/d2p6e6u75xmxt8.cloudfront.net\/12\/2020\/05\/diy_nyeregvedo_lepesek_5-768x509.jpg 768w\" sizes=\"auto, (max-width: 900px) 100vw, 900px\" \/><\/p>\n<p>A peremet hajtsd vissza, alak\u00edtsd ki a b\u00fajtat\u00f3t, ide kell majd bef\u0171zn\u00f6d a gumit.<\/p>\n<p><img loading=\"lazy\" decoding=\"async\" class=\"aligncenter size-full wp-image-7562\" src=\"https:\/\/d2p6e6u75xmxt8.cloudfront.net\/12\/2020\/05\/diy_nyeregvedo_lepesek_6.jpg\" alt=\"\" width=\"900\" height=\"597\" srcset=\"https:\/\/d2p6e6u75xmxt8.cloudfront.net\/12\/2020\/05\/diy_nyeregvedo_lepesek_6.jpg 900w, https:\/\/d2p6e6u75xmxt8.cloudfront.net\/12\/2020\/05\/diy_nyeregvedo_lepesek_6-300x199.jpg 300w, https:\/\/d2p6e6u75xmxt8.cloudfront.net\/12\/2020\/05\/diy_nyeregvedo_lepesek_6-768x509.jpg 768w\" sizes=\"auto, (max-width: 900px) 100vw, 900px\" \/><\/p>\n<p>Ha ezzel megvagy, m\u00e9g ne v\u00e1gd le a marad\u00e9k gumit: h\u00fazd r\u00e1 a nyeregre az anyagot \u00e9s h\u00fazd \u00f6ssze alatta a gumis r\u00e9szt!<\/p>\n<p><img loading=\"lazy\" decoding=\"async\" class=\"aligncenter size-full wp-image-7563\" src=\"https:\/\/d2p6e6u75xmxt8.cloudfront.net\/12\/2020\/05\/diy_nyeregvedo_lepesek_8.jpg\" alt=\"\" width=\"900\" height=\"597\" srcset=\"https:\/\/d2p6e6u75xmxt8.cloudfront.net\/12\/2020\/05\/diy_nyeregvedo_lepesek_8.jpg 900w, https:\/\/d2p6e6u75xmxt8.cloudfront.net\/12\/2020\/05\/diy_nyeregvedo_lepesek_8-300x199.jpg 300w, https:\/\/d2p6e6u75xmxt8.cloudfront.net\/12\/2020\/05\/diy_nyeregvedo_lepesek_8-768x509.jpg 768w\" sizes=\"auto, (max-width: 900px) 100vw, 900px\" \/><\/p>\n<p>A v\u00e9geredm\u00e9nyt k\u00fcldd el nek\u00fcnk kommentben, k\u00edv\u00e1ncsiak vagyunk r\u00e1! J<\/p>\n<p><img loading=\"lazy\" decoding=\"async\" class=\"aligncenter size-full wp-image-7566\" src=\"https:\/\/d2p6e6u75xmxt8.cloudfront.net\/12\/2020\/05\/diy_nyeregvedo_kesz_1.jpg\" alt=\"\" width=\"900\" height=\"597\" srcset=\"https:\/\/d2p6e6u75xmxt8.cloudfront.net\/12\/2020\/05\/diy_nyeregvedo_kesz_1.jpg 900w, https:\/\/d2p6e6u75xmxt8.cloudfront.net\/12\/2020\/05\/diy_nyeregvedo_kesz_1-300x199.jpg 300w, https:\/\/d2p6e6u75xmxt8.cloudfront.net\/12\/2020\/05\/diy_nyeregvedo_kesz_1-768x509.jpg 768w\" sizes=\"auto, (max-width: 900px) 100vw, 900px\" \/><\/p>\n<p>Forr\u00e1s: <a href=\"https:\/\/www.praktiker.hu\/kerekpar-uleshuzat-hazilag\">www.praktiker.hu<\/a><\/p>\n","protected":false},"excerpt":{"rendered":"<p>Divatos, egyedi, v\u00e9d, moshat\u00f3 \u00e9s minden bring\u00e1snak kell egy, mi az? Egy h\u00e1zilag varrt, saj\u00e1t st\u00edlusra szabott, vid\u00e1m \u00fcl\u00e9shuzat! A [&hellip;]<\/p>\n","protected":false},"author":71,"featured_media":7564,"comment_status":"open","ping_status":"open","sticky":false,"template":"","format":"standard","meta":{"footnotes":""},"categories":[13],"tags":[],"global-categories":[],"class_list":["post-7558","post","type-post","status-publish","format-standard","has-post-thumbnail","hentry","category-blog"],"yoast_head":"<!-- This site is optimized with the Yoast SEO Premium plugin v25.3 (Yoast SEO v25.9) - https:\/\/yoast.com\/wordpress\/plugins\/seo\/ -->\n<title>\u00dcl\u00e9shuzat, amilyen csak neked van! - \u0160koda We Love Cycling - Magyarorsz\u00e1g<\/title>\n<meta name=\"robots\" content=\"index, follow, max-snippet:-1, max-image-preview:large, max-video-preview:-1\" \/>\n<link rel=\"canonical\" href=\"https:\/\/www.welovecycling.com\/hu\/blog\/uleshuzat-amilyen-csak-neked-van\/\" \/>\n<meta property=\"og:locale\" content=\"hu_HU\" \/>\n<meta property=\"og:type\" content=\"article\" \/>\n<meta property=\"og:title\" content=\"\u00dcl\u00e9shuzat, amilyen csak neked van!\" \/>\n<meta property=\"og:description\" content=\"Divatos, egyedi, v\u00e9d, moshat\u00f3 \u00e9s minden bring\u00e1snak kell egy, mi az? Egy h\u00e1zilag varrt, saj\u00e1t st\u00edlusra szabott, vid\u00e1m \u00fcl\u00e9shuzat! A [&hellip;]\" \/>\n<meta property=\"og:url\" content=\"https:\/\/www.welovecycling.com\/hu\/blog\/uleshuzat-amilyen-csak-neked-van\/\" \/>\n<meta property=\"og:site_name\" content=\"\u0160koda We Love Cycling - Magyarorsz\u00e1g\" \/>\n<meta property=\"article:publisher\" content=\"https:\/\/www.facebook.com\/WeLoveCyclingHungary\/\" \/>\n<meta property=\"article:published_time\" content=\"2020-05-07T07:00:59+00:00\" \/>\n<meta property=\"og:image\" content=\"https:\/\/d2p6e6u75xmxt8.cloudfront.net\/12\/2020\/05\/uleshuzat_wlc_blog.jpg\" \/>\n\t<meta property=\"og:image:width\" content=\"900\" \/>\n\t<meta property=\"og:image:height\" content=\"597\" \/>\n\t<meta property=\"og:image:type\" content=\"image\/jpeg\" \/>\n<meta name=\"author\" content=\"hegyizs\" \/>\n<meta name=\"twitter:card\" content=\"summary_large_image\" \/>\n<meta name=\"twitter:label1\" content=\"Written by\" \/>\n\t<meta name=\"twitter:data1\" content=\"WLC\" \/>\n\t<meta name=\"twitter:label2\" content=\"Est. reading time\" \/>\n\t<meta name=\"twitter:data2\" content=\"1 minute\" \/>\n<script type=\"application\/ld+json\" class=\"yoast-schema-graph\">{\"@context\":\"https:\/\/schema.org\",\"@graph\":[{\"@type\":\"WebPage\",\"@id\":\"https:\/\/www.welovecycling.com\/hu\/blog\/uleshuzat-amilyen-csak-neked-van\/\",\"url\":\"https:\/\/www.welovecycling.com\/hu\/blog\/uleshuzat-amilyen-csak-neked-van\/\",\"name\":\"\u00dcl\u00e9shuzat, amilyen csak neked van! - \u0160koda We Love Cycling - Magyarorsz\u00e1g\",\"isPartOf\":{\"@id\":\"https:\/\/www.welovecycling.com\/hu\/#website\"},\"primaryImageOfPage\":{\"@id\":\"https:\/\/www.welovecycling.com\/hu\/blog\/uleshuzat-amilyen-csak-neked-van\/#primaryimage\"},\"image\":{\"@id\":\"https:\/\/www.welovecycling.com\/hu\/blog\/uleshuzat-amilyen-csak-neked-van\/#primaryimage\"},\"thumbnailUrl\":\"https:\/\/d2p6e6u75xmxt8.cloudfront.net\/12\/2020\/05\/uleshuzat_wlc_blog.jpg\",\"datePublished\":\"2020-05-07T07:00:59+00:00\",\"author\":{\"@id\":\"https:\/\/www.welovecycling.com\/hu\/#\/schema\/person\/414a2aebf1801691a5320edb6468e194\"},\"breadcrumb\":{\"@id\":\"https:\/\/www.welovecycling.com\/hu\/blog\/uleshuzat-amilyen-csak-neked-van\/#breadcrumb\"},\"inLanguage\":\"hu\",\"potentialAction\":[{\"@type\":\"ReadAction\",\"target\":[\"https:\/\/www.welovecycling.com\/hu\/blog\/uleshuzat-amilyen-csak-neked-van\/\"]}]},{\"@type\":\"ImageObject\",\"inLanguage\":\"hu\",\"@id\":\"https:\/\/www.welovecycling.com\/hu\/blog\/uleshuzat-amilyen-csak-neked-van\/#primaryimage\",\"url\":\"https:\/\/d2p6e6u75xmxt8.cloudfront.net\/12\/2020\/05\/uleshuzat_wlc_blog.jpg\",\"contentUrl\":\"https:\/\/d2p6e6u75xmxt8.cloudfront.net\/12\/2020\/05\/uleshuzat_wlc_blog.jpg\",\"width\":900,\"height\":597},{\"@type\":\"BreadcrumbList\",\"@id\":\"https:\/\/www.welovecycling.com\/hu\/blog\/uleshuzat-amilyen-csak-neked-van\/#breadcrumb\",\"itemListElement\":[{\"@type\":\"ListItem\",\"position\":1,\"name\":\"Home\",\"item\":\"https:\/\/www.welovecycling.com\/hu\/\"},{\"@type\":\"ListItem\",\"position\":2,\"name\":\"\u00dcl\u00e9shuzat, amilyen csak neked van!\"}]},{\"@type\":\"WebSite\",\"@id\":\"https:\/\/www.welovecycling.com\/hu\/#website\",\"url\":\"https:\/\/www.welovecycling.com\/hu\/\",\"name\":\"\u0160koda We Love Cycling - Magyarorsz\u00e1g\",\"description\":\"\u0160koda WeLoveCycling\",\"potentialAction\":[{\"@type\":\"SearchAction\",\"target\":{\"@type\":\"EntryPoint\",\"urlTemplate\":\"https:\/\/www.welovecycling.com\/hu\/?s={search_term_string}\"},\"query-input\":{\"@type\":\"PropertyValueSpecification\",\"valueRequired\":true,\"valueName\":\"search_term_string\"}}],\"inLanguage\":\"hu\"},{\"@type\":\"Person\",\"@id\":\"https:\/\/www.welovecycling.com\/hu\/#\/schema\/person\/414a2aebf1801691a5320edb6468e194\",\"name\":\"hegyizs\",\"image\":{\"@type\":\"ImageObject\",\"inLanguage\":\"hu\",\"@id\":\"https:\/\/www.welovecycling.com\/hu\/#\/schema\/person\/image\/\",\"url\":\"https:\/\/secure.gravatar.com\/avatar\/02cf8a7906b8cf90cecb4679defac7cfd33a1c2e3b88e4903d947f3bb58eedd3?s=96&d=mm&r=g\",\"contentUrl\":\"https:\/\/secure.gravatar.com\/avatar\/02cf8a7906b8cf90cecb4679defac7cfd33a1c2e3b88e4903d947f3bb58eedd3?s=96&d=mm&r=g\",\"caption\":\"hegyizs\"},\"url\":\"https:\/\/www.welovecycling.com\/hu\/author\/hegyizs\/\"}]}<\/script>\n<!-- \/ Yoast SEO Premium plugin. -->","yoast_head_json":{"title":"\u00dcl\u00e9shuzat, amilyen csak neked van! - \u0160koda We Love Cycling - Magyarorsz\u00e1g","robots":{"index":"index","follow":"follow","max-snippet":"max-snippet:-1","max-image-preview":"max-image-preview:large","max-video-preview":"max-video-preview:-1"},"canonical":"https:\/\/www.welovecycling.com\/hu\/blog\/uleshuzat-amilyen-csak-neked-van\/","og_locale":"hu_HU","og_type":"article","og_title":"\u00dcl\u00e9shuzat, amilyen csak neked van!","og_description":"Divatos, egyedi, v\u00e9d, moshat\u00f3 \u00e9s minden bring\u00e1snak kell egy, mi az? Egy h\u00e1zilag varrt, saj\u00e1t st\u00edlusra szabott, vid\u00e1m \u00fcl\u00e9shuzat! A [&hellip;]","og_url":"https:\/\/www.welovecycling.com\/hu\/blog\/uleshuzat-amilyen-csak-neked-van\/","og_site_name":"\u0160koda We Love Cycling - Magyarorsz\u00e1g","article_publisher":"https:\/\/www.facebook.com\/WeLoveCyclingHungary\/","article_published_time":"2020-05-07T07:00:59+00:00","og_image":[{"width":900,"height":597,"url":"https:\/\/d2p6e6u75xmxt8.cloudfront.net\/12\/2020\/05\/uleshuzat_wlc_blog.jpg","type":"image\/jpeg"}],"author":"hegyizs","twitter_card":"summary_large_image","twitter_misc":{"Written by":"WLC","Est. reading time":"1 minute"},"schema":{"@context":"https:\/\/schema.org","@graph":[{"@type":"WebPage","@id":"https:\/\/www.welovecycling.com\/hu\/blog\/uleshuzat-amilyen-csak-neked-van\/","url":"https:\/\/www.welovecycling.com\/hu\/blog\/uleshuzat-amilyen-csak-neked-van\/","name":"\u00dcl\u00e9shuzat, amilyen csak neked van! - \u0160koda We Love Cycling - Magyarorsz\u00e1g","isPartOf":{"@id":"https:\/\/www.welovecycling.com\/hu\/#website"},"primaryImageOfPage":{"@id":"https:\/\/www.welovecycling.com\/hu\/blog\/uleshuzat-amilyen-csak-neked-van\/#primaryimage"},"image":{"@id":"https:\/\/www.welovecycling.com\/hu\/blog\/uleshuzat-amilyen-csak-neked-van\/#primaryimage"},"thumbnailUrl":"https:\/\/d2p6e6u75xmxt8.cloudfront.net\/12\/2020\/05\/uleshuzat_wlc_blog.jpg","datePublished":"2020-05-07T07:00:59+00:00","author":{"@id":"https:\/\/www.welovecycling.com\/hu\/#\/schema\/person\/414a2aebf1801691a5320edb6468e194"},"breadcrumb":{"@id":"https:\/\/www.welovecycling.com\/hu\/blog\/uleshuzat-amilyen-csak-neked-van\/#breadcrumb"},"inLanguage":"hu","potentialAction":[{"@type":"ReadAction","target":["https:\/\/www.welovecycling.com\/hu\/blog\/uleshuzat-amilyen-csak-neked-van\/"]}]},{"@type":"ImageObject","inLanguage":"hu","@id":"https:\/\/www.welovecycling.com\/hu\/blog\/uleshuzat-amilyen-csak-neked-van\/#primaryimage","url":"https:\/\/d2p6e6u75xmxt8.cloudfront.net\/12\/2020\/05\/uleshuzat_wlc_blog.jpg","contentUrl":"https:\/\/d2p6e6u75xmxt8.cloudfront.net\/12\/2020\/05\/uleshuzat_wlc_blog.jpg","width":900,"height":597},{"@type":"BreadcrumbList","@id":"https:\/\/www.welovecycling.com\/hu\/blog\/uleshuzat-amilyen-csak-neked-van\/#breadcrumb","itemListElement":[{"@type":"ListItem","position":1,"name":"Home","item":"https:\/\/www.welovecycling.com\/hu\/"},{"@type":"ListItem","position":2,"name":"\u00dcl\u00e9shuzat, amilyen csak neked van!"}]},{"@type":"WebSite","@id":"https:\/\/www.welovecycling.com\/hu\/#website","url":"https:\/\/www.welovecycling.com\/hu\/","name":"\u0160koda We Love Cycling - Magyarorsz\u00e1g","description":"\u0160koda WeLoveCycling","potentialAction":[{"@type":"SearchAction","target":{"@type":"EntryPoint","urlTemplate":"https:\/\/www.welovecycling.com\/hu\/?s={search_term_string}"},"query-input":{"@type":"PropertyValueSpecification","valueRequired":true,"valueName":"search_term_string"}}],"inLanguage":"hu"},{"@type":"Person","@id":"https:\/\/www.welovecycling.com\/hu\/#\/schema\/person\/414a2aebf1801691a5320edb6468e194","name":"hegyizs","image":{"@type":"ImageObject","inLanguage":"hu","@id":"https:\/\/www.welovecycling.com\/hu\/#\/schema\/person\/image\/","url":"https:\/\/secure.gravatar.com\/avatar\/02cf8a7906b8cf90cecb4679defac7cfd33a1c2e3b88e4903d947f3bb58eedd3?s=96&d=mm&r=g","contentUrl":"https:\/\/secure.gravatar.com\/avatar\/02cf8a7906b8cf90cecb4679defac7cfd33a1c2e3b88e4903d947f3bb58eedd3?s=96&d=mm&r=g","caption":"hegyizs"},"url":"https:\/\/www.welovecycling.com\/hu\/author\/hegyizs\/"}]}},"_links":{"self":[{"href":"https:\/\/www.welovecycling.com\/hu\/wp-json\/wp\/v2\/posts\/7558","targetHints":{"allow":["GET"]}}],"collection":[{"href":"https:\/\/www.welovecycling.com\/hu\/wp-json\/wp\/v2\/posts"}],"about":[{"href":"https:\/\/www.welovecycling.com\/hu\/wp-json\/wp\/v2\/types\/post"}],"author":[{"embeddable":true,"href":"https:\/\/www.welovecycling.com\/hu\/wp-json\/wp\/v2\/users\/71"}],"replies":[{"embeddable":true,"href":"https:\/\/www.welovecycling.com\/hu\/wp-json\/wp\/v2\/comments?post=7558"}],"version-history":[{"count":2,"href":"https:\/\/www.welovecycling.com\/hu\/wp-json\/wp\/v2\/posts\/7558\/revisions"}],"predecessor-version":[{"id":7569,"href":"https:\/\/www.welovecycling.com\/hu\/wp-json\/wp\/v2\/posts\/7558\/revisions\/7569"}],"wp:featuredmedia":[{"embeddable":true,"href":"https:\/\/www.welovecycling.com\/hu\/wp-json\/wp\/v2\/media\/7564"}],"wp:attachment":[{"href":"https:\/\/www.welovecycling.com\/hu\/wp-json\/wp\/v2\/media?parent=7558"}],"wp:term":[{"taxonomy":"category","embeddable":true,"href":"https:\/\/www.welovecycling.com\/hu\/wp-json\/wp\/v2\/categories?post=7558"},{"taxonomy":"post_tag","embeddable":true,"href":"https:\/\/www.welovecycling.com\/hu\/wp-json\/wp\/v2\/tags?post=7558"},{"taxonomy":"global-categories","embeddable":true,"href":"https:\/\/www.welovecycling.com\/hu\/wp-json\/wp\/v2\/global-categories?post=7558"}],"curies":[{"name":"wp","href":"https:\/\/api.w.org\/{rel}","templated":true}]}}