{"id":7547,"date":"2020-05-09T15:00:12","date_gmt":"2020-05-09T14:00:12","guid":{"rendered":"https:\/\/www.welovecycling.com\/hu\/?p=7547"},"modified":"2020-05-04T16:51:17","modified_gmt":"2020-05-04T15:51:17","slug":"4-inspiralo-noi-kerekparos","status":"publish","type":"post","link":"https:\/\/www.welovecycling.com\/hu\/kozosseg-es-kultura\/4-inspiralo-noi-kerekparos\/","title":{"rendered":"4 inspir\u00e1l\u00f3 n\u0151i ker\u00e9kp\u00e1ros"},"content":{"rendered":"<p><strong>A n\u0151i ker\u00e9kp\u00e1roz\u00e1s vil\u00e1ga tele van csod\u00e1latos karakterekkel. Marienne Vos-t\u00f3l kezdve, a hat\u00e1rokat folyton feszeget\u0151 Annemiek van Vleuten-en \u00e1t, a nemr\u00e9giben visszavonult Iris Slappendelig \u00e9s Ina Yoko Teutenbergig, akik a h\u00e1tt\u00e9rben harcolnak az egyenl\u0151s\u00e9g eszm\u00e9j\u00e9\u00e9rt. Ezek az alakok egy olyan kor lesz\u00e1rmazottai, amiben a ker\u00e9kp\u00e1r szorosan \u00f6sszefon\u00f3dik az emancip\u00e1ci\u00f3val, \u00e9s a sport hozz\u00e1j\u00e1rul a n\u0151k felemelked\u00e9s\u00e9hez. Alfonsina Strada, Beryl Burton, \u00e9s m\u00e9g hossz\u00fa a lista!<\/strong><br \/>\n<!--more--><\/p>\n<p>Lehetetlen felsorolni minden csod\u00e1latos p\u00e9ldak\u00e9pet a sport\u00e1gban. Jelenleg ugyan versenyezni nem l\u00e1thatjuk \u0151ket, m\u00e9gis remek alkalom ez arra, hogy megismerj\u00fck azokat a bring\u00e1sokat, akik igaz\u00e1n sokat tettek a sport\u00e9rt, \u00e9s azon t\u00fal is. A teljess\u00e9g ig\u00e9nye n\u00e9lk\u00fcl hoztunk n\u00e9h\u00e1ny nevet, amit \u00e9rdemes megjegyezni.<\/p>\n<h2><strong>Kristina Vogel<\/strong><\/h2>\n<p>A k\u00e9tszeres olimpikon \u00e9s 11-szeres vil\u00e1gbajnok Kristina Vogel \u00e9let\u00fatja gy\u00f6keresen megv\u00e1ltozott 2018 j\u00fanius\u00e1ban. Egy edz\u00e9s sor\u00e1n, N\u00e9metorsz\u00e1gban \u00f6ssze\u00fctk\u00f6z\u00f6tt egy m\u00e1sik ker\u00e9kp\u00e1rossal: gerincs\u00e9r\u00fcl\u00e9st szenvedett \u00e9s mellkast\u00f3l lefel\u00e9 leb\u00e9nult. Feldolgozhatatlan baleset. Vogel azonban bebizony\u00edtotta, hogy nem hajland\u00f3 feladni. N\u00e9h\u00e1ny h\u00f3nappal k\u00e9s\u0151bb ki\u00e1llt a nyilv\u00e1noss\u00e1g el\u00e9, ny\u00edltan elmes\u00e9lte tapasztalatait, terveket sz\u0151tt a j\u00f6v\u0151re n\u00e9zve \u00e9s megmutatta, hogy nem f\u00e9l feszegetni a hat\u00e1rait.<\/p>\n<figure id=\"attachment_7550\" aria-describedby=\"caption-attachment-7550\" style=\"width: 1250px\" class=\"wp-caption alignnone\"><img loading=\"lazy\" decoding=\"async\" class=\"size-full wp-image-7550\" src=\"https:\/\/d2p6e6u75xmxt8.cloudfront.net\/12\/2020\/05\/Kristina-Vogel-profimedia-0416540484.jpg\" alt=\"\" width=\"1250\" height=\"829\" srcset=\"https:\/\/d2p6e6u75xmxt8.cloudfront.net\/12\/2020\/05\/Kristina-Vogel-profimedia-0416540484.jpg 1250w, https:\/\/d2p6e6u75xmxt8.cloudfront.net\/12\/2020\/05\/Kristina-Vogel-profimedia-0416540484-300x199.jpg 300w, https:\/\/d2p6e6u75xmxt8.cloudfront.net\/12\/2020\/05\/Kristina-Vogel-profimedia-0416540484-768x509.jpg 768w, https:\/\/d2p6e6u75xmxt8.cloudfront.net\/12\/2020\/05\/Kristina-Vogel-profimedia-0416540484-1024x679.jpg 1024w\" sizes=\"auto, (max-width: 1250px) 100vw, 1250px\" \/><figcaption id=\"caption-attachment-7550\" class=\"wp-caption-text\"><em>Kristina Vogel az UCI Vil\u00e1gbajnoks\u00e1g komment\u00e1torak\u00e9nt. \u00a9 SWpix.com \/ Shutterstock Editorial \/ Profimedia<\/em><\/figcaption><\/figure>\n<p>A b\u00e9nul\u00e1s ellen\u00e9re sem lass\u00edtott le: a helyi rend\u0151rs\u00e9gen kezdett el dolgozni, hogy motiv\u00e1ci\u00f3k\u00e9nt szolg\u00e1ljon a hader\u0151 tagjai sz\u00e1m\u00e1ra. Emellett politikusk\u00e9nt \u00e9s telev\u00edzi\u00f3s komment\u00e1tork\u00e9nt is m\u0171k\u00f6dik, motiv\u00e1ci\u00f3s besz\u00e9deket tart \u00e9s az UCI bizotts\u00e1g tagja. Vogel megd\u00f6bbent\u0151 alkalmazkod\u00f3k\u00e9pess\u00e9ge \u00e9s a benne rejl\u0151 elfogad\u00e1s megmutatja er\u0151s karakter\u00e9t. Folyamatos jelenl\u00e9te a sport\u00e1gban \u00e9s a k\u00f6r\u00fcl\u00f6tte kialakult k\u00f6z\u00f6ss\u00e9gben tov\u00e1bbra is b\u00e1tors\u00e1got \u00f6nt azokba, akiknek akad\u00e1lyokkal kell megk\u00fczdeni\u00fck az \u00e9letben.<\/p>\n<h2><strong>Leontien van Moorsel<\/strong><\/h2>\n<p>Leontien van Moorsel h\u00e9t \u00e9ves kor\u00e1ban kezdett ker\u00e9kp\u00e1rozni, h\u00faszas \u00e9veinek elej\u00e9n m\u00e1r vil\u00e1gbajnok volt. Meg\u00e1ll\u00edthatatlannak t\u0171nt, amikor megnyerte az 1993. \u00e9vi orsz\u00e1g\u00fati vil\u00e1gbajnoks\u00e1got, ez\u00e9rt szurkol\u00f3i \u00e9s versenyt\u00e1rsai igen meglep\u0151dtek, amikor hirtelen elt\u0171nt a reflektorf\u00e9nyb\u0151l. A sportol\u00f3 s\u00falyos \u00e9tkez\u00e9si rendelleness\u00e9ggel k\u00fczd\u00f6tt, borzalmasan alacsony volt a tests\u00falya \u00e9s fenn\u00e1llt a vesz\u00e9ly, hogy ez maradand\u00f3 k\u00e1rokat, vagy ak\u00e1r a hal\u00e1l\u00e1t okozza.<\/p>\n<p>https:\/\/www.instagram.com\/p\/B9_1jGXDSl_\/<\/p>\n<p>El\u00e9g er\u0151s volt ahhoz, hogy beismerje: seg\u00edts\u00e9gre van sz\u00fcks\u00e9ge. Visszavonult \u00e9s elk\u00f6telezte mag\u00e1t a gy\u00f3gyul\u00e1s mellett. H\u00e1rom kihagyott szezon \u00e9s a betegs\u00e9g v\u00e9gleges legy\u0151z\u00e9se ut\u00e1n visszat\u00e9rt a nemzetk\u00f6zi versenyek vil\u00e1g\u00e1ba. Er\u0151sebbnek t\u0171nt, mint valaha, sz\u00e1mos leny\u0171g\u00f6z\u0151 eredm\u00e9nyt \u00e9rt el, \u00e9s a 2000-es Sydney-j\u00e1t\u00e9kokon megd\u00f6nt\u00f6tte a vil\u00e1grekordot, \u00edgy k\u00f6nnyed\u00e9n tov\u00e1bbjutott a d\u00f6nt\u0151be.<\/p>\n<p>2004-ben v\u00e9gleg visszavonult \u00e9s a n\u0151i ker\u00e9kp\u00e1roz\u00e1s fejleszt\u00e9s\u00e9nek \u00e9s az \u00e9tkez\u00e9si zavarokkal k\u00fczd\u0151k megseg\u00edt\u00e9s\u00e9nek szentelte \u00e9let\u00e9t. Saj\u00e1t klinik\u00e1t alap\u00edtott, hogy t\u00e1mogassa azokat a betegeket, akiknek ker\u00e9kp\u00e1ros karrierj\u00fck forog vesz\u00e9lyben betegs\u00e9g\u00fck miatt, \u00e9s el\u0151seg\u00edtse gy\u00f3gyul\u00e1sukat. Mindenk\u00e9ppen ki\u00e9rdemelte hely\u00e9t a rajong\u00f3k sz\u00edv\u00e9ben!<\/p>\n<h2><strong>Pauline Ferrand-Pr\u00e9vot<\/strong><\/h2>\n<p>Egy m\u00e1sik p\u00e9lda arra, hogyan gy\u0151zz\u00fck le az akad\u00e1lyokat, melyek k\u00f6z\u00e9nk \u00e9s a sport k\u00f6z\u00e9 \u00e1llnak. Pauline Ferrand \u00fajra \u00e9s \u00fajra bebizony\u00edtja, hogy semmi nem v\u00e1laszthatja el ker\u00e9kp\u00e1rj\u00e1t\u00f3l. A 2015-\u00f6s szezonban, mind\u00f6ssze 23 \u00e9ves kor\u00e1ban a ker\u00e9kp\u00e1roz\u00e1s els\u0151 szem\u00e9ly\u00e9v\u00e9 v\u00e1lt, aki egyszerre birtokolta az orsz\u00e1g\u00fati, a cyclo-cross, \u00e9s a MTB vil\u00e1gbajnoki c\u00edm\u00e9t. Dics\u0151s\u00e9ge azonban r\u00f6vid \u00e9let\u0171nek bizonyult. Hi\u00e1ba a h\u00e1rom c\u00edm, a 2016-os Olimpi\u00e1n Rio-ban sz\u00edvszor\u00edt\u00f3 volt l\u00e1tni, ahogy k\u00fczd. Neh\u00e9zs\u00e9gei a k\u00f6vetkez\u0151 \u00e9vekben is megmaradtak, m\u00edg v\u00e9g\u00fcl s\u00falyos \u00edz\u00fcleti betegs\u00e9ggel diagnosztiz\u00e1lt\u00e1k, mely megmagyar\u00e1zta a folyamatos f\u00e1jdalmat a l\u00e1b\u00e1ban, \u00e9s azt, hogy mi\u00e9rt nem tudott tart\u00f3san nagy er\u0151t kifejteni.<\/p>\n<figure id=\"attachment_7551\" aria-describedby=\"caption-attachment-7551\" style=\"width: 1250px\" class=\"wp-caption alignnone\"><img loading=\"lazy\" decoding=\"async\" class=\"size-full wp-image-7551\" src=\"https:\/\/d2p6e6u75xmxt8.cloudfront.net\/2\/2020\/04\/Pauline-Ferrand-Pr\u00e9vot-profimedia-0473760309.jpg\" alt=\"\" width=\"1250\" height=\"833\" \/><figcaption id=\"caption-attachment-7551\" class=\"wp-caption-text\"><em>Pauline Ferrand-Pr\u00e9vot a UCI Mountain Bike Vil\u00e1gkup\u00e1n, 2019-ben, Kanad\u00e1ban. \u00a9 Pixathlon \/ Shutterstock Editorial \/ Profimedia<\/em><\/figcaption><\/figure>\n<p>Miut\u00e1n elker\u00fclhetetlenn\u00e9 v\u00e1lt, hogy k\u00e9s al\u00e1 fek\u00fcdj\u00f6n, hogy egy m\u0171t\u00e9t sor\u00e1n helyrehozz\u00e1k a s\u00e9r\u00fclt art\u00e9ri\u00e1kat, 2019 els\u0151 fel\u00e9t a lel\u00e1t\u00f3n t\u00f6lt\u00f6tte. Hihetetlen elsz\u00e1nts\u00e1gr\u00f3l tett tan\u00fabizonys\u00e1got, amikor fel\u00e9p\u00fcl\u00e9s\u00e9t k\u00f6vet\u0151en a Val di Sole Vil\u00e1gkup\u00e1j\u00e1n \u00e9s a MTB XCO Vil\u00e1gbajnoks\u00e1gon is csod\u00e1latosan szerepelt. Visszat\u00e9rt a kir\u00e1lyn\u0151, akinek sport ir\u00e1nt t\u00e1pl\u00e1lt szenved\u00e9lyes szeretete eml\u00e9keztette a vil\u00e1got arra, hogy b\u00e1rmi lehets\u00e9ges.<\/p>\n<h2><strong>Nicole Cooke<\/strong><\/h2>\n<p>Hasonl\u00f3k\u00e9pp, Nicole Cooke is sz\u00e1mos szalaggal, d\u00edjjal \u00e9s \u00e9remmel b\u00fcszk\u00e9lkedhet: olimpiai arany, vil\u00e1gbajnoki c\u00edm, t\u00edzszeres nemzeti bajnoki c\u00edm \u00e9s m\u00e9g sorolhatn\u00e1nk. A leny\u0171g\u00f6z\u0151 gy\u0171jtem\u00e9ny azonban nem mutatja, mit is adott \u0151 a vil\u00e1gnak. Sportteljes\u00edtm\u00e9nyei mellett a drogok, a szexizmus \u00e9s a profi ker\u00e9kp\u00e1rosok kizs\u00e1km\u00e1nyol\u00e1sa elleni harccal is kiv\u00edvta a rajong\u00f3k tisztelet\u00e9t.<\/p>\n<div class=\"embed-controller-wrapper\">\n<blockquote class=\"twitter-tweet\" data-width=\"500\" data-dnt=\"true\">\n<p lang=\"en\" dir=\"ltr\">Celebrating 100 years of votes for women&#8230; An amazing atmosphere in London <a href=\"https:\/\/twitter.com\/hashtag\/PROCESSIONS2018?src=hash&amp;ref_src=twsrc%5Etfw\">#PROCESSIONS2018<\/a> <a href=\"https:\/\/twitter.com\/processions2018?ref_src=twsrc%5Etfw\">@processions2018<\/a> <a href=\"https:\/\/t.co\/vgNjlqOmsr\">pic.twitter.com\/vgNjlqOmsr<\/a><\/p>\n<p>&mdash; Nicole Cooke (@NicoleCooke2012) <a href=\"https:\/\/twitter.com\/NicoleCooke2012\/status\/1005852173182361600?ref_src=twsrc%5Etfw\">June 10, 2018<\/a><\/p><\/blockquote>\n<p><script async data-src=\"https:\/\/platform.twitter.com\/widgets.js\" charset=\"utf-8\"><\/script><\/div>\n<p>2013-ban Cooke bejelentette visszavonul\u00e1s\u00e1t. Sokkol\u00f3 nyilatkozat\u00e1ban felt\u00e1rta a ker\u00e9kp\u00e1roz\u00e1s \u00e1rnyoldalait, a nem t\u00fal \u00edzl\u00e9ses r\u00e9szleteket is felfedve. Az\u00e9rt k\u00fczd\u00f6tt, hogy a profi sportol\u00e1s strukt\u00far\u00e1j\u00e1t alapjaiban megv\u00e1ltoztassa. Harcolt az\u00e9rt, amiben marad\u00e9ktalanul hitt. Hi\u00e1ba fenyegett\u00e9k perrel, f\u00e9lelmet nem ismerve tov\u00e1bbra is ki\u00e1llt a doppingol\u00e1s \u00e9s a szexizmus ellen, ez pedig k\u00e9ts\u00e9gtelen\u00fcl m\u00e1s n\u0151ket is arra \u00f6szt\u00f6nz\u00f6tt, hogy vele k\u00f6vetelj\u00e9k a v\u00e1ltoz\u00e1sokat.<\/p>\n","protected":false},"excerpt":{"rendered":"<p>A n\u0151i ker\u00e9kp\u00e1roz\u00e1s vil\u00e1ga tele van csod\u00e1latos karakterekkel. Marienne Vos-t\u00f3l kezdve, a hat\u00e1rokat folyton feszeget\u0151 Annemiek van Vleuten-en \u00e1t, a [&hellip;]<\/p>\n","protected":false},"author":71,"featured_media":7553,"comment_status":"open","ping_status":"open","sticky":false,"template":"","format":"standard","meta":{"footnotes":""},"categories":[12],"tags":[],"global-categories":[],"class_list":["post-7547","post","type-post","status-publish","format-standard","has-post-thumbnail","hentry","category-kozosseg-es-kultura"],"yoast_head":"<!-- This site is optimized with the Yoast SEO Premium plugin v25.3 (Yoast SEO v25.9) - https:\/\/yoast.com\/wordpress\/plugins\/seo\/ -->\n<title>4 inspir\u00e1l\u00f3 n\u0151i ker\u00e9kp\u00e1ros - \u0160koda We Love Cycling - Magyarorsz\u00e1g<\/title>\n<meta name=\"robots\" content=\"index, follow, max-snippet:-1, max-image-preview:large, max-video-preview:-1\" \/>\n<link rel=\"canonical\" href=\"https:\/\/www.welovecycling.com\/hu\/kozosseg-es-kultura\/4-inspiralo-noi-kerekparos\/\" \/>\n<meta property=\"og:locale\" content=\"hu_HU\" \/>\n<meta property=\"og:type\" content=\"article\" \/>\n<meta property=\"og:title\" content=\"4 inspir\u00e1l\u00f3 n\u0151i ker\u00e9kp\u00e1ros\" \/>\n<meta property=\"og:description\" content=\"A n\u0151i ker\u00e9kp\u00e1roz\u00e1s vil\u00e1ga tele van csod\u00e1latos karakterekkel. Marienne Vos-t\u00f3l kezdve, a hat\u00e1rokat folyton feszeget\u0151 Annemiek van Vleuten-en \u00e1t, a [&hellip;]\" \/>\n<meta property=\"og:url\" content=\"https:\/\/www.welovecycling.com\/hu\/kozosseg-es-kultura\/4-inspiralo-noi-kerekparos\/\" \/>\n<meta property=\"og:site_name\" content=\"\u0160koda We Love Cycling - Magyarorsz\u00e1g\" \/>\n<meta property=\"article:publisher\" content=\"https:\/\/www.facebook.com\/WeLoveCyclingHungary\/\" \/>\n<meta property=\"article:published_time\" content=\"2020-05-09T14:00:12+00:00\" \/>\n<meta property=\"og:image\" content=\"https:\/\/d2p6e6u75xmxt8.cloudfront.net\/12\/2020\/05\/Kristina-Vogel-CVR-profimedia-0502157382.jpg\" \/>\n\t<meta property=\"og:image:width\" content=\"1366\" \/>\n\t<meta property=\"og:image:height\" content=\"600\" \/>\n\t<meta property=\"og:image:type\" content=\"image\/jpeg\" \/>\n<meta name=\"author\" content=\"hegyizs\" \/>\n<meta name=\"twitter:card\" content=\"summary_large_image\" \/>\n<meta name=\"twitter:label1\" content=\"Written by\" \/>\n\t<meta name=\"twitter:data1\" content=\"Megan Flottorp\" \/>\n\t<meta name=\"twitter:label2\" content=\"Est. reading time\" \/>\n\t<meta name=\"twitter:data2\" content=\"7\" \/>\n<script type=\"application\/ld+json\" class=\"yoast-schema-graph\">{\"@context\":\"https:\/\/schema.org\",\"@graph\":[{\"@type\":\"WebPage\",\"@id\":\"https:\/\/www.welovecycling.com\/hu\/kozosseg-es-kultura\/4-inspiralo-noi-kerekparos\/\",\"url\":\"https:\/\/www.welovecycling.com\/hu\/kozosseg-es-kultura\/4-inspiralo-noi-kerekparos\/\",\"name\":\"4 inspir\u00e1l\u00f3 n\u0151i ker\u00e9kp\u00e1ros - \u0160koda We Love Cycling - Magyarorsz\u00e1g\",\"isPartOf\":{\"@id\":\"https:\/\/www.welovecycling.com\/hu\/#website\"},\"primaryImageOfPage\":{\"@id\":\"https:\/\/www.welovecycling.com\/hu\/kozosseg-es-kultura\/4-inspiralo-noi-kerekparos\/#primaryimage\"},\"image\":{\"@id\":\"https:\/\/www.welovecycling.com\/hu\/kozosseg-es-kultura\/4-inspiralo-noi-kerekparos\/#primaryimage\"},\"thumbnailUrl\":\"https:\/\/d2p6e6u75xmxt8.cloudfront.net\/12\/2020\/05\/Kristina-Vogel-CVR-profimedia-0502157382.jpg\",\"datePublished\":\"2020-05-09T14:00:12+00:00\",\"author\":{\"@id\":\"https:\/\/www.welovecycling.com\/hu\/#\/schema\/person\/414a2aebf1801691a5320edb6468e194\"},\"breadcrumb\":{\"@id\":\"https:\/\/www.welovecycling.com\/hu\/kozosseg-es-kultura\/4-inspiralo-noi-kerekparos\/#breadcrumb\"},\"inLanguage\":\"hu\",\"potentialAction\":[{\"@type\":\"ReadAction\",\"target\":[\"https:\/\/www.welovecycling.com\/hu\/kozosseg-es-kultura\/4-inspiralo-noi-kerekparos\/\"]}]},{\"@type\":\"ImageObject\",\"inLanguage\":\"hu\",\"@id\":\"https:\/\/www.welovecycling.com\/hu\/kozosseg-es-kultura\/4-inspiralo-noi-kerekparos\/#primaryimage\",\"url\":\"https:\/\/d2p6e6u75xmxt8.cloudfront.net\/12\/2020\/05\/Kristina-Vogel-CVR-profimedia-0502157382.jpg\",\"contentUrl\":\"https:\/\/d2p6e6u75xmxt8.cloudfront.net\/12\/2020\/05\/Kristina-Vogel-CVR-profimedia-0502157382.jpg\",\"width\":1366,\"height\":600},{\"@type\":\"BreadcrumbList\",\"@id\":\"https:\/\/www.welovecycling.com\/hu\/kozosseg-es-kultura\/4-inspiralo-noi-kerekparos\/#breadcrumb\",\"itemListElement\":[{\"@type\":\"ListItem\",\"position\":1,\"name\":\"Home\",\"item\":\"https:\/\/www.welovecycling.com\/hu\/\"},{\"@type\":\"ListItem\",\"position\":2,\"name\":\"4 inspir\u00e1l\u00f3 n\u0151i ker\u00e9kp\u00e1ros\"}]},{\"@type\":\"WebSite\",\"@id\":\"https:\/\/www.welovecycling.com\/hu\/#website\",\"url\":\"https:\/\/www.welovecycling.com\/hu\/\",\"name\":\"\u0160koda We Love Cycling - Magyarorsz\u00e1g\",\"description\":\"\u0160koda WeLoveCycling\",\"potentialAction\":[{\"@type\":\"SearchAction\",\"target\":{\"@type\":\"EntryPoint\",\"urlTemplate\":\"https:\/\/www.welovecycling.com\/hu\/?s={search_term_string}\"},\"query-input\":{\"@type\":\"PropertyValueSpecification\",\"valueRequired\":true,\"valueName\":\"search_term_string\"}}],\"inLanguage\":\"hu\"},{\"@type\":\"Person\",\"@id\":\"https:\/\/www.welovecycling.com\/hu\/#\/schema\/person\/414a2aebf1801691a5320edb6468e194\",\"name\":\"hegyizs\",\"image\":{\"@type\":\"ImageObject\",\"inLanguage\":\"hu\",\"@id\":\"https:\/\/www.welovecycling.com\/hu\/#\/schema\/person\/image\/\",\"url\":\"https:\/\/secure.gravatar.com\/avatar\/02cf8a7906b8cf90cecb4679defac7cfd33a1c2e3b88e4903d947f3bb58eedd3?s=96&d=mm&r=g\",\"contentUrl\":\"https:\/\/secure.gravatar.com\/avatar\/02cf8a7906b8cf90cecb4679defac7cfd33a1c2e3b88e4903d947f3bb58eedd3?s=96&d=mm&r=g\",\"caption\":\"hegyizs\"},\"url\":\"https:\/\/www.welovecycling.com\/hu\/author\/hegyizs\/\"}]}<\/script>\n<!-- \/ Yoast SEO Premium plugin. -->","yoast_head_json":{"title":"4 inspir\u00e1l\u00f3 n\u0151i ker\u00e9kp\u00e1ros - \u0160koda We Love Cycling - Magyarorsz\u00e1g","robots":{"index":"index","follow":"follow","max-snippet":"max-snippet:-1","max-image-preview":"max-image-preview:large","max-video-preview":"max-video-preview:-1"},"canonical":"https:\/\/www.welovecycling.com\/hu\/kozosseg-es-kultura\/4-inspiralo-noi-kerekparos\/","og_locale":"hu_HU","og_type":"article","og_title":"4 inspir\u00e1l\u00f3 n\u0151i ker\u00e9kp\u00e1ros","og_description":"A n\u0151i ker\u00e9kp\u00e1roz\u00e1s vil\u00e1ga tele van csod\u00e1latos karakterekkel. Marienne Vos-t\u00f3l kezdve, a hat\u00e1rokat folyton feszeget\u0151 Annemiek van Vleuten-en \u00e1t, a [&hellip;]","og_url":"https:\/\/www.welovecycling.com\/hu\/kozosseg-es-kultura\/4-inspiralo-noi-kerekparos\/","og_site_name":"\u0160koda We Love Cycling - Magyarorsz\u00e1g","article_publisher":"https:\/\/www.facebook.com\/WeLoveCyclingHungary\/","article_published_time":"2020-05-09T14:00:12+00:00","og_image":[{"width":1366,"height":600,"url":"https:\/\/d2p6e6u75xmxt8.cloudfront.net\/12\/2020\/05\/Kristina-Vogel-CVR-profimedia-0502157382.jpg","type":"image\/jpeg"}],"author":"hegyizs","twitter_card":"summary_large_image","twitter_misc":{"Written by":"Megan Flottorp","Est. reading time":"7"},"schema":{"@context":"https:\/\/schema.org","@graph":[{"@type":"WebPage","@id":"https:\/\/www.welovecycling.com\/hu\/kozosseg-es-kultura\/4-inspiralo-noi-kerekparos\/","url":"https:\/\/www.welovecycling.com\/hu\/kozosseg-es-kultura\/4-inspiralo-noi-kerekparos\/","name":"4 inspir\u00e1l\u00f3 n\u0151i ker\u00e9kp\u00e1ros - \u0160koda We Love Cycling - Magyarorsz\u00e1g","isPartOf":{"@id":"https:\/\/www.welovecycling.com\/hu\/#website"},"primaryImageOfPage":{"@id":"https:\/\/www.welovecycling.com\/hu\/kozosseg-es-kultura\/4-inspiralo-noi-kerekparos\/#primaryimage"},"image":{"@id":"https:\/\/www.welovecycling.com\/hu\/kozosseg-es-kultura\/4-inspiralo-noi-kerekparos\/#primaryimage"},"thumbnailUrl":"https:\/\/d2p6e6u75xmxt8.cloudfront.net\/12\/2020\/05\/Kristina-Vogel-CVR-profimedia-0502157382.jpg","datePublished":"2020-05-09T14:00:12+00:00","author":{"@id":"https:\/\/www.welovecycling.com\/hu\/#\/schema\/person\/414a2aebf1801691a5320edb6468e194"},"breadcrumb":{"@id":"https:\/\/www.welovecycling.com\/hu\/kozosseg-es-kultura\/4-inspiralo-noi-kerekparos\/#breadcrumb"},"inLanguage":"hu","potentialAction":[{"@type":"ReadAction","target":["https:\/\/www.welovecycling.com\/hu\/kozosseg-es-kultura\/4-inspiralo-noi-kerekparos\/"]}]},{"@type":"ImageObject","inLanguage":"hu","@id":"https:\/\/www.welovecycling.com\/hu\/kozosseg-es-kultura\/4-inspiralo-noi-kerekparos\/#primaryimage","url":"https:\/\/d2p6e6u75xmxt8.cloudfront.net\/12\/2020\/05\/Kristina-Vogel-CVR-profimedia-0502157382.jpg","contentUrl":"https:\/\/d2p6e6u75xmxt8.cloudfront.net\/12\/2020\/05\/Kristina-Vogel-CVR-profimedia-0502157382.jpg","width":1366,"height":600},{"@type":"BreadcrumbList","@id":"https:\/\/www.welovecycling.com\/hu\/kozosseg-es-kultura\/4-inspiralo-noi-kerekparos\/#breadcrumb","itemListElement":[{"@type":"ListItem","position":1,"name":"Home","item":"https:\/\/www.welovecycling.com\/hu\/"},{"@type":"ListItem","position":2,"name":"4 inspir\u00e1l\u00f3 n\u0151i ker\u00e9kp\u00e1ros"}]},{"@type":"WebSite","@id":"https:\/\/www.welovecycling.com\/hu\/#website","url":"https:\/\/www.welovecycling.com\/hu\/","name":"\u0160koda We Love Cycling - Magyarorsz\u00e1g","description":"\u0160koda WeLoveCycling","potentialAction":[{"@type":"SearchAction","target":{"@type":"EntryPoint","urlTemplate":"https:\/\/www.welovecycling.com\/hu\/?s={search_term_string}"},"query-input":{"@type":"PropertyValueSpecification","valueRequired":true,"valueName":"search_term_string"}}],"inLanguage":"hu"},{"@type":"Person","@id":"https:\/\/www.welovecycling.com\/hu\/#\/schema\/person\/414a2aebf1801691a5320edb6468e194","name":"hegyizs","image":{"@type":"ImageObject","inLanguage":"hu","@id":"https:\/\/www.welovecycling.com\/hu\/#\/schema\/person\/image\/","url":"https:\/\/secure.gravatar.com\/avatar\/02cf8a7906b8cf90cecb4679defac7cfd33a1c2e3b88e4903d947f3bb58eedd3?s=96&d=mm&r=g","contentUrl":"https:\/\/secure.gravatar.com\/avatar\/02cf8a7906b8cf90cecb4679defac7cfd33a1c2e3b88e4903d947f3bb58eedd3?s=96&d=mm&r=g","caption":"hegyizs"},"url":"https:\/\/www.welovecycling.com\/hu\/author\/hegyizs\/"}]}},"_links":{"self":[{"href":"https:\/\/www.welovecycling.com\/hu\/wp-json\/wp\/v2\/posts\/7547","targetHints":{"allow":["GET"]}}],"collection":[{"href":"https:\/\/www.welovecycling.com\/hu\/wp-json\/wp\/v2\/posts"}],"about":[{"href":"https:\/\/www.welovecycling.com\/hu\/wp-json\/wp\/v2\/types\/post"}],"author":[{"embeddable":true,"href":"https:\/\/www.welovecycling.com\/hu\/wp-json\/wp\/v2\/users\/71"}],"replies":[{"embeddable":true,"href":"https:\/\/www.welovecycling.com\/hu\/wp-json\/wp\/v2\/comments?post=7547"}],"version-history":[{"count":2,"href":"https:\/\/www.welovecycling.com\/hu\/wp-json\/wp\/v2\/posts\/7547\/revisions"}],"predecessor-version":[{"id":7557,"href":"https:\/\/www.welovecycling.com\/hu\/wp-json\/wp\/v2\/posts\/7547\/revisions\/7557"}],"wp:featuredmedia":[{"embeddable":true,"href":"https:\/\/www.welovecycling.com\/hu\/wp-json\/wp\/v2\/media\/7553"}],"wp:attachment":[{"href":"https:\/\/www.welovecycling.com\/hu\/wp-json\/wp\/v2\/media?parent=7547"}],"wp:term":[{"taxonomy":"category","embeddable":true,"href":"https:\/\/www.welovecycling.com\/hu\/wp-json\/wp\/v2\/categories?post=7547"},{"taxonomy":"post_tag","embeddable":true,"href":"https:\/\/www.welovecycling.com\/hu\/wp-json\/wp\/v2\/tags?post=7547"},{"taxonomy":"global-categories","embeddable":true,"href":"https:\/\/www.welovecycling.com\/hu\/wp-json\/wp\/v2\/global-categories?post=7547"}],"curies":[{"name":"wp","href":"https:\/\/api.w.org\/{rel}","templated":true}]}}