{"id":7542,"date":"2020-05-08T15:00:17","date_gmt":"2020-05-08T14:00:17","guid":{"rendered":"https:\/\/www.welovecycling.com\/hu\/?p=7542"},"modified":"2020-05-04T16:47:36","modified_gmt":"2020-05-04T15:47:36","slug":"edzes-otthon-valtozik-a-terv","status":"publish","type":"post","link":"https:\/\/www.welovecycling.com\/hu\/edzes-es-eletmod\/edzes-otthon-valtozik-a-terv\/","title":{"rendered":"Edz\u00e9s otthon \u2013 v\u00e1ltozik a terv"},"content":{"rendered":"<p><strong>Ha <\/strong><a href=\"https:\/\/www.welovecycling.com\/hu\/edzes-es-eletmod\/edzes-otthon-igy-alakitsd-ki-a-birodalmad\/\"><strong>kor\u00e1bbi cikk\u00fcnk<\/strong><\/a><strong> seg\u00edts\u00e9g\u00e9vel m\u00e1r ki\u00e9p\u00edtetted otthon bring\u00e1s birodalmad, j\u00f6het a k\u00f6vetkez\u0151 l\u00e9p\u00e9s: maga az edz\u00e9s. Lehet, hogy volt egy j\u00f3l m\u0171k\u00f6d\u0151 \u00e9s alaposan \u00e1tgondolt terved m\u00e9g a karant\u00e9n el\u0151tt, azonban m\u00e1s k\u00f6r\u00fclm\u00e9nyek k\u00f6z\u00f6tt m\u00e1s sz\u00e1m\u00edt j\u00f3nak. Mire figyelj, miel\u0151tt nyeregbe pattansz?<\/strong><!--more--><\/p>\n<h2><strong>Felezd meg az edz\u00e9s hossz\u00e1t<\/strong><\/h2>\n<p>Miel\u0151tt neki\u00e1llunk vadul tekerni, fontos \u00e9szrev\u00e9teleket kell tenn\u00fcnk az otthoni turb\u00f3nkkal kapcsolatban. Az egyik ilyen, hogy mennyire m\u00e1s \u00edgy a mozg\u00e1s, mint a szabadban. A szob\u00e1ban egy \u00f3ra edz\u00e9s egy \u00f3ra folyamatos teker\u00e9st jelent. Odakint? A biciklin t\u00f6lt\u00f6tt id\u0151t 10-15%-\u00e1ban csak \u00fclsz a nyeregben \u00e9s \u00e9lvezed a lejt\u0151ket. Betartod a szab\u00e1lyokat, ez\u00e9rt akaratlanul is meg-megpihensz a piros l\u00e1mp\u00e1kn\u00e1l, a keresztez\u0151d\u00e9sekn\u00e9l \u00e9s a stop t\u00e1bl\u00e1k el\u0151tt. A v\u00e1ratlan akad\u00e1lyokr\u00f3l, mint p\u00e9ld\u00e1ul egy, az \u00faton keresztben \u00e1t\u00edvel\u0151 flexi p\u00f3r\u00e1z, melynek v\u00e9g\u00e9n a szomsz\u00e9d n\u00e9ni lebeg tova orrunk el\u0151tt, ne is besz\u00e9lj\u00fcnk. Emellett a belt\u00e9ri edz\u00e9s ment\u00e1lisan is f\u00e1raszt\u00f3bb: m\u00edg a szabadban tekerni maga a szabads\u00e1g, ez el\u0151bbi ink\u00e1bb t\u0171nhet h\u00e1zimunk\u00e1nak. Szerencs\u00e9re otthon nem csak intenz\u00edvebb, de hat\u00e9konyabb is a mozg\u00e1s, \u00edgy ha fel\u00e9re cs\u00f6kkented az edz\u00e9s idej\u00e9t, ugyanannyit \u00e9r, mint a teljes id\u0151tartam odakint.<\/p>\n<p><img loading=\"lazy\" decoding=\"async\" class=\"alignnone size-full wp-image-7543\" src=\"https:\/\/d2p6e6u75xmxt8.cloudfront.net\/12\/2020\/05\/Training-at-Home-CVR.jpg\" alt=\"\" width=\"1366\" height=\"600\" srcset=\"https:\/\/d2p6e6u75xmxt8.cloudfront.net\/12\/2020\/05\/Training-at-Home-CVR.jpg 1366w, https:\/\/d2p6e6u75xmxt8.cloudfront.net\/12\/2020\/05\/Training-at-Home-CVR-300x132.jpg 300w, https:\/\/d2p6e6u75xmxt8.cloudfront.net\/12\/2020\/05\/Training-at-Home-CVR-768x337.jpg 768w, https:\/\/d2p6e6u75xmxt8.cloudfront.net\/12\/2020\/05\/Training-at-Home-CVR-1024x450.jpg 1024w\" sizes=\"auto, (max-width: 1366px) 100vw, 1366px\" \/><\/p>\n<h2><strong>Sz\u00f3rakozz, mik\u00f6zben izzadsz!<\/strong><\/h2>\n<p>A lak\u00e1sban nincs, ami elvonja a figyelmed, nincsenek hegyekkel t\u0171zdelt t\u00e1jak, c\u00e9l\u00e1llom\u00e1sok, pihen\u0151k, k\u00e1v\u00e9sz\u00fcnetek \u00e9s besz\u00e9lget\u0151partnerek. \u00c9pp ez\u00e9rt teljes er\u0151ddel az mozg\u00e1sra koncentr\u00e1lsz: de ne felejtsd el k\u00f6zben j\u00f3l \u00e9rezni magad! A r\u00f6vid \u00e9s intenz\u00edv edz\u00e9sek mindk\u00e9t c\u00e9lnak megfelelnek. N\u00e9zz\u00fck csak ezt a k\u00e9t p\u00e9ld\u00e1t!<\/p>\n<h2><strong>M\u00e1sz\u00e1sra fel!<\/strong><\/h2>\n<p>Jav\u00edtsd az \u00e1ll\u00f3k\u00e9pess\u00e9ged, nyomd le a legnagyobb dombokat! A sz\u00f3rakoztat\u00f3 r\u00e9sz maga a szimul\u00e1ci\u00f3: emeld meg az els\u0151 kereked \u00e9s m\u00e1ris nehezebb dolgod lesz! Az intenzit\u00e1st \u00e1ll\u00edtsd be a funkcion\u00e1lis k\u00fcsz\u00f6bteljes\u00edtm\u00e9nyednek megfelel\u0151en, ha tudod. Ha nem, akkor l\u0151dd be, hogy mekkora az a legnagyobb temp\u00f3, amit egy \u00f3r\u00e1n \u00e1t tartani tudsz. Ez lesz a 100%-os FTP-d. Az edz\u00e9s 48 percig tart.<\/p>\n<p><strong>Bemeleg\u00edt\u00e9s:<\/strong> 10 perc laza teker\u00e9s<br \/>\n<strong>Intervallumok, 4x:<\/strong> 2 perc 90% FTP, majd 15 m\u00e1sodpercig \u00e1llva 115% FTP<br \/>\n<strong>Pihen\u0151:<\/strong> 10 perc laza teker\u00e9s<br \/>\n<strong>Intervallumok, 4x<\/strong>: 2 perc 90% FTP, majd 15 m\u00e1sodpercig \u00e1llva 115% FTP<br \/>\n<strong>Levezet\u00e9s:<\/strong> 10 perc laza teker\u00e9s<\/p>\n<p><img loading=\"lazy\" decoding=\"async\" class=\"alignnone size-full wp-image-7544\" src=\"https:\/\/d2p6e6u75xmxt8.cloudfront.net\/12\/2020\/05\/82824654_10157802787460629_9069821827831824384_o.jpg\" alt=\"\" width=\"960\" height=\"640\" srcset=\"https:\/\/d2p6e6u75xmxt8.cloudfront.net\/12\/2020\/05\/82824654_10157802787460629_9069821827831824384_o.jpg 960w, https:\/\/d2p6e6u75xmxt8.cloudfront.net\/12\/2020\/05\/82824654_10157802787460629_9069821827831824384_o-300x200.jpg 300w, https:\/\/d2p6e6u75xmxt8.cloudfront.net\/12\/2020\/05\/82824654_10157802787460629_9069821827831824384_o-768x512.jpg 768w, https:\/\/d2p6e6u75xmxt8.cloudfront.net\/12\/2020\/05\/82824654_10157802787460629_9069821827831824384_o-272x182.jpg 272w\" sizes=\"auto, (max-width: 960px) 100vw, 960px\" \/><\/p>\n<h2><strong>Verseny-szimul\u00e1ci\u00f3<\/strong><\/h2>\n<p>Ez az edz\u00e9s egy versenyhelyzetet hoz el otthonodba, amikor sz\u00fcks\u00e9g szerint kell kisebb, illetve nagyobb intenzit\u00e1ssal tekerned. Pr\u00f3b\u00e1lj h\u00e1rom k\u00fcl\u00f6nb\u00f6z\u0151 ritmust tartani! Az edz\u00e9s 72 perces.<\/p>\n<p><strong>Bemeleg\u00edt\u00e9s:<\/strong> 10 perc laza teker\u00e9s<br \/>\n<strong>Fokozatok:<\/strong> 4 perc 90% FTP, 3 perc 100% FTP, 1 perc 115% FTP, 5 perc laza teker\u00e9s, 1 perc 115% FTP, 3 perc 100% FTP, 4 perc 90% FTP<br \/>\n<strong>Pihen\u00e9s:<\/strong> 10 perc laza teker\u00e9s<br \/>\n<strong>Fokozatok:<\/strong> 4 perc 90% FTP, 3 perc 100% FTP, 1 perc 115% FTP, 5 perc laza teker\u00e9s, 1 perc 115% FTP, 3 perc 100% FTP, 4 perc 90% FTP<br \/>\n<strong>Levezet\u00e9s:<\/strong> 10 perc laza teker\u00e9s<\/p>\n<h2><strong>Edz hetente k\u00e9tszer!<\/strong><\/h2>\n<p>A fenti edz\u00e9sek tal\u00e1n r\u00f6vidnek t\u0171nnek, de nagyon intenz\u00edven ig\u00e9nybe veszik a l\u00e1baidat \u00e9s az idegrendszered. Fontos, hogy ne vidd \u0151ket t\u00falz\u00e1sba, f\u0151leg az elej\u00e9n! Kezdd heti k\u00e9t hasonl\u00f3 mozg\u00e1ssorral, majd ha m\u00e1r \u00fagy \u00e9rzed, j\u00f3l megy, toldd meg egy harmadik alkalommal. Tarts egy vagy k\u00e9tnapos sz\u00fcneteket, amikor csak 20 perces, laza teker\u00e9seket v\u00e9gzel.<\/p>\n","protected":false},"excerpt":{"rendered":"<p>Ha kor\u00e1bbi cikk\u00fcnk seg\u00edts\u00e9g\u00e9vel m\u00e1r ki\u00e9p\u00edtetted otthon bring\u00e1s birodalmad, j\u00f6het a k\u00f6vetkez\u0151 l\u00e9p\u00e9s: maga az edz\u00e9s. Lehet, hogy volt egy [&hellip;]<\/p>\n","protected":false},"author":71,"featured_media":7546,"comment_status":"open","ping_status":"open","sticky":false,"template":"","format":"standard","meta":{"footnotes":""},"categories":[6],"tags":[],"global-categories":[],"class_list":["post-7542","post","type-post","status-publish","format-standard","has-post-thumbnail","hentry","category-edzes-es-eletmod"],"yoast_head":"<!-- This site is optimized with the Yoast SEO Premium plugin v25.3 (Yoast SEO v25.9) - https:\/\/yoast.com\/wordpress\/plugins\/seo\/ -->\n<title>Edz\u00e9s otthon \u2013 v\u00e1ltozik a terv - \u0160koda We Love Cycling - Magyarorsz\u00e1g<\/title>\n<meta name=\"robots\" content=\"index, follow, max-snippet:-1, max-image-preview:large, max-video-preview:-1\" \/>\n<link rel=\"canonical\" href=\"https:\/\/www.welovecycling.com\/hu\/edzes-es-eletmod\/edzes-otthon-valtozik-a-terv\/\" \/>\n<meta property=\"og:locale\" content=\"hu_HU\" \/>\n<meta property=\"og:type\" content=\"article\" \/>\n<meta property=\"og:title\" content=\"Edz\u00e9s otthon \u2013 v\u00e1ltozik a terv\" \/>\n<meta property=\"og:description\" content=\"Ha kor\u00e1bbi cikk\u00fcnk seg\u00edts\u00e9g\u00e9vel m\u00e1r ki\u00e9p\u00edtetted otthon bring\u00e1s birodalmad, j\u00f6het a k\u00f6vetkez\u0151 l\u00e9p\u00e9s: maga az edz\u00e9s. Lehet, hogy volt egy [&hellip;]\" \/>\n<meta property=\"og:url\" content=\"https:\/\/www.welovecycling.com\/hu\/edzes-es-eletmod\/edzes-otthon-valtozik-a-terv\/\" \/>\n<meta property=\"og:site_name\" content=\"\u0160koda We Love Cycling - Magyarorsz\u00e1g\" \/>\n<meta property=\"article:publisher\" content=\"https:\/\/www.facebook.com\/WeLoveCyclingHungary\/\" \/>\n<meta property=\"article:published_time\" content=\"2020-05-08T14:00:17+00:00\" \/>\n<meta property=\"og:image\" content=\"https:\/\/d2p6e6u75xmxt8.cloudfront.net\/12\/2020\/05\/Rouvy-11.jpg\" \/>\n\t<meta property=\"og:image:width\" content=\"1366\" \/>\n\t<meta property=\"og:image:height\" content=\"600\" \/>\n\t<meta property=\"og:image:type\" content=\"image\/jpeg\" \/>\n<meta name=\"author\" content=\"hegyizs\" \/>\n<meta name=\"twitter:card\" content=\"summary_large_image\" \/>\n<meta name=\"twitter:label1\" content=\"Written by\" \/>\n\t<meta name=\"twitter:data1\" content=\"Jiri Kaloc\" \/>\n\t<meta name=\"twitter:label2\" content=\"Est. reading time\" \/>\n\t<meta name=\"twitter:data2\" content=\"7\" \/>\n<script type=\"application\/ld+json\" class=\"yoast-schema-graph\">{\"@context\":\"https:\/\/schema.org\",\"@graph\":[{\"@type\":\"WebPage\",\"@id\":\"https:\/\/www.welovecycling.com\/hu\/edzes-es-eletmod\/edzes-otthon-valtozik-a-terv\/\",\"url\":\"https:\/\/www.welovecycling.com\/hu\/edzes-es-eletmod\/edzes-otthon-valtozik-a-terv\/\",\"name\":\"Edz\u00e9s otthon \u2013 v\u00e1ltozik a terv - \u0160koda We Love Cycling - Magyarorsz\u00e1g\",\"isPartOf\":{\"@id\":\"https:\/\/www.welovecycling.com\/hu\/#website\"},\"primaryImageOfPage\":{\"@id\":\"https:\/\/www.welovecycling.com\/hu\/edzes-es-eletmod\/edzes-otthon-valtozik-a-terv\/#primaryimage\"},\"image\":{\"@id\":\"https:\/\/www.welovecycling.com\/hu\/edzes-es-eletmod\/edzes-otthon-valtozik-a-terv\/#primaryimage\"},\"thumbnailUrl\":\"https:\/\/d2p6e6u75xmxt8.cloudfront.net\/12\/2020\/05\/Rouvy-11.jpg\",\"datePublished\":\"2020-05-08T14:00:17+00:00\",\"author\":{\"@id\":\"https:\/\/www.welovecycling.com\/hu\/#\/schema\/person\/414a2aebf1801691a5320edb6468e194\"},\"breadcrumb\":{\"@id\":\"https:\/\/www.welovecycling.com\/hu\/edzes-es-eletmod\/edzes-otthon-valtozik-a-terv\/#breadcrumb\"},\"inLanguage\":\"hu\",\"potentialAction\":[{\"@type\":\"ReadAction\",\"target\":[\"https:\/\/www.welovecycling.com\/hu\/edzes-es-eletmod\/edzes-otthon-valtozik-a-terv\/\"]}]},{\"@type\":\"ImageObject\",\"inLanguage\":\"hu\",\"@id\":\"https:\/\/www.welovecycling.com\/hu\/edzes-es-eletmod\/edzes-otthon-valtozik-a-terv\/#primaryimage\",\"url\":\"https:\/\/d2p6e6u75xmxt8.cloudfront.net\/12\/2020\/05\/Rouvy-11.jpg\",\"contentUrl\":\"https:\/\/d2p6e6u75xmxt8.cloudfront.net\/12\/2020\/05\/Rouvy-11.jpg\",\"width\":1366,\"height\":600},{\"@type\":\"BreadcrumbList\",\"@id\":\"https:\/\/www.welovecycling.com\/hu\/edzes-es-eletmod\/edzes-otthon-valtozik-a-terv\/#breadcrumb\",\"itemListElement\":[{\"@type\":\"ListItem\",\"position\":1,\"name\":\"Home\",\"item\":\"https:\/\/www.welovecycling.com\/hu\/\"},{\"@type\":\"ListItem\",\"position\":2,\"name\":\"Edz\u00e9s otthon \u2013 v\u00e1ltozik a terv\"}]},{\"@type\":\"WebSite\",\"@id\":\"https:\/\/www.welovecycling.com\/hu\/#website\",\"url\":\"https:\/\/www.welovecycling.com\/hu\/\",\"name\":\"\u0160koda We Love Cycling - Magyarorsz\u00e1g\",\"description\":\"\u0160koda WeLoveCycling\",\"potentialAction\":[{\"@type\":\"SearchAction\",\"target\":{\"@type\":\"EntryPoint\",\"urlTemplate\":\"https:\/\/www.welovecycling.com\/hu\/?s={search_term_string}\"},\"query-input\":{\"@type\":\"PropertyValueSpecification\",\"valueRequired\":true,\"valueName\":\"search_term_string\"}}],\"inLanguage\":\"hu\"},{\"@type\":\"Person\",\"@id\":\"https:\/\/www.welovecycling.com\/hu\/#\/schema\/person\/414a2aebf1801691a5320edb6468e194\",\"name\":\"hegyizs\",\"image\":{\"@type\":\"ImageObject\",\"inLanguage\":\"hu\",\"@id\":\"https:\/\/www.welovecycling.com\/hu\/#\/schema\/person\/image\/\",\"url\":\"https:\/\/secure.gravatar.com\/avatar\/02cf8a7906b8cf90cecb4679defac7cfd33a1c2e3b88e4903d947f3bb58eedd3?s=96&d=mm&r=g\",\"contentUrl\":\"https:\/\/secure.gravatar.com\/avatar\/02cf8a7906b8cf90cecb4679defac7cfd33a1c2e3b88e4903d947f3bb58eedd3?s=96&d=mm&r=g\",\"caption\":\"hegyizs\"},\"url\":\"https:\/\/www.welovecycling.com\/hu\/author\/hegyizs\/\"}]}<\/script>\n<!-- \/ Yoast SEO Premium plugin. -->","yoast_head_json":{"title":"Edz\u00e9s otthon \u2013 v\u00e1ltozik a terv - \u0160koda We Love Cycling - Magyarorsz\u00e1g","robots":{"index":"index","follow":"follow","max-snippet":"max-snippet:-1","max-image-preview":"max-image-preview:large","max-video-preview":"max-video-preview:-1"},"canonical":"https:\/\/www.welovecycling.com\/hu\/edzes-es-eletmod\/edzes-otthon-valtozik-a-terv\/","og_locale":"hu_HU","og_type":"article","og_title":"Edz\u00e9s otthon \u2013 v\u00e1ltozik a terv","og_description":"Ha kor\u00e1bbi cikk\u00fcnk seg\u00edts\u00e9g\u00e9vel m\u00e1r ki\u00e9p\u00edtetted otthon bring\u00e1s birodalmad, j\u00f6het a k\u00f6vetkez\u0151 l\u00e9p\u00e9s: maga az edz\u00e9s. Lehet, hogy volt egy [&hellip;]","og_url":"https:\/\/www.welovecycling.com\/hu\/edzes-es-eletmod\/edzes-otthon-valtozik-a-terv\/","og_site_name":"\u0160koda We Love Cycling - Magyarorsz\u00e1g","article_publisher":"https:\/\/www.facebook.com\/WeLoveCyclingHungary\/","article_published_time":"2020-05-08T14:00:17+00:00","og_image":[{"width":1366,"height":600,"url":"https:\/\/d2p6e6u75xmxt8.cloudfront.net\/12\/2020\/05\/Rouvy-11.jpg","type":"image\/jpeg"}],"author":"hegyizs","twitter_card":"summary_large_image","twitter_misc":{"Written by":"Jiri Kaloc","Est. reading time":"7"},"schema":{"@context":"https:\/\/schema.org","@graph":[{"@type":"WebPage","@id":"https:\/\/www.welovecycling.com\/hu\/edzes-es-eletmod\/edzes-otthon-valtozik-a-terv\/","url":"https:\/\/www.welovecycling.com\/hu\/edzes-es-eletmod\/edzes-otthon-valtozik-a-terv\/","name":"Edz\u00e9s otthon \u2013 v\u00e1ltozik a terv - \u0160koda We Love Cycling - Magyarorsz\u00e1g","isPartOf":{"@id":"https:\/\/www.welovecycling.com\/hu\/#website"},"primaryImageOfPage":{"@id":"https:\/\/www.welovecycling.com\/hu\/edzes-es-eletmod\/edzes-otthon-valtozik-a-terv\/#primaryimage"},"image":{"@id":"https:\/\/www.welovecycling.com\/hu\/edzes-es-eletmod\/edzes-otthon-valtozik-a-terv\/#primaryimage"},"thumbnailUrl":"https:\/\/d2p6e6u75xmxt8.cloudfront.net\/12\/2020\/05\/Rouvy-11.jpg","datePublished":"2020-05-08T14:00:17+00:00","author":{"@id":"https:\/\/www.welovecycling.com\/hu\/#\/schema\/person\/414a2aebf1801691a5320edb6468e194"},"breadcrumb":{"@id":"https:\/\/www.welovecycling.com\/hu\/edzes-es-eletmod\/edzes-otthon-valtozik-a-terv\/#breadcrumb"},"inLanguage":"hu","potentialAction":[{"@type":"ReadAction","target":["https:\/\/www.welovecycling.com\/hu\/edzes-es-eletmod\/edzes-otthon-valtozik-a-terv\/"]}]},{"@type":"ImageObject","inLanguage":"hu","@id":"https:\/\/www.welovecycling.com\/hu\/edzes-es-eletmod\/edzes-otthon-valtozik-a-terv\/#primaryimage","url":"https:\/\/d2p6e6u75xmxt8.cloudfront.net\/12\/2020\/05\/Rouvy-11.jpg","contentUrl":"https:\/\/d2p6e6u75xmxt8.cloudfront.net\/12\/2020\/05\/Rouvy-11.jpg","width":1366,"height":600},{"@type":"BreadcrumbList","@id":"https:\/\/www.welovecycling.com\/hu\/edzes-es-eletmod\/edzes-otthon-valtozik-a-terv\/#breadcrumb","itemListElement":[{"@type":"ListItem","position":1,"name":"Home","item":"https:\/\/www.welovecycling.com\/hu\/"},{"@type":"ListItem","position":2,"name":"Edz\u00e9s otthon \u2013 v\u00e1ltozik a terv"}]},{"@type":"WebSite","@id":"https:\/\/www.welovecycling.com\/hu\/#website","url":"https:\/\/www.welovecycling.com\/hu\/","name":"\u0160koda We Love Cycling - Magyarorsz\u00e1g","description":"\u0160koda WeLoveCycling","potentialAction":[{"@type":"SearchAction","target":{"@type":"EntryPoint","urlTemplate":"https:\/\/www.welovecycling.com\/hu\/?s={search_term_string}"},"query-input":{"@type":"PropertyValueSpecification","valueRequired":true,"valueName":"search_term_string"}}],"inLanguage":"hu"},{"@type":"Person","@id":"https:\/\/www.welovecycling.com\/hu\/#\/schema\/person\/414a2aebf1801691a5320edb6468e194","name":"hegyizs","image":{"@type":"ImageObject","inLanguage":"hu","@id":"https:\/\/www.welovecycling.com\/hu\/#\/schema\/person\/image\/","url":"https:\/\/secure.gravatar.com\/avatar\/02cf8a7906b8cf90cecb4679defac7cfd33a1c2e3b88e4903d947f3bb58eedd3?s=96&d=mm&r=g","contentUrl":"https:\/\/secure.gravatar.com\/avatar\/02cf8a7906b8cf90cecb4679defac7cfd33a1c2e3b88e4903d947f3bb58eedd3?s=96&d=mm&r=g","caption":"hegyizs"},"url":"https:\/\/www.welovecycling.com\/hu\/author\/hegyizs\/"}]}},"_links":{"self":[{"href":"https:\/\/www.welovecycling.com\/hu\/wp-json\/wp\/v2\/posts\/7542","targetHints":{"allow":["GET"]}}],"collection":[{"href":"https:\/\/www.welovecycling.com\/hu\/wp-json\/wp\/v2\/posts"}],"about":[{"href":"https:\/\/www.welovecycling.com\/hu\/wp-json\/wp\/v2\/types\/post"}],"author":[{"embeddable":true,"href":"https:\/\/www.welovecycling.com\/hu\/wp-json\/wp\/v2\/users\/71"}],"replies":[{"embeddable":true,"href":"https:\/\/www.welovecycling.com\/hu\/wp-json\/wp\/v2\/comments?post=7542"}],"version-history":[{"count":2,"href":"https:\/\/www.welovecycling.com\/hu\/wp-json\/wp\/v2\/posts\/7542\/revisions"}],"predecessor-version":[{"id":7556,"href":"https:\/\/www.welovecycling.com\/hu\/wp-json\/wp\/v2\/posts\/7542\/revisions\/7556"}],"wp:featuredmedia":[{"embeddable":true,"href":"https:\/\/www.welovecycling.com\/hu\/wp-json\/wp\/v2\/media\/7546"}],"wp:attachment":[{"href":"https:\/\/www.welovecycling.com\/hu\/wp-json\/wp\/v2\/media?parent=7542"}],"wp:term":[{"taxonomy":"category","embeddable":true,"href":"https:\/\/www.welovecycling.com\/hu\/wp-json\/wp\/v2\/categories?post=7542"},{"taxonomy":"post_tag","embeddable":true,"href":"https:\/\/www.welovecycling.com\/hu\/wp-json\/wp\/v2\/tags?post=7542"},{"taxonomy":"global-categories","embeddable":true,"href":"https:\/\/www.welovecycling.com\/hu\/wp-json\/wp\/v2\/global-categories?post=7542"}],"curies":[{"name":"wp","href":"https:\/\/api.w.org\/{rel}","templated":true}]}}