{"id":7533,"date":"2020-05-06T08:00:59","date_gmt":"2020-05-06T07:00:59","guid":{"rendered":"https:\/\/www.welovecycling.com\/hu\/?p=7533"},"modified":"2020-05-04T16:43:28","modified_gmt":"2020-05-04T15:43:28","slug":"friss-adatok-szerint-ketszer-annyi-kaloriat-egetnek-a-bosegesen-reggelizok","status":"publish","type":"post","link":"https:\/\/www.welovecycling.com\/hu\/edzes-es-eletmod\/friss-adatok-szerint-ketszer-annyi-kaloriat-egetnek-a-bosegesen-reggelizok\/","title":{"rendered":"Friss adatok szerint k\u00e9tszer annyi kal\u00f3ri\u00e1t \u00e9getnek a b\u0151s\u00e9gesen reggeliz\u0151k"},"content":{"rendered":"<p><strong>Egy \u00faj kutat\u00e1s meg\u00e1llap\u00edtotta, hogy megel\u0151zhet\u0151 az elh\u00edz\u00e1s \u00e9s a magas v\u00e9rcukorszint azzal, ha b\u0151s\u00e9ges reggelit fogyasztunk b\u0151s\u00e9ges vacsora helyett. Ennek pedig a napind\u00edt\u00f3 \u00e9tkez\u00e9s sor\u00e1n bevitt, majd el\u00e9getett kal\u00f3ri\u00e1k sz\u00e1ma az oka.<\/strong><!--more--><\/p>\n<p>Em\u00e9szt\u00e9skor a szervezeted energi\u00e1t haszn\u00e1l fel, lebontja, felsz\u00edvja, tov\u00e1bb\u00edtja \u00e9s t\u00e1rolja a t\u00e1panyagokat. A folyamat sor\u00e1n h\u0151 termel\u0151dik, az anyagcser\u00e9d m\u0171k\u00f6d\u00e9s\u00e9t\u0151l \u00e9s a fogyasztott \u00e9telekt\u0151l f\u00fcgg\u0151en v\u00e1ltoz\u00f3 mennyis\u00e9g\u0171. Az Endocrine Society\u2019s Journal of Clinical Endocrinology &amp; Metabolism foly\u00f3iratban megjelent \u00faj tanulm\u00e1ny azt vizsg\u00e1lta, mekkora az \u00f6sszef\u00fcgg\u00e9s az \u00e9tkez\u00e9s ideje \u00e9s az el\u00e9getett kal\u00f3ri\u00e1k k\u00f6z\u00f6tt.<\/p>\n<p><img loading=\"lazy\" decoding=\"async\" class=\"alignnone size-full wp-image-7535\" src=\"https:\/\/d2p6e6u75xmxt8.cloudfront.net\/12\/2020\/05\/shallow-focus-photo-of-spoon-373941.jpg\" alt=\"\" width=\"1280\" height=\"853\" srcset=\"https:\/\/d2p6e6u75xmxt8.cloudfront.net\/12\/2020\/05\/shallow-focus-photo-of-spoon-373941.jpg 1280w, https:\/\/d2p6e6u75xmxt8.cloudfront.net\/12\/2020\/05\/shallow-focus-photo-of-spoon-373941-300x200.jpg 300w, https:\/\/d2p6e6u75xmxt8.cloudfront.net\/12\/2020\/05\/shallow-focus-photo-of-spoon-373941-768x512.jpg 768w, https:\/\/d2p6e6u75xmxt8.cloudfront.net\/12\/2020\/05\/shallow-focus-photo-of-spoon-373941-1024x682.jpg 1024w, https:\/\/d2p6e6u75xmxt8.cloudfront.net\/12\/2020\/05\/shallow-focus-photo-of-spoon-373941-272x182.jpg 272w\" sizes=\"auto, (max-width: 1280px) 100vw, 1280px\" \/><\/p>\n<h2><strong>Egy nagy adag reggeli jobb, mint ugyanannyi vacsora<\/strong><\/h2>\n<p>A kutat\u00f3k h\u00e1rom napon \u00e1t vizsg\u00e1ltak laborat\u00f3riumi k\u00f6r\u00fclm\u00e9nyek k\u00f6z\u00f6tt 16 f\u00e9rfit: kezdetben alacsony kal\u00f3ria-tartalm\u00fa reggelit \u00e9s magas kal\u00f3ria-tartalm\u00fa vacsor\u00e1t adtak az alanyoknak, majd megcser\u00e9lt\u00e9k az ar\u00e1nyt. Az eredm\u00e9nyek azt mutatt\u00e1k, hogy azonos mennyis\u00e9g\u0171 kal\u00f3ria bevitele eset\u00e9n test\u00fcnk 2,5-sz\u00f6r annyit \u00e9get el, ha reggelire ett\u00fcnk t\u00f6bbet!<\/p>\n<p><em>\u201eEredm\u00e9nyeink azt igazolj\u00e1k, hogy a reggelire elfogyasztott \u00e9telek, kal\u00f3ria-tartalomt\u00f3l f\u00fcggetlen\u00fcl, k\u00e9tszer olyan magas h\u0151termel\u00e9st induk\u00e1lnak, mint ha vacsor\u00e1ra essz\u00fck ugyanezeket\u201d<\/em> \u2013 magyar\u00e1zta Dr. Julian Richter, a n\u00e9met L\u00fcbeck-i egyetem professzora. <em>\u201eEz pedig minden ember sz\u00e1m\u00e1ra fontos inform\u00e1ci\u00f3: reggelizni kell, m\u00e9ghozz\u00e1 b\u0151s\u00e9gesen!\u201d<\/em><\/p>\n<h2><strong>J\u00f3, de m\u00e9gis mennyi reggelit egyek?<\/strong><\/h2>\n<p>A kutat\u00e1s azt is kimutatta, hogy az alacsony kal\u00f3ria-tartalm\u00fa reggelik fokozz\u00e1k az \u00e9tv\u00e1gyat, ez pedig k\u00fcl\u00f6n\u00f6sen igaz az \u00e9dess\u00e9gekre \u2013 teh\u00e1t, ha nem t\u00e1pl\u00e1l\u00f3 \u00e9teleket esz\u00fcnk reggel, t\u00f6bbet fogunk nassolni! \u00d6sszefoglalva: tartalmas reggeli = alacsonyabb tests\u00faly.<\/p>\n<lite-youtube videoid=c9lTjsZA91s params=\"enablejsapi=1\" style=\"background-image: url('https:\/\/i.ytimg.com\/vi_webp\/c9lTjsZA91s\/maxresdefault.webp');\"><\/lite-youtube>\n<p><em>\u201eA t\u00fals\u00falyos betegek sz\u00e1m\u00e1ra kiemelten fontos, hogy ne a vacsora legyen a f\u0151 \u00e9tkez\u00e9s\u00fck, hanem a reggeli. \u00cdgy cs\u00f6kkenthetik testt\u00f6meg\u00fcket \u00e9s megel\u0151zhetik az anyagcsere-betegs\u00e9geket: ez persze az eg\u00e9szs\u00e9ges emberekre is igaz!\u201d<\/em> \u2013 tette hozz\u00e1 Richter.<\/p>\n<p>Teh\u00e1t ha \u00fagy d\u00f6ntesz, itt az ideje elhagyni a f\u00e1nk \u2013 k\u00e1v\u00e9 komb\u00f3t, inspir\u00e1l\u00f3dj <a href=\"https:\/\/www.welovecycling.com\/hu\/edzes-es-eletmod\/egeszseges-reggelik-amikre-eddig-nem-volt-idod\/\">kor\u00e1bbi cikk\u00fcnkb\u0151l<\/a> \u00e9s k\u00e9sz\u00edts magadnak igaz\u00e1n t\u00e1pl\u00e1l\u00f3 reggeliket!<\/p>\n","protected":false},"excerpt":{"rendered":"<p>Egy \u00faj kutat\u00e1s meg\u00e1llap\u00edtotta, hogy megel\u0151zhet\u0151 az elh\u00edz\u00e1s \u00e9s a magas v\u00e9rcukorszint azzal, ha b\u0151s\u00e9ges reggelit fogyasztunk b\u0151s\u00e9ges vacsora helyett. [&hellip;]<\/p>\n","protected":false},"author":71,"featured_media":7537,"comment_status":"open","ping_status":"open","sticky":false,"template":"","format":"standard","meta":{"footnotes":""},"categories":[6],"tags":[],"global-categories":[],"class_list":["post-7533","post","type-post","status-publish","format-standard","has-post-thumbnail","hentry","category-edzes-es-eletmod"],"yoast_head":"<!-- This site is optimized with the Yoast SEO Premium plugin v25.3 (Yoast SEO v25.9) - https:\/\/yoast.com\/wordpress\/plugins\/seo\/ -->\n<title>Friss adatok szerint k\u00e9tszer annyi kal\u00f3ri\u00e1t \u00e9getnek a b\u0151s\u00e9gesen reggeliz\u0151k - \u0160koda We Love Cycling - Magyarorsz\u00e1g<\/title>\n<meta name=\"robots\" content=\"index, follow, max-snippet:-1, max-image-preview:large, max-video-preview:-1\" \/>\n<link rel=\"canonical\" href=\"https:\/\/www.welovecycling.com\/hu\/edzes-es-eletmod\/friss-adatok-szerint-ketszer-annyi-kaloriat-egetnek-a-bosegesen-reggelizok\/\" \/>\n<meta property=\"og:locale\" content=\"hu_HU\" \/>\n<meta property=\"og:type\" content=\"article\" \/>\n<meta property=\"og:title\" content=\"Friss adatok szerint k\u00e9tszer annyi kal\u00f3ri\u00e1t \u00e9getnek a b\u0151s\u00e9gesen reggeliz\u0151k\" \/>\n<meta property=\"og:description\" content=\"Egy \u00faj kutat\u00e1s meg\u00e1llap\u00edtotta, hogy megel\u0151zhet\u0151 az elh\u00edz\u00e1s \u00e9s a magas v\u00e9rcukorszint azzal, ha b\u0151s\u00e9ges reggelit fogyasztunk b\u0151s\u00e9ges vacsora helyett. [&hellip;]\" \/>\n<meta property=\"og:url\" content=\"https:\/\/www.welovecycling.com\/hu\/edzes-es-eletmod\/friss-adatok-szerint-ketszer-annyi-kaloriat-egetnek-a-bosegesen-reggelizok\/\" \/>\n<meta property=\"og:site_name\" content=\"\u0160koda We Love Cycling - Magyarorsz\u00e1g\" \/>\n<meta property=\"article:publisher\" content=\"https:\/\/www.facebook.com\/WeLoveCyclingHungary\/\" \/>\n<meta property=\"article:published_time\" content=\"2020-05-06T07:00:59+00:00\" \/>\n<meta property=\"og:image\" content=\"https:\/\/d2p6e6u75xmxt8.cloudfront.net\/12\/2020\/05\/healthy-breakfast-profimedia-0389487735.jpg\" \/>\n\t<meta property=\"og:image:width\" content=\"1000\" \/>\n\t<meta property=\"og:image:height\" content=\"667\" \/>\n\t<meta property=\"og:image:type\" content=\"image\/jpeg\" \/>\n<meta name=\"author\" content=\"hegyizs\" \/>\n<meta name=\"twitter:card\" content=\"summary_large_image\" \/>\n<meta name=\"twitter:label1\" content=\"Written by\" \/>\n\t<meta name=\"twitter:data1\" content=\"Jiri Kaloc\" \/>\n\t<meta name=\"twitter:label2\" content=\"Est. reading time\" \/>\n\t<meta name=\"twitter:data2\" content=\"5\" \/>\n<script type=\"application\/ld+json\" class=\"yoast-schema-graph\">{\"@context\":\"https:\/\/schema.org\",\"@graph\":[{\"@type\":\"WebPage\",\"@id\":\"https:\/\/www.welovecycling.com\/hu\/edzes-es-eletmod\/friss-adatok-szerint-ketszer-annyi-kaloriat-egetnek-a-bosegesen-reggelizok\/\",\"url\":\"https:\/\/www.welovecycling.com\/hu\/edzes-es-eletmod\/friss-adatok-szerint-ketszer-annyi-kaloriat-egetnek-a-bosegesen-reggelizok\/\",\"name\":\"Friss adatok szerint k\u00e9tszer annyi kal\u00f3ri\u00e1t \u00e9getnek a b\u0151s\u00e9gesen reggeliz\u0151k - \u0160koda We Love Cycling - Magyarorsz\u00e1g\",\"isPartOf\":{\"@id\":\"https:\/\/www.welovecycling.com\/hu\/#website\"},\"primaryImageOfPage\":{\"@id\":\"https:\/\/www.welovecycling.com\/hu\/edzes-es-eletmod\/friss-adatok-szerint-ketszer-annyi-kaloriat-egetnek-a-bosegesen-reggelizok\/#primaryimage\"},\"image\":{\"@id\":\"https:\/\/www.welovecycling.com\/hu\/edzes-es-eletmod\/friss-adatok-szerint-ketszer-annyi-kaloriat-egetnek-a-bosegesen-reggelizok\/#primaryimage\"},\"thumbnailUrl\":\"https:\/\/d2p6e6u75xmxt8.cloudfront.net\/12\/2020\/05\/healthy-breakfast-profimedia-0389487735.jpg\",\"datePublished\":\"2020-05-06T07:00:59+00:00\",\"author\":{\"@id\":\"https:\/\/www.welovecycling.com\/hu\/#\/schema\/person\/414a2aebf1801691a5320edb6468e194\"},\"breadcrumb\":{\"@id\":\"https:\/\/www.welovecycling.com\/hu\/edzes-es-eletmod\/friss-adatok-szerint-ketszer-annyi-kaloriat-egetnek-a-bosegesen-reggelizok\/#breadcrumb\"},\"inLanguage\":\"hu\",\"potentialAction\":[{\"@type\":\"ReadAction\",\"target\":[\"https:\/\/www.welovecycling.com\/hu\/edzes-es-eletmod\/friss-adatok-szerint-ketszer-annyi-kaloriat-egetnek-a-bosegesen-reggelizok\/\"]}]},{\"@type\":\"ImageObject\",\"inLanguage\":\"hu\",\"@id\":\"https:\/\/www.welovecycling.com\/hu\/edzes-es-eletmod\/friss-adatok-szerint-ketszer-annyi-kaloriat-egetnek-a-bosegesen-reggelizok\/#primaryimage\",\"url\":\"https:\/\/d2p6e6u75xmxt8.cloudfront.net\/12\/2020\/05\/healthy-breakfast-profimedia-0389487735.jpg\",\"contentUrl\":\"https:\/\/d2p6e6u75xmxt8.cloudfront.net\/12\/2020\/05\/healthy-breakfast-profimedia-0389487735.jpg\",\"width\":1000,\"height\":667},{\"@type\":\"BreadcrumbList\",\"@id\":\"https:\/\/www.welovecycling.com\/hu\/edzes-es-eletmod\/friss-adatok-szerint-ketszer-annyi-kaloriat-egetnek-a-bosegesen-reggelizok\/#breadcrumb\",\"itemListElement\":[{\"@type\":\"ListItem\",\"position\":1,\"name\":\"Home\",\"item\":\"https:\/\/www.welovecycling.com\/hu\/\"},{\"@type\":\"ListItem\",\"position\":2,\"name\":\"Friss adatok szerint k\u00e9tszer annyi kal\u00f3ri\u00e1t \u00e9getnek a b\u0151s\u00e9gesen reggeliz\u0151k\"}]},{\"@type\":\"WebSite\",\"@id\":\"https:\/\/www.welovecycling.com\/hu\/#website\",\"url\":\"https:\/\/www.welovecycling.com\/hu\/\",\"name\":\"\u0160koda We Love Cycling - Magyarorsz\u00e1g\",\"description\":\"\u0160koda WeLoveCycling\",\"potentialAction\":[{\"@type\":\"SearchAction\",\"target\":{\"@type\":\"EntryPoint\",\"urlTemplate\":\"https:\/\/www.welovecycling.com\/hu\/?s={search_term_string}\"},\"query-input\":{\"@type\":\"PropertyValueSpecification\",\"valueRequired\":true,\"valueName\":\"search_term_string\"}}],\"inLanguage\":\"hu\"},{\"@type\":\"Person\",\"@id\":\"https:\/\/www.welovecycling.com\/hu\/#\/schema\/person\/414a2aebf1801691a5320edb6468e194\",\"name\":\"hegyizs\",\"image\":{\"@type\":\"ImageObject\",\"inLanguage\":\"hu\",\"@id\":\"https:\/\/www.welovecycling.com\/hu\/#\/schema\/person\/image\/\",\"url\":\"https:\/\/secure.gravatar.com\/avatar\/02cf8a7906b8cf90cecb4679defac7cfd33a1c2e3b88e4903d947f3bb58eedd3?s=96&d=mm&r=g\",\"contentUrl\":\"https:\/\/secure.gravatar.com\/avatar\/02cf8a7906b8cf90cecb4679defac7cfd33a1c2e3b88e4903d947f3bb58eedd3?s=96&d=mm&r=g\",\"caption\":\"hegyizs\"},\"url\":\"https:\/\/www.welovecycling.com\/hu\/author\/hegyizs\/\"}]}<\/script>\n<!-- \/ Yoast SEO Premium plugin. -->","yoast_head_json":{"title":"Friss adatok szerint k\u00e9tszer annyi kal\u00f3ri\u00e1t \u00e9getnek a b\u0151s\u00e9gesen reggeliz\u0151k - \u0160koda We Love Cycling - Magyarorsz\u00e1g","robots":{"index":"index","follow":"follow","max-snippet":"max-snippet:-1","max-image-preview":"max-image-preview:large","max-video-preview":"max-video-preview:-1"},"canonical":"https:\/\/www.welovecycling.com\/hu\/edzes-es-eletmod\/friss-adatok-szerint-ketszer-annyi-kaloriat-egetnek-a-bosegesen-reggelizok\/","og_locale":"hu_HU","og_type":"article","og_title":"Friss adatok szerint k\u00e9tszer annyi kal\u00f3ri\u00e1t \u00e9getnek a b\u0151s\u00e9gesen reggeliz\u0151k","og_description":"Egy \u00faj kutat\u00e1s meg\u00e1llap\u00edtotta, hogy megel\u0151zhet\u0151 az elh\u00edz\u00e1s \u00e9s a magas v\u00e9rcukorszint azzal, ha b\u0151s\u00e9ges reggelit fogyasztunk b\u0151s\u00e9ges vacsora helyett. [&hellip;]","og_url":"https:\/\/www.welovecycling.com\/hu\/edzes-es-eletmod\/friss-adatok-szerint-ketszer-annyi-kaloriat-egetnek-a-bosegesen-reggelizok\/","og_site_name":"\u0160koda We Love Cycling - Magyarorsz\u00e1g","article_publisher":"https:\/\/www.facebook.com\/WeLoveCyclingHungary\/","article_published_time":"2020-05-06T07:00:59+00:00","og_image":[{"width":1000,"height":667,"url":"https:\/\/d2p6e6u75xmxt8.cloudfront.net\/12\/2020\/05\/healthy-breakfast-profimedia-0389487735.jpg","type":"image\/jpeg"}],"author":"hegyizs","twitter_card":"summary_large_image","twitter_misc":{"Written by":"Jiri Kaloc","Est. reading time":"5"},"schema":{"@context":"https:\/\/schema.org","@graph":[{"@type":"WebPage","@id":"https:\/\/www.welovecycling.com\/hu\/edzes-es-eletmod\/friss-adatok-szerint-ketszer-annyi-kaloriat-egetnek-a-bosegesen-reggelizok\/","url":"https:\/\/www.welovecycling.com\/hu\/edzes-es-eletmod\/friss-adatok-szerint-ketszer-annyi-kaloriat-egetnek-a-bosegesen-reggelizok\/","name":"Friss adatok szerint k\u00e9tszer annyi kal\u00f3ri\u00e1t \u00e9getnek a b\u0151s\u00e9gesen reggeliz\u0151k - \u0160koda We Love Cycling - Magyarorsz\u00e1g","isPartOf":{"@id":"https:\/\/www.welovecycling.com\/hu\/#website"},"primaryImageOfPage":{"@id":"https:\/\/www.welovecycling.com\/hu\/edzes-es-eletmod\/friss-adatok-szerint-ketszer-annyi-kaloriat-egetnek-a-bosegesen-reggelizok\/#primaryimage"},"image":{"@id":"https:\/\/www.welovecycling.com\/hu\/edzes-es-eletmod\/friss-adatok-szerint-ketszer-annyi-kaloriat-egetnek-a-bosegesen-reggelizok\/#primaryimage"},"thumbnailUrl":"https:\/\/d2p6e6u75xmxt8.cloudfront.net\/12\/2020\/05\/healthy-breakfast-profimedia-0389487735.jpg","datePublished":"2020-05-06T07:00:59+00:00","author":{"@id":"https:\/\/www.welovecycling.com\/hu\/#\/schema\/person\/414a2aebf1801691a5320edb6468e194"},"breadcrumb":{"@id":"https:\/\/www.welovecycling.com\/hu\/edzes-es-eletmod\/friss-adatok-szerint-ketszer-annyi-kaloriat-egetnek-a-bosegesen-reggelizok\/#breadcrumb"},"inLanguage":"hu","potentialAction":[{"@type":"ReadAction","target":["https:\/\/www.welovecycling.com\/hu\/edzes-es-eletmod\/friss-adatok-szerint-ketszer-annyi-kaloriat-egetnek-a-bosegesen-reggelizok\/"]}]},{"@type":"ImageObject","inLanguage":"hu","@id":"https:\/\/www.welovecycling.com\/hu\/edzes-es-eletmod\/friss-adatok-szerint-ketszer-annyi-kaloriat-egetnek-a-bosegesen-reggelizok\/#primaryimage","url":"https:\/\/d2p6e6u75xmxt8.cloudfront.net\/12\/2020\/05\/healthy-breakfast-profimedia-0389487735.jpg","contentUrl":"https:\/\/d2p6e6u75xmxt8.cloudfront.net\/12\/2020\/05\/healthy-breakfast-profimedia-0389487735.jpg","width":1000,"height":667},{"@type":"BreadcrumbList","@id":"https:\/\/www.welovecycling.com\/hu\/edzes-es-eletmod\/friss-adatok-szerint-ketszer-annyi-kaloriat-egetnek-a-bosegesen-reggelizok\/#breadcrumb","itemListElement":[{"@type":"ListItem","position":1,"name":"Home","item":"https:\/\/www.welovecycling.com\/hu\/"},{"@type":"ListItem","position":2,"name":"Friss adatok szerint k\u00e9tszer annyi kal\u00f3ri\u00e1t \u00e9getnek a b\u0151s\u00e9gesen reggeliz\u0151k"}]},{"@type":"WebSite","@id":"https:\/\/www.welovecycling.com\/hu\/#website","url":"https:\/\/www.welovecycling.com\/hu\/","name":"\u0160koda We Love Cycling - Magyarorsz\u00e1g","description":"\u0160koda WeLoveCycling","potentialAction":[{"@type":"SearchAction","target":{"@type":"EntryPoint","urlTemplate":"https:\/\/www.welovecycling.com\/hu\/?s={search_term_string}"},"query-input":{"@type":"PropertyValueSpecification","valueRequired":true,"valueName":"search_term_string"}}],"inLanguage":"hu"},{"@type":"Person","@id":"https:\/\/www.welovecycling.com\/hu\/#\/schema\/person\/414a2aebf1801691a5320edb6468e194","name":"hegyizs","image":{"@type":"ImageObject","inLanguage":"hu","@id":"https:\/\/www.welovecycling.com\/hu\/#\/schema\/person\/image\/","url":"https:\/\/secure.gravatar.com\/avatar\/02cf8a7906b8cf90cecb4679defac7cfd33a1c2e3b88e4903d947f3bb58eedd3?s=96&d=mm&r=g","contentUrl":"https:\/\/secure.gravatar.com\/avatar\/02cf8a7906b8cf90cecb4679defac7cfd33a1c2e3b88e4903d947f3bb58eedd3?s=96&d=mm&r=g","caption":"hegyizs"},"url":"https:\/\/www.welovecycling.com\/hu\/author\/hegyizs\/"}]}},"_links":{"self":[{"href":"https:\/\/www.welovecycling.com\/hu\/wp-json\/wp\/v2\/posts\/7533","targetHints":{"allow":["GET"]}}],"collection":[{"href":"https:\/\/www.welovecycling.com\/hu\/wp-json\/wp\/v2\/posts"}],"about":[{"href":"https:\/\/www.welovecycling.com\/hu\/wp-json\/wp\/v2\/types\/post"}],"author":[{"embeddable":true,"href":"https:\/\/www.welovecycling.com\/hu\/wp-json\/wp\/v2\/users\/71"}],"replies":[{"embeddable":true,"href":"https:\/\/www.welovecycling.com\/hu\/wp-json\/wp\/v2\/comments?post=7533"}],"version-history":[{"count":2,"href":"https:\/\/www.welovecycling.com\/hu\/wp-json\/wp\/v2\/posts\/7533\/revisions"}],"predecessor-version":[{"id":7554,"href":"https:\/\/www.welovecycling.com\/hu\/wp-json\/wp\/v2\/posts\/7533\/revisions\/7554"}],"wp:featuredmedia":[{"embeddable":true,"href":"https:\/\/www.welovecycling.com\/hu\/wp-json\/wp\/v2\/media\/7537"}],"wp:attachment":[{"href":"https:\/\/www.welovecycling.com\/hu\/wp-json\/wp\/v2\/media?parent=7533"}],"wp:term":[{"taxonomy":"category","embeddable":true,"href":"https:\/\/www.welovecycling.com\/hu\/wp-json\/wp\/v2\/categories?post=7533"},{"taxonomy":"post_tag","embeddable":true,"href":"https:\/\/www.welovecycling.com\/hu\/wp-json\/wp\/v2\/tags?post=7533"},{"taxonomy":"global-categories","embeddable":true,"href":"https:\/\/www.welovecycling.com\/hu\/wp-json\/wp\/v2\/global-categories?post=7533"}],"curies":[{"name":"wp","href":"https:\/\/api.w.org\/{rel}","templated":true}]}}