{"id":7525,"date":"2020-05-09T08:00:58","date_gmt":"2020-05-09T07:00:58","guid":{"rendered":"https:\/\/www.welovecycling.com\/hu\/?p=7525"},"modified":"2020-05-04T16:50:26","modified_gmt":"2020-05-04T15:50:26","slug":"egeszseges-finom-haromfogasos-ebed-tele-vitaminnal","status":"publish","type":"post","link":"https:\/\/www.welovecycling.com\/hu\/blog\/egeszseges-finom-haromfogasos-ebed-tele-vitaminnal\/","title":{"rendered":"Eg\u00e9szs\u00e9ges &#038; finom: h\u00e1romfog\u00e1sos eb\u00e9d tele vitaminnal"},"content":{"rendered":"<p><strong>Senkinek nem kell magyar\u00e1zni, hogy a h\u00fasleves csodaszer, azonban mindannyian v\u00e1gyunk az \u00fajdons\u00e1gra: turb\u00f3zd fel hagyom\u00e1nyos receptjeidet! Hoztunk egy finom \u00e9s vitamind\u00fas men\u00fct, amit im\u00e1dni fog a csal\u00e1d!<\/strong><!--more--><\/p>\n<h2><strong>Z\u00f6lds\u00e9ges csirkeleves<\/strong><\/h2>\n<figure id=\"attachment_7527\" aria-describedby=\"caption-attachment-7527\" style=\"width: 670px\" class=\"wp-caption aligncenter\"><img loading=\"lazy\" decoding=\"async\" class=\"size-full wp-image-7527\" src=\"https:\/\/d2p6e6u75xmxt8.cloudfront.net\/12\/2020\/05\/275043_298281_zoldseges_csirkeleves.jpg\" alt=\"\" width=\"670\" height=\"460\" srcset=\"https:\/\/d2p6e6u75xmxt8.cloudfront.net\/12\/2020\/05\/275043_298281_zoldseges_csirkeleves.jpg 670w, https:\/\/d2p6e6u75xmxt8.cloudfront.net\/12\/2020\/05\/275043_298281_zoldseges_csirkeleves-300x206.jpg 300w\" sizes=\"auto, (max-width: 670px) 100vw, 670px\" \/><figcaption id=\"caption-attachment-7527\" class=\"wp-caption-text\">A Nosalty receptje<\/figcaption><\/figure>\n<p><u>Hozz\u00e1val\u00f3k<\/u><\/p>\n<ul>\n<li>40 dkg csirkemellfil\u00e9<\/li>\n<li>1 nagy s\u00e1rgar\u00e9pa<\/li>\n<li>1 db p\u00f3r\u00e9hagyma<\/li>\n<li>40 dkg burgonya<\/li>\n<li>1 db zeller<\/li>\n<li>1,5 l v\u00edz<\/li>\n<li>4 ek vaj<\/li>\n<li>200 ml habtejsz\u00edn<\/li>\n<li>1 db toj\u00e1ss\u00e1rg\u00e1ja<\/li>\n<li>s\u00f3, bors, s\u00e1fr\u00e1ny, szerecsendi\u00f3, zs\u00e1lya, kakukkf\u0171<\/li>\n<li>f\u00e9l csokor petrezselyem<\/li>\n<\/ul>\n<p><u>Elk\u00e9sz\u00edt\u00e9s<\/u><\/p>\n<p>A csirk\u00e9t v\u00e1gd kock\u00e1kra, a p\u00f3r\u00e9hagym\u00e1t apr\u00edtsd fel! H\u00e1rom ev\u0151kan\u00e1l vajat olvassz meg \u00e9s keverd el benne a p\u00f3r\u00e9hagym\u00e1t, kiv\u00e9ve egy \u00f6t centis darabot!<\/p>\n<p>Add hozz\u00e1 a csirk\u00e9t, s\u00f3zd \u00e9s borsozd meg, majd \u00f6ntsd fel a v\u00edzzel! F\u0171szerezd!<\/p>\n<p>Mik\u00f6zben kis l\u00e1ngon f\u0151z\u00f6d a levest, kock\u00e1zd fel a megh\u00e1mozott burgony\u00e1t \u00e9s a zellert, majd add hozz\u00e1 a t\u00f6bbihez!<\/p>\n<p>A r\u00e9p\u00e1t is h\u00e1mozd meg, v\u00e1gd v\u00e9kony has\u00e1bokra, majd a fel\u00e9t add a leveshez!<\/p>\n<p>Mik\u00f6zben 5-8 percig m\u00e9g hagyod f\u0151ni, keverd ki a toj\u00e1ss\u00e1rg\u00e1j\u00e1t a habtejsz\u00ednnel, majd \u00f3vatosan csurgasd a leveshez!<\/p>\n<p>A marad\u00e9k p\u00f3r\u00e9hagym\u00e1t \u00e9s r\u00e9p\u00e1t pir\u00edtsd egy percig egy ev\u0151kan\u00e1l vajon, majd add a leveshez a petrezselyemmel egy\u00fctt!<\/p>\n<p><strong><u>Mi\u00e9rt eg\u00e9szs\u00e9ges?<\/u><\/strong><\/p>\n<p>A f\u0151tt csirkeh\u00fas \u00e9s a k\u00fcl\u00f6nf\u00e9le z\u00f6lds\u00e9gek leve seg\u00edtenek legy\u0151zni \u00e9s megel\u0151zni a fert\u0151z\u00e9seket. Att\u00f3l f\u00fcgg\u0151en milyen z\u00f6lds\u00e9geket haszn\u00e1lsz, k\u00fcl\u00f6nb\u00f6z\u0151 t\u00e1panyagokat viszel be. S\u00e1rgar\u00e9pa \u00e9s feh\u00e9rr\u00e9pa viszont biztosan ker\u00fcl a levesbe, ahogy hagyma is, ezek pedig tele vannak B1-, B2- \u00e9s B6-vitaminnal, valamint C-vitamint \u00e9s k\u00e1lciumot, illetve k\u00e1liumot is tartalmaznak. Ezek miatt a t\u00e1panyagok miatt h\u00edvj\u00e1k a csontlevest is er\u0151levesnek is!<\/p>\n<h2><strong>Ratatouille<\/strong><\/h2>\n<figure id=\"attachment_7528\" aria-describedby=\"caption-attachment-7528\" style=\"width: 1024px\" class=\"wp-caption aligncenter\"><img loading=\"lazy\" decoding=\"async\" class=\"size-large wp-image-7528\" src=\"https:\/\/d2p6e6u75xmxt8.cloudfront.net\/12\/2020\/05\/IMG_4855-1024x706-1024x706.jpg\" alt=\"\" width=\"1024\" height=\"706\" srcset=\"https:\/\/d2p6e6u75xmxt8.cloudfront.net\/12\/2020\/05\/IMG_4855-1024x706.jpg 1024w, https:\/\/d2p6e6u75xmxt8.cloudfront.net\/12\/2020\/05\/IMG_4855-1024x706-300x207.jpg 300w, https:\/\/d2p6e6u75xmxt8.cloudfront.net\/12\/2020\/05\/IMG_4855-1024x706-768x530.jpg 768w\" sizes=\"auto, (max-width: 1024px) 100vw, 1024px\" \/><figcaption id=\"caption-attachment-7528\" class=\"wp-caption-text\">A Felel\u0151s Gasztroh\u0151s receptje<\/figcaption><\/figure>\n<p>A gyerekek m\u00e1r csak az\u00e9rt is im\u00e1dni fogj\u00e1k, mert err\u0151l az \u00e9telr\u0151l sz\u00f3l a L\u2019ecs\u00f3 c\u00edm\u0171 mese! \u00cdgy tal\u00e1n m\u00e9g az sem zavarja \u0151ket, hogy rengeteg benne a z\u00f6lds\u00e9g.<\/p>\n<p><strong><u>Hozz\u00e1val\u00f3k<\/u><\/strong><\/p>\n<ul>\n<li>2 db padlizs\u00e1n<\/li>\n<li>2 db cukkini<\/li>\n<li>3-4 db paradicsom<\/li>\n<li>1 fej v\u00f6r\u00f6shagyma<\/li>\n<li>2 gerezd fokhagyma<\/li>\n<li>olaj<\/li>\n<li>1 db paprika<\/li>\n<li>4 dl paradicsomp\u00fcr\u00e9<\/li>\n<li>s\u00f3, bors<\/li>\n<li>bazsalikom, oreg\u00e1n\u00f3, kakukkf\u0171<\/li>\n<\/ul>\n<p><strong><u>Elk\u00e9sz\u00edt\u00e9s<\/u><\/strong><\/p>\n<p>A padlizs\u00e1nt, paradicsomot \u00e9s a cukkinit v\u00e1gd v\u00e9kony szeletekre, a v\u00f6r\u00f6shagym\u00e1t kock\u00e1kra, a fokhagym\u00e1t pedig apr\u00f3ra!<\/p>\n<p>A hagym\u00e1kat egy ev\u0151kan\u00e1l olajon pir\u00edtsd meg, majd add hozz\u00e1 a paprik\u00e1t! Pir\u00edtsd p\u00e1r percig, \u00f6ntsd r\u00e1 a paradicsomlevet \u00e9s f\u0171szerezd!<\/p>\n<p>Meleg\u00edtsd el\u0151 a s\u00fct\u0151t 190 fokra!<\/p>\n<p>A paradicsomm\u00e1rt\u00e1st \u00f6ntsd h\u0151\u00e1ll\u00f3 ed\u00e9nybe, a felkarik\u00e1zott z\u00f6lds\u00e9gekkel bor\u00edtsd be! S\u00f3z, borsozd \u0151ket, majd k\u00e9sz\u00edts \u00f6ntetet!<\/p>\n<p>3-4 ev\u0151kan\u00e1l olajhoz keverj bazsalikomot, oreg\u00e1n\u00f3t, kakukkf\u00fcvet, s\u00f3t \u00e9s borsot, majd ezzel locsold meg a z\u00f6lds\u00e9geket!<\/p>\n<p>30-35 perc alatt s\u00fcsd k\u00e9szre!<\/p>\n<p><strong><u>Mi\u00e9rt eg\u00e9szs\u00e9ges?<\/u><\/strong><\/p>\n<p><img loading=\"lazy\" decoding=\"async\" class=\"aligncenter size-full wp-image-7529\" src=\"https:\/\/d2p6e6u75xmxt8.cloudfront.net\/12\/2020\/05\/veg.jpg\" alt=\"\" width=\"959\" height=\"638\" srcset=\"https:\/\/d2p6e6u75xmxt8.cloudfront.net\/12\/2020\/05\/veg.jpg 959w, https:\/\/d2p6e6u75xmxt8.cloudfront.net\/12\/2020\/05\/veg-300x200.jpg 300w, https:\/\/d2p6e6u75xmxt8.cloudfront.net\/12\/2020\/05\/veg-768x511.jpg 768w, https:\/\/d2p6e6u75xmxt8.cloudfront.net\/12\/2020\/05\/veg-272x182.jpg 272w\" sizes=\"auto, (max-width: 959px) 100vw, 959px\" \/><\/p>\n<p>A padlizs\u00e1n rostokban gazdag, magas a k\u00e1lium-tartalma, seg\u00edt a vas el\u0151\u00e1ll\u00edt\u00e1s\u00e1ban \u00e9s j\u00f3 hat\u00e1ssal van mem\u00f3ri\u00e1nkra, em\u00e9szt\u00e9s\u00fcnkre, s\u0151t m\u00e9g hajunk \u00e9s b\u0151r\u00fcnk eg\u00e9szs\u00e9g\u00e9re is! A cukkini C-vitaminnal \u00e9s B9-vitaminnal teli, \u00edgy er\u0151s\u00edti immunrendszer\u00fcnket.<\/p>\n<h2><strong>Ban\u00e1nkeny\u00e9r muffin<\/strong><\/h2>\n<figure id=\"attachment_7530\" aria-describedby=\"caption-attachment-7530\" style=\"width: 960px\" class=\"wp-caption aligncenter\"><img loading=\"lazy\" decoding=\"async\" class=\"size-full wp-image-7530\" src=\"https:\/\/d2p6e6u75xmxt8.cloudfront.net\/12\/2020\/05\/muffins-267299_960_720.jpg\" alt=\"\" width=\"960\" height=\"640\" srcset=\"https:\/\/d2p6e6u75xmxt8.cloudfront.net\/12\/2020\/05\/muffins-267299_960_720.jpg 960w, https:\/\/d2p6e6u75xmxt8.cloudfront.net\/12\/2020\/05\/muffins-267299_960_720-300x200.jpg 300w, https:\/\/d2p6e6u75xmxt8.cloudfront.net\/12\/2020\/05\/muffins-267299_960_720-768x512.jpg 768w, https:\/\/d2p6e6u75xmxt8.cloudfront.net\/12\/2020\/05\/muffins-267299_960_720-272x182.jpg 272w\" sizes=\"auto, (max-width: 960px) 100vw, 960px\" \/><figcaption id=\"caption-attachment-7530\" class=\"wp-caption-text\">A mindmegette.hu receptje<\/figcaption><\/figure>\n<p><strong><u>Hozz\u00e1val\u00f3k<\/u><\/strong><\/p>\n<ul>\n<li>20 dkg zabpehely<\/li>\n<li>10 dkg zabkorpa<\/li>\n<li>1 tk sz\u00f3dabikarb\u00f3na<\/li>\n<li>3 db \u00e9rett ban\u00e1n<\/li>\n<li>2 tk fah\u00e9j<\/li>\n<li>10 dkg mazsola<\/li>\n<li>2 db toj\u00e1s<\/li>\n<li>1-2 ek m\u00e9z<\/li>\n<li>10 dkg durv\u00e1ra v\u00e1gott di\u00f3<\/li>\n<\/ul>\n<p><strong><u>Elk\u00e9sz\u00edt\u00e9s<\/u><\/strong><\/p>\n<p>Vill\u00e1val t\u00f6rd \u00f6ssze a ban\u00e1nt, majd add hozz\u00e1 a t\u00f6bbi hozz\u00e1val\u00f3t! Ha t\u00fal s\u0171r\u0171, h\u00edg\u00edtsd joghurttal!<\/p>\n<p>Meleg\u00edtsd el\u0151 a s\u00fct\u0151t 200 fokra!<\/p>\n<p>A muffin forma alj\u00e1ba n\u00e9gyzetekre v\u00e1gott s\u00fct\u0151pap\u00edrra kanalazd a t\u00e9szt\u00e1t!<\/p>\n<p>S\u00fcsd 25 percig!<\/p>\n<p><strong><u>Mi\u00e9rt eg\u00e9szs\u00e9ges?<\/u><\/strong><\/p>\n<p>A ban\u00e1n \u00e1sv\u00e1nyi anyagok \u00e9s vitaminok forr\u00e1sa, k\u00e1lciumot, vasat, magn\u00e9ziumot, A-, E \u00e9s B-vitamint tartalmaz. Magas rosttartalma miatt seg\u00edti az em\u00e9szt\u00e9st, emellett jav\u00edtja a v\u00e9rkering\u00e9st, cs\u00f6kkenti a v\u00e9rnyom\u00e1st \u00e9s m\u00e9g a ked\u00e9ly\u00e1llapotunknak is j\u00f3t tesz!<\/p>\n","protected":false},"excerpt":{"rendered":"<p>Senkinek nem kell magyar\u00e1zni, hogy a h\u00fasleves csodaszer, azonban mindannyian v\u00e1gyunk az \u00fajdons\u00e1gra: turb\u00f3zd fel hagyom\u00e1nyos receptjeidet! Hoztunk egy finom [&hellip;]<\/p>\n","protected":false},"author":71,"featured_media":7526,"comment_status":"open","ping_status":"open","sticky":false,"template":"","format":"standard","meta":{"footnotes":""},"categories":[13],"tags":[],"global-categories":[],"class_list":["post-7525","post","type-post","status-publish","format-standard","has-post-thumbnail","hentry","category-blog"],"yoast_head":"<!-- This site is optimized with the Yoast SEO Premium plugin v25.3 (Yoast SEO v25.9) - https:\/\/yoast.com\/wordpress\/plugins\/seo\/ -->\n<title>Eg\u00e9szs\u00e9ges &amp; finom: h\u00e1romfog\u00e1sos eb\u00e9d tele vitaminnal - \u0160koda We Love Cycling - Magyarorsz\u00e1g<\/title>\n<meta name=\"robots\" content=\"index, follow, max-snippet:-1, max-image-preview:large, max-video-preview:-1\" \/>\n<link rel=\"canonical\" href=\"https:\/\/www.welovecycling.com\/hu\/blog\/egeszseges-finom-haromfogasos-ebed-tele-vitaminnal\/\" \/>\n<meta property=\"og:locale\" content=\"hu_HU\" \/>\n<meta property=\"og:type\" content=\"article\" \/>\n<meta property=\"og:title\" content=\"Eg\u00e9szs\u00e9ges &amp; finom: h\u00e1romfog\u00e1sos eb\u00e9d tele vitaminnal\" \/>\n<meta property=\"og:description\" content=\"Senkinek nem kell magyar\u00e1zni, hogy a h\u00fasleves csodaszer, azonban mindannyian v\u00e1gyunk az \u00fajdons\u00e1gra: turb\u00f3zd fel hagyom\u00e1nyos receptjeidet! Hoztunk egy finom [&hellip;]\" \/>\n<meta property=\"og:url\" content=\"https:\/\/www.welovecycling.com\/hu\/blog\/egeszseges-finom-haromfogasos-ebed-tele-vitaminnal\/\" \/>\n<meta property=\"og:site_name\" content=\"\u0160koda We Love Cycling - Magyarorsz\u00e1g\" \/>\n<meta property=\"article:publisher\" content=\"https:\/\/www.facebook.com\/WeLoveCyclingHungary\/\" \/>\n<meta property=\"article:published_time\" content=\"2020-05-09T07:00:58+00:00\" \/>\n<meta property=\"og:image\" content=\"https:\/\/d2p6e6u75xmxt8.cloudfront.net\/12\/2020\/05\/wlc1901.jpg\" \/>\n\t<meta property=\"og:image:width\" content=\"1053\" \/>\n\t<meta property=\"og:image:height\" content=\"704\" \/>\n\t<meta property=\"og:image:type\" content=\"image\/jpeg\" \/>\n<meta name=\"author\" content=\"hegyizs\" \/>\n<meta name=\"twitter:card\" content=\"summary_large_image\" \/>\n<meta name=\"twitter:label1\" content=\"Written by\" \/>\n\t<meta name=\"twitter:data1\" content=\"WLC\" \/>\n\t<meta name=\"twitter:label2\" content=\"Est. reading time\" \/>\n\t<meta name=\"twitter:data2\" content=\"4 minutes\" \/>\n<script type=\"application\/ld+json\" class=\"yoast-schema-graph\">{\"@context\":\"https:\/\/schema.org\",\"@graph\":[{\"@type\":\"WebPage\",\"@id\":\"https:\/\/www.welovecycling.com\/hu\/blog\/egeszseges-finom-haromfogasos-ebed-tele-vitaminnal\/\",\"url\":\"https:\/\/www.welovecycling.com\/hu\/blog\/egeszseges-finom-haromfogasos-ebed-tele-vitaminnal\/\",\"name\":\"Eg\u00e9szs\u00e9ges & finom: h\u00e1romfog\u00e1sos eb\u00e9d tele vitaminnal - \u0160koda We Love Cycling - Magyarorsz\u00e1g\",\"isPartOf\":{\"@id\":\"https:\/\/www.welovecycling.com\/hu\/#website\"},\"primaryImageOfPage\":{\"@id\":\"https:\/\/www.welovecycling.com\/hu\/blog\/egeszseges-finom-haromfogasos-ebed-tele-vitaminnal\/#primaryimage\"},\"image\":{\"@id\":\"https:\/\/www.welovecycling.com\/hu\/blog\/egeszseges-finom-haromfogasos-ebed-tele-vitaminnal\/#primaryimage\"},\"thumbnailUrl\":\"https:\/\/d2p6e6u75xmxt8.cloudfront.net\/12\/2020\/05\/wlc1901.jpg\",\"datePublished\":\"2020-05-09T07:00:58+00:00\",\"author\":{\"@id\":\"https:\/\/www.welovecycling.com\/hu\/#\/schema\/person\/414a2aebf1801691a5320edb6468e194\"},\"breadcrumb\":{\"@id\":\"https:\/\/www.welovecycling.com\/hu\/blog\/egeszseges-finom-haromfogasos-ebed-tele-vitaminnal\/#breadcrumb\"},\"inLanguage\":\"hu\",\"potentialAction\":[{\"@type\":\"ReadAction\",\"target\":[\"https:\/\/www.welovecycling.com\/hu\/blog\/egeszseges-finom-haromfogasos-ebed-tele-vitaminnal\/\"]}]},{\"@type\":\"ImageObject\",\"inLanguage\":\"hu\",\"@id\":\"https:\/\/www.welovecycling.com\/hu\/blog\/egeszseges-finom-haromfogasos-ebed-tele-vitaminnal\/#primaryimage\",\"url\":\"https:\/\/d2p6e6u75xmxt8.cloudfront.net\/12\/2020\/05\/wlc1901.jpg\",\"contentUrl\":\"https:\/\/d2p6e6u75xmxt8.cloudfront.net\/12\/2020\/05\/wlc1901.jpg\",\"width\":1053,\"height\":704},{\"@type\":\"BreadcrumbList\",\"@id\":\"https:\/\/www.welovecycling.com\/hu\/blog\/egeszseges-finom-haromfogasos-ebed-tele-vitaminnal\/#breadcrumb\",\"itemListElement\":[{\"@type\":\"ListItem\",\"position\":1,\"name\":\"Home\",\"item\":\"https:\/\/www.welovecycling.com\/hu\/\"},{\"@type\":\"ListItem\",\"position\":2,\"name\":\"Eg\u00e9szs\u00e9ges &#038; finom: h\u00e1romfog\u00e1sos eb\u00e9d tele vitaminnal\"}]},{\"@type\":\"WebSite\",\"@id\":\"https:\/\/www.welovecycling.com\/hu\/#website\",\"url\":\"https:\/\/www.welovecycling.com\/hu\/\",\"name\":\"\u0160koda We Love Cycling - Magyarorsz\u00e1g\",\"description\":\"\u0160koda WeLoveCycling\",\"potentialAction\":[{\"@type\":\"SearchAction\",\"target\":{\"@type\":\"EntryPoint\",\"urlTemplate\":\"https:\/\/www.welovecycling.com\/hu\/?s={search_term_string}\"},\"query-input\":{\"@type\":\"PropertyValueSpecification\",\"valueRequired\":true,\"valueName\":\"search_term_string\"}}],\"inLanguage\":\"hu\"},{\"@type\":\"Person\",\"@id\":\"https:\/\/www.welovecycling.com\/hu\/#\/schema\/person\/414a2aebf1801691a5320edb6468e194\",\"name\":\"hegyizs\",\"image\":{\"@type\":\"ImageObject\",\"inLanguage\":\"hu\",\"@id\":\"https:\/\/www.welovecycling.com\/hu\/#\/schema\/person\/image\/\",\"url\":\"https:\/\/secure.gravatar.com\/avatar\/02cf8a7906b8cf90cecb4679defac7cfd33a1c2e3b88e4903d947f3bb58eedd3?s=96&d=mm&r=g\",\"contentUrl\":\"https:\/\/secure.gravatar.com\/avatar\/02cf8a7906b8cf90cecb4679defac7cfd33a1c2e3b88e4903d947f3bb58eedd3?s=96&d=mm&r=g\",\"caption\":\"hegyizs\"},\"url\":\"https:\/\/www.welovecycling.com\/hu\/author\/hegyizs\/\"}]}<\/script>\n<!-- \/ Yoast SEO Premium plugin. -->","yoast_head_json":{"title":"Eg\u00e9szs\u00e9ges & finom: h\u00e1romfog\u00e1sos eb\u00e9d tele vitaminnal - \u0160koda We Love Cycling - Magyarorsz\u00e1g","robots":{"index":"index","follow":"follow","max-snippet":"max-snippet:-1","max-image-preview":"max-image-preview:large","max-video-preview":"max-video-preview:-1"},"canonical":"https:\/\/www.welovecycling.com\/hu\/blog\/egeszseges-finom-haromfogasos-ebed-tele-vitaminnal\/","og_locale":"hu_HU","og_type":"article","og_title":"Eg\u00e9szs\u00e9ges & finom: h\u00e1romfog\u00e1sos eb\u00e9d tele vitaminnal","og_description":"Senkinek nem kell magyar\u00e1zni, hogy a h\u00fasleves csodaszer, azonban mindannyian v\u00e1gyunk az \u00fajdons\u00e1gra: turb\u00f3zd fel hagyom\u00e1nyos receptjeidet! Hoztunk egy finom [&hellip;]","og_url":"https:\/\/www.welovecycling.com\/hu\/blog\/egeszseges-finom-haromfogasos-ebed-tele-vitaminnal\/","og_site_name":"\u0160koda We Love Cycling - Magyarorsz\u00e1g","article_publisher":"https:\/\/www.facebook.com\/WeLoveCyclingHungary\/","article_published_time":"2020-05-09T07:00:58+00:00","og_image":[{"width":1053,"height":704,"url":"https:\/\/d2p6e6u75xmxt8.cloudfront.net\/12\/2020\/05\/wlc1901.jpg","type":"image\/jpeg"}],"author":"hegyizs","twitter_card":"summary_large_image","twitter_misc":{"Written by":"WLC","Est. reading time":"4 minutes"},"schema":{"@context":"https:\/\/schema.org","@graph":[{"@type":"WebPage","@id":"https:\/\/www.welovecycling.com\/hu\/blog\/egeszseges-finom-haromfogasos-ebed-tele-vitaminnal\/","url":"https:\/\/www.welovecycling.com\/hu\/blog\/egeszseges-finom-haromfogasos-ebed-tele-vitaminnal\/","name":"Eg\u00e9szs\u00e9ges & finom: h\u00e1romfog\u00e1sos eb\u00e9d tele vitaminnal - \u0160koda We Love Cycling - Magyarorsz\u00e1g","isPartOf":{"@id":"https:\/\/www.welovecycling.com\/hu\/#website"},"primaryImageOfPage":{"@id":"https:\/\/www.welovecycling.com\/hu\/blog\/egeszseges-finom-haromfogasos-ebed-tele-vitaminnal\/#primaryimage"},"image":{"@id":"https:\/\/www.welovecycling.com\/hu\/blog\/egeszseges-finom-haromfogasos-ebed-tele-vitaminnal\/#primaryimage"},"thumbnailUrl":"https:\/\/d2p6e6u75xmxt8.cloudfront.net\/12\/2020\/05\/wlc1901.jpg","datePublished":"2020-05-09T07:00:58+00:00","author":{"@id":"https:\/\/www.welovecycling.com\/hu\/#\/schema\/person\/414a2aebf1801691a5320edb6468e194"},"breadcrumb":{"@id":"https:\/\/www.welovecycling.com\/hu\/blog\/egeszseges-finom-haromfogasos-ebed-tele-vitaminnal\/#breadcrumb"},"inLanguage":"hu","potentialAction":[{"@type":"ReadAction","target":["https:\/\/www.welovecycling.com\/hu\/blog\/egeszseges-finom-haromfogasos-ebed-tele-vitaminnal\/"]}]},{"@type":"ImageObject","inLanguage":"hu","@id":"https:\/\/www.welovecycling.com\/hu\/blog\/egeszseges-finom-haromfogasos-ebed-tele-vitaminnal\/#primaryimage","url":"https:\/\/d2p6e6u75xmxt8.cloudfront.net\/12\/2020\/05\/wlc1901.jpg","contentUrl":"https:\/\/d2p6e6u75xmxt8.cloudfront.net\/12\/2020\/05\/wlc1901.jpg","width":1053,"height":704},{"@type":"BreadcrumbList","@id":"https:\/\/www.welovecycling.com\/hu\/blog\/egeszseges-finom-haromfogasos-ebed-tele-vitaminnal\/#breadcrumb","itemListElement":[{"@type":"ListItem","position":1,"name":"Home","item":"https:\/\/www.welovecycling.com\/hu\/"},{"@type":"ListItem","position":2,"name":"Eg\u00e9szs\u00e9ges &#038; finom: h\u00e1romfog\u00e1sos eb\u00e9d tele vitaminnal"}]},{"@type":"WebSite","@id":"https:\/\/www.welovecycling.com\/hu\/#website","url":"https:\/\/www.welovecycling.com\/hu\/","name":"\u0160koda We Love Cycling - Magyarorsz\u00e1g","description":"\u0160koda WeLoveCycling","potentialAction":[{"@type":"SearchAction","target":{"@type":"EntryPoint","urlTemplate":"https:\/\/www.welovecycling.com\/hu\/?s={search_term_string}"},"query-input":{"@type":"PropertyValueSpecification","valueRequired":true,"valueName":"search_term_string"}}],"inLanguage":"hu"},{"@type":"Person","@id":"https:\/\/www.welovecycling.com\/hu\/#\/schema\/person\/414a2aebf1801691a5320edb6468e194","name":"hegyizs","image":{"@type":"ImageObject","inLanguage":"hu","@id":"https:\/\/www.welovecycling.com\/hu\/#\/schema\/person\/image\/","url":"https:\/\/secure.gravatar.com\/avatar\/02cf8a7906b8cf90cecb4679defac7cfd33a1c2e3b88e4903d947f3bb58eedd3?s=96&d=mm&r=g","contentUrl":"https:\/\/secure.gravatar.com\/avatar\/02cf8a7906b8cf90cecb4679defac7cfd33a1c2e3b88e4903d947f3bb58eedd3?s=96&d=mm&r=g","caption":"hegyizs"},"url":"https:\/\/www.welovecycling.com\/hu\/author\/hegyizs\/"}]}},"_links":{"self":[{"href":"https:\/\/www.welovecycling.com\/hu\/wp-json\/wp\/v2\/posts\/7525","targetHints":{"allow":["GET"]}}],"collection":[{"href":"https:\/\/www.welovecycling.com\/hu\/wp-json\/wp\/v2\/posts"}],"about":[{"href":"https:\/\/www.welovecycling.com\/hu\/wp-json\/wp\/v2\/types\/post"}],"author":[{"embeddable":true,"href":"https:\/\/www.welovecycling.com\/hu\/wp-json\/wp\/v2\/users\/71"}],"replies":[{"embeddable":true,"href":"https:\/\/www.welovecycling.com\/hu\/wp-json\/wp\/v2\/comments?post=7525"}],"version-history":[{"count":2,"href":"https:\/\/www.welovecycling.com\/hu\/wp-json\/wp\/v2\/posts\/7525\/revisions"}],"predecessor-version":[{"id":7532,"href":"https:\/\/www.welovecycling.com\/hu\/wp-json\/wp\/v2\/posts\/7525\/revisions\/7532"}],"wp:featuredmedia":[{"embeddable":true,"href":"https:\/\/www.welovecycling.com\/hu\/wp-json\/wp\/v2\/media\/7526"}],"wp:attachment":[{"href":"https:\/\/www.welovecycling.com\/hu\/wp-json\/wp\/v2\/media?parent=7525"}],"wp:term":[{"taxonomy":"category","embeddable":true,"href":"https:\/\/www.welovecycling.com\/hu\/wp-json\/wp\/v2\/categories?post=7525"},{"taxonomy":"post_tag","embeddable":true,"href":"https:\/\/www.welovecycling.com\/hu\/wp-json\/wp\/v2\/tags?post=7525"},{"taxonomy":"global-categories","embeddable":true,"href":"https:\/\/www.welovecycling.com\/hu\/wp-json\/wp\/v2\/global-categories?post=7525"}],"curies":[{"name":"wp","href":"https:\/\/api.w.org\/{rel}","templated":true}]}}