{"id":7496,"date":"2020-04-28T08:00:16","date_gmt":"2020-04-28T07:00:16","guid":{"rendered":"https:\/\/www.welovecycling.com\/hu\/?p=7496"},"modified":"2020-04-24T10:21:31","modified_gmt":"2020-04-24T09:21:31","slug":"kulcstarto-lancbol","status":"publish","type":"post","link":"https:\/\/www.welovecycling.com\/hu\/kozosseg-es-kultura\/kulcstarto-lancbol\/","title":{"rendered":"Kulcstart\u00f3 l\u00e1ncb\u00f3l"},"content":{"rendered":"<p><strong>Itt az ideje a gar\u00e1zskitakar\u00edt\u00e1s\u00e1nak! Tekintsd kincskeres\u00e9snek, sokkal jobban fogod \u00edgy \u00e9lvezni! Ha a kezedbe akad n\u00e9h\u00e1ny m\u00e9ter biciklil\u00e1nc, netal\u00e1n egy-k\u00e9t r\u00e9g elveszettnek hitt kulcs, m\u00e1ris vel\u00fcnk tudsz tartani egy k\u00e9zm\u0171ves d\u00e9lut\u00e1n keret\u00e9ben!<\/strong><!--more--><\/p>\n<h3><strong>Mire lesz sz\u00fcks\u00e9ged?<\/strong><\/h3>\n<p>Ok\u00e9, ez tal\u00e1n nem a legjobb id\u0151elfoglalts\u00e1g alb\u00e9rletben \u00e9l\u0151, k\u00e9t szelet keny\u00e9rrel \u00e9s egy s\u00f6rrel felszerelt konyh\u00e1val rendelkez\u0151 egyetemist\u00e1k sz\u00e1m\u00e1ra, ugyanis kel hozz\u00e1 n\u00e9h\u00e1ny dolog. Kicsit t\u00f6bb mint az origamihoz. El\u0151sz\u00f6r is sz\u00fcks\u00e9ged lesz egy l\u00e1ncv\u00e1g\u00f3ra. Ha nincs, esetleg k\u00e9rd meg a szomsz\u00e9dot, hogy tegye le az ajt\u00f3 el\u00e9 a saj\u00e1tj\u00e1t. Gumikeszty\u0171ben menj ki \u00e9rte, \u00e9s ne is vedd m\u00e1r le a proced\u00fara v\u00e9g\u00e9ig. Ezek mellett kelleni fog m\u00e9g pillanatragaszt\u00f3, 5 darab sz\u00f6g \u00e9s egy kalap\u00e1cs.<\/p>\n<h3><strong>Elk\u00e9sz\u00edt\u00e9s<\/strong><\/h3>\n<p><strong>1.<\/strong> Zs\u00edrtalan\u00edtsd a l\u00e1ncot! Hacsak nem vagy olyan ped\u00e1ns, hogy m\u00e9g a r\u00e9gi, sarokba v\u00e1gott biciklil\u00e1ncodat is tiszt\u00e1n \u00e9s kif\u00e9nyes\u00edtve t\u00e1rolod, ez egy fontos l\u00e9p\u00e9s. Fogj egy palackot, t\u00f6lts bele annyi zs\u00edrold\u00f3t, hogy ellepje a l\u00e1ncot. Z\u00e1rd le az \u00fcveget \u00e9s r\u00e1zd \u00f6ssze, hogy teljesen \u00e1tj\u00e1rja a l\u00e1ncszemeket az anyag! Hagyd \u00e1llni, hogy a zs\u00edr le\u00fclepedjen a palack alj\u00e1ra! V\u00e9g\u00fcl v\u00e1gd le a palack tetej\u00e9t \u00e9s szedd ki a l\u00e1ncokat! T\u00f6r\u00f6ld \u00e1t \u0151ket egy ronggyal! V\u00e9gig haszn\u00e1lj keszty\u0171t!<img loading=\"lazy\" decoding=\"async\" class=\"size-full wp-image-7497 alignnone\" src=\"https:\/\/d2p6e6u75xmxt8.cloudfront.net\/12\/2020\/04\/FIEHP62HOSVZVJZ.LARGE1_.jpg\" alt=\"\" width=\"394\" height=\"699\" srcset=\"https:\/\/d2p6e6u75xmxt8.cloudfront.net\/12\/2020\/04\/FIEHP62HOSVZVJZ.LARGE1_.jpg 394w, https:\/\/d2p6e6u75xmxt8.cloudfront.net\/12\/2020\/04\/FIEHP62HOSVZVJZ.LARGE1_-169x300.jpg 169w\" sizes=\"auto, (max-width: 394px) 100vw, 394px\" \/><\/p>\n<p><strong>2.<\/strong> L\u00e1ncv\u00e1g\u00e1s! Most j\u00f6n a neheze: el kell v\u00e1gni a l\u00e1ncszemeket egym\u00e1st\u00f3l! Figyelj r\u00e1, hogy mindegyik szemnek k\u00e9t elt\u00e9r\u0151 oldala van: \u00fagy v\u00e1gd el \u0151ket, hogy az els\u0151 szem szabadon maradt fele passzoljon az utols\u00f3hoz!<br \/>\n<img loading=\"lazy\" decoding=\"async\" class=\"size-full wp-image-7498 alignnone\" src=\"https:\/\/d2p6e6u75xmxt8.cloudfront.net\/12\/2020\/04\/F4M45DVHOSVZUX7LARGE2.jpg\" alt=\"\" width=\"596\" height=\"397\" srcset=\"https:\/\/d2p6e6u75xmxt8.cloudfront.net\/12\/2020\/04\/F4M45DVHOSVZUX7LARGE2.jpg 596w, https:\/\/d2p6e6u75xmxt8.cloudfront.net\/12\/2020\/04\/F4M45DVHOSVZUX7LARGE2-300x200.jpg 300w, https:\/\/d2p6e6u75xmxt8.cloudfront.net\/12\/2020\/04\/F4M45DVHOSVZUX7LARGE2-272x182.jpg 272w\" sizes=\"auto, (max-width: 596px) 100vw, 596px\" \/><img loading=\"lazy\" decoding=\"async\" class=\"size-full wp-image-7499 alignnone\" src=\"https:\/\/d2p6e6u75xmxt8.cloudfront.net\/12\/2020\/04\/FTFXBLRHOSVZVG3.LARGE3_.jpg\" alt=\"\" width=\"604\" height=\"398\" srcset=\"https:\/\/d2p6e6u75xmxt8.cloudfront.net\/12\/2020\/04\/FTFXBLRHOSVZVG3.LARGE3_.jpg 604w, https:\/\/d2p6e6u75xmxt8.cloudfront.net\/12\/2020\/04\/FTFXBLRHOSVZVG3.LARGE3_-300x198.jpg 300w\" sizes=\"auto, (max-width: 604px) 100vw, 604px\" \/><em>V\u00e1gj \u00f6t szem hossz\u00fas\u00e1g\u00fa l\u00e1ncokat!<\/em><\/p>\n<p><strong>3.<\/strong> Illeszd \u00f6ssze a l\u00e1ncok k\u00e9t v\u00e9g\u00e9t egy-egy patentszemmel a k\u00e9pen l\u00e1that\u00f3 m\u00f3don! Seg\u00edt, ha k\u00e9zn\u00e9l van a kalap\u00e1cs!<br \/>\n<img loading=\"lazy\" decoding=\"async\" class=\"size-full wp-image-7500 alignnone\" src=\"https:\/\/d2p6e6u75xmxt8.cloudfront.net\/12\/2020\/04\/F985WUSHOSVZVZ5LARGE4.jpg\" alt=\"\" width=\"485\" height=\"700\" srcset=\"https:\/\/d2p6e6u75xmxt8.cloudfront.net\/12\/2020\/04\/F985WUSHOSVZVZ5LARGE4.jpg 485w, https:\/\/d2p6e6u75xmxt8.cloudfront.net\/12\/2020\/04\/F985WUSHOSVZVZ5LARGE4-208x300.jpg 208w\" sizes=\"auto, (max-width: 485px) 100vw, 485px\" \/><em>\u00cdgy egy-egy k\u00f6rt kapsz bel\u0151l\u00fck.<\/em><\/p>\n<p><strong>4.<\/strong> Alak\u00edts ki egy csillagform\u00e1t \u00e9s r\u00f6gz\u00edtsd egy fa deszk\u00e1n a sz\u00f6gek seg\u00edts\u00e9g\u00e9vel! Majd ragaszd \u00f6ssze a szemeket, hogy megtarts\u00e1k ezt az alakzatot, de vigy\u00e1zz, a sz\u00f6gekhez \u00e9s a deszk\u00e1hoz ne ragadjanak oda!<br \/>\n<img loading=\"lazy\" decoding=\"async\" class=\"size-full wp-image-7501 alignnone\" src=\"https:\/\/d2p6e6u75xmxt8.cloudfront.net\/12\/2020\/04\/FA0551RHOSVZW94LARGE5.jpg\" alt=\"\" width=\"418\" height=\"401\" srcset=\"https:\/\/d2p6e6u75xmxt8.cloudfront.net\/12\/2020\/04\/FA0551RHOSVZW94LARGE5.jpg 418w, https:\/\/d2p6e6u75xmxt8.cloudfront.net\/12\/2020\/04\/FA0551RHOSVZW94LARGE5-300x288.jpg 300w\" sizes=\"auto, (max-width: 418px) 100vw, 418px\" \/><img loading=\"lazy\" decoding=\"async\" class=\"size-full wp-image-7502 alignnone\" src=\"https:\/\/d2p6e6u75xmxt8.cloudfront.net\/12\/2020\/04\/FENOVZJHOSVZWVQ.LARGE6_.jpg\" alt=\"\" width=\"749\" height=\"499\" srcset=\"https:\/\/d2p6e6u75xmxt8.cloudfront.net\/12\/2020\/04\/FENOVZJHOSVZWVQ.LARGE6_.jpg 749w, https:\/\/d2p6e6u75xmxt8.cloudfront.net\/12\/2020\/04\/FENOVZJHOSVZWVQ.LARGE6_-300x200.jpg 300w, https:\/\/d2p6e6u75xmxt8.cloudfront.net\/12\/2020\/04\/FENOVZJHOSVZWVQ.LARGE6_-272x182.jpg 272w\" sizes=\"auto, (max-width: 749px) 100vw, 749px\" \/><\/p>\n<p><strong>5.<\/strong> Ha megsz\u00e1radtak, t\u00e1vol\u00edtsd el a sz\u00f6geket \u00e9s k\u00e9sz is vagy! F\u0171zz bele egy kulcstart\u00f3karik\u00e1t, s\u0151t, ak\u00e1r le is festheted, ha tavaszi hangulatot szeretn\u00e9l a zsebedben!<br \/>\n<img loading=\"lazy\" decoding=\"async\" class=\"size-full wp-image-7503 alignnone\" src=\"https:\/\/d2p6e6u75xmxt8.cloudfront.net\/12\/2020\/04\/F7RNBB2HOUGH3MI.LARGE7_.jpg\" alt=\"\" width=\"674\" height=\"538\" srcset=\"https:\/\/d2p6e6u75xmxt8.cloudfront.net\/12\/2020\/04\/F7RNBB2HOUGH3MI.LARGE7_.jpg 674w, https:\/\/d2p6e6u75xmxt8.cloudfront.net\/12\/2020\/04\/F7RNBB2HOUGH3MI.LARGE7_-300x239.jpg 300w\" sizes=\"auto, (max-width: 674px) 100vw, 674px\" \/><\/p>\n<p>Ha k\u00e9sz vagy, ak\u00e1r hozz\u00e1 ill\u0151 fali kulcstart\u00f3t is k\u00e9sz\u00edthetsz! A m\u00f3dszer ugyanaz: v\u00e1gj \u00e9s ragassz! Ez\u00fattal h\u00e9t l\u00e1ncszemre lesz sz\u00fcks\u00e9ged, amiket kamp\u00f3 alakban r\u00f6gz\u00edtesz egym\u00e1shoz. Ha megsz\u00e1radtak, ragaszd egym\u00e1s mell\u00e9 \u0151ket egy fa deszk\u00e1ra (ezt le is festheted el\u0151tte), \u00e9s m\u00e1r mehet is a falra!<\/p>\n<p><img loading=\"lazy\" decoding=\"async\" class=\"size-full wp-image-7504 alignnone\" src=\"https:\/\/d2p6e6u75xmxt8.cloudfront.net\/12\/2020\/04\/chain-coat-hanger-cheap-man-cave-ideas8.jpg\" alt=\"\" width=\"564\" height=\"564\" srcset=\"https:\/\/d2p6e6u75xmxt8.cloudfront.net\/12\/2020\/04\/chain-coat-hanger-cheap-man-cave-ideas8.jpg 564w, https:\/\/d2p6e6u75xmxt8.cloudfront.net\/12\/2020\/04\/chain-coat-hanger-cheap-man-cave-ideas8-150x150.jpg 150w, https:\/\/d2p6e6u75xmxt8.cloudfront.net\/12\/2020\/04\/chain-coat-hanger-cheap-man-cave-ideas8-300x300.jpg 300w\" sizes=\"auto, (max-width: 564px) 100vw, 564px\" \/><\/p>\n<p>De ha igaz\u00e1n \u00fcgyes vagy, ak\u00e1r egy sz\u00e9pm\u0171v\u00e9szeti alkot\u00e1ssal is d\u00edsz\u00edtheted a lak\u00e1st!<\/p>\n<p><img loading=\"lazy\" decoding=\"async\" class=\"size-full wp-image-7505 alignnone\" src=\"https:\/\/d2p6e6u75xmxt8.cloudfront.net\/12\/2020\/04\/d1816cf0d5d8725525a9b4f1332f06fd9.jpg\" alt=\"\" width=\"736\" height=\"736\" srcset=\"https:\/\/d2p6e6u75xmxt8.cloudfront.net\/12\/2020\/04\/d1816cf0d5d8725525a9b4f1332f06fd9.jpg 736w, https:\/\/d2p6e6u75xmxt8.cloudfront.net\/12\/2020\/04\/d1816cf0d5d8725525a9b4f1332f06fd9-150x150.jpg 150w, https:\/\/d2p6e6u75xmxt8.cloudfront.net\/12\/2020\/04\/d1816cf0d5d8725525a9b4f1332f06fd9-300x300.jpg 300w\" sizes=\"auto, (max-width: 736px) 100vw, 736px\" \/><\/p>\n<p>\u00c9s hogy mit alkothatsz a marad\u00e9k l\u00e1ncb\u00f3l? Erre is van \u00f6tlet\u00fcnk\u2026<\/p>\n<p><img loading=\"lazy\" decoding=\"async\" class=\"size-full wp-image-7506 alignnone\" src=\"https:\/\/d2p6e6u75xmxt8.cloudfront.net\/12\/2020\/04\/Naa0gnj-Q5UmbXx80OU_hT3uDvY10.jpg\" alt=\"\" width=\"500\" height=\"624\" srcset=\"https:\/\/d2p6e6u75xmxt8.cloudfront.net\/12\/2020\/04\/Naa0gnj-Q5UmbXx80OU_hT3uDvY10.jpg 500w, https:\/\/d2p6e6u75xmxt8.cloudfront.net\/12\/2020\/04\/Naa0gnj-Q5UmbXx80OU_hT3uDvY10-240x300.jpg 240w\" sizes=\"auto, (max-width: 500px) 100vw, 500px\" \/><\/p>\n<p><em>Forr\u00e1s: <\/em><a href=\"https:\/\/www.instructables.com\/id\/Make-Holiday-oranments-from-bicycle-chain\/\"><em>instructables.com<\/em><\/a><\/p>\n","protected":false},"excerpt":{"rendered":"<p>Itt az ideje a gar\u00e1zskitakar\u00edt\u00e1s\u00e1nak! Tekintsd kincskeres\u00e9snek, sokkal jobban fogod \u00edgy \u00e9lvezni! Ha a kezedbe akad n\u00e9h\u00e1ny m\u00e9ter biciklil\u00e1nc, netal\u00e1n [&hellip;]<\/p>\n","protected":false},"author":71,"featured_media":7510,"comment_status":"open","ping_status":"open","sticky":false,"template":"","format":"standard","meta":{"footnotes":""},"categories":[12],"tags":[],"global-categories":[],"class_list":["post-7496","post","type-post","status-publish","format-standard","has-post-thumbnail","hentry","category-kozosseg-es-kultura"],"yoast_head":"<!-- This site is optimized with the Yoast SEO Premium plugin v25.3 (Yoast SEO v25.9) - https:\/\/yoast.com\/wordpress\/plugins\/seo\/ -->\n<title>Kulcstart\u00f3 l\u00e1ncb\u00f3l - \u0160koda We Love Cycling - Magyarorsz\u00e1g<\/title>\n<meta name=\"robots\" content=\"index, follow, max-snippet:-1, max-image-preview:large, max-video-preview:-1\" \/>\n<link rel=\"canonical\" href=\"https:\/\/www.welovecycling.com\/hu\/kozosseg-es-kultura\/kulcstarto-lancbol\/\" \/>\n<meta property=\"og:locale\" content=\"hu_HU\" \/>\n<meta property=\"og:type\" content=\"article\" \/>\n<meta property=\"og:title\" content=\"Kulcstart\u00f3 l\u00e1ncb\u00f3l\" \/>\n<meta property=\"og:description\" content=\"Itt az ideje a gar\u00e1zskitakar\u00edt\u00e1s\u00e1nak! Tekintsd kincskeres\u00e9snek, sokkal jobban fogod \u00edgy \u00e9lvezni! Ha a kezedbe akad n\u00e9h\u00e1ny m\u00e9ter biciklil\u00e1nc, netal\u00e1n [&hellip;]\" \/>\n<meta property=\"og:url\" content=\"https:\/\/www.welovecycling.com\/hu\/kozosseg-es-kultura\/kulcstarto-lancbol\/\" \/>\n<meta property=\"og:site_name\" content=\"\u0160koda We Love Cycling - Magyarorsz\u00e1g\" \/>\n<meta property=\"article:publisher\" content=\"https:\/\/www.facebook.com\/WeLoveCyclingHungary\/\" \/>\n<meta property=\"article:published_time\" content=\"2020-04-28T07:00:16+00:00\" \/>\n<meta property=\"og:image\" content=\"https:\/\/d2p6e6u75xmxt8.cloudfront.net\/12\/2020\/04\/gear-2291916_1920.jpg\" \/>\n\t<meta property=\"og:image:width\" content=\"1920\" \/>\n\t<meta property=\"og:image:height\" content=\"1280\" \/>\n\t<meta property=\"og:image:type\" content=\"image\/jpeg\" \/>\n<meta name=\"author\" content=\"hegyizs\" \/>\n<meta name=\"twitter:card\" content=\"summary_large_image\" \/>\n<meta name=\"twitter:label1\" content=\"Written by\" \/>\n\t<meta name=\"twitter:data1\" content=\"WLC\" \/>\n\t<meta name=\"twitter:label2\" content=\"Est. reading time\" \/>\n\t<meta name=\"twitter:data2\" content=\"3 minutes\" \/>\n<script type=\"application\/ld+json\" class=\"yoast-schema-graph\">{\"@context\":\"https:\/\/schema.org\",\"@graph\":[{\"@type\":\"WebPage\",\"@id\":\"https:\/\/www.welovecycling.com\/hu\/kozosseg-es-kultura\/kulcstarto-lancbol\/\",\"url\":\"https:\/\/www.welovecycling.com\/hu\/kozosseg-es-kultura\/kulcstarto-lancbol\/\",\"name\":\"Kulcstart\u00f3 l\u00e1ncb\u00f3l - \u0160koda We Love Cycling - Magyarorsz\u00e1g\",\"isPartOf\":{\"@id\":\"https:\/\/www.welovecycling.com\/hu\/#website\"},\"primaryImageOfPage\":{\"@id\":\"https:\/\/www.welovecycling.com\/hu\/kozosseg-es-kultura\/kulcstarto-lancbol\/#primaryimage\"},\"image\":{\"@id\":\"https:\/\/www.welovecycling.com\/hu\/kozosseg-es-kultura\/kulcstarto-lancbol\/#primaryimage\"},\"thumbnailUrl\":\"https:\/\/d2p6e6u75xmxt8.cloudfront.net\/12\/2020\/04\/gear-2291916_1920.jpg\",\"datePublished\":\"2020-04-28T07:00:16+00:00\",\"author\":{\"@id\":\"https:\/\/www.welovecycling.com\/hu\/#\/schema\/person\/414a2aebf1801691a5320edb6468e194\"},\"breadcrumb\":{\"@id\":\"https:\/\/www.welovecycling.com\/hu\/kozosseg-es-kultura\/kulcstarto-lancbol\/#breadcrumb\"},\"inLanguage\":\"hu\",\"potentialAction\":[{\"@type\":\"ReadAction\",\"target\":[\"https:\/\/www.welovecycling.com\/hu\/kozosseg-es-kultura\/kulcstarto-lancbol\/\"]}]},{\"@type\":\"ImageObject\",\"inLanguage\":\"hu\",\"@id\":\"https:\/\/www.welovecycling.com\/hu\/kozosseg-es-kultura\/kulcstarto-lancbol\/#primaryimage\",\"url\":\"https:\/\/d2p6e6u75xmxt8.cloudfront.net\/12\/2020\/04\/gear-2291916_1920.jpg\",\"contentUrl\":\"https:\/\/d2p6e6u75xmxt8.cloudfront.net\/12\/2020\/04\/gear-2291916_1920.jpg\",\"width\":1920,\"height\":1280},{\"@type\":\"BreadcrumbList\",\"@id\":\"https:\/\/www.welovecycling.com\/hu\/kozosseg-es-kultura\/kulcstarto-lancbol\/#breadcrumb\",\"itemListElement\":[{\"@type\":\"ListItem\",\"position\":1,\"name\":\"Home\",\"item\":\"https:\/\/www.welovecycling.com\/hu\/\"},{\"@type\":\"ListItem\",\"position\":2,\"name\":\"Kulcstart\u00f3 l\u00e1ncb\u00f3l\"}]},{\"@type\":\"WebSite\",\"@id\":\"https:\/\/www.welovecycling.com\/hu\/#website\",\"url\":\"https:\/\/www.welovecycling.com\/hu\/\",\"name\":\"\u0160koda We Love Cycling - Magyarorsz\u00e1g\",\"description\":\"\u0160koda WeLoveCycling\",\"potentialAction\":[{\"@type\":\"SearchAction\",\"target\":{\"@type\":\"EntryPoint\",\"urlTemplate\":\"https:\/\/www.welovecycling.com\/hu\/?s={search_term_string}\"},\"query-input\":{\"@type\":\"PropertyValueSpecification\",\"valueRequired\":true,\"valueName\":\"search_term_string\"}}],\"inLanguage\":\"hu\"},{\"@type\":\"Person\",\"@id\":\"https:\/\/www.welovecycling.com\/hu\/#\/schema\/person\/414a2aebf1801691a5320edb6468e194\",\"name\":\"hegyizs\",\"image\":{\"@type\":\"ImageObject\",\"inLanguage\":\"hu\",\"@id\":\"https:\/\/www.welovecycling.com\/hu\/#\/schema\/person\/image\/\",\"url\":\"https:\/\/secure.gravatar.com\/avatar\/02cf8a7906b8cf90cecb4679defac7cfd33a1c2e3b88e4903d947f3bb58eedd3?s=96&d=mm&r=g\",\"contentUrl\":\"https:\/\/secure.gravatar.com\/avatar\/02cf8a7906b8cf90cecb4679defac7cfd33a1c2e3b88e4903d947f3bb58eedd3?s=96&d=mm&r=g\",\"caption\":\"hegyizs\"},\"url\":\"https:\/\/www.welovecycling.com\/hu\/author\/hegyizs\/\"}]}<\/script>\n<!-- \/ Yoast SEO Premium plugin. -->","yoast_head_json":{"title":"Kulcstart\u00f3 l\u00e1ncb\u00f3l - \u0160koda We Love Cycling - Magyarorsz\u00e1g","robots":{"index":"index","follow":"follow","max-snippet":"max-snippet:-1","max-image-preview":"max-image-preview:large","max-video-preview":"max-video-preview:-1"},"canonical":"https:\/\/www.welovecycling.com\/hu\/kozosseg-es-kultura\/kulcstarto-lancbol\/","og_locale":"hu_HU","og_type":"article","og_title":"Kulcstart\u00f3 l\u00e1ncb\u00f3l","og_description":"Itt az ideje a gar\u00e1zskitakar\u00edt\u00e1s\u00e1nak! Tekintsd kincskeres\u00e9snek, sokkal jobban fogod \u00edgy \u00e9lvezni! Ha a kezedbe akad n\u00e9h\u00e1ny m\u00e9ter biciklil\u00e1nc, netal\u00e1n [&hellip;]","og_url":"https:\/\/www.welovecycling.com\/hu\/kozosseg-es-kultura\/kulcstarto-lancbol\/","og_site_name":"\u0160koda We Love Cycling - Magyarorsz\u00e1g","article_publisher":"https:\/\/www.facebook.com\/WeLoveCyclingHungary\/","article_published_time":"2020-04-28T07:00:16+00:00","og_image":[{"width":1920,"height":1280,"url":"https:\/\/d2p6e6u75xmxt8.cloudfront.net\/12\/2020\/04\/gear-2291916_1920.jpg","type":"image\/jpeg"}],"author":"hegyizs","twitter_card":"summary_large_image","twitter_misc":{"Written by":"WLC","Est. reading time":"3 minutes"},"schema":{"@context":"https:\/\/schema.org","@graph":[{"@type":"WebPage","@id":"https:\/\/www.welovecycling.com\/hu\/kozosseg-es-kultura\/kulcstarto-lancbol\/","url":"https:\/\/www.welovecycling.com\/hu\/kozosseg-es-kultura\/kulcstarto-lancbol\/","name":"Kulcstart\u00f3 l\u00e1ncb\u00f3l - \u0160koda We Love Cycling - Magyarorsz\u00e1g","isPartOf":{"@id":"https:\/\/www.welovecycling.com\/hu\/#website"},"primaryImageOfPage":{"@id":"https:\/\/www.welovecycling.com\/hu\/kozosseg-es-kultura\/kulcstarto-lancbol\/#primaryimage"},"image":{"@id":"https:\/\/www.welovecycling.com\/hu\/kozosseg-es-kultura\/kulcstarto-lancbol\/#primaryimage"},"thumbnailUrl":"https:\/\/d2p6e6u75xmxt8.cloudfront.net\/12\/2020\/04\/gear-2291916_1920.jpg","datePublished":"2020-04-28T07:00:16+00:00","author":{"@id":"https:\/\/www.welovecycling.com\/hu\/#\/schema\/person\/414a2aebf1801691a5320edb6468e194"},"breadcrumb":{"@id":"https:\/\/www.welovecycling.com\/hu\/kozosseg-es-kultura\/kulcstarto-lancbol\/#breadcrumb"},"inLanguage":"hu","potentialAction":[{"@type":"ReadAction","target":["https:\/\/www.welovecycling.com\/hu\/kozosseg-es-kultura\/kulcstarto-lancbol\/"]}]},{"@type":"ImageObject","inLanguage":"hu","@id":"https:\/\/www.welovecycling.com\/hu\/kozosseg-es-kultura\/kulcstarto-lancbol\/#primaryimage","url":"https:\/\/d2p6e6u75xmxt8.cloudfront.net\/12\/2020\/04\/gear-2291916_1920.jpg","contentUrl":"https:\/\/d2p6e6u75xmxt8.cloudfront.net\/12\/2020\/04\/gear-2291916_1920.jpg","width":1920,"height":1280},{"@type":"BreadcrumbList","@id":"https:\/\/www.welovecycling.com\/hu\/kozosseg-es-kultura\/kulcstarto-lancbol\/#breadcrumb","itemListElement":[{"@type":"ListItem","position":1,"name":"Home","item":"https:\/\/www.welovecycling.com\/hu\/"},{"@type":"ListItem","position":2,"name":"Kulcstart\u00f3 l\u00e1ncb\u00f3l"}]},{"@type":"WebSite","@id":"https:\/\/www.welovecycling.com\/hu\/#website","url":"https:\/\/www.welovecycling.com\/hu\/","name":"\u0160koda We Love Cycling - Magyarorsz\u00e1g","description":"\u0160koda WeLoveCycling","potentialAction":[{"@type":"SearchAction","target":{"@type":"EntryPoint","urlTemplate":"https:\/\/www.welovecycling.com\/hu\/?s={search_term_string}"},"query-input":{"@type":"PropertyValueSpecification","valueRequired":true,"valueName":"search_term_string"}}],"inLanguage":"hu"},{"@type":"Person","@id":"https:\/\/www.welovecycling.com\/hu\/#\/schema\/person\/414a2aebf1801691a5320edb6468e194","name":"hegyizs","image":{"@type":"ImageObject","inLanguage":"hu","@id":"https:\/\/www.welovecycling.com\/hu\/#\/schema\/person\/image\/","url":"https:\/\/secure.gravatar.com\/avatar\/02cf8a7906b8cf90cecb4679defac7cfd33a1c2e3b88e4903d947f3bb58eedd3?s=96&d=mm&r=g","contentUrl":"https:\/\/secure.gravatar.com\/avatar\/02cf8a7906b8cf90cecb4679defac7cfd33a1c2e3b88e4903d947f3bb58eedd3?s=96&d=mm&r=g","caption":"hegyizs"},"url":"https:\/\/www.welovecycling.com\/hu\/author\/hegyizs\/"}]}},"_links":{"self":[{"href":"https:\/\/www.welovecycling.com\/hu\/wp-json\/wp\/v2\/posts\/7496","targetHints":{"allow":["GET"]}}],"collection":[{"href":"https:\/\/www.welovecycling.com\/hu\/wp-json\/wp\/v2\/posts"}],"about":[{"href":"https:\/\/www.welovecycling.com\/hu\/wp-json\/wp\/v2\/types\/post"}],"author":[{"embeddable":true,"href":"https:\/\/www.welovecycling.com\/hu\/wp-json\/wp\/v2\/users\/71"}],"replies":[{"embeddable":true,"href":"https:\/\/www.welovecycling.com\/hu\/wp-json\/wp\/v2\/comments?post=7496"}],"version-history":[{"count":2,"href":"https:\/\/www.welovecycling.com\/hu\/wp-json\/wp\/v2\/posts\/7496\/revisions"}],"predecessor-version":[{"id":7513,"href":"https:\/\/www.welovecycling.com\/hu\/wp-json\/wp\/v2\/posts\/7496\/revisions\/7513"}],"wp:featuredmedia":[{"embeddable":true,"href":"https:\/\/www.welovecycling.com\/hu\/wp-json\/wp\/v2\/media\/7510"}],"wp:attachment":[{"href":"https:\/\/www.welovecycling.com\/hu\/wp-json\/wp\/v2\/media?parent=7496"}],"wp:term":[{"taxonomy":"category","embeddable":true,"href":"https:\/\/www.welovecycling.com\/hu\/wp-json\/wp\/v2\/categories?post=7496"},{"taxonomy":"post_tag","embeddable":true,"href":"https:\/\/www.welovecycling.com\/hu\/wp-json\/wp\/v2\/tags?post=7496"},{"taxonomy":"global-categories","embeddable":true,"href":"https:\/\/www.welovecycling.com\/hu\/wp-json\/wp\/v2\/global-categories?post=7496"}],"curies":[{"name":"wp","href":"https:\/\/api.w.org\/{rel}","templated":true}]}}