{"id":7482,"date":"2020-05-02T08:00:06","date_gmt":"2020-05-02T07:00:06","guid":{"rendered":"https:\/\/www.welovecycling.com\/hu\/?p=7482"},"modified":"2020-04-24T10:15:21","modified_gmt":"2020-04-24T09:15:21","slug":"biciklisnek-lenni-palesztinaban","status":"publish","type":"post","link":"https:\/\/www.welovecycling.com\/hu\/kozosseg-es-kultura\/biciklisnek-lenni-palesztinaban\/","title":{"rendered":"Biciklisnek lenni Palesztin\u00e1ban"},"content":{"rendered":"<p><strong>Ha valakinek nem hozott k\u00fcl\u00f6n\u00f6sebb v\u00e1ltoz\u00e1st az \u00e9let\u00e9ben a koronav\u00edrus miatti bez\u00e1rts\u00e1g, azok a Ciszjord\u00e1ni\u00e1ban \u00e9l\u0151 palesztinok. \u00c9vek \u00f3ta le vannak korl\u00e1tozva a mozg\u00e1sra val\u00f3 lehet\u0151s\u00e9geik. Az egyik m\u00f3dja annak, hogy kib\u00fajhassanak a szab\u00e1lyok al\u00f3l az, ha biciklire \u00fclnek.<\/strong><!--more--><\/p>\n<p>A v\u00edrus kit\u00f6r\u00e9se \u00f3ta azonban m\u00e9g szigor\u00fabbak lettek a korl\u00e1toz\u00e1sok. Ciszjord\u00e1nia lakosai csak a legsz\u00fcks\u00e9gesebb esetekben hagyhatj\u00e1k el az otthonukat, teh\u00e1t ha \u00e9lelmiszer\u00e9rt indulnak, vagy eg\u00e9szs\u00e9g\u00fcgyi probl\u00e9m\u00e1jukkal orvoshoz kell fordulniuk. A helyzet teh\u00e1t m\u00e9g rosszabb lett, mint kor\u00e1bban. A ker\u00e9kp\u00e1r hirtelen kev\u00e9sb\u00e9 lett fontos. Azonban, ha v\u00e9ge a karant\u00e9nnak, a palesztini ker\u00e9kp\u00e1rosok alkotta Facebook csoport 3000 tagja biztosan azonnal nyeregbe pattan!<\/p>\n<p>https:\/\/www.instagram.com\/p\/B-pLe-cgwX_\/<\/p>\n<p>A csoportot 2016-ban hozta l\u00e9tre Sohaib Samara, a palesztin orvos, p\u00e1r m\u00e1sik ramallah-i bring\u00e1ssal, akkor m\u00e9g Ramallah Riders n\u00e9ven. Ma m\u00e1r nemcsak a 27000 l\u00e9leksz\u00e1m\u00fa v\u00e1rosb\u00f3l, hanem Ciszjord\u00e1nia eg\u00e9sz ter\u00fclet\u00e9r\u0151l tal\u00e1lunk tagokat a csoportban. Azonban a kezdet nem volt k\u00f6nny\u0171. Samara csal\u00e1dja \u00e9s bar\u00e1tai nem t\u00e1mogatt\u00e1k az \u00f6tletet: <em>\u201e\u00d6reg vagy te m\u00e1r ehhez. Dolgoznod kellene \u00e9s csal\u00e1dot alap\u00edtanod. A bicikliz\u00e9s ostobas\u00e1g.\u201d <\/em>Egy igaz\u00e1n elk\u00f6telezett bring\u00e1st azonban nem ilyen egyszer\u0171 let\u00f6rni. Ahogy Samara j\u00f3 bar\u00e1tja, \u00e9s a csoport t\u00e1rsalap\u00edt\u00f3ja, Malak Hasan viccel\u0151d\u00f6tt<em>: \u201em\u00e1r n\u00e9gy \u00e9ve csin\u00e1ljuk ezt. Az emberek elvesztett\u00e9k a rem\u00e9nyt.\u201d<\/em><\/p>\n<p>Hasan akkor szeretett bele a bicikliz\u00e9sbe, amikor Swansea v\u00e1ros\u00e1ban tanult kommunik\u00e1ci\u00f3t. Hajibot (az arcot szabadon hagy\u00f3 hijab) visel\u0151 muszlimk\u00e9nt, sok atrocit\u00e1ssal kellett szemben\u00e9znie. <em>\u201eRengetegszer kaptam meg, hogy hogy lehetn\u00e9k j\u00f3 muszlim, ha \u00edgy mutogatom az arcom\u201d<\/em> \u2013 mes\u00e9lte. 2017-ben, Hasan volt a k\u00e9t n\u0151 k\u00f6z\u00fcl az egyik, aki r\u00e9szt vett egy n\u00e9gy napos bicikli t\u00far\u00e1n, egy 11 f\u0151s csoportban. 480 km-et tekertek egy Ramallah melletti t\u00e1bort\u00f3l Jordan\u2019s Aqaba-ig. Amikor haza\u00e9rtek, Hasant sokan t\u00e1madt\u00e1k a t\u00fara miatt.<\/p>\n<p><em>\u201eA legt\u00f6bb hozz\u00e1sz\u00f3l\u00f3 azt firtatta, hogy merem megtenni, hogy s\u00e1torban alszom, \u00e9s elhagyatott utakon utazom 9 f\u00e9rfi t\u00e1rsas\u00e1g\u00e1ban? A n\u0151knek otthon kellene \u00fclni\u00fck, gyereket nevelni, udvariasnak \u00e9s kim\u00e9rtnek lenni\u2026\u201d<\/em> F\u00e9rje azonban t\u00e1mogatja mindenben, annak ellen\u00e9re, hogy \u0151 nem ker\u00e9kp\u00e1rozik. A bar\u00e1tok \u00e9s a csal\u00e1d nem az egyetlen visz\u00e1ly-forr\u00e1s. Egy alkalommal Samar\u00e1t \u00e9s egy bar\u00e1tj\u00e1t meg\u00e1ll\u00edtotta egy izraeli katonai egys\u00e9g. Samara hallotta, hogy h\u00e9ber\u00fcl arr\u00f3l vit\u00e1znak, megl\u0151j\u00e9k-e \u0151ket.<\/p>\n<p>https:\/\/www.instagram.com\/p\/B-g82F4guqY\/<\/p>\n<p>Azonban nem a saj\u00e1t b\u0151r\u00e9t f\u00e9ltette: <em>\u201eHa meghalok, akkor meghalok. Att\u00f3l f\u00e9ltem, hogy ha megpr\u00f3b\u00e1lom megv\u00e9deni magam, vagy ak\u00e1r csak egy rossz sz\u00f3t is sz\u00f3lok, felgy\u00fajtj\u00e1k a h\u00e1zamat a csal\u00e1dommal egy\u00fctt. S\u00f6t\u00e9t lehet\u0151s\u00e9geket vet fel az agyad ilyen helyzetben, pedig mi csak biciklizni akartunk\u2026\u201d<\/em><\/p>\n<p>V\u00e9g\u00fcl pedig ott van az id\u0151j\u00e1r\u00e1s \u00e9s a terep. Ciszjord\u00e1nia tele van hegyekkel, h\u0151m\u00e9rs\u00e9klete pedig az \u00e9v nagy r\u00e9sz\u00e9ben igen magas. A Cycling Palestine tagjai sz\u00e1m\u00e1ra azonban ez nem akad\u00e1ly \u00e9s a k\u00f6z\u00f6ss\u00e9g egyre csak n\u0151 \u00e9s n\u0151. B\u00e1r a heti teker\u00e9sek els\u0151sorban a helyiek kikapcsol\u00f3d\u00e1s\u00e1t szolg\u00e1lj\u00e1k, Hasan szerint a ker\u00e9kp\u00e1roz\u00e1s a v\u00e1ltoz\u00e1s egyik eszk\u00f6ze is lehet. <em>\u201eA k\u00f6rnyezetnek j\u00f3. A t\u00e1rsadalomnak kiv\u00e1l\u00f3. T\u00f6k\u00e9letesen alkalmas arra, hogy megt\u00f6rje a jeget. Amikor \u00faton vagyunk, mindig besz\u00e9lgetni akarnak vel\u00fcnk, megtudni, hogy kik vagyunk.\u201d<\/em><\/p>\n","protected":false},"excerpt":{"rendered":"<p>Ha valakinek nem hozott k\u00fcl\u00f6n\u00f6sebb v\u00e1ltoz\u00e1st az \u00e9let\u00e9ben a koronav\u00edrus miatti bez\u00e1rts\u00e1g, azok a Ciszjord\u00e1ni\u00e1ban \u00e9l\u0151 palesztinok. \u00c9vek \u00f3ta le [&hellip;]<\/p>\n","protected":false},"author":71,"featured_media":7485,"comment_status":"open","ping_status":"open","sticky":false,"template":"","format":"standard","meta":{"footnotes":""},"categories":[12],"tags":[],"global-categories":[],"class_list":["post-7482","post","type-post","status-publish","format-standard","has-post-thumbnail","hentry","category-kozosseg-es-kultura"],"yoast_head":"<!-- This site is optimized with the Yoast SEO Premium plugin v25.3 (Yoast SEO v25.9) - https:\/\/yoast.com\/wordpress\/plugins\/seo\/ -->\n<title>Biciklisnek lenni Palesztin\u00e1ban - \u0160koda We Love Cycling - Magyarorsz\u00e1g<\/title>\n<meta name=\"robots\" content=\"index, follow, max-snippet:-1, max-image-preview:large, max-video-preview:-1\" \/>\n<link rel=\"canonical\" href=\"https:\/\/www.welovecycling.com\/hu\/kozosseg-es-kultura\/biciklisnek-lenni-palesztinaban\/\" \/>\n<meta property=\"og:locale\" content=\"hu_HU\" \/>\n<meta property=\"og:type\" content=\"article\" \/>\n<meta property=\"og:title\" content=\"Biciklisnek lenni Palesztin\u00e1ban\" \/>\n<meta property=\"og:description\" content=\"Ha valakinek nem hozott k\u00fcl\u00f6n\u00f6sebb v\u00e1ltoz\u00e1st az \u00e9let\u00e9ben a koronav\u00edrus miatti bez\u00e1rts\u00e1g, azok a Ciszjord\u00e1ni\u00e1ban \u00e9l\u0151 palesztinok. \u00c9vek \u00f3ta le [&hellip;]\" \/>\n<meta property=\"og:url\" content=\"https:\/\/www.welovecycling.com\/hu\/kozosseg-es-kultura\/biciklisnek-lenni-palesztinaban\/\" \/>\n<meta property=\"og:site_name\" content=\"\u0160koda We Love Cycling - Magyarorsz\u00e1g\" \/>\n<meta property=\"article:publisher\" content=\"https:\/\/www.facebook.com\/WeLoveCyclingHungary\/\" \/>\n<meta property=\"article:published_time\" content=\"2020-05-02T07:00:06+00:00\" \/>\n<meta property=\"og:image\" content=\"https:\/\/d2p6e6u75xmxt8.cloudfront.net\/12\/2020\/04\/Cycling-Palestine-CVR.jpg\" \/>\n\t<meta property=\"og:image:width\" content=\"1366\" \/>\n\t<meta property=\"og:image:height\" content=\"600\" \/>\n\t<meta property=\"og:image:type\" content=\"image\/jpeg\" \/>\n<meta name=\"author\" content=\"hegyizs\" \/>\n<meta name=\"twitter:card\" content=\"summary_large_image\" \/>\n<meta name=\"twitter:label1\" content=\"Written by\" \/>\n\t<meta name=\"twitter:data1\" content=\"Siegfried Mortkowitz\" \/>\n\t<meta name=\"twitter:label2\" content=\"Est. reading time\" \/>\n\t<meta name=\"twitter:data2\" content=\"5\" \/>\n<script type=\"application\/ld+json\" class=\"yoast-schema-graph\">{\"@context\":\"https:\/\/schema.org\",\"@graph\":[{\"@type\":\"WebPage\",\"@id\":\"https:\/\/www.welovecycling.com\/hu\/kozosseg-es-kultura\/biciklisnek-lenni-palesztinaban\/\",\"url\":\"https:\/\/www.welovecycling.com\/hu\/kozosseg-es-kultura\/biciklisnek-lenni-palesztinaban\/\",\"name\":\"Biciklisnek lenni Palesztin\u00e1ban - \u0160koda We Love Cycling - Magyarorsz\u00e1g\",\"isPartOf\":{\"@id\":\"https:\/\/www.welovecycling.com\/hu\/#website\"},\"primaryImageOfPage\":{\"@id\":\"https:\/\/www.welovecycling.com\/hu\/kozosseg-es-kultura\/biciklisnek-lenni-palesztinaban\/#primaryimage\"},\"image\":{\"@id\":\"https:\/\/www.welovecycling.com\/hu\/kozosseg-es-kultura\/biciklisnek-lenni-palesztinaban\/#primaryimage\"},\"thumbnailUrl\":\"https:\/\/d2p6e6u75xmxt8.cloudfront.net\/12\/2020\/04\/Cycling-Palestine-CVR.jpg\",\"datePublished\":\"2020-05-02T07:00:06+00:00\",\"author\":{\"@id\":\"https:\/\/www.welovecycling.com\/hu\/#\/schema\/person\/414a2aebf1801691a5320edb6468e194\"},\"breadcrumb\":{\"@id\":\"https:\/\/www.welovecycling.com\/hu\/kozosseg-es-kultura\/biciklisnek-lenni-palesztinaban\/#breadcrumb\"},\"inLanguage\":\"hu\",\"potentialAction\":[{\"@type\":\"ReadAction\",\"target\":[\"https:\/\/www.welovecycling.com\/hu\/kozosseg-es-kultura\/biciklisnek-lenni-palesztinaban\/\"]}]},{\"@type\":\"ImageObject\",\"inLanguage\":\"hu\",\"@id\":\"https:\/\/www.welovecycling.com\/hu\/kozosseg-es-kultura\/biciklisnek-lenni-palesztinaban\/#primaryimage\",\"url\":\"https:\/\/d2p6e6u75xmxt8.cloudfront.net\/12\/2020\/04\/Cycling-Palestine-CVR.jpg\",\"contentUrl\":\"https:\/\/d2p6e6u75xmxt8.cloudfront.net\/12\/2020\/04\/Cycling-Palestine-CVR.jpg\",\"width\":1366,\"height\":600},{\"@type\":\"BreadcrumbList\",\"@id\":\"https:\/\/www.welovecycling.com\/hu\/kozosseg-es-kultura\/biciklisnek-lenni-palesztinaban\/#breadcrumb\",\"itemListElement\":[{\"@type\":\"ListItem\",\"position\":1,\"name\":\"Home\",\"item\":\"https:\/\/www.welovecycling.com\/hu\/\"},{\"@type\":\"ListItem\",\"position\":2,\"name\":\"Biciklisnek lenni Palesztin\u00e1ban\"}]},{\"@type\":\"WebSite\",\"@id\":\"https:\/\/www.welovecycling.com\/hu\/#website\",\"url\":\"https:\/\/www.welovecycling.com\/hu\/\",\"name\":\"\u0160koda We Love Cycling - Magyarorsz\u00e1g\",\"description\":\"\u0160koda WeLoveCycling\",\"potentialAction\":[{\"@type\":\"SearchAction\",\"target\":{\"@type\":\"EntryPoint\",\"urlTemplate\":\"https:\/\/www.welovecycling.com\/hu\/?s={search_term_string}\"},\"query-input\":{\"@type\":\"PropertyValueSpecification\",\"valueRequired\":true,\"valueName\":\"search_term_string\"}}],\"inLanguage\":\"hu\"},{\"@type\":\"Person\",\"@id\":\"https:\/\/www.welovecycling.com\/hu\/#\/schema\/person\/414a2aebf1801691a5320edb6468e194\",\"name\":\"hegyizs\",\"image\":{\"@type\":\"ImageObject\",\"inLanguage\":\"hu\",\"@id\":\"https:\/\/www.welovecycling.com\/hu\/#\/schema\/person\/image\/\",\"url\":\"https:\/\/secure.gravatar.com\/avatar\/02cf8a7906b8cf90cecb4679defac7cfd33a1c2e3b88e4903d947f3bb58eedd3?s=96&d=mm&r=g\",\"contentUrl\":\"https:\/\/secure.gravatar.com\/avatar\/02cf8a7906b8cf90cecb4679defac7cfd33a1c2e3b88e4903d947f3bb58eedd3?s=96&d=mm&r=g\",\"caption\":\"hegyizs\"},\"url\":\"https:\/\/www.welovecycling.com\/hu\/author\/hegyizs\/\"}]}<\/script>\n<!-- \/ Yoast SEO Premium plugin. -->","yoast_head_json":{"title":"Biciklisnek lenni Palesztin\u00e1ban - \u0160koda We Love Cycling - Magyarorsz\u00e1g","robots":{"index":"index","follow":"follow","max-snippet":"max-snippet:-1","max-image-preview":"max-image-preview:large","max-video-preview":"max-video-preview:-1"},"canonical":"https:\/\/www.welovecycling.com\/hu\/kozosseg-es-kultura\/biciklisnek-lenni-palesztinaban\/","og_locale":"hu_HU","og_type":"article","og_title":"Biciklisnek lenni Palesztin\u00e1ban","og_description":"Ha valakinek nem hozott k\u00fcl\u00f6n\u00f6sebb v\u00e1ltoz\u00e1st az \u00e9let\u00e9ben a koronav\u00edrus miatti bez\u00e1rts\u00e1g, azok a Ciszjord\u00e1ni\u00e1ban \u00e9l\u0151 palesztinok. \u00c9vek \u00f3ta le [&hellip;]","og_url":"https:\/\/www.welovecycling.com\/hu\/kozosseg-es-kultura\/biciklisnek-lenni-palesztinaban\/","og_site_name":"\u0160koda We Love Cycling - Magyarorsz\u00e1g","article_publisher":"https:\/\/www.facebook.com\/WeLoveCyclingHungary\/","article_published_time":"2020-05-02T07:00:06+00:00","og_image":[{"width":1366,"height":600,"url":"https:\/\/d2p6e6u75xmxt8.cloudfront.net\/12\/2020\/04\/Cycling-Palestine-CVR.jpg","type":"image\/jpeg"}],"author":"hegyizs","twitter_card":"summary_large_image","twitter_misc":{"Written by":"Siegfried Mortkowitz","Est. reading time":"5"},"schema":{"@context":"https:\/\/schema.org","@graph":[{"@type":"WebPage","@id":"https:\/\/www.welovecycling.com\/hu\/kozosseg-es-kultura\/biciklisnek-lenni-palesztinaban\/","url":"https:\/\/www.welovecycling.com\/hu\/kozosseg-es-kultura\/biciklisnek-lenni-palesztinaban\/","name":"Biciklisnek lenni Palesztin\u00e1ban - \u0160koda We Love Cycling - Magyarorsz\u00e1g","isPartOf":{"@id":"https:\/\/www.welovecycling.com\/hu\/#website"},"primaryImageOfPage":{"@id":"https:\/\/www.welovecycling.com\/hu\/kozosseg-es-kultura\/biciklisnek-lenni-palesztinaban\/#primaryimage"},"image":{"@id":"https:\/\/www.welovecycling.com\/hu\/kozosseg-es-kultura\/biciklisnek-lenni-palesztinaban\/#primaryimage"},"thumbnailUrl":"https:\/\/d2p6e6u75xmxt8.cloudfront.net\/12\/2020\/04\/Cycling-Palestine-CVR.jpg","datePublished":"2020-05-02T07:00:06+00:00","author":{"@id":"https:\/\/www.welovecycling.com\/hu\/#\/schema\/person\/414a2aebf1801691a5320edb6468e194"},"breadcrumb":{"@id":"https:\/\/www.welovecycling.com\/hu\/kozosseg-es-kultura\/biciklisnek-lenni-palesztinaban\/#breadcrumb"},"inLanguage":"hu","potentialAction":[{"@type":"ReadAction","target":["https:\/\/www.welovecycling.com\/hu\/kozosseg-es-kultura\/biciklisnek-lenni-palesztinaban\/"]}]},{"@type":"ImageObject","inLanguage":"hu","@id":"https:\/\/www.welovecycling.com\/hu\/kozosseg-es-kultura\/biciklisnek-lenni-palesztinaban\/#primaryimage","url":"https:\/\/d2p6e6u75xmxt8.cloudfront.net\/12\/2020\/04\/Cycling-Palestine-CVR.jpg","contentUrl":"https:\/\/d2p6e6u75xmxt8.cloudfront.net\/12\/2020\/04\/Cycling-Palestine-CVR.jpg","width":1366,"height":600},{"@type":"BreadcrumbList","@id":"https:\/\/www.welovecycling.com\/hu\/kozosseg-es-kultura\/biciklisnek-lenni-palesztinaban\/#breadcrumb","itemListElement":[{"@type":"ListItem","position":1,"name":"Home","item":"https:\/\/www.welovecycling.com\/hu\/"},{"@type":"ListItem","position":2,"name":"Biciklisnek lenni Palesztin\u00e1ban"}]},{"@type":"WebSite","@id":"https:\/\/www.welovecycling.com\/hu\/#website","url":"https:\/\/www.welovecycling.com\/hu\/","name":"\u0160koda We Love Cycling - Magyarorsz\u00e1g","description":"\u0160koda WeLoveCycling","potentialAction":[{"@type":"SearchAction","target":{"@type":"EntryPoint","urlTemplate":"https:\/\/www.welovecycling.com\/hu\/?s={search_term_string}"},"query-input":{"@type":"PropertyValueSpecification","valueRequired":true,"valueName":"search_term_string"}}],"inLanguage":"hu"},{"@type":"Person","@id":"https:\/\/www.welovecycling.com\/hu\/#\/schema\/person\/414a2aebf1801691a5320edb6468e194","name":"hegyizs","image":{"@type":"ImageObject","inLanguage":"hu","@id":"https:\/\/www.welovecycling.com\/hu\/#\/schema\/person\/image\/","url":"https:\/\/secure.gravatar.com\/avatar\/02cf8a7906b8cf90cecb4679defac7cfd33a1c2e3b88e4903d947f3bb58eedd3?s=96&d=mm&r=g","contentUrl":"https:\/\/secure.gravatar.com\/avatar\/02cf8a7906b8cf90cecb4679defac7cfd33a1c2e3b88e4903d947f3bb58eedd3?s=96&d=mm&r=g","caption":"hegyizs"},"url":"https:\/\/www.welovecycling.com\/hu\/author\/hegyizs\/"}]}},"_links":{"self":[{"href":"https:\/\/www.welovecycling.com\/hu\/wp-json\/wp\/v2\/posts\/7482","targetHints":{"allow":["GET"]}}],"collection":[{"href":"https:\/\/www.welovecycling.com\/hu\/wp-json\/wp\/v2\/posts"}],"about":[{"href":"https:\/\/www.welovecycling.com\/hu\/wp-json\/wp\/v2\/types\/post"}],"author":[{"embeddable":true,"href":"https:\/\/www.welovecycling.com\/hu\/wp-json\/wp\/v2\/users\/71"}],"replies":[{"embeddable":true,"href":"https:\/\/www.welovecycling.com\/hu\/wp-json\/wp\/v2\/comments?post=7482"}],"version-history":[{"count":1,"href":"https:\/\/www.welovecycling.com\/hu\/wp-json\/wp\/v2\/posts\/7482\/revisions"}],"predecessor-version":[{"id":7494,"href":"https:\/\/www.welovecycling.com\/hu\/wp-json\/wp\/v2\/posts\/7482\/revisions\/7494"}],"wp:featuredmedia":[{"embeddable":true,"href":"https:\/\/www.welovecycling.com\/hu\/wp-json\/wp\/v2\/media\/7485"}],"wp:attachment":[{"href":"https:\/\/www.welovecycling.com\/hu\/wp-json\/wp\/v2\/media?parent=7482"}],"wp:term":[{"taxonomy":"category","embeddable":true,"href":"https:\/\/www.welovecycling.com\/hu\/wp-json\/wp\/v2\/categories?post=7482"},{"taxonomy":"post_tag","embeddable":true,"href":"https:\/\/www.welovecycling.com\/hu\/wp-json\/wp\/v2\/tags?post=7482"},{"taxonomy":"global-categories","embeddable":true,"href":"https:\/\/www.welovecycling.com\/hu\/wp-json\/wp\/v2\/global-categories?post=7482"}],"curies":[{"name":"wp","href":"https:\/\/api.w.org\/{rel}","templated":true}]}}