{"id":748,"date":"2018-04-25T15:39:04","date_gmt":"2018-04-25T15:39:04","guid":{"rendered":"https:\/\/www.welovecycling.com\/hu\/?p=748"},"modified":"2018-10-16T14:44:34","modified_gmt":"2018-10-16T14:44:34","slug":"a-balaton-ket-kereken-nana-hogy-erdemes","status":"publish","type":"post","link":"https:\/\/www.welovecycling.com\/hu\/uncategorized\/a-balaton-ket-kereken-nana-hogy-erdemes\/","title":{"rendered":"A Balaton k\u00e9t ker\u00e9ken \u2013 nan\u00e1, hogy \u00e9rdemes!"},"content":{"rendered":"<p><strong>\u00c1prilis 28-30 k\u00f6z\u00f6tt lesz a XIX. Balatonk\u00f6r, a legnagyobb hazai ker\u00e9kp\u00e1ros t\u00fara. \u00d6sszegy\u0171jt\u00f6tt\u00fck, mire sz\u00e1m\u00edthatsz, ha id\u00e9n te is belev\u00e1gn\u00e1l.<\/strong><\/p>\n<p><!--more--><\/p>\n<h2>T\u00e1vols\u00e1gok<\/h2>\n<p>A k\u00e9t legfontosabb t\u00e1v a Balatonk\u00f6r \u00e9s a Kisk\u00f6r, szinte mindenki ezek valamelyik\u00e9t teljes\u00edti. A teljes t\u00fara\u00fatvonal 206 km hossz\u00fa \u00e9s Balatonalm\u00e1dib\u00f3l indul.<\/p>\n<p>A Kisk\u00f6r csup\u00e1n 84 km-es, ha ezt v\u00e1lasztod, akkor a bicajod v\u00e9gre kipr\u00f3b\u00e1lhatja, milyen \u00e9rz\u00e9s komppal utazni, az \u00fatvonal ugyanis csak Tihanyig tart, onnan komppal haladhatsz Sz\u00e1nt\u00f3dig, innen folytat\u00f3dik a teker\u00e9s Zam\u00e1rdi ir\u00e1ny\u00e1ba.<\/p>\n<p><a href=\"https:\/\/d2p6e6u75xmxt8.cloudfront.net\/12\/2018\/04\/balatoni-biciklizes-4.jpg\"><img loading=\"lazy\" decoding=\"async\" class=\"alignnone size-extra-large wp-image-751\" src=\"https:\/\/d2p6e6u75xmxt8.cloudfront.net\/12\/2018\/04\/balatoni-biciklizes-4-1920x1440.jpg\" alt=\"balaton-bicikli\" width=\"1920\" height=\"1440\" srcset=\"https:\/\/d2p6e6u75xmxt8.cloudfront.net\/12\/2018\/04\/balatoni-biciklizes-4-1920x1440.jpg 1920w, https:\/\/d2p6e6u75xmxt8.cloudfront.net\/12\/2018\/04\/balatoni-biciklizes-4-300x225.jpg 300w, https:\/\/d2p6e6u75xmxt8.cloudfront.net\/12\/2018\/04\/balatoni-biciklizes-4-768x576.jpg 768w, https:\/\/d2p6e6u75xmxt8.cloudfront.net\/12\/2018\/04\/balatoni-biciklizes-4-1024x768.jpg 1024w, https:\/\/d2p6e6u75xmxt8.cloudfront.net\/12\/2018\/04\/balatoni-biciklizes-4.jpg 2048w, https:\/\/d2p6e6u75xmxt8.cloudfront.net\/12\/2018\/04\/balatoni-biciklizes-4-1920x1440.jpg 1920w\" sizes=\"auto, (max-width: 1920px) 100vw, 1920px\" \/><\/a><\/p>\n<h2>H\u00e1ny nap alatt?<\/h2>\n<p>A Kisk\u00f6rt sim\u00e1n teljes\u00edtheted egy nap alatt, a Nagyk\u00f6r viszont m\u00e1r sokkal kem\u00e9nyebb di\u00f3, csak az igaz\u00e1n edzettek v\u00e1gnak bele az egynapos teljes\u00edt\u00e9s\u00e9be. Ha kellemes, nem t\u00falhajszolt bring\u00e1z\u00e1sra v\u00e1gysz, akkor ak\u00e1r az eg\u00e9sz h\u00e9tv\u00e9g\u00e9t r\u00e1sz\u00e1nhatod, \u00edgy m\u00e9g egy csobban\u00e1s is belef\u00e9r!<\/p>\n<p><a href=\"https:\/\/giphy.com\/gifs\/splash-Y0blcmwNVXODK\">https:\/\/giphy.com\/gifs\/splash-Y0blcmwNVXODK<\/a><\/p>\n<h2>Az \u00fat neh\u00e9zs\u00e9ge<\/h2>\n<p>A bringa\u00fat alapvet\u0151en a Balaton partj\u00e1t k\u00f6veti, n\u00e9hol k\u00f6zel van hozz\u00e1, de nem mindenhol fogod l\u00e1tni a v\u00edzpartot. Bizonyos szakaszokon ki\u00e9p\u00edtett ker\u00e9kp\u00e1r\u00faton haladhatsz, de kisebb t\u00e1vokat a telep\u00fcl\u00e9sek k\u00f6z\u00fatjain, utc\u00e1in is teljes\u00edtened kell.<\/p>\n<p>Az \u00faton n\u00e9ha lesznek kisebb emelked\u0151k, de lassan haladva b\u00e1rki teljes\u00edteni tudja a t\u00e1vot! Ha f\u00e1radsz, akkor ink\u00e1bb lass\u00edts, esetleg pihenj egy hosszabbat, hiszen a Balatonon vagy, ami tele van szuper pihen\u0151helyekkel!<\/p>\n<h2>\u00datjelz\u00e9sek, szervizpontok<\/h2>\n<p>A t\u00e1vot b\u00e1rhol elkezdheted teljes\u00edteni, az utakat pedig mindenhol sz\u00e9pen kijelezve tal\u00e1lod. Ezt a jelz\u00e9st keresd:<\/p>\n<p><a href=\"https:\/\/d2p6e6u75xmxt8.cloudfront.net\/12\/2018\/04\/balatoni-biciklizes-3.jpg\"><img loading=\"lazy\" decoding=\"async\" class=\"alignnone size-extra-large wp-image-752\" src=\"https:\/\/d2p6e6u75xmxt8.cloudfront.net\/12\/2018\/04\/balatoni-biciklizes-3-1920x1440.jpg\" alt=\"balatoni-biciklizes\" width=\"1920\" height=\"1440\" srcset=\"https:\/\/d2p6e6u75xmxt8.cloudfront.net\/12\/2018\/04\/balatoni-biciklizes-3-1920x1440.jpg 1920w, https:\/\/d2p6e6u75xmxt8.cloudfront.net\/12\/2018\/04\/balatoni-biciklizes-3-300x225.jpg 300w, https:\/\/d2p6e6u75xmxt8.cloudfront.net\/12\/2018\/04\/balatoni-biciklizes-3-768x576.jpg 768w, https:\/\/d2p6e6u75xmxt8.cloudfront.net\/12\/2018\/04\/balatoni-biciklizes-3-1024x768.jpg 1024w, https:\/\/d2p6e6u75xmxt8.cloudfront.net\/12\/2018\/04\/balatoni-biciklizes-3.jpg 2000w, https:\/\/d2p6e6u75xmxt8.cloudfront.net\/12\/2018\/04\/balatoni-biciklizes-3-1920x1440.jpg 1920w\" sizes=\"auto, (max-width: 1920px) 100vw, 1920px\" \/><\/a><\/p>\n<p>A forr\u00f3s\u00e1gban ezen a hossz\u00fa t\u00e1von a gumik gyakran megadj\u00e1k magukat, a j\u00f3 h\u00edr viszont az, hogy a bringa\u00fat ment\u00e9n rengeteg szervizpontot tal\u00e1lsz, ezek term\u00e9szetesen h\u00e9tv\u00e9g\u00e9n is nyitva vannak.<\/p>\n","protected":false},"excerpt":{"rendered":"<p>\u00c1prilis 28-30 k\u00f6z\u00f6tt lesz a XIX. Balatonk\u00f6r, a legnagyobb hazai ker\u00e9kp\u00e1ros t\u00fara. \u00d6sszegy\u0171jt\u00f6tt\u00fck, mire sz\u00e1m\u00edthatsz, ha id\u00e9n te is belev\u00e1gn\u00e1l.<\/p>\n","protected":false},"author":71,"featured_media":753,"comment_status":"open","ping_status":"open","sticky":false,"template":"","format":"standard","meta":{"footnotes":""},"categories":[11,6,12,1],"tags":[30,32,31,17,18,16,28,22],"global-categories":[],"class_list":["post-748","post","type-post","status-publish","format-standard","has-post-thumbnail","hentry","category-csalad","category-edzes-es-eletmod","category-kozosseg-es-kultura","category-uncategorized","tag-balaton","tag-balaton-kiskor","tag-balatonkor","tag-bicikli","tag-biciklizes","tag-kerekpar","tag-kerekpar-blog","tag-kerekparozas"],"yoast_head":"<!-- This site is optimized with the Yoast SEO Premium plugin v25.3 (Yoast SEO v25.9) - https:\/\/yoast.com\/wordpress\/plugins\/seo\/ -->\n<title>A Balaton k\u00e9t ker\u00e9ken \u2013 nan\u00e1, hogy \u00e9rdemes! - \u0160koda We Love Cycling - Magyarorsz\u00e1g<\/title>\n<meta name=\"description\" content=\"\u00c1prilis 28-30 k\u00f6z\u00f6tt lesz a XIX. Balatonk\u00f6r, a legnagyobb hazai ker\u00e9kp\u00e1ros t\u00fara. \u00d6sszegy\u0171jt\u00f6tt\u00fck, mire sz\u00e1m\u00edthatsz, ha id\u00e9n te is belev\u00e1gn\u00e1l.\" \/>\n<meta name=\"robots\" content=\"index, follow, max-snippet:-1, max-image-preview:large, max-video-preview:-1\" \/>\n<link rel=\"canonical\" href=\"https:\/\/www.welovecycling.com\/hu\/uncategorized\/a-balaton-ket-kereken-nana-hogy-erdemes\/\" \/>\n<meta property=\"og:locale\" content=\"hu_HU\" \/>\n<meta property=\"og:type\" content=\"article\" \/>\n<meta property=\"og:title\" content=\"A Balaton k\u00e9t ker\u00e9ken \u2013 nan\u00e1, hogy \u00e9rdemes!\" \/>\n<meta property=\"og:description\" content=\"\u00c1prilis 28-30 k\u00f6z\u00f6tt lesz a XIX. Balatonk\u00f6r, a legnagyobb hazai ker\u00e9kp\u00e1ros t\u00fara. \u00d6sszegy\u0171jt\u00f6tt\u00fck, mire sz\u00e1m\u00edthatsz, ha id\u00e9n te is belev\u00e1gn\u00e1l.\" \/>\n<meta property=\"og:url\" content=\"https:\/\/www.welovecycling.com\/hu\/uncategorized\/a-balaton-ket-kereken-nana-hogy-erdemes\/\" \/>\n<meta property=\"og:site_name\" content=\"\u0160koda We Love Cycling - Magyarorsz\u00e1g\" \/>\n<meta property=\"article:publisher\" content=\"https:\/\/www.facebook.com\/WeLoveCyclingHungary\/\" \/>\n<meta property=\"article:published_time\" content=\"2018-04-25T15:39:04+00:00\" \/>\n<meta property=\"article:modified_time\" content=\"2018-10-16T14:44:34+00:00\" \/>\n<meta property=\"og:image\" content=\"https:\/\/d2p6e6u75xmxt8.cloudfront.net\/12\/2018\/04\/balatoni-biciklizes-1.jpg\" \/>\n\t<meta property=\"og:image:width\" content=\"3036\" \/>\n\t<meta property=\"og:image:height\" content=\"2010\" \/>\n\t<meta property=\"og:image:type\" content=\"image\/jpeg\" \/>\n<meta name=\"author\" content=\"hegyizs\" \/>\n<meta name=\"twitter:card\" content=\"summary_large_image\" \/>\n<meta name=\"twitter:label1\" content=\"Written by\" \/>\n\t<meta name=\"twitter:data1\" content=\"hegyizs\" \/>\n\t<meta name=\"twitter:label2\" content=\"Est. reading time\" \/>\n\t<meta name=\"twitter:data2\" content=\"2 minutes\" \/>\n<script type=\"application\/ld+json\" class=\"yoast-schema-graph\">{\"@context\":\"https:\/\/schema.org\",\"@graph\":[{\"@type\":\"WebPage\",\"@id\":\"https:\/\/www.welovecycling.com\/hu\/uncategorized\/a-balaton-ket-kereken-nana-hogy-erdemes\/\",\"url\":\"https:\/\/www.welovecycling.com\/hu\/uncategorized\/a-balaton-ket-kereken-nana-hogy-erdemes\/\",\"name\":\"A Balaton k\u00e9t ker\u00e9ken \u2013 nan\u00e1, hogy \u00e9rdemes! - \u0160koda We Love Cycling - Magyarorsz\u00e1g\",\"isPartOf\":{\"@id\":\"https:\/\/www.welovecycling.com\/hu\/#website\"},\"primaryImageOfPage\":{\"@id\":\"https:\/\/www.welovecycling.com\/hu\/uncategorized\/a-balaton-ket-kereken-nana-hogy-erdemes\/#primaryimage\"},\"image\":{\"@id\":\"https:\/\/www.welovecycling.com\/hu\/uncategorized\/a-balaton-ket-kereken-nana-hogy-erdemes\/#primaryimage\"},\"thumbnailUrl\":\"https:\/\/d2p6e6u75xmxt8.cloudfront.net\/12\/2018\/04\/balatoni-biciklizes-1.jpg\",\"datePublished\":\"2018-04-25T15:39:04+00:00\",\"dateModified\":\"2018-10-16T14:44:34+00:00\",\"author\":{\"@id\":\"https:\/\/www.welovecycling.com\/hu\/#\/schema\/person\/414a2aebf1801691a5320edb6468e194\"},\"description\":\"\u00c1prilis 28-30 k\u00f6z\u00f6tt lesz a XIX. Balatonk\u00f6r, a legnagyobb hazai ker\u00e9kp\u00e1ros t\u00fara. \u00d6sszegy\u0171jt\u00f6tt\u00fck, mire sz\u00e1m\u00edthatsz, ha id\u00e9n te is belev\u00e1gn\u00e1l.\",\"breadcrumb\":{\"@id\":\"https:\/\/www.welovecycling.com\/hu\/uncategorized\/a-balaton-ket-kereken-nana-hogy-erdemes\/#breadcrumb\"},\"inLanguage\":\"hu\",\"potentialAction\":[{\"@type\":\"ReadAction\",\"target\":[\"https:\/\/www.welovecycling.com\/hu\/uncategorized\/a-balaton-ket-kereken-nana-hogy-erdemes\/\"]}]},{\"@type\":\"ImageObject\",\"inLanguage\":\"hu\",\"@id\":\"https:\/\/www.welovecycling.com\/hu\/uncategorized\/a-balaton-ket-kereken-nana-hogy-erdemes\/#primaryimage\",\"url\":\"https:\/\/d2p6e6u75xmxt8.cloudfront.net\/12\/2018\/04\/balatoni-biciklizes-1.jpg\",\"contentUrl\":\"https:\/\/d2p6e6u75xmxt8.cloudfront.net\/12\/2018\/04\/balatoni-biciklizes-1.jpg\",\"width\":3036,\"height\":2010},{\"@type\":\"BreadcrumbList\",\"@id\":\"https:\/\/www.welovecycling.com\/hu\/uncategorized\/a-balaton-ket-kereken-nana-hogy-erdemes\/#breadcrumb\",\"itemListElement\":[{\"@type\":\"ListItem\",\"position\":1,\"name\":\"Home\",\"item\":\"https:\/\/www.welovecycling.com\/hu\/\"},{\"@type\":\"ListItem\",\"position\":2,\"name\":\"A Balaton k\u00e9t ker\u00e9ken \u2013 nan\u00e1, hogy \u00e9rdemes!\"}]},{\"@type\":\"WebSite\",\"@id\":\"https:\/\/www.welovecycling.com\/hu\/#website\",\"url\":\"https:\/\/www.welovecycling.com\/hu\/\",\"name\":\"\u0160koda We Love Cycling - Magyarorsz\u00e1g\",\"description\":\"\u0160koda WeLoveCycling\",\"potentialAction\":[{\"@type\":\"SearchAction\",\"target\":{\"@type\":\"EntryPoint\",\"urlTemplate\":\"https:\/\/www.welovecycling.com\/hu\/?s={search_term_string}\"},\"query-input\":{\"@type\":\"PropertyValueSpecification\",\"valueRequired\":true,\"valueName\":\"search_term_string\"}}],\"inLanguage\":\"hu\"},{\"@type\":\"Person\",\"@id\":\"https:\/\/www.welovecycling.com\/hu\/#\/schema\/person\/414a2aebf1801691a5320edb6468e194\",\"name\":\"hegyizs\",\"image\":{\"@type\":\"ImageObject\",\"inLanguage\":\"hu\",\"@id\":\"https:\/\/www.welovecycling.com\/hu\/#\/schema\/person\/image\/\",\"url\":\"https:\/\/secure.gravatar.com\/avatar\/02cf8a7906b8cf90cecb4679defac7cfd33a1c2e3b88e4903d947f3bb58eedd3?s=96&d=mm&r=g\",\"contentUrl\":\"https:\/\/secure.gravatar.com\/avatar\/02cf8a7906b8cf90cecb4679defac7cfd33a1c2e3b88e4903d947f3bb58eedd3?s=96&d=mm&r=g\",\"caption\":\"hegyizs\"},\"url\":\"https:\/\/www.welovecycling.com\/hu\/author\/hegyizs\/\"}]}<\/script>\n<!-- \/ Yoast SEO Premium plugin. -->","yoast_head_json":{"title":"A Balaton k\u00e9t ker\u00e9ken \u2013 nan\u00e1, hogy \u00e9rdemes! - \u0160koda We Love Cycling - Magyarorsz\u00e1g","description":"\u00c1prilis 28-30 k\u00f6z\u00f6tt lesz a XIX. Balatonk\u00f6r, a legnagyobb hazai ker\u00e9kp\u00e1ros t\u00fara. \u00d6sszegy\u0171jt\u00f6tt\u00fck, mire sz\u00e1m\u00edthatsz, ha id\u00e9n te is belev\u00e1gn\u00e1l.","robots":{"index":"index","follow":"follow","max-snippet":"max-snippet:-1","max-image-preview":"max-image-preview:large","max-video-preview":"max-video-preview:-1"},"canonical":"https:\/\/www.welovecycling.com\/hu\/uncategorized\/a-balaton-ket-kereken-nana-hogy-erdemes\/","og_locale":"hu_HU","og_type":"article","og_title":"A Balaton k\u00e9t ker\u00e9ken \u2013 nan\u00e1, hogy \u00e9rdemes!","og_description":"\u00c1prilis 28-30 k\u00f6z\u00f6tt lesz a XIX. Balatonk\u00f6r, a legnagyobb hazai ker\u00e9kp\u00e1ros t\u00fara. \u00d6sszegy\u0171jt\u00f6tt\u00fck, mire sz\u00e1m\u00edthatsz, ha id\u00e9n te is belev\u00e1gn\u00e1l.","og_url":"https:\/\/www.welovecycling.com\/hu\/uncategorized\/a-balaton-ket-kereken-nana-hogy-erdemes\/","og_site_name":"\u0160koda We Love Cycling - Magyarorsz\u00e1g","article_publisher":"https:\/\/www.facebook.com\/WeLoveCyclingHungary\/","article_published_time":"2018-04-25T15:39:04+00:00","article_modified_time":"2018-10-16T14:44:34+00:00","og_image":[{"width":3036,"height":2010,"url":"https:\/\/d2p6e6u75xmxt8.cloudfront.net\/12\/2018\/04\/balatoni-biciklizes-1.jpg","type":"image\/jpeg"}],"author":"hegyizs","twitter_card":"summary_large_image","twitter_misc":{"Written by":"hegyizs","Est. reading time":"2 minutes"},"schema":{"@context":"https:\/\/schema.org","@graph":[{"@type":"WebPage","@id":"https:\/\/www.welovecycling.com\/hu\/uncategorized\/a-balaton-ket-kereken-nana-hogy-erdemes\/","url":"https:\/\/www.welovecycling.com\/hu\/uncategorized\/a-balaton-ket-kereken-nana-hogy-erdemes\/","name":"A Balaton k\u00e9t ker\u00e9ken \u2013 nan\u00e1, hogy \u00e9rdemes! - \u0160koda We Love Cycling - Magyarorsz\u00e1g","isPartOf":{"@id":"https:\/\/www.welovecycling.com\/hu\/#website"},"primaryImageOfPage":{"@id":"https:\/\/www.welovecycling.com\/hu\/uncategorized\/a-balaton-ket-kereken-nana-hogy-erdemes\/#primaryimage"},"image":{"@id":"https:\/\/www.welovecycling.com\/hu\/uncategorized\/a-balaton-ket-kereken-nana-hogy-erdemes\/#primaryimage"},"thumbnailUrl":"https:\/\/d2p6e6u75xmxt8.cloudfront.net\/12\/2018\/04\/balatoni-biciklizes-1.jpg","datePublished":"2018-04-25T15:39:04+00:00","dateModified":"2018-10-16T14:44:34+00:00","author":{"@id":"https:\/\/www.welovecycling.com\/hu\/#\/schema\/person\/414a2aebf1801691a5320edb6468e194"},"description":"\u00c1prilis 28-30 k\u00f6z\u00f6tt lesz a XIX. Balatonk\u00f6r, a legnagyobb hazai ker\u00e9kp\u00e1ros t\u00fara. \u00d6sszegy\u0171jt\u00f6tt\u00fck, mire sz\u00e1m\u00edthatsz, ha id\u00e9n te is belev\u00e1gn\u00e1l.","breadcrumb":{"@id":"https:\/\/www.welovecycling.com\/hu\/uncategorized\/a-balaton-ket-kereken-nana-hogy-erdemes\/#breadcrumb"},"inLanguage":"hu","potentialAction":[{"@type":"ReadAction","target":["https:\/\/www.welovecycling.com\/hu\/uncategorized\/a-balaton-ket-kereken-nana-hogy-erdemes\/"]}]},{"@type":"ImageObject","inLanguage":"hu","@id":"https:\/\/www.welovecycling.com\/hu\/uncategorized\/a-balaton-ket-kereken-nana-hogy-erdemes\/#primaryimage","url":"https:\/\/d2p6e6u75xmxt8.cloudfront.net\/12\/2018\/04\/balatoni-biciklizes-1.jpg","contentUrl":"https:\/\/d2p6e6u75xmxt8.cloudfront.net\/12\/2018\/04\/balatoni-biciklizes-1.jpg","width":3036,"height":2010},{"@type":"BreadcrumbList","@id":"https:\/\/www.welovecycling.com\/hu\/uncategorized\/a-balaton-ket-kereken-nana-hogy-erdemes\/#breadcrumb","itemListElement":[{"@type":"ListItem","position":1,"name":"Home","item":"https:\/\/www.welovecycling.com\/hu\/"},{"@type":"ListItem","position":2,"name":"A Balaton k\u00e9t ker\u00e9ken \u2013 nan\u00e1, hogy \u00e9rdemes!"}]},{"@type":"WebSite","@id":"https:\/\/www.welovecycling.com\/hu\/#website","url":"https:\/\/www.welovecycling.com\/hu\/","name":"\u0160koda We Love Cycling - Magyarorsz\u00e1g","description":"\u0160koda WeLoveCycling","potentialAction":[{"@type":"SearchAction","target":{"@type":"EntryPoint","urlTemplate":"https:\/\/www.welovecycling.com\/hu\/?s={search_term_string}"},"query-input":{"@type":"PropertyValueSpecification","valueRequired":true,"valueName":"search_term_string"}}],"inLanguage":"hu"},{"@type":"Person","@id":"https:\/\/www.welovecycling.com\/hu\/#\/schema\/person\/414a2aebf1801691a5320edb6468e194","name":"hegyizs","image":{"@type":"ImageObject","inLanguage":"hu","@id":"https:\/\/www.welovecycling.com\/hu\/#\/schema\/person\/image\/","url":"https:\/\/secure.gravatar.com\/avatar\/02cf8a7906b8cf90cecb4679defac7cfd33a1c2e3b88e4903d947f3bb58eedd3?s=96&d=mm&r=g","contentUrl":"https:\/\/secure.gravatar.com\/avatar\/02cf8a7906b8cf90cecb4679defac7cfd33a1c2e3b88e4903d947f3bb58eedd3?s=96&d=mm&r=g","caption":"hegyizs"},"url":"https:\/\/www.welovecycling.com\/hu\/author\/hegyizs\/"}]}},"_links":{"self":[{"href":"https:\/\/www.welovecycling.com\/hu\/wp-json\/wp\/v2\/posts\/748","targetHints":{"allow":["GET"]}}],"collection":[{"href":"https:\/\/www.welovecycling.com\/hu\/wp-json\/wp\/v2\/posts"}],"about":[{"href":"https:\/\/www.welovecycling.com\/hu\/wp-json\/wp\/v2\/types\/post"}],"author":[{"embeddable":true,"href":"https:\/\/www.welovecycling.com\/hu\/wp-json\/wp\/v2\/users\/71"}],"replies":[{"embeddable":true,"href":"https:\/\/www.welovecycling.com\/hu\/wp-json\/wp\/v2\/comments?post=748"}],"version-history":[{"count":2,"href":"https:\/\/www.welovecycling.com\/hu\/wp-json\/wp\/v2\/posts\/748\/revisions"}],"predecessor-version":[{"id":1985,"href":"https:\/\/www.welovecycling.com\/hu\/wp-json\/wp\/v2\/posts\/748\/revisions\/1985"}],"wp:featuredmedia":[{"embeddable":true,"href":"https:\/\/www.welovecycling.com\/hu\/wp-json\/wp\/v2\/media\/753"}],"wp:attachment":[{"href":"https:\/\/www.welovecycling.com\/hu\/wp-json\/wp\/v2\/media?parent=748"}],"wp:term":[{"taxonomy":"category","embeddable":true,"href":"https:\/\/www.welovecycling.com\/hu\/wp-json\/wp\/v2\/categories?post=748"},{"taxonomy":"post_tag","embeddable":true,"href":"https:\/\/www.welovecycling.com\/hu\/wp-json\/wp\/v2\/tags?post=748"},{"taxonomy":"global-categories","embeddable":true,"href":"https:\/\/www.welovecycling.com\/hu\/wp-json\/wp\/v2\/global-categories?post=748"}],"curies":[{"name":"wp","href":"https:\/\/api.w.org\/{rel}","templated":true}]}}