{"id":7478,"date":"2020-04-30T08:00:32","date_gmt":"2020-04-30T07:00:32","guid":{"rendered":"https:\/\/www.welovecycling.com\/hu\/?p=7478"},"modified":"2020-04-24T10:13:19","modified_gmt":"2020-04-24T09:13:19","slug":"hivatalos-a-tour-de-france-uj-idopontja","status":"publish","type":"post","link":"https:\/\/www.welovecycling.com\/hu\/orszaguti-kerekpar\/hivatalos-a-tour-de-france-uj-idopontja\/","title":{"rendered":"Hivatalos a Tour de France \u00faj id\u0151pontja"},"content":{"rendered":"<p><strong>A legnagyobb orsz\u00e1g\u00fati verseny Nizz\u00e1b\u00f3l indul augusztus 29-\u00e9n \u00e9s P\u00e1rizsban \u00e9r v\u00e9get, szeptember 20-\u00e1n.<\/strong><!--more--><\/p>\n<p>A kor\u00e1bbi, j\u00fanius 28-ai id\u0151pont \u00e1thelyez\u00e9s\u00e9vel m\u00e1jus v\u00e9g\u00e9ig v\u00e1rtak a szervez\u0151k. A francia eln\u00f6k, Emmanuel Macron d\u00f6nt\u00e9se alapj\u00e1n azonban minden sportesem\u00e9nyt legal\u00e1bb j\u00falius 15 ut\u00e1nra el kell tolni.<\/p>\n<p>https:\/\/www.instagram.com\/p\/B_C01IXgN2A\/<\/p>\n<p><em>\u201eA minisztereln\u00f6k azon bejelent\u00e9se alapj\u00e1n, mely a nagy sportesem\u00e9nyek j\u00falius k\u00f6zep\u00e9ig tart\u00f3 betilt\u00e1s\u00e1ra vonatkozik, a Covid-19 v\u00edrussal val\u00f3 harc \u00e9rdek\u00e9ben a Tour de France szervez\u0151i \u00e9s az UCI augusztus 29-re helyezte \u00e1t a verseny id\u0151pontj\u00e1t.\u201d<\/em><\/p>\n<p>Az ASO, a Tour szervez\u0151je meger\u0151s\u00edtette, hogy a verseny a tervezettek szerint 21 szakaszb\u00f3l fog \u00e1llni.<\/p>\n<p>Chris Froome \u00e9s Julian Alaphilippe szinte azonnal reag\u00e1lt a h\u00edrre:<\/p>\n<div class=\"embed-controller-wrapper\">\n<blockquote class=\"twitter-tweet\" data-width=\"500\" data-dnt=\"true\">\n<p lang=\"en\" dir=\"ltr\">I\u2019m seeing a lot of negativity and despondency on my timeline, I know this period has been tough on all of us, and bike racing is not important in the greater scheme of things. But let&#39;s take hope in that we may return to some sort of normality in the near future <a href=\"https:\/\/twitter.com\/LeTour?ref_src=twsrc%5Etfw\">@LeTour<\/a> <a href=\"https:\/\/t.co\/91XWqIwgmm\">pic.twitter.com\/91XWqIwgmm<\/a><\/p>\n<p>&mdash; Chris Froome (@chrisfroome) <a href=\"https:\/\/twitter.com\/chrisfroome\/status\/1250394783056568320?ref_src=twsrc%5Etfw\">April 15, 2020<\/a><\/p><\/blockquote>\n<p><script async data-src=\"https:\/\/platform.twitter.com\/widgets.js\" charset=\"utf-8\"><\/script><\/div>\n<p><em>Olyan sok negativit\u00e1st \u00e9s rem\u00e9nytelens\u00e9get l\u00e1tok az id\u0151vonalamon\u2026 Tudom, hogy neh\u00e9z ez az id\u0151szak, \u00e9s a ker\u00e9kp\u00e1rversenyek nem fontosak most. De rem\u00e9lj\u00fck, hogy hamarosan minden visszaker\u00fcl a r\u00e9gi ker\u00e9kv\u00e1g\u00e1sba!<\/em><\/p>\n<p><em>\u201eNagyon \u00f6r\u00fcl\u00f6k neki, hogy v\u00e9gre \u00fajra vannak tervek, hogy \u00fagy t\u0171nik, a Tour, a VB \u00e9s a Monument versenyek igenis le fognak zajlani\u201d<\/em> \u2013 \u00edrta Julian Alaphilippe a <a href=\"https:\/\/www.deceuninck-quickstep.com\/en\/news\/4380\/new-2020-calendar-unveiled\">Deceuninck \u2013 Quick-Step<\/a> weoldal\u00e1n. <em>\u201eTal\u00e1n m\u00e1r l\u00e1tjuk a f\u00e9nyt az alag\u00fat v\u00e9g\u00e9n, ez pedig rem\u00e9nyt ad \u00e9s jav\u00edtja a k\u00f6zhangulatot. Van \u00e9rtelme kem\u00e9nyen dolgozni, hogy form\u00e1ban legy\u00fcnk, amikor elj\u00f6n a versenyz\u00e9s ideje!\u201d<\/em><\/p>\n<p>A jelenlegi id\u0151pontok alapj\u00e1n a Tour lesz az els\u0151 nagy megm\u00e9rettet\u00e9s, ut\u00e1na pedig a Vil\u00e1gbajnoks\u00e1g, a Giro, majd a La Vuelta ker\u00fcl megrendez\u00e9sre.<\/p>\n","protected":false},"excerpt":{"rendered":"<p>A legnagyobb orsz\u00e1g\u00fati verseny Nizz\u00e1b\u00f3l indul augusztus 29-\u00e9n \u00e9s P\u00e1rizsban \u00e9r v\u00e9get, szeptember 20-\u00e1n.<\/p>\n","protected":false},"author":71,"featured_media":7481,"comment_status":"open","ping_status":"open","sticky":false,"template":"","format":"standard","meta":{"footnotes":""},"categories":[8],"tags":[],"global-categories":[],"class_list":["post-7478","post","type-post","status-publish","format-standard","has-post-thumbnail","hentry","category-orszaguti-kerekpar"],"yoast_head":"<!-- This site is optimized with the Yoast SEO Premium plugin v25.3 (Yoast SEO v25.9) - https:\/\/yoast.com\/wordpress\/plugins\/seo\/ -->\n<title>Hivatalos a Tour de France \u00faj id\u0151pontja - \u0160koda We Love Cycling - Magyarorsz\u00e1g<\/title>\n<meta name=\"robots\" content=\"index, follow, max-snippet:-1, max-image-preview:large, max-video-preview:-1\" \/>\n<link rel=\"canonical\" href=\"https:\/\/www.welovecycling.com\/hu\/orszaguti-kerekpar\/hivatalos-a-tour-de-france-uj-idopontja\/\" \/>\n<meta property=\"og:locale\" content=\"hu_HU\" \/>\n<meta property=\"og:type\" content=\"article\" \/>\n<meta property=\"og:title\" content=\"Hivatalos a Tour de France \u00faj id\u0151pontja\" \/>\n<meta property=\"og:description\" content=\"A legnagyobb orsz\u00e1g\u00fati verseny Nizz\u00e1b\u00f3l indul augusztus 29-\u00e9n \u00e9s P\u00e1rizsban \u00e9r v\u00e9get, szeptember 20-\u00e1n.\" \/>\n<meta property=\"og:url\" content=\"https:\/\/www.welovecycling.com\/hu\/orszaguti-kerekpar\/hivatalos-a-tour-de-france-uj-idopontja\/\" \/>\n<meta property=\"og:site_name\" content=\"\u0160koda We Love Cycling - Magyarorsz\u00e1g\" \/>\n<meta property=\"article:publisher\" content=\"https:\/\/www.facebook.com\/WeLoveCyclingHungary\/\" \/>\n<meta property=\"article:published_time\" content=\"2020-04-30T07:00:32+00:00\" \/>\n<meta property=\"og:image\" content=\"https:\/\/d2p6e6u75xmxt8.cloudfront.net\/12\/2020\/04\/Chris-Froome-CVR-profimedia-0500633849.jpg\" \/>\n\t<meta property=\"og:image:width\" content=\"1366\" \/>\n\t<meta property=\"og:image:height\" content=\"600\" \/>\n\t<meta property=\"og:image:type\" content=\"image\/jpeg\" \/>\n<meta name=\"author\" content=\"hegyizs\" \/>\n<meta name=\"twitter:card\" content=\"summary_large_image\" \/>\n<meta name=\"twitter:label1\" content=\"Written by\" \/>\n\t<meta name=\"twitter:data1\" content=\"Monica Buck\" \/>\n\t<meta name=\"twitter:label2\" content=\"Est. reading time\" \/>\n\t<meta name=\"twitter:data2\" content=\"4\" \/>\n<script type=\"application\/ld+json\" class=\"yoast-schema-graph\">{\"@context\":\"https:\/\/schema.org\",\"@graph\":[{\"@type\":\"WebPage\",\"@id\":\"https:\/\/www.welovecycling.com\/hu\/orszaguti-kerekpar\/hivatalos-a-tour-de-france-uj-idopontja\/\",\"url\":\"https:\/\/www.welovecycling.com\/hu\/orszaguti-kerekpar\/hivatalos-a-tour-de-france-uj-idopontja\/\",\"name\":\"Hivatalos a Tour de France \u00faj id\u0151pontja - \u0160koda We Love Cycling - Magyarorsz\u00e1g\",\"isPartOf\":{\"@id\":\"https:\/\/www.welovecycling.com\/hu\/#website\"},\"primaryImageOfPage\":{\"@id\":\"https:\/\/www.welovecycling.com\/hu\/orszaguti-kerekpar\/hivatalos-a-tour-de-france-uj-idopontja\/#primaryimage\"},\"image\":{\"@id\":\"https:\/\/www.welovecycling.com\/hu\/orszaguti-kerekpar\/hivatalos-a-tour-de-france-uj-idopontja\/#primaryimage\"},\"thumbnailUrl\":\"https:\/\/d2p6e6u75xmxt8.cloudfront.net\/12\/2020\/04\/Chris-Froome-CVR-profimedia-0500633849.jpg\",\"datePublished\":\"2020-04-30T07:00:32+00:00\",\"author\":{\"@id\":\"https:\/\/www.welovecycling.com\/hu\/#\/schema\/person\/414a2aebf1801691a5320edb6468e194\"},\"breadcrumb\":{\"@id\":\"https:\/\/www.welovecycling.com\/hu\/orszaguti-kerekpar\/hivatalos-a-tour-de-france-uj-idopontja\/#breadcrumb\"},\"inLanguage\":\"hu\",\"potentialAction\":[{\"@type\":\"ReadAction\",\"target\":[\"https:\/\/www.welovecycling.com\/hu\/orszaguti-kerekpar\/hivatalos-a-tour-de-france-uj-idopontja\/\"]}]},{\"@type\":\"ImageObject\",\"inLanguage\":\"hu\",\"@id\":\"https:\/\/www.welovecycling.com\/hu\/orszaguti-kerekpar\/hivatalos-a-tour-de-france-uj-idopontja\/#primaryimage\",\"url\":\"https:\/\/d2p6e6u75xmxt8.cloudfront.net\/12\/2020\/04\/Chris-Froome-CVR-profimedia-0500633849.jpg\",\"contentUrl\":\"https:\/\/d2p6e6u75xmxt8.cloudfront.net\/12\/2020\/04\/Chris-Froome-CVR-profimedia-0500633849.jpg\",\"width\":1366,\"height\":600},{\"@type\":\"BreadcrumbList\",\"@id\":\"https:\/\/www.welovecycling.com\/hu\/orszaguti-kerekpar\/hivatalos-a-tour-de-france-uj-idopontja\/#breadcrumb\",\"itemListElement\":[{\"@type\":\"ListItem\",\"position\":1,\"name\":\"Home\",\"item\":\"https:\/\/www.welovecycling.com\/hu\/\"},{\"@type\":\"ListItem\",\"position\":2,\"name\":\"Hivatalos a Tour de France \u00faj id\u0151pontja\"}]},{\"@type\":\"WebSite\",\"@id\":\"https:\/\/www.welovecycling.com\/hu\/#website\",\"url\":\"https:\/\/www.welovecycling.com\/hu\/\",\"name\":\"\u0160koda We Love Cycling - Magyarorsz\u00e1g\",\"description\":\"\u0160koda WeLoveCycling\",\"potentialAction\":[{\"@type\":\"SearchAction\",\"target\":{\"@type\":\"EntryPoint\",\"urlTemplate\":\"https:\/\/www.welovecycling.com\/hu\/?s={search_term_string}\"},\"query-input\":{\"@type\":\"PropertyValueSpecification\",\"valueRequired\":true,\"valueName\":\"search_term_string\"}}],\"inLanguage\":\"hu\"},{\"@type\":\"Person\",\"@id\":\"https:\/\/www.welovecycling.com\/hu\/#\/schema\/person\/414a2aebf1801691a5320edb6468e194\",\"name\":\"hegyizs\",\"image\":{\"@type\":\"ImageObject\",\"inLanguage\":\"hu\",\"@id\":\"https:\/\/www.welovecycling.com\/hu\/#\/schema\/person\/image\/\",\"url\":\"https:\/\/secure.gravatar.com\/avatar\/02cf8a7906b8cf90cecb4679defac7cfd33a1c2e3b88e4903d947f3bb58eedd3?s=96&d=mm&r=g\",\"contentUrl\":\"https:\/\/secure.gravatar.com\/avatar\/02cf8a7906b8cf90cecb4679defac7cfd33a1c2e3b88e4903d947f3bb58eedd3?s=96&d=mm&r=g\",\"caption\":\"hegyizs\"},\"url\":\"https:\/\/www.welovecycling.com\/hu\/author\/hegyizs\/\"}]}<\/script>\n<!-- \/ Yoast SEO Premium plugin. -->","yoast_head_json":{"title":"Hivatalos a Tour de France \u00faj id\u0151pontja - \u0160koda We Love Cycling - Magyarorsz\u00e1g","robots":{"index":"index","follow":"follow","max-snippet":"max-snippet:-1","max-image-preview":"max-image-preview:large","max-video-preview":"max-video-preview:-1"},"canonical":"https:\/\/www.welovecycling.com\/hu\/orszaguti-kerekpar\/hivatalos-a-tour-de-france-uj-idopontja\/","og_locale":"hu_HU","og_type":"article","og_title":"Hivatalos a Tour de France \u00faj id\u0151pontja","og_description":"A legnagyobb orsz\u00e1g\u00fati verseny Nizz\u00e1b\u00f3l indul augusztus 29-\u00e9n \u00e9s P\u00e1rizsban \u00e9r v\u00e9get, szeptember 20-\u00e1n.","og_url":"https:\/\/www.welovecycling.com\/hu\/orszaguti-kerekpar\/hivatalos-a-tour-de-france-uj-idopontja\/","og_site_name":"\u0160koda We Love Cycling - Magyarorsz\u00e1g","article_publisher":"https:\/\/www.facebook.com\/WeLoveCyclingHungary\/","article_published_time":"2020-04-30T07:00:32+00:00","og_image":[{"width":1366,"height":600,"url":"https:\/\/d2p6e6u75xmxt8.cloudfront.net\/12\/2020\/04\/Chris-Froome-CVR-profimedia-0500633849.jpg","type":"image\/jpeg"}],"author":"hegyizs","twitter_card":"summary_large_image","twitter_misc":{"Written by":"Monica Buck","Est. reading time":"4"},"schema":{"@context":"https:\/\/schema.org","@graph":[{"@type":"WebPage","@id":"https:\/\/www.welovecycling.com\/hu\/orszaguti-kerekpar\/hivatalos-a-tour-de-france-uj-idopontja\/","url":"https:\/\/www.welovecycling.com\/hu\/orszaguti-kerekpar\/hivatalos-a-tour-de-france-uj-idopontja\/","name":"Hivatalos a Tour de France \u00faj id\u0151pontja - \u0160koda We Love Cycling - Magyarorsz\u00e1g","isPartOf":{"@id":"https:\/\/www.welovecycling.com\/hu\/#website"},"primaryImageOfPage":{"@id":"https:\/\/www.welovecycling.com\/hu\/orszaguti-kerekpar\/hivatalos-a-tour-de-france-uj-idopontja\/#primaryimage"},"image":{"@id":"https:\/\/www.welovecycling.com\/hu\/orszaguti-kerekpar\/hivatalos-a-tour-de-france-uj-idopontja\/#primaryimage"},"thumbnailUrl":"https:\/\/d2p6e6u75xmxt8.cloudfront.net\/12\/2020\/04\/Chris-Froome-CVR-profimedia-0500633849.jpg","datePublished":"2020-04-30T07:00:32+00:00","author":{"@id":"https:\/\/www.welovecycling.com\/hu\/#\/schema\/person\/414a2aebf1801691a5320edb6468e194"},"breadcrumb":{"@id":"https:\/\/www.welovecycling.com\/hu\/orszaguti-kerekpar\/hivatalos-a-tour-de-france-uj-idopontja\/#breadcrumb"},"inLanguage":"hu","potentialAction":[{"@type":"ReadAction","target":["https:\/\/www.welovecycling.com\/hu\/orszaguti-kerekpar\/hivatalos-a-tour-de-france-uj-idopontja\/"]}]},{"@type":"ImageObject","inLanguage":"hu","@id":"https:\/\/www.welovecycling.com\/hu\/orszaguti-kerekpar\/hivatalos-a-tour-de-france-uj-idopontja\/#primaryimage","url":"https:\/\/d2p6e6u75xmxt8.cloudfront.net\/12\/2020\/04\/Chris-Froome-CVR-profimedia-0500633849.jpg","contentUrl":"https:\/\/d2p6e6u75xmxt8.cloudfront.net\/12\/2020\/04\/Chris-Froome-CVR-profimedia-0500633849.jpg","width":1366,"height":600},{"@type":"BreadcrumbList","@id":"https:\/\/www.welovecycling.com\/hu\/orszaguti-kerekpar\/hivatalos-a-tour-de-france-uj-idopontja\/#breadcrumb","itemListElement":[{"@type":"ListItem","position":1,"name":"Home","item":"https:\/\/www.welovecycling.com\/hu\/"},{"@type":"ListItem","position":2,"name":"Hivatalos a Tour de France \u00faj id\u0151pontja"}]},{"@type":"WebSite","@id":"https:\/\/www.welovecycling.com\/hu\/#website","url":"https:\/\/www.welovecycling.com\/hu\/","name":"\u0160koda We Love Cycling - Magyarorsz\u00e1g","description":"\u0160koda WeLoveCycling","potentialAction":[{"@type":"SearchAction","target":{"@type":"EntryPoint","urlTemplate":"https:\/\/www.welovecycling.com\/hu\/?s={search_term_string}"},"query-input":{"@type":"PropertyValueSpecification","valueRequired":true,"valueName":"search_term_string"}}],"inLanguage":"hu"},{"@type":"Person","@id":"https:\/\/www.welovecycling.com\/hu\/#\/schema\/person\/414a2aebf1801691a5320edb6468e194","name":"hegyizs","image":{"@type":"ImageObject","inLanguage":"hu","@id":"https:\/\/www.welovecycling.com\/hu\/#\/schema\/person\/image\/","url":"https:\/\/secure.gravatar.com\/avatar\/02cf8a7906b8cf90cecb4679defac7cfd33a1c2e3b88e4903d947f3bb58eedd3?s=96&d=mm&r=g","contentUrl":"https:\/\/secure.gravatar.com\/avatar\/02cf8a7906b8cf90cecb4679defac7cfd33a1c2e3b88e4903d947f3bb58eedd3?s=96&d=mm&r=g","caption":"hegyizs"},"url":"https:\/\/www.welovecycling.com\/hu\/author\/hegyizs\/"}]}},"_links":{"self":[{"href":"https:\/\/www.welovecycling.com\/hu\/wp-json\/wp\/v2\/posts\/7478","targetHints":{"allow":["GET"]}}],"collection":[{"href":"https:\/\/www.welovecycling.com\/hu\/wp-json\/wp\/v2\/posts"}],"about":[{"href":"https:\/\/www.welovecycling.com\/hu\/wp-json\/wp\/v2\/types\/post"}],"author":[{"embeddable":true,"href":"https:\/\/www.welovecycling.com\/hu\/wp-json\/wp\/v2\/users\/71"}],"replies":[{"embeddable":true,"href":"https:\/\/www.welovecycling.com\/hu\/wp-json\/wp\/v2\/comments?post=7478"}],"version-history":[{"count":1,"href":"https:\/\/www.welovecycling.com\/hu\/wp-json\/wp\/v2\/posts\/7478\/revisions"}],"predecessor-version":[{"id":7493,"href":"https:\/\/www.welovecycling.com\/hu\/wp-json\/wp\/v2\/posts\/7478\/revisions\/7493"}],"wp:featuredmedia":[{"embeddable":true,"href":"https:\/\/www.welovecycling.com\/hu\/wp-json\/wp\/v2\/media\/7481"}],"wp:attachment":[{"href":"https:\/\/www.welovecycling.com\/hu\/wp-json\/wp\/v2\/media?parent=7478"}],"wp:term":[{"taxonomy":"category","embeddable":true,"href":"https:\/\/www.welovecycling.com\/hu\/wp-json\/wp\/v2\/categories?post=7478"},{"taxonomy":"post_tag","embeddable":true,"href":"https:\/\/www.welovecycling.com\/hu\/wp-json\/wp\/v2\/tags?post=7478"},{"taxonomy":"global-categories","embeddable":true,"href":"https:\/\/www.welovecycling.com\/hu\/wp-json\/wp\/v2\/global-categories?post=7478"}],"curies":[{"name":"wp","href":"https:\/\/api.w.org\/{rel}","templated":true}]}}