{"id":7474,"date":"2020-04-27T08:00:28","date_gmt":"2020-04-27T07:00:28","guid":{"rendered":"https:\/\/www.welovecycling.com\/hu\/?p=7474"},"modified":"2020-04-24T10:11:48","modified_gmt":"2020-04-24T09:11:48","slug":"miert-jobb-egyedul-tekerni","status":"publish","type":"post","link":"https:\/\/www.welovecycling.com\/hu\/orszaguti-kerekpar\/miert-jobb-egyedul-tekerni\/","title":{"rendered":"Mi\u00e9rt jobb egyed\u00fcl tekerni?"},"content":{"rendered":"<p><strong>Mindegy, hogy egy v\u00e1ratlan kiruccan\u00e1s a bar\u00e1tokkal, vagy egy r\u00e9g\u00f3ta tervezett teker\u00e9s a megszokott ker\u00e9kp\u00e1ros csapattal, csoportban tekerni mindig j\u00f3 sz\u00f3rakoz\u00e1s! Egy olyan sz\u00f3rakoz\u00e1s, amit most nem \u0171zhet\u00fcnk. Szedj\u00fck \u00f6ssze teh\u00e1t, hogy mit\u0151l \u00e9lvezetes egyed\u00fcl \u00fatnak indulni! N\u00e9zz\u00fcnk szembe a t\u00e9nyekkel: ez a legjobb alkalom arra, hogy megtanuljuk \u00e9lvezni a mag\u00e1nyos utakat.<\/strong><!--more--><\/p>\n<h2><strong>L\u00e9gy spont\u00e1n!<\/strong><\/h2>\n<p>Mindannyian ismerj\u00fck az \u00e9rz\u00e9st, amikor egy csoportos t\u00far\u00e1n el kell d\u00f6nteni, hogy elinduljunk-e egy ismeretlen \u00faton vagy tartsunk-e sz\u00fcnetet egy sz\u00e9p t\u00f3 mellett. Ha egyed\u00fcl vagy, akkor nem kell senkivel konszenzusra jutni: akkor \u00e9s ott \u00e1llsz meg, amikor \u00e9s ahol j\u00f3l esik! Elt\u00e9rhetsz a tervezett \u00fatvonalt\u00f3l, ha megtetszik egy m\u00e1sik csap\u00e1s. Nem kell id\u0151re haza\u00e9rni, nem kell m\u00e1sokhoz igaz\u00edtanod a temp\u00f3t. Ha kedved tartja, ak\u00e1r \u00f3r\u00e1kon \u00e1t tekerhetsz, de ha megunod, egyszer\u0171en visszafordulsz! Persze nem kell teljesen egyed\u00fcl meghoznod minden d\u00f6nt\u00e9st: tov\u00e1bbra is cser\u00e9lhetsz \u00fatvonal-tippeket helyi bring\u00e1sokkal! Ne feledd: att\u00f3l, hogy egyed\u00fcl vagy a biciklin, nem vagy mag\u00e1nyos!<\/p>\n<p>https:\/\/www.instagram.com\/p\/B-36R5VA8Uf\/<\/p>\n<h2><strong>Nem tudsz lemaradni<\/strong><\/h2>\n<p>Rengeteg bring\u00e1s sz\u00e1m\u00e1ra jelent komoly stresszt, hogy esetleg lemarad a t\u00f6bbiekt\u0151l, ha csapatban teker. Lehet, hogy rosszabb napod van, vagy csak nem tudt\u00e1l megfelel\u0151en feltankolni energi\u00e1val: el\u0151fordul, hogy nem haladsz \u00fagy, ahogy szeretn\u00e9l, hi\u00e1ba adsz bele mindent. A csapattagok term\u00e9szet\u00e9t\u0151l f\u00fcgg\u0151en az is lehet, hogy a lemarad\u00e1s egyet jelent a szurk\u00e1l\u00f3d\u00e1sokkal, amit \u00e9g\u0151 combokkal nehezebben visel el az ember. Senkinek nem kell azonban megfelelned, ha egyed\u00fcl tekersz. Ha hamarabb elf\u00e1radsz, mint tervezted, egyszer\u0171en lelass\u00edtasz \u2013 senkinek nem kell az orr\u00e1ra k\u00f6tni!<\/p>\n<h2><strong>Elveszni a gondolataidban<\/strong><\/h2>\n<p>K\u00e9ts\u00e9gtelen, hogy a bicikliz\u00e9s rendk\u00edv\u00fcl meditat\u00edv sport. Az ism\u00e9tl\u0151d\u0151 mozg\u00e1ssor lefoglalja a tested, \u00edgy szabadj\u00e1ra engedheted az elm\u00e9d. Ha egyed\u00fcl vagy, senki nem fogja f\u00e9lbeszak\u00edtani a gondolatmeneted, nem r\u00e1ngatnak vissza a val\u00f3s\u00e1gba! Persze, nem mindig vagy r\u00e1hangol\u00f3dva erre a fajta elm\u00e9ly\u00fcl\u00e9sre, de ha siker\u00fcl, k\u00f6zelebb ker\u00fclhetsz \u00f6nmagadhoz \u00e9s felfriss\u00fclve t\u00e9rsz majd haza!<\/p>\n<h2><strong>El\u0151re az \u00f6nbizalom \u00fatj\u00e1n!<\/strong><\/h2>\n<p>Ha pedig jobban megismered \u00f6nmagad, ez remek lehet\u0151s\u00e9g arra, hogy dolgozz a hi\u00e1nyoss\u00e1gaidon, n\u00f6veld az \u00f6nbizalmad \u00e9s fejl\u0151dj! Egyed\u00fcl v\u00e9gigcsin\u00e1lni egy hossz\u00fa ker\u00e9kp\u00e1ros t\u00far\u00e1t olyan dolog, ami\u00e9rt b\u00fcszke lehetsz magadra! Ha al\u00e1bbhagy a lelkesed\u00e9sed, csak eml\u00e9keztesd magad arra, hogy \u00e9pp egy kih\u00edv\u00e1st teljes\u00edtesz, amihez nagyfok\u00fa \u00f6nbizalom \u00e9s remek probl\u00e9ma-megold\u00f3 k\u00e9pess\u00e9g kell! Hidd el, egyb\u0151l j\u00f3 \u00e9rz\u00e9s t\u00f6lt majd el.<\/p>\n<p>https:\/\/www.instagram.com\/p\/B9re6uPAceY\/<\/p>\n<h2><strong>Tartsd az edz\u00e9sterved!<\/strong><\/h2>\n<p>Ha eddig nehezen illesztetted be a napi rutinodba egy\u00e9ni edz\u00e9stervedet, itt a lehet\u0151s\u00e9g, hogy azokon a k\u00e9pess\u00e9geken dolgozz, amiken szeretn\u00e9l. Minden emelked\u0151 val\u00f3s\u00e1gos k\u00fczdelem? Szeretn\u00e9l gyorsabban sprintelni? Most gyakorolhatsz! Feszegesd a hat\u00e1raid \u00e9s m\u00e9rd fel, milyen ter\u00fcleten mennyit b\u00edrsz, hogy tudd, miben kell fejl\u0151dn\u00f6d!<\/p>\n<h2><strong>Els\u0151 a biztons\u00e1g!<\/strong><\/h2>\n<p>Mindenekel\u0151tt azonban az a legfontosabb, hogy biztons\u00e1gban legy\u00e9l, ez pedig plusz el\u0151k\u00e9sz\u00fcleteket ig\u00e9nyel, ha egyed\u00fcl indulsz \u00fatnak. M\u00e9g egy kev\u00e9sb\u00e9 forgalmas helyen, \u00e9s egy t\u00e1vols\u00e1gtart\u00e1st megk\u00f6vetel\u0151 id\u0151ben is leselkednek r\u00e1nk vesz\u00e9lyek. K\u00e9sz\u00fclj fel r\u00e1juk \u00e9s soha ne kock\u00e1ztass! <a href=\"https:\/\/www.welovecycling.com\/hu\/edzes-es-eletmod\/biztonsagi-tippek-szolo-bringasoknak\/\">Kor\u00e1bbi cikk\u00fcnkben<\/a> \u00f6sszegy\u0171jt\u00f6tt\u00fcnk n\u00e9h\u00e1ny tan\u00e1csot, hogyan tekerj egyed\u00fcl, m\u00e9gis biztons\u00e1gban.<\/p>\n<h2><strong>Versenyezhetsz a We Love Cycling csapat\u00e1val!<\/strong><\/h2>\n<p>Nem kell m\u00e1st tenned, csak csatlakozni csapatunkhoz a Strava alkalmaz\u00e1son kereszt\u00fcl, <a href=\"https:\/\/www.strava.com\/clubs\/we-love-cycling-magyarorsz%C3%A1g-592000\">ezen<\/a> a linken. Mindent bele!<\/p>\n","protected":false},"excerpt":{"rendered":"<p>Mindegy, hogy egy v\u00e1ratlan kiruccan\u00e1s a bar\u00e1tokkal, vagy egy r\u00e9g\u00f3ta tervezett teker\u00e9s a megszokott ker\u00e9kp\u00e1ros csapattal, csoportban tekerni mindig j\u00f3 [&hellip;]<\/p>\n","protected":false},"author":71,"featured_media":7477,"comment_status":"open","ping_status":"open","sticky":false,"template":"","format":"standard","meta":{"footnotes":""},"categories":[8],"tags":[],"global-categories":[],"class_list":["post-7474","post","type-post","status-publish","format-standard","has-post-thumbnail","hentry","category-orszaguti-kerekpar"],"yoast_head":"<!-- This site is optimized with the Yoast SEO Premium plugin v25.3 (Yoast SEO v25.9) - https:\/\/yoast.com\/wordpress\/plugins\/seo\/ -->\n<title>Mi\u00e9rt jobb egyed\u00fcl tekerni? - \u0160koda We Love Cycling - Magyarorsz\u00e1g<\/title>\n<meta name=\"robots\" content=\"index, follow, max-snippet:-1, max-image-preview:large, max-video-preview:-1\" \/>\n<link rel=\"canonical\" href=\"https:\/\/www.welovecycling.com\/hu\/orszaguti-kerekpar\/miert-jobb-egyedul-tekerni\/\" \/>\n<meta property=\"og:locale\" content=\"hu_HU\" \/>\n<meta property=\"og:type\" content=\"article\" \/>\n<meta property=\"og:title\" content=\"Mi\u00e9rt jobb egyed\u00fcl tekerni?\" \/>\n<meta property=\"og:description\" content=\"Mindegy, hogy egy v\u00e1ratlan kiruccan\u00e1s a bar\u00e1tokkal, vagy egy r\u00e9g\u00f3ta tervezett teker\u00e9s a megszokott ker\u00e9kp\u00e1ros csapattal, csoportban tekerni mindig j\u00f3 [&hellip;]\" \/>\n<meta property=\"og:url\" content=\"https:\/\/www.welovecycling.com\/hu\/orszaguti-kerekpar\/miert-jobb-egyedul-tekerni\/\" \/>\n<meta property=\"og:site_name\" content=\"\u0160koda We Love Cycling - Magyarorsz\u00e1g\" \/>\n<meta property=\"article:publisher\" content=\"https:\/\/www.facebook.com\/WeLoveCyclingHungary\/\" \/>\n<meta property=\"article:published_time\" content=\"2020-04-27T07:00:28+00:00\" \/>\n<meta property=\"og:image\" content=\"https:\/\/d2p6e6u75xmxt8.cloudfront.net\/12\/2020\/04\/Solo-Cycling-CVR-profimedia-0513759448.jpg\" \/>\n\t<meta property=\"og:image:width\" content=\"1366\" \/>\n\t<meta property=\"og:image:height\" content=\"600\" \/>\n\t<meta property=\"og:image:type\" content=\"image\/jpeg\" \/>\n<meta name=\"author\" content=\"hegyizs\" \/>\n<meta name=\"twitter:card\" content=\"summary_large_image\" \/>\n<meta name=\"twitter:label1\" content=\"Written by\" \/>\n\t<meta name=\"twitter:data1\" content=\"Megan Flottorp\" \/>\n\t<meta name=\"twitter:label2\" content=\"Est. reading time\" \/>\n\t<meta name=\"twitter:data2\" content=\"7\" \/>\n<script type=\"application\/ld+json\" class=\"yoast-schema-graph\">{\"@context\":\"https:\/\/schema.org\",\"@graph\":[{\"@type\":\"WebPage\",\"@id\":\"https:\/\/www.welovecycling.com\/hu\/orszaguti-kerekpar\/miert-jobb-egyedul-tekerni\/\",\"url\":\"https:\/\/www.welovecycling.com\/hu\/orszaguti-kerekpar\/miert-jobb-egyedul-tekerni\/\",\"name\":\"Mi\u00e9rt jobb egyed\u00fcl tekerni? - \u0160koda We Love Cycling - Magyarorsz\u00e1g\",\"isPartOf\":{\"@id\":\"https:\/\/www.welovecycling.com\/hu\/#website\"},\"primaryImageOfPage\":{\"@id\":\"https:\/\/www.welovecycling.com\/hu\/orszaguti-kerekpar\/miert-jobb-egyedul-tekerni\/#primaryimage\"},\"image\":{\"@id\":\"https:\/\/www.welovecycling.com\/hu\/orszaguti-kerekpar\/miert-jobb-egyedul-tekerni\/#primaryimage\"},\"thumbnailUrl\":\"https:\/\/d2p6e6u75xmxt8.cloudfront.net\/12\/2020\/04\/Solo-Cycling-CVR-profimedia-0513759448.jpg\",\"datePublished\":\"2020-04-27T07:00:28+00:00\",\"author\":{\"@id\":\"https:\/\/www.welovecycling.com\/hu\/#\/schema\/person\/414a2aebf1801691a5320edb6468e194\"},\"breadcrumb\":{\"@id\":\"https:\/\/www.welovecycling.com\/hu\/orszaguti-kerekpar\/miert-jobb-egyedul-tekerni\/#breadcrumb\"},\"inLanguage\":\"hu\",\"potentialAction\":[{\"@type\":\"ReadAction\",\"target\":[\"https:\/\/www.welovecycling.com\/hu\/orszaguti-kerekpar\/miert-jobb-egyedul-tekerni\/\"]}]},{\"@type\":\"ImageObject\",\"inLanguage\":\"hu\",\"@id\":\"https:\/\/www.welovecycling.com\/hu\/orszaguti-kerekpar\/miert-jobb-egyedul-tekerni\/#primaryimage\",\"url\":\"https:\/\/d2p6e6u75xmxt8.cloudfront.net\/12\/2020\/04\/Solo-Cycling-CVR-profimedia-0513759448.jpg\",\"contentUrl\":\"https:\/\/d2p6e6u75xmxt8.cloudfront.net\/12\/2020\/04\/Solo-Cycling-CVR-profimedia-0513759448.jpg\",\"width\":1366,\"height\":600,\"caption\":\"Solo cycling\"},{\"@type\":\"BreadcrumbList\",\"@id\":\"https:\/\/www.welovecycling.com\/hu\/orszaguti-kerekpar\/miert-jobb-egyedul-tekerni\/#breadcrumb\",\"itemListElement\":[{\"@type\":\"ListItem\",\"position\":1,\"name\":\"Home\",\"item\":\"https:\/\/www.welovecycling.com\/hu\/\"},{\"@type\":\"ListItem\",\"position\":2,\"name\":\"Mi\u00e9rt jobb egyed\u00fcl tekerni?\"}]},{\"@type\":\"WebSite\",\"@id\":\"https:\/\/www.welovecycling.com\/hu\/#website\",\"url\":\"https:\/\/www.welovecycling.com\/hu\/\",\"name\":\"\u0160koda We Love Cycling - Magyarorsz\u00e1g\",\"description\":\"\u0160koda WeLoveCycling\",\"potentialAction\":[{\"@type\":\"SearchAction\",\"target\":{\"@type\":\"EntryPoint\",\"urlTemplate\":\"https:\/\/www.welovecycling.com\/hu\/?s={search_term_string}\"},\"query-input\":{\"@type\":\"PropertyValueSpecification\",\"valueRequired\":true,\"valueName\":\"search_term_string\"}}],\"inLanguage\":\"hu\"},{\"@type\":\"Person\",\"@id\":\"https:\/\/www.welovecycling.com\/hu\/#\/schema\/person\/414a2aebf1801691a5320edb6468e194\",\"name\":\"hegyizs\",\"image\":{\"@type\":\"ImageObject\",\"inLanguage\":\"hu\",\"@id\":\"https:\/\/www.welovecycling.com\/hu\/#\/schema\/person\/image\/\",\"url\":\"https:\/\/secure.gravatar.com\/avatar\/02cf8a7906b8cf90cecb4679defac7cfd33a1c2e3b88e4903d947f3bb58eedd3?s=96&d=mm&r=g\",\"contentUrl\":\"https:\/\/secure.gravatar.com\/avatar\/02cf8a7906b8cf90cecb4679defac7cfd33a1c2e3b88e4903d947f3bb58eedd3?s=96&d=mm&r=g\",\"caption\":\"hegyizs\"},\"url\":\"https:\/\/www.welovecycling.com\/hu\/author\/hegyizs\/\"}]}<\/script>\n<!-- \/ Yoast SEO Premium plugin. -->","yoast_head_json":{"title":"Mi\u00e9rt jobb egyed\u00fcl tekerni? - \u0160koda We Love Cycling - Magyarorsz\u00e1g","robots":{"index":"index","follow":"follow","max-snippet":"max-snippet:-1","max-image-preview":"max-image-preview:large","max-video-preview":"max-video-preview:-1"},"canonical":"https:\/\/www.welovecycling.com\/hu\/orszaguti-kerekpar\/miert-jobb-egyedul-tekerni\/","og_locale":"hu_HU","og_type":"article","og_title":"Mi\u00e9rt jobb egyed\u00fcl tekerni?","og_description":"Mindegy, hogy egy v\u00e1ratlan kiruccan\u00e1s a bar\u00e1tokkal, vagy egy r\u00e9g\u00f3ta tervezett teker\u00e9s a megszokott ker\u00e9kp\u00e1ros csapattal, csoportban tekerni mindig j\u00f3 [&hellip;]","og_url":"https:\/\/www.welovecycling.com\/hu\/orszaguti-kerekpar\/miert-jobb-egyedul-tekerni\/","og_site_name":"\u0160koda We Love Cycling - Magyarorsz\u00e1g","article_publisher":"https:\/\/www.facebook.com\/WeLoveCyclingHungary\/","article_published_time":"2020-04-27T07:00:28+00:00","og_image":[{"width":1366,"height":600,"url":"https:\/\/d2p6e6u75xmxt8.cloudfront.net\/12\/2020\/04\/Solo-Cycling-CVR-profimedia-0513759448.jpg","type":"image\/jpeg"}],"author":"hegyizs","twitter_card":"summary_large_image","twitter_misc":{"Written by":"Megan Flottorp","Est. reading time":"7"},"schema":{"@context":"https:\/\/schema.org","@graph":[{"@type":"WebPage","@id":"https:\/\/www.welovecycling.com\/hu\/orszaguti-kerekpar\/miert-jobb-egyedul-tekerni\/","url":"https:\/\/www.welovecycling.com\/hu\/orszaguti-kerekpar\/miert-jobb-egyedul-tekerni\/","name":"Mi\u00e9rt jobb egyed\u00fcl tekerni? - \u0160koda We Love Cycling - Magyarorsz\u00e1g","isPartOf":{"@id":"https:\/\/www.welovecycling.com\/hu\/#website"},"primaryImageOfPage":{"@id":"https:\/\/www.welovecycling.com\/hu\/orszaguti-kerekpar\/miert-jobb-egyedul-tekerni\/#primaryimage"},"image":{"@id":"https:\/\/www.welovecycling.com\/hu\/orszaguti-kerekpar\/miert-jobb-egyedul-tekerni\/#primaryimage"},"thumbnailUrl":"https:\/\/d2p6e6u75xmxt8.cloudfront.net\/12\/2020\/04\/Solo-Cycling-CVR-profimedia-0513759448.jpg","datePublished":"2020-04-27T07:00:28+00:00","author":{"@id":"https:\/\/www.welovecycling.com\/hu\/#\/schema\/person\/414a2aebf1801691a5320edb6468e194"},"breadcrumb":{"@id":"https:\/\/www.welovecycling.com\/hu\/orszaguti-kerekpar\/miert-jobb-egyedul-tekerni\/#breadcrumb"},"inLanguage":"hu","potentialAction":[{"@type":"ReadAction","target":["https:\/\/www.welovecycling.com\/hu\/orszaguti-kerekpar\/miert-jobb-egyedul-tekerni\/"]}]},{"@type":"ImageObject","inLanguage":"hu","@id":"https:\/\/www.welovecycling.com\/hu\/orszaguti-kerekpar\/miert-jobb-egyedul-tekerni\/#primaryimage","url":"https:\/\/d2p6e6u75xmxt8.cloudfront.net\/12\/2020\/04\/Solo-Cycling-CVR-profimedia-0513759448.jpg","contentUrl":"https:\/\/d2p6e6u75xmxt8.cloudfront.net\/12\/2020\/04\/Solo-Cycling-CVR-profimedia-0513759448.jpg","width":1366,"height":600,"caption":"Solo cycling"},{"@type":"BreadcrumbList","@id":"https:\/\/www.welovecycling.com\/hu\/orszaguti-kerekpar\/miert-jobb-egyedul-tekerni\/#breadcrumb","itemListElement":[{"@type":"ListItem","position":1,"name":"Home","item":"https:\/\/www.welovecycling.com\/hu\/"},{"@type":"ListItem","position":2,"name":"Mi\u00e9rt jobb egyed\u00fcl tekerni?"}]},{"@type":"WebSite","@id":"https:\/\/www.welovecycling.com\/hu\/#website","url":"https:\/\/www.welovecycling.com\/hu\/","name":"\u0160koda We Love Cycling - Magyarorsz\u00e1g","description":"\u0160koda WeLoveCycling","potentialAction":[{"@type":"SearchAction","target":{"@type":"EntryPoint","urlTemplate":"https:\/\/www.welovecycling.com\/hu\/?s={search_term_string}"},"query-input":{"@type":"PropertyValueSpecification","valueRequired":true,"valueName":"search_term_string"}}],"inLanguage":"hu"},{"@type":"Person","@id":"https:\/\/www.welovecycling.com\/hu\/#\/schema\/person\/414a2aebf1801691a5320edb6468e194","name":"hegyizs","image":{"@type":"ImageObject","inLanguage":"hu","@id":"https:\/\/www.welovecycling.com\/hu\/#\/schema\/person\/image\/","url":"https:\/\/secure.gravatar.com\/avatar\/02cf8a7906b8cf90cecb4679defac7cfd33a1c2e3b88e4903d947f3bb58eedd3?s=96&d=mm&r=g","contentUrl":"https:\/\/secure.gravatar.com\/avatar\/02cf8a7906b8cf90cecb4679defac7cfd33a1c2e3b88e4903d947f3bb58eedd3?s=96&d=mm&r=g","caption":"hegyizs"},"url":"https:\/\/www.welovecycling.com\/hu\/author\/hegyizs\/"}]}},"_links":{"self":[{"href":"https:\/\/www.welovecycling.com\/hu\/wp-json\/wp\/v2\/posts\/7474","targetHints":{"allow":["GET"]}}],"collection":[{"href":"https:\/\/www.welovecycling.com\/hu\/wp-json\/wp\/v2\/posts"}],"about":[{"href":"https:\/\/www.welovecycling.com\/hu\/wp-json\/wp\/v2\/types\/post"}],"author":[{"embeddable":true,"href":"https:\/\/www.welovecycling.com\/hu\/wp-json\/wp\/v2\/users\/71"}],"replies":[{"embeddable":true,"href":"https:\/\/www.welovecycling.com\/hu\/wp-json\/wp\/v2\/comments?post=7474"}],"version-history":[{"count":1,"href":"https:\/\/www.welovecycling.com\/hu\/wp-json\/wp\/v2\/posts\/7474\/revisions"}],"predecessor-version":[{"id":7492,"href":"https:\/\/www.welovecycling.com\/hu\/wp-json\/wp\/v2\/posts\/7474\/revisions\/7492"}],"wp:featuredmedia":[{"embeddable":true,"href":"https:\/\/www.welovecycling.com\/hu\/wp-json\/wp\/v2\/media\/7477"}],"wp:attachment":[{"href":"https:\/\/www.welovecycling.com\/hu\/wp-json\/wp\/v2\/media?parent=7474"}],"wp:term":[{"taxonomy":"category","embeddable":true,"href":"https:\/\/www.welovecycling.com\/hu\/wp-json\/wp\/v2\/categories?post=7474"},{"taxonomy":"post_tag","embeddable":true,"href":"https:\/\/www.welovecycling.com\/hu\/wp-json\/wp\/v2\/tags?post=7474"},{"taxonomy":"global-categories","embeddable":true,"href":"https:\/\/www.welovecycling.com\/hu\/wp-json\/wp\/v2\/global-categories?post=7474"}],"curies":[{"name":"wp","href":"https:\/\/api.w.org\/{rel}","templated":true}]}}