{"id":7458,"date":"2020-04-24T16:00:31","date_gmt":"2020-04-24T15:00:31","guid":{"rendered":"https:\/\/www.welovecycling.com\/hu\/?p=7458"},"modified":"2020-04-28T13:22:07","modified_gmt":"2020-04-28T12:22:07","slug":"teged-az-isten-kuldott-mobilszerviz-ket-kereken","status":"publish","type":"post","link":"https:\/\/www.welovecycling.com\/hu\/kozosseg-es-kultura\/teged-az-isten-kuldott-mobilszerviz-ket-kereken\/","title":{"rendered":"\u201eT\u00e9ged az Isten k\u00fcld\u00f6tt!\u201d \u2013 mobilszerviz k\u00e9t ker\u00e9ken"},"content":{"rendered":"<p><strong>Egy sz\u00e9p tavaszi este m\u00e1r hazafel\u00e9 tekersz, m\u00e9lyen besz\u00edvod a friss\u00edt\u0151, vir\u00e1gillat\u00fa leveg\u0151t, amikor halk szisszen\u00e9st hallasz, \u00e9s ahogy ellaposodik a kereked, \u00fagy sz\u00e1ll el bel\u0151led a rem\u00e9ny is, hogy haza\u00e9rsz vacsoraid\u0151re. Mit lehet ilyenkor tenni? A szervizek m\u00e1r r\u00e9g bez\u00e1rtak, n\u00e1lad pedig nincs defekt gyorsjav\u00edt\u00f3, \u00e9s am\u00fagy is olyan a k\u00e9z\u00fcgyess\u00e9ged, mint egy aranyhalnak. B\u00e1rcsak szembe j\u00f6nne valaki, akin\u00e9l van minden, amire sz\u00fcks\u00e9ged lenne!<\/strong><!--more--><\/p>\n<p>Sokan tal\u00e1n nem is hisznek a f\u00fcl\u00fcknek, amikor f\u00fcstbe ment terveiket siratva, meg\u00e1ll mellett\u00fck valaki, aki t\u00f6rt\u00e9netesen pont mobilszervizes. Rapcsok Ferenccel besz\u00e9lgett\u00fcnk, aki a bar\u00e1tainak csak Csito, \u00e9s minden bring\u00e1s a bar\u00e1tja.<\/p>\n<p><strong><em>Az a legenda kering a v\u00e1rosban, hogy j\u00e1rod az utc\u00e1kat \u00e9s seg\u00edtesz a bajba jutott bring\u00e1soknak. Hogy kell ezt elk\u00e9pzeln\u00fcnk?<\/em><\/strong><\/p>\n<p>Ez m\u00e9g azel\u0151tt kezd\u0151d\u00f6tt, hogy biciklis fut\u00e1r lettem volna, 18 \u00e9vesen v\u00e1gtam bele. Azt\u00e1n fut\u00e1rk\u00e9nt is folytattam. Napi 150-200 km-et megtettem munkaid\u0151ben, de m\u00e9g belef\u00e9rt, hogy est\u00e9nk\u00e9nt 60-70 km-et lenyomjak, mik\u00f6zben j\u00e1rtam a v\u00e1rost, hogy seg\u00edthessek, ha valakinek sz\u00fcks\u00e9ge van r\u00e1m. 17 \u00e9ves korom \u00f3ta foglalkozok ker\u00e9kp\u00e1rszerel\u00e9ssel, vizsg\u00e1t is tettem, \u00edgy majdnem m\u00e1sf\u00e9l \u00e9vtizede funkcion\u00e1lok mobilszervizesk\u00e9nt. Teh\u00e1t j\u00e1rom Budapest utc\u00e1it \u00e9s szervizelek, defektet jav\u00edtok, kisebb munk\u00e1kat elv\u00e9gzek a helysz\u00ednen, a piaci \u00e1rakn\u00e1l 10-20%-kal olcs\u00f3bban. Ha pedig valamit nem tudok helyben megcsin\u00e1lni, akkor egy bar\u00e1tom m\u0171hely\u00e9be viszem a ker\u00e9kp\u00e1rt.<\/p>\n<p><strong><em>Hogy kezd\u0151d\u00f6tt ez az eg\u00e9sz? Milyen sz\u00e1lak f\u0171znek a bicikliz\u00e9shez?<\/em><\/strong><\/p>\n<p>El\u00e9g szorosak! Kilenc \u00e9ve hegyiker\u00e9kp\u00e1ros versenyz\u0151 vagyok, sajnos k\u00e9t \u00e9vet ki kellett hagynom egy baleset miatt, okt\u00f3berben \u00fclhettem vissza a nyeregbe, id\u00e9n janu\u00e1rt\u00f3l pedig m\u00e1r rendesen tudok edzeni. A versenyz\u00e9s mellett pedig szeretek t\u00far\u00e1zni is, gyakorlatilag Magyarorsz\u00e1gon b\u00e1rhova sz\u00edvesen megyek. Hat \u00e9ves korom \u00f3ta sportolok, de persze nem csak a ker\u00e9kp\u00e1r szeretete az, ami miatt elkezdtem mobilszervizelni. Mindig is seg\u00edteni akartam az embereknek, minden h\u00e9ten adok plazm\u00e1t \u00e9s mindig meg\u00e1llok seg\u00edteni, ha valakinek sz\u00fcks\u00e9ge van r\u00e1. Annak pedig, hogy vannak n\u00e1lam szersz\u00e1mok egy kellemetlen t\u00f6rt\u00e9net az oka. 18 \u00e9vesen a XIII. ker\u00fcletben laktam \u00e9s kaptam egy defektet este 10-kor a X. ker\u00fcletben. Persze nem volt n\u00e1lam semmilyen szersz\u00e1m, \u00fagyhogy elindultam gyalog. Hajnali kett\u0151kor m\u00e1r leszakadt a l\u00e1bam. Ekkor d\u00f6nt\u00f6ttem el, hogy ha m\u00e1r tudok szerelni, h\u00e1t kihaszn\u00e1lom \u00e9s mindig lesz n\u00e1lam szersz\u00e1m!<\/p>\n<p><strong><em>Milyen szersz\u00e1mok szoktak meglapulni a t\u00e1sk\u00e1dban? Nem irgalmatlanul neh\u00e9z mindig ezekkel j\u00e1rni?<\/em><\/strong><\/p>\n<p>Fog\u00f3, csavarh\u00faz\u00f3, vill\u00e1skulcsok, gumibels\u0151, bowdenek minden, ami kellhet. Kezdetben 8-10 kil\u00f3 is volt a h\u00e1tizs\u00e1kom. Azt\u00e1n kitapasztaltam, hogy el\u00e9g 3-4 kil\u00f3 szersz\u00e1m is. De ha nem kifejezetten szerelni megyek, csak tekerek egyet, akkor maximum egy kil\u00f3 van n\u00e1lam. Defektre \u00e9s bowden szakad\u00e1sra szoktam ilyenkor felk\u00e9sz\u00fclni.<\/p>\n<p>Nekem a bring\u00e1m egy\u00e9bk\u00e9nt sem k\u00f6nny\u0171, folyamatosan fejlesztgetem, id\u0151nk\u00e9nt felteszem a h\u00e1ts\u00f3 csomagtart\u00f3mat is, az eg\u00e9sz biciklin pedig v\u00e9gigfut egy ledsor. A saj\u00e1t bring\u00e1m a referenciamunk\u00e1m. Volt, aki ki is pr\u00f3b\u00e1lta: ilyen, amikor egy bringa j\u00f3l \u00f6ssze van rakva!<\/p>\n<p><img loading=\"lazy\" decoding=\"async\" class=\"aligncenter size-large wp-image-7460\" src=\"https:\/\/d2p6e6u75xmxt8.cloudfront.net\/12\/2020\/04\/IMG_20200321_083519-1024x768.jpg\" alt=\"\" width=\"1024\" height=\"768\" srcset=\"https:\/\/d2p6e6u75xmxt8.cloudfront.net\/12\/2020\/04\/IMG_20200321_083519-1024x768.jpg 1024w, https:\/\/d2p6e6u75xmxt8.cloudfront.net\/12\/2020\/04\/IMG_20200321_083519-300x225.jpg 300w, https:\/\/d2p6e6u75xmxt8.cloudfront.net\/12\/2020\/04\/IMG_20200321_083519-768x576.jpg 768w, https:\/\/d2p6e6u75xmxt8.cloudfront.net\/12\/2020\/04\/IMG_20200321_083519.jpg 1200w\" sizes=\"auto, (max-width: 1024px) 100vw, 1024px\" \/><\/p>\n<p><strong><em>Amikor \u00edgy felt\u0171nsz a semmib\u0151l, biztosan nagyon h\u00e1l\u00e1sak neked a bajbajutottak. Milyen visszajelz\u00e9seket kapt\u00e1l eddigi munk\u00e1d sor\u00e1n?<\/em><\/strong><\/p>\n<p>Szerencs\u00e9re nagyon j\u00f3kat, m\u00falt h\u00e9ten p\u00e9ld\u00e1ul mentem haza munk\u00e1b\u00f3l \u00e9s az egyik szomsz\u00e9d \u00e9pp szerelte a biciklij\u00e9t, meg\u00e1lltam, megk\u00e9rdeztem, hogy tudok-e seg\u00edteni. <em>\u201eT\u00e9ged az Isten k\u00fcld\u00f6tt.\u201d <\/em>\u00a0&#8211; mondta. Lehoztam a szersz\u00e1mokat, megcsin\u00e1ltam, amit kellett, k\u00e9rdezte mivel tartozik. Annyit mondtam, hogy csak egy dologgal: hogy tov\u00e1bb mennek \u00e9s \u00e9lvezik a nyarat. Anyagot nem tettem bele, 20 perc volt az eg\u00e9sz szervizel\u00e9s, m\u00e9gis mi\u00e9rt k\u00e9rjek \u00e9rte p\u00e9nzt? Ezut\u00e1n a lak\u00f3t\u00e1rsam felh\u00edvott, hogy kaptam a szomsz\u00e9dt\u00f3l meglepet\u00e9st: otthon v\u00e1rt egy \u00fcveg bor. Nagyon j\u00f3 \u00e9rz\u00e9s volt. Ilyen apr\u00f3s\u00e1gok motiv\u00e1lnak.<\/p>\n<p>Egy m\u00e1sik alkalommal, pedig m\u00e9g nagyobb dolgot kaptam\u2026 Ez egy s\u00edr\u00f3 kisl\u00e1nnyal kezd\u0151d\u00f6tt, aki a nagypap\u00e1j\u00e1val indult bring\u00e1zni, de defektet kapott. Amikor oda\u00e9rtem zokogott, \u00fagy tolta a biciklij\u00e9t. Megk\u00e9rdeztem, tudok-e seg\u00edteni. Mondta a papa, hogy nincs n\u00e1luk p\u00e9nz. De \u00e9n nem ezt k\u00e9rdeztem, hanem hogy tudok-e seg\u00edteni. Megcsin\u00e1ltam a defektet. Olyan j\u00f3 \u00e9rz\u00e9s volt, ahogy mosolyogva tekert el a kisl\u00e1ny! A nagypapa elk\u00e9rte a n\u00e9vjegyk\u00e1rty\u00e1m, m\u00e1snap h\u00edvott a l\u00e1nya, hogy szeretn\u00e9nek megvend\u00e9gelni. Persze elfogadtam a megh\u00edv\u00e1st, meg\u00e9rkeztem, ekkor is akartak p\u00e9nzt adni, de nem fogadtam el. Megk\u00e9rtek, hogy n\u00e9zzek r\u00e1 a biciklij\u00fckre. N\u00e1lam mindig van szersz\u00e1m, h\u00e1t megtettem, nem volt sok gond, megcsin\u00e1ltam. Ragaszkodtak hozz\u00e1, hogy kifizess\u00e9k. Le\u00edrtam nekik mennyi a bolti \u00e1r \u00e9s levontam 30%-ot. Erre a feles\u00e9ge megk\u00e9rdezte, hogy \u00e9s ha maradok vacsor\u00e1ra? Mondtam, hogy akkor 60-at vonok le! V\u00e9g\u00fcl az \u00e1r fele a kisl\u00e1ny persely\u00e9ben v\u00e9gezte. Meg is maradt a bar\u00e1ts\u00e1g k\u00f6z\u00f6tt\u00fcnk az\u00f3ta is!<\/p>\n<p><strong><em>Ha \u00e9ppen nem j\u00f6ssz vel\u00fck szembe csod\u00e1val hat\u00e1ros m\u00f3don, hogy tudnak t\u00e9ged el\u00e9rni a bajbajutottak?<\/em><\/strong><\/p>\n<p>Facebook Messengeren, illetve telefonon, a nap 24 \u00f3r\u00e1j\u00e1ban el\u00e9rhet\u0151 vagyok, de sajnos nem mindig tudok a munkahelyemr\u0151l elszabadulni. R\u00e9gen sokkal mobilisabb voltam\u2026 Ahogy elmondj\u00e1k a probl\u00e9m\u00e1kat, \u00f6sszerakom a fejemben az \u00e1rat, ha messzebbre kell menni, akkor ezt is belekalkul\u00e1lom, \u00edgy el\u0151re meg tudom mondani k\u00f6r\u00fclbel\u00fcl mennyit kell majd fizetni\u00fck. De ez f\u0151leg anyag\u00e1r \u00e9s a kisz\u00e1ll\u00e1snak a d\u00edja, nem a p\u00e9nz\u00e9rt csin\u00e1lom. Ez nekem egy sz\u00f3rakoz\u00e1s, j\u00e1t\u00e9k, \u00f6r\u00f6m.<\/p>\n<p><img loading=\"lazy\" decoding=\"async\" class=\"aligncenter wp-image-7461 size-full\" src=\"https:\/\/d2p6e6u75xmxt8.cloudfront.net\/12\/2020\/04\/20190927_095609.jpg\" alt=\"\" width=\"675\" height=\"900\" srcset=\"https:\/\/d2p6e6u75xmxt8.cloudfront.net\/12\/2020\/04\/20190927_095609.jpg 675w, https:\/\/d2p6e6u75xmxt8.cloudfront.net\/12\/2020\/04\/20190927_095609-225x300.jpg 225w\" sizes=\"auto, (max-width: 675px) 100vw, 675px\" \/><\/p>\n<p><em><b>Ha m\u00e1r sz\u00f3rakoz\u00e1s \u00e9s j\u00e1t\u00e9k\u2026 a te nevedhez f\u0171z\u0151dik\u00a0a jelmezes teker\u00e9s is. Mi is ez pontosan?<\/b><\/em><\/p>\n<p>Egy j\u00f3 bar\u00e1tommal, Kurtz P\u00e9terrel tal\u00e1ltuk ezt ki: \u00fagy indult, hogy r\u00e9gen egy ruha\u00fczletben dolgoztam vagyon\u0151rk\u00e9nt, ahol egy ismer\u0151s v\u00e1s\u00e1rl\u00f3 tal\u00e1lt egy p\u00f3kember-jelmezt \u00e9s nem tudta, mit csin\u00e1ljon vele a gyerekek farsangi \u00fcnneps\u00e9ge ut\u00e1n. Na, majd Csito felveszi! Fel is vettem munka ut\u00e1n, ekkor persze elkezdtek cukkolni, hogy \u00fagysem megyek vele haza. H\u00e1t dehogynem! Hazatekertem benne, k\u00f6zben mindenhol fot\u00f3ztak, vide\u00f3ztak, a gyerekek meg\u00e1ll\u00edtottak, hogy k\u00e9sz\u00edthetnek-e egy k\u00e9pet a P\u00f3kember b\u00e1csival. K\u00e9s\u0151bb po\u00e9nb\u00f3l \u00fajra felvettem a gyerekek kedv\u00e9\u00e9rt egy csoportos teker\u00e9sre. Nagy sikere volt! V\u00e9g\u00fcl \u00e1tszabattam a ruh\u00e1t, hogy k\u00e9nyelmesebb legyen. Peti \u00f6tlete volt, hogy csin\u00e1ljunk egy jelmezes teker\u00e9s! Az els\u0151 alkalomra 8-10 f\u0151 j\u00f6tt el, menet k\u00f6zben pedig 15-20-an lett\u00fcnk. Be\u00e9p\u00edtett hangsz\u00f3r\u00f3mb\u00f3l ment a zene, a gyerekek im\u00e1dt\u00e1k az eg\u00e9szet, \u00e9s mindenki j\u00f3l \u00e9rezte mag\u00e1t! Az\u00f3ta m\u00e1r a harmadik esem\u00e9nyen is t\u00fal vagyunk, \u00e9s lesz m\u00e9g t\u00f6bb is!<\/p>\n<lite-youtube videoid=0_eWmytV7is params=\"enablejsapi=1\" style=\"background-image: url('https:\/\/i.ytimg.com\/vi_webp\/0_eWmytV7is\/maxresdefault.webp');\"><\/lite-youtube>\n","protected":false},"excerpt":{"rendered":"<p>Egy sz\u00e9p tavaszi este m\u00e1r hazafel\u00e9 tekersz, m\u00e9lyen besz\u00edvod a friss\u00edt\u0151, vir\u00e1gillat\u00fa leveg\u0151t, amikor halk szisszen\u00e9st hallasz, \u00e9s ahogy ellaposodik [&hellip;]<\/p>\n","protected":false},"author":71,"featured_media":7459,"comment_status":"open","ping_status":"open","sticky":false,"template":"","format":"standard","meta":{"footnotes":""},"categories":[12],"tags":[],"global-categories":[],"class_list":["post-7458","post","type-post","status-publish","format-standard","has-post-thumbnail","hentry","category-kozosseg-es-kultura"],"yoast_head":"<!-- This site is optimized with the Yoast SEO Premium plugin v25.3 (Yoast SEO v25.9) - https:\/\/yoast.com\/wordpress\/plugins\/seo\/ -->\n<title>\u201eT\u00e9ged az Isten k\u00fcld\u00f6tt!\u201d \u2013 mobilszerviz k\u00e9t ker\u00e9ken - \u0160koda We Love Cycling - Magyarorsz\u00e1g<\/title>\n<meta name=\"robots\" content=\"index, follow, max-snippet:-1, max-image-preview:large, max-video-preview:-1\" \/>\n<link rel=\"canonical\" href=\"https:\/\/www.welovecycling.com\/hu\/kozosseg-es-kultura\/teged-az-isten-kuldott-mobilszerviz-ket-kereken\/\" \/>\n<meta property=\"og:locale\" content=\"hu_HU\" \/>\n<meta property=\"og:type\" content=\"article\" \/>\n<meta property=\"og:title\" content=\"\u201eT\u00e9ged az Isten k\u00fcld\u00f6tt!\u201d \u2013 mobilszerviz k\u00e9t ker\u00e9ken\" \/>\n<meta property=\"og:description\" content=\"Egy sz\u00e9p tavaszi este m\u00e1r hazafel\u00e9 tekersz, m\u00e9lyen besz\u00edvod a friss\u00edt\u0151, vir\u00e1gillat\u00fa leveg\u0151t, amikor halk szisszen\u00e9st hallasz, \u00e9s ahogy ellaposodik [&hellip;]\" \/>\n<meta property=\"og:url\" content=\"https:\/\/www.welovecycling.com\/hu\/kozosseg-es-kultura\/teged-az-isten-kuldott-mobilszerviz-ket-kereken\/\" \/>\n<meta property=\"og:site_name\" content=\"\u0160koda We Love Cycling - Magyarorsz\u00e1g\" \/>\n<meta property=\"article:publisher\" content=\"https:\/\/www.facebook.com\/WeLoveCyclingHungary\/\" \/>\n<meta property=\"article:published_time\" content=\"2020-04-24T15:00:31+00:00\" \/>\n<meta property=\"article:modified_time\" content=\"2020-04-28T12:22:07+00:00\" \/>\n<meta property=\"og:image\" content=\"https:\/\/d2p6e6u75xmxt8.cloudfront.net\/12\/2020\/04\/IMG_20200405_202922.jpg\" \/>\n\t<meta property=\"og:image:width\" content=\"1200\" \/>\n\t<meta property=\"og:image:height\" content=\"900\" \/>\n\t<meta property=\"og:image:type\" content=\"image\/jpeg\" \/>\n<meta name=\"author\" content=\"hegyizs\" \/>\n<meta name=\"twitter:card\" content=\"summary_large_image\" \/>\n<meta name=\"twitter:label1\" content=\"Written by\" \/>\n\t<meta name=\"twitter:data1\" content=\"WLC\" \/>\n\t<meta name=\"twitter:label2\" content=\"Est. reading time\" \/>\n\t<meta name=\"twitter:data2\" content=\"7 minutes\" \/>\n<script type=\"application\/ld+json\" class=\"yoast-schema-graph\">{\"@context\":\"https:\/\/schema.org\",\"@graph\":[{\"@type\":\"WebPage\",\"@id\":\"https:\/\/www.welovecycling.com\/hu\/kozosseg-es-kultura\/teged-az-isten-kuldott-mobilszerviz-ket-kereken\/\",\"url\":\"https:\/\/www.welovecycling.com\/hu\/kozosseg-es-kultura\/teged-az-isten-kuldott-mobilszerviz-ket-kereken\/\",\"name\":\"\u201eT\u00e9ged az Isten k\u00fcld\u00f6tt!\u201d \u2013 mobilszerviz k\u00e9t ker\u00e9ken - \u0160koda We Love Cycling - Magyarorsz\u00e1g\",\"isPartOf\":{\"@id\":\"https:\/\/www.welovecycling.com\/hu\/#website\"},\"primaryImageOfPage\":{\"@id\":\"https:\/\/www.welovecycling.com\/hu\/kozosseg-es-kultura\/teged-az-isten-kuldott-mobilszerviz-ket-kereken\/#primaryimage\"},\"image\":{\"@id\":\"https:\/\/www.welovecycling.com\/hu\/kozosseg-es-kultura\/teged-az-isten-kuldott-mobilszerviz-ket-kereken\/#primaryimage\"},\"thumbnailUrl\":\"https:\/\/d2p6e6u75xmxt8.cloudfront.net\/12\/2020\/04\/IMG_20200405_202922.jpg\",\"datePublished\":\"2020-04-24T15:00:31+00:00\",\"dateModified\":\"2020-04-28T12:22:07+00:00\",\"author\":{\"@id\":\"https:\/\/www.welovecycling.com\/hu\/#\/schema\/person\/414a2aebf1801691a5320edb6468e194\"},\"breadcrumb\":{\"@id\":\"https:\/\/www.welovecycling.com\/hu\/kozosseg-es-kultura\/teged-az-isten-kuldott-mobilszerviz-ket-kereken\/#breadcrumb\"},\"inLanguage\":\"hu\",\"potentialAction\":[{\"@type\":\"ReadAction\",\"target\":[\"https:\/\/www.welovecycling.com\/hu\/kozosseg-es-kultura\/teged-az-isten-kuldott-mobilszerviz-ket-kereken\/\"]}]},{\"@type\":\"ImageObject\",\"inLanguage\":\"hu\",\"@id\":\"https:\/\/www.welovecycling.com\/hu\/kozosseg-es-kultura\/teged-az-isten-kuldott-mobilszerviz-ket-kereken\/#primaryimage\",\"url\":\"https:\/\/d2p6e6u75xmxt8.cloudfront.net\/12\/2020\/04\/IMG_20200405_202922.jpg\",\"contentUrl\":\"https:\/\/d2p6e6u75xmxt8.cloudfront.net\/12\/2020\/04\/IMG_20200405_202922.jpg\",\"width\":1200,\"height\":900},{\"@type\":\"BreadcrumbList\",\"@id\":\"https:\/\/www.welovecycling.com\/hu\/kozosseg-es-kultura\/teged-az-isten-kuldott-mobilszerviz-ket-kereken\/#breadcrumb\",\"itemListElement\":[{\"@type\":\"ListItem\",\"position\":1,\"name\":\"Home\",\"item\":\"https:\/\/www.welovecycling.com\/hu\/\"},{\"@type\":\"ListItem\",\"position\":2,\"name\":\"\u201eT\u00e9ged az Isten k\u00fcld\u00f6tt!\u201d \u2013 mobilszerviz k\u00e9t ker\u00e9ken\"}]},{\"@type\":\"WebSite\",\"@id\":\"https:\/\/www.welovecycling.com\/hu\/#website\",\"url\":\"https:\/\/www.welovecycling.com\/hu\/\",\"name\":\"\u0160koda We Love Cycling - Magyarorsz\u00e1g\",\"description\":\"\u0160koda WeLoveCycling\",\"potentialAction\":[{\"@type\":\"SearchAction\",\"target\":{\"@type\":\"EntryPoint\",\"urlTemplate\":\"https:\/\/www.welovecycling.com\/hu\/?s={search_term_string}\"},\"query-input\":{\"@type\":\"PropertyValueSpecification\",\"valueRequired\":true,\"valueName\":\"search_term_string\"}}],\"inLanguage\":\"hu\"},{\"@type\":\"Person\",\"@id\":\"https:\/\/www.welovecycling.com\/hu\/#\/schema\/person\/414a2aebf1801691a5320edb6468e194\",\"name\":\"hegyizs\",\"image\":{\"@type\":\"ImageObject\",\"inLanguage\":\"hu\",\"@id\":\"https:\/\/www.welovecycling.com\/hu\/#\/schema\/person\/image\/\",\"url\":\"https:\/\/secure.gravatar.com\/avatar\/02cf8a7906b8cf90cecb4679defac7cfd33a1c2e3b88e4903d947f3bb58eedd3?s=96&d=mm&r=g\",\"contentUrl\":\"https:\/\/secure.gravatar.com\/avatar\/02cf8a7906b8cf90cecb4679defac7cfd33a1c2e3b88e4903d947f3bb58eedd3?s=96&d=mm&r=g\",\"caption\":\"hegyizs\"},\"url\":\"https:\/\/www.welovecycling.com\/hu\/author\/hegyizs\/\"}]}<\/script>\n<!-- \/ Yoast SEO Premium plugin. -->","yoast_head_json":{"title":"\u201eT\u00e9ged az Isten k\u00fcld\u00f6tt!\u201d \u2013 mobilszerviz k\u00e9t ker\u00e9ken - \u0160koda We Love Cycling - Magyarorsz\u00e1g","robots":{"index":"index","follow":"follow","max-snippet":"max-snippet:-1","max-image-preview":"max-image-preview:large","max-video-preview":"max-video-preview:-1"},"canonical":"https:\/\/www.welovecycling.com\/hu\/kozosseg-es-kultura\/teged-az-isten-kuldott-mobilszerviz-ket-kereken\/","og_locale":"hu_HU","og_type":"article","og_title":"\u201eT\u00e9ged az Isten k\u00fcld\u00f6tt!\u201d \u2013 mobilszerviz k\u00e9t ker\u00e9ken","og_description":"Egy sz\u00e9p tavaszi este m\u00e1r hazafel\u00e9 tekersz, m\u00e9lyen besz\u00edvod a friss\u00edt\u0151, vir\u00e1gillat\u00fa leveg\u0151t, amikor halk szisszen\u00e9st hallasz, \u00e9s ahogy ellaposodik [&hellip;]","og_url":"https:\/\/www.welovecycling.com\/hu\/kozosseg-es-kultura\/teged-az-isten-kuldott-mobilszerviz-ket-kereken\/","og_site_name":"\u0160koda We Love Cycling - Magyarorsz\u00e1g","article_publisher":"https:\/\/www.facebook.com\/WeLoveCyclingHungary\/","article_published_time":"2020-04-24T15:00:31+00:00","article_modified_time":"2020-04-28T12:22:07+00:00","og_image":[{"width":1200,"height":900,"url":"https:\/\/d2p6e6u75xmxt8.cloudfront.net\/12\/2020\/04\/IMG_20200405_202922.jpg","type":"image\/jpeg"}],"author":"hegyizs","twitter_card":"summary_large_image","twitter_misc":{"Written by":"WLC","Est. reading time":"7 minutes"},"schema":{"@context":"https:\/\/schema.org","@graph":[{"@type":"WebPage","@id":"https:\/\/www.welovecycling.com\/hu\/kozosseg-es-kultura\/teged-az-isten-kuldott-mobilszerviz-ket-kereken\/","url":"https:\/\/www.welovecycling.com\/hu\/kozosseg-es-kultura\/teged-az-isten-kuldott-mobilszerviz-ket-kereken\/","name":"\u201eT\u00e9ged az Isten k\u00fcld\u00f6tt!\u201d \u2013 mobilszerviz k\u00e9t ker\u00e9ken - \u0160koda We Love Cycling - Magyarorsz\u00e1g","isPartOf":{"@id":"https:\/\/www.welovecycling.com\/hu\/#website"},"primaryImageOfPage":{"@id":"https:\/\/www.welovecycling.com\/hu\/kozosseg-es-kultura\/teged-az-isten-kuldott-mobilszerviz-ket-kereken\/#primaryimage"},"image":{"@id":"https:\/\/www.welovecycling.com\/hu\/kozosseg-es-kultura\/teged-az-isten-kuldott-mobilszerviz-ket-kereken\/#primaryimage"},"thumbnailUrl":"https:\/\/d2p6e6u75xmxt8.cloudfront.net\/12\/2020\/04\/IMG_20200405_202922.jpg","datePublished":"2020-04-24T15:00:31+00:00","dateModified":"2020-04-28T12:22:07+00:00","author":{"@id":"https:\/\/www.welovecycling.com\/hu\/#\/schema\/person\/414a2aebf1801691a5320edb6468e194"},"breadcrumb":{"@id":"https:\/\/www.welovecycling.com\/hu\/kozosseg-es-kultura\/teged-az-isten-kuldott-mobilszerviz-ket-kereken\/#breadcrumb"},"inLanguage":"hu","potentialAction":[{"@type":"ReadAction","target":["https:\/\/www.welovecycling.com\/hu\/kozosseg-es-kultura\/teged-az-isten-kuldott-mobilszerviz-ket-kereken\/"]}]},{"@type":"ImageObject","inLanguage":"hu","@id":"https:\/\/www.welovecycling.com\/hu\/kozosseg-es-kultura\/teged-az-isten-kuldott-mobilszerviz-ket-kereken\/#primaryimage","url":"https:\/\/d2p6e6u75xmxt8.cloudfront.net\/12\/2020\/04\/IMG_20200405_202922.jpg","contentUrl":"https:\/\/d2p6e6u75xmxt8.cloudfront.net\/12\/2020\/04\/IMG_20200405_202922.jpg","width":1200,"height":900},{"@type":"BreadcrumbList","@id":"https:\/\/www.welovecycling.com\/hu\/kozosseg-es-kultura\/teged-az-isten-kuldott-mobilszerviz-ket-kereken\/#breadcrumb","itemListElement":[{"@type":"ListItem","position":1,"name":"Home","item":"https:\/\/www.welovecycling.com\/hu\/"},{"@type":"ListItem","position":2,"name":"\u201eT\u00e9ged az Isten k\u00fcld\u00f6tt!\u201d \u2013 mobilszerviz k\u00e9t ker\u00e9ken"}]},{"@type":"WebSite","@id":"https:\/\/www.welovecycling.com\/hu\/#website","url":"https:\/\/www.welovecycling.com\/hu\/","name":"\u0160koda We Love Cycling - Magyarorsz\u00e1g","description":"\u0160koda WeLoveCycling","potentialAction":[{"@type":"SearchAction","target":{"@type":"EntryPoint","urlTemplate":"https:\/\/www.welovecycling.com\/hu\/?s={search_term_string}"},"query-input":{"@type":"PropertyValueSpecification","valueRequired":true,"valueName":"search_term_string"}}],"inLanguage":"hu"},{"@type":"Person","@id":"https:\/\/www.welovecycling.com\/hu\/#\/schema\/person\/414a2aebf1801691a5320edb6468e194","name":"hegyizs","image":{"@type":"ImageObject","inLanguage":"hu","@id":"https:\/\/www.welovecycling.com\/hu\/#\/schema\/person\/image\/","url":"https:\/\/secure.gravatar.com\/avatar\/02cf8a7906b8cf90cecb4679defac7cfd33a1c2e3b88e4903d947f3bb58eedd3?s=96&d=mm&r=g","contentUrl":"https:\/\/secure.gravatar.com\/avatar\/02cf8a7906b8cf90cecb4679defac7cfd33a1c2e3b88e4903d947f3bb58eedd3?s=96&d=mm&r=g","caption":"hegyizs"},"url":"https:\/\/www.welovecycling.com\/hu\/author\/hegyizs\/"}]}},"_links":{"self":[{"href":"https:\/\/www.welovecycling.com\/hu\/wp-json\/wp\/v2\/posts\/7458","targetHints":{"allow":["GET"]}}],"collection":[{"href":"https:\/\/www.welovecycling.com\/hu\/wp-json\/wp\/v2\/posts"}],"about":[{"href":"https:\/\/www.welovecycling.com\/hu\/wp-json\/wp\/v2\/types\/post"}],"author":[{"embeddable":true,"href":"https:\/\/www.welovecycling.com\/hu\/wp-json\/wp\/v2\/users\/71"}],"replies":[{"embeddable":true,"href":"https:\/\/www.welovecycling.com\/hu\/wp-json\/wp\/v2\/comments?post=7458"}],"version-history":[{"count":2,"href":"https:\/\/www.welovecycling.com\/hu\/wp-json\/wp\/v2\/posts\/7458\/revisions"}],"predecessor-version":[{"id":7514,"href":"https:\/\/www.welovecycling.com\/hu\/wp-json\/wp\/v2\/posts\/7458\/revisions\/7514"}],"wp:featuredmedia":[{"embeddable":true,"href":"https:\/\/www.welovecycling.com\/hu\/wp-json\/wp\/v2\/media\/7459"}],"wp:attachment":[{"href":"https:\/\/www.welovecycling.com\/hu\/wp-json\/wp\/v2\/media?parent=7458"}],"wp:term":[{"taxonomy":"category","embeddable":true,"href":"https:\/\/www.welovecycling.com\/hu\/wp-json\/wp\/v2\/categories?post=7458"},{"taxonomy":"post_tag","embeddable":true,"href":"https:\/\/www.welovecycling.com\/hu\/wp-json\/wp\/v2\/tags?post=7458"},{"taxonomy":"global-categories","embeddable":true,"href":"https:\/\/www.welovecycling.com\/hu\/wp-json\/wp\/v2\/global-categories?post=7458"}],"curies":[{"name":"wp","href":"https:\/\/api.w.org\/{rel}","templated":true}]}}