{"id":7446,"date":"2020-04-23T08:00:14","date_gmt":"2020-04-23T07:00:14","guid":{"rendered":"https:\/\/www.welovecycling.com\/hu\/?p=7446"},"modified":"2020-04-18T12:22:40","modified_gmt":"2020-04-18T11:22:40","slug":"mese-az-inspiraciorol-a-tekeres-orome","status":"publish","type":"post","link":"https:\/\/www.welovecycling.com\/hu\/kozosseg-es-kultura\/mese-az-inspiraciorol-a-tekeres-orome\/","title":{"rendered":"Mese az inspir\u00e1ci\u00f3r\u00f3l: a teker\u00e9s \u00f6r\u00f6me"},"content":{"rendered":"<p><strong>A legm\u00e9lyebb \u00e9s leg\u00e9rzelmesebb dolog volt, amit valaha \u00e1t\u00e9ltem: n\u0151k, mindenhonnan, mindenf\u00e9le k\u00e9pess\u00e9gekkel, ahogy legy\u0151zik f\u00e9lelmeiket \u00e9s sz\u00e9les vigyorral az arcukon szelik \u00e1t a c\u00e9lvonalat.<\/strong><!--more--><\/p>\n<p>Vannak, akik gyermekk\u00e9nt fedezik fel a bring\u00e1z\u00e1s \u00f6r\u00f6m\u00e9t \u00e9s nem is felejtik el soha, m\u00e1sok csak k\u00e9s\u0151bb tal\u00e1lkoznak vele, vagy feln\u0151ttk\u00e9nt v\u00e1lik hobbib\u00f3l igazi szenved\u00e9ly\u00fckk\u00e9. Az 52 \u00e9ves Elaine Plant sz\u00edv\u00e9ben 2014-ben kapott l\u00e1ngra a szerelem a ker\u00e9kp\u00e1roz\u00e1s ir\u00e1nt, amikor f\u00e9rje j\u00f3t\u00e9konys\u00e1gi kir\u00e1ndul\u00e1sra indult, \u00e9s \u00fagy d\u00f6nt\u00f6tt \u0151 is csatlakozik r\u00e9gi, rozsd\u00e1s montija h\u00e1t\u00e1n.<\/p>\n<p>Hossz\u00fa utat tett meg az els\u0151 15 m\u00e9rf\u00f6ldes t\u00fara \u00f3ta, amikor m\u00e9g t\u00f6bbet tolta a j\u00e1rg\u00e1nyt, mint amennyit a nyeregben \u00fclt. Annak ellen\u00e9re, hogy kor\u00e1bban keveset sportolt, Elaine ma b\u00fcszk\u00e9n mutogathatja a versenyeken szerzett \u00e9rmeit. A gy\u0151zelmek \u00e9s d\u00edjak mellett r\u00e1ad\u00e1sul egy bar\u00e1ti t\u00e1rsas\u00e1gra is szert tett, akik c\u00e9lul t\u0171zt\u00e9k ki, hogy m\u00e1s n\u0151ket is r\u00e1vegyenek, hogy pr\u00f3b\u00e1lj\u00e1k ki a sportot. A We Love Cycling arr\u00f3l besz\u00e9lgetett vele, hogyan \u00e9rt el ilyen gyorsan ilyen sz\u00e9p eredm\u00e9nyeket, milyen \u00e9rt\u00e9kei vannak a helyi ker\u00e9kp\u00e1ros kluboknak \u00e9s mi\u00e9rt gondolja azt, hogy mindenkinek meg kell tapasztalnia a ker\u00e9kp\u00e1roz\u00e1s \u00f6r\u00f6m\u00e9t.<\/p>\n<p><strong><em>Mes\u00e9lj arr\u00f3l, hogy indult\u00e1l el a bring\u00e1z\u00e1s \u00fatj\u00e1n!<\/em><\/strong><\/p>\n<p>2014 el\u0151tt nem igaz\u00e1n szak\u00edtottam id\u0151t a sportol\u00e1sra. H\u00e1rom gyerek mellett a csal\u00e1di v\u00e1llalkoz\u00e1sba is beseg\u00edtek. Arra ford\u00edtottam ezeket az \u00e9veket, hogy a gyerekeket neveljem, persze minden pillanat\u00e1t im\u00e1dtam, de nem maradt id\u0151m magamra. B\u00e1r a f\u00e9rjemmel ejt\u0151erny\u0151zt\u00fcnk, ezen k\u00edv\u00fcl nem sok hobbim volt ekkoriban. M\u00e9g akkor is \u00fagy gondoltam, hogy nem csatlakozom hozz\u00e1, amikor \u0151 vett egy \u00faj orsz\u00e1g\u00fatit. A j\u00f3t\u00e9konys\u00e1gi t\u00fara ut\u00e1n, azonban egyre t\u00f6bbet j\u00e1rt a fejemben a bicikliz\u00e9s. V\u00e9g\u00fcl a f\u00e9rjem meggy\u0151z\u00f6tt, hogy az orsz\u00e1g\u00fati jobb v\u00e1laszt\u00e1s, mint a monti, \u00e9s vett\u00fcnk egy Cannondale-t. Eml\u00e9kszem az els\u0151 utunkra, nem tudtam el\u00e9g er\u0151sen megh\u00fazni a f\u00e9ket \u00e9s neki kellett megfognia egy domb alj\u00e1n egy forgalmas \u00fat el\u0151tt! Akkor j\u00f6ttem r\u00e1, hogy rengeteget kell tanulnom.<\/p>\n<p><a href=\"https:\/\/d2p6e6u75xmxt8.cloudfront.net\/12\/2020\/04\/FB_IMG_1574692384130.jpg\"><img loading=\"lazy\" decoding=\"async\" class=\"alignnone size-full wp-image-7447\" src=\"https:\/\/d2p6e6u75xmxt8.cloudfront.net\/12\/2020\/04\/FB_IMG_1574692384130.jpg\" alt=\"\" width=\"843\" height=\"470\" srcset=\"https:\/\/d2p6e6u75xmxt8.cloudfront.net\/12\/2020\/04\/FB_IMG_1574692384130.jpg 843w, https:\/\/d2p6e6u75xmxt8.cloudfront.net\/12\/2020\/04\/FB_IMG_1574692384130-300x167.jpg 300w, https:\/\/d2p6e6u75xmxt8.cloudfront.net\/12\/2020\/04\/FB_IMG_1574692384130-768x428.jpg 768w\" sizes=\"auto, (max-width: 843px) 100vw, 843px\" \/><\/a><\/p>\n<p><strong><em>\u00c9s tanult\u00e1l is, hiszen hatalmas utat tett\u00e9l meg 5 \u00e9v alatt! Milyen szerepe volt ebben a helyi ker\u00e9kp\u00e1ros klubnak?<\/em><\/strong><\/p>\n<p>A f\u00e9rjem hallott a Bicester Milleniumr\u00f3l egy munkahelyi bar\u00e1tj\u00e1t\u00f3l. Csatlakozott a csapathoz \u00e9s im\u00e1dta, \u00edgy \u00e9n is hamarosan k\u00f6vettem. Ez volt az igazi fordul\u00f3pont. Megtanultam, hogyan kell biztons\u00e1gosan csoportban tekerni, hogyan kell v\u00e1ltani ahhoz, hogy feljussak a hegyre (persze sok es\u00e9s ut\u00e1n). De ami a legfontosabb: bar\u00e1tokra tal\u00e1ltam \u00e9s a h\u00e1zimunk\u00e1n \u00e9s gyereknevel\u00e9sen k\u00edv\u00fcl is lett elfoglalts\u00e1gom.<\/p>\n<p><strong><em>Hogyan v\u00e1ltozott meg az \u00e9leted \u00e9s a fizikumod?<\/em><\/strong><\/p>\n<p>Nagyon m\u00e1s lett minden! Sportol\u00f3kat ismertem meg, \u00e9rmeket nyertem. Tavaly adtam egy es\u00e9lyt magamnak egy id\u0151futamon is, az\u00f3ta pedig beszereztem egy erre alkalmas modellt. Olyan volt vele az edz\u00e9s, mintha \u00fajratanuln\u00e9k tekerni! Amikor be\u00e9rtem a c\u00e9lba, k\u00f6nnyekben t\u00f6rtem ki, a bar\u00e1taim mind annyira \u00f6r\u00fcltek nekem!<\/p>\n<p><strong><em>Kik ezek a bar\u00e1tok?<\/em><\/strong><\/p>\n<p>Mi vagyunk a Bicester Belles, \u00e9s sz\u00f3 szerint mindent egy\u00fctt csin\u00e1lunk. Most is t\u00e1mogatjuk egym\u00e1st ebben a borzaszt\u00f3an neh\u00e9z id\u0151szakban, \u00e9s tervezz\u00fck a nyaral\u00e1sunkat arra az esetre, ha szeptemberre m\u00e1r vissza\u00e1ll a r\u00e9gi rend. Azt hiszem a bicikliz\u00e9s legnagyobb feladata az, hogy \u00f6sszehozza az embereket.<\/p>\n<p><a href=\"https:\/\/d2p6e6u75xmxt8.cloudfront.net\/12\/2020\/04\/FB_IMG_1562747750708.jpg\"><img loading=\"lazy\" decoding=\"async\" class=\"alignnone size-full wp-image-7448\" src=\"https:\/\/d2p6e6u75xmxt8.cloudfront.net\/12\/2020\/04\/FB_IMG_1562747750708.jpg\" alt=\"\" width=\"1080\" height=\"720\" srcset=\"https:\/\/d2p6e6u75xmxt8.cloudfront.net\/12\/2020\/04\/FB_IMG_1562747750708.jpg 1080w, https:\/\/d2p6e6u75xmxt8.cloudfront.net\/12\/2020\/04\/FB_IMG_1562747750708-300x200.jpg 300w, https:\/\/d2p6e6u75xmxt8.cloudfront.net\/12\/2020\/04\/FB_IMG_1562747750708-768x512.jpg 768w, https:\/\/d2p6e6u75xmxt8.cloudfront.net\/12\/2020\/04\/FB_IMG_1562747750708-1024x683.jpg 1024w, https:\/\/d2p6e6u75xmxt8.cloudfront.net\/12\/2020\/04\/FB_IMG_1562747750708-272x182.jpg 272w\" sizes=\"auto, (max-width: 1080px) 100vw, 1080px\" \/><\/a><\/p>\n<p><strong><em>Nagyon sok olyan kezdem\u00e9nyez\u00e9s van jelen, aminek az a c\u00e9lja, hogy a n\u0151k ker\u00e9kp\u00e1rra \u00fcljenek. Milyen ar\u00e1nyban vannak jelen a f\u00e9rfiak \u00e9s a n\u0151k a sportban?<\/em><\/strong><\/p>\n<p>Amikor bel\u00e9ptem a klubba, leny\u0171g\u00f6z\u00f6tt, hogy el\u0151fordul, hogy egy teker\u00e9skor t\u00f6bb a n\u0151, mint a f\u00e9rfi! \u00d6sszess\u00e9g\u00e9ben fel\u00fclreprezent\u00e1ltak a f\u00e9rfiak, de sokan vagyunk n\u0151k \u00e9s egy\u00e9rtelm\u0171en egyenl\u0151s\u00e9g van. Az egyetlen dolog, ami ideges\u00edt\u0151, az a k\u00e9szlet. Ha nincs elegend\u0151 sz\u00e1m\u00fa n\u0151, akinek sz\u00fcks\u00e9ge van egy adott eszk\u00f6zre vagy alkatr\u00e9szre, akkor a f\u00e9rfi verzi\u00f3t kell haszn\u00e1lnunk. Hossz\u00fa ujj\u00fa mezeket p\u00e9ld\u00e1ul. Ha bem\u00e9sz egy boltba, ott is sokkal nagyobb a f\u00e9rfiaknak k\u00e9sz\u00fclt v\u00e1laszt\u00e9k, a n\u0151i ruh\u00e1k \u00e1ltal\u00e1ban r\u00f3zsasz\u00ednek \u00e9s elf\u00e9rnek egy sarokban! Ez\u00e9rt szeretem a VeloVixen munk\u00e1j\u00e1t. \u0150k sz\u00e9les v\u00e1laszt\u00e9kot k\u00edn\u00e1lnak n\u0151i ruh\u00e1kb\u00f3l \u00e9s eszk\u00f6z\u00f6kb\u0151l. Tulajdonk\u00e9ppen miattuk kezdtem el cyclocrossozni.<\/p>\n<p><strong><em>Cyclocross, nem semmi! Hogy indult el ez a kaland?<\/em><\/strong><\/p>\n<p>Egy bar\u00e1tom a VeloVixenn\u00e9l dolgozik \u00e9s lelkes cyclocrossos. \u00c9vekkel ezel\u0151tt, amikor a f\u00e9rjem kipr\u00f3b\u00e1lta, engem is pr\u00f3b\u00e1lt meggy\u0151zni, de nem siker\u00fclt neki. Azt\u00e1n a bar\u00e1tom csapata indult tavaly egy versenyen, ahol rekordot akartak d\u00f6nteni: az eddigi legt\u00f6bb n\u0151 a rajtvonaln\u00e1l! \u00cdgy h\u00e1t \u00e9n is besz\u00e1lltam \u00e9s ott rettegtem 160 idegen mellett. Ez volt a leg\u00e9rzelmesebb \u00e9lm\u00e9nyem valaha: n\u0151k, mindenhonnan, mindenf\u00e9le k\u00e9pess\u00e9gekkel, ahogy legy\u0151zik f\u00e9lelmeiket \u00e9s sz\u00e9les vigyorral az arcukon szelik \u00e1t a c\u00e9lvonalat.<\/p>\n<p><a href=\"https:\/\/d2p6e6u75xmxt8.cloudfront.net\/12\/2020\/04\/FB_IMG_1574008985102.jpg\"><img loading=\"lazy\" decoding=\"async\" class=\"alignnone size-full wp-image-7449\" src=\"https:\/\/d2p6e6u75xmxt8.cloudfront.net\/12\/2020\/04\/FB_IMG_1574008985102.jpg\" alt=\"\" width=\"960\" height=\"720\" srcset=\"https:\/\/d2p6e6u75xmxt8.cloudfront.net\/12\/2020\/04\/FB_IMG_1574008985102.jpg 960w, https:\/\/d2p6e6u75xmxt8.cloudfront.net\/12\/2020\/04\/FB_IMG_1574008985102-300x225.jpg 300w, https:\/\/d2p6e6u75xmxt8.cloudfront.net\/12\/2020\/04\/FB_IMG_1574008985102-768x576.jpg 768w\" sizes=\"auto, (max-width: 960px) 100vw, 960px\" \/><\/a><\/p>\n<p><strong><em>Ez csod\u00e1latos! Az eddigi tapasztalataid alapj\u00e1n mit tan\u00e1csoln\u00e1l azoknak a n\u0151knek, akik tartanak att\u00f3l, hogy nyeregbe \u00fcljenek?<\/em><\/strong><\/p>\n<p>Csak csin\u00e1lj\u00e1tok! Tal\u00e1lj\u00e1tok meg az egyszer\u0171 \u00f6r\u00f6m\u00f6t, amit ny\u00fajt ez a sport! Tal\u00e1lj\u00e1tok meg egym\u00e1st! Gy\u0151zz\u00e9tek le a f\u00e9lelmeiteket! Hamarosan ragyogni fogtok, magabiztosak, boldogok \u00e9s eg\u00e9szs\u00e9gesek lesztek \u2013 de legf\u0151k\u00e9pp, \u00f6nmagatok legjobb form\u00e1i.<\/p>\n","protected":false},"excerpt":{"rendered":"<p>A legm\u00e9lyebb \u00e9s leg\u00e9rzelmesebb dolog volt, amit valaha \u00e1t\u00e9ltem: n\u0151k, mindenhonnan, mindenf\u00e9le k\u00e9pess\u00e9gekkel, ahogy legy\u0151zik f\u00e9lelmeiket \u00e9s sz\u00e9les vigyorral az [&hellip;]<\/p>\n","protected":false},"author":71,"featured_media":7451,"comment_status":"open","ping_status":"open","sticky":false,"template":"","format":"standard","meta":{"footnotes":""},"categories":[12],"tags":[],"global-categories":[],"class_list":["post-7446","post","type-post","status-publish","format-standard","has-post-thumbnail","hentry","category-kozosseg-es-kultura"],"yoast_head":"<!-- This site is optimized with the Yoast SEO Premium plugin v25.3 (Yoast SEO v25.9) - https:\/\/yoast.com\/wordpress\/plugins\/seo\/ -->\n<title>Mese az inspir\u00e1ci\u00f3r\u00f3l: a teker\u00e9s \u00f6r\u00f6me - \u0160koda We Love Cycling - Magyarorsz\u00e1g<\/title>\n<meta name=\"robots\" content=\"index, follow, max-snippet:-1, max-image-preview:large, max-video-preview:-1\" \/>\n<link rel=\"canonical\" href=\"https:\/\/www.welovecycling.com\/hu\/kozosseg-es-kultura\/mese-az-inspiraciorol-a-tekeres-orome\/\" \/>\n<meta property=\"og:locale\" content=\"hu_HU\" \/>\n<meta property=\"og:type\" content=\"article\" \/>\n<meta property=\"og:title\" content=\"Mese az inspir\u00e1ci\u00f3r\u00f3l: a teker\u00e9s \u00f6r\u00f6me\" \/>\n<meta property=\"og:description\" content=\"A legm\u00e9lyebb \u00e9s leg\u00e9rzelmesebb dolog volt, amit valaha \u00e1t\u00e9ltem: n\u0151k, mindenhonnan, mindenf\u00e9le k\u00e9pess\u00e9gekkel, ahogy legy\u0151zik f\u00e9lelmeiket \u00e9s sz\u00e9les vigyorral az [&hellip;]\" \/>\n<meta property=\"og:url\" content=\"https:\/\/www.welovecycling.com\/hu\/kozosseg-es-kultura\/mese-az-inspiraciorol-a-tekeres-orome\/\" \/>\n<meta property=\"og:site_name\" content=\"\u0160koda We Love Cycling - Magyarorsz\u00e1g\" \/>\n<meta property=\"article:publisher\" content=\"https:\/\/www.facebook.com\/WeLoveCyclingHungary\/\" \/>\n<meta property=\"article:published_time\" content=\"2020-04-23T07:00:14+00:00\" \/>\n<meta property=\"og:image\" content=\"https:\/\/d2p6e6u75xmxt8.cloudfront.net\/12\/2020\/04\/qq.jpg\" \/>\n\t<meta property=\"og:image:width\" content=\"1300\" \/>\n\t<meta property=\"og:image:height\" content=\"729\" \/>\n\t<meta property=\"og:image:type\" content=\"image\/jpeg\" \/>\n<meta name=\"author\" content=\"hegyizs\" \/>\n<meta name=\"twitter:card\" content=\"summary_large_image\" \/>\n<meta name=\"twitter:label1\" content=\"Written by\" \/>\n\t<meta name=\"twitter:data1\" content=\"Megan Flottorp\" \/>\n\t<meta name=\"twitter:label2\" content=\"Est. reading time\" \/>\n\t<meta name=\"twitter:data2\" content=\"7\" \/>\n<script type=\"application\/ld+json\" class=\"yoast-schema-graph\">{\"@context\":\"https:\/\/schema.org\",\"@graph\":[{\"@type\":\"WebPage\",\"@id\":\"https:\/\/www.welovecycling.com\/hu\/kozosseg-es-kultura\/mese-az-inspiraciorol-a-tekeres-orome\/\",\"url\":\"https:\/\/www.welovecycling.com\/hu\/kozosseg-es-kultura\/mese-az-inspiraciorol-a-tekeres-orome\/\",\"name\":\"Mese az inspir\u00e1ci\u00f3r\u00f3l: a teker\u00e9s \u00f6r\u00f6me - \u0160koda We Love Cycling - Magyarorsz\u00e1g\",\"isPartOf\":{\"@id\":\"https:\/\/www.welovecycling.com\/hu\/#website\"},\"primaryImageOfPage\":{\"@id\":\"https:\/\/www.welovecycling.com\/hu\/kozosseg-es-kultura\/mese-az-inspiraciorol-a-tekeres-orome\/#primaryimage\"},\"image\":{\"@id\":\"https:\/\/www.welovecycling.com\/hu\/kozosseg-es-kultura\/mese-az-inspiraciorol-a-tekeres-orome\/#primaryimage\"},\"thumbnailUrl\":\"https:\/\/d2p6e6u75xmxt8.cloudfront.net\/12\/2020\/04\/qq.jpg\",\"datePublished\":\"2020-04-23T07:00:14+00:00\",\"author\":{\"@id\":\"https:\/\/www.welovecycling.com\/hu\/#\/schema\/person\/414a2aebf1801691a5320edb6468e194\"},\"breadcrumb\":{\"@id\":\"https:\/\/www.welovecycling.com\/hu\/kozosseg-es-kultura\/mese-az-inspiraciorol-a-tekeres-orome\/#breadcrumb\"},\"inLanguage\":\"hu\",\"potentialAction\":[{\"@type\":\"ReadAction\",\"target\":[\"https:\/\/www.welovecycling.com\/hu\/kozosseg-es-kultura\/mese-az-inspiraciorol-a-tekeres-orome\/\"]}]},{\"@type\":\"ImageObject\",\"inLanguage\":\"hu\",\"@id\":\"https:\/\/www.welovecycling.com\/hu\/kozosseg-es-kultura\/mese-az-inspiraciorol-a-tekeres-orome\/#primaryimage\",\"url\":\"https:\/\/d2p6e6u75xmxt8.cloudfront.net\/12\/2020\/04\/qq.jpg\",\"contentUrl\":\"https:\/\/d2p6e6u75xmxt8.cloudfront.net\/12\/2020\/04\/qq.jpg\",\"width\":1300,\"height\":729},{\"@type\":\"BreadcrumbList\",\"@id\":\"https:\/\/www.welovecycling.com\/hu\/kozosseg-es-kultura\/mese-az-inspiraciorol-a-tekeres-orome\/#breadcrumb\",\"itemListElement\":[{\"@type\":\"ListItem\",\"position\":1,\"name\":\"Home\",\"item\":\"https:\/\/www.welovecycling.com\/hu\/\"},{\"@type\":\"ListItem\",\"position\":2,\"name\":\"Mese az inspir\u00e1ci\u00f3r\u00f3l: a teker\u00e9s \u00f6r\u00f6me\"}]},{\"@type\":\"WebSite\",\"@id\":\"https:\/\/www.welovecycling.com\/hu\/#website\",\"url\":\"https:\/\/www.welovecycling.com\/hu\/\",\"name\":\"\u0160koda We Love Cycling - Magyarorsz\u00e1g\",\"description\":\"\u0160koda WeLoveCycling\",\"potentialAction\":[{\"@type\":\"SearchAction\",\"target\":{\"@type\":\"EntryPoint\",\"urlTemplate\":\"https:\/\/www.welovecycling.com\/hu\/?s={search_term_string}\"},\"query-input\":{\"@type\":\"PropertyValueSpecification\",\"valueRequired\":true,\"valueName\":\"search_term_string\"}}],\"inLanguage\":\"hu\"},{\"@type\":\"Person\",\"@id\":\"https:\/\/www.welovecycling.com\/hu\/#\/schema\/person\/414a2aebf1801691a5320edb6468e194\",\"name\":\"hegyizs\",\"image\":{\"@type\":\"ImageObject\",\"inLanguage\":\"hu\",\"@id\":\"https:\/\/www.welovecycling.com\/hu\/#\/schema\/person\/image\/\",\"url\":\"https:\/\/secure.gravatar.com\/avatar\/02cf8a7906b8cf90cecb4679defac7cfd33a1c2e3b88e4903d947f3bb58eedd3?s=96&d=mm&r=g\",\"contentUrl\":\"https:\/\/secure.gravatar.com\/avatar\/02cf8a7906b8cf90cecb4679defac7cfd33a1c2e3b88e4903d947f3bb58eedd3?s=96&d=mm&r=g\",\"caption\":\"hegyizs\"},\"url\":\"https:\/\/www.welovecycling.com\/hu\/author\/hegyizs\/\"}]}<\/script>\n<!-- \/ Yoast SEO Premium plugin. -->","yoast_head_json":{"title":"Mese az inspir\u00e1ci\u00f3r\u00f3l: a teker\u00e9s \u00f6r\u00f6me - \u0160koda We Love Cycling - Magyarorsz\u00e1g","robots":{"index":"index","follow":"follow","max-snippet":"max-snippet:-1","max-image-preview":"max-image-preview:large","max-video-preview":"max-video-preview:-1"},"canonical":"https:\/\/www.welovecycling.com\/hu\/kozosseg-es-kultura\/mese-az-inspiraciorol-a-tekeres-orome\/","og_locale":"hu_HU","og_type":"article","og_title":"Mese az inspir\u00e1ci\u00f3r\u00f3l: a teker\u00e9s \u00f6r\u00f6me","og_description":"A legm\u00e9lyebb \u00e9s leg\u00e9rzelmesebb dolog volt, amit valaha \u00e1t\u00e9ltem: n\u0151k, mindenhonnan, mindenf\u00e9le k\u00e9pess\u00e9gekkel, ahogy legy\u0151zik f\u00e9lelmeiket \u00e9s sz\u00e9les vigyorral az [&hellip;]","og_url":"https:\/\/www.welovecycling.com\/hu\/kozosseg-es-kultura\/mese-az-inspiraciorol-a-tekeres-orome\/","og_site_name":"\u0160koda We Love Cycling - Magyarorsz\u00e1g","article_publisher":"https:\/\/www.facebook.com\/WeLoveCyclingHungary\/","article_published_time":"2020-04-23T07:00:14+00:00","og_image":[{"width":1300,"height":729,"url":"https:\/\/d2p6e6u75xmxt8.cloudfront.net\/12\/2020\/04\/qq.jpg","type":"image\/jpeg"}],"author":"hegyizs","twitter_card":"summary_large_image","twitter_misc":{"Written by":"Megan Flottorp","Est. reading time":"7"},"schema":{"@context":"https:\/\/schema.org","@graph":[{"@type":"WebPage","@id":"https:\/\/www.welovecycling.com\/hu\/kozosseg-es-kultura\/mese-az-inspiraciorol-a-tekeres-orome\/","url":"https:\/\/www.welovecycling.com\/hu\/kozosseg-es-kultura\/mese-az-inspiraciorol-a-tekeres-orome\/","name":"Mese az inspir\u00e1ci\u00f3r\u00f3l: a teker\u00e9s \u00f6r\u00f6me - \u0160koda We Love Cycling - Magyarorsz\u00e1g","isPartOf":{"@id":"https:\/\/www.welovecycling.com\/hu\/#website"},"primaryImageOfPage":{"@id":"https:\/\/www.welovecycling.com\/hu\/kozosseg-es-kultura\/mese-az-inspiraciorol-a-tekeres-orome\/#primaryimage"},"image":{"@id":"https:\/\/www.welovecycling.com\/hu\/kozosseg-es-kultura\/mese-az-inspiraciorol-a-tekeres-orome\/#primaryimage"},"thumbnailUrl":"https:\/\/d2p6e6u75xmxt8.cloudfront.net\/12\/2020\/04\/qq.jpg","datePublished":"2020-04-23T07:00:14+00:00","author":{"@id":"https:\/\/www.welovecycling.com\/hu\/#\/schema\/person\/414a2aebf1801691a5320edb6468e194"},"breadcrumb":{"@id":"https:\/\/www.welovecycling.com\/hu\/kozosseg-es-kultura\/mese-az-inspiraciorol-a-tekeres-orome\/#breadcrumb"},"inLanguage":"hu","potentialAction":[{"@type":"ReadAction","target":["https:\/\/www.welovecycling.com\/hu\/kozosseg-es-kultura\/mese-az-inspiraciorol-a-tekeres-orome\/"]}]},{"@type":"ImageObject","inLanguage":"hu","@id":"https:\/\/www.welovecycling.com\/hu\/kozosseg-es-kultura\/mese-az-inspiraciorol-a-tekeres-orome\/#primaryimage","url":"https:\/\/d2p6e6u75xmxt8.cloudfront.net\/12\/2020\/04\/qq.jpg","contentUrl":"https:\/\/d2p6e6u75xmxt8.cloudfront.net\/12\/2020\/04\/qq.jpg","width":1300,"height":729},{"@type":"BreadcrumbList","@id":"https:\/\/www.welovecycling.com\/hu\/kozosseg-es-kultura\/mese-az-inspiraciorol-a-tekeres-orome\/#breadcrumb","itemListElement":[{"@type":"ListItem","position":1,"name":"Home","item":"https:\/\/www.welovecycling.com\/hu\/"},{"@type":"ListItem","position":2,"name":"Mese az inspir\u00e1ci\u00f3r\u00f3l: a teker\u00e9s \u00f6r\u00f6me"}]},{"@type":"WebSite","@id":"https:\/\/www.welovecycling.com\/hu\/#website","url":"https:\/\/www.welovecycling.com\/hu\/","name":"\u0160koda We Love Cycling - Magyarorsz\u00e1g","description":"\u0160koda WeLoveCycling","potentialAction":[{"@type":"SearchAction","target":{"@type":"EntryPoint","urlTemplate":"https:\/\/www.welovecycling.com\/hu\/?s={search_term_string}"},"query-input":{"@type":"PropertyValueSpecification","valueRequired":true,"valueName":"search_term_string"}}],"inLanguage":"hu"},{"@type":"Person","@id":"https:\/\/www.welovecycling.com\/hu\/#\/schema\/person\/414a2aebf1801691a5320edb6468e194","name":"hegyizs","image":{"@type":"ImageObject","inLanguage":"hu","@id":"https:\/\/www.welovecycling.com\/hu\/#\/schema\/person\/image\/","url":"https:\/\/secure.gravatar.com\/avatar\/02cf8a7906b8cf90cecb4679defac7cfd33a1c2e3b88e4903d947f3bb58eedd3?s=96&d=mm&r=g","contentUrl":"https:\/\/secure.gravatar.com\/avatar\/02cf8a7906b8cf90cecb4679defac7cfd33a1c2e3b88e4903d947f3bb58eedd3?s=96&d=mm&r=g","caption":"hegyizs"},"url":"https:\/\/www.welovecycling.com\/hu\/author\/hegyizs\/"}]}},"_links":{"self":[{"href":"https:\/\/www.welovecycling.com\/hu\/wp-json\/wp\/v2\/posts\/7446","targetHints":{"allow":["GET"]}}],"collection":[{"href":"https:\/\/www.welovecycling.com\/hu\/wp-json\/wp\/v2\/posts"}],"about":[{"href":"https:\/\/www.welovecycling.com\/hu\/wp-json\/wp\/v2\/types\/post"}],"author":[{"embeddable":true,"href":"https:\/\/www.welovecycling.com\/hu\/wp-json\/wp\/v2\/users\/71"}],"replies":[{"embeddable":true,"href":"https:\/\/www.welovecycling.com\/hu\/wp-json\/wp\/v2\/comments?post=7446"}],"version-history":[{"count":2,"href":"https:\/\/www.welovecycling.com\/hu\/wp-json\/wp\/v2\/posts\/7446\/revisions"}],"predecessor-version":[{"id":7457,"href":"https:\/\/www.welovecycling.com\/hu\/wp-json\/wp\/v2\/posts\/7446\/revisions\/7457"}],"wp:featuredmedia":[{"embeddable":true,"href":"https:\/\/www.welovecycling.com\/hu\/wp-json\/wp\/v2\/media\/7451"}],"wp:attachment":[{"href":"https:\/\/www.welovecycling.com\/hu\/wp-json\/wp\/v2\/media?parent=7446"}],"wp:term":[{"taxonomy":"category","embeddable":true,"href":"https:\/\/www.welovecycling.com\/hu\/wp-json\/wp\/v2\/categories?post=7446"},{"taxonomy":"post_tag","embeddable":true,"href":"https:\/\/www.welovecycling.com\/hu\/wp-json\/wp\/v2\/tags?post=7446"},{"taxonomy":"global-categories","embeddable":true,"href":"https:\/\/www.welovecycling.com\/hu\/wp-json\/wp\/v2\/global-categories?post=7446"}],"curies":[{"name":"wp","href":"https:\/\/api.w.org\/{rel}","templated":true}]}}