{"id":7440,"date":"2020-04-26T08:00:57","date_gmt":"2020-04-26T07:00:57","guid":{"rendered":"https:\/\/www.welovecycling.com\/hu\/?p=7440"},"modified":"2020-05-26T11:45:05","modified_gmt":"2020-05-26T10:45:05","slug":"10-dolog-amit-a-karantenban-megtehetsz","status":"publish","type":"post","link":"https:\/\/www.welovecycling.com\/hu\/kozosseg-es-kultura\/10-dolog-amit-a-karantenban-megtehetsz\/","title":{"rendered":"10 dolog, amit a karant\u00e9nban megtehetsz"},"content":{"rendered":"<p><strong>Hi\u00e1ba j\u00f6n a j\u00f3 id\u0151, mi bring\u00e1sok is k\u00e9nytelenek vagyunk a lak\u00e1sban maradni, a n\u00e9gy fal k\u00f6z\u00f6tt b\u00e1mulva ker\u00e9kp\u00e1rjainkat, mik\u00f6zben igyeksz\u00fcnk levonni a k\u00f6vetkeztet\u00e9seket az \u00faj-z\u00e9landi eg\u00e9szs\u00e9g\u00fcgyi miniszter eset\u00e9b\u0151l, \u00e9s megk\u00fczdve magunkkal, nem kimenni a szabadba.<\/strong><!--more--><\/p>\n<p>A szenved\u00e9lyes montis David Clark-nak nyilv\u00e1nosan bocs\u00e1natot kellett k\u00e9rnie, amikor rajtakapt\u00e1k, hogy a karant\u00e9n ellen\u00e9re egy parkban bring\u00e1zgatott.<\/p>\n<lite-youtube videoid=yWut9AZLT1M params=\"enablejsapi=1\" style=\"background-image: url('https:\/\/i.ytimg.com\/vi_webp\/yWut9AZLT1M\/maxresdefault.webp');\"><\/lite-youtube>\n<p>\u201eArra k\u00e9rt\u00fck az embereket, hogy ker\u00fclj\u00e9k el azokat a tev\u00e9kenys\u00e9geket, amik s\u00e9r\u00fcl\u00e9ssel j\u00e1rhatnak, a miniszternek pedig p\u00e9ld\u00e1t kellene mutatnia\u201d \u2013 szegezte a f\u00fclig v\u00f6r\u00f6s Clarknak a minisztereln\u00f6k, Jacinda Arden.<\/p>\n<p>Bicikliz\u00e9s k\u00f6zben el\u0151fordulhat, hogy megs\u00e9r\u00fcl\u00fcnk, ez pedig vesz\u00e9lyes helyzetbe sodorhatja a bring\u00e1st is, \u00e9s azt is, aki seg\u00edt rajta. Teh\u00e1t mit csin\u00e1lhatunk, ami biztosan s\u00e9r\u00fcl\u00e9smentes? Hoztunk 10 \u00f6tletet, hogyan tengesd a napjaidat otthon!<\/p>\n<h2><strong>1. G\u00f6rg\u0151z\u00e9s<\/strong><\/h2>\n<p>Ha van otthon g\u00f6rg\u0151d, akkor ez egy el\u00e9gg\u00e9 k\u00e9zenfekv\u0151 megold\u00e1s. Napi egy \u00f3ra edz\u00e9s, hogy form\u00e1ban maradj! Azonban ha nem rendelkezel ilyen eszk\u00f6z\u00f6kkel \u00e9s m\u00e9g az \u00fczletek is z\u00e1rva tartanak, rendelhetsz esetleg az Amazonon kereszt\u00fcl, b\u00e1r igen sokat kell majd v\u00e1rnod r\u00e1. Addig is n\u00e9zz\u00fck, mit tehetsz m\u00e9g!<\/p>\n<p><a href=\"https:\/\/www.welovecycling.com\/wide\/2020\/03\/20\/ride-for-italy-help-the-veneto-region-from-your-home-with-rouvy\/\"><img loading=\"lazy\" decoding=\"async\" class=\"alignnone size-full wp-image-7261\" src=\"https:\/\/d2p6e6u75xmxt8.cloudfront.net\/12\/2020\/03\/WLC_RouvyItaly_900x600-768x512.jpg\" alt=\"\" width=\"900\" height=\"600\" srcset=\"https:\/\/d2p6e6u75xmxt8.cloudfront.net\/12\/2020\/03\/WLC_RouvyItaly_900x600-768x512.jpg 768w, https:\/\/d2p6e6u75xmxt8.cloudfront.net\/12\/2020\/03\/WLC_RouvyItaly_900x600-300x200.jpg 300w, https:\/\/d2p6e6u75xmxt8.cloudfront.net\/12\/2020\/03\/WLC_RouvyItaly_900x600-272x182.jpg 272w, https:\/\/d2p6e6u75xmxt8.cloudfront.net\/12\/2020\/03\/WLC_RouvyItaly_900x600.jpg 900w\" sizes=\"auto, (max-width: 900px) 100vw, 900px\" \/><\/a><\/p>\n<h2><strong>2. Ha nincs g\u00f6rg\u0151d\u2026<\/strong><\/h2>\n<p>Egyszer\u0171en edz! Kor\u00e1bbi cikk\u00fcnkben javasoltunk n\u00e9h\u00e1ny applik\u00e1ci\u00f3t, ami seg\u00edthet.<\/p>\n<h2><strong>3. Babr\u00e1lj a bring\u00e1ddal!<\/strong><\/h2>\n<p>Itt az ideje megcsin\u00e1lni mindazt, amit m\u00e1r r\u00e9g\u00f3ta meg kellene, de eddig nem f\u00e9rt bele. Ha m\u00e1r minden t\u00f6k\u00e9letesen tiszta \u00e9s j\u00f3l m\u0171k\u00f6dik, szedd sz\u00e9t az alkatr\u00e9szeket \u00e9s n\u00e9zd meg, hogy vannak \u00f6sszerakva! Csod\u00e1latos j\u00e1rg\u00e1ny, nem igaz?<\/p>\n<h2><strong>4. N\u00e9zz r\u00e9gi versenyeket!<\/strong><\/h2>\n<p>Soha nem l\u00e1ttad Eddy Merckx belga bring\u00e1st versenyezni? Itt az alkalom, hogy megn\u00e9zd a leh\u00edresebb megm\u00e9rettet\u00e9seket! Ir\u00e1ny a Youtube!<\/p>\n<lite-youtube videoid=PJFxtzDzrwU params=\"enablejsapi=1\" style=\"background-image: url('https:\/\/i.ytimg.com\/vi_webp\/PJFxtzDzrwU\/maxresdefault.webp');\"><\/lite-youtube>\n<h2><strong>5. Tanulj meg k\u00ednaiul!<\/strong><\/h2>\n<p>T\u00f6ltsd le a Duolingo applik\u00e1ci\u00f3t vagy egy m\u00e1sik nyelvtanul\u00e1ssal foglalkoz\u00f3 alkalmaz\u00e1st \u00e9s v\u00e1gj bele egy idegen nyelv elsaj\u00e1t\u00edt\u00e1s\u00e1ba! Mi\u00e9rt is ne? Napi egy \u00f3ra m\u00e1r remek kezd\u00e9s!<\/p>\n<h2><strong>6. Olvass!<\/strong><\/h2>\n<p>Nemcsak azt az orosz \u00edr\u00f3t ismerheted meg, akire m\u00e1r r\u00e9g\u00f3ta olyan k\u00edv\u00e1ncsi vagy, de eddig nem mert\u00e9l belev\u00e1gni m\u0171veibe, hiszen olyan irgalmatlanul hossz\u00faak (Tolsztoj, Dosztojevszkij), hanem sz\u00f3rakoztat\u00f3 biciklis irodalmat is tal\u00e1lsz a kedvenc t\u00e9m\u00e1nkban: sz\u00e1mos biciklis k\u00f6nyv sorakozik az online k\u00f6nyvesboltok polcain!<\/p>\n<h2><strong>7. Kirak\u00f3zz!<\/strong><\/h2>\n<p>Ha m\u00e1r meguntad a test pall\u00e9roz\u00e1s\u00e1t, j\u00f6het az elme. Az egyszer\u0171bb kirak\u00f3kt\u00f3l kezdve eg\u00e9szen a Rubik kock\u00e1ig, b\u00e1rmi alkalmas r\u00e1, hogy nagyon hirtelen legy\u00e9l nagyon m\u00e9rges. \u00c9s persze, \u00e9lesesz\u0171 is!<\/p>\n<div class=\"embed-controller-wrapper\">\n<div class=\"embed-wrapper\"><iframe title=\"Aventure Cyclo Balkanique\" data-src=\"https:\/\/player.vimeo.com\/video\/258994495?dnt=1&amp;app_id=122963\" width=\"500\" height=\"281\" frameborder=\"0\" allow=\"autoplay; fullscreen; picture-in-picture; clipboard-write\"><\/iframe><\/div>\n<\/div>\n<h2><strong>8. N\u00e9zz egy ker\u00e9kp\u00e1ros filmet!<\/strong><\/h2>\n<p><a href=\"https:\/\/www.welovecycling.com\/hu\/kozosseg-es-kultura\/valogatas-a-legjobb-bringas-filmekbol\/\">Itt tal\u00e1lod a list\u00e1t!<\/a><\/p>\n<h2><strong>9. \u00cdrj!<\/strong><\/h2>\n<p>Minden adott hozz\u00e1, hogy v\u00e9gre meg\u00edrd azt a t\u00f6rt\u00e9netet, ami \u00e9vek \u00f3ta a fejedben v\u00e1rja, hogy pap\u00edrra vesd. \u00cdrj forgat\u00f3k\u00f6nyvet! Tal\u00e1n a f\u0151h\u0151s, aki v\u00e9letlen\u00fcl elk\u00e9peszt\u0151en hasonl\u00edt r\u00e1d megmenthet egy \u00e9letbe v\u00e1g\u00f3an fontos _____________ (\u00edrj ide egy f\u0151nevet) \u00e9s a tett sz\u00ednhely\u00e9t, ______________ (\u00edrj ide egy orsz\u00e1got) f\u0151v\u00e1ros\u00e1t a mountain bike-ja seg\u00edts\u00e9g\u00e9vel hagyja el, hogy elmenek\u00fclj\u00f6n a helikopterek \u00e9s rend\u0151rkuty\u00e1k el\u0151l, v\u00e9g\u00fcl \u00ad\u00ad\u00ad\u00ad\u00ad\u00ad\u00ad\u00ad\u00ad\u00ad\u00ad\u00ad____________ (\u00edrj ide egy t\u00e1voli orsz\u00e1got) \u2013ban \u00e9lje le h\u00e1tral\u00e9v\u0151 \u00e9let\u00e9t. T\u00fal klis\u00e9? \u00cdrj jobbat!<\/p>\n<h2><strong>10. Gyakran moss kezet!<\/strong><\/h2>\n<p>Azt gondolod, ennek semmi k\u00f6ze a bicikliz\u00e9shez? Rosszul teszed! A k\u00e9zmos\u00e1s az egyik leghat\u00e9konyabb m\u00f3dja a betegs\u00e9gek elker\u00fcl\u00e9s\u00e9nek \u2013 amellett persze, hogy nem m\u00e9sz el otthonr\u00f3l. Min\u00e9l t\u00f6bb ember tartja be a higi\u00e9niai szab\u00e1lyokat, ann\u00e1l hamarabb mehetsz \u00fajra sz\u00e1guldozni a bar\u00e1taiddal!<\/p>\n","protected":false},"excerpt":{"rendered":"<p>Hi\u00e1ba j\u00f6n a j\u00f3 id\u0151, mi bring\u00e1sok is k\u00e9nytelenek vagyunk a lak\u00e1sban maradni, a n\u00e9gy fal k\u00f6z\u00f6tt b\u00e1mulva ker\u00e9kp\u00e1rjainkat, mik\u00f6zben [&hellip;]<\/p>\n","protected":false},"author":71,"featured_media":7445,"comment_status":"open","ping_status":"open","sticky":false,"template":"","format":"standard","meta":{"footnotes":""},"categories":[12],"tags":[],"global-categories":[],"class_list":["post-7440","post","type-post","status-publish","format-standard","has-post-thumbnail","hentry","category-kozosseg-es-kultura"],"yoast_head":"<!-- This site is optimized with the Yoast SEO Premium plugin v25.3 (Yoast SEO v25.9) - https:\/\/yoast.com\/wordpress\/plugins\/seo\/ -->\n<title>10 dolog, amit a karant\u00e9nban megtehetsz - \u0160koda We Love Cycling - Magyarorsz\u00e1g<\/title>\n<meta name=\"robots\" content=\"index, follow, max-snippet:-1, max-image-preview:large, max-video-preview:-1\" \/>\n<link rel=\"canonical\" href=\"https:\/\/www.welovecycling.com\/hu\/kozosseg-es-kultura\/10-dolog-amit-a-karantenban-megtehetsz\/\" \/>\n<meta property=\"og:locale\" content=\"hu_HU\" \/>\n<meta property=\"og:type\" content=\"article\" \/>\n<meta property=\"og:title\" content=\"10 dolog, amit a karant\u00e9nban megtehetsz\" \/>\n<meta property=\"og:description\" content=\"Hi\u00e1ba j\u00f6n a j\u00f3 id\u0151, mi bring\u00e1sok is k\u00e9nytelenek vagyunk a lak\u00e1sban maradni, a n\u00e9gy fal k\u00f6z\u00f6tt b\u00e1mulva ker\u00e9kp\u00e1rjainkat, mik\u00f6zben [&hellip;]\" \/>\n<meta property=\"og:url\" content=\"https:\/\/www.welovecycling.com\/hu\/kozosseg-es-kultura\/10-dolog-amit-a-karantenban-megtehetsz\/\" \/>\n<meta property=\"og:site_name\" content=\"\u0160koda We Love Cycling - Magyarorsz\u00e1g\" \/>\n<meta property=\"article:publisher\" content=\"https:\/\/www.facebook.com\/WeLoveCyclingHungary\/\" \/>\n<meta property=\"article:published_time\" content=\"2020-04-26T07:00:57+00:00\" \/>\n<meta property=\"article:modified_time\" content=\"2020-05-26T10:45:05+00:00\" \/>\n<meta property=\"og:image\" content=\"https:\/\/d2p6e6u75xmxt8.cloudfront.net\/12\/2020\/04\/Sleep-CVR.jpg\" \/>\n\t<meta property=\"og:image:width\" content=\"1366\" \/>\n\t<meta property=\"og:image:height\" content=\"600\" \/>\n\t<meta property=\"og:image:type\" content=\"image\/jpeg\" \/>\n<meta name=\"author\" content=\"hegyizs\" \/>\n<meta name=\"twitter:card\" content=\"summary_large_image\" \/>\n<meta name=\"twitter:label1\" content=\"Written by\" \/>\n\t<meta name=\"twitter:data1\" content=\"Siegfried Mortkowitz\" \/>\n\t<meta name=\"twitter:label2\" content=\"Est. reading time\" \/>\n\t<meta name=\"twitter:data2\" content=\"7\" \/>\n<script type=\"application\/ld+json\" class=\"yoast-schema-graph\">{\"@context\":\"https:\/\/schema.org\",\"@graph\":[{\"@type\":\"WebPage\",\"@id\":\"https:\/\/www.welovecycling.com\/hu\/kozosseg-es-kultura\/10-dolog-amit-a-karantenban-megtehetsz\/\",\"url\":\"https:\/\/www.welovecycling.com\/hu\/kozosseg-es-kultura\/10-dolog-amit-a-karantenban-megtehetsz\/\",\"name\":\"10 dolog, amit a karant\u00e9nban megtehetsz - \u0160koda We Love Cycling - Magyarorsz\u00e1g\",\"isPartOf\":{\"@id\":\"https:\/\/www.welovecycling.com\/hu\/#website\"},\"primaryImageOfPage\":{\"@id\":\"https:\/\/www.welovecycling.com\/hu\/kozosseg-es-kultura\/10-dolog-amit-a-karantenban-megtehetsz\/#primaryimage\"},\"image\":{\"@id\":\"https:\/\/www.welovecycling.com\/hu\/kozosseg-es-kultura\/10-dolog-amit-a-karantenban-megtehetsz\/#primaryimage\"},\"thumbnailUrl\":\"https:\/\/d2p6e6u75xmxt8.cloudfront.net\/12\/2020\/04\/Sleep-CVR.jpg\",\"datePublished\":\"2020-04-26T07:00:57+00:00\",\"dateModified\":\"2020-05-26T10:45:05+00:00\",\"author\":{\"@id\":\"https:\/\/www.welovecycling.com\/hu\/#\/schema\/person\/414a2aebf1801691a5320edb6468e194\"},\"breadcrumb\":{\"@id\":\"https:\/\/www.welovecycling.com\/hu\/kozosseg-es-kultura\/10-dolog-amit-a-karantenban-megtehetsz\/#breadcrumb\"},\"inLanguage\":\"hu\",\"potentialAction\":[{\"@type\":\"ReadAction\",\"target\":[\"https:\/\/www.welovecycling.com\/hu\/kozosseg-es-kultura\/10-dolog-amit-a-karantenban-megtehetsz\/\"]}]},{\"@type\":\"ImageObject\",\"inLanguage\":\"hu\",\"@id\":\"https:\/\/www.welovecycling.com\/hu\/kozosseg-es-kultura\/10-dolog-amit-a-karantenban-megtehetsz\/#primaryimage\",\"url\":\"https:\/\/d2p6e6u75xmxt8.cloudfront.net\/12\/2020\/04\/Sleep-CVR.jpg\",\"contentUrl\":\"https:\/\/d2p6e6u75xmxt8.cloudfront.net\/12\/2020\/04\/Sleep-CVR.jpg\",\"width\":1366,\"height\":600},{\"@type\":\"BreadcrumbList\",\"@id\":\"https:\/\/www.welovecycling.com\/hu\/kozosseg-es-kultura\/10-dolog-amit-a-karantenban-megtehetsz\/#breadcrumb\",\"itemListElement\":[{\"@type\":\"ListItem\",\"position\":1,\"name\":\"Home\",\"item\":\"https:\/\/www.welovecycling.com\/hu\/\"},{\"@type\":\"ListItem\",\"position\":2,\"name\":\"10 dolog, amit a karant\u00e9nban megtehetsz\"}]},{\"@type\":\"WebSite\",\"@id\":\"https:\/\/www.welovecycling.com\/hu\/#website\",\"url\":\"https:\/\/www.welovecycling.com\/hu\/\",\"name\":\"\u0160koda We Love Cycling - Magyarorsz\u00e1g\",\"description\":\"\u0160koda WeLoveCycling\",\"potentialAction\":[{\"@type\":\"SearchAction\",\"target\":{\"@type\":\"EntryPoint\",\"urlTemplate\":\"https:\/\/www.welovecycling.com\/hu\/?s={search_term_string}\"},\"query-input\":{\"@type\":\"PropertyValueSpecification\",\"valueRequired\":true,\"valueName\":\"search_term_string\"}}],\"inLanguage\":\"hu\"},{\"@type\":\"Person\",\"@id\":\"https:\/\/www.welovecycling.com\/hu\/#\/schema\/person\/414a2aebf1801691a5320edb6468e194\",\"name\":\"hegyizs\",\"image\":{\"@type\":\"ImageObject\",\"inLanguage\":\"hu\",\"@id\":\"https:\/\/www.welovecycling.com\/hu\/#\/schema\/person\/image\/\",\"url\":\"https:\/\/secure.gravatar.com\/avatar\/02cf8a7906b8cf90cecb4679defac7cfd33a1c2e3b88e4903d947f3bb58eedd3?s=96&d=mm&r=g\",\"contentUrl\":\"https:\/\/secure.gravatar.com\/avatar\/02cf8a7906b8cf90cecb4679defac7cfd33a1c2e3b88e4903d947f3bb58eedd3?s=96&d=mm&r=g\",\"caption\":\"hegyizs\"},\"url\":\"https:\/\/www.welovecycling.com\/hu\/author\/hegyizs\/\"}]}<\/script>\n<!-- \/ Yoast SEO Premium plugin. -->","yoast_head_json":{"title":"10 dolog, amit a karant\u00e9nban megtehetsz - \u0160koda We Love Cycling - Magyarorsz\u00e1g","robots":{"index":"index","follow":"follow","max-snippet":"max-snippet:-1","max-image-preview":"max-image-preview:large","max-video-preview":"max-video-preview:-1"},"canonical":"https:\/\/www.welovecycling.com\/hu\/kozosseg-es-kultura\/10-dolog-amit-a-karantenban-megtehetsz\/","og_locale":"hu_HU","og_type":"article","og_title":"10 dolog, amit a karant\u00e9nban megtehetsz","og_description":"Hi\u00e1ba j\u00f6n a j\u00f3 id\u0151, mi bring\u00e1sok is k\u00e9nytelenek vagyunk a lak\u00e1sban maradni, a n\u00e9gy fal k\u00f6z\u00f6tt b\u00e1mulva ker\u00e9kp\u00e1rjainkat, mik\u00f6zben [&hellip;]","og_url":"https:\/\/www.welovecycling.com\/hu\/kozosseg-es-kultura\/10-dolog-amit-a-karantenban-megtehetsz\/","og_site_name":"\u0160koda We Love Cycling - Magyarorsz\u00e1g","article_publisher":"https:\/\/www.facebook.com\/WeLoveCyclingHungary\/","article_published_time":"2020-04-26T07:00:57+00:00","article_modified_time":"2020-05-26T10:45:05+00:00","og_image":[{"width":1366,"height":600,"url":"https:\/\/d2p6e6u75xmxt8.cloudfront.net\/12\/2020\/04\/Sleep-CVR.jpg","type":"image\/jpeg"}],"author":"hegyizs","twitter_card":"summary_large_image","twitter_misc":{"Written by":"Siegfried Mortkowitz","Est. reading time":"7"},"schema":{"@context":"https:\/\/schema.org","@graph":[{"@type":"WebPage","@id":"https:\/\/www.welovecycling.com\/hu\/kozosseg-es-kultura\/10-dolog-amit-a-karantenban-megtehetsz\/","url":"https:\/\/www.welovecycling.com\/hu\/kozosseg-es-kultura\/10-dolog-amit-a-karantenban-megtehetsz\/","name":"10 dolog, amit a karant\u00e9nban megtehetsz - \u0160koda We Love Cycling - Magyarorsz\u00e1g","isPartOf":{"@id":"https:\/\/www.welovecycling.com\/hu\/#website"},"primaryImageOfPage":{"@id":"https:\/\/www.welovecycling.com\/hu\/kozosseg-es-kultura\/10-dolog-amit-a-karantenban-megtehetsz\/#primaryimage"},"image":{"@id":"https:\/\/www.welovecycling.com\/hu\/kozosseg-es-kultura\/10-dolog-amit-a-karantenban-megtehetsz\/#primaryimage"},"thumbnailUrl":"https:\/\/d2p6e6u75xmxt8.cloudfront.net\/12\/2020\/04\/Sleep-CVR.jpg","datePublished":"2020-04-26T07:00:57+00:00","dateModified":"2020-05-26T10:45:05+00:00","author":{"@id":"https:\/\/www.welovecycling.com\/hu\/#\/schema\/person\/414a2aebf1801691a5320edb6468e194"},"breadcrumb":{"@id":"https:\/\/www.welovecycling.com\/hu\/kozosseg-es-kultura\/10-dolog-amit-a-karantenban-megtehetsz\/#breadcrumb"},"inLanguage":"hu","potentialAction":[{"@type":"ReadAction","target":["https:\/\/www.welovecycling.com\/hu\/kozosseg-es-kultura\/10-dolog-amit-a-karantenban-megtehetsz\/"]}]},{"@type":"ImageObject","inLanguage":"hu","@id":"https:\/\/www.welovecycling.com\/hu\/kozosseg-es-kultura\/10-dolog-amit-a-karantenban-megtehetsz\/#primaryimage","url":"https:\/\/d2p6e6u75xmxt8.cloudfront.net\/12\/2020\/04\/Sleep-CVR.jpg","contentUrl":"https:\/\/d2p6e6u75xmxt8.cloudfront.net\/12\/2020\/04\/Sleep-CVR.jpg","width":1366,"height":600},{"@type":"BreadcrumbList","@id":"https:\/\/www.welovecycling.com\/hu\/kozosseg-es-kultura\/10-dolog-amit-a-karantenban-megtehetsz\/#breadcrumb","itemListElement":[{"@type":"ListItem","position":1,"name":"Home","item":"https:\/\/www.welovecycling.com\/hu\/"},{"@type":"ListItem","position":2,"name":"10 dolog, amit a karant\u00e9nban megtehetsz"}]},{"@type":"WebSite","@id":"https:\/\/www.welovecycling.com\/hu\/#website","url":"https:\/\/www.welovecycling.com\/hu\/","name":"\u0160koda We Love Cycling - Magyarorsz\u00e1g","description":"\u0160koda WeLoveCycling","potentialAction":[{"@type":"SearchAction","target":{"@type":"EntryPoint","urlTemplate":"https:\/\/www.welovecycling.com\/hu\/?s={search_term_string}"},"query-input":{"@type":"PropertyValueSpecification","valueRequired":true,"valueName":"search_term_string"}}],"inLanguage":"hu"},{"@type":"Person","@id":"https:\/\/www.welovecycling.com\/hu\/#\/schema\/person\/414a2aebf1801691a5320edb6468e194","name":"hegyizs","image":{"@type":"ImageObject","inLanguage":"hu","@id":"https:\/\/www.welovecycling.com\/hu\/#\/schema\/person\/image\/","url":"https:\/\/secure.gravatar.com\/avatar\/02cf8a7906b8cf90cecb4679defac7cfd33a1c2e3b88e4903d947f3bb58eedd3?s=96&d=mm&r=g","contentUrl":"https:\/\/secure.gravatar.com\/avatar\/02cf8a7906b8cf90cecb4679defac7cfd33a1c2e3b88e4903d947f3bb58eedd3?s=96&d=mm&r=g","caption":"hegyizs"},"url":"https:\/\/www.welovecycling.com\/hu\/author\/hegyizs\/"}]}},"_links":{"self":[{"href":"https:\/\/www.welovecycling.com\/hu\/wp-json\/wp\/v2\/posts\/7440","targetHints":{"allow":["GET"]}}],"collection":[{"href":"https:\/\/www.welovecycling.com\/hu\/wp-json\/wp\/v2\/posts"}],"about":[{"href":"https:\/\/www.welovecycling.com\/hu\/wp-json\/wp\/v2\/types\/post"}],"author":[{"embeddable":true,"href":"https:\/\/www.welovecycling.com\/hu\/wp-json\/wp\/v2\/users\/71"}],"replies":[{"embeddable":true,"href":"https:\/\/www.welovecycling.com\/hu\/wp-json\/wp\/v2\/comments?post=7440"}],"version-history":[{"count":2,"href":"https:\/\/www.welovecycling.com\/hu\/wp-json\/wp\/v2\/posts\/7440\/revisions"}],"predecessor-version":[{"id":7456,"href":"https:\/\/www.welovecycling.com\/hu\/wp-json\/wp\/v2\/posts\/7440\/revisions\/7456"}],"wp:featuredmedia":[{"embeddable":true,"href":"https:\/\/www.welovecycling.com\/hu\/wp-json\/wp\/v2\/media\/7445"}],"wp:attachment":[{"href":"https:\/\/www.welovecycling.com\/hu\/wp-json\/wp\/v2\/media?parent=7440"}],"wp:term":[{"taxonomy":"category","embeddable":true,"href":"https:\/\/www.welovecycling.com\/hu\/wp-json\/wp\/v2\/categories?post=7440"},{"taxonomy":"post_tag","embeddable":true,"href":"https:\/\/www.welovecycling.com\/hu\/wp-json\/wp\/v2\/tags?post=7440"},{"taxonomy":"global-categories","embeddable":true,"href":"https:\/\/www.welovecycling.com\/hu\/wp-json\/wp\/v2\/global-categories?post=7440"}],"curies":[{"name":"wp","href":"https:\/\/api.w.org\/{rel}","templated":true}]}}