{"id":7435,"date":"2020-04-24T08:00:07","date_gmt":"2020-04-24T07:00:07","guid":{"rendered":"https:\/\/www.welovecycling.com\/hu\/?p=7435"},"modified":"2020-04-18T12:23:27","modified_gmt":"2020-04-18T11:23:27","slug":"a-celfotozas-elterjedese","status":"publish","type":"post","link":"https:\/\/www.welovecycling.com\/hu\/orszaguti-kerekpar\/a-celfotozas-elterjedese\/","title":{"rendered":"A c\u00e9lfot\u00f3z\u00e1s elterjed\u00e9se"},"content":{"rendered":"<p><strong>Szokt\u00e1l sportfogad\u00e1sokat k\u00f6tni? Ha igen, akkor te is tudod, hogy szurkol\u00f3k ezreinek boldogs\u00e1ga (vagy szomor\u00fas\u00e1ga) f\u00fcgg att\u00f3l, hogy pontosan m\u00e9rj\u00fck a c\u00e9lba \u00e9rkez\u00e9sek sorrendj\u00e9t. A c\u00e9lfot\u00f3z\u00e1s ideje el\u0151tt az eredm\u00e9nyeket nehezebb volt meg\u00e1llap\u00edtani, mint napjainkban. Ma m\u00e1r nemcsak l\u00f3versenyeken \u00e9s fut\u00f3versenyeken, hanem a Tour de France egyes \u00e1llom\u00e1sain is a technol\u00f3gia ny\u00fajt seg\u00edts\u00e9get.<\/strong><\/p>\n<p><!--more--><\/p>\n<p>Utazzunk vissza az id\u0151ben 2017 egyik legforr\u00f3bb j\u00faliusi napj\u00e1ra, amikor a Tour de France 7. szakasza zajlott. N\u00e9gy ker\u00e9kp\u00e1ros volt sz\u00f6k\u00e9sben, de m\u00e9g 6 kilom\u00e9ter h\u00e1tra volt a versenyb\u0151l. A Nuits-Saint-Georges fel\u00e9 sz\u00e1guldva \u00e9lvezt\u00e9k a menetsz\u00e9l h\u0171v\u00f6s simogat\u00e1s\u00e1t, amikor az utols\u00f3 200 m\u00e9teres szakaszra \u00e9rve \u00fagy l\u00e1tszott, hogy a norv\u00e9g versenyz\u0151 fog nyerni. Azonban hirtelen az \u00e9lre t\u00f6rt a n\u00e9met Marcel Kittel \u00e9s l\u00e1tsz\u00f3lag pontosan egyszerre szelt\u00e9k \u00e1t a c\u00e9lvonalat.<\/p>\n<figure id=\"attachment_7436\" aria-describedby=\"caption-attachment-7436\" style=\"width: 1024px\" class=\"wp-caption alignnone\"><a href=\"https:\/\/d2p6e6u75xmxt8.cloudfront.net\/2\/2020\/04\/marcel-kittel-profimedia-0341155355.jpg\"><img loading=\"lazy\" decoding=\"async\" class=\"size-large wp-image-7436\" src=\"https:\/\/d2p6e6u75xmxt8.cloudfront.net\/12\/2020\/04\/marcel-kittel-profimedia-0341155355-1024x703.jpg\" alt=\"\" width=\"1024\" height=\"703\" srcset=\"https:\/\/d2p6e6u75xmxt8.cloudfront.net\/12\/2020\/04\/marcel-kittel-profimedia-0341155355-1024x703.jpg 1024w, https:\/\/d2p6e6u75xmxt8.cloudfront.net\/12\/2020\/04\/marcel-kittel-profimedia-0341155355-300x206.jpg 300w, https:\/\/d2p6e6u75xmxt8.cloudfront.net\/12\/2020\/04\/marcel-kittel-profimedia-0341155355-768x527.jpg 768w, https:\/\/d2p6e6u75xmxt8.cloudfront.net\/12\/2020\/04\/marcel-kittel-profimedia-0341155355.jpg 1250w\" sizes=\"auto, (max-width: 1024px) 100vw, 1024px\" \/><\/a><figcaption id=\"caption-attachment-7436\" class=\"wp-caption-text\"><em>Mattel Kittel (k\u00f6z\u00e9pen), ahogy \u00e1tszeli a c\u00e9lvonalat a 104. Tour De France 7. szakasz\u00e1n. \u00a9 YOAN VALAT \/ EPA \/ Profimedia <\/em>EPA \/ Profimedia<\/figcaption><\/figure>\n<p>Az abszol\u00fat holtverseny l\u00e1tszata ellen\u00e9re a Tissot \u00f3ragy\u00e1rt\u00f3 c\u00e9g, aki az id\u0151m\u00e9r\u00e9s\u00e9rt volt felel\u0151s, Kittel gy\u0151zelm\u00e9t hirdette ki: 0,0003 m\u00e1sodperccel \u00e9rt hamarabb c\u00e9lba a n\u00e9met versenyz\u0151, mind\u00f6ssze 6 millim\u00e9terrel hagyva le ellenfel\u00e9t. Ha a verseny n\u00e9h\u00e1ny \u00e9vtizeddel ezel\u0151tt zajlott volna le, akkor val\u00f3sz\u00edn\u0171leg egy 1 km-es d\u00f6nt\u0151ben kellett volna megk\u00fczdeni\u00fck a gy\u0151zelem\u00e9rt. 2017-ben azonban m\u00e1r olyan kamer\u00e1kat haszn\u00e1lt a Tour, amik k\u00e9pesek voltak m\u00e1sodpercenk\u00e9nt 10000 k\u00e9pkocka k\u00e9sz\u00edt\u00e9s\u00e9re, \u00edgy Marcel Kittel \u00fcnnepelhetett aznap.<\/p>\n<p>A c\u00e9lfot\u00f3 tal\u00e1lm\u00e1ny\u00e1t a l\u00f3versenyek nehezen meghat\u00e1rozhat\u00f3 be\u00e9rkez\u00e9si sorrendj\u00e9nek k\u00f6sz\u00f6nhetj\u00fck. A szab\u00e1ly egyszer\u0171: az a l\u00f3 nyer, aki el\u0151sz\u00f6r l\u00e9pi \u00e1t a c\u00e9lvonalat. Azonban ez sokszor csak millim\u00e9ternyi k\u00fcl\u00f6nbs\u00e9geket jelentett, szabad szemmel szinte lehetetlen volt meghat\u00e1rozni, ki lett a gy\u0151ztes. A l\u00f3versenyeken m\u00e1rpedig sok p\u00e9nz forgott kock\u00e1n, nem lehetett bizonytalan az eredm\u00e9ny.<\/p>\n<figure id=\"attachment_7437\" aria-describedby=\"caption-attachment-7437\" style=\"width: 1024px\" class=\"wp-caption alignnone\"><a href=\"https:\/\/d2p6e6u75xmxt8.cloudfront.net\/2\/2020\/04\/horse-race-pexels-3015224.jpg\"><img loading=\"lazy\" decoding=\"async\" class=\"wp-image-7437 size-large\" src=\"https:\/\/d2p6e6u75xmxt8.cloudfront.net\/12\/2020\/04\/horse-race-pexels-3015224-1024x576.jpg\" alt=\"\" width=\"1024\" height=\"576\" srcset=\"https:\/\/d2p6e6u75xmxt8.cloudfront.net\/12\/2020\/04\/horse-race-pexels-3015224-1024x576.jpg 1024w, https:\/\/d2p6e6u75xmxt8.cloudfront.net\/12\/2020\/04\/horse-race-pexels-3015224-300x169.jpg 300w, https:\/\/d2p6e6u75xmxt8.cloudfront.net\/12\/2020\/04\/horse-race-pexels-3015224-768x432.jpg 768w, https:\/\/d2p6e6u75xmxt8.cloudfront.net\/12\/2020\/04\/horse-race-pexels-3015224.jpg 1280w\" sizes=\"auto, (max-width: 1024px) 100vw, 1024px\" \/><\/a><figcaption id=\"caption-attachment-7437\" class=\"wp-caption-text\"><em>A c\u00e9lfot\u00f3k \u00f6tlete a l\u00f3versenyekb\u0151l fakad.<\/em><\/figcaption><\/figure>\n<p>A legr\u00e9gebbi fennmaradt c\u00e9lfot\u00f3t John Charles Hemment k\u00e9sz\u00edtette 1890-ben. A kamer\u00e1t a c\u00e9l vonal\u00e1ban helyezt\u00e9k el, az expon\u00e1l\u00e1st pedig az els\u0151 l\u00f3 ind\u00edtotta el, azzal, hogy elszak\u00edtotta a p\u00e1ly\u00e1n v\u00e9gigvezetett fonalat. Mivel a kamera egyetlen k\u00e9pet tudott l\u0151ni, a m\u00f3dszer gyakran vallott kudarcot, de j\u00f3 kiindul\u00e1si alapnak bizonyult. 1920 \u00f3ta mozg\u00f3k\u00e9pkamer\u00e1kat haszn\u00e1ltak, ezek azonban t\u00fal alacsony sebess\u00e9ggel rendelkeztek ahhoz, hogy val\u00f3ban seg\u00edts\u00e9k a d\u00f6nt\u00e9st. A Paramount Pictures mozg\u00f3k\u00e9p-m\u00e9rn\u00f6ke, Lorenzo Del Riccio fejlesztett ki egy eszk\u00f6zt, amely kifejezetten mozg\u00f3 t\u00e1rgyak f\u00e9nyk\u00e9pez\u00e9s\u00e9re volt alkalmas. 1937-ben m\u00e1r ezt haszn\u00e1lt\u00e1k a Del Mar Klub verseny\u00e9n. Az \u00e9vek sor\u00e1n folyamatosan tov\u00e1bbgondolt\u00e1k a koncepci\u00f3t, a digit\u00e1lis kamer\u00e1k megjelen\u00e9se azonban mindent megv\u00e1ltoztatott: azonnal \u00e9s egy\u00e9rtelm\u0171en k\u00f6z\u00f6lte a v\u00e9geredm\u00e9nyt.<\/p>\n<p>Azonban m\u00e9g a modern eszk\u00f6z\u00f6k sem d\u00f6ntenek mindig egy\u00e9rtelm\u0171en: 2010-ben a melbourn-i UCI orsz\u00e1g\u00fati bajnoks\u00e1g 23 \u00e9v alatti koroszt\u00e1ly-verseny\u00e9n legal\u00e1bbis nem ny\u00fajtottak t\u00fal sok seg\u00edts\u00e9get. Amikor Taylor Phinney \u00e9s Guillame Boivin k\u00f6zvetlen\u00fcl a gy\u0151ztes ut\u00e1n szelt\u00e9k \u00e1t a c\u00e9lvonalat, m\u00e9g a Tissot kamera \u00e1ltal k\u00e9sz\u00edtett k\u00e9pek alapj\u00e1n sem lehetett meg\u00e1llap\u00edtani a k\u00fcl\u00f6nbs\u00e9get a k\u00e9t versenyz\u0151 k\u00f6z\u00f6tt. V\u00e9g\u00fcl mindketten bronz\u00e9rmet kaptak. A sport szesz\u00e9lyes j\u00e1t\u00e9k!<\/p>\n","protected":false},"excerpt":{"rendered":"<p>Szokt\u00e1l sportfogad\u00e1sokat k\u00f6tni? Ha igen, akkor te is tudod, hogy szurkol\u00f3k ezreinek boldogs\u00e1ga (vagy szomor\u00fas\u00e1ga) f\u00fcgg att\u00f3l, hogy pontosan m\u00e9rj\u00fck [&hellip;]<\/p>\n","protected":false},"author":71,"featured_media":7439,"comment_status":"open","ping_status":"open","sticky":false,"template":"","format":"standard","meta":{"footnotes":""},"categories":[8],"tags":[],"global-categories":[],"class_list":["post-7435","post","type-post","status-publish","format-standard","has-post-thumbnail","hentry","category-orszaguti-kerekpar"],"yoast_head":"<!-- This site is optimized with the Yoast SEO Premium plugin v25.3 (Yoast SEO v25.9) - https:\/\/yoast.com\/wordpress\/plugins\/seo\/ -->\n<title>A c\u00e9lfot\u00f3z\u00e1s elterjed\u00e9se - \u0160koda We Love Cycling - Magyarorsz\u00e1g<\/title>\n<meta name=\"robots\" content=\"index, follow, max-snippet:-1, max-image-preview:large, max-video-preview:-1\" \/>\n<link rel=\"canonical\" href=\"https:\/\/www.welovecycling.com\/hu\/orszaguti-kerekpar\/a-celfotozas-elterjedese\/\" \/>\n<meta property=\"og:locale\" content=\"hu_HU\" \/>\n<meta property=\"og:type\" content=\"article\" \/>\n<meta property=\"og:title\" content=\"A c\u00e9lfot\u00f3z\u00e1s elterjed\u00e9se\" \/>\n<meta property=\"og:description\" content=\"Szokt\u00e1l sportfogad\u00e1sokat k\u00f6tni? Ha igen, akkor te is tudod, hogy szurkol\u00f3k ezreinek boldogs\u00e1ga (vagy szomor\u00fas\u00e1ga) f\u00fcgg att\u00f3l, hogy pontosan m\u00e9rj\u00fck [&hellip;]\" \/>\n<meta property=\"og:url\" content=\"https:\/\/www.welovecycling.com\/hu\/orszaguti-kerekpar\/a-celfotozas-elterjedese\/\" \/>\n<meta property=\"og:site_name\" content=\"\u0160koda We Love Cycling - Magyarorsz\u00e1g\" \/>\n<meta property=\"article:publisher\" content=\"https:\/\/www.facebook.com\/WeLoveCyclingHungary\/\" \/>\n<meta property=\"article:published_time\" content=\"2020-04-24T07:00:07+00:00\" \/>\n<meta property=\"og:image\" content=\"https:\/\/d2p6e6u75xmxt8.cloudfront.net\/12\/2020\/04\/finish-line-camera-profimedia-0382354030-CVR.jpg\" \/>\n\t<meta property=\"og:image:width\" content=\"1366\" \/>\n\t<meta property=\"og:image:height\" content=\"600\" \/>\n\t<meta property=\"og:image:type\" content=\"image\/jpeg\" \/>\n<meta name=\"author\" content=\"hegyizs\" \/>\n<meta name=\"twitter:card\" content=\"summary_large_image\" \/>\n<meta name=\"twitter:label1\" content=\"Written by\" \/>\n\t<meta name=\"twitter:data1\" content=\"Adam Marsal\" \/>\n\t<meta name=\"twitter:label2\" content=\"Est. reading time\" \/>\n\t<meta name=\"twitter:data2\" content=\"5\" \/>\n<script type=\"application\/ld+json\" class=\"yoast-schema-graph\">{\"@context\":\"https:\/\/schema.org\",\"@graph\":[{\"@type\":\"WebPage\",\"@id\":\"https:\/\/www.welovecycling.com\/hu\/orszaguti-kerekpar\/a-celfotozas-elterjedese\/\",\"url\":\"https:\/\/www.welovecycling.com\/hu\/orszaguti-kerekpar\/a-celfotozas-elterjedese\/\",\"name\":\"A c\u00e9lfot\u00f3z\u00e1s elterjed\u00e9se - \u0160koda We Love Cycling - Magyarorsz\u00e1g\",\"isPartOf\":{\"@id\":\"https:\/\/www.welovecycling.com\/hu\/#website\"},\"primaryImageOfPage\":{\"@id\":\"https:\/\/www.welovecycling.com\/hu\/orszaguti-kerekpar\/a-celfotozas-elterjedese\/#primaryimage\"},\"image\":{\"@id\":\"https:\/\/www.welovecycling.com\/hu\/orszaguti-kerekpar\/a-celfotozas-elterjedese\/#primaryimage\"},\"thumbnailUrl\":\"https:\/\/d2p6e6u75xmxt8.cloudfront.net\/12\/2020\/04\/finish-line-camera-profimedia-0382354030-CVR.jpg\",\"datePublished\":\"2020-04-24T07:00:07+00:00\",\"author\":{\"@id\":\"https:\/\/www.welovecycling.com\/hu\/#\/schema\/person\/414a2aebf1801691a5320edb6468e194\"},\"breadcrumb\":{\"@id\":\"https:\/\/www.welovecycling.com\/hu\/orszaguti-kerekpar\/a-celfotozas-elterjedese\/#breadcrumb\"},\"inLanguage\":\"hu\",\"potentialAction\":[{\"@type\":\"ReadAction\",\"target\":[\"https:\/\/www.welovecycling.com\/hu\/orszaguti-kerekpar\/a-celfotozas-elterjedese\/\"]}]},{\"@type\":\"ImageObject\",\"inLanguage\":\"hu\",\"@id\":\"https:\/\/www.welovecycling.com\/hu\/orszaguti-kerekpar\/a-celfotozas-elterjedese\/#primaryimage\",\"url\":\"https:\/\/d2p6e6u75xmxt8.cloudfront.net\/12\/2020\/04\/finish-line-camera-profimedia-0382354030-CVR.jpg\",\"contentUrl\":\"https:\/\/d2p6e6u75xmxt8.cloudfront.net\/12\/2020\/04\/finish-line-camera-profimedia-0382354030-CVR.jpg\",\"width\":1366,\"height\":600},{\"@type\":\"BreadcrumbList\",\"@id\":\"https:\/\/www.welovecycling.com\/hu\/orszaguti-kerekpar\/a-celfotozas-elterjedese\/#breadcrumb\",\"itemListElement\":[{\"@type\":\"ListItem\",\"position\":1,\"name\":\"Home\",\"item\":\"https:\/\/www.welovecycling.com\/hu\/\"},{\"@type\":\"ListItem\",\"position\":2,\"name\":\"A c\u00e9lfot\u00f3z\u00e1s elterjed\u00e9se\"}]},{\"@type\":\"WebSite\",\"@id\":\"https:\/\/www.welovecycling.com\/hu\/#website\",\"url\":\"https:\/\/www.welovecycling.com\/hu\/\",\"name\":\"\u0160koda We Love Cycling - Magyarorsz\u00e1g\",\"description\":\"\u0160koda WeLoveCycling\",\"potentialAction\":[{\"@type\":\"SearchAction\",\"target\":{\"@type\":\"EntryPoint\",\"urlTemplate\":\"https:\/\/www.welovecycling.com\/hu\/?s={search_term_string}\"},\"query-input\":{\"@type\":\"PropertyValueSpecification\",\"valueRequired\":true,\"valueName\":\"search_term_string\"}}],\"inLanguage\":\"hu\"},{\"@type\":\"Person\",\"@id\":\"https:\/\/www.welovecycling.com\/hu\/#\/schema\/person\/414a2aebf1801691a5320edb6468e194\",\"name\":\"hegyizs\",\"image\":{\"@type\":\"ImageObject\",\"inLanguage\":\"hu\",\"@id\":\"https:\/\/www.welovecycling.com\/hu\/#\/schema\/person\/image\/\",\"url\":\"https:\/\/secure.gravatar.com\/avatar\/02cf8a7906b8cf90cecb4679defac7cfd33a1c2e3b88e4903d947f3bb58eedd3?s=96&d=mm&r=g\",\"contentUrl\":\"https:\/\/secure.gravatar.com\/avatar\/02cf8a7906b8cf90cecb4679defac7cfd33a1c2e3b88e4903d947f3bb58eedd3?s=96&d=mm&r=g\",\"caption\":\"hegyizs\"},\"url\":\"https:\/\/www.welovecycling.com\/hu\/author\/hegyizs\/\"}]}<\/script>\n<!-- \/ Yoast SEO Premium plugin. -->","yoast_head_json":{"title":"A c\u00e9lfot\u00f3z\u00e1s elterjed\u00e9se - \u0160koda We Love Cycling - Magyarorsz\u00e1g","robots":{"index":"index","follow":"follow","max-snippet":"max-snippet:-1","max-image-preview":"max-image-preview:large","max-video-preview":"max-video-preview:-1"},"canonical":"https:\/\/www.welovecycling.com\/hu\/orszaguti-kerekpar\/a-celfotozas-elterjedese\/","og_locale":"hu_HU","og_type":"article","og_title":"A c\u00e9lfot\u00f3z\u00e1s elterjed\u00e9se","og_description":"Szokt\u00e1l sportfogad\u00e1sokat k\u00f6tni? Ha igen, akkor te is tudod, hogy szurkol\u00f3k ezreinek boldogs\u00e1ga (vagy szomor\u00fas\u00e1ga) f\u00fcgg att\u00f3l, hogy pontosan m\u00e9rj\u00fck [&hellip;]","og_url":"https:\/\/www.welovecycling.com\/hu\/orszaguti-kerekpar\/a-celfotozas-elterjedese\/","og_site_name":"\u0160koda We Love Cycling - Magyarorsz\u00e1g","article_publisher":"https:\/\/www.facebook.com\/WeLoveCyclingHungary\/","article_published_time":"2020-04-24T07:00:07+00:00","og_image":[{"width":1366,"height":600,"url":"https:\/\/d2p6e6u75xmxt8.cloudfront.net\/12\/2020\/04\/finish-line-camera-profimedia-0382354030-CVR.jpg","type":"image\/jpeg"}],"author":"hegyizs","twitter_card":"summary_large_image","twitter_misc":{"Written by":"Adam Marsal","Est. reading time":"5"},"schema":{"@context":"https:\/\/schema.org","@graph":[{"@type":"WebPage","@id":"https:\/\/www.welovecycling.com\/hu\/orszaguti-kerekpar\/a-celfotozas-elterjedese\/","url":"https:\/\/www.welovecycling.com\/hu\/orszaguti-kerekpar\/a-celfotozas-elterjedese\/","name":"A c\u00e9lfot\u00f3z\u00e1s elterjed\u00e9se - \u0160koda We Love Cycling - Magyarorsz\u00e1g","isPartOf":{"@id":"https:\/\/www.welovecycling.com\/hu\/#website"},"primaryImageOfPage":{"@id":"https:\/\/www.welovecycling.com\/hu\/orszaguti-kerekpar\/a-celfotozas-elterjedese\/#primaryimage"},"image":{"@id":"https:\/\/www.welovecycling.com\/hu\/orszaguti-kerekpar\/a-celfotozas-elterjedese\/#primaryimage"},"thumbnailUrl":"https:\/\/d2p6e6u75xmxt8.cloudfront.net\/12\/2020\/04\/finish-line-camera-profimedia-0382354030-CVR.jpg","datePublished":"2020-04-24T07:00:07+00:00","author":{"@id":"https:\/\/www.welovecycling.com\/hu\/#\/schema\/person\/414a2aebf1801691a5320edb6468e194"},"breadcrumb":{"@id":"https:\/\/www.welovecycling.com\/hu\/orszaguti-kerekpar\/a-celfotozas-elterjedese\/#breadcrumb"},"inLanguage":"hu","potentialAction":[{"@type":"ReadAction","target":["https:\/\/www.welovecycling.com\/hu\/orszaguti-kerekpar\/a-celfotozas-elterjedese\/"]}]},{"@type":"ImageObject","inLanguage":"hu","@id":"https:\/\/www.welovecycling.com\/hu\/orszaguti-kerekpar\/a-celfotozas-elterjedese\/#primaryimage","url":"https:\/\/d2p6e6u75xmxt8.cloudfront.net\/12\/2020\/04\/finish-line-camera-profimedia-0382354030-CVR.jpg","contentUrl":"https:\/\/d2p6e6u75xmxt8.cloudfront.net\/12\/2020\/04\/finish-line-camera-profimedia-0382354030-CVR.jpg","width":1366,"height":600},{"@type":"BreadcrumbList","@id":"https:\/\/www.welovecycling.com\/hu\/orszaguti-kerekpar\/a-celfotozas-elterjedese\/#breadcrumb","itemListElement":[{"@type":"ListItem","position":1,"name":"Home","item":"https:\/\/www.welovecycling.com\/hu\/"},{"@type":"ListItem","position":2,"name":"A c\u00e9lfot\u00f3z\u00e1s elterjed\u00e9se"}]},{"@type":"WebSite","@id":"https:\/\/www.welovecycling.com\/hu\/#website","url":"https:\/\/www.welovecycling.com\/hu\/","name":"\u0160koda We Love Cycling - Magyarorsz\u00e1g","description":"\u0160koda WeLoveCycling","potentialAction":[{"@type":"SearchAction","target":{"@type":"EntryPoint","urlTemplate":"https:\/\/www.welovecycling.com\/hu\/?s={search_term_string}"},"query-input":{"@type":"PropertyValueSpecification","valueRequired":true,"valueName":"search_term_string"}}],"inLanguage":"hu"},{"@type":"Person","@id":"https:\/\/www.welovecycling.com\/hu\/#\/schema\/person\/414a2aebf1801691a5320edb6468e194","name":"hegyizs","image":{"@type":"ImageObject","inLanguage":"hu","@id":"https:\/\/www.welovecycling.com\/hu\/#\/schema\/person\/image\/","url":"https:\/\/secure.gravatar.com\/avatar\/02cf8a7906b8cf90cecb4679defac7cfd33a1c2e3b88e4903d947f3bb58eedd3?s=96&d=mm&r=g","contentUrl":"https:\/\/secure.gravatar.com\/avatar\/02cf8a7906b8cf90cecb4679defac7cfd33a1c2e3b88e4903d947f3bb58eedd3?s=96&d=mm&r=g","caption":"hegyizs"},"url":"https:\/\/www.welovecycling.com\/hu\/author\/hegyizs\/"}]}},"_links":{"self":[{"href":"https:\/\/www.welovecycling.com\/hu\/wp-json\/wp\/v2\/posts\/7435","targetHints":{"allow":["GET"]}}],"collection":[{"href":"https:\/\/www.welovecycling.com\/hu\/wp-json\/wp\/v2\/posts"}],"about":[{"href":"https:\/\/www.welovecycling.com\/hu\/wp-json\/wp\/v2\/types\/post"}],"author":[{"embeddable":true,"href":"https:\/\/www.welovecycling.com\/hu\/wp-json\/wp\/v2\/users\/71"}],"replies":[{"embeddable":true,"href":"https:\/\/www.welovecycling.com\/hu\/wp-json\/wp\/v2\/comments?post=7435"}],"version-history":[{"count":2,"href":"https:\/\/www.welovecycling.com\/hu\/wp-json\/wp\/v2\/posts\/7435\/revisions"}],"predecessor-version":[{"id":7455,"href":"https:\/\/www.welovecycling.com\/hu\/wp-json\/wp\/v2\/posts\/7435\/revisions\/7455"}],"wp:featuredmedia":[{"embeddable":true,"href":"https:\/\/www.welovecycling.com\/hu\/wp-json\/wp\/v2\/media\/7439"}],"wp:attachment":[{"href":"https:\/\/www.welovecycling.com\/hu\/wp-json\/wp\/v2\/media?parent=7435"}],"wp:term":[{"taxonomy":"category","embeddable":true,"href":"https:\/\/www.welovecycling.com\/hu\/wp-json\/wp\/v2\/categories?post=7435"},{"taxonomy":"post_tag","embeddable":true,"href":"https:\/\/www.welovecycling.com\/hu\/wp-json\/wp\/v2\/tags?post=7435"},{"taxonomy":"global-categories","embeddable":true,"href":"https:\/\/www.welovecycling.com\/hu\/wp-json\/wp\/v2\/global-categories?post=7435"}],"curies":[{"name":"wp","href":"https:\/\/api.w.org\/{rel}","templated":true}]}}