{"id":7416,"date":"2020-04-22T08:00:22","date_gmt":"2020-04-22T07:00:22","guid":{"rendered":"https:\/\/www.welovecycling.com\/hu\/?p=7416"},"modified":"2020-04-18T12:21:39","modified_gmt":"2020-04-18T11:21:39","slug":"elore-a-szavak-utjan-5-bringas-konyv-amit-el-kell-olvasnod","status":"publish","type":"post","link":"https:\/\/www.welovecycling.com\/hu\/kozosseg-es-kultura\/elore-a-szavak-utjan-5-bringas-konyv-amit-el-kell-olvasnod\/","title":{"rendered":"El\u0151re a szavak \u00fatj\u00e1n: 5 bring\u00e1s k\u00f6nyv, amit el kell olvasnod"},"content":{"rendered":"<p><strong>Att\u00f3l m\u00e9g, hogy nem \u00fclhetsz a nyeregben \u00e9s nem j\u00e1rhatod a v\u00e1rost \u00e9s a term\u00e9szetet, nem jelenti azt, hogy nem utazhatsz el a h\u00e9tk\u00f6znapokb\u00f3l. Csak tervezz egy \u00fatvonalat a k\u00f6nyvespolcon, v\u00e1laszd ki az \u00fatic\u00e9lt \u00e9s barangold be a t\u00f6rt\u00e9neteket! Ha pedig ragaszkodsz a ker\u00e9kp\u00e1rokhoz,\u2013 \u00e9s persze, hogy ragaszkodsz! &#8211; hoztunk n\u00e9h\u00e1ny olvasnival\u00f3t, amikben a biciklik a f\u0151szerepl\u0151k.<\/strong><!--more--><\/p>\n<h2><strong>1. H\u00edv az orsz\u00e1g\u00fat<\/strong><\/h2>\n<p>Gondolkodt\u00e1l m\u00e1r rajta, hogy zajlott az els\u0151 orsz\u00e1g\u00fati verseny? Milyen lehetett velocip\u00e9deken tekerni a c\u00e9l fel\u00e9? Vagy v\u00e1lt\u00f3 n\u00e9lk\u00fcli ker\u00e9kp\u00e1ron bevenni az emelked\u0151ket? Ha t\u00e9ged is h\u00edv az orsz\u00e1g\u00fat, k\u00f6telez\u0151 olvasm\u00e1ny Chris Sidwells k\u00f6nyve, amivel bej\u00e1rhatod a m\u00faltat, megismerheted a r\u00e9gi id\u0151k nagy szem\u00e9lyis\u00e9geit, t\u00f6rt\u00e9neteit, sikereit \u00e9s buk\u00e1sait. A k\u00f6nyv befejezt\u00e9vel h\u00e1l\u00e1s leszel a modern ker\u00e9kp\u00e1rod\u00e9rt \u2013 \u00e9s biztosan indulni akarsz majd a Tour-on vagy a Giro-n\u2026<\/p>\n<p><img loading=\"lazy\" decoding=\"async\" class=\"aligncenter size-full wp-image-7423\" src=\"https:\/\/d2p6e6u75xmxt8.cloudfront.net\/12\/2020\/04\/hiv_az_orszagut_borito.jpg\" alt=\"\" width=\"600\" height=\"420\" srcset=\"https:\/\/d2p6e6u75xmxt8.cloudfront.net\/12\/2020\/04\/hiv_az_orszagut_borito.jpg 600w, https:\/\/d2p6e6u75xmxt8.cloudfront.net\/12\/2020\/04\/hiv_az_orszagut_borito-300x210.jpg 300w\" sizes=\"auto, (max-width: 600px) 100vw, 600px\" \/><\/p>\n<h2><strong>2. Az \u00e9n vil\u00e1gom<\/strong><\/h2>\n<p>Peter Sagan nev\u00e9t mindenki ismeri, akit kicsit is \u00e9rdekel a bicikliz\u00e9s, nemcsak teljes\u00edtm\u00e9ny\u00e9vel, de egy\u00e9nis\u00e9g\u00e9vel is hozz\u00e1j\u00e1rult h\u00edrnev\u00e9hez. A tetov\u00e1lt, lezser ker\u00e9kp\u00e1ros megizzasztja az \u00fajs\u00e1g\u00edr\u00f3kat, mik\u00f6zben \u0151 maga egy\u00e1ltal\u00e1n nem izzad egy-egy versenyen, legal\u00e1bbis remek\u00fcl titkolja, ha m\u00e9gis. Persze, hogy mind szeretn\u00e9nk Sagan-ok lenni egy napra!<\/p>\n<p><img loading=\"lazy\" decoding=\"async\" class=\"aligncenter size-full wp-image-7424\" src=\"https:\/\/d2p6e6u75xmxt8.cloudfront.net\/12\/2020\/04\/15261336.jpg\" alt=\"\" width=\"389\" height=\"600\" srcset=\"https:\/\/d2p6e6u75xmxt8.cloudfront.net\/12\/2020\/04\/15261336.jpg 389w, https:\/\/d2p6e6u75xmxt8.cloudfront.net\/12\/2020\/04\/15261336-195x300.jpg 195w\" sizes=\"auto, (max-width: 389px) 100vw, 389px\" \/><\/p>\n<h2><strong>3. A profi ker\u00e9kp\u00e1roz\u00e1s titkai &#8211; Val\u00f3 \u00e9let az \u00e9lmez\u0151nyben<\/strong><\/h2>\n<p>Cukorm\u00e1z n\u00e9lk\u00fcl, egy Titkos Ker\u00e9kp\u00e1rost\u00f3l. Mind\u00f6ssze egy h\u00f3napja jelent meg a profi ker\u00e9kp\u00e1ros \u00e9let titkait leplezetlen\u00fcl felt\u00e1r\u00f3 k\u00f6nyv, ami a sport minden sz\u00e9ps\u00e9g\u00e9t \u00e9s neh\u00e9zs\u00e9g\u00e9t bemutatja. Ha \u00e9pp azon gondolkozol, belev\u00e1gj-e a versenyz\u00e9sbe, ez tal\u00e1n seg\u00edt eld\u00f6nteni!<\/p>\n<p><img loading=\"lazy\" decoding=\"async\" class=\"aligncenter size-full wp-image-7425\" src=\"https:\/\/d2p6e6u75xmxt8.cloudfront.net\/12\/2020\/04\/A_profi_kerekparozas_titkai_-_Valo_elet_az_elmez__nyben.jpg\" alt=\"\" width=\"300\" height=\"474\" srcset=\"https:\/\/d2p6e6u75xmxt8.cloudfront.net\/12\/2020\/04\/A_profi_kerekparozas_titkai_-_Valo_elet_az_elmez__nyben.jpg 300w, https:\/\/d2p6e6u75xmxt8.cloudfront.net\/12\/2020\/04\/A_profi_kerekparozas_titkai_-_Valo_elet_az_elmez__nyben-190x300.jpg 190w\" sizes=\"auto, (max-width: 300px) 100vw, 300px\" \/><\/p>\n<h2><strong>4. Tekerj! \u2013 A szabads\u00e1g k\u00f6nny\u0171 m\u00e1mora<\/strong><\/h2>\n<p>A Fortepan sorozat r\u00e9szek\u00e9nt jelent meg a Budapest Bike Maffia k\u00f6zrem\u0171k\u00f6d\u00e9s\u00e9vel a k\u00f6nyv, ami nemcsak bring\u00e1s t\u00f6rt\u00e9nelmet, vicces t\u00f6rt\u00e9neteket \u00e9s a mai ker\u00e9kp\u00e1ros k\u00f6rk\u00e9pet mutatja be, de megv\u00e1s\u00e1rl\u00e1s\u00e1val j\u00f3t\u00e9kony szervezeteket t\u00e1mogathatsz! A k\u00f6nyvr\u0151l r\u00e9szletesebben itt olvashatsz.<\/p>\n<p><img loading=\"lazy\" decoding=\"async\" class=\"aligncenter size-full wp-image-7426\" src=\"https:\/\/d2p6e6u75xmxt8.cloudfront.net\/12\/2020\/04\/wlc_tekerj03.png\" alt=\"\" width=\"560\" height=\"315\" srcset=\"https:\/\/d2p6e6u75xmxt8.cloudfront.net\/12\/2020\/04\/wlc_tekerj03.png 560w, https:\/\/d2p6e6u75xmxt8.cloudfront.net\/12\/2020\/04\/wlc_tekerj03-300x169.png 300w\" sizes=\"auto, (max-width: 560px) 100vw, 560px\" \/><\/p>\n<h2><strong>5. Megszel\u00edd\u00edtem a ker\u00e9kp\u00e1rt<\/strong><\/h2>\n<p>Ha laz\u00e1bb kikapcsol\u00f3d\u00e1sra v\u00e1gysz, f\u00e9lre a szakk\u00f6nyvekkel \u00e9s a bring\u00e1s t\u00f6rt\u00e9nelemmel! Mark Twain humoros szat\u00edr\u00e1i, par\u00f3di\u00e1i, kisk\u00f6nyvei \u00e9s cikkei egy k\u00f6tetben. Ha szeretted Tom Sawyert, ezt is im\u00e1dni fogod!<\/p>\n<p><img loading=\"lazy\" decoding=\"async\" class=\"aligncenter size-full wp-image-7427\" src=\"https:\/\/d2p6e6u75xmxt8.cloudfront.net\/12\/2020\/04\/covers_58152.jpg\" alt=\"\" width=\"312\" height=\"500\" srcset=\"https:\/\/d2p6e6u75xmxt8.cloudfront.net\/12\/2020\/04\/covers_58152.jpg 312w, https:\/\/d2p6e6u75xmxt8.cloudfront.net\/12\/2020\/04\/covers_58152-187x300.jpg 187w\" sizes=\"auto, (max-width: 312px) 100vw, 312px\" \/><\/p>\n<h2><strong>+1. Magyar ker\u00e9kp\u00e1rok \u2013 dedik\u00e1lt<\/strong><\/h2>\n<p>Ok\u00e9, ezt tal\u00e1n nem fogod megvenni, hacsak nincs 60.000 Ft-od elfekv\u0151ben, de mindenk\u00e9pp \u00e9rdemes tudni a l\u00e9tez\u00e9s\u00e9r\u0151l, hogy f\u00e1jhasson kicsit a sz\u00edv\u00fcnk. Varsa Endre dedik\u00e1lt k\u00f6nyve t\u00f6k\u00e9letes elegye a tudom\u00e1nynak, a sz\u00f3rakoztat\u00e1snak, a nosztalgi\u00e1nak \u00e9s a t\u00f6rt\u00e9nelemnek. Ha valaha kezedbe akad egy p\u00e9ld\u00e1ny, biztosan a k\u00f6nyvespolcod \u00e9ke lesz!<\/p>\n<p><img loading=\"lazy\" decoding=\"async\" class=\"aligncenter size-full wp-image-7428\" src=\"https:\/\/d2p6e6u75xmxt8.cloudfront.net\/12\/2020\/04\/B345798.jpg\" alt=\"\" width=\"388\" height=\"500\" srcset=\"https:\/\/d2p6e6u75xmxt8.cloudfront.net\/12\/2020\/04\/B345798.jpg 388w, https:\/\/d2p6e6u75xmxt8.cloudfront.net\/12\/2020\/04\/B345798-233x300.jpg 233w\" sizes=\"auto, (max-width: 388px) 100vw, 388px\" \/><\/p>\n<p>&nbsp;<\/p>\n","protected":false},"excerpt":{"rendered":"<p>Att\u00f3l m\u00e9g, hogy nem \u00fclhetsz a nyeregben \u00e9s nem j\u00e1rhatod a v\u00e1rost \u00e9s a term\u00e9szetet, nem jelenti azt, hogy nem [&hellip;]<\/p>\n","protected":false},"author":71,"featured_media":7429,"comment_status":"open","ping_status":"open","sticky":false,"template":"","format":"standard","meta":{"footnotes":""},"categories":[12],"tags":[],"global-categories":[],"class_list":["post-7416","post","type-post","status-publish","format-standard","has-post-thumbnail","hentry","category-kozosseg-es-kultura"],"yoast_head":"<!-- This site is optimized with the Yoast SEO Premium plugin v25.3 (Yoast SEO v25.9) - https:\/\/yoast.com\/wordpress\/plugins\/seo\/ -->\n<title>El\u0151re a szavak \u00fatj\u00e1n: 5 bring\u00e1s k\u00f6nyv, amit el kell olvasnod - \u0160koda We Love Cycling - Magyarorsz\u00e1g<\/title>\n<meta name=\"robots\" content=\"index, follow, max-snippet:-1, max-image-preview:large, max-video-preview:-1\" \/>\n<link rel=\"canonical\" href=\"https:\/\/www.welovecycling.com\/hu\/kozosseg-es-kultura\/elore-a-szavak-utjan-5-bringas-konyv-amit-el-kell-olvasnod\/\" \/>\n<meta property=\"og:locale\" content=\"hu_HU\" \/>\n<meta property=\"og:type\" content=\"article\" \/>\n<meta property=\"og:title\" content=\"El\u0151re a szavak \u00fatj\u00e1n: 5 bring\u00e1s k\u00f6nyv, amit el kell olvasnod\" \/>\n<meta property=\"og:description\" content=\"Att\u00f3l m\u00e9g, hogy nem \u00fclhetsz a nyeregben \u00e9s nem j\u00e1rhatod a v\u00e1rost \u00e9s a term\u00e9szetet, nem jelenti azt, hogy nem [&hellip;]\" \/>\n<meta property=\"og:url\" content=\"https:\/\/www.welovecycling.com\/hu\/kozosseg-es-kultura\/elore-a-szavak-utjan-5-bringas-konyv-amit-el-kell-olvasnod\/\" \/>\n<meta property=\"og:site_name\" content=\"\u0160koda We Love Cycling - Magyarorsz\u00e1g\" \/>\n<meta property=\"article:publisher\" content=\"https:\/\/www.facebook.com\/WeLoveCyclingHungary\/\" \/>\n<meta property=\"article:published_time\" content=\"2020-04-22T07:00:22+00:00\" \/>\n<meta property=\"og:image\" content=\"https:\/\/d2p6e6u75xmxt8.cloudfront.net\/12\/2020\/04\/cropped-pexels-photo-38091-4.jpeg\" \/>\n\t<meta property=\"og:image:width\" content=\"1600\" \/>\n\t<meta property=\"og:image:height\" content=\"1183\" \/>\n\t<meta property=\"og:image:type\" content=\"image\/jpeg\" \/>\n<meta name=\"author\" content=\"hegyizs\" \/>\n<meta name=\"twitter:card\" content=\"summary_large_image\" \/>\n<meta name=\"twitter:label1\" content=\"Written by\" \/>\n\t<meta name=\"twitter:data1\" content=\"WLC\" \/>\n\t<meta name=\"twitter:label2\" content=\"Est. reading time\" \/>\n\t<meta name=\"twitter:data2\" content=\"3 minutes\" \/>\n<script type=\"application\/ld+json\" class=\"yoast-schema-graph\">{\"@context\":\"https:\/\/schema.org\",\"@graph\":[{\"@type\":\"WebPage\",\"@id\":\"https:\/\/www.welovecycling.com\/hu\/kozosseg-es-kultura\/elore-a-szavak-utjan-5-bringas-konyv-amit-el-kell-olvasnod\/\",\"url\":\"https:\/\/www.welovecycling.com\/hu\/kozosseg-es-kultura\/elore-a-szavak-utjan-5-bringas-konyv-amit-el-kell-olvasnod\/\",\"name\":\"El\u0151re a szavak \u00fatj\u00e1n: 5 bring\u00e1s k\u00f6nyv, amit el kell olvasnod - \u0160koda We Love Cycling - Magyarorsz\u00e1g\",\"isPartOf\":{\"@id\":\"https:\/\/www.welovecycling.com\/hu\/#website\"},\"primaryImageOfPage\":{\"@id\":\"https:\/\/www.welovecycling.com\/hu\/kozosseg-es-kultura\/elore-a-szavak-utjan-5-bringas-konyv-amit-el-kell-olvasnod\/#primaryimage\"},\"image\":{\"@id\":\"https:\/\/www.welovecycling.com\/hu\/kozosseg-es-kultura\/elore-a-szavak-utjan-5-bringas-konyv-amit-el-kell-olvasnod\/#primaryimage\"},\"thumbnailUrl\":\"https:\/\/d2p6e6u75xmxt8.cloudfront.net\/12\/2020\/04\/cropped-pexels-photo-38091-4.jpeg\",\"datePublished\":\"2020-04-22T07:00:22+00:00\",\"author\":{\"@id\":\"https:\/\/www.welovecycling.com\/hu\/#\/schema\/person\/414a2aebf1801691a5320edb6468e194\"},\"breadcrumb\":{\"@id\":\"https:\/\/www.welovecycling.com\/hu\/kozosseg-es-kultura\/elore-a-szavak-utjan-5-bringas-konyv-amit-el-kell-olvasnod\/#breadcrumb\"},\"inLanguage\":\"hu\",\"potentialAction\":[{\"@type\":\"ReadAction\",\"target\":[\"https:\/\/www.welovecycling.com\/hu\/kozosseg-es-kultura\/elore-a-szavak-utjan-5-bringas-konyv-amit-el-kell-olvasnod\/\"]}]},{\"@type\":\"ImageObject\",\"inLanguage\":\"hu\",\"@id\":\"https:\/\/www.welovecycling.com\/hu\/kozosseg-es-kultura\/elore-a-szavak-utjan-5-bringas-konyv-amit-el-kell-olvasnod\/#primaryimage\",\"url\":\"https:\/\/d2p6e6u75xmxt8.cloudfront.net\/12\/2020\/04\/cropped-pexels-photo-38091-4.jpeg\",\"contentUrl\":\"https:\/\/d2p6e6u75xmxt8.cloudfront.net\/12\/2020\/04\/cropped-pexels-photo-38091-4.jpeg\",\"width\":1600,\"height\":1183},{\"@type\":\"BreadcrumbList\",\"@id\":\"https:\/\/www.welovecycling.com\/hu\/kozosseg-es-kultura\/elore-a-szavak-utjan-5-bringas-konyv-amit-el-kell-olvasnod\/#breadcrumb\",\"itemListElement\":[{\"@type\":\"ListItem\",\"position\":1,\"name\":\"Home\",\"item\":\"https:\/\/www.welovecycling.com\/hu\/\"},{\"@type\":\"ListItem\",\"position\":2,\"name\":\"El\u0151re a szavak \u00fatj\u00e1n: 5 bring\u00e1s k\u00f6nyv, amit el kell olvasnod\"}]},{\"@type\":\"WebSite\",\"@id\":\"https:\/\/www.welovecycling.com\/hu\/#website\",\"url\":\"https:\/\/www.welovecycling.com\/hu\/\",\"name\":\"\u0160koda We Love Cycling - Magyarorsz\u00e1g\",\"description\":\"\u0160koda WeLoveCycling\",\"potentialAction\":[{\"@type\":\"SearchAction\",\"target\":{\"@type\":\"EntryPoint\",\"urlTemplate\":\"https:\/\/www.welovecycling.com\/hu\/?s={search_term_string}\"},\"query-input\":{\"@type\":\"PropertyValueSpecification\",\"valueRequired\":true,\"valueName\":\"search_term_string\"}}],\"inLanguage\":\"hu\"},{\"@type\":\"Person\",\"@id\":\"https:\/\/www.welovecycling.com\/hu\/#\/schema\/person\/414a2aebf1801691a5320edb6468e194\",\"name\":\"hegyizs\",\"image\":{\"@type\":\"ImageObject\",\"inLanguage\":\"hu\",\"@id\":\"https:\/\/www.welovecycling.com\/hu\/#\/schema\/person\/image\/\",\"url\":\"https:\/\/secure.gravatar.com\/avatar\/02cf8a7906b8cf90cecb4679defac7cfd33a1c2e3b88e4903d947f3bb58eedd3?s=96&d=mm&r=g\",\"contentUrl\":\"https:\/\/secure.gravatar.com\/avatar\/02cf8a7906b8cf90cecb4679defac7cfd33a1c2e3b88e4903d947f3bb58eedd3?s=96&d=mm&r=g\",\"caption\":\"hegyizs\"},\"url\":\"https:\/\/www.welovecycling.com\/hu\/author\/hegyizs\/\"}]}<\/script>\n<!-- \/ Yoast SEO Premium plugin. -->","yoast_head_json":{"title":"El\u0151re a szavak \u00fatj\u00e1n: 5 bring\u00e1s k\u00f6nyv, amit el kell olvasnod - \u0160koda We Love Cycling - Magyarorsz\u00e1g","robots":{"index":"index","follow":"follow","max-snippet":"max-snippet:-1","max-image-preview":"max-image-preview:large","max-video-preview":"max-video-preview:-1"},"canonical":"https:\/\/www.welovecycling.com\/hu\/kozosseg-es-kultura\/elore-a-szavak-utjan-5-bringas-konyv-amit-el-kell-olvasnod\/","og_locale":"hu_HU","og_type":"article","og_title":"El\u0151re a szavak \u00fatj\u00e1n: 5 bring\u00e1s k\u00f6nyv, amit el kell olvasnod","og_description":"Att\u00f3l m\u00e9g, hogy nem \u00fclhetsz a nyeregben \u00e9s nem j\u00e1rhatod a v\u00e1rost \u00e9s a term\u00e9szetet, nem jelenti azt, hogy nem [&hellip;]","og_url":"https:\/\/www.welovecycling.com\/hu\/kozosseg-es-kultura\/elore-a-szavak-utjan-5-bringas-konyv-amit-el-kell-olvasnod\/","og_site_name":"\u0160koda We Love Cycling - Magyarorsz\u00e1g","article_publisher":"https:\/\/www.facebook.com\/WeLoveCyclingHungary\/","article_published_time":"2020-04-22T07:00:22+00:00","og_image":[{"width":1600,"height":1183,"url":"https:\/\/d2p6e6u75xmxt8.cloudfront.net\/12\/2020\/04\/cropped-pexels-photo-38091-4.jpeg","type":"image\/jpeg"}],"author":"hegyizs","twitter_card":"summary_large_image","twitter_misc":{"Written by":"WLC","Est. reading time":"3 minutes"},"schema":{"@context":"https:\/\/schema.org","@graph":[{"@type":"WebPage","@id":"https:\/\/www.welovecycling.com\/hu\/kozosseg-es-kultura\/elore-a-szavak-utjan-5-bringas-konyv-amit-el-kell-olvasnod\/","url":"https:\/\/www.welovecycling.com\/hu\/kozosseg-es-kultura\/elore-a-szavak-utjan-5-bringas-konyv-amit-el-kell-olvasnod\/","name":"El\u0151re a szavak \u00fatj\u00e1n: 5 bring\u00e1s k\u00f6nyv, amit el kell olvasnod - \u0160koda We Love Cycling - Magyarorsz\u00e1g","isPartOf":{"@id":"https:\/\/www.welovecycling.com\/hu\/#website"},"primaryImageOfPage":{"@id":"https:\/\/www.welovecycling.com\/hu\/kozosseg-es-kultura\/elore-a-szavak-utjan-5-bringas-konyv-amit-el-kell-olvasnod\/#primaryimage"},"image":{"@id":"https:\/\/www.welovecycling.com\/hu\/kozosseg-es-kultura\/elore-a-szavak-utjan-5-bringas-konyv-amit-el-kell-olvasnod\/#primaryimage"},"thumbnailUrl":"https:\/\/d2p6e6u75xmxt8.cloudfront.net\/12\/2020\/04\/cropped-pexels-photo-38091-4.jpeg","datePublished":"2020-04-22T07:00:22+00:00","author":{"@id":"https:\/\/www.welovecycling.com\/hu\/#\/schema\/person\/414a2aebf1801691a5320edb6468e194"},"breadcrumb":{"@id":"https:\/\/www.welovecycling.com\/hu\/kozosseg-es-kultura\/elore-a-szavak-utjan-5-bringas-konyv-amit-el-kell-olvasnod\/#breadcrumb"},"inLanguage":"hu","potentialAction":[{"@type":"ReadAction","target":["https:\/\/www.welovecycling.com\/hu\/kozosseg-es-kultura\/elore-a-szavak-utjan-5-bringas-konyv-amit-el-kell-olvasnod\/"]}]},{"@type":"ImageObject","inLanguage":"hu","@id":"https:\/\/www.welovecycling.com\/hu\/kozosseg-es-kultura\/elore-a-szavak-utjan-5-bringas-konyv-amit-el-kell-olvasnod\/#primaryimage","url":"https:\/\/d2p6e6u75xmxt8.cloudfront.net\/12\/2020\/04\/cropped-pexels-photo-38091-4.jpeg","contentUrl":"https:\/\/d2p6e6u75xmxt8.cloudfront.net\/12\/2020\/04\/cropped-pexels-photo-38091-4.jpeg","width":1600,"height":1183},{"@type":"BreadcrumbList","@id":"https:\/\/www.welovecycling.com\/hu\/kozosseg-es-kultura\/elore-a-szavak-utjan-5-bringas-konyv-amit-el-kell-olvasnod\/#breadcrumb","itemListElement":[{"@type":"ListItem","position":1,"name":"Home","item":"https:\/\/www.welovecycling.com\/hu\/"},{"@type":"ListItem","position":2,"name":"El\u0151re a szavak \u00fatj\u00e1n: 5 bring\u00e1s k\u00f6nyv, amit el kell olvasnod"}]},{"@type":"WebSite","@id":"https:\/\/www.welovecycling.com\/hu\/#website","url":"https:\/\/www.welovecycling.com\/hu\/","name":"\u0160koda We Love Cycling - Magyarorsz\u00e1g","description":"\u0160koda WeLoveCycling","potentialAction":[{"@type":"SearchAction","target":{"@type":"EntryPoint","urlTemplate":"https:\/\/www.welovecycling.com\/hu\/?s={search_term_string}"},"query-input":{"@type":"PropertyValueSpecification","valueRequired":true,"valueName":"search_term_string"}}],"inLanguage":"hu"},{"@type":"Person","@id":"https:\/\/www.welovecycling.com\/hu\/#\/schema\/person\/414a2aebf1801691a5320edb6468e194","name":"hegyizs","image":{"@type":"ImageObject","inLanguage":"hu","@id":"https:\/\/www.welovecycling.com\/hu\/#\/schema\/person\/image\/","url":"https:\/\/secure.gravatar.com\/avatar\/02cf8a7906b8cf90cecb4679defac7cfd33a1c2e3b88e4903d947f3bb58eedd3?s=96&d=mm&r=g","contentUrl":"https:\/\/secure.gravatar.com\/avatar\/02cf8a7906b8cf90cecb4679defac7cfd33a1c2e3b88e4903d947f3bb58eedd3?s=96&d=mm&r=g","caption":"hegyizs"},"url":"https:\/\/www.welovecycling.com\/hu\/author\/hegyizs\/"}]}},"_links":{"self":[{"href":"https:\/\/www.welovecycling.com\/hu\/wp-json\/wp\/v2\/posts\/7416","targetHints":{"allow":["GET"]}}],"collection":[{"href":"https:\/\/www.welovecycling.com\/hu\/wp-json\/wp\/v2\/posts"}],"about":[{"href":"https:\/\/www.welovecycling.com\/hu\/wp-json\/wp\/v2\/types\/post"}],"author":[{"embeddable":true,"href":"https:\/\/www.welovecycling.com\/hu\/wp-json\/wp\/v2\/users\/71"}],"replies":[{"embeddable":true,"href":"https:\/\/www.welovecycling.com\/hu\/wp-json\/wp\/v2\/comments?post=7416"}],"version-history":[{"count":1,"href":"https:\/\/www.welovecycling.com\/hu\/wp-json\/wp\/v2\/posts\/7416\/revisions"}],"predecessor-version":[{"id":7430,"href":"https:\/\/www.welovecycling.com\/hu\/wp-json\/wp\/v2\/posts\/7416\/revisions\/7430"}],"wp:featuredmedia":[{"embeddable":true,"href":"https:\/\/www.welovecycling.com\/hu\/wp-json\/wp\/v2\/media\/7429"}],"wp:attachment":[{"href":"https:\/\/www.welovecycling.com\/hu\/wp-json\/wp\/v2\/media?parent=7416"}],"wp:term":[{"taxonomy":"category","embeddable":true,"href":"https:\/\/www.welovecycling.com\/hu\/wp-json\/wp\/v2\/categories?post=7416"},{"taxonomy":"post_tag","embeddable":true,"href":"https:\/\/www.welovecycling.com\/hu\/wp-json\/wp\/v2\/tags?post=7416"},{"taxonomy":"global-categories","embeddable":true,"href":"https:\/\/www.welovecycling.com\/hu\/wp-json\/wp\/v2\/global-categories?post=7416"}],"curies":[{"name":"wp","href":"https:\/\/api.w.org\/{rel}","templated":true}]}}