{"id":7407,"date":"2020-04-18T08:00:56","date_gmt":"2020-04-18T07:00:56","guid":{"rendered":"https:\/\/www.welovecycling.com\/hu\/?p=7407"},"modified":"2020-04-13T13:58:45","modified_gmt":"2020-04-13T12:58:45","slug":"dzsentrifikacio-es-kerekpar-az-egyenetlen-varosok-kulturaja","status":"publish","type":"post","link":"https:\/\/www.welovecycling.com\/hu\/varosi-kerekparozas\/dzsentrifikacio-es-kerekpar-az-egyenetlen-varosok-kulturaja\/","title":{"rendered":"Dzsentrifik\u00e1ci\u00f3 \u00e9s ker\u00e9kp\u00e1r: az egyenetlen v\u00e1rosok kult\u00far\u00e1ja"},"content":{"rendered":"<p><strong>A nem is olyan t\u00e1voli m\u00faltban a v\u00e1rosban ker\u00e9kp\u00e1rozni elk\u00e9pzelhetetlen, radik\u00e1lis lehet\u0151s\u00e9g volt, ami minden m\u00e1s k\u00f6zleked\u00e9si eszk\u00f6z kies\u00e9se ut\u00e1n mer\u00fclhetett csak fel: kev\u00e9s ker\u00e9kp\u00e1ros b\u00e1torkodott begurulni a k\u00eds\u00e9rteties utc\u00e1kba. Manaps\u00e1g m\u00e1r a biciklik jelentik a t\u00f6k\u00e9letes megold\u00e1st a v\u00e1rosi l\u00e9gszennyez\u00e9s visszaszor\u00edt\u00e1s\u00e1ra, a glob\u00e1lis felmeleged\u00e9s elleni harcba ker\u00e9kp\u00e1r-h\u00e1ton vonulunk, \u00e9s a modern emberek eg\u00e9szs\u00e9g\u00fcgyi probl\u00e9m\u00e1it is ezek oldhatj\u00e1k meg. A korm\u00e1nyzatok \u00e9s \u00f6nkorm\u00e1nyzatok minden\u00fctt belevetett\u00e9k magukat a ker\u00e9kp\u00e1ros fejleszt\u00e9sekbe, bicikliutakat terveznek, \u00e1talak\u00edtj\u00e1k az infrastrukt\u00far\u00e1t \u00e9s megteszik az els\u0151 l\u00e9p\u00e9seket egy ker\u00e9kp\u00e1r-bar\u00e1t, z\u00f6ld, \u00e9lettel teli \u00e9s \u00e9lhet\u0151 v\u00e1rosi k\u00f6rnyezet kialak\u00edt\u00e1sa fel\u00e9. A bicikliz\u00e9s renesz\u00e1nsza kezd\u0151dik most el. Azonban azok, akik szerint ennek a mozgalomnak csak pozit\u00edv hat\u00e1sai vannak, minden bizonnyal nem tartanak az egyenetlen fejl\u0151d\u00e9s h\u00e1tr\u00e1nyait\u00f3l.<\/strong><!--more--><\/p>\n<p>John G. Stehlin, az \u00e9szak-karolinai egyetem F\u00f6ldrajzi, K\u00f6rnyezetv\u00e9delmi \u00e9s Fenntarthat\u00f3s\u00e1gi Tansz\u00e9k\u00e9nek adjunktusa <em>\u201eAz egyenl\u0151tlen v\u00e1ros k\u00e9pe: ker\u00e9kp\u00e1r-infrastrukt\u00fara \u00e9s egyenetlen fejl\u0151d\u00e9s\u201d<\/em> \u00a0c\u00edm\u0171 k\u00f6nyve szeretett ker\u00e9kp\u00e1rjaink v\u00e1rosi dzsentrifik\u00e1ci\u00f3j\u00e1ban j\u00e1tszott szerep\u00e9r\u0151l sz\u00f3l. A tanulm\u00e1ny a mai \u00e9szak-amerikai v\u00e1rosokra \u00f6sszpontos\u00edt, de l\u00e9nyege \u00e9s eredm\u00e9nyei kivet\u00edthet\u0151k a vil\u00e1g m\u00e1s nagyv\u00e1rosaira is. Az infrastruktur\u00e1lis v\u00e1ltoz\u00e1sok mellett manaps\u00e1g a v\u00e1rosok \u00e9s vezet\u00f5ik a k\u00f6z\u00f6ss\u00e9gi ker\u00e9kp\u00e1r- rendszereket is egyre t\u00f6bb helyen el\u0151t\u00e9rbe helyezik, ez pedig hozz\u00e1j\u00e1rulhat a k\u00f6rnyezet, a t\u00e1rsadalom \u00e9s az egy\u00e9n eg\u00e9szs\u00e9g\u00e9hez. Stehlin k\u00f6nyve kritikusan k\u00f6zel\u00edti meg \u00e9s veszi g\u00f3rcs\u0151 al\u00e1 a ker\u00e9kp\u00e1roz\u00e1s \u00faj hull\u00e1m\u00e1t az amerikai v\u00e1rosokban: szerinte ugyanis lassan az egyenetlen fejl\u0151d\u00e9s szimb\u00f3luma lesz a k\u00e9t ker\u00e9k.<\/p>\n<figure id=\"attachment_7408\" aria-describedby=\"caption-attachment-7408\" style=\"width: 1250px\" class=\"wp-caption alignnone\"><img loading=\"lazy\" decoding=\"async\" class=\"size-full wp-image-7408\" src=\"https:\/\/d2p6e6u75xmxt8.cloudfront.net\/12\/2020\/04\/Venice-Beach-profimedia-0040290464.jpg\" alt=\"\" width=\"1250\" height=\"830\" srcset=\"https:\/\/d2p6e6u75xmxt8.cloudfront.net\/12\/2020\/04\/Venice-Beach-profimedia-0040290464.jpg 1250w, https:\/\/d2p6e6u75xmxt8.cloudfront.net\/12\/2020\/04\/Venice-Beach-profimedia-0040290464-300x199.jpg 300w, https:\/\/d2p6e6u75xmxt8.cloudfront.net\/12\/2020\/04\/Venice-Beach-profimedia-0040290464-768x510.jpg 768w, https:\/\/d2p6e6u75xmxt8.cloudfront.net\/12\/2020\/04\/Venice-Beach-profimedia-0040290464-1024x680.jpg 1024w, https:\/\/d2p6e6u75xmxt8.cloudfront.net\/12\/2020\/04\/Venice-Beach-profimedia-0040290464-272x182.jpg 272w\" sizes=\"auto, (max-width: 1250px) 100vw, 1250px\" \/><figcaption id=\"caption-attachment-7408\" class=\"wp-caption-text\"><em>Ker\u00e9kp\u00e1r\u00fat Los Angelesben. <\/em> \u00a9 Robert Harding Productions \/ robertharding \/ Profimedia<\/figcaption><\/figure>\n<p>A region\u00e1lis politika \u00e9s gazdas\u00e1g tanulm\u00e1nyoz\u00e1son alapul\u00f3 n\u00e9prajzi elemz\u00e9s az Egyes\u00fclt \u00c1llamok v\u00e1rosi ker\u00e9kp\u00e1r-infrastrukt\u00far\u00e1j\u00e1nak politikai \u00f6sszetev\u0151j\u00e9t vizsg\u00e1lja. A bicikliken kereszt\u00fcl elemzi a mai modern v\u00e1rosok jelent\u0151s v\u00e1ltoz\u00e1sait, a ker\u00e9kp\u00e1roz\u00e1s ir\u00e1nt n\u00f6vekv\u0151 \u00e9rdekl\u0151d\u00e9sre, valamint a v\u00e1rosok gazdas\u00e1gi- \u00e9s k\u00f6rnyezetv\u00e9delmi strat\u00e9gi\u00e1ira f\u00f3kusz\u00e1lva, k\u00fcl\u00f6n\u00f6sen a dzsentrifik\u00e1ci\u00f3ra j\u00e1tszott szerep\u00fcket emelve ki.<\/p>\n<p>A k\u00f6nyv kiad\u00f3ja, a Minnesota Press \u00edgy \u00edr a m\u0171r\u0151l: <em>\u201eJohn G. Stehlin a ker\u00e9kp\u00e1roz\u00e1s n\u00e9pszer\u0171s\u00e9g\u00e9nek n\u00f6veked\u00e9s\u00e9t k\u00f6veti nyomon, mint kulcsfontoss\u00e1g\u00fa politikai elemet azon amerikai v\u00e1rosok sz\u00e1m\u00e1ra, melyek k\u00f6rnyezeti, gazdas\u00e1gi \u00e9s t\u00e1rsadalmi probl\u00e9m\u00e1kkal szembes\u00fclnek. San Francisco, Philadelphia \u00e9s Detroit tanulm\u00e1nyoz\u00e1sa sor\u00e1n az \u00edr\u00f3 arra a k\u00f6vetkeztet\u00e9sre jutott, hogy a ker\u00e9kp\u00e1r-infrastrukt\u00fara ki\u00e9p\u00edt\u00e9se a neoliber\u00e1lis v\u00e1rosok keretein bel\u00fcl sok szempontb\u00f3l fokozza a megosztotts\u00e1got.\u201d<\/em><\/p>\n<figure id=\"attachment_7409\" aria-describedby=\"caption-attachment-7409\" style=\"width: 1250px\" class=\"wp-caption alignnone\"><img loading=\"lazy\" decoding=\"async\" class=\"size-full wp-image-7409\" src=\"https:\/\/d2p6e6u75xmxt8.cloudfront.net\/12\/2020\/04\/profimedia-0098680003.jpg\" alt=\"\" width=\"1250\" height=\"814\" srcset=\"https:\/\/d2p6e6u75xmxt8.cloudfront.net\/12\/2020\/04\/profimedia-0098680003.jpg 1250w, https:\/\/d2p6e6u75xmxt8.cloudfront.net\/12\/2020\/04\/profimedia-0098680003-300x195.jpg 300w, https:\/\/d2p6e6u75xmxt8.cloudfront.net\/12\/2020\/04\/profimedia-0098680003-768x500.jpg 768w, https:\/\/d2p6e6u75xmxt8.cloudfront.net\/12\/2020\/04\/profimedia-0098680003-1024x667.jpg 1024w\" sizes=\"auto, (max-width: 1250px) 100vw, 1250px\" \/><figcaption id=\"caption-attachment-7409\" class=\"wp-caption-text\"><em>San Francisco, California. A helyiek havonta egyszer lez\u00e1rt utc\u00e1kon tekerhetnek. \u00a9 Adam Gasson \/ Alamy \/ Profimedia<\/em><\/figcaption><\/figure>\n<p>Mimi Sheller, a <em>\u201eMobility Justice: A mozg\u00e1s politik\u00e1ja a sz\u00e9ls\u0151s\u00e9gek kor\u00e1ban\u201d <\/em>szerz\u0151je \u00edgy nyilatkozott a k\u00f6nyvr\u0151l: <em>\u201eEz a tanulm\u00e1ny r\u00e1mutat arra, milyen elt\u00e9r\u00e9sek vannak jelen a k\u00f6zleked\u00e9si lehet\u0151s\u00e9gekben faji, nemi \u00e9s t\u00e1rsadalmi tekintetben. Ha valakit \u00e9rdekel az igazs\u00e1gos k\u00f6zleked\u00e9s k\u00e9rd\u00e9se, mindenk\u00e9pp olvassa el.\u201d<\/em><\/p>\n<p>Ha te is k\u00edv\u00e1ncsi vagy, de nincs k\u00e9zn\u00e9l az olvasm\u00e1ny, hallgasd meg <a href=\"https:\/\/kpfa.org\/episode\/against-the-grain-march-2-2020\/?fbclid=IwAR0tR8lqZIypzXT2a07EhlcFtQqpEmYjQHb9cpBMJZxDgDgtQC0m8W1HqqE\">ezt az interj\u00fat<\/a>, ami az \u00edr\u00f3val k\u00e9sz\u00fclt. Elmagyar\u00e1zza a f\u0151 vizsg\u00e1lati szempontokat \u00e9s elmondja, mit gondol, mi lenne az ide\u00e1lis megk\u00f6zel\u00edt\u00e9se a v\u00e1rosok fejleszt\u00e9s\u00e9nek. \u00c9rdekes tanulm\u00e1ny, az biztos!<\/p>\n","protected":false},"excerpt":{"rendered":"<p>A nem is olyan t\u00e1voli m\u00faltban a v\u00e1rosban ker\u00e9kp\u00e1rozni elk\u00e9pzelhetetlen, radik\u00e1lis lehet\u0151s\u00e9g volt, ami minden m\u00e1s k\u00f6zleked\u00e9si eszk\u00f6z kies\u00e9se ut\u00e1n [&hellip;]<\/p>\n","protected":false},"author":71,"featured_media":7411,"comment_status":"open","ping_status":"open","sticky":false,"template":"","format":"standard","meta":{"footnotes":""},"categories":[9],"tags":[],"global-categories":[],"class_list":["post-7407","post","type-post","status-publish","format-standard","has-post-thumbnail","hentry","category-varosi-kerekparozas"],"yoast_head":"<!-- This site is optimized with the Yoast SEO Premium plugin v25.3 (Yoast SEO v25.9) - https:\/\/yoast.com\/wordpress\/plugins\/seo\/ -->\n<title>Dzsentrifik\u00e1ci\u00f3 \u00e9s ker\u00e9kp\u00e1r: az egyenetlen v\u00e1rosok kult\u00far\u00e1ja - \u0160koda We Love Cycling - Magyarorsz\u00e1g<\/title>\n<meta name=\"robots\" content=\"index, follow, max-snippet:-1, max-image-preview:large, max-video-preview:-1\" \/>\n<link rel=\"canonical\" href=\"https:\/\/www.welovecycling.com\/hu\/varosi-kerekparozas\/dzsentrifikacio-es-kerekpar-az-egyenetlen-varosok-kulturaja\/\" \/>\n<meta property=\"og:locale\" content=\"hu_HU\" \/>\n<meta property=\"og:type\" content=\"article\" \/>\n<meta property=\"og:title\" content=\"Dzsentrifik\u00e1ci\u00f3 \u00e9s ker\u00e9kp\u00e1r: az egyenetlen v\u00e1rosok kult\u00far\u00e1ja\" \/>\n<meta property=\"og:description\" content=\"A nem is olyan t\u00e1voli m\u00faltban a v\u00e1rosban ker\u00e9kp\u00e1rozni elk\u00e9pzelhetetlen, radik\u00e1lis lehet\u0151s\u00e9g volt, ami minden m\u00e1s k\u00f6zleked\u00e9si eszk\u00f6z kies\u00e9se ut\u00e1n [&hellip;]\" \/>\n<meta property=\"og:url\" content=\"https:\/\/www.welovecycling.com\/hu\/varosi-kerekparozas\/dzsentrifikacio-es-kerekpar-az-egyenetlen-varosok-kulturaja\/\" \/>\n<meta property=\"og:site_name\" content=\"\u0160koda We Love Cycling - Magyarorsz\u00e1g\" \/>\n<meta property=\"article:publisher\" content=\"https:\/\/www.facebook.com\/WeLoveCyclingHungary\/\" \/>\n<meta property=\"article:published_time\" content=\"2020-04-18T07:00:56+00:00\" \/>\n<meta property=\"og:image\" content=\"https:\/\/d2p6e6u75xmxt8.cloudfront.net\/12\/2020\/04\/Brooklyn-Cycling-CVR-profimedia-0380031356.jpg\" \/>\n\t<meta property=\"og:image:width\" content=\"1366\" \/>\n\t<meta property=\"og:image:height\" content=\"600\" \/>\n\t<meta property=\"og:image:type\" content=\"image\/jpeg\" \/>\n<meta name=\"author\" content=\"hegyizs\" \/>\n<meta name=\"twitter:card\" content=\"summary_large_image\" \/>\n<meta name=\"twitter:label1\" content=\"Written by\" \/>\n\t<meta name=\"twitter:data1\" content=\"Frantiska Blazkova\" \/>\n\t<meta name=\"twitter:label2\" content=\"Est. reading time\" \/>\n\t<meta name=\"twitter:data2\" content=\"6\" \/>\n<script type=\"application\/ld+json\" class=\"yoast-schema-graph\">{\"@context\":\"https:\/\/schema.org\",\"@graph\":[{\"@type\":\"WebPage\",\"@id\":\"https:\/\/www.welovecycling.com\/hu\/varosi-kerekparozas\/dzsentrifikacio-es-kerekpar-az-egyenetlen-varosok-kulturaja\/\",\"url\":\"https:\/\/www.welovecycling.com\/hu\/varosi-kerekparozas\/dzsentrifikacio-es-kerekpar-az-egyenetlen-varosok-kulturaja\/\",\"name\":\"Dzsentrifik\u00e1ci\u00f3 \u00e9s ker\u00e9kp\u00e1r: az egyenetlen v\u00e1rosok kult\u00far\u00e1ja - \u0160koda We Love Cycling - Magyarorsz\u00e1g\",\"isPartOf\":{\"@id\":\"https:\/\/www.welovecycling.com\/hu\/#website\"},\"primaryImageOfPage\":{\"@id\":\"https:\/\/www.welovecycling.com\/hu\/varosi-kerekparozas\/dzsentrifikacio-es-kerekpar-az-egyenetlen-varosok-kulturaja\/#primaryimage\"},\"image\":{\"@id\":\"https:\/\/www.welovecycling.com\/hu\/varosi-kerekparozas\/dzsentrifikacio-es-kerekpar-az-egyenetlen-varosok-kulturaja\/#primaryimage\"},\"thumbnailUrl\":\"https:\/\/d2p6e6u75xmxt8.cloudfront.net\/12\/2020\/04\/Brooklyn-Cycling-CVR-profimedia-0380031356.jpg\",\"datePublished\":\"2020-04-18T07:00:56+00:00\",\"author\":{\"@id\":\"https:\/\/www.welovecycling.com\/hu\/#\/schema\/person\/414a2aebf1801691a5320edb6468e194\"},\"breadcrumb\":{\"@id\":\"https:\/\/www.welovecycling.com\/hu\/varosi-kerekparozas\/dzsentrifikacio-es-kerekpar-az-egyenetlen-varosok-kulturaja\/#breadcrumb\"},\"inLanguage\":\"hu\",\"potentialAction\":[{\"@type\":\"ReadAction\",\"target\":[\"https:\/\/www.welovecycling.com\/hu\/varosi-kerekparozas\/dzsentrifikacio-es-kerekpar-az-egyenetlen-varosok-kulturaja\/\"]}]},{\"@type\":\"ImageObject\",\"inLanguage\":\"hu\",\"@id\":\"https:\/\/www.welovecycling.com\/hu\/varosi-kerekparozas\/dzsentrifikacio-es-kerekpar-az-egyenetlen-varosok-kulturaja\/#primaryimage\",\"url\":\"https:\/\/d2p6e6u75xmxt8.cloudfront.net\/12\/2020\/04\/Brooklyn-Cycling-CVR-profimedia-0380031356.jpg\",\"contentUrl\":\"https:\/\/d2p6e6u75xmxt8.cloudfront.net\/12\/2020\/04\/Brooklyn-Cycling-CVR-profimedia-0380031356.jpg\",\"width\":1366,\"height\":600},{\"@type\":\"BreadcrumbList\",\"@id\":\"https:\/\/www.welovecycling.com\/hu\/varosi-kerekparozas\/dzsentrifikacio-es-kerekpar-az-egyenetlen-varosok-kulturaja\/#breadcrumb\",\"itemListElement\":[{\"@type\":\"ListItem\",\"position\":1,\"name\":\"Home\",\"item\":\"https:\/\/www.welovecycling.com\/hu\/\"},{\"@type\":\"ListItem\",\"position\":2,\"name\":\"Dzsentrifik\u00e1ci\u00f3 \u00e9s ker\u00e9kp\u00e1r: az egyenetlen v\u00e1rosok kult\u00far\u00e1ja\"}]},{\"@type\":\"WebSite\",\"@id\":\"https:\/\/www.welovecycling.com\/hu\/#website\",\"url\":\"https:\/\/www.welovecycling.com\/hu\/\",\"name\":\"\u0160koda We Love Cycling - Magyarorsz\u00e1g\",\"description\":\"\u0160koda WeLoveCycling\",\"potentialAction\":[{\"@type\":\"SearchAction\",\"target\":{\"@type\":\"EntryPoint\",\"urlTemplate\":\"https:\/\/www.welovecycling.com\/hu\/?s={search_term_string}\"},\"query-input\":{\"@type\":\"PropertyValueSpecification\",\"valueRequired\":true,\"valueName\":\"search_term_string\"}}],\"inLanguage\":\"hu\"},{\"@type\":\"Person\",\"@id\":\"https:\/\/www.welovecycling.com\/hu\/#\/schema\/person\/414a2aebf1801691a5320edb6468e194\",\"name\":\"hegyizs\",\"image\":{\"@type\":\"ImageObject\",\"inLanguage\":\"hu\",\"@id\":\"https:\/\/www.welovecycling.com\/hu\/#\/schema\/person\/image\/\",\"url\":\"https:\/\/secure.gravatar.com\/avatar\/02cf8a7906b8cf90cecb4679defac7cfd33a1c2e3b88e4903d947f3bb58eedd3?s=96&d=mm&r=g\",\"contentUrl\":\"https:\/\/secure.gravatar.com\/avatar\/02cf8a7906b8cf90cecb4679defac7cfd33a1c2e3b88e4903d947f3bb58eedd3?s=96&d=mm&r=g\",\"caption\":\"hegyizs\"},\"url\":\"https:\/\/www.welovecycling.com\/hu\/author\/hegyizs\/\"}]}<\/script>\n<!-- \/ Yoast SEO Premium plugin. -->","yoast_head_json":{"title":"Dzsentrifik\u00e1ci\u00f3 \u00e9s ker\u00e9kp\u00e1r: az egyenetlen v\u00e1rosok kult\u00far\u00e1ja - \u0160koda We Love Cycling - Magyarorsz\u00e1g","robots":{"index":"index","follow":"follow","max-snippet":"max-snippet:-1","max-image-preview":"max-image-preview:large","max-video-preview":"max-video-preview:-1"},"canonical":"https:\/\/www.welovecycling.com\/hu\/varosi-kerekparozas\/dzsentrifikacio-es-kerekpar-az-egyenetlen-varosok-kulturaja\/","og_locale":"hu_HU","og_type":"article","og_title":"Dzsentrifik\u00e1ci\u00f3 \u00e9s ker\u00e9kp\u00e1r: az egyenetlen v\u00e1rosok kult\u00far\u00e1ja","og_description":"A nem is olyan t\u00e1voli m\u00faltban a v\u00e1rosban ker\u00e9kp\u00e1rozni elk\u00e9pzelhetetlen, radik\u00e1lis lehet\u0151s\u00e9g volt, ami minden m\u00e1s k\u00f6zleked\u00e9si eszk\u00f6z kies\u00e9se ut\u00e1n [&hellip;]","og_url":"https:\/\/www.welovecycling.com\/hu\/varosi-kerekparozas\/dzsentrifikacio-es-kerekpar-az-egyenetlen-varosok-kulturaja\/","og_site_name":"\u0160koda We Love Cycling - Magyarorsz\u00e1g","article_publisher":"https:\/\/www.facebook.com\/WeLoveCyclingHungary\/","article_published_time":"2020-04-18T07:00:56+00:00","og_image":[{"width":1366,"height":600,"url":"https:\/\/d2p6e6u75xmxt8.cloudfront.net\/12\/2020\/04\/Brooklyn-Cycling-CVR-profimedia-0380031356.jpg","type":"image\/jpeg"}],"author":"hegyizs","twitter_card":"summary_large_image","twitter_misc":{"Written by":"Frantiska Blazkova","Est. reading time":"6"},"schema":{"@context":"https:\/\/schema.org","@graph":[{"@type":"WebPage","@id":"https:\/\/www.welovecycling.com\/hu\/varosi-kerekparozas\/dzsentrifikacio-es-kerekpar-az-egyenetlen-varosok-kulturaja\/","url":"https:\/\/www.welovecycling.com\/hu\/varosi-kerekparozas\/dzsentrifikacio-es-kerekpar-az-egyenetlen-varosok-kulturaja\/","name":"Dzsentrifik\u00e1ci\u00f3 \u00e9s ker\u00e9kp\u00e1r: az egyenetlen v\u00e1rosok kult\u00far\u00e1ja - \u0160koda We Love Cycling - Magyarorsz\u00e1g","isPartOf":{"@id":"https:\/\/www.welovecycling.com\/hu\/#website"},"primaryImageOfPage":{"@id":"https:\/\/www.welovecycling.com\/hu\/varosi-kerekparozas\/dzsentrifikacio-es-kerekpar-az-egyenetlen-varosok-kulturaja\/#primaryimage"},"image":{"@id":"https:\/\/www.welovecycling.com\/hu\/varosi-kerekparozas\/dzsentrifikacio-es-kerekpar-az-egyenetlen-varosok-kulturaja\/#primaryimage"},"thumbnailUrl":"https:\/\/d2p6e6u75xmxt8.cloudfront.net\/12\/2020\/04\/Brooklyn-Cycling-CVR-profimedia-0380031356.jpg","datePublished":"2020-04-18T07:00:56+00:00","author":{"@id":"https:\/\/www.welovecycling.com\/hu\/#\/schema\/person\/414a2aebf1801691a5320edb6468e194"},"breadcrumb":{"@id":"https:\/\/www.welovecycling.com\/hu\/varosi-kerekparozas\/dzsentrifikacio-es-kerekpar-az-egyenetlen-varosok-kulturaja\/#breadcrumb"},"inLanguage":"hu","potentialAction":[{"@type":"ReadAction","target":["https:\/\/www.welovecycling.com\/hu\/varosi-kerekparozas\/dzsentrifikacio-es-kerekpar-az-egyenetlen-varosok-kulturaja\/"]}]},{"@type":"ImageObject","inLanguage":"hu","@id":"https:\/\/www.welovecycling.com\/hu\/varosi-kerekparozas\/dzsentrifikacio-es-kerekpar-az-egyenetlen-varosok-kulturaja\/#primaryimage","url":"https:\/\/d2p6e6u75xmxt8.cloudfront.net\/12\/2020\/04\/Brooklyn-Cycling-CVR-profimedia-0380031356.jpg","contentUrl":"https:\/\/d2p6e6u75xmxt8.cloudfront.net\/12\/2020\/04\/Brooklyn-Cycling-CVR-profimedia-0380031356.jpg","width":1366,"height":600},{"@type":"BreadcrumbList","@id":"https:\/\/www.welovecycling.com\/hu\/varosi-kerekparozas\/dzsentrifikacio-es-kerekpar-az-egyenetlen-varosok-kulturaja\/#breadcrumb","itemListElement":[{"@type":"ListItem","position":1,"name":"Home","item":"https:\/\/www.welovecycling.com\/hu\/"},{"@type":"ListItem","position":2,"name":"Dzsentrifik\u00e1ci\u00f3 \u00e9s ker\u00e9kp\u00e1r: az egyenetlen v\u00e1rosok kult\u00far\u00e1ja"}]},{"@type":"WebSite","@id":"https:\/\/www.welovecycling.com\/hu\/#website","url":"https:\/\/www.welovecycling.com\/hu\/","name":"\u0160koda We Love Cycling - Magyarorsz\u00e1g","description":"\u0160koda WeLoveCycling","potentialAction":[{"@type":"SearchAction","target":{"@type":"EntryPoint","urlTemplate":"https:\/\/www.welovecycling.com\/hu\/?s={search_term_string}"},"query-input":{"@type":"PropertyValueSpecification","valueRequired":true,"valueName":"search_term_string"}}],"inLanguage":"hu"},{"@type":"Person","@id":"https:\/\/www.welovecycling.com\/hu\/#\/schema\/person\/414a2aebf1801691a5320edb6468e194","name":"hegyizs","image":{"@type":"ImageObject","inLanguage":"hu","@id":"https:\/\/www.welovecycling.com\/hu\/#\/schema\/person\/image\/","url":"https:\/\/secure.gravatar.com\/avatar\/02cf8a7906b8cf90cecb4679defac7cfd33a1c2e3b88e4903d947f3bb58eedd3?s=96&d=mm&r=g","contentUrl":"https:\/\/secure.gravatar.com\/avatar\/02cf8a7906b8cf90cecb4679defac7cfd33a1c2e3b88e4903d947f3bb58eedd3?s=96&d=mm&r=g","caption":"hegyizs"},"url":"https:\/\/www.welovecycling.com\/hu\/author\/hegyizs\/"}]}},"_links":{"self":[{"href":"https:\/\/www.welovecycling.com\/hu\/wp-json\/wp\/v2\/posts\/7407","targetHints":{"allow":["GET"]}}],"collection":[{"href":"https:\/\/www.welovecycling.com\/hu\/wp-json\/wp\/v2\/posts"}],"about":[{"href":"https:\/\/www.welovecycling.com\/hu\/wp-json\/wp\/v2\/types\/post"}],"author":[{"embeddable":true,"href":"https:\/\/www.welovecycling.com\/hu\/wp-json\/wp\/v2\/users\/71"}],"replies":[{"embeddable":true,"href":"https:\/\/www.welovecycling.com\/hu\/wp-json\/wp\/v2\/comments?post=7407"}],"version-history":[{"count":2,"href":"https:\/\/www.welovecycling.com\/hu\/wp-json\/wp\/v2\/posts\/7407\/revisions"}],"predecessor-version":[{"id":7415,"href":"https:\/\/www.welovecycling.com\/hu\/wp-json\/wp\/v2\/posts\/7407\/revisions\/7415"}],"wp:featuredmedia":[{"embeddable":true,"href":"https:\/\/www.welovecycling.com\/hu\/wp-json\/wp\/v2\/media\/7411"}],"wp:attachment":[{"href":"https:\/\/www.welovecycling.com\/hu\/wp-json\/wp\/v2\/media?parent=7407"}],"wp:term":[{"taxonomy":"category","embeddable":true,"href":"https:\/\/www.welovecycling.com\/hu\/wp-json\/wp\/v2\/categories?post=7407"},{"taxonomy":"post_tag","embeddable":true,"href":"https:\/\/www.welovecycling.com\/hu\/wp-json\/wp\/v2\/tags?post=7407"},{"taxonomy":"global-categories","embeddable":true,"href":"https:\/\/www.welovecycling.com\/hu\/wp-json\/wp\/v2\/global-categories?post=7407"}],"curies":[{"name":"wp","href":"https:\/\/api.w.org\/{rel}","templated":true}]}}